{"id":4582,"date":"2017-04-25T19:44:05","date_gmt":"2017-04-25T19:44:05","guid":{"rendered":"http:\/\/www.vivaeurovision.com\/?p=4582"},"modified":"2017-04-25T19:45:24","modified_gmt":"2017-04-25T19:45:24","slug":"ailo-pedro-eurovision","status":"publish","type":"post","link":"https:\/\/www.vivaeurovision.com\/index.php\/2017\/04\/25\/ailo-pedro-eurovision\/","title":{"rendered":"Eurovisi\u00f3n 2017: An\u00e1lisis de los 21 de la ESPreParty, con Ailo Sawyer"},"content":{"rendered":"<p>Eurovisi\u00f3n 2017<\/p>\n<p>An\u00e1lisis de los 21 artistas que participaron en la <strong>ESPreParty de Espa\u00f1a<\/strong>, esta vez <strong>vivaeurovision<\/strong> ha tenido el gran honor de compartir opini\u00f3n con <strong>Ailo Sawyer, uno de los Youtubers m\u00e1s influyentes de este pa\u00eds.<\/strong><\/p>\n<p><img loading=\"lazy\" decoding=\"async\" class=\"alignnone size-medium wp-image-4588\" src=\"http:\/\/www.vivaeurovision.com\/wp-content\/uploads\/2017\/04\/IEd9NS2Z-300x300.jpg\" alt=\"eurovision\" width=\"300\" height=\"300\" srcset=\"https:\/\/www.vivaeurovision.com\/wp-content\/uploads\/2017\/04\/IEd9NS2Z-300x300.jpg 300w, https:\/\/www.vivaeurovision.com\/wp-content\/uploads\/2017\/04\/IEd9NS2Z-150x150.jpg 150w, https:\/\/www.vivaeurovision.com\/wp-content\/uploads\/2017\/04\/IEd9NS2Z-160x160.jpg 160w, https:\/\/www.vivaeurovision.com\/wp-content\/uploads\/2017\/04\/IEd9NS2Z-320x320.jpg 320w, https:\/\/www.vivaeurovision.com\/wp-content\/uploads\/2017\/04\/IEd9NS2Z.jpg 400w\" sizes=\"auto, (max-width: 300px) 100vw, 300px\" \/><\/p>\n<p><strong>Ailo Sawyer<\/strong>, cuenta con un gran n\u00famero de seguidores, un gran \u00e9xito en\u00a0su canal\u00a0que en poco m\u00e1s de un a\u00f1o, se ha consolidado como uno de los influyentes, m\u00e1s seguidos y admirados, ese toque canalla y picaresco hacen que Ailo tenga un estilo que le hace \u00fanico, esta vez ha sido su primer v\u00eddeo acompa\u00f1ado, junto a <strong>Pedro Palomo, fundador de vivaeurovision.<\/strong><\/p>\n<p>Durante el v\u00eddeo, podr\u00e9is ver\u00a0la opini\u00f3n\u00a0de los 21 de la ESPreParty,\u00a0sin pelos en la lengua\u00a0 Ailo Sawyer y Pedro Palomo, hacen un repaso de todos y cada uno de los artistas que actuaron en el escenario de la m\u00edtica Sala La Riviera de Madrid.<\/p>\n<h3><strong>No dud\u00e9is en ver el v\u00eddeo y pasar un buen rato<\/strong><br \/>\n<iframe loading=\"lazy\" src=\"https:\/\/www.youtube.com\/embed\/zoDt5Hm8QRg\" width=\"560\" height=\"315\" frameborder=\"0\" allowfullscreen=\"allowfullscreen\"><\/iframe><br \/>\n<strong>Recordar que pod\u00e9is seguir a Ailo Sawyer en las siguientes redes sociales<\/strong><\/h3>\n<p><strong><a href=\"https:\/\/www.youtube.com\/channel\/UCiTak1Y1mihplQONe6hu5xg\" target=\"_blank\" rel=\"noopener noreferrer\">Canal YouTube Ailo Sawyer<\/a><\/strong><\/p>\n<p><strong><a href=\"https:\/\/www.facebook.com\/biog3n\/\" target=\"_blank\" rel=\"noopener noreferrer\">Facebook Biog3n<\/a><\/strong><\/p>\n<p><strong><a href=\"https:\/\/twitter.com\/AiloSawyer?lang=es\" target=\"_blank\" rel=\"noopener noreferrer\">Twitter @AiloSawyer<\/a><\/strong><\/p>\n<p><strong><a href=\"https:\/\/www.instagram.com\/biog3n\/\" target=\"_blank\" rel=\"noopener noreferrer\">Instagram @Biog3n<\/a><\/strong><\/p>\n<p>Os invitamos a que coment\u00e9is el v\u00eddeo y sig\u00e1is a Ailo Swayer, la primera colaboraci\u00f3n y m\u00e1s que vendr\u00e1n con el.<\/p>\n<p><img loading=\"lazy\" decoding=\"async\" class=\"alignnone size-medium wp-image-4590\" src=\"http:\/\/www.vivaeurovision.com\/wp-content\/uploads\/2017\/04\/IMG_6427-300x247.jpg\" alt=\"eurovision \" width=\"300\" height=\"247\" srcset=\"https:\/\/www.vivaeurovision.com\/wp-content\/uploads\/2017\/04\/IMG_6427-300x247.jpg 300w, https:\/\/www.vivaeurovision.com\/wp-content\/uploads\/2017\/04\/IMG_6427-700x576.jpg 700w\" sizes=\"auto, (max-width: 300px) 100vw, 300px\" \/><\/p>\n<p>&nbsp;<\/p>\n<p><img loading=\"lazy\" decoding=\"async\" class=\"alignnone size-medium wp-image-311\" src=\"http:\/\/www.vivaeurovision.com\/wp-content\/uploads\/2016\/01\/image-21-300x165.jpeg\" alt=\"VIVAEUROVISION.COM\" width=\"300\" height=\"165\" srcset=\"https:\/\/www.vivaeurovision.com\/wp-content\/uploads\/2016\/01\/image-21-300x165.jpeg 300w, https:\/\/www.vivaeurovision.com\/wp-content\/uploads\/2016\/01\/image-21-555x305.jpeg 555w, https:\/\/www.vivaeurovision.com\/wp-content\/uploads\/2016\/01\/image-21.jpeg 669w\" sizes=\"auto, (max-width: 300px) 100vw, 300px\" \/><\/p>\n<p>Twitter\u00a0<strong> <a href=\"https:\/\/twitter.com\/viva_eurovision\" target=\"_blank\" rel=\"noopener noreferrer\"><span style=\"color: #0066cc;\">@viva_eurovision<\/span><\/a>\u00a0 <a href=\"https:\/\/www.facebook.com\/Vivaeurovisioncom-867806686671081\/?fref=nf\" target=\"_blank\" rel=\"noopener noreferrer\"><span style=\"color: #0066cc;\">FACEBOOK OFICIAL VIVA EUROVISION <\/span><\/a><\/strong>Instragram <strong>\u00a0<\/strong><a href=\"https:\/\/www.instagram.com\/vivaeurovision\/\" target=\"_blank\" rel=\"noopener noreferrer\"><strong>@vivaeurovision<\/strong><\/a><\/p>\n<p>Redactor: Pedro Palomo <a href=\"https:\/\/twitter.com\/pedropalomobcn?lang=es\"><strong><span style=\"color: #0066cc;\">@pedropalomobcn<\/span><\/strong><\/a><strong>\u00a0<\/strong>Instagram <a href=\"https:\/\/www.instagram.com\/pedrobcn\/\" target=\"_blank\" rel=\"noopener noreferrer\"><strong>@pedrobcn<\/strong><\/a><\/p>\n","protected":false},"excerpt":{"rendered":"<p>Eurovisi\u00f3n 2017 An\u00e1lisis de los 21 artistas que participaron en la ESPreParty de Espa\u00f1a, esta vez vivaeurovision ha tenido el gran honor de compartir opini\u00f3n con Ailo Sawyer, uno de&#46;&#46;&#46;<\/p>\n","protected":false},"author":1,"featured_media":4586,"comment_status":"open","ping_status":"closed","sticky":false,"template":"","format":"standard","meta":{"_exactmetrics_skip_tracking":false,"_exactmetrics_sitenote_active":false,"_exactmetrics_sitenote_note":"","_exactmetrics_sitenote_category":0,"footnotes":""},"categories":[87,5,6,1195,876,4,1188,2,875,3,25],"tags":[1453,2001,2003,2002,2004,1542,17,865,870,1913,1914,1915,1941,11,670,1543,1576,1017,866,706,869,1096,34,485,19,20,766,707,23,22,1923],"class_list":["post-4582","post","type-post","status-publish","format-standard","has-post-thumbnail","hentry","category-columnas","category-entrevistas","category-espana-en-eurovision","category-eurovision-2","category-eurovision-2017","category-eurovision","category-noticia-2","category-noticia","category-rincon-vivalamusica","category-ultima-hora","category-webs-amigas","tag-ailo-sawyer","tag-ailo-sawyer-eurovision","tag-ailo-sawyer-y-pedro-palomo","tag-ailo-sawyer-youtube","tag-ailow-sawyer-vivaeurovision","tag-celebrate-diversity","tag-esc","tag-esc-2017","tag-espana-eurovision-2017","tag-espreparty","tag-espreparty-2017","tag-espreparty-eurovision-spain","tag-espreparty-madrid","tag-eurovision","tag-eurovision-2017","tag-eurovision-celebrate-diversity","tag-eurovision-celebrate-diversity-kiev-2017","tag-eurovision-kiev-2017","tag-eurovision-song-contest-2017","tag-eurovision-song-contest-festival","tag-eurovision-spain-2017","tag-festival-de-eurovision","tag-noticia","tag-opinion","tag-pedro-palomo","tag-pedro-palomo-eurovision","tag-pedro-palomo-vivaeurovision","tag-video","tag-viva-eurovision","tag-vivaeurovision","tag-youtube"],"yoast_head":"<!-- This site is optimized with the Yoast SEO plugin v27.5 - https:\/\/yoast.com\/product\/yoast-seo-wordpress\/ -->\n<title>Eurovisi\u00f3n 2017: An\u00e1lisis de los 21 de la ESPreParty, con Ailo Sawyer - VIVAEUROVISION viva eurovision<\/title>\n<meta name=\"description\" content=\"eurovision, pedro palomo, ailo swayer, ailo Sawyer YouTube, YouTube, eurovision 2017, pedro palomo eurovision, vivaeurovision, festival de eurovision\" \/>\n<meta name=\"robots\" content=\"index, follow, max-snippet:-1, max-image-preview:large, max-video-preview:-1\" \/>\n<link rel=\"canonical\" href=\"https:\/\/www.vivaeurovision.com\/index.php\/2017\/04\/25\/ailo-pedro-eurovision\/\" \/>\n<meta property=\"og:locale\" content=\"es_ES\" \/>\n<meta property=\"og:type\" content=\"article\" \/>\n<meta property=\"og:title\" content=\"Eurovisi\u00f3n 2017: An\u00e1lisis de los 21 de la ESPreParty, con Ailo Sawyer - VIVAEUROVISION viva eurovision\" \/>\n<meta property=\"og:description\" content=\"eurovision, pedro palomo, ailo swayer, ailo Sawyer YouTube, YouTube, eurovision 2017, pedro palomo eurovision, vivaeurovision, festival de eurovision\" \/>\n<meta property=\"og:url\" content=\"https:\/\/www.vivaeurovision.com\/index.php\/2017\/04\/25\/ailo-pedro-eurovision\/\" \/>\n<meta property=\"og:site_name\" content=\"VIVAEUROVISION viva eurovision\" \/>\n<meta property=\"article:published_time\" content=\"2017-04-25T19:44:05+00:00\" \/>\n<meta property=\"article:modified_time\" content=\"2017-04-25T19:45:24+00:00\" \/>\n<meta property=\"og:image\" content=\"https:\/\/www.vivaeurovision.com\/wp-content\/uploads\/2017\/04\/IMG_6511.jpg\" \/>\n\t<meta property=\"og:image:width\" content=\"1280\" \/>\n\t<meta property=\"og:image:height\" content=\"720\" \/>\n\t<meta property=\"og:image:type\" content=\"image\/jpeg\" \/>\n<meta name=\"author\" content=\"Pedro Palomo\" \/>\n<meta name=\"twitter:card\" content=\"summary_large_image\" \/>\n<meta name=\"twitter:creator\" content=\"@pedropalomobcn\" \/>\n<meta name=\"twitter:label1\" content=\"Escrito por\" \/>\n\t<meta name=\"twitter:data1\" content=\"Pedro Palomo\" \/>\n\t<meta name=\"twitter:label2\" content=\"Tiempo de lectura\" \/>\n\t<meta name=\"twitter:data2\" content=\"1 minuto\" \/>\n<script type=\"application\/ld+json\" class=\"yoast-schema-graph\">{\"@context\":\"https:\\\/\\\/schema.org\",\"@graph\":[{\"@type\":\"Article\",\"@id\":\"https:\\\/\\\/www.vivaeurovision.com\\\/index.php\\\/2017\\\/04\\\/25\\\/ailo-pedro-eurovision\\\/#article\",\"isPartOf\":{\"@id\":\"https:\\\/\\\/www.vivaeurovision.com\\\/index.php\\\/2017\\\/04\\\/25\\\/ailo-pedro-eurovision\\\/\"},\"author\":{\"name\":\"Pedro Palomo\",\"@id\":\"https:\\\/\\\/www.vivaeurovision.com\\\/#\\\/schema\\\/person\\\/1d31fdaa3f5f7df556f73d164bd3c47a\"},\"headline\":\"Eurovisi\u00f3n 2017: An\u00e1lisis de los 21 de la ESPreParty, con Ailo Sawyer\",\"datePublished\":\"2017-04-25T19:44:05+00:00\",\"dateModified\":\"2017-04-25T19:45:24+00:00\",\"mainEntityOfPage\":{\"@id\":\"https:\\\/\\\/www.vivaeurovision.com\\\/index.php\\\/2017\\\/04\\\/25\\\/ailo-pedro-eurovision\\\/\"},\"wordCount\":254,\"commentCount\":0,\"publisher\":{\"@id\":\"https:\\\/\\\/www.vivaeurovision.com\\\/#organization\"},\"image\":{\"@id\":\"https:\\\/\\\/www.vivaeurovision.com\\\/index.php\\\/2017\\\/04\\\/25\\\/ailo-pedro-eurovision\\\/#primaryimage\"},\"thumbnailUrl\":\"https:\\\/\\\/www.vivaeurovision.com\\\/wp-content\\\/uploads\\\/2017\\\/04\\\/IMG_6511.jpg\",\"keywords\":[\"ailo sawyer\",\"ailo sawyer eurovision\",\"ailo sawyer y pedro palomo\",\"ailo sawyer youtube\",\"ailow sawyer vivaeurovision\",\"celebrate diversity\",\"ESC\",\"esc 2017\",\"espa\u00f1a eurovision 2017\",\"ESPreParty\",\"ESPreParty 2017\",\"ESPreParty eurovision spain\",\"espreparty madrid\",\"Eurovision\",\"Eurovision 2017\",\"eurovision celebrate diversity\",\"eurovision celebrate diversity kiev 2017\",\"eurovision kiev 2017\",\"eurovision song contest 2017\",\"eurovision song contest festival\",\"eurovision spain 2017\",\"Festival de Eurovisi\u00f3n\",\"Noticia\",\"opini\u00f3n\",\"Pedro Palomo\",\"Pedro Palomo Eurovision\",\"Pedro Palomo Vivaeurovision\",\"video\",\"viva eurovision\",\"vivaeurovision\",\"YouTube\"],\"articleSection\":[\"Columnas\",\"Entrevistas\",\"Espa\u00f1a en Eurovisi\u00f3n\",\"eurovision\",\"Eurovisi\u00f3n 2017\",\"Inicio\",\"Noticia\",\"Noticias\",\"Rinc\u00f3n VIVALAMUSICA\",\"Ultima Hora\",\"Webs Amigas\"],\"inLanguage\":\"es\",\"potentialAction\":[{\"@type\":\"CommentAction\",\"name\":\"Comment\",\"target\":[\"https:\\\/\\\/www.vivaeurovision.com\\\/index.php\\\/2017\\\/04\\\/25\\\/ailo-pedro-eurovision\\\/#respond\"]}]},{\"@type\":\"WebPage\",\"@id\":\"https:\\\/\\\/www.vivaeurovision.com\\\/index.php\\\/2017\\\/04\\\/25\\\/ailo-pedro-eurovision\\\/\",\"url\":\"https:\\\/\\\/www.vivaeurovision.com\\\/index.php\\\/2017\\\/04\\\/25\\\/ailo-pedro-eurovision\\\/\",\"name\":\"Eurovisi\u00f3n 2017: An\u00e1lisis de los 21 de la ESPreParty, con Ailo Sawyer - VIVAEUROVISION viva eurovision\",\"isPartOf\":{\"@id\":\"https:\\\/\\\/www.vivaeurovision.com\\\/#website\"},\"primaryImageOfPage\":{\"@id\":\"https:\\\/\\\/www.vivaeurovision.com\\\/index.php\\\/2017\\\/04\\\/25\\\/ailo-pedro-eurovision\\\/#primaryimage\"},\"image\":{\"@id\":\"https:\\\/\\\/www.vivaeurovision.com\\\/index.php\\\/2017\\\/04\\\/25\\\/ailo-pedro-eurovision\\\/#primaryimage\"},\"thumbnailUrl\":\"https:\\\/\\\/www.vivaeurovision.com\\\/wp-content\\\/uploads\\\/2017\\\/04\\\/IMG_6511.jpg\",\"datePublished\":\"2017-04-25T19:44:05+00:00\",\"dateModified\":\"2017-04-25T19:45:24+00:00\",\"description\":\"eurovision, pedro palomo, ailo swayer, ailo Sawyer YouTube, YouTube, eurovision 2017, pedro palomo eurovision, vivaeurovision, festival de eurovision\",\"breadcrumb\":{\"@id\":\"https:\\\/\\\/www.vivaeurovision.com\\\/index.php\\\/2017\\\/04\\\/25\\\/ailo-pedro-eurovision\\\/#breadcrumb\"},\"inLanguage\":\"es\",\"potentialAction\":[{\"@type\":\"ReadAction\",\"target\":[\"https:\\\/\\\/www.vivaeurovision.com\\\/index.php\\\/2017\\\/04\\\/25\\\/ailo-pedro-eurovision\\\/\"]}]},{\"@type\":\"ImageObject\",\"inLanguage\":\"es\",\"@id\":\"https:\\\/\\\/www.vivaeurovision.com\\\/index.php\\\/2017\\\/04\\\/25\\\/ailo-pedro-eurovision\\\/#primaryimage\",\"url\":\"https:\\\/\\\/www.vivaeurovision.com\\\/wp-content\\\/uploads\\\/2017\\\/04\\\/IMG_6511.jpg\",\"contentUrl\":\"https:\\\/\\\/www.vivaeurovision.com\\\/wp-content\\\/uploads\\\/2017\\\/04\\\/IMG_6511.jpg\",\"width\":1280,\"height\":720},{\"@type\":\"BreadcrumbList\",\"@id\":\"https:\\\/\\\/www.vivaeurovision.com\\\/index.php\\\/2017\\\/04\\\/25\\\/ailo-pedro-eurovision\\\/#breadcrumb\",\"itemListElement\":[{\"@type\":\"ListItem\",\"position\":1,\"name\":\"Portada\",\"item\":\"https:\\\/\\\/www.vivaeurovision.com\\\/\"},{\"@type\":\"ListItem\",\"position\":2,\"name\":\"Eurovisi\u00f3n 2017: An\u00e1lisis de los 21 de la ESPreParty, con Ailo Sawyer\"}]},{\"@type\":\"WebSite\",\"@id\":\"https:\\\/\\\/www.vivaeurovision.com\\\/#website\",\"url\":\"https:\\\/\\\/www.vivaeurovision.com\\\/\",\"name\":\"VIVAEUROVISION viva eurovision\",\"description\":\"Tu portal sobre el Festival de Eurovision, eurovision, eurovisi\u00f3n\",\"publisher\":{\"@id\":\"https:\\\/\\\/www.vivaeurovision.com\\\/#organization\"},\"potentialAction\":[{\"@type\":\"SearchAction\",\"target\":{\"@type\":\"EntryPoint\",\"urlTemplate\":\"https:\\\/\\\/www.vivaeurovision.com\\\/?s={search_term_string}\"},\"query-input\":{\"@type\":\"PropertyValueSpecification\",\"valueRequired\":true,\"valueName\":\"search_term_string\"}}],\"inLanguage\":\"es\"},{\"@type\":\"Organization\",\"@id\":\"https:\\\/\\\/www.vivaeurovision.com\\\/#organization\",\"name\":\"vivaeurovision\",\"url\":\"https:\\\/\\\/www.vivaeurovision.com\\\/\",\"logo\":{\"@type\":\"ImageObject\",\"inLanguage\":\"es\",\"@id\":\"https:\\\/\\\/www.vivaeurovision.com\\\/#\\\/schema\\\/logo\\\/image\\\/\",\"url\":\"https:\\\/\\\/www.vivaeurovision.com\\\/wp-content\\\/uploads\\\/2016\\\/01\\\/cropped-image-21-1.jpeg\",\"contentUrl\":\"https:\\\/\\\/www.vivaeurovision.com\\\/wp-content\\\/uploads\\\/2016\\\/01\\\/cropped-image-21-1.jpeg\",\"width\":669,\"height\":368,\"caption\":\"vivaeurovision\"},\"image\":{\"@id\":\"https:\\\/\\\/www.vivaeurovision.com\\\/#\\\/schema\\\/logo\\\/image\\\/\"}},{\"@type\":\"Person\",\"@id\":\"https:\\\/\\\/www.vivaeurovision.com\\\/#\\\/schema\\\/person\\\/1d31fdaa3f5f7df556f73d164bd3c47a\",\"name\":\"Pedro Palomo\",\"image\":{\"@type\":\"ImageObject\",\"inLanguage\":\"es\",\"@id\":\"https:\\\/\\\/secure.gravatar.com\\\/avatar\\\/4cf9a4877f5f71f44fb7cedbe1bac1bd28bd8ce7a217517d98d5b2117f9f5505?s=96&d=mm&r=g\",\"url\":\"https:\\\/\\\/secure.gravatar.com\\\/avatar\\\/4cf9a4877f5f71f44fb7cedbe1bac1bd28bd8ce7a217517d98d5b2117f9f5505?s=96&d=mm&r=g\",\"contentUrl\":\"https:\\\/\\\/secure.gravatar.com\\\/avatar\\\/4cf9a4877f5f71f44fb7cedbe1bac1bd28bd8ce7a217517d98d5b2117f9f5505?s=96&d=mm&r=g\",\"caption\":\"Pedro Palomo\"},\"sameAs\":[\"http:\\\/\\\/www.vivaeurovision.com\",\"@pedrobcn\",\"https:\\\/\\\/x.com\\\/@pedropalomobcn\"]}]}<\/script>\n<!-- \/ Yoast SEO plugin. -->","yoast_head_json":{"title":"Eurovisi\u00f3n 2017: An\u00e1lisis de los 21 de la ESPreParty, con Ailo Sawyer - VIVAEUROVISION viva eurovision","description":"eurovision, pedro palomo, ailo swayer, ailo Sawyer YouTube, YouTube, eurovision 2017, pedro palomo eurovision, vivaeurovision, festival de eurovision","robots":{"index":"index","follow":"follow","max-snippet":"max-snippet:-1","max-image-preview":"max-image-preview:large","max-video-preview":"max-video-preview:-1"},"canonical":"https:\/\/www.vivaeurovision.com\/index.php\/2017\/04\/25\/ailo-pedro-eurovision\/","og_locale":"es_ES","og_type":"article","og_title":"Eurovisi\u00f3n 2017: An\u00e1lisis de los 21 de la ESPreParty, con Ailo Sawyer - VIVAEUROVISION viva eurovision","og_description":"eurovision, pedro palomo, ailo swayer, ailo Sawyer YouTube, YouTube, eurovision 2017, pedro palomo eurovision, vivaeurovision, festival de eurovision","og_url":"https:\/\/www.vivaeurovision.com\/index.php\/2017\/04\/25\/ailo-pedro-eurovision\/","og_site_name":"VIVAEUROVISION viva eurovision","article_published_time":"2017-04-25T19:44:05+00:00","article_modified_time":"2017-04-25T19:45:24+00:00","og_image":[{"width":1280,"height":720,"url":"https:\/\/www.vivaeurovision.com\/wp-content\/uploads\/2017\/04\/IMG_6511.jpg","type":"image\/jpeg"}],"author":"Pedro Palomo","twitter_card":"summary_large_image","twitter_creator":"@pedropalomobcn","twitter_misc":{"Escrito por":"Pedro Palomo","Tiempo de lectura":"1 minuto"},"schema":{"@context":"https:\/\/schema.org","@graph":[{"@type":"Article","@id":"https:\/\/www.vivaeurovision.com\/index.php\/2017\/04\/25\/ailo-pedro-eurovision\/#article","isPartOf":{"@id":"https:\/\/www.vivaeurovision.com\/index.php\/2017\/04\/25\/ailo-pedro-eurovision\/"},"author":{"name":"Pedro Palomo","@id":"https:\/\/www.vivaeurovision.com\/#\/schema\/person\/1d31fdaa3f5f7df556f73d164bd3c47a"},"headline":"Eurovisi\u00f3n 2017: An\u00e1lisis de los 21 de la ESPreParty, con Ailo Sawyer","datePublished":"2017-04-25T19:44:05+00:00","dateModified":"2017-04-25T19:45:24+00:00","mainEntityOfPage":{"@id":"https:\/\/www.vivaeurovision.com\/index.php\/2017\/04\/25\/ailo-pedro-eurovision\/"},"wordCount":254,"commentCount":0,"publisher":{"@id":"https:\/\/www.vivaeurovision.com\/#organization"},"image":{"@id":"https:\/\/www.vivaeurovision.com\/index.php\/2017\/04\/25\/ailo-pedro-eurovision\/#primaryimage"},"thumbnailUrl":"https:\/\/www.vivaeurovision.com\/wp-content\/uploads\/2017\/04\/IMG_6511.jpg","keywords":["ailo sawyer","ailo sawyer eurovision","ailo sawyer y pedro palomo","ailo sawyer youtube","ailow sawyer vivaeurovision","celebrate diversity","ESC","esc 2017","espa\u00f1a eurovision 2017","ESPreParty","ESPreParty 2017","ESPreParty eurovision spain","espreparty madrid","Eurovision","Eurovision 2017","eurovision celebrate diversity","eurovision celebrate diversity kiev 2017","eurovision kiev 2017","eurovision song contest 2017","eurovision song contest festival","eurovision spain 2017","Festival de Eurovisi\u00f3n","Noticia","opini\u00f3n","Pedro Palomo","Pedro Palomo Eurovision","Pedro Palomo Vivaeurovision","video","viva eurovision","vivaeurovision","YouTube"],"articleSection":["Columnas","Entrevistas","Espa\u00f1a en Eurovisi\u00f3n","eurovision","Eurovisi\u00f3n 2017","Inicio","Noticia","Noticias","Rinc\u00f3n VIVALAMUSICA","Ultima Hora","Webs Amigas"],"inLanguage":"es","potentialAction":[{"@type":"CommentAction","name":"Comment","target":["https:\/\/www.vivaeurovision.com\/index.php\/2017\/04\/25\/ailo-pedro-eurovision\/#respond"]}]},{"@type":"WebPage","@id":"https:\/\/www.vivaeurovision.com\/index.php\/2017\/04\/25\/ailo-pedro-eurovision\/","url":"https:\/\/www.vivaeurovision.com\/index.php\/2017\/04\/25\/ailo-pedro-eurovision\/","name":"Eurovisi\u00f3n 2017: An\u00e1lisis de los 21 de la ESPreParty, con Ailo Sawyer - VIVAEUROVISION viva eurovision","isPartOf":{"@id":"https:\/\/www.vivaeurovision.com\/#website"},"primaryImageOfPage":{"@id":"https:\/\/www.vivaeurovision.com\/index.php\/2017\/04\/25\/ailo-pedro-eurovision\/#primaryimage"},"image":{"@id":"https:\/\/www.vivaeurovision.com\/index.php\/2017\/04\/25\/ailo-pedro-eurovision\/#primaryimage"},"thumbnailUrl":"https:\/\/www.vivaeurovision.com\/wp-content\/uploads\/2017\/04\/IMG_6511.jpg","datePublished":"2017-04-25T19:44:05+00:00","dateModified":"2017-04-25T19:45:24+00:00","description":"eurovision, pedro palomo, ailo swayer, ailo Sawyer YouTube, YouTube, eurovision 2017, pedro palomo eurovision, vivaeurovision, festival de eurovision","breadcrumb":{"@id":"https:\/\/www.vivaeurovision.com\/index.php\/2017\/04\/25\/ailo-pedro-eurovision\/#breadcrumb"},"inLanguage":"es","potentialAction":[{"@type":"ReadAction","target":["https:\/\/www.vivaeurovision.com\/index.php\/2017\/04\/25\/ailo-pedro-eurovision\/"]}]},{"@type":"ImageObject","inLanguage":"es","@id":"https:\/\/www.vivaeurovision.com\/index.php\/2017\/04\/25\/ailo-pedro-eurovision\/#primaryimage","url":"https:\/\/www.vivaeurovision.com\/wp-content\/uploads\/2017\/04\/IMG_6511.jpg","contentUrl":"https:\/\/www.vivaeurovision.com\/wp-content\/uploads\/2017\/04\/IMG_6511.jpg","width":1280,"height":720},{"@type":"BreadcrumbList","@id":"https:\/\/www.vivaeurovision.com\/index.php\/2017\/04\/25\/ailo-pedro-eurovision\/#breadcrumb","itemListElement":[{"@type":"ListItem","position":1,"name":"Portada","item":"https:\/\/www.vivaeurovision.com\/"},{"@type":"ListItem","position":2,"name":"Eurovisi\u00f3n 2017: An\u00e1lisis de los 21 de la ESPreParty, con Ailo Sawyer"}]},{"@type":"WebSite","@id":"https:\/\/www.vivaeurovision.com\/#website","url":"https:\/\/www.vivaeurovision.com\/","name":"VIVAEUROVISION viva eurovision","description":"Tu portal sobre el Festival de Eurovision, eurovision, eurovisi\u00f3n","publisher":{"@id":"https:\/\/www.vivaeurovision.com\/#organization"},"potentialAction":[{"@type":"SearchAction","target":{"@type":"EntryPoint","urlTemplate":"https:\/\/www.vivaeurovision.com\/?s={search_term_string}"},"query-input":{"@type":"PropertyValueSpecification","valueRequired":true,"valueName":"search_term_string"}}],"inLanguage":"es"},{"@type":"Organization","@id":"https:\/\/www.vivaeurovision.com\/#organization","name":"vivaeurovision","url":"https:\/\/www.vivaeurovision.com\/","logo":{"@type":"ImageObject","inLanguage":"es","@id":"https:\/\/www.vivaeurovision.com\/#\/schema\/logo\/image\/","url":"https:\/\/www.vivaeurovision.com\/wp-content\/uploads\/2016\/01\/cropped-image-21-1.jpeg","contentUrl":"https:\/\/www.vivaeurovision.com\/wp-content\/uploads\/2016\/01\/cropped-image-21-1.jpeg","width":669,"height":368,"caption":"vivaeurovision"},"image":{"@id":"https:\/\/www.vivaeurovision.com\/#\/schema\/logo\/image\/"}},{"@type":"Person","@id":"https:\/\/www.vivaeurovision.com\/#\/schema\/person\/1d31fdaa3f5f7df556f73d164bd3c47a","name":"Pedro Palomo","image":{"@type":"ImageObject","inLanguage":"es","@id":"https:\/\/secure.gravatar.com\/avatar\/4cf9a4877f5f71f44fb7cedbe1bac1bd28bd8ce7a217517d98d5b2117f9f5505?s=96&d=mm&r=g","url":"https:\/\/secure.gravatar.com\/avatar\/4cf9a4877f5f71f44fb7cedbe1bac1bd28bd8ce7a217517d98d5b2117f9f5505?s=96&d=mm&r=g","contentUrl":"https:\/\/secure.gravatar.com\/avatar\/4cf9a4877f5f71f44fb7cedbe1bac1bd28bd8ce7a217517d98d5b2117f9f5505?s=96&d=mm&r=g","caption":"Pedro Palomo"},"sameAs":["http:\/\/www.vivaeurovision.com","@pedrobcn","https:\/\/x.com\/@pedropalomobcn"]}]}},"_links":{"self":[{"href":"https:\/\/www.vivaeurovision.com\/index.php\/wp-json\/wp\/v2\/posts\/4582","targetHints":{"allow":["GET"]}}],"collection":[{"href":"https:\/\/www.vivaeurovision.com\/index.php\/wp-json\/wp\/v2\/posts"}],"about":[{"href":"https:\/\/www.vivaeurovision.com\/index.php\/wp-json\/wp\/v2\/types\/post"}],"author":[{"embeddable":true,"href":"https:\/\/www.vivaeurovision.com\/index.php\/wp-json\/wp\/v2\/users\/1"}],"replies":[{"embeddable":true,"href":"https:\/\/www.vivaeurovision.com\/index.php\/wp-json\/wp\/v2\/comments?post=4582"}],"version-history":[{"count":6,"href":"https:\/\/www.vivaeurovision.com\/index.php\/wp-json\/wp\/v2\/posts\/4582\/revisions"}],"predecessor-version":[{"id":4593,"href":"https:\/\/www.vivaeurovision.com\/index.php\/wp-json\/wp\/v2\/posts\/4582\/revisions\/4593"}],"wp:featuredmedia":[{"embeddable":true,"href":"https:\/\/www.vivaeurovision.com\/index.php\/wp-json\/wp\/v2\/media\/4586"}],"wp:attachment":[{"href":"https:\/\/www.vivaeurovision.com\/index.php\/wp-json\/wp\/v2\/media?parent=4582"}],"wp:term":[{"taxonomy":"category","embeddable":true,"href":"https:\/\/www.vivaeurovision.com\/index.php\/wp-json\/wp\/v2\/categories?post=4582"},{"taxonomy":"post_tag","embeddable":true,"href":"https:\/\/www.vivaeurovision.com\/index.php\/wp-json\/wp\/v2\/tags?post=4582"}],"curies":[{"name":"wp","href":"https:\/\/api.w.org\/{rel}","templated":true}]}}