{"id":4595,"date":"2017-04-26T18:34:48","date_gmt":"2017-04-26T18:34:48","guid":{"rendered":"http:\/\/www.vivaeurovision.com\/?p=4595"},"modified":"2017-04-26T18:34:48","modified_gmt":"2017-04-26T18:34:48","slug":"4595-ot-eurovision","status":"publish","type":"post","link":"https:\/\/www.vivaeurovision.com\/index.php\/2017\/04\/26\/4595-ot-eurovision\/","title":{"rendered":"Confirmado el regreso de Operaci\u00f3n Triunfo a TVE"},"content":{"rendered":"<p><strong>\u00bf Estar\u00edamos ante la posibilidad de elegir de nuevo a nuestro representante de Espa\u00f1a en Eurovisi\u00f3n, como sucedi\u00f3 en las emisiones de OT en TVE ?<\/strong><\/p>\n<p>De momento refrescamos la memoria con algunos datos.<\/p>\n<p><strong>Operaci\u00f3n Triunfo fue el primer talent show musical, con m\u00e1s \u00e9xito de la historia de Espa\u00f1a, cosechando millonarias cuotas de audiencia<\/strong>, donde la primera edici\u00f3n <strong>en menos de un a\u00f1o logr\u00f3 vender mas de 4 millones de discos<\/strong>, as\u00ed como multitudinarios conciertos por toda Espa\u00f1a y 15 a\u00f1os despu\u00e9s el gran \u00e9xito que ha tenido <strong>OT El Reencuentro<\/strong>, donde los 16 concursantes de la primera edici\u00f3n, hac\u00edan un balance de su carrera y su vida, tras el paso por el exitoso programa, adem\u00e1s de un concierto en el <strong>Palau Sant Jordi de Barcelona<\/strong>, donde llenaron 15 a\u00f1os despu\u00e9s el pabell\u00f3n.<\/p>\n<p>Durante las tres primeras ediciones de Operaci\u00f3n Triunfo emitidas en TVE, salieron los representantes de Espa\u00f1a en Eurovisi\u00f3n, <strong>Rosa en 2002 con Europe\u00b4s Living a Celebration, Beth en 2003 con Dime y Ram\u00f3n en 2004 con la canci\u00f3n Para llenarme de ti. <\/strong><\/p>\n<p><strong>Clave del \u00e9xito de Espa\u00f1a en el Festival de Eurovisi\u00f3n<\/strong> <strong>donde se consiguieron grandes puestos en la gran final, Rosa un s\u00e9ptimo puesto en el a\u00f1o 2002, Beth un octavo puesto en el a\u00f1o 2003 y Ram\u00f3n un decimo puesto en el a\u00f1o 2004.<\/strong><\/p>\n<p>Los a\u00f1os gloriosos de Espa\u00f1a en el Festival de Eurovisi\u00f3n, donde se consiguiendo las mayores cuotas de audiencia y algo que a d\u00eda de hoy no se ha superado, <strong>12.755.000 millones de espectadores y un 80,4% de share, estuvieron frente al televisor viendo a la quer\u00eda Rosa L\u00f3pez, conocida como Rosa de Espa\u00f1a tambi\u00e9n,<\/strong><\/p>\n<p>Un talent show de donde han salido grandes artistas del panorama musical espa\u00f1ol, como Rosa L\u00f3pez, David Bisbal, David Bustamente, Chenoa, Manuel Carrasco, Soraya Arnelas \u00abEurovisi\u00f3n 2009\u00bb, Edurne, \u00abEurovisi\u00f3n 2015\u00bb, Lorena G\u00f3mez \u00abFinalista de\u00a0Tu cara me suena\u00bb,\u00a0Pablo L\u00f3pez, Vega, Gisela \u00abEurovisi\u00f3n Andorra 2008\u00bb, Ver\u00f3nica Romero, Javian \u00abFinalista Eurocasting 2017\u00bb, Chipper \u00abFinalista Eurovisi\u00f3n Suiza 2016\u00bb y un largo etc\u00e9tera de cantantes que a d\u00eda de hoy siguen trabajando de la m\u00fasica, gracias a su paso por operaci\u00f3n triunfo, algunos de ellos han estado muy cerca de representar a Espa\u00f1a en Eurovisi\u00f3n e incluso han mostrado abiertamente su intenci\u00f3n de acudir al certamen representando a nuestro pa\u00eds.<\/p>\n<p><iframe loading=\"lazy\" src=\"https:\/\/www.youtube.com\/embed\/JxDTEHEEq38\" width=\"560\" height=\"315\" frameborder=\"0\" allowfullscreen=\"allowfullscreen\"><\/iframe><\/p>\n<p><iframe loading=\"lazy\" src=\"https:\/\/www.youtube.com\/embed\/6T3XhQXHgSc\" width=\"560\" height=\"315\" frameborder=\"0\" allowfullscreen=\"allowfullscreen\"><\/iframe><\/p>\n<p><iframe loading=\"lazy\" src=\"https:\/\/www.youtube.com\/embed\/V2nGwnq9XAE\" width=\"560\" height=\"315\" frameborder=\"0\" allowfullscreen=\"allowfullscreen\"><\/iframe><br \/>\n<iframe loading=\"lazy\" src=\"https:\/\/www.youtube.com\/embed\/PBts0ZbESv4\" width=\"560\" height=\"315\" frameborder=\"0\" allowfullscreen=\"allowfullscreen\"><\/iframe><br \/>\n<img loading=\"lazy\" decoding=\"async\" class=\"alignnone size-medium wp-image-311\" src=\"http:\/\/www.vivaeurovision.com\/wp-content\/uploads\/2016\/01\/image-21-300x165.jpeg\" alt=\"VIVAEUROVISION.COM\" width=\"300\" height=\"165\" srcset=\"https:\/\/www.vivaeurovision.com\/wp-content\/uploads\/2016\/01\/image-21-300x165.jpeg 300w, https:\/\/www.vivaeurovision.com\/wp-content\/uploads\/2016\/01\/image-21-555x305.jpeg 555w, https:\/\/www.vivaeurovision.com\/wp-content\/uploads\/2016\/01\/image-21.jpeg 669w\" sizes=\"auto, (max-width: 300px) 100vw, 300px\" \/><\/p>\n<p>Twitter\u00a0<strong> <a href=\"https:\/\/twitter.com\/viva_eurovision\" target=\"_blank\" rel=\"noopener noreferrer\"><span style=\"color: #0066cc;\">@viva_eurovision<\/span><\/a>\u00a0 <a href=\"https:\/\/www.facebook.com\/Vivaeurovisioncom-867806686671081\/?fref=nf\" target=\"_blank\" rel=\"noopener noreferrer\"><span style=\"color: #0066cc;\">FACEBOOK OFICIAL VIVA EUROVISION <\/span><\/a><\/strong>Instragram <strong>\u00a0<\/strong><a href=\"https:\/\/www.instagram.com\/vivaeurovision\/\" target=\"_blank\" rel=\"noopener noreferrer\"><strong>@vivaeurovision<\/strong><\/a><\/p>\n<p>Redactor: Pedro Palomo <a href=\"https:\/\/twitter.com\/pedropalomobcn?lang=es\"><strong><span style=\"color: #0066cc;\">@pedropalomobcn<\/span><\/strong><\/a><strong>\u00a0<\/strong>Instagram <a href=\"https:\/\/www.instagram.com\/pedrobcn\/\" target=\"_blank\" rel=\"noopener noreferrer\"><strong>@pedrobcn<\/strong><\/a><\/p>\n","protected":false},"excerpt":{"rendered":"<p>\u00bf Estar\u00edamos ante la posibilidad de elegir de nuevo a nuestro representante de Espa\u00f1a en Eurovisi\u00f3n, como sucedi\u00f3 en las emisiones de OT en TVE ? De momento refrescamos la&#46;&#46;&#46;<\/p>\n","protected":false},"author":1,"featured_media":4202,"comment_status":"open","ping_status":"closed","sticky":false,"template":"","format":"standard","meta":{"_exactmetrics_skip_tracking":false,"_exactmetrics_sitenote_active":false,"_exactmetrics_sitenote_note":"","_exactmetrics_sitenote_category":0,"footnotes":""},"categories":[6,1195,4,1188,2],"tags":[2007,17,11,706,1096,34,862,864,2006,1850,2005,1848,19,766,2008,856,18,110,57,23,22],"class_list":["post-4595","post","type-post","status-publish","format-standard","has-post-thumbnail","hentry","category-espana-en-eurovision","category-eurovision-2","category-eurovision","category-noticia-2","category-noticia","tag-beth","tag-esc","tag-eurovision","tag-eurovision-song-contest-festival","tag-festival-de-eurovision","tag-noticia","tag-operacion-triunfo","tag-operacion-triunfo-eurovision","tag-operacion-triunfo-regreso","tag-operacion-triunfo-rtve","tag-operecion-triunfo-2017","tag-ot","tag-pedro-palomo","tag-pedro-palomo-vivaeurovision","tag-ramon","tag-rosa-lopez","tag-rtve","tag-rtve-eurovision","tag-tve","tag-viva-eurovision","tag-vivaeurovision"],"yoast_head":"<!-- This site is optimized with the Yoast SEO plugin v27.5 - https:\/\/yoast.com\/product\/yoast-seo-wordpress\/ -->\n<title>Confirmado el regreso de Operaci\u00f3n Triunfo a TVE - VIVAEUROVISION viva eurovision<\/title>\n<meta name=\"description\" content=\"eurovision, operaci\u00f3n triunfo, ot, operaci\u00f3n triunfo 2017, festival de eurovision, festival de eurovisi\u00f3n, eurovisi\u00f3n, vivaeurovision, rtve\" \/>\n<meta name=\"robots\" content=\"index, follow, max-snippet:-1, max-image-preview:large, max-video-preview:-1\" \/>\n<link rel=\"canonical\" href=\"https:\/\/www.vivaeurovision.com\/index.php\/2017\/04\/26\/4595-ot-eurovision\/\" \/>\n<meta property=\"og:locale\" content=\"es_ES\" \/>\n<meta property=\"og:type\" content=\"article\" \/>\n<meta property=\"og:title\" content=\"Confirmado el regreso de Operaci\u00f3n Triunfo a TVE - VIVAEUROVISION viva eurovision\" \/>\n<meta property=\"og:description\" content=\"eurovision, operaci\u00f3n triunfo, ot, operaci\u00f3n triunfo 2017, festival de eurovision, festival de eurovisi\u00f3n, eurovisi\u00f3n, vivaeurovision, rtve\" \/>\n<meta property=\"og:url\" content=\"https:\/\/www.vivaeurovision.com\/index.php\/2017\/04\/26\/4595-ot-eurovision\/\" \/>\n<meta property=\"og:site_name\" content=\"VIVAEUROVISION viva eurovision\" \/>\n<meta property=\"article:published_time\" content=\"2017-04-26T18:34:48+00:00\" \/>\n<meta property=\"og:image\" content=\"https:\/\/www.vivaeurovision.com\/wp-content\/uploads\/2017\/03\/rosa.jpg\" \/>\n\t<meta property=\"og:image:width\" content=\"1181\" \/>\n\t<meta property=\"og:image:height\" content=\"552\" \/>\n\t<meta property=\"og:image:type\" content=\"image\/jpeg\" \/>\n<meta name=\"author\" content=\"Pedro Palomo\" \/>\n<meta name=\"twitter:card\" content=\"summary_large_image\" \/>\n<meta name=\"twitter:creator\" content=\"@pedropalomobcn\" \/>\n<meta name=\"twitter:label1\" content=\"Escrito por\" \/>\n\t<meta name=\"twitter:data1\" content=\"Pedro Palomo\" \/>\n\t<meta name=\"twitter:label2\" content=\"Tiempo de lectura\" \/>\n\t<meta name=\"twitter:data2\" content=\"2 minutos\" \/>\n<script type=\"application\/ld+json\" class=\"yoast-schema-graph\">{\"@context\":\"https:\\\/\\\/schema.org\",\"@graph\":[{\"@type\":\"Article\",\"@id\":\"https:\\\/\\\/www.vivaeurovision.com\\\/index.php\\\/2017\\\/04\\\/26\\\/4595-ot-eurovision\\\/#article\",\"isPartOf\":{\"@id\":\"https:\\\/\\\/www.vivaeurovision.com\\\/index.php\\\/2017\\\/04\\\/26\\\/4595-ot-eurovision\\\/\"},\"author\":{\"name\":\"Pedro Palomo\",\"@id\":\"https:\\\/\\\/www.vivaeurovision.com\\\/#\\\/schema\\\/person\\\/1d31fdaa3f5f7df556f73d164bd3c47a\"},\"headline\":\"Confirmado el regreso de Operaci\u00f3n Triunfo a TVE\",\"datePublished\":\"2017-04-26T18:34:48+00:00\",\"mainEntityOfPage\":{\"@id\":\"https:\\\/\\\/www.vivaeurovision.com\\\/index.php\\\/2017\\\/04\\\/26\\\/4595-ot-eurovision\\\/\"},\"wordCount\":441,\"commentCount\":0,\"publisher\":{\"@id\":\"https:\\\/\\\/www.vivaeurovision.com\\\/#organization\"},\"image\":{\"@id\":\"https:\\\/\\\/www.vivaeurovision.com\\\/index.php\\\/2017\\\/04\\\/26\\\/4595-ot-eurovision\\\/#primaryimage\"},\"thumbnailUrl\":\"https:\\\/\\\/www.vivaeurovision.com\\\/wp-content\\\/uploads\\\/2017\\\/03\\\/rosa.jpg\",\"keywords\":[\"beth\",\"ESC\",\"Eurovision\",\"eurovision song contest festival\",\"Festival de Eurovisi\u00f3n\",\"Noticia\",\"Operacion triunfo\",\"operacion triunfo eurovision\",\"operacion triunfo regreso\",\"operacion triunfo rtve\",\"operecion triunfo 2017\",\"ot\",\"Pedro Palomo\",\"Pedro Palomo Vivaeurovision\",\"ramon\",\"Rosa L\u00f3pez\",\"RTVE\",\"Rtve EUROVISION\",\"tve\",\"viva eurovision\",\"vivaeurovision\"],\"articleSection\":[\"Espa\u00f1a en Eurovisi\u00f3n\",\"eurovision\",\"Inicio\",\"Noticia\",\"Noticias\"],\"inLanguage\":\"es\",\"potentialAction\":[{\"@type\":\"CommentAction\",\"name\":\"Comment\",\"target\":[\"https:\\\/\\\/www.vivaeurovision.com\\\/index.php\\\/2017\\\/04\\\/26\\\/4595-ot-eurovision\\\/#respond\"]}]},{\"@type\":\"WebPage\",\"@id\":\"https:\\\/\\\/www.vivaeurovision.com\\\/index.php\\\/2017\\\/04\\\/26\\\/4595-ot-eurovision\\\/\",\"url\":\"https:\\\/\\\/www.vivaeurovision.com\\\/index.php\\\/2017\\\/04\\\/26\\\/4595-ot-eurovision\\\/\",\"name\":\"Confirmado el regreso de Operaci\u00f3n Triunfo a TVE - VIVAEUROVISION viva eurovision\",\"isPartOf\":{\"@id\":\"https:\\\/\\\/www.vivaeurovision.com\\\/#website\"},\"primaryImageOfPage\":{\"@id\":\"https:\\\/\\\/www.vivaeurovision.com\\\/index.php\\\/2017\\\/04\\\/26\\\/4595-ot-eurovision\\\/#primaryimage\"},\"image\":{\"@id\":\"https:\\\/\\\/www.vivaeurovision.com\\\/index.php\\\/2017\\\/04\\\/26\\\/4595-ot-eurovision\\\/#primaryimage\"},\"thumbnailUrl\":\"https:\\\/\\\/www.vivaeurovision.com\\\/wp-content\\\/uploads\\\/2017\\\/03\\\/rosa.jpg\",\"datePublished\":\"2017-04-26T18:34:48+00:00\",\"description\":\"eurovision, operaci\u00f3n triunfo, ot, operaci\u00f3n triunfo 2017, festival de eurovision, festival de eurovisi\u00f3n, eurovisi\u00f3n, vivaeurovision, rtve\",\"breadcrumb\":{\"@id\":\"https:\\\/\\\/www.vivaeurovision.com\\\/index.php\\\/2017\\\/04\\\/26\\\/4595-ot-eurovision\\\/#breadcrumb\"},\"inLanguage\":\"es\",\"potentialAction\":[{\"@type\":\"ReadAction\",\"target\":[\"https:\\\/\\\/www.vivaeurovision.com\\\/index.php\\\/2017\\\/04\\\/26\\\/4595-ot-eurovision\\\/\"]}]},{\"@type\":\"ImageObject\",\"inLanguage\":\"es\",\"@id\":\"https:\\\/\\\/www.vivaeurovision.com\\\/index.php\\\/2017\\\/04\\\/26\\\/4595-ot-eurovision\\\/#primaryimage\",\"url\":\"https:\\\/\\\/www.vivaeurovision.com\\\/wp-content\\\/uploads\\\/2017\\\/03\\\/rosa.jpg\",\"contentUrl\":\"https:\\\/\\\/www.vivaeurovision.com\\\/wp-content\\\/uploads\\\/2017\\\/03\\\/rosa.jpg\",\"width\":1181,\"height\":552,\"caption\":\"eurovision\"},{\"@type\":\"BreadcrumbList\",\"@id\":\"https:\\\/\\\/www.vivaeurovision.com\\\/index.php\\\/2017\\\/04\\\/26\\\/4595-ot-eurovision\\\/#breadcrumb\",\"itemListElement\":[{\"@type\":\"ListItem\",\"position\":1,\"name\":\"Portada\",\"item\":\"https:\\\/\\\/www.vivaeurovision.com\\\/\"},{\"@type\":\"ListItem\",\"position\":2,\"name\":\"Confirmado el regreso de Operaci\u00f3n Triunfo a TVE\"}]},{\"@type\":\"WebSite\",\"@id\":\"https:\\\/\\\/www.vivaeurovision.com\\\/#website\",\"url\":\"https:\\\/\\\/www.vivaeurovision.com\\\/\",\"name\":\"VIVAEUROVISION viva eurovision\",\"description\":\"Tu portal sobre el Festival de Eurovision, eurovision, eurovisi\u00f3n\",\"publisher\":{\"@id\":\"https:\\\/\\\/www.vivaeurovision.com\\\/#organization\"},\"potentialAction\":[{\"@type\":\"SearchAction\",\"target\":{\"@type\":\"EntryPoint\",\"urlTemplate\":\"https:\\\/\\\/www.vivaeurovision.com\\\/?s={search_term_string}\"},\"query-input\":{\"@type\":\"PropertyValueSpecification\",\"valueRequired\":true,\"valueName\":\"search_term_string\"}}],\"inLanguage\":\"es\"},{\"@type\":\"Organization\",\"@id\":\"https:\\\/\\\/www.vivaeurovision.com\\\/#organization\",\"name\":\"vivaeurovision\",\"url\":\"https:\\\/\\\/www.vivaeurovision.com\\\/\",\"logo\":{\"@type\":\"ImageObject\",\"inLanguage\":\"es\",\"@id\":\"https:\\\/\\\/www.vivaeurovision.com\\\/#\\\/schema\\\/logo\\\/image\\\/\",\"url\":\"https:\\\/\\\/www.vivaeurovision.com\\\/wp-content\\\/uploads\\\/2016\\\/01\\\/cropped-image-21-1.jpeg\",\"contentUrl\":\"https:\\\/\\\/www.vivaeurovision.com\\\/wp-content\\\/uploads\\\/2016\\\/01\\\/cropped-image-21-1.jpeg\",\"width\":669,\"height\":368,\"caption\":\"vivaeurovision\"},\"image\":{\"@id\":\"https:\\\/\\\/www.vivaeurovision.com\\\/#\\\/schema\\\/logo\\\/image\\\/\"}},{\"@type\":\"Person\",\"@id\":\"https:\\\/\\\/www.vivaeurovision.com\\\/#\\\/schema\\\/person\\\/1d31fdaa3f5f7df556f73d164bd3c47a\",\"name\":\"Pedro Palomo\",\"image\":{\"@type\":\"ImageObject\",\"inLanguage\":\"es\",\"@id\":\"https:\\\/\\\/secure.gravatar.com\\\/avatar\\\/4cf9a4877f5f71f44fb7cedbe1bac1bd28bd8ce7a217517d98d5b2117f9f5505?s=96&d=mm&r=g\",\"url\":\"https:\\\/\\\/secure.gravatar.com\\\/avatar\\\/4cf9a4877f5f71f44fb7cedbe1bac1bd28bd8ce7a217517d98d5b2117f9f5505?s=96&d=mm&r=g\",\"contentUrl\":\"https:\\\/\\\/secure.gravatar.com\\\/avatar\\\/4cf9a4877f5f71f44fb7cedbe1bac1bd28bd8ce7a217517d98d5b2117f9f5505?s=96&d=mm&r=g\",\"caption\":\"Pedro Palomo\"},\"sameAs\":[\"http:\\\/\\\/www.vivaeurovision.com\",\"@pedrobcn\",\"https:\\\/\\\/x.com\\\/@pedropalomobcn\"]}]}<\/script>\n<!-- \/ Yoast SEO plugin. -->","yoast_head_json":{"title":"Confirmado el regreso de Operaci\u00f3n Triunfo a TVE - VIVAEUROVISION viva eurovision","description":"eurovision, operaci\u00f3n triunfo, ot, operaci\u00f3n triunfo 2017, festival de eurovision, festival de eurovisi\u00f3n, eurovisi\u00f3n, vivaeurovision, rtve","robots":{"index":"index","follow":"follow","max-snippet":"max-snippet:-1","max-image-preview":"max-image-preview:large","max-video-preview":"max-video-preview:-1"},"canonical":"https:\/\/www.vivaeurovision.com\/index.php\/2017\/04\/26\/4595-ot-eurovision\/","og_locale":"es_ES","og_type":"article","og_title":"Confirmado el regreso de Operaci\u00f3n Triunfo a TVE - VIVAEUROVISION viva eurovision","og_description":"eurovision, operaci\u00f3n triunfo, ot, operaci\u00f3n triunfo 2017, festival de eurovision, festival de eurovisi\u00f3n, eurovisi\u00f3n, vivaeurovision, rtve","og_url":"https:\/\/www.vivaeurovision.com\/index.php\/2017\/04\/26\/4595-ot-eurovision\/","og_site_name":"VIVAEUROVISION viva eurovision","article_published_time":"2017-04-26T18:34:48+00:00","og_image":[{"width":1181,"height":552,"url":"https:\/\/www.vivaeurovision.com\/wp-content\/uploads\/2017\/03\/rosa.jpg","type":"image\/jpeg"}],"author":"Pedro Palomo","twitter_card":"summary_large_image","twitter_creator":"@pedropalomobcn","twitter_misc":{"Escrito por":"Pedro Palomo","Tiempo de lectura":"2 minutos"},"schema":{"@context":"https:\/\/schema.org","@graph":[{"@type":"Article","@id":"https:\/\/www.vivaeurovision.com\/index.php\/2017\/04\/26\/4595-ot-eurovision\/#article","isPartOf":{"@id":"https:\/\/www.vivaeurovision.com\/index.php\/2017\/04\/26\/4595-ot-eurovision\/"},"author":{"name":"Pedro Palomo","@id":"https:\/\/www.vivaeurovision.com\/#\/schema\/person\/1d31fdaa3f5f7df556f73d164bd3c47a"},"headline":"Confirmado el regreso de Operaci\u00f3n Triunfo a TVE","datePublished":"2017-04-26T18:34:48+00:00","mainEntityOfPage":{"@id":"https:\/\/www.vivaeurovision.com\/index.php\/2017\/04\/26\/4595-ot-eurovision\/"},"wordCount":441,"commentCount":0,"publisher":{"@id":"https:\/\/www.vivaeurovision.com\/#organization"},"image":{"@id":"https:\/\/www.vivaeurovision.com\/index.php\/2017\/04\/26\/4595-ot-eurovision\/#primaryimage"},"thumbnailUrl":"https:\/\/www.vivaeurovision.com\/wp-content\/uploads\/2017\/03\/rosa.jpg","keywords":["beth","ESC","Eurovision","eurovision song contest festival","Festival de Eurovisi\u00f3n","Noticia","Operacion triunfo","operacion triunfo eurovision","operacion triunfo regreso","operacion triunfo rtve","operecion triunfo 2017","ot","Pedro Palomo","Pedro Palomo Vivaeurovision","ramon","Rosa L\u00f3pez","RTVE","Rtve EUROVISION","tve","viva eurovision","vivaeurovision"],"articleSection":["Espa\u00f1a en Eurovisi\u00f3n","eurovision","Inicio","Noticia","Noticias"],"inLanguage":"es","potentialAction":[{"@type":"CommentAction","name":"Comment","target":["https:\/\/www.vivaeurovision.com\/index.php\/2017\/04\/26\/4595-ot-eurovision\/#respond"]}]},{"@type":"WebPage","@id":"https:\/\/www.vivaeurovision.com\/index.php\/2017\/04\/26\/4595-ot-eurovision\/","url":"https:\/\/www.vivaeurovision.com\/index.php\/2017\/04\/26\/4595-ot-eurovision\/","name":"Confirmado el regreso de Operaci\u00f3n Triunfo a TVE - VIVAEUROVISION viva eurovision","isPartOf":{"@id":"https:\/\/www.vivaeurovision.com\/#website"},"primaryImageOfPage":{"@id":"https:\/\/www.vivaeurovision.com\/index.php\/2017\/04\/26\/4595-ot-eurovision\/#primaryimage"},"image":{"@id":"https:\/\/www.vivaeurovision.com\/index.php\/2017\/04\/26\/4595-ot-eurovision\/#primaryimage"},"thumbnailUrl":"https:\/\/www.vivaeurovision.com\/wp-content\/uploads\/2017\/03\/rosa.jpg","datePublished":"2017-04-26T18:34:48+00:00","description":"eurovision, operaci\u00f3n triunfo, ot, operaci\u00f3n triunfo 2017, festival de eurovision, festival de eurovisi\u00f3n, eurovisi\u00f3n, vivaeurovision, rtve","breadcrumb":{"@id":"https:\/\/www.vivaeurovision.com\/index.php\/2017\/04\/26\/4595-ot-eurovision\/#breadcrumb"},"inLanguage":"es","potentialAction":[{"@type":"ReadAction","target":["https:\/\/www.vivaeurovision.com\/index.php\/2017\/04\/26\/4595-ot-eurovision\/"]}]},{"@type":"ImageObject","inLanguage":"es","@id":"https:\/\/www.vivaeurovision.com\/index.php\/2017\/04\/26\/4595-ot-eurovision\/#primaryimage","url":"https:\/\/www.vivaeurovision.com\/wp-content\/uploads\/2017\/03\/rosa.jpg","contentUrl":"https:\/\/www.vivaeurovision.com\/wp-content\/uploads\/2017\/03\/rosa.jpg","width":1181,"height":552,"caption":"eurovision"},{"@type":"BreadcrumbList","@id":"https:\/\/www.vivaeurovision.com\/index.php\/2017\/04\/26\/4595-ot-eurovision\/#breadcrumb","itemListElement":[{"@type":"ListItem","position":1,"name":"Portada","item":"https:\/\/www.vivaeurovision.com\/"},{"@type":"ListItem","position":2,"name":"Confirmado el regreso de Operaci\u00f3n Triunfo a TVE"}]},{"@type":"WebSite","@id":"https:\/\/www.vivaeurovision.com\/#website","url":"https:\/\/www.vivaeurovision.com\/","name":"VIVAEUROVISION viva eurovision","description":"Tu portal sobre el Festival de Eurovision, eurovision, eurovisi\u00f3n","publisher":{"@id":"https:\/\/www.vivaeurovision.com\/#organization"},"potentialAction":[{"@type":"SearchAction","target":{"@type":"EntryPoint","urlTemplate":"https:\/\/www.vivaeurovision.com\/?s={search_term_string}"},"query-input":{"@type":"PropertyValueSpecification","valueRequired":true,"valueName":"search_term_string"}}],"inLanguage":"es"},{"@type":"Organization","@id":"https:\/\/www.vivaeurovision.com\/#organization","name":"vivaeurovision","url":"https:\/\/www.vivaeurovision.com\/","logo":{"@type":"ImageObject","inLanguage":"es","@id":"https:\/\/www.vivaeurovision.com\/#\/schema\/logo\/image\/","url":"https:\/\/www.vivaeurovision.com\/wp-content\/uploads\/2016\/01\/cropped-image-21-1.jpeg","contentUrl":"https:\/\/www.vivaeurovision.com\/wp-content\/uploads\/2016\/01\/cropped-image-21-1.jpeg","width":669,"height":368,"caption":"vivaeurovision"},"image":{"@id":"https:\/\/www.vivaeurovision.com\/#\/schema\/logo\/image\/"}},{"@type":"Person","@id":"https:\/\/www.vivaeurovision.com\/#\/schema\/person\/1d31fdaa3f5f7df556f73d164bd3c47a","name":"Pedro Palomo","image":{"@type":"ImageObject","inLanguage":"es","@id":"https:\/\/secure.gravatar.com\/avatar\/4cf9a4877f5f71f44fb7cedbe1bac1bd28bd8ce7a217517d98d5b2117f9f5505?s=96&d=mm&r=g","url":"https:\/\/secure.gravatar.com\/avatar\/4cf9a4877f5f71f44fb7cedbe1bac1bd28bd8ce7a217517d98d5b2117f9f5505?s=96&d=mm&r=g","contentUrl":"https:\/\/secure.gravatar.com\/avatar\/4cf9a4877f5f71f44fb7cedbe1bac1bd28bd8ce7a217517d98d5b2117f9f5505?s=96&d=mm&r=g","caption":"Pedro Palomo"},"sameAs":["http:\/\/www.vivaeurovision.com","@pedrobcn","https:\/\/x.com\/@pedropalomobcn"]}]}},"_links":{"self":[{"href":"https:\/\/www.vivaeurovision.com\/index.php\/wp-json\/wp\/v2\/posts\/4595","targetHints":{"allow":["GET"]}}],"collection":[{"href":"https:\/\/www.vivaeurovision.com\/index.php\/wp-json\/wp\/v2\/posts"}],"about":[{"href":"https:\/\/www.vivaeurovision.com\/index.php\/wp-json\/wp\/v2\/types\/post"}],"author":[{"embeddable":true,"href":"https:\/\/www.vivaeurovision.com\/index.php\/wp-json\/wp\/v2\/users\/1"}],"replies":[{"embeddable":true,"href":"https:\/\/www.vivaeurovision.com\/index.php\/wp-json\/wp\/v2\/comments?post=4595"}],"version-history":[{"count":2,"href":"https:\/\/www.vivaeurovision.com\/index.php\/wp-json\/wp\/v2\/posts\/4595\/revisions"}],"predecessor-version":[{"id":4603,"href":"https:\/\/www.vivaeurovision.com\/index.php\/wp-json\/wp\/v2\/posts\/4595\/revisions\/4603"}],"wp:featuredmedia":[{"embeddable":true,"href":"https:\/\/www.vivaeurovision.com\/index.php\/wp-json\/wp\/v2\/media\/4202"}],"wp:attachment":[{"href":"https:\/\/www.vivaeurovision.com\/index.php\/wp-json\/wp\/v2\/media?parent=4595"}],"wp:term":[{"taxonomy":"category","embeddable":true,"href":"https:\/\/www.vivaeurovision.com\/index.php\/wp-json\/wp\/v2\/categories?post=4595"},{"taxonomy":"post_tag","embeddable":true,"href":"https:\/\/www.vivaeurovision.com\/index.php\/wp-json\/wp\/v2\/tags?post=4595"}],"curies":[{"name":"wp","href":"https:\/\/api.w.org\/{rel}","templated":true}]}}