{"id":4795,"date":"2017-05-05T20:50:12","date_gmt":"2017-05-05T20:50:12","guid":{"rendered":"http:\/\/www.vivaeurovision.com\/?p=4795"},"modified":"2017-05-05T20:50:12","modified_gmt":"2017-05-05T20:50:12","slug":"4795-eurovision","status":"publish","type":"post","link":"https:\/\/www.vivaeurovision.com\/index.php\/2017\/05\/05\/4795-eurovision\/","title":{"rendered":"Eurovisi\u00f3n 2017: Primer ensayo del big5 y el anfitri\u00f3n"},"content":{"rendered":"<p>Eurovision 2017<\/p>\n<p>Hoy los pa\u00edses que forman el Big5, han realizado su primer ensayo individual, sobre el escenario del centro internacional de exposiciones de Kiev. Junto al Big5 tambi\u00e9n ha ensayado el pa\u00eds anfitri\u00f3n Ucrania.<\/p>\n<p>Destacamos la gran acogida que han recibido el gran favorito, Italia y grandes aplausos en la sala de prensa a Francia, Reino Unido y Alemania, la parte negativa ha venido por la fr\u00eda acogida que ha tenido el primer ensayo de Manel Navarro, entre la prensa acreditada y las redes sociales. Ya ha confirmado que habr\u00e1n modificaciones y mejoras en los planos e iluminaciones.<\/p>\n<p>Manel Navarro, ha realizado un evoluciona a nivel vocal y esc\u00e9nica, algo que los medios acreditados han destacado.<\/p>\n<p><strong>ALEMANIA<\/strong><\/p>\n<p><img loading=\"lazy\" decoding=\"async\" class=\"alignnone size-medium wp-image-4803\" src=\"http:\/\/www.vivaeurovision.com\/wp-content\/uploads\/2017\/05\/IMG_6834-300x200.jpg\" alt=\"eurovision\" width=\"300\" height=\"200\" srcset=\"https:\/\/www.vivaeurovision.com\/wp-content\/uploads\/2017\/05\/IMG_6834-300x200.jpg 300w, https:\/\/www.vivaeurovision.com\/wp-content\/uploads\/2017\/05\/IMG_6834-700x466.jpg 700w, https:\/\/www.vivaeurovision.com\/wp-content\/uploads\/2017\/05\/IMG_6834.jpg 1280w\" sizes=\"auto, (max-width: 300px) 100vw, 300px\" \/><\/p>\n<p><iframe loading=\"lazy\"  id=\"_ytid_33603\"  width=\"480\" height=\"270\"  data-origwidth=\"480\" data-origheight=\"270\" src=\"https:\/\/www.youtube.com\/embed\/SlmgGDVtIzI?enablejsapi=1&#038;autoplay=0&#038;cc_load_policy=0&#038;cc_lang_pref=&#038;iv_load_policy=1&#038;loop=0&#038;rel=1&#038;fs=1&#038;playsinline=0&#038;autohide=2&#038;theme=dark&#038;color=red&#038;controls=1&#038;disablekb=0&#038;\" class=\"__youtube_prefs__  epyt-is-override  no-lazyload\" title=\"YouTube player\"  allow=\"fullscreen; accelerometer; autoplay; clipboard-write; encrypted-media; gyroscope; picture-in-picture; web-share\" referrerpolicy=\"strict-origin-when-cross-origin\" allowfullscreen data-no-lazy=\"1\" data-skipgform_ajax_framebjll=\"\"><\/iframe><\/p>\n<p><strong>ITALIA<\/strong><\/p>\n<p><img loading=\"lazy\" decoding=\"async\" class=\"alignnone size-medium wp-image-4801\" src=\"http:\/\/www.vivaeurovision.com\/wp-content\/uploads\/2017\/05\/IMG_6832-300x200.jpg\" alt=\"eurovision \" width=\"300\" height=\"200\" srcset=\"https:\/\/www.vivaeurovision.com\/wp-content\/uploads\/2017\/05\/IMG_6832-300x200.jpg 300w, https:\/\/www.vivaeurovision.com\/wp-content\/uploads\/2017\/05\/IMG_6832-700x466.jpg 700w, https:\/\/www.vivaeurovision.com\/wp-content\/uploads\/2017\/05\/IMG_6832.jpg 1280w\" sizes=\"auto, (max-width: 300px) 100vw, 300px\" \/><\/p>\n<p><iframe loading=\"lazy\"  id=\"_ytid_32595\"  width=\"480\" height=\"360\"  data-origwidth=\"480\" data-origheight=\"360\" src=\"https:\/\/www.youtube.com\/embed\/dtFuHGeZR7U?enablejsapi=1&#038;autoplay=0&#038;cc_load_policy=0&#038;cc_lang_pref=&#038;iv_load_policy=1&#038;loop=0&#038;rel=1&#038;fs=1&#038;playsinline=0&#038;autohide=2&#038;theme=dark&#038;color=red&#038;controls=1&#038;disablekb=0&#038;\" class=\"__youtube_prefs__  epyt-is-override  no-lazyload\" title=\"YouTube player\"  allow=\"fullscreen; accelerometer; autoplay; clipboard-write; encrypted-media; gyroscope; picture-in-picture; web-share\" referrerpolicy=\"strict-origin-when-cross-origin\" allowfullscreen data-no-lazy=\"1\" data-skipgform_ajax_framebjll=\"\"><\/iframe><\/p>\n<p><strong>UCRANIA<\/strong><\/p>\n<p><img loading=\"lazy\" decoding=\"async\" class=\"alignnone size-medium wp-image-4804\" src=\"http:\/\/www.vivaeurovision.com\/wp-content\/uploads\/2017\/05\/IMG_6831-300x200.jpg\" alt=\"eurovision \" width=\"300\" height=\"200\" srcset=\"https:\/\/www.vivaeurovision.com\/wp-content\/uploads\/2017\/05\/IMG_6831-300x200.jpg 300w, https:\/\/www.vivaeurovision.com\/wp-content\/uploads\/2017\/05\/IMG_6831-700x466.jpg 700w, https:\/\/www.vivaeurovision.com\/wp-content\/uploads\/2017\/05\/IMG_6831.jpg 1280w\" sizes=\"auto, (max-width: 300px) 100vw, 300px\" \/><\/p>\n<p><iframe loading=\"lazy\"  id=\"_ytid_24536\"  width=\"480\" height=\"270\"  data-origwidth=\"480\" data-origheight=\"270\" src=\"https:\/\/www.youtube.com\/embed\/wq-YqbDSw1c?enablejsapi=1&#038;autoplay=0&#038;cc_load_policy=0&#038;cc_lang_pref=&#038;iv_load_policy=1&#038;loop=0&#038;rel=1&#038;fs=1&#038;playsinline=0&#038;autohide=2&#038;theme=dark&#038;color=red&#038;controls=1&#038;disablekb=0&#038;\" class=\"__youtube_prefs__  epyt-is-override  no-lazyload\" title=\"YouTube player\"  allow=\"fullscreen; accelerometer; autoplay; clipboard-write; encrypted-media; gyroscope; picture-in-picture; web-share\" referrerpolicy=\"strict-origin-when-cross-origin\" allowfullscreen data-no-lazy=\"1\" data-skipgform_ajax_framebjll=\"\"><\/iframe><\/p>\n<p><strong>ESPA\u00d1A<\/strong><\/p>\n<p><img loading=\"lazy\" decoding=\"async\" class=\"alignnone size-medium wp-image-4802\" src=\"http:\/\/www.vivaeurovision.com\/wp-content\/uploads\/2017\/05\/IMG_6822-1-300x200.jpg\" alt=\"eurovision \" width=\"300\" height=\"200\" srcset=\"https:\/\/www.vivaeurovision.com\/wp-content\/uploads\/2017\/05\/IMG_6822-1-300x200.jpg 300w, https:\/\/www.vivaeurovision.com\/wp-content\/uploads\/2017\/05\/IMG_6822-1-700x466.jpg 700w, https:\/\/www.vivaeurovision.com\/wp-content\/uploads\/2017\/05\/IMG_6822-1.jpg 1280w\" sizes=\"auto, (max-width: 300px) 100vw, 300px\" \/><\/p>\n<p><iframe loading=\"lazy\"  id=\"_ytid_86823\"  width=\"480\" height=\"270\"  data-origwidth=\"480\" data-origheight=\"270\" src=\"https:\/\/www.youtube.com\/embed\/13meP5Xo_j4?enablejsapi=1&#038;autoplay=0&#038;cc_load_policy=0&#038;cc_lang_pref=&#038;iv_load_policy=1&#038;loop=0&#038;rel=1&#038;fs=1&#038;playsinline=0&#038;autohide=2&#038;theme=dark&#038;color=red&#038;controls=1&#038;disablekb=0&#038;\" class=\"__youtube_prefs__  epyt-is-override  no-lazyload\" title=\"YouTube player\"  allow=\"fullscreen; accelerometer; autoplay; clipboard-write; encrypted-media; gyroscope; picture-in-picture; web-share\" referrerpolicy=\"strict-origin-when-cross-origin\" allowfullscreen data-no-lazy=\"1\" data-skipgform_ajax_framebjll=\"\"><\/iframe><\/p>\n<p><strong>REINO UNIDO<\/strong><\/p>\n<p><img loading=\"lazy\" decoding=\"async\" class=\"alignnone size-medium wp-image-4805\" src=\"http:\/\/www.vivaeurovision.com\/wp-content\/uploads\/2017\/05\/IMG_6830-300x200.jpg\" alt=\"eurovision \" width=\"300\" height=\"200\" srcset=\"https:\/\/www.vivaeurovision.com\/wp-content\/uploads\/2017\/05\/IMG_6830-300x200.jpg 300w, https:\/\/www.vivaeurovision.com\/wp-content\/uploads\/2017\/05\/IMG_6830-700x466.jpg 700w, https:\/\/www.vivaeurovision.com\/wp-content\/uploads\/2017\/05\/IMG_6830.jpg 1280w\" sizes=\"auto, (max-width: 300px) 100vw, 300px\" \/><\/p>\n<p><iframe loading=\"lazy\"  id=\"_ytid_11994\"  width=\"480\" height=\"270\"  data-origwidth=\"480\" data-origheight=\"270\" src=\"https:\/\/www.youtube.com\/embed\/nw6_xLZXP9A?enablejsapi=1&#038;autoplay=0&#038;cc_load_policy=0&#038;cc_lang_pref=&#038;iv_load_policy=1&#038;loop=0&#038;rel=1&#038;fs=1&#038;playsinline=0&#038;autohide=2&#038;theme=dark&#038;color=red&#038;controls=1&#038;disablekb=0&#038;\" class=\"__youtube_prefs__  epyt-is-override  no-lazyload\" title=\"YouTube player\"  allow=\"fullscreen; accelerometer; autoplay; clipboard-write; encrypted-media; gyroscope; picture-in-picture; web-share\" referrerpolicy=\"strict-origin-when-cross-origin\" allowfullscreen data-no-lazy=\"1\" data-skipgform_ajax_framebjll=\"\"><\/iframe><\/p>\n<p><strong>FRANCIA<\/strong><\/p>\n<p><img loading=\"lazy\" decoding=\"async\" class=\"alignnone size-medium wp-image-4806\" src=\"http:\/\/www.vivaeurovision.com\/wp-content\/uploads\/2017\/05\/IMG_6829-300x199.jpg\" alt=\"eurovision\" width=\"300\" height=\"199\" srcset=\"https:\/\/www.vivaeurovision.com\/wp-content\/uploads\/2017\/05\/IMG_6829-300x199.jpg 300w, https:\/\/www.vivaeurovision.com\/wp-content\/uploads\/2017\/05\/IMG_6829-700x465.jpg 700w, https:\/\/www.vivaeurovision.com\/wp-content\/uploads\/2017\/05\/IMG_6829.jpg 1280w\" sizes=\"auto, (max-width: 300px) 100vw, 300px\" \/><\/p>\n<p><iframe loading=\"lazy\"  id=\"_ytid_25279\"  width=\"480\" height=\"270\"  data-origwidth=\"480\" data-origheight=\"270\" src=\"https:\/\/www.youtube.com\/embed\/M5MYVl6M_lg?enablejsapi=1&#038;autoplay=0&#038;cc_load_policy=0&#038;cc_lang_pref=&#038;iv_load_policy=1&#038;loop=0&#038;rel=1&#038;fs=1&#038;playsinline=0&#038;autohide=2&#038;theme=dark&#038;color=red&#038;controls=1&#038;disablekb=0&#038;\" class=\"__youtube_prefs__  epyt-is-override  no-lazyload\" title=\"YouTube player\"  allow=\"fullscreen; accelerometer; autoplay; clipboard-write; encrypted-media; gyroscope; picture-in-picture; web-share\" referrerpolicy=\"strict-origin-when-cross-origin\" allowfullscreen data-no-lazy=\"1\" data-skipgform_ajax_framebjll=\"\"><\/iframe><\/p>\n<p>\u00bf Qu\u00e9 opin\u00e1is de los primeros ensayos, del big5 y Ucrania ?<\/p>\n<p>&nbsp;<\/p>\n<p>&nbsp;<\/p>\n<p><img loading=\"lazy\" decoding=\"async\" class=\"alignnone size-medium wp-image-311\" src=\"http:\/\/www.vivaeurovision.com\/wp-content\/uploads\/2016\/01\/image-21-300x165.jpeg\" alt=\"VIVAEUROVISION.COM\" width=\"300\" height=\"165\" srcset=\"https:\/\/www.vivaeurovision.com\/wp-content\/uploads\/2016\/01\/image-21-300x165.jpeg 300w, https:\/\/www.vivaeurovision.com\/wp-content\/uploads\/2016\/01\/image-21-555x305.jpeg 555w, https:\/\/www.vivaeurovision.com\/wp-content\/uploads\/2016\/01\/image-21.jpeg 669w\" sizes=\"auto, (max-width: 300px) 100vw, 300px\" \/><\/p>\n<p>Twitter\u00a0<strong> <a href=\"https:\/\/twitter.com\/viva_eurovision\" target=\"_blank\" rel=\"noopener noreferrer\"><span style=\"color: #0066cc;\">@viva_eurovision<\/span><\/a>\u00a0 <a href=\"https:\/\/www.facebook.com\/Vivaeurovisioncom-867806686671081\/?fref=nf\" target=\"_blank\" rel=\"noopener noreferrer\"><span style=\"color: #0066cc;\">FACEBOOK OFICIAL VIVA EUROVISION <\/span><\/a><\/strong>Instragram <strong>\u00a0<\/strong><a href=\"https:\/\/www.instagram.com\/vivaeurovision\/\" target=\"_blank\" rel=\"noopener noreferrer\"><strong>@vivaeurovision<\/strong><\/a><\/p>\n<p>Redactor: Pedro Palomo <a href=\"https:\/\/twitter.com\/pedropalomobcn?lang=es\"><strong><span style=\"color: #0066cc;\">@pedropalomobcn<\/span><\/strong><\/a><strong>\u00a0<\/strong>Instagram <a href=\"https:\/\/www.instagram.com\/pedrobcn\/\" target=\"_blank\" rel=\"noopener noreferrer\"><strong>@pedrobcn<\/strong><\/a><\/p>\n<p><strong>Im\u00e1genes y v\u00eddeo: \u00a9Eurovision.tv UER<\/strong><\/p>\n","protected":false},"excerpt":{"rendered":"<p>Eurovision 2017 Hoy los pa\u00edses que forman el Big5, han realizado su primer ensayo individual, sobre el escenario del centro internacional de exposiciones de Kiev. Junto al Big5 tambi\u00e9n ha&#46;&#46;&#46;<\/p>\n","protected":false},"author":1,"featured_media":4810,"comment_status":"open","ping_status":"closed","sticky":false,"template":"","format":"standard","meta":{"_exactmetrics_skip_tracking":false,"_exactmetrics_sitenote_active":false,"_exactmetrics_sitenote_note":"","_exactmetrics_sitenote_category":0,"footnotes":""},"categories":[1195,876,4,1188,2,3],"tags":[1689,2080,1542,2072,2073,2053,2054,2071,2070,2074,2075,745,1961,17,865,11,670,1543,1576,999,1017,866,706,1096,2077,1605,2081,2079,1529,2078,1466,2076,34,19,20,766,770,2052,23,22],"class_list":["post-4795","post","type-post","status-publish","format-standard","has-post-thumbnail","hentry","category-eurovision-2","category-eurovision-2017","category-eurovision","category-noticia-2","category-noticia","category-ultima-hora","tag-alma","tag-alma-ensayo-eurovision","tag-celebrate-diversity","tag-ensayo-alemania-eurovision","tag-ensayo-espana-eurovision","tag-ensayo-eurovision","tag-ensayo-eurovision-2017","tag-ensayo-francia-eurovision","tag-ensayo-italia-eurovision","tag-ensayo-reino-unido-eurovision","tag-ensayo-ucrania-eurovision","tag-ensayos-eurovision","tag-ensayos-eurovision-2017","tag-esc","tag-esc-2017","tag-eurovision","tag-eurovision-2017","tag-eurovision-celebrate-diversity","tag-eurovision-celebrate-diversity-kiev-2017","tag-eurovision-kiev","tag-eurovision-kiev-2017","tag-eurovision-song-contest-2017","tag-eurovision-song-contest-festival","tag-festival-de-eurovision","tag-francesco-gabbani-ensayo-eurovision","tag-franceso-gabbani","tag-levina","tag-levina-ensayo-eurovision","tag-lucie-jones","tag-lucie-jones-ensayo-eurovision","tag-manel-navarro","tag-manel-navarro-ensayo-eurovision","tag-noticia","tag-pedro-palomo","tag-pedro-palomo-eurovision","tag-pedro-palomo-vivaeurovision","tag-rehearsal-eurovision","tag-rehearsal-eurovision-2017","tag-viva-eurovision","tag-vivaeurovision"],"yoast_head":"<!-- This site is optimized with the Yoast SEO plugin v27.5 - https:\/\/yoast.com\/product\/yoast-seo-wordpress\/ -->\n<title>Eurovisi\u00f3n 2017: Primer ensayo del big5 y el anfitri\u00f3n - VIVAEUROVISION viva eurovision<\/title>\n<meta name=\"description\" content=\"eurovision, rehearsal eurovision, eurovision 2017, festival de eurovisi\u00f3n, vivaeurovision, eurovision 2017, eurovisi\u00f3n, esc 2017\" \/>\n<meta name=\"robots\" content=\"index, follow, max-snippet:-1, max-image-preview:large, max-video-preview:-1\" \/>\n<link rel=\"canonical\" href=\"https:\/\/www.vivaeurovision.com\/index.php\/2017\/05\/05\/4795-eurovision\/\" \/>\n<meta property=\"og:locale\" content=\"es_ES\" \/>\n<meta property=\"og:type\" content=\"article\" \/>\n<meta property=\"og:title\" content=\"Eurovisi\u00f3n 2017: Primer ensayo del big5 y el anfitri\u00f3n - VIVAEUROVISION viva eurovision\" \/>\n<meta property=\"og:description\" content=\"eurovision, rehearsal eurovision, eurovision 2017, festival de eurovisi\u00f3n, vivaeurovision, eurovision 2017, eurovisi\u00f3n, esc 2017\" \/>\n<meta property=\"og:url\" content=\"https:\/\/www.vivaeurovision.com\/index.php\/2017\/05\/05\/4795-eurovision\/\" \/>\n<meta property=\"og:site_name\" content=\"VIVAEUROVISION viva eurovision\" \/>\n<meta property=\"article:published_time\" content=\"2017-05-05T20:50:12+00:00\" \/>\n<meta property=\"og:image\" content=\"https:\/\/www.vivaeurovision.com\/wp-content\/uploads\/2017\/05\/Enlight108.jpg\" \/>\n\t<meta property=\"og:image:width\" content=\"2592\" \/>\n\t<meta property=\"og:image:height\" content=\"1728\" \/>\n\t<meta property=\"og:image:type\" content=\"image\/jpeg\" \/>\n<meta name=\"author\" content=\"Pedro Palomo\" \/>\n<meta name=\"twitter:card\" content=\"summary_large_image\" \/>\n<meta name=\"twitter:creator\" content=\"@pedropalomobcn\" \/>\n<meta name=\"twitter:label1\" content=\"Escrito por\" \/>\n\t<meta name=\"twitter:data1\" content=\"Pedro Palomo\" \/>\n\t<meta name=\"twitter:label2\" content=\"Tiempo de lectura\" \/>\n\t<meta name=\"twitter:data2\" content=\"1 minuto\" \/>\n<script type=\"application\/ld+json\" class=\"yoast-schema-graph\">{\"@context\":\"https:\\\/\\\/schema.org\",\"@graph\":[{\"@type\":\"Article\",\"@id\":\"https:\\\/\\\/www.vivaeurovision.com\\\/index.php\\\/2017\\\/05\\\/05\\\/4795-eurovision\\\/#article\",\"isPartOf\":{\"@id\":\"https:\\\/\\\/www.vivaeurovision.com\\\/index.php\\\/2017\\\/05\\\/05\\\/4795-eurovision\\\/\"},\"author\":{\"name\":\"Pedro Palomo\",\"@id\":\"https:\\\/\\\/www.vivaeurovision.com\\\/#\\\/schema\\\/person\\\/1d31fdaa3f5f7df556f73d164bd3c47a\"},\"headline\":\"Eurovisi\u00f3n 2017: Primer ensayo del big5 y el anfitri\u00f3n\",\"datePublished\":\"2017-05-05T20:50:12+00:00\",\"mainEntityOfPage\":{\"@id\":\"https:\\\/\\\/www.vivaeurovision.com\\\/index.php\\\/2017\\\/05\\\/05\\\/4795-eurovision\\\/\"},\"wordCount\":210,\"commentCount\":0,\"publisher\":{\"@id\":\"https:\\\/\\\/www.vivaeurovision.com\\\/#organization\"},\"image\":{\"@id\":\"https:\\\/\\\/www.vivaeurovision.com\\\/index.php\\\/2017\\\/05\\\/05\\\/4795-eurovision\\\/#primaryimage\"},\"thumbnailUrl\":\"https:\\\/\\\/www.vivaeurovision.com\\\/wp-content\\\/uploads\\\/2017\\\/05\\\/Enlight108.jpg\",\"keywords\":[\"alma\",\"Alma ensayo eurovision\",\"celebrate diversity\",\"ensayo Alemania eurovision\",\"ensayo Espa\u00f1a eurovision\",\"ensayo eurovision\",\"ensayo eurovision 2017\",\"ensayo Francia eurovision\",\"ensayo Italia eurovision\",\"ensayo Reino Unido eurovision\",\"ensayo Ucrania eurovision\",\"ensayos eurovision\",\"ensayos eurovision 2017\",\"ESC\",\"esc 2017\",\"Eurovision\",\"Eurovision 2017\",\"eurovision celebrate diversity\",\"eurovision celebrate diversity kiev 2017\",\"Eurovision Kiev\",\"eurovision kiev 2017\",\"eurovision song contest 2017\",\"eurovision song contest festival\",\"Festival de Eurovisi\u00f3n\",\"Francesco Gabbani ensayo eurovision\",\"franceso gabbani\",\"levina\",\"levina ensayo eurovision\",\"lucie jones\",\"lucie jones ensayo eurovision\",\"manel navarro\",\"Manel Navarro ensayo eurovision\",\"Noticia\",\"Pedro Palomo\",\"Pedro Palomo Eurovision\",\"Pedro Palomo Vivaeurovision\",\"rehearsal eurovision\",\"rehearsal eurovision 2017\",\"viva eurovision\",\"vivaeurovision\"],\"articleSection\":[\"eurovision\",\"Eurovisi\u00f3n 2017\",\"Inicio\",\"Noticia\",\"Noticias\",\"Ultima Hora\"],\"inLanguage\":\"es\",\"potentialAction\":[{\"@type\":\"CommentAction\",\"name\":\"Comment\",\"target\":[\"https:\\\/\\\/www.vivaeurovision.com\\\/index.php\\\/2017\\\/05\\\/05\\\/4795-eurovision\\\/#respond\"]}]},{\"@type\":\"WebPage\",\"@id\":\"https:\\\/\\\/www.vivaeurovision.com\\\/index.php\\\/2017\\\/05\\\/05\\\/4795-eurovision\\\/\",\"url\":\"https:\\\/\\\/www.vivaeurovision.com\\\/index.php\\\/2017\\\/05\\\/05\\\/4795-eurovision\\\/\",\"name\":\"Eurovisi\u00f3n 2017: Primer ensayo del big5 y el anfitri\u00f3n - VIVAEUROVISION viva eurovision\",\"isPartOf\":{\"@id\":\"https:\\\/\\\/www.vivaeurovision.com\\\/#website\"},\"primaryImageOfPage\":{\"@id\":\"https:\\\/\\\/www.vivaeurovision.com\\\/index.php\\\/2017\\\/05\\\/05\\\/4795-eurovision\\\/#primaryimage\"},\"image\":{\"@id\":\"https:\\\/\\\/www.vivaeurovision.com\\\/index.php\\\/2017\\\/05\\\/05\\\/4795-eurovision\\\/#primaryimage\"},\"thumbnailUrl\":\"https:\\\/\\\/www.vivaeurovision.com\\\/wp-content\\\/uploads\\\/2017\\\/05\\\/Enlight108.jpg\",\"datePublished\":\"2017-05-05T20:50:12+00:00\",\"description\":\"eurovision, rehearsal eurovision, eurovision 2017, festival de eurovisi\u00f3n, vivaeurovision, eurovision 2017, eurovisi\u00f3n, esc 2017\",\"breadcrumb\":{\"@id\":\"https:\\\/\\\/www.vivaeurovision.com\\\/index.php\\\/2017\\\/05\\\/05\\\/4795-eurovision\\\/#breadcrumb\"},\"inLanguage\":\"es\",\"potentialAction\":[{\"@type\":\"ReadAction\",\"target\":[\"https:\\\/\\\/www.vivaeurovision.com\\\/index.php\\\/2017\\\/05\\\/05\\\/4795-eurovision\\\/\"]}]},{\"@type\":\"ImageObject\",\"inLanguage\":\"es\",\"@id\":\"https:\\\/\\\/www.vivaeurovision.com\\\/index.php\\\/2017\\\/05\\\/05\\\/4795-eurovision\\\/#primaryimage\",\"url\":\"https:\\\/\\\/www.vivaeurovision.com\\\/wp-content\\\/uploads\\\/2017\\\/05\\\/Enlight108.jpg\",\"contentUrl\":\"https:\\\/\\\/www.vivaeurovision.com\\\/wp-content\\\/uploads\\\/2017\\\/05\\\/Enlight108.jpg\",\"width\":2592,\"height\":1728},{\"@type\":\"BreadcrumbList\",\"@id\":\"https:\\\/\\\/www.vivaeurovision.com\\\/index.php\\\/2017\\\/05\\\/05\\\/4795-eurovision\\\/#breadcrumb\",\"itemListElement\":[{\"@type\":\"ListItem\",\"position\":1,\"name\":\"Portada\",\"item\":\"https:\\\/\\\/www.vivaeurovision.com\\\/\"},{\"@type\":\"ListItem\",\"position\":2,\"name\":\"Eurovisi\u00f3n 2017: Primer ensayo del big5 y el anfitri\u00f3n\"}]},{\"@type\":\"WebSite\",\"@id\":\"https:\\\/\\\/www.vivaeurovision.com\\\/#website\",\"url\":\"https:\\\/\\\/www.vivaeurovision.com\\\/\",\"name\":\"VIVAEUROVISION viva eurovision\",\"description\":\"Tu portal sobre el Festival de Eurovision, eurovision, eurovisi\u00f3n\",\"publisher\":{\"@id\":\"https:\\\/\\\/www.vivaeurovision.com\\\/#organization\"},\"potentialAction\":[{\"@type\":\"SearchAction\",\"target\":{\"@type\":\"EntryPoint\",\"urlTemplate\":\"https:\\\/\\\/www.vivaeurovision.com\\\/?s={search_term_string}\"},\"query-input\":{\"@type\":\"PropertyValueSpecification\",\"valueRequired\":true,\"valueName\":\"search_term_string\"}}],\"inLanguage\":\"es\"},{\"@type\":\"Organization\",\"@id\":\"https:\\\/\\\/www.vivaeurovision.com\\\/#organization\",\"name\":\"vivaeurovision\",\"url\":\"https:\\\/\\\/www.vivaeurovision.com\\\/\",\"logo\":{\"@type\":\"ImageObject\",\"inLanguage\":\"es\",\"@id\":\"https:\\\/\\\/www.vivaeurovision.com\\\/#\\\/schema\\\/logo\\\/image\\\/\",\"url\":\"https:\\\/\\\/www.vivaeurovision.com\\\/wp-content\\\/uploads\\\/2016\\\/01\\\/cropped-image-21-1.jpeg\",\"contentUrl\":\"https:\\\/\\\/www.vivaeurovision.com\\\/wp-content\\\/uploads\\\/2016\\\/01\\\/cropped-image-21-1.jpeg\",\"width\":669,\"height\":368,\"caption\":\"vivaeurovision\"},\"image\":{\"@id\":\"https:\\\/\\\/www.vivaeurovision.com\\\/#\\\/schema\\\/logo\\\/image\\\/\"}},{\"@type\":\"Person\",\"@id\":\"https:\\\/\\\/www.vivaeurovision.com\\\/#\\\/schema\\\/person\\\/1d31fdaa3f5f7df556f73d164bd3c47a\",\"name\":\"Pedro Palomo\",\"image\":{\"@type\":\"ImageObject\",\"inLanguage\":\"es\",\"@id\":\"https:\\\/\\\/secure.gravatar.com\\\/avatar\\\/4cf9a4877f5f71f44fb7cedbe1bac1bd28bd8ce7a217517d98d5b2117f9f5505?s=96&d=mm&r=g\",\"url\":\"https:\\\/\\\/secure.gravatar.com\\\/avatar\\\/4cf9a4877f5f71f44fb7cedbe1bac1bd28bd8ce7a217517d98d5b2117f9f5505?s=96&d=mm&r=g\",\"contentUrl\":\"https:\\\/\\\/secure.gravatar.com\\\/avatar\\\/4cf9a4877f5f71f44fb7cedbe1bac1bd28bd8ce7a217517d98d5b2117f9f5505?s=96&d=mm&r=g\",\"caption\":\"Pedro Palomo\"},\"sameAs\":[\"http:\\\/\\\/www.vivaeurovision.com\",\"@pedrobcn\",\"https:\\\/\\\/x.com\\\/@pedropalomobcn\"]}]}<\/script>\n<!-- \/ Yoast SEO plugin. -->","yoast_head_json":{"title":"Eurovisi\u00f3n 2017: Primer ensayo del big5 y el anfitri\u00f3n - VIVAEUROVISION viva eurovision","description":"eurovision, rehearsal eurovision, eurovision 2017, festival de eurovisi\u00f3n, vivaeurovision, eurovision 2017, eurovisi\u00f3n, esc 2017","robots":{"index":"index","follow":"follow","max-snippet":"max-snippet:-1","max-image-preview":"max-image-preview:large","max-video-preview":"max-video-preview:-1"},"canonical":"https:\/\/www.vivaeurovision.com\/index.php\/2017\/05\/05\/4795-eurovision\/","og_locale":"es_ES","og_type":"article","og_title":"Eurovisi\u00f3n 2017: Primer ensayo del big5 y el anfitri\u00f3n - VIVAEUROVISION viva eurovision","og_description":"eurovision, rehearsal eurovision, eurovision 2017, festival de eurovisi\u00f3n, vivaeurovision, eurovision 2017, eurovisi\u00f3n, esc 2017","og_url":"https:\/\/www.vivaeurovision.com\/index.php\/2017\/05\/05\/4795-eurovision\/","og_site_name":"VIVAEUROVISION viva eurovision","article_published_time":"2017-05-05T20:50:12+00:00","og_image":[{"width":2592,"height":1728,"url":"https:\/\/www.vivaeurovision.com\/wp-content\/uploads\/2017\/05\/Enlight108.jpg","type":"image\/jpeg"}],"author":"Pedro Palomo","twitter_card":"summary_large_image","twitter_creator":"@pedropalomobcn","twitter_misc":{"Escrito por":"Pedro Palomo","Tiempo de lectura":"1 minuto"},"schema":{"@context":"https:\/\/schema.org","@graph":[{"@type":"Article","@id":"https:\/\/www.vivaeurovision.com\/index.php\/2017\/05\/05\/4795-eurovision\/#article","isPartOf":{"@id":"https:\/\/www.vivaeurovision.com\/index.php\/2017\/05\/05\/4795-eurovision\/"},"author":{"name":"Pedro Palomo","@id":"https:\/\/www.vivaeurovision.com\/#\/schema\/person\/1d31fdaa3f5f7df556f73d164bd3c47a"},"headline":"Eurovisi\u00f3n 2017: Primer ensayo del big5 y el anfitri\u00f3n","datePublished":"2017-05-05T20:50:12+00:00","mainEntityOfPage":{"@id":"https:\/\/www.vivaeurovision.com\/index.php\/2017\/05\/05\/4795-eurovision\/"},"wordCount":210,"commentCount":0,"publisher":{"@id":"https:\/\/www.vivaeurovision.com\/#organization"},"image":{"@id":"https:\/\/www.vivaeurovision.com\/index.php\/2017\/05\/05\/4795-eurovision\/#primaryimage"},"thumbnailUrl":"https:\/\/www.vivaeurovision.com\/wp-content\/uploads\/2017\/05\/Enlight108.jpg","keywords":["alma","Alma ensayo eurovision","celebrate diversity","ensayo Alemania eurovision","ensayo Espa\u00f1a eurovision","ensayo eurovision","ensayo eurovision 2017","ensayo Francia eurovision","ensayo Italia eurovision","ensayo Reino Unido eurovision","ensayo Ucrania eurovision","ensayos eurovision","ensayos eurovision 2017","ESC","esc 2017","Eurovision","Eurovision 2017","eurovision celebrate diversity","eurovision celebrate diversity kiev 2017","Eurovision Kiev","eurovision kiev 2017","eurovision song contest 2017","eurovision song contest festival","Festival de Eurovisi\u00f3n","Francesco Gabbani ensayo eurovision","franceso gabbani","levina","levina ensayo eurovision","lucie jones","lucie jones ensayo eurovision","manel navarro","Manel Navarro ensayo eurovision","Noticia","Pedro Palomo","Pedro Palomo Eurovision","Pedro Palomo Vivaeurovision","rehearsal eurovision","rehearsal eurovision 2017","viva eurovision","vivaeurovision"],"articleSection":["eurovision","Eurovisi\u00f3n 2017","Inicio","Noticia","Noticias","Ultima Hora"],"inLanguage":"es","potentialAction":[{"@type":"CommentAction","name":"Comment","target":["https:\/\/www.vivaeurovision.com\/index.php\/2017\/05\/05\/4795-eurovision\/#respond"]}]},{"@type":"WebPage","@id":"https:\/\/www.vivaeurovision.com\/index.php\/2017\/05\/05\/4795-eurovision\/","url":"https:\/\/www.vivaeurovision.com\/index.php\/2017\/05\/05\/4795-eurovision\/","name":"Eurovisi\u00f3n 2017: Primer ensayo del big5 y el anfitri\u00f3n - VIVAEUROVISION viva eurovision","isPartOf":{"@id":"https:\/\/www.vivaeurovision.com\/#website"},"primaryImageOfPage":{"@id":"https:\/\/www.vivaeurovision.com\/index.php\/2017\/05\/05\/4795-eurovision\/#primaryimage"},"image":{"@id":"https:\/\/www.vivaeurovision.com\/index.php\/2017\/05\/05\/4795-eurovision\/#primaryimage"},"thumbnailUrl":"https:\/\/www.vivaeurovision.com\/wp-content\/uploads\/2017\/05\/Enlight108.jpg","datePublished":"2017-05-05T20:50:12+00:00","description":"eurovision, rehearsal eurovision, eurovision 2017, festival de eurovisi\u00f3n, vivaeurovision, eurovision 2017, eurovisi\u00f3n, esc 2017","breadcrumb":{"@id":"https:\/\/www.vivaeurovision.com\/index.php\/2017\/05\/05\/4795-eurovision\/#breadcrumb"},"inLanguage":"es","potentialAction":[{"@type":"ReadAction","target":["https:\/\/www.vivaeurovision.com\/index.php\/2017\/05\/05\/4795-eurovision\/"]}]},{"@type":"ImageObject","inLanguage":"es","@id":"https:\/\/www.vivaeurovision.com\/index.php\/2017\/05\/05\/4795-eurovision\/#primaryimage","url":"https:\/\/www.vivaeurovision.com\/wp-content\/uploads\/2017\/05\/Enlight108.jpg","contentUrl":"https:\/\/www.vivaeurovision.com\/wp-content\/uploads\/2017\/05\/Enlight108.jpg","width":2592,"height":1728},{"@type":"BreadcrumbList","@id":"https:\/\/www.vivaeurovision.com\/index.php\/2017\/05\/05\/4795-eurovision\/#breadcrumb","itemListElement":[{"@type":"ListItem","position":1,"name":"Portada","item":"https:\/\/www.vivaeurovision.com\/"},{"@type":"ListItem","position":2,"name":"Eurovisi\u00f3n 2017: Primer ensayo del big5 y el anfitri\u00f3n"}]},{"@type":"WebSite","@id":"https:\/\/www.vivaeurovision.com\/#website","url":"https:\/\/www.vivaeurovision.com\/","name":"VIVAEUROVISION viva eurovision","description":"Tu portal sobre el Festival de Eurovision, eurovision, eurovisi\u00f3n","publisher":{"@id":"https:\/\/www.vivaeurovision.com\/#organization"},"potentialAction":[{"@type":"SearchAction","target":{"@type":"EntryPoint","urlTemplate":"https:\/\/www.vivaeurovision.com\/?s={search_term_string}"},"query-input":{"@type":"PropertyValueSpecification","valueRequired":true,"valueName":"search_term_string"}}],"inLanguage":"es"},{"@type":"Organization","@id":"https:\/\/www.vivaeurovision.com\/#organization","name":"vivaeurovision","url":"https:\/\/www.vivaeurovision.com\/","logo":{"@type":"ImageObject","inLanguage":"es","@id":"https:\/\/www.vivaeurovision.com\/#\/schema\/logo\/image\/","url":"https:\/\/www.vivaeurovision.com\/wp-content\/uploads\/2016\/01\/cropped-image-21-1.jpeg","contentUrl":"https:\/\/www.vivaeurovision.com\/wp-content\/uploads\/2016\/01\/cropped-image-21-1.jpeg","width":669,"height":368,"caption":"vivaeurovision"},"image":{"@id":"https:\/\/www.vivaeurovision.com\/#\/schema\/logo\/image\/"}},{"@type":"Person","@id":"https:\/\/www.vivaeurovision.com\/#\/schema\/person\/1d31fdaa3f5f7df556f73d164bd3c47a","name":"Pedro Palomo","image":{"@type":"ImageObject","inLanguage":"es","@id":"https:\/\/secure.gravatar.com\/avatar\/4cf9a4877f5f71f44fb7cedbe1bac1bd28bd8ce7a217517d98d5b2117f9f5505?s=96&d=mm&r=g","url":"https:\/\/secure.gravatar.com\/avatar\/4cf9a4877f5f71f44fb7cedbe1bac1bd28bd8ce7a217517d98d5b2117f9f5505?s=96&d=mm&r=g","contentUrl":"https:\/\/secure.gravatar.com\/avatar\/4cf9a4877f5f71f44fb7cedbe1bac1bd28bd8ce7a217517d98d5b2117f9f5505?s=96&d=mm&r=g","caption":"Pedro Palomo"},"sameAs":["http:\/\/www.vivaeurovision.com","@pedrobcn","https:\/\/x.com\/@pedropalomobcn"]}]}},"_links":{"self":[{"href":"https:\/\/www.vivaeurovision.com\/index.php\/wp-json\/wp\/v2\/posts\/4795","targetHints":{"allow":["GET"]}}],"collection":[{"href":"https:\/\/www.vivaeurovision.com\/index.php\/wp-json\/wp\/v2\/posts"}],"about":[{"href":"https:\/\/www.vivaeurovision.com\/index.php\/wp-json\/wp\/v2\/types\/post"}],"author":[{"embeddable":true,"href":"https:\/\/www.vivaeurovision.com\/index.php\/wp-json\/wp\/v2\/users\/1"}],"replies":[{"embeddable":true,"href":"https:\/\/www.vivaeurovision.com\/index.php\/wp-json\/wp\/v2\/comments?post=4795"}],"version-history":[{"count":5,"href":"https:\/\/www.vivaeurovision.com\/index.php\/wp-json\/wp\/v2\/posts\/4795\/revisions"}],"predecessor-version":[{"id":4811,"href":"https:\/\/www.vivaeurovision.com\/index.php\/wp-json\/wp\/v2\/posts\/4795\/revisions\/4811"}],"wp:featuredmedia":[{"embeddable":true,"href":"https:\/\/www.vivaeurovision.com\/index.php\/wp-json\/wp\/v2\/media\/4810"}],"wp:attachment":[{"href":"https:\/\/www.vivaeurovision.com\/index.php\/wp-json\/wp\/v2\/media?parent=4795"}],"wp:term":[{"taxonomy":"category","embeddable":true,"href":"https:\/\/www.vivaeurovision.com\/index.php\/wp-json\/wp\/v2\/categories?post=4795"},{"taxonomy":"post_tag","embeddable":true,"href":"https:\/\/www.vivaeurovision.com\/index.php\/wp-json\/wp\/v2\/tags?post=4795"}],"curies":[{"name":"wp","href":"https:\/\/api.w.org\/{rel}","templated":true}]}}