{"id":4847,"date":"2017-05-06T22:12:09","date_gmt":"2017-05-06T22:12:09","guid":{"rendered":"http:\/\/www.vivaeurovision.com\/?p=4847"},"modified":"2017-05-14T19:17:06","modified_gmt":"2017-05-14T19:17:06","slug":"top-eurovision","status":"publish","type":"post","link":"https:\/\/www.vivaeurovision.com\/index.php\/2017\/05\/06\/top-eurovision\/","title":{"rendered":"VIVATOP 42 Eurovisi\u00f3n 2017, resultado del sondeo de vivaeurovision"},"content":{"rendered":"<p>Desde que se dieron a conocer las 42 canciones, que competir\u00e1n en la 62 edici\u00f3n del Festival de Eurovisi\u00f3n 2017, VIVAEUROVISION lanz\u00f3 el sondeo que durante semanas los lectores han votado por su pa\u00eds favorito para alzarse con la victoria en Kiev.<\/p>\n<p><strong>Un total de 1543 lectores han votado por su favorito.<\/strong><\/p>\n<h2>Aqu\u00ed ten\u00e9is el video con el resultado del VIVATOP 42 de los lectores de vivaeurovision.<\/h2>\n<p><iframe loading=\"lazy\" src=\"https:\/\/www.youtube.com\/embed\/Sv_-rUiyoOk\" width=\"560\" height=\"315\" frameborder=\"0\" allowfullscreen=\"allowfullscreen\"><\/iframe><br \/>\n<strong>El pa\u00eds que m\u00e1s votado ha obtenido 467 votos, de 467 lectores.<\/strong><\/p>\n<p>El segundo y tercer puesto ha estado muy re\u00f1ido a tan solo tres votos de diferencia.<\/p>\n<p>La medalla de plata ha obtenido 166 votos<\/p>\n<p>La medalla de bronce ha obtenido 163 votos<\/p>\n<p>El cuarto puesto ha obtenido 91 votos<\/p>\n<p>El quinto puesto 58 votos<\/p>\n<p>El sexto puesto 53 votos<\/p>\n<p>El s\u00e9ptimo puesto 47 votos<\/p>\n<p>El octavo puesto 43 votos<\/p>\n<p>El noveno puesto 40 votos<\/p>\n<p>El pa\u00eds que cierra el top 10 ha obtenido 39 votos.<\/p>\n<p>El resto de votos ha sido muy repartido entre el resto de pa\u00edses, ning\u00fan pa\u00eds se ha quedado sin un voto, todos y cada uno de ellos han recibido votos.<\/p>\n<p>Desde VIVAEUROVISION, queremos agradecer a todos los lectores por participar en el sondeo.<\/p>\n<p>&nbsp;<\/p>\n<p><img loading=\"lazy\" decoding=\"async\" class=\"alignnone size-medium wp-image-311\" src=\"http:\/\/www.vivaeurovision.com\/wp-content\/uploads\/2016\/01\/image-21-300x165.jpeg\" alt=\"VIVAEUROVISION.COM\" width=\"300\" height=\"165\" srcset=\"https:\/\/www.vivaeurovision.com\/wp-content\/uploads\/2016\/01\/image-21-300x165.jpeg 300w, https:\/\/www.vivaeurovision.com\/wp-content\/uploads\/2016\/01\/image-21-555x305.jpeg 555w, https:\/\/www.vivaeurovision.com\/wp-content\/uploads\/2016\/01\/image-21.jpeg 669w\" sizes=\"auto, (max-width: 300px) 100vw, 300px\" \/><\/p>\n<p>Twitter\u00a0<strong> <a href=\"https:\/\/twitter.com\/viva_eurovision\" target=\"_blank\" rel=\"noopener noreferrer\"><span style=\"color: #0066cc;\">@viva_eurovision<\/span><\/a>\u00a0 <a href=\"https:\/\/www.facebook.com\/Vivaeurovisioncom-867806686671081\/?fref=nf\" target=\"_blank\" rel=\"noopener noreferrer\"><span style=\"color: #0066cc;\">FACEBOOK OFICIAL VIVA EUROVISION <\/span><\/a><\/strong>Instragram <strong>\u00a0<\/strong><a href=\"https:\/\/www.instagram.com\/vivaeurovision\/\" target=\"_blank\" rel=\"noopener noreferrer\"><strong>@vivaeurovision<\/strong><\/a><\/p>\n<p>Redactor: Pedro Palomo <a href=\"https:\/\/twitter.com\/pedropalomobcn?lang=es\"><strong><span style=\"color: #0066cc;\">@pedropalomobcn<\/span><\/strong><\/a><strong>\u00a0<\/strong>Instagram <a href=\"https:\/\/www.instagram.com\/pedrobcn\/\" target=\"_blank\" rel=\"noopener noreferrer\"><strong>@pedrobcn<\/strong><\/a><\/p>\n","protected":false},"excerpt":{"rendered":"<p>Desde que se dieron a conocer las 42 canciones, que competir\u00e1n en la 62 edici\u00f3n del Festival de Eurovisi\u00f3n 2017, VIVAEUROVISION lanz\u00f3 el sondeo que durante semanas los lectores han&#46;&#46;&#46;<\/p>\n","protected":false},"author":1,"featured_media":4851,"comment_status":"open","ping_status":"closed","sticky":false,"template":"","format":"standard","meta":{"_exactmetrics_skip_tracking":false,"_exactmetrics_sitenote_active":false,"_exactmetrics_sitenote_note":"","_exactmetrics_sitenote_category":0,"footnotes":""},"categories":[6,1195,876,4,1188,2,875,3,25],"tags":[1542,17,865,11,670,1543,1576,999,1017,1882,1932,1476,866,706,1096,1097,1023,1228,34,19,20,766,2096,1931,2092,2093,2094,2095,23,22,2098,2097,2089,2090,2091,1923],"class_list":["post-4847","post","type-post","status-publish","format-standard","has-post-thumbnail","hentry","category-espana-en-eurovision","category-eurovision-2","category-eurovision-2017","category-eurovision","category-noticia-2","category-noticia","category-rincon-vivalamusica","category-ultima-hora","category-webs-amigas","tag-celebrate-diversity","tag-esc","tag-esc-2017","tag-eurovision","tag-eurovision-2017","tag-eurovision-celebrate-diversity","tag-eurovision-celebrate-diversity-kiev-2017","tag-eurovision-kiev","tag-eurovision-kiev-2017","tag-eurovision-poll","tag-eurovision-poll-2017","tag-eurovision-song-contest","tag-eurovision-song-contest-2017","tag-eurovision-song-contest-festival","tag-festival-de-eurovision","tag-festival-de-eurovision-2017","tag-kiev-2017","tag-musica","tag-noticia","tag-pedro-palomo","tag-pedro-palomo-eurovision","tag-pedro-palomo-vivaeurovision","tag-poll-esc-2017","tag-poll-eurovision","tag-sondeo-eurovision","tag-sondeo-eurovision-2017","tag-sondeo-vivaeurovision","tag-sondeo-vivaeurovision-2017","tag-viva-eurovision","tag-vivaeurovision","tag-vivaeurovision-poll","tag-vivaeurovision-sondeo","tag-vivatop","tag-vivatop-eurovision","tag-vivatop-eurovision-2017","tag-youtube"],"yoast_head":"<!-- This site is optimized with the Yoast SEO plugin v27.5 - https:\/\/yoast.com\/product\/yoast-seo-wordpress\/ -->\n<title>VIVATOP 42 Eurovisi\u00f3n 2017, resultado del sondeo de vivaeurovision - VIVAEUROVISION viva eurovision<\/title>\n<meta name=\"description\" content=\"eurovision, top eurovision 2017, top esc 2017, esc, esc 2017, eurovision 2017, vivaeurovision, festival de eurovisi\u00f3n, sondeo eurovision\" \/>\n<meta name=\"robots\" content=\"index, follow, max-snippet:-1, max-image-preview:large, max-video-preview:-1\" \/>\n<link rel=\"canonical\" href=\"https:\/\/www.vivaeurovision.com\/index.php\/2017\/05\/06\/top-eurovision\/\" \/>\n<meta property=\"og:locale\" content=\"es_ES\" \/>\n<meta property=\"og:type\" content=\"article\" \/>\n<meta property=\"og:title\" content=\"VIVATOP 42 Eurovisi\u00f3n 2017, resultado del sondeo de vivaeurovision - VIVAEUROVISION viva eurovision\" \/>\n<meta property=\"og:description\" content=\"eurovision, top eurovision 2017, top esc 2017, esc, esc 2017, eurovision 2017, vivaeurovision, festival de eurovisi\u00f3n, sondeo eurovision\" \/>\n<meta property=\"og:url\" content=\"https:\/\/www.vivaeurovision.com\/index.php\/2017\/05\/06\/top-eurovision\/\" \/>\n<meta property=\"og:site_name\" content=\"VIVAEUROVISION viva eurovision\" \/>\n<meta property=\"article:published_time\" content=\"2017-05-06T22:12:09+00:00\" \/>\n<meta property=\"article:modified_time\" content=\"2017-05-14T19:17:06+00:00\" \/>\n<meta property=\"og:image\" content=\"https:\/\/www.vivaeurovision.com\/wp-content\/uploads\/2017\/05\/vivaTop-1.jpg\" \/>\n\t<meta property=\"og:image:width\" content=\"642\" \/>\n\t<meta property=\"og:image:height\" content=\"359\" \/>\n\t<meta property=\"og:image:type\" content=\"image\/jpeg\" \/>\n<meta name=\"author\" content=\"Pedro Palomo\" \/>\n<meta name=\"twitter:card\" content=\"summary_large_image\" \/>\n<meta name=\"twitter:creator\" content=\"@pedropalomobcn\" \/>\n<meta name=\"twitter:label1\" content=\"Escrito por\" \/>\n\t<meta name=\"twitter:data1\" content=\"Pedro Palomo\" \/>\n\t<meta name=\"twitter:label2\" content=\"Tiempo de lectura\" \/>\n\t<meta name=\"twitter:data2\" content=\"1 minuto\" \/>\n<script type=\"application\/ld+json\" class=\"yoast-schema-graph\">{\"@context\":\"https:\\\/\\\/schema.org\",\"@graph\":[{\"@type\":\"Article\",\"@id\":\"https:\\\/\\\/www.vivaeurovision.com\\\/index.php\\\/2017\\\/05\\\/06\\\/top-eurovision\\\/#article\",\"isPartOf\":{\"@id\":\"https:\\\/\\\/www.vivaeurovision.com\\\/index.php\\\/2017\\\/05\\\/06\\\/top-eurovision\\\/\"},\"author\":{\"name\":\"Pedro Palomo\",\"@id\":\"https:\\\/\\\/www.vivaeurovision.com\\\/#\\\/schema\\\/person\\\/1d31fdaa3f5f7df556f73d164bd3c47a\"},\"headline\":\"VIVATOP 42 Eurovisi\u00f3n 2017, resultado del sondeo de vivaeurovision\",\"datePublished\":\"2017-05-06T22:12:09+00:00\",\"dateModified\":\"2017-05-14T19:17:06+00:00\",\"mainEntityOfPage\":{\"@id\":\"https:\\\/\\\/www.vivaeurovision.com\\\/index.php\\\/2017\\\/05\\\/06\\\/top-eurovision\\\/\"},\"wordCount\":217,\"commentCount\":0,\"publisher\":{\"@id\":\"https:\\\/\\\/www.vivaeurovision.com\\\/#organization\"},\"image\":{\"@id\":\"https:\\\/\\\/www.vivaeurovision.com\\\/index.php\\\/2017\\\/05\\\/06\\\/top-eurovision\\\/#primaryimage\"},\"thumbnailUrl\":\"https:\\\/\\\/www.vivaeurovision.com\\\/wp-content\\\/uploads\\\/2017\\\/05\\\/vivaTop-1.jpg\",\"keywords\":[\"celebrate diversity\",\"ESC\",\"esc 2017\",\"Eurovision\",\"Eurovision 2017\",\"eurovision celebrate diversity\",\"eurovision celebrate diversity kiev 2017\",\"Eurovision Kiev\",\"eurovision kiev 2017\",\"eurovision poll\",\"eurovision poll 2017\",\"eurovision song contest\",\"eurovision song contest 2017\",\"eurovision song contest festival\",\"Festival de Eurovisi\u00f3n\",\"Festival de Eurovisi\u00f3n 2017\",\"kiev 2017\",\"m\u00fasica\",\"Noticia\",\"Pedro Palomo\",\"Pedro Palomo Eurovision\",\"Pedro Palomo Vivaeurovision\",\"poll esc 2017\",\"poll eurovision\",\"sondeo eurovision\",\"sondeo eurovision 2017\",\"sondeo vivaeurovision\",\"sondeo vivaeurovision 2017\",\"viva eurovision\",\"vivaeurovision\",\"vivaeurovision poll\",\"vivaeurovision sondeo\",\"vivatop\",\"vivatop eurovision\",\"vivatop eurovision 2017\",\"YouTube\"],\"articleSection\":[\"Espa\u00f1a en Eurovisi\u00f3n\",\"eurovision\",\"Eurovisi\u00f3n 2017\",\"Inicio\",\"Noticia\",\"Noticias\",\"Rinc\u00f3n VIVALAMUSICA\",\"Ultima Hora\",\"Webs Amigas\"],\"inLanguage\":\"es\",\"potentialAction\":[{\"@type\":\"CommentAction\",\"name\":\"Comment\",\"target\":[\"https:\\\/\\\/www.vivaeurovision.com\\\/index.php\\\/2017\\\/05\\\/06\\\/top-eurovision\\\/#respond\"]}]},{\"@type\":\"WebPage\",\"@id\":\"https:\\\/\\\/www.vivaeurovision.com\\\/index.php\\\/2017\\\/05\\\/06\\\/top-eurovision\\\/\",\"url\":\"https:\\\/\\\/www.vivaeurovision.com\\\/index.php\\\/2017\\\/05\\\/06\\\/top-eurovision\\\/\",\"name\":\"VIVATOP 42 Eurovisi\u00f3n 2017, resultado del sondeo de vivaeurovision - VIVAEUROVISION viva eurovision\",\"isPartOf\":{\"@id\":\"https:\\\/\\\/www.vivaeurovision.com\\\/#website\"},\"primaryImageOfPage\":{\"@id\":\"https:\\\/\\\/www.vivaeurovision.com\\\/index.php\\\/2017\\\/05\\\/06\\\/top-eurovision\\\/#primaryimage\"},\"image\":{\"@id\":\"https:\\\/\\\/www.vivaeurovision.com\\\/index.php\\\/2017\\\/05\\\/06\\\/top-eurovision\\\/#primaryimage\"},\"thumbnailUrl\":\"https:\\\/\\\/www.vivaeurovision.com\\\/wp-content\\\/uploads\\\/2017\\\/05\\\/vivaTop-1.jpg\",\"datePublished\":\"2017-05-06T22:12:09+00:00\",\"dateModified\":\"2017-05-14T19:17:06+00:00\",\"description\":\"eurovision, top eurovision 2017, top esc 2017, esc, esc 2017, eurovision 2017, vivaeurovision, festival de eurovisi\u00f3n, sondeo eurovision\",\"breadcrumb\":{\"@id\":\"https:\\\/\\\/www.vivaeurovision.com\\\/index.php\\\/2017\\\/05\\\/06\\\/top-eurovision\\\/#breadcrumb\"},\"inLanguage\":\"es\",\"potentialAction\":[{\"@type\":\"ReadAction\",\"target\":[\"https:\\\/\\\/www.vivaeurovision.com\\\/index.php\\\/2017\\\/05\\\/06\\\/top-eurovision\\\/\"]}]},{\"@type\":\"ImageObject\",\"inLanguage\":\"es\",\"@id\":\"https:\\\/\\\/www.vivaeurovision.com\\\/index.php\\\/2017\\\/05\\\/06\\\/top-eurovision\\\/#primaryimage\",\"url\":\"https:\\\/\\\/www.vivaeurovision.com\\\/wp-content\\\/uploads\\\/2017\\\/05\\\/vivaTop-1.jpg\",\"contentUrl\":\"https:\\\/\\\/www.vivaeurovision.com\\\/wp-content\\\/uploads\\\/2017\\\/05\\\/vivaTop-1.jpg\",\"width\":642,\"height\":359,\"caption\":\"eurovision\"},{\"@type\":\"BreadcrumbList\",\"@id\":\"https:\\\/\\\/www.vivaeurovision.com\\\/index.php\\\/2017\\\/05\\\/06\\\/top-eurovision\\\/#breadcrumb\",\"itemListElement\":[{\"@type\":\"ListItem\",\"position\":1,\"name\":\"Portada\",\"item\":\"https:\\\/\\\/www.vivaeurovision.com\\\/\"},{\"@type\":\"ListItem\",\"position\":2,\"name\":\"VIVATOP 42 Eurovisi\u00f3n 2017, resultado del sondeo de vivaeurovision\"}]},{\"@type\":\"WebSite\",\"@id\":\"https:\\\/\\\/www.vivaeurovision.com\\\/#website\",\"url\":\"https:\\\/\\\/www.vivaeurovision.com\\\/\",\"name\":\"VIVAEUROVISION viva eurovision\",\"description\":\"Tu portal sobre el Festival de Eurovision, eurovision, eurovisi\u00f3n\",\"publisher\":{\"@id\":\"https:\\\/\\\/www.vivaeurovision.com\\\/#organization\"},\"potentialAction\":[{\"@type\":\"SearchAction\",\"target\":{\"@type\":\"EntryPoint\",\"urlTemplate\":\"https:\\\/\\\/www.vivaeurovision.com\\\/?s={search_term_string}\"},\"query-input\":{\"@type\":\"PropertyValueSpecification\",\"valueRequired\":true,\"valueName\":\"search_term_string\"}}],\"inLanguage\":\"es\"},{\"@type\":\"Organization\",\"@id\":\"https:\\\/\\\/www.vivaeurovision.com\\\/#organization\",\"name\":\"vivaeurovision\",\"url\":\"https:\\\/\\\/www.vivaeurovision.com\\\/\",\"logo\":{\"@type\":\"ImageObject\",\"inLanguage\":\"es\",\"@id\":\"https:\\\/\\\/www.vivaeurovision.com\\\/#\\\/schema\\\/logo\\\/image\\\/\",\"url\":\"https:\\\/\\\/www.vivaeurovision.com\\\/wp-content\\\/uploads\\\/2016\\\/01\\\/cropped-image-21-1.jpeg\",\"contentUrl\":\"https:\\\/\\\/www.vivaeurovision.com\\\/wp-content\\\/uploads\\\/2016\\\/01\\\/cropped-image-21-1.jpeg\",\"width\":669,\"height\":368,\"caption\":\"vivaeurovision\"},\"image\":{\"@id\":\"https:\\\/\\\/www.vivaeurovision.com\\\/#\\\/schema\\\/logo\\\/image\\\/\"}},{\"@type\":\"Person\",\"@id\":\"https:\\\/\\\/www.vivaeurovision.com\\\/#\\\/schema\\\/person\\\/1d31fdaa3f5f7df556f73d164bd3c47a\",\"name\":\"Pedro Palomo\",\"image\":{\"@type\":\"ImageObject\",\"inLanguage\":\"es\",\"@id\":\"https:\\\/\\\/secure.gravatar.com\\\/avatar\\\/4cf9a4877f5f71f44fb7cedbe1bac1bd28bd8ce7a217517d98d5b2117f9f5505?s=96&d=mm&r=g\",\"url\":\"https:\\\/\\\/secure.gravatar.com\\\/avatar\\\/4cf9a4877f5f71f44fb7cedbe1bac1bd28bd8ce7a217517d98d5b2117f9f5505?s=96&d=mm&r=g\",\"contentUrl\":\"https:\\\/\\\/secure.gravatar.com\\\/avatar\\\/4cf9a4877f5f71f44fb7cedbe1bac1bd28bd8ce7a217517d98d5b2117f9f5505?s=96&d=mm&r=g\",\"caption\":\"Pedro Palomo\"},\"sameAs\":[\"http:\\\/\\\/www.vivaeurovision.com\",\"@pedrobcn\",\"https:\\\/\\\/x.com\\\/@pedropalomobcn\"]}]}<\/script>\n<!-- \/ Yoast SEO plugin. -->","yoast_head_json":{"title":"VIVATOP 42 Eurovisi\u00f3n 2017, resultado del sondeo de vivaeurovision - VIVAEUROVISION viva eurovision","description":"eurovision, top eurovision 2017, top esc 2017, esc, esc 2017, eurovision 2017, vivaeurovision, festival de eurovisi\u00f3n, sondeo eurovision","robots":{"index":"index","follow":"follow","max-snippet":"max-snippet:-1","max-image-preview":"max-image-preview:large","max-video-preview":"max-video-preview:-1"},"canonical":"https:\/\/www.vivaeurovision.com\/index.php\/2017\/05\/06\/top-eurovision\/","og_locale":"es_ES","og_type":"article","og_title":"VIVATOP 42 Eurovisi\u00f3n 2017, resultado del sondeo de vivaeurovision - VIVAEUROVISION viva eurovision","og_description":"eurovision, top eurovision 2017, top esc 2017, esc, esc 2017, eurovision 2017, vivaeurovision, festival de eurovisi\u00f3n, sondeo eurovision","og_url":"https:\/\/www.vivaeurovision.com\/index.php\/2017\/05\/06\/top-eurovision\/","og_site_name":"VIVAEUROVISION viva eurovision","article_published_time":"2017-05-06T22:12:09+00:00","article_modified_time":"2017-05-14T19:17:06+00:00","og_image":[{"width":642,"height":359,"url":"https:\/\/www.vivaeurovision.com\/wp-content\/uploads\/2017\/05\/vivaTop-1.jpg","type":"image\/jpeg"}],"author":"Pedro Palomo","twitter_card":"summary_large_image","twitter_creator":"@pedropalomobcn","twitter_misc":{"Escrito por":"Pedro Palomo","Tiempo de lectura":"1 minuto"},"schema":{"@context":"https:\/\/schema.org","@graph":[{"@type":"Article","@id":"https:\/\/www.vivaeurovision.com\/index.php\/2017\/05\/06\/top-eurovision\/#article","isPartOf":{"@id":"https:\/\/www.vivaeurovision.com\/index.php\/2017\/05\/06\/top-eurovision\/"},"author":{"name":"Pedro Palomo","@id":"https:\/\/www.vivaeurovision.com\/#\/schema\/person\/1d31fdaa3f5f7df556f73d164bd3c47a"},"headline":"VIVATOP 42 Eurovisi\u00f3n 2017, resultado del sondeo de vivaeurovision","datePublished":"2017-05-06T22:12:09+00:00","dateModified":"2017-05-14T19:17:06+00:00","mainEntityOfPage":{"@id":"https:\/\/www.vivaeurovision.com\/index.php\/2017\/05\/06\/top-eurovision\/"},"wordCount":217,"commentCount":0,"publisher":{"@id":"https:\/\/www.vivaeurovision.com\/#organization"},"image":{"@id":"https:\/\/www.vivaeurovision.com\/index.php\/2017\/05\/06\/top-eurovision\/#primaryimage"},"thumbnailUrl":"https:\/\/www.vivaeurovision.com\/wp-content\/uploads\/2017\/05\/vivaTop-1.jpg","keywords":["celebrate diversity","ESC","esc 2017","Eurovision","Eurovision 2017","eurovision celebrate diversity","eurovision celebrate diversity kiev 2017","Eurovision Kiev","eurovision kiev 2017","eurovision poll","eurovision poll 2017","eurovision song contest","eurovision song contest 2017","eurovision song contest festival","Festival de Eurovisi\u00f3n","Festival de Eurovisi\u00f3n 2017","kiev 2017","m\u00fasica","Noticia","Pedro Palomo","Pedro Palomo Eurovision","Pedro Palomo Vivaeurovision","poll esc 2017","poll eurovision","sondeo eurovision","sondeo eurovision 2017","sondeo vivaeurovision","sondeo vivaeurovision 2017","viva eurovision","vivaeurovision","vivaeurovision poll","vivaeurovision sondeo","vivatop","vivatop eurovision","vivatop eurovision 2017","YouTube"],"articleSection":["Espa\u00f1a en Eurovisi\u00f3n","eurovision","Eurovisi\u00f3n 2017","Inicio","Noticia","Noticias","Rinc\u00f3n VIVALAMUSICA","Ultima Hora","Webs Amigas"],"inLanguage":"es","potentialAction":[{"@type":"CommentAction","name":"Comment","target":["https:\/\/www.vivaeurovision.com\/index.php\/2017\/05\/06\/top-eurovision\/#respond"]}]},{"@type":"WebPage","@id":"https:\/\/www.vivaeurovision.com\/index.php\/2017\/05\/06\/top-eurovision\/","url":"https:\/\/www.vivaeurovision.com\/index.php\/2017\/05\/06\/top-eurovision\/","name":"VIVATOP 42 Eurovisi\u00f3n 2017, resultado del sondeo de vivaeurovision - VIVAEUROVISION viva eurovision","isPartOf":{"@id":"https:\/\/www.vivaeurovision.com\/#website"},"primaryImageOfPage":{"@id":"https:\/\/www.vivaeurovision.com\/index.php\/2017\/05\/06\/top-eurovision\/#primaryimage"},"image":{"@id":"https:\/\/www.vivaeurovision.com\/index.php\/2017\/05\/06\/top-eurovision\/#primaryimage"},"thumbnailUrl":"https:\/\/www.vivaeurovision.com\/wp-content\/uploads\/2017\/05\/vivaTop-1.jpg","datePublished":"2017-05-06T22:12:09+00:00","dateModified":"2017-05-14T19:17:06+00:00","description":"eurovision, top eurovision 2017, top esc 2017, esc, esc 2017, eurovision 2017, vivaeurovision, festival de eurovisi\u00f3n, sondeo eurovision","breadcrumb":{"@id":"https:\/\/www.vivaeurovision.com\/index.php\/2017\/05\/06\/top-eurovision\/#breadcrumb"},"inLanguage":"es","potentialAction":[{"@type":"ReadAction","target":["https:\/\/www.vivaeurovision.com\/index.php\/2017\/05\/06\/top-eurovision\/"]}]},{"@type":"ImageObject","inLanguage":"es","@id":"https:\/\/www.vivaeurovision.com\/index.php\/2017\/05\/06\/top-eurovision\/#primaryimage","url":"https:\/\/www.vivaeurovision.com\/wp-content\/uploads\/2017\/05\/vivaTop-1.jpg","contentUrl":"https:\/\/www.vivaeurovision.com\/wp-content\/uploads\/2017\/05\/vivaTop-1.jpg","width":642,"height":359,"caption":"eurovision"},{"@type":"BreadcrumbList","@id":"https:\/\/www.vivaeurovision.com\/index.php\/2017\/05\/06\/top-eurovision\/#breadcrumb","itemListElement":[{"@type":"ListItem","position":1,"name":"Portada","item":"https:\/\/www.vivaeurovision.com\/"},{"@type":"ListItem","position":2,"name":"VIVATOP 42 Eurovisi\u00f3n 2017, resultado del sondeo de vivaeurovision"}]},{"@type":"WebSite","@id":"https:\/\/www.vivaeurovision.com\/#website","url":"https:\/\/www.vivaeurovision.com\/","name":"VIVAEUROVISION viva eurovision","description":"Tu portal sobre el Festival de Eurovision, eurovision, eurovisi\u00f3n","publisher":{"@id":"https:\/\/www.vivaeurovision.com\/#organization"},"potentialAction":[{"@type":"SearchAction","target":{"@type":"EntryPoint","urlTemplate":"https:\/\/www.vivaeurovision.com\/?s={search_term_string}"},"query-input":{"@type":"PropertyValueSpecification","valueRequired":true,"valueName":"search_term_string"}}],"inLanguage":"es"},{"@type":"Organization","@id":"https:\/\/www.vivaeurovision.com\/#organization","name":"vivaeurovision","url":"https:\/\/www.vivaeurovision.com\/","logo":{"@type":"ImageObject","inLanguage":"es","@id":"https:\/\/www.vivaeurovision.com\/#\/schema\/logo\/image\/","url":"https:\/\/www.vivaeurovision.com\/wp-content\/uploads\/2016\/01\/cropped-image-21-1.jpeg","contentUrl":"https:\/\/www.vivaeurovision.com\/wp-content\/uploads\/2016\/01\/cropped-image-21-1.jpeg","width":669,"height":368,"caption":"vivaeurovision"},"image":{"@id":"https:\/\/www.vivaeurovision.com\/#\/schema\/logo\/image\/"}},{"@type":"Person","@id":"https:\/\/www.vivaeurovision.com\/#\/schema\/person\/1d31fdaa3f5f7df556f73d164bd3c47a","name":"Pedro Palomo","image":{"@type":"ImageObject","inLanguage":"es","@id":"https:\/\/secure.gravatar.com\/avatar\/4cf9a4877f5f71f44fb7cedbe1bac1bd28bd8ce7a217517d98d5b2117f9f5505?s=96&d=mm&r=g","url":"https:\/\/secure.gravatar.com\/avatar\/4cf9a4877f5f71f44fb7cedbe1bac1bd28bd8ce7a217517d98d5b2117f9f5505?s=96&d=mm&r=g","contentUrl":"https:\/\/secure.gravatar.com\/avatar\/4cf9a4877f5f71f44fb7cedbe1bac1bd28bd8ce7a217517d98d5b2117f9f5505?s=96&d=mm&r=g","caption":"Pedro Palomo"},"sameAs":["http:\/\/www.vivaeurovision.com","@pedrobcn","https:\/\/x.com\/@pedropalomobcn"]}]}},"_links":{"self":[{"href":"https:\/\/www.vivaeurovision.com\/index.php\/wp-json\/wp\/v2\/posts\/4847","targetHints":{"allow":["GET"]}}],"collection":[{"href":"https:\/\/www.vivaeurovision.com\/index.php\/wp-json\/wp\/v2\/posts"}],"about":[{"href":"https:\/\/www.vivaeurovision.com\/index.php\/wp-json\/wp\/v2\/types\/post"}],"author":[{"embeddable":true,"href":"https:\/\/www.vivaeurovision.com\/index.php\/wp-json\/wp\/v2\/users\/1"}],"replies":[{"embeddable":true,"href":"https:\/\/www.vivaeurovision.com\/index.php\/wp-json\/wp\/v2\/comments?post=4847"}],"version-history":[{"count":1,"href":"https:\/\/www.vivaeurovision.com\/index.php\/wp-json\/wp\/v2\/posts\/4847\/revisions"}],"predecessor-version":[{"id":4849,"href":"https:\/\/www.vivaeurovision.com\/index.php\/wp-json\/wp\/v2\/posts\/4847\/revisions\/4849"}],"wp:featuredmedia":[{"embeddable":true,"href":"https:\/\/www.vivaeurovision.com\/index.php\/wp-json\/wp\/v2\/media\/4851"}],"wp:attachment":[{"href":"https:\/\/www.vivaeurovision.com\/index.php\/wp-json\/wp\/v2\/media?parent=4847"}],"wp:term":[{"taxonomy":"category","embeddable":true,"href":"https:\/\/www.vivaeurovision.com\/index.php\/wp-json\/wp\/v2\/categories?post=4847"},{"taxonomy":"post_tag","embeddable":true,"href":"https:\/\/www.vivaeurovision.com\/index.php\/wp-json\/wp\/v2\/tags?post=4847"}],"curies":[{"name":"wp","href":"https:\/\/api.w.org\/{rel}","templated":true}]}}