{"id":4906,"date":"2017-05-09T13:53:19","date_gmt":"2017-05-09T13:53:19","guid":{"rendered":"http:\/\/www.vivaeurovision.com\/?p=4906"},"modified":"2017-05-09T13:53:19","modified_gmt":"2017-05-09T13:53:19","slug":"4906-semifinal1-eurovision","status":"publish","type":"post","link":"https:\/\/www.vivaeurovision.com\/index.php\/2017\/05\/09\/4906-semifinal1-eurovision\/","title":{"rendered":"Vive con vivaeurovision, la primera semifinal de Eurovisi\u00f3n 2017"},"content":{"rendered":"<p>Eurovision 2017<\/p>\n<p>Hoy a partir de las 21h se celebra la primera semifinal del Festival de Eurovisi\u00f3n 2017, donde 18 pa\u00edses competir\u00e1n para conseguir su pase a la gran final del 13 de mayo.<\/p>\n<p>Desde el escenario del centro internacional de exposiciones de Kiev, veremos las 18 candidaturas, de las cuales solo 10 pasar\u00e1n a la final.<\/p>\n<p>En la semifinal de hoy vota Espa\u00f1a, Italia y Reino Unido.<\/p>\n<h3>El orden de actuaci\u00f3n es el siguiente:<\/h3>\n<p>1-Suecia<\/p>\n<p>2-Georgia<\/p>\n<p>3-Australia<\/p>\n<p>4-Albania<\/p>\n<p>5-B\u00e9lgica<\/p>\n<p>6-Montenegro<\/p>\n<p>7-Finlandia<\/p>\n<p>8-Azerbaiy\u00e1n<\/p>\n<p>9-Portugal<\/p>\n<p>10-Grecia<\/p>\n<p>11-Polonia<\/p>\n<p>12-Moldavia<\/p>\n<p>13-Islandia<\/p>\n<p>14-Rep\u00fablica Checa<\/p>\n<p>15-Chipre<\/p>\n<p>16-Armenia<\/p>\n<p>17-Eslovenia<\/p>\n<p>18-Letonia<\/p>\n<p>Desde todas nuestras redes sociales, Facebook, Twitter e Instagram podr\u00e1s seguir y comentar la semifinal.<\/p>\n<p>A partir de las 21h en directo en La2 de RTVE, comentado por Julia Varela y Jos\u00e9 Mar\u00eda I\u00f1igo, tambi\u00e9n lo pod\u00e9is seguir online en Eurovision.tv<\/p>\n<p>El jurado nacional de Espa\u00f1a, est\u00e1 compuesto por David Civera, Rub\u00e9n Villanueva, Natalia, Antonio Hueso y Paula Rojo. A los votos del jurado se le ha de sumar el 50% del televoto.<\/p>\n<p><iframe loading=\"lazy\"  id=\"_ytid_84970\"  width=\"480\" height=\"270\"  data-origwidth=\"480\" data-origheight=\"270\" src=\"https:\/\/www.youtube.com\/embed\/5hrla2ksJPM?enablejsapi=1&#038;autoplay=0&#038;cc_load_policy=0&#038;cc_lang_pref=&#038;iv_load_policy=1&#038;loop=0&#038;rel=1&#038;fs=1&#038;playsinline=0&#038;autohide=2&#038;theme=dark&#038;color=red&#038;controls=1&#038;disablekb=0&#038;\" class=\"__youtube_prefs__  epyt-is-override  no-lazyload\" title=\"YouTube player\"  allow=\"fullscreen; accelerometer; autoplay; clipboard-write; encrypted-media; gyroscope; picture-in-picture; web-share\" referrerpolicy=\"strict-origin-when-cross-origin\" allowfullscreen data-no-lazy=\"1\" data-skipgform_ajax_framebjll=\"\"><\/iframe><\/p>\n<p>&nbsp;<\/p>\n<p>&nbsp;<\/p>\n<p>&nbsp;<\/p>\n<p>&nbsp;<\/p>\n<p>&nbsp;<\/p>\n<p><img loading=\"lazy\" decoding=\"async\" class=\"alignnone size-medium wp-image-311\" src=\"http:\/\/www.vivaeurovision.com\/wp-content\/uploads\/2016\/01\/image-21-300x165.jpeg\" alt=\"VIVAEUROVISION.COM\" width=\"300\" height=\"165\" srcset=\"https:\/\/www.vivaeurovision.com\/wp-content\/uploads\/2016\/01\/image-21-300x165.jpeg 300w, https:\/\/www.vivaeurovision.com\/wp-content\/uploads\/2016\/01\/image-21-555x305.jpeg 555w, https:\/\/www.vivaeurovision.com\/wp-content\/uploads\/2016\/01\/image-21.jpeg 669w\" sizes=\"auto, (max-width: 300px) 100vw, 300px\" \/><\/p>\n<p>Twitter\u00a0<strong> <a href=\"https:\/\/twitter.com\/viva_eurovision\" target=\"_blank\" rel=\"noopener noreferrer\"><span style=\"color: #0066cc;\">@viva_eurovision<\/span><\/a>\u00a0 <a href=\"https:\/\/www.facebook.com\/Vivaeurovisioncom-867806686671081\/?fref=nf\" target=\"_blank\" rel=\"noopener noreferrer\"><span style=\"color: #0066cc;\">FACEBOOK OFICIAL VIVA EUROVISION <\/span><\/a><\/strong>Instragram <strong>\u00a0<\/strong><a href=\"https:\/\/www.instagram.com\/vivaeurovision\/\" target=\"_blank\" rel=\"noopener noreferrer\"><strong>@vivaeurovision<\/strong><\/a><\/p>\n<p>Redactor: Pedro Palomo <a href=\"https:\/\/twitter.com\/pedropalomobcn?lang=es\"><strong><span style=\"color: #0066cc;\">@pedropalomobcn<\/span><\/strong><\/a><strong>\u00a0<\/strong>Instagram <a href=\"https:\/\/www.instagram.com\/pedrobcn\/\" target=\"_blank\" rel=\"noopener noreferrer\"><strong>@pedrobcn<\/strong><\/a><\/p>\n","protected":false},"excerpt":{"rendered":"<p>Eurovision 2017 Hoy a partir de las 21h se celebra la primera semifinal del Festival de Eurovisi\u00f3n 2017, donde 18 pa\u00edses competir\u00e1n para conseguir su pase a la gran final&#46;&#46;&#46;<\/p>\n","protected":false},"author":1,"featured_media":4924,"comment_status":"open","ping_status":"closed","sticky":false,"template":"","format":"standard","meta":{"_exactmetrics_skip_tracking":false,"_exactmetrics_sitenote_active":false,"_exactmetrics_sitenote_note":"","_exactmetrics_sitenote_category":0,"footnotes":""},"categories":[6,1195,876,4,1188,2,3],"tags":[1542,155,17,865,870,11,670,1543,1576,999,1017,866,706,869,1096,1097,34,19,20,766,2114,2115,18,110,2044,154,23,22],"class_list":["post-4906","post","type-post","status-publish","format-standard","has-post-thumbnail","hentry","category-espana-en-eurovision","category-eurovision-2","category-eurovision-2017","category-eurovision","category-noticia-2","category-noticia","category-ultima-hora","tag-celebrate-diversity","tag-ebu","tag-esc","tag-esc-2017","tag-espana-eurovision-2017","tag-eurovision","tag-eurovision-2017","tag-eurovision-celebrate-diversity","tag-eurovision-celebrate-diversity-kiev-2017","tag-eurovision-kiev","tag-eurovision-kiev-2017","tag-eurovision-song-contest-2017","tag-eurovision-song-contest-festival","tag-eurovision-spain-2017","tag-festival-de-eurovision","tag-festival-de-eurovision-2017","tag-noticia","tag-pedro-palomo","tag-pedro-palomo-eurovision","tag-pedro-palomo-vivaeurovision","tag-primera-semifinal-eurovision","tag-primera-semifinal-eurovision-2017","tag-rtve","tag-rtve-eurovision","tag-rtve-eurovision-2017","tag-uer","tag-viva-eurovision","tag-vivaeurovision"],"yoast_head":"<!-- This site is optimized with the Yoast SEO plugin v27.5 - https:\/\/yoast.com\/product\/yoast-seo-wordpress\/ -->\n<title>Vive con vivaeurovision, la primera semifinal de Eurovisi\u00f3n 2017 - VIVAEUROVISION viva eurovision<\/title>\n<meta name=\"description\" content=\"eurovision, vivaeurovision, eurovision 2017, semifinal eurovision 2017, festival de eurovisi\u00f3n, esc 2017, eurovisi\u00f3n, celebrate diversity\" \/>\n<meta name=\"robots\" content=\"index, follow, max-snippet:-1, max-image-preview:large, max-video-preview:-1\" \/>\n<link rel=\"canonical\" href=\"https:\/\/www.vivaeurovision.com\/index.php\/2017\/05\/09\/4906-semifinal1-eurovision\/\" \/>\n<meta property=\"og:locale\" content=\"es_ES\" \/>\n<meta property=\"og:type\" content=\"article\" \/>\n<meta property=\"og:title\" content=\"Vive con vivaeurovision, la primera semifinal de Eurovisi\u00f3n 2017 - VIVAEUROVISION viva eurovision\" \/>\n<meta property=\"og:description\" content=\"eurovision, vivaeurovision, eurovision 2017, semifinal eurovision 2017, festival de eurovisi\u00f3n, esc 2017, eurovisi\u00f3n, celebrate diversity\" \/>\n<meta property=\"og:url\" content=\"https:\/\/www.vivaeurovision.com\/index.php\/2017\/05\/09\/4906-semifinal1-eurovision\/\" \/>\n<meta property=\"og:site_name\" content=\"VIVAEUROVISION viva eurovision\" \/>\n<meta property=\"article:published_time\" content=\"2017-05-09T13:53:19+00:00\" \/>\n<meta property=\"og:image\" content=\"https:\/\/www.vivaeurovision.com\/wp-content\/uploads\/2017\/05\/Enlight170.jpg\" \/>\n\t<meta property=\"og:image:width\" content=\"1280\" \/>\n\t<meta property=\"og:image:height\" content=\"739\" \/>\n\t<meta property=\"og:image:type\" content=\"image\/jpeg\" \/>\n<meta name=\"author\" content=\"Pedro Palomo\" \/>\n<meta name=\"twitter:card\" content=\"summary_large_image\" \/>\n<meta name=\"twitter:creator\" content=\"@pedropalomobcn\" \/>\n<meta name=\"twitter:label1\" content=\"Escrito por\" \/>\n\t<meta name=\"twitter:data1\" content=\"Pedro Palomo\" \/>\n\t<meta name=\"twitter:label2\" content=\"Tiempo de lectura\" \/>\n\t<meta name=\"twitter:data2\" content=\"1 minuto\" \/>\n<script type=\"application\/ld+json\" class=\"yoast-schema-graph\">{\"@context\":\"https:\\\/\\\/schema.org\",\"@graph\":[{\"@type\":\"Article\",\"@id\":\"https:\\\/\\\/www.vivaeurovision.com\\\/index.php\\\/2017\\\/05\\\/09\\\/4906-semifinal1-eurovision\\\/#article\",\"isPartOf\":{\"@id\":\"https:\\\/\\\/www.vivaeurovision.com\\\/index.php\\\/2017\\\/05\\\/09\\\/4906-semifinal1-eurovision\\\/\"},\"author\":{\"name\":\"Pedro Palomo\",\"@id\":\"https:\\\/\\\/www.vivaeurovision.com\\\/#\\\/schema\\\/person\\\/1d31fdaa3f5f7df556f73d164bd3c47a\"},\"headline\":\"Vive con vivaeurovision, la primera semifinal de Eurovisi\u00f3n 2017\",\"datePublished\":\"2017-05-09T13:53:19+00:00\",\"mainEntityOfPage\":{\"@id\":\"https:\\\/\\\/www.vivaeurovision.com\\\/index.php\\\/2017\\\/05\\\/09\\\/4906-semifinal1-eurovision\\\/\"},\"wordCount\":211,\"commentCount\":0,\"publisher\":{\"@id\":\"https:\\\/\\\/www.vivaeurovision.com\\\/#organization\"},\"image\":{\"@id\":\"https:\\\/\\\/www.vivaeurovision.com\\\/index.php\\\/2017\\\/05\\\/09\\\/4906-semifinal1-eurovision\\\/#primaryimage\"},\"thumbnailUrl\":\"https:\\\/\\\/www.vivaeurovision.com\\\/wp-content\\\/uploads\\\/2017\\\/05\\\/Enlight170.jpg\",\"keywords\":[\"celebrate diversity\",\"ebu\",\"ESC\",\"esc 2017\",\"espa\u00f1a eurovision 2017\",\"Eurovision\",\"Eurovision 2017\",\"eurovision celebrate diversity\",\"eurovision celebrate diversity kiev 2017\",\"Eurovision Kiev\",\"eurovision kiev 2017\",\"eurovision song contest 2017\",\"eurovision song contest festival\",\"eurovision spain 2017\",\"Festival de Eurovisi\u00f3n\",\"Festival de Eurovisi\u00f3n 2017\",\"Noticia\",\"Pedro Palomo\",\"Pedro Palomo Eurovision\",\"Pedro Palomo Vivaeurovision\",\"primera semifinal eurovision\",\"primera semifinal eurovision 2017\",\"RTVE\",\"Rtve EUROVISION\",\"rtve eurovision 2017\",\"uer\",\"viva eurovision\",\"vivaeurovision\"],\"articleSection\":[\"Espa\u00f1a en Eurovisi\u00f3n\",\"eurovision\",\"Eurovisi\u00f3n 2017\",\"Inicio\",\"Noticia\",\"Noticias\",\"Ultima Hora\"],\"inLanguage\":\"es\",\"potentialAction\":[{\"@type\":\"CommentAction\",\"name\":\"Comment\",\"target\":[\"https:\\\/\\\/www.vivaeurovision.com\\\/index.php\\\/2017\\\/05\\\/09\\\/4906-semifinal1-eurovision\\\/#respond\"]}]},{\"@type\":\"WebPage\",\"@id\":\"https:\\\/\\\/www.vivaeurovision.com\\\/index.php\\\/2017\\\/05\\\/09\\\/4906-semifinal1-eurovision\\\/\",\"url\":\"https:\\\/\\\/www.vivaeurovision.com\\\/index.php\\\/2017\\\/05\\\/09\\\/4906-semifinal1-eurovision\\\/\",\"name\":\"Vive con vivaeurovision, la primera semifinal de Eurovisi\u00f3n 2017 - VIVAEUROVISION viva eurovision\",\"isPartOf\":{\"@id\":\"https:\\\/\\\/www.vivaeurovision.com\\\/#website\"},\"primaryImageOfPage\":{\"@id\":\"https:\\\/\\\/www.vivaeurovision.com\\\/index.php\\\/2017\\\/05\\\/09\\\/4906-semifinal1-eurovision\\\/#primaryimage\"},\"image\":{\"@id\":\"https:\\\/\\\/www.vivaeurovision.com\\\/index.php\\\/2017\\\/05\\\/09\\\/4906-semifinal1-eurovision\\\/#primaryimage\"},\"thumbnailUrl\":\"https:\\\/\\\/www.vivaeurovision.com\\\/wp-content\\\/uploads\\\/2017\\\/05\\\/Enlight170.jpg\",\"datePublished\":\"2017-05-09T13:53:19+00:00\",\"description\":\"eurovision, vivaeurovision, eurovision 2017, semifinal eurovision 2017, festival de eurovisi\u00f3n, esc 2017, eurovisi\u00f3n, celebrate diversity\",\"breadcrumb\":{\"@id\":\"https:\\\/\\\/www.vivaeurovision.com\\\/index.php\\\/2017\\\/05\\\/09\\\/4906-semifinal1-eurovision\\\/#breadcrumb\"},\"inLanguage\":\"es\",\"potentialAction\":[{\"@type\":\"ReadAction\",\"target\":[\"https:\\\/\\\/www.vivaeurovision.com\\\/index.php\\\/2017\\\/05\\\/09\\\/4906-semifinal1-eurovision\\\/\"]}]},{\"@type\":\"ImageObject\",\"inLanguage\":\"es\",\"@id\":\"https:\\\/\\\/www.vivaeurovision.com\\\/index.php\\\/2017\\\/05\\\/09\\\/4906-semifinal1-eurovision\\\/#primaryimage\",\"url\":\"https:\\\/\\\/www.vivaeurovision.com\\\/wp-content\\\/uploads\\\/2017\\\/05\\\/Enlight170.jpg\",\"contentUrl\":\"https:\\\/\\\/www.vivaeurovision.com\\\/wp-content\\\/uploads\\\/2017\\\/05\\\/Enlight170.jpg\",\"width\":1280,\"height\":739},{\"@type\":\"BreadcrumbList\",\"@id\":\"https:\\\/\\\/www.vivaeurovision.com\\\/index.php\\\/2017\\\/05\\\/09\\\/4906-semifinal1-eurovision\\\/#breadcrumb\",\"itemListElement\":[{\"@type\":\"ListItem\",\"position\":1,\"name\":\"Portada\",\"item\":\"https:\\\/\\\/www.vivaeurovision.com\\\/\"},{\"@type\":\"ListItem\",\"position\":2,\"name\":\"Vive con vivaeurovision, la primera semifinal de Eurovisi\u00f3n 2017\"}]},{\"@type\":\"WebSite\",\"@id\":\"https:\\\/\\\/www.vivaeurovision.com\\\/#website\",\"url\":\"https:\\\/\\\/www.vivaeurovision.com\\\/\",\"name\":\"VIVAEUROVISION viva eurovision\",\"description\":\"Tu portal sobre el Festival de Eurovision, eurovision, eurovisi\u00f3n\",\"publisher\":{\"@id\":\"https:\\\/\\\/www.vivaeurovision.com\\\/#organization\"},\"potentialAction\":[{\"@type\":\"SearchAction\",\"target\":{\"@type\":\"EntryPoint\",\"urlTemplate\":\"https:\\\/\\\/www.vivaeurovision.com\\\/?s={search_term_string}\"},\"query-input\":{\"@type\":\"PropertyValueSpecification\",\"valueRequired\":true,\"valueName\":\"search_term_string\"}}],\"inLanguage\":\"es\"},{\"@type\":\"Organization\",\"@id\":\"https:\\\/\\\/www.vivaeurovision.com\\\/#organization\",\"name\":\"vivaeurovision\",\"url\":\"https:\\\/\\\/www.vivaeurovision.com\\\/\",\"logo\":{\"@type\":\"ImageObject\",\"inLanguage\":\"es\",\"@id\":\"https:\\\/\\\/www.vivaeurovision.com\\\/#\\\/schema\\\/logo\\\/image\\\/\",\"url\":\"https:\\\/\\\/www.vivaeurovision.com\\\/wp-content\\\/uploads\\\/2016\\\/01\\\/cropped-image-21-1.jpeg\",\"contentUrl\":\"https:\\\/\\\/www.vivaeurovision.com\\\/wp-content\\\/uploads\\\/2016\\\/01\\\/cropped-image-21-1.jpeg\",\"width\":669,\"height\":368,\"caption\":\"vivaeurovision\"},\"image\":{\"@id\":\"https:\\\/\\\/www.vivaeurovision.com\\\/#\\\/schema\\\/logo\\\/image\\\/\"}},{\"@type\":\"Person\",\"@id\":\"https:\\\/\\\/www.vivaeurovision.com\\\/#\\\/schema\\\/person\\\/1d31fdaa3f5f7df556f73d164bd3c47a\",\"name\":\"Pedro Palomo\",\"image\":{\"@type\":\"ImageObject\",\"inLanguage\":\"es\",\"@id\":\"https:\\\/\\\/secure.gravatar.com\\\/avatar\\\/4cf9a4877f5f71f44fb7cedbe1bac1bd28bd8ce7a217517d98d5b2117f9f5505?s=96&d=mm&r=g\",\"url\":\"https:\\\/\\\/secure.gravatar.com\\\/avatar\\\/4cf9a4877f5f71f44fb7cedbe1bac1bd28bd8ce7a217517d98d5b2117f9f5505?s=96&d=mm&r=g\",\"contentUrl\":\"https:\\\/\\\/secure.gravatar.com\\\/avatar\\\/4cf9a4877f5f71f44fb7cedbe1bac1bd28bd8ce7a217517d98d5b2117f9f5505?s=96&d=mm&r=g\",\"caption\":\"Pedro Palomo\"},\"sameAs\":[\"http:\\\/\\\/www.vivaeurovision.com\",\"@pedrobcn\",\"https:\\\/\\\/x.com\\\/@pedropalomobcn\"]}]}<\/script>\n<!-- \/ Yoast SEO plugin. -->","yoast_head_json":{"title":"Vive con vivaeurovision, la primera semifinal de Eurovisi\u00f3n 2017 - VIVAEUROVISION viva eurovision","description":"eurovision, vivaeurovision, eurovision 2017, semifinal eurovision 2017, festival de eurovisi\u00f3n, esc 2017, eurovisi\u00f3n, celebrate diversity","robots":{"index":"index","follow":"follow","max-snippet":"max-snippet:-1","max-image-preview":"max-image-preview:large","max-video-preview":"max-video-preview:-1"},"canonical":"https:\/\/www.vivaeurovision.com\/index.php\/2017\/05\/09\/4906-semifinal1-eurovision\/","og_locale":"es_ES","og_type":"article","og_title":"Vive con vivaeurovision, la primera semifinal de Eurovisi\u00f3n 2017 - VIVAEUROVISION viva eurovision","og_description":"eurovision, vivaeurovision, eurovision 2017, semifinal eurovision 2017, festival de eurovisi\u00f3n, esc 2017, eurovisi\u00f3n, celebrate diversity","og_url":"https:\/\/www.vivaeurovision.com\/index.php\/2017\/05\/09\/4906-semifinal1-eurovision\/","og_site_name":"VIVAEUROVISION viva eurovision","article_published_time":"2017-05-09T13:53:19+00:00","og_image":[{"width":1280,"height":739,"url":"https:\/\/www.vivaeurovision.com\/wp-content\/uploads\/2017\/05\/Enlight170.jpg","type":"image\/jpeg"}],"author":"Pedro Palomo","twitter_card":"summary_large_image","twitter_creator":"@pedropalomobcn","twitter_misc":{"Escrito por":"Pedro Palomo","Tiempo de lectura":"1 minuto"},"schema":{"@context":"https:\/\/schema.org","@graph":[{"@type":"Article","@id":"https:\/\/www.vivaeurovision.com\/index.php\/2017\/05\/09\/4906-semifinal1-eurovision\/#article","isPartOf":{"@id":"https:\/\/www.vivaeurovision.com\/index.php\/2017\/05\/09\/4906-semifinal1-eurovision\/"},"author":{"name":"Pedro Palomo","@id":"https:\/\/www.vivaeurovision.com\/#\/schema\/person\/1d31fdaa3f5f7df556f73d164bd3c47a"},"headline":"Vive con vivaeurovision, la primera semifinal de Eurovisi\u00f3n 2017","datePublished":"2017-05-09T13:53:19+00:00","mainEntityOfPage":{"@id":"https:\/\/www.vivaeurovision.com\/index.php\/2017\/05\/09\/4906-semifinal1-eurovision\/"},"wordCount":211,"commentCount":0,"publisher":{"@id":"https:\/\/www.vivaeurovision.com\/#organization"},"image":{"@id":"https:\/\/www.vivaeurovision.com\/index.php\/2017\/05\/09\/4906-semifinal1-eurovision\/#primaryimage"},"thumbnailUrl":"https:\/\/www.vivaeurovision.com\/wp-content\/uploads\/2017\/05\/Enlight170.jpg","keywords":["celebrate diversity","ebu","ESC","esc 2017","espa\u00f1a eurovision 2017","Eurovision","Eurovision 2017","eurovision celebrate diversity","eurovision celebrate diversity kiev 2017","Eurovision Kiev","eurovision kiev 2017","eurovision song contest 2017","eurovision song contest festival","eurovision spain 2017","Festival de Eurovisi\u00f3n","Festival de Eurovisi\u00f3n 2017","Noticia","Pedro Palomo","Pedro Palomo Eurovision","Pedro Palomo Vivaeurovision","primera semifinal eurovision","primera semifinal eurovision 2017","RTVE","Rtve EUROVISION","rtve eurovision 2017","uer","viva eurovision","vivaeurovision"],"articleSection":["Espa\u00f1a en Eurovisi\u00f3n","eurovision","Eurovisi\u00f3n 2017","Inicio","Noticia","Noticias","Ultima Hora"],"inLanguage":"es","potentialAction":[{"@type":"CommentAction","name":"Comment","target":["https:\/\/www.vivaeurovision.com\/index.php\/2017\/05\/09\/4906-semifinal1-eurovision\/#respond"]}]},{"@type":"WebPage","@id":"https:\/\/www.vivaeurovision.com\/index.php\/2017\/05\/09\/4906-semifinal1-eurovision\/","url":"https:\/\/www.vivaeurovision.com\/index.php\/2017\/05\/09\/4906-semifinal1-eurovision\/","name":"Vive con vivaeurovision, la primera semifinal de Eurovisi\u00f3n 2017 - VIVAEUROVISION viva eurovision","isPartOf":{"@id":"https:\/\/www.vivaeurovision.com\/#website"},"primaryImageOfPage":{"@id":"https:\/\/www.vivaeurovision.com\/index.php\/2017\/05\/09\/4906-semifinal1-eurovision\/#primaryimage"},"image":{"@id":"https:\/\/www.vivaeurovision.com\/index.php\/2017\/05\/09\/4906-semifinal1-eurovision\/#primaryimage"},"thumbnailUrl":"https:\/\/www.vivaeurovision.com\/wp-content\/uploads\/2017\/05\/Enlight170.jpg","datePublished":"2017-05-09T13:53:19+00:00","description":"eurovision, vivaeurovision, eurovision 2017, semifinal eurovision 2017, festival de eurovisi\u00f3n, esc 2017, eurovisi\u00f3n, celebrate diversity","breadcrumb":{"@id":"https:\/\/www.vivaeurovision.com\/index.php\/2017\/05\/09\/4906-semifinal1-eurovision\/#breadcrumb"},"inLanguage":"es","potentialAction":[{"@type":"ReadAction","target":["https:\/\/www.vivaeurovision.com\/index.php\/2017\/05\/09\/4906-semifinal1-eurovision\/"]}]},{"@type":"ImageObject","inLanguage":"es","@id":"https:\/\/www.vivaeurovision.com\/index.php\/2017\/05\/09\/4906-semifinal1-eurovision\/#primaryimage","url":"https:\/\/www.vivaeurovision.com\/wp-content\/uploads\/2017\/05\/Enlight170.jpg","contentUrl":"https:\/\/www.vivaeurovision.com\/wp-content\/uploads\/2017\/05\/Enlight170.jpg","width":1280,"height":739},{"@type":"BreadcrumbList","@id":"https:\/\/www.vivaeurovision.com\/index.php\/2017\/05\/09\/4906-semifinal1-eurovision\/#breadcrumb","itemListElement":[{"@type":"ListItem","position":1,"name":"Portada","item":"https:\/\/www.vivaeurovision.com\/"},{"@type":"ListItem","position":2,"name":"Vive con vivaeurovision, la primera semifinal de Eurovisi\u00f3n 2017"}]},{"@type":"WebSite","@id":"https:\/\/www.vivaeurovision.com\/#website","url":"https:\/\/www.vivaeurovision.com\/","name":"VIVAEUROVISION viva eurovision","description":"Tu portal sobre el Festival de Eurovision, eurovision, eurovisi\u00f3n","publisher":{"@id":"https:\/\/www.vivaeurovision.com\/#organization"},"potentialAction":[{"@type":"SearchAction","target":{"@type":"EntryPoint","urlTemplate":"https:\/\/www.vivaeurovision.com\/?s={search_term_string}"},"query-input":{"@type":"PropertyValueSpecification","valueRequired":true,"valueName":"search_term_string"}}],"inLanguage":"es"},{"@type":"Organization","@id":"https:\/\/www.vivaeurovision.com\/#organization","name":"vivaeurovision","url":"https:\/\/www.vivaeurovision.com\/","logo":{"@type":"ImageObject","inLanguage":"es","@id":"https:\/\/www.vivaeurovision.com\/#\/schema\/logo\/image\/","url":"https:\/\/www.vivaeurovision.com\/wp-content\/uploads\/2016\/01\/cropped-image-21-1.jpeg","contentUrl":"https:\/\/www.vivaeurovision.com\/wp-content\/uploads\/2016\/01\/cropped-image-21-1.jpeg","width":669,"height":368,"caption":"vivaeurovision"},"image":{"@id":"https:\/\/www.vivaeurovision.com\/#\/schema\/logo\/image\/"}},{"@type":"Person","@id":"https:\/\/www.vivaeurovision.com\/#\/schema\/person\/1d31fdaa3f5f7df556f73d164bd3c47a","name":"Pedro Palomo","image":{"@type":"ImageObject","inLanguage":"es","@id":"https:\/\/secure.gravatar.com\/avatar\/4cf9a4877f5f71f44fb7cedbe1bac1bd28bd8ce7a217517d98d5b2117f9f5505?s=96&d=mm&r=g","url":"https:\/\/secure.gravatar.com\/avatar\/4cf9a4877f5f71f44fb7cedbe1bac1bd28bd8ce7a217517d98d5b2117f9f5505?s=96&d=mm&r=g","contentUrl":"https:\/\/secure.gravatar.com\/avatar\/4cf9a4877f5f71f44fb7cedbe1bac1bd28bd8ce7a217517d98d5b2117f9f5505?s=96&d=mm&r=g","caption":"Pedro Palomo"},"sameAs":["http:\/\/www.vivaeurovision.com","@pedrobcn","https:\/\/x.com\/@pedropalomobcn"]}]}},"_links":{"self":[{"href":"https:\/\/www.vivaeurovision.com\/index.php\/wp-json\/wp\/v2\/posts\/4906","targetHints":{"allow":["GET"]}}],"collection":[{"href":"https:\/\/www.vivaeurovision.com\/index.php\/wp-json\/wp\/v2\/posts"}],"about":[{"href":"https:\/\/www.vivaeurovision.com\/index.php\/wp-json\/wp\/v2\/types\/post"}],"author":[{"embeddable":true,"href":"https:\/\/www.vivaeurovision.com\/index.php\/wp-json\/wp\/v2\/users\/1"}],"replies":[{"embeddable":true,"href":"https:\/\/www.vivaeurovision.com\/index.php\/wp-json\/wp\/v2\/comments?post=4906"}],"version-history":[{"count":3,"href":"https:\/\/www.vivaeurovision.com\/index.php\/wp-json\/wp\/v2\/posts\/4906\/revisions"}],"predecessor-version":[{"id":4925,"href":"https:\/\/www.vivaeurovision.com\/index.php\/wp-json\/wp\/v2\/posts\/4906\/revisions\/4925"}],"wp:featuredmedia":[{"embeddable":true,"href":"https:\/\/www.vivaeurovision.com\/index.php\/wp-json\/wp\/v2\/media\/4924"}],"wp:attachment":[{"href":"https:\/\/www.vivaeurovision.com\/index.php\/wp-json\/wp\/v2\/media?parent=4906"}],"wp:term":[{"taxonomy":"category","embeddable":true,"href":"https:\/\/www.vivaeurovision.com\/index.php\/wp-json\/wp\/v2\/categories?post=4906"},{"taxonomy":"post_tag","embeddable":true,"href":"https:\/\/www.vivaeurovision.com\/index.php\/wp-json\/wp\/v2\/tags?post=4906"}],"curies":[{"name":"wp","href":"https:\/\/api.w.org\/{rel}","templated":true}]}}