{"id":4956,"date":"2017-05-11T21:16:01","date_gmt":"2017-05-11T21:16:01","guid":{"rendered":"http:\/\/www.vivaeurovision.com\/?p=4956"},"modified":"2017-05-11T22:44:36","modified_gmt":"2017-05-11T22:44:36","slug":"4956-semi2-eurovision","status":"publish","type":"post","link":"https:\/\/www.vivaeurovision.com\/index.php\/2017\/05\/11\/4956-semi2-eurovision\/","title":{"rendered":"BULGARIA, BIELORRUSIA, CROACIA, HUNGR\u00cdA, DINAMARCA, ISRAEL, RUMANIA, NORUEGA, PA\u00cdSES BAJOS Y AUSTRIA, COMPLETAN LOS FINALISTAS DE EUROVISI\u00d3N 2017"},"content":{"rendered":"<p>Hoy se ha celebrado la segunda semifinal de la 62 edici\u00f3n del Festival de Eurovisi\u00f3n 2017, con ella se completa el cartel de los 26 finalistas que competir\u00e1n en la gran final de Eurovisi\u00f3n el pr\u00f3ximo 13 de mayo, desde el centro internacional de exposiciones de Kiev.<\/p>\n<p><img loading=\"lazy\" decoding=\"async\" class=\"alignnone size-medium wp-image-4992\" src=\"http:\/\/www.vivaeurovision.com\/wp-content\/uploads\/2017\/05\/Enlight174-300x200.jpg\" alt=\"eurovision\" width=\"300\" height=\"200\" srcset=\"https:\/\/www.vivaeurovision.com\/wp-content\/uploads\/2017\/05\/Enlight174-300x200.jpg 300w, https:\/\/www.vivaeurovision.com\/wp-content\/uploads\/2017\/05\/Enlight174-700x467.jpg 700w\" sizes=\"auto, (max-width: 300px) 100vw, 300px\" \/><\/p>\n<h2>Los finalistas de la segunda semifinal son los siguientes:<\/h2>\n<p><strong>BULGARIA-Segunda mitad de la final\u00a0<\/strong><\/p>\n<p><img loading=\"lazy\" decoding=\"async\" class=\"alignnone size-medium wp-image-4979\" src=\"http:\/\/www.vivaeurovision.com\/wp-content\/uploads\/2017\/05\/IMG_7905-300x200.jpg\" alt=\"eurovision\" width=\"300\" height=\"200\" srcset=\"https:\/\/www.vivaeurovision.com\/wp-content\/uploads\/2017\/05\/IMG_7905-300x200.jpg 300w, https:\/\/www.vivaeurovision.com\/wp-content\/uploads\/2017\/05\/IMG_7905-700x466.jpg 700w, https:\/\/www.vivaeurovision.com\/wp-content\/uploads\/2017\/05\/IMG_7905.jpg 1280w\" sizes=\"auto, (max-width: 300px) 100vw, 300px\" \/><\/p>\n<p><iframe loading=\"lazy\"  id=\"_ytid_71625\"  width=\"480\" height=\"270\"  data-origwidth=\"480\" data-origheight=\"270\" src=\"https:\/\/www.youtube.com\/embed\/jDXQm5JPEJc?enablejsapi=1&#038;autoplay=0&#038;cc_load_policy=0&#038;cc_lang_pref=&#038;iv_load_policy=1&#038;loop=0&#038;rel=1&#038;fs=1&#038;playsinline=0&#038;autohide=2&#038;theme=dark&#038;color=red&#038;controls=1&#038;disablekb=0&#038;\" class=\"__youtube_prefs__  epyt-is-override  no-lazyload\" title=\"YouTube player\"  allow=\"fullscreen; accelerometer; autoplay; clipboard-write; encrypted-media; gyroscope; picture-in-picture; web-share\" referrerpolicy=\"strict-origin-when-cross-origin\" allowfullscreen data-no-lazy=\"1\" data-skipgform_ajax_framebjll=\"\"><\/iframe><\/p>\n<p><strong>BIELORRUSIA-Primera mitad de la final<\/strong><\/p>\n<p><img loading=\"lazy\" decoding=\"async\" class=\"alignnone size-medium wp-image-4980\" src=\"http:\/\/www.vivaeurovision.com\/wp-content\/uploads\/2017\/05\/IMG_7909-300x200.jpg\" alt=\"eurovision\" width=\"300\" height=\"200\" srcset=\"https:\/\/www.vivaeurovision.com\/wp-content\/uploads\/2017\/05\/IMG_7909-300x200.jpg 300w, https:\/\/www.vivaeurovision.com\/wp-content\/uploads\/2017\/05\/IMG_7909-700x466.jpg 700w, https:\/\/www.vivaeurovision.com\/wp-content\/uploads\/2017\/05\/IMG_7909.jpg 1280w\" sizes=\"auto, (max-width: 300px) 100vw, 300px\" \/><\/p>\n<p><iframe loading=\"lazy\"  id=\"_ytid_12357\"  width=\"480\" height=\"270\"  data-origwidth=\"480\" data-origheight=\"270\" src=\"https:\/\/www.youtube.com\/embed\/1zR3KyVw1-Q?enablejsapi=1&#038;autoplay=0&#038;cc_load_policy=0&#038;cc_lang_pref=&#038;iv_load_policy=1&#038;loop=0&#038;rel=1&#038;fs=1&#038;playsinline=0&#038;autohide=2&#038;theme=dark&#038;color=red&#038;controls=1&#038;disablekb=0&#038;\" class=\"__youtube_prefs__  epyt-is-override  no-lazyload\" title=\"YouTube player\"  allow=\"fullscreen; accelerometer; autoplay; clipboard-write; encrypted-media; gyroscope; picture-in-picture; web-share\" referrerpolicy=\"strict-origin-when-cross-origin\" allowfullscreen data-no-lazy=\"1\" data-skipgform_ajax_framebjll=\"\"><\/iframe><\/p>\n<p><strong>CROACIA-Primera mitad de la final\u00a0<\/strong><\/p>\n<p><img loading=\"lazy\" decoding=\"async\" class=\"alignnone size-medium wp-image-4982\" src=\"http:\/\/www.vivaeurovision.com\/wp-content\/uploads\/2017\/05\/IMG_7911-300x200.jpg\" alt=\"eurovision\" width=\"300\" height=\"200\" srcset=\"https:\/\/www.vivaeurovision.com\/wp-content\/uploads\/2017\/05\/IMG_7911-300x200.jpg 300w, https:\/\/www.vivaeurovision.com\/wp-content\/uploads\/2017\/05\/IMG_7911-700x466.jpg 700w, https:\/\/www.vivaeurovision.com\/wp-content\/uploads\/2017\/05\/IMG_7911.jpg 1280w\" sizes=\"auto, (max-width: 300px) 100vw, 300px\" \/><\/p>\n<p><iframe loading=\"lazy\"  id=\"_ytid_83070\"  width=\"480\" height=\"270\"  data-origwidth=\"480\" data-origheight=\"270\" src=\"https:\/\/www.youtube.com\/embed\/tkP0xw_i_Ho?enablejsapi=1&#038;autoplay=0&#038;cc_load_policy=0&#038;cc_lang_pref=&#038;iv_load_policy=1&#038;loop=0&#038;rel=1&#038;fs=1&#038;playsinline=0&#038;autohide=2&#038;theme=dark&#038;color=red&#038;controls=1&#038;disablekb=0&#038;\" class=\"__youtube_prefs__  epyt-is-override  no-lazyload\" title=\"YouTube player\"  allow=\"fullscreen; accelerometer; autoplay; clipboard-write; encrypted-media; gyroscope; picture-in-picture; web-share\" referrerpolicy=\"strict-origin-when-cross-origin\" allowfullscreen data-no-lazy=\"1\" data-skipgform_ajax_framebjll=\"\"><\/iframe><\/p>\n<p><strong>HUNGR\u00cdA-Primera mitad de la final\u00a0<\/strong><\/p>\n<p><img loading=\"lazy\" decoding=\"async\" class=\"alignnone size-medium wp-image-4983\" src=\"http:\/\/www.vivaeurovision.com\/wp-content\/uploads\/2017\/05\/IMG_7906-300x200.jpg\" alt=\"eurovision\" width=\"300\" height=\"200\" srcset=\"https:\/\/www.vivaeurovision.com\/wp-content\/uploads\/2017\/05\/IMG_7906-300x200.jpg 300w, https:\/\/www.vivaeurovision.com\/wp-content\/uploads\/2017\/05\/IMG_7906-700x466.jpg 700w, https:\/\/www.vivaeurovision.com\/wp-content\/uploads\/2017\/05\/IMG_7906.jpg 1280w\" sizes=\"auto, (max-width: 300px) 100vw, 300px\" \/><\/p>\n<p><iframe loading=\"lazy\"  id=\"_ytid_69830\"  width=\"480\" height=\"270\"  data-origwidth=\"480\" data-origheight=\"270\" src=\"https:\/\/www.youtube.com\/embed\/UXdOA2mSG20?enablejsapi=1&#038;autoplay=0&#038;cc_load_policy=0&#038;cc_lang_pref=&#038;iv_load_policy=1&#038;loop=0&#038;rel=1&#038;fs=1&#038;playsinline=0&#038;autohide=2&#038;theme=dark&#038;color=red&#038;controls=1&#038;disablekb=0&#038;\" class=\"__youtube_prefs__  epyt-is-override  no-lazyload\" title=\"YouTube player\"  allow=\"fullscreen; accelerometer; autoplay; clipboard-write; encrypted-media; gyroscope; picture-in-picture; web-share\" referrerpolicy=\"strict-origin-when-cross-origin\" allowfullscreen data-no-lazy=\"1\" data-skipgform_ajax_framebjll=\"\"><\/iframe><\/p>\n<p><strong>DINAMARCA-Primera mitad de la final\u00a0<\/strong><\/p>\n<p><img loading=\"lazy\" decoding=\"async\" class=\"alignnone size-medium wp-image-4984\" src=\"http:\/\/www.vivaeurovision.com\/wp-content\/uploads\/2017\/05\/IMG_7904-300x200.jpg\" alt=\"eurovision\" width=\"300\" height=\"200\" srcset=\"https:\/\/www.vivaeurovision.com\/wp-content\/uploads\/2017\/05\/IMG_7904-300x200.jpg 300w, https:\/\/www.vivaeurovision.com\/wp-content\/uploads\/2017\/05\/IMG_7904-700x466.jpg 700w, https:\/\/www.vivaeurovision.com\/wp-content\/uploads\/2017\/05\/IMG_7904.jpg 1280w\" sizes=\"auto, (max-width: 300px) 100vw, 300px\" \/><\/p>\n<p><iframe loading=\"lazy\"  id=\"_ytid_49098\"  width=\"480\" height=\"270\"  data-origwidth=\"480\" data-origheight=\"270\" src=\"https:\/\/www.youtube.com\/embed\/tS-R0YlbumQ?enablejsapi=1&#038;autoplay=0&#038;cc_load_policy=0&#038;cc_lang_pref=&#038;iv_load_policy=1&#038;loop=0&#038;rel=1&#038;fs=1&#038;playsinline=0&#038;autohide=2&#038;theme=dark&#038;color=red&#038;controls=1&#038;disablekb=0&#038;\" class=\"__youtube_prefs__  epyt-is-override  no-lazyload\" title=\"YouTube player\"  allow=\"fullscreen; accelerometer; autoplay; clipboard-write; encrypted-media; gyroscope; picture-in-picture; web-share\" referrerpolicy=\"strict-origin-when-cross-origin\" allowfullscreen data-no-lazy=\"1\" data-skipgform_ajax_framebjll=\"\"><\/iframe><\/p>\n<p><strong>ISRAEL-Primera mitad de la final\u00a0<\/strong><\/p>\n<p><img loading=\"lazy\" decoding=\"async\" class=\"alignnone size-medium wp-image-4986\" src=\"http:\/\/www.vivaeurovision.com\/wp-content\/uploads\/2017\/05\/IMG_7913-300x200.jpg\" alt=\"eurovision\" width=\"300\" height=\"200\" srcset=\"https:\/\/www.vivaeurovision.com\/wp-content\/uploads\/2017\/05\/IMG_7913-300x200.jpg 300w, https:\/\/www.vivaeurovision.com\/wp-content\/uploads\/2017\/05\/IMG_7913-700x466.jpg 700w, https:\/\/www.vivaeurovision.com\/wp-content\/uploads\/2017\/05\/IMG_7913.jpg 1280w\" sizes=\"auto, (max-width: 300px) 100vw, 300px\" \/><\/p>\n<p><iframe loading=\"lazy\"  id=\"_ytid_10509\"  width=\"480\" height=\"270\"  data-origwidth=\"480\" data-origheight=\"270\" src=\"https:\/\/www.youtube.com\/embed\/RueNedKCvGA?enablejsapi=1&#038;autoplay=0&#038;cc_load_policy=0&#038;cc_lang_pref=&#038;iv_load_policy=1&#038;loop=0&#038;rel=1&#038;fs=1&#038;playsinline=0&#038;autohide=2&#038;theme=dark&#038;color=red&#038;controls=1&#038;disablekb=0&#038;\" class=\"__youtube_prefs__  epyt-is-override  no-lazyload\" title=\"YouTube player\"  allow=\"fullscreen; accelerometer; autoplay; clipboard-write; encrypted-media; gyroscope; picture-in-picture; web-share\" referrerpolicy=\"strict-origin-when-cross-origin\" allowfullscreen data-no-lazy=\"1\" data-skipgform_ajax_framebjll=\"\"><\/iframe><\/p>\n<p><strong>RUMANIA-Segunda mitad de la final<\/strong><\/p>\n<p><img loading=\"lazy\" decoding=\"async\" class=\"alignnone size-medium wp-image-4987\" src=\"http:\/\/www.vivaeurovision.com\/wp-content\/uploads\/2017\/05\/IMG_7910-300x200.jpg\" alt=\"eurovision\" width=\"300\" height=\"200\" srcset=\"https:\/\/www.vivaeurovision.com\/wp-content\/uploads\/2017\/05\/IMG_7910-300x200.jpg 300w, https:\/\/www.vivaeurovision.com\/wp-content\/uploads\/2017\/05\/IMG_7910-700x466.jpg 700w, https:\/\/www.vivaeurovision.com\/wp-content\/uploads\/2017\/05\/IMG_7910.jpg 1280w\" sizes=\"auto, (max-width: 300px) 100vw, 300px\" \/><\/p>\n<p><iframe loading=\"lazy\"  id=\"_ytid_49973\"  width=\"480\" height=\"270\"  data-origwidth=\"480\" data-origheight=\"270\" src=\"https:\/\/www.youtube.com\/embed\/mX8LYc5eaEM?enablejsapi=1&#038;autoplay=0&#038;cc_load_policy=0&#038;cc_lang_pref=&#038;iv_load_policy=1&#038;loop=0&#038;rel=1&#038;fs=1&#038;playsinline=0&#038;autohide=2&#038;theme=dark&#038;color=red&#038;controls=1&#038;disablekb=0&#038;\" class=\"__youtube_prefs__  epyt-is-override  no-lazyload\" title=\"YouTube player\"  allow=\"fullscreen; accelerometer; autoplay; clipboard-write; encrypted-media; gyroscope; picture-in-picture; web-share\" referrerpolicy=\"strict-origin-when-cross-origin\" allowfullscreen data-no-lazy=\"1\" data-skipgform_ajax_framebjll=\"\"><\/iframe><\/p>\n<p><strong>NORUEGA-Segunda mitad de la final\u00a0<\/strong><\/p>\n<p><img loading=\"lazy\" decoding=\"async\" class=\"alignnone size-medium wp-image-4988\" src=\"http:\/\/www.vivaeurovision.com\/wp-content\/uploads\/2017\/05\/IMG_7908-300x200.jpg\" alt=\"eurovision\" width=\"300\" height=\"200\" srcset=\"https:\/\/www.vivaeurovision.com\/wp-content\/uploads\/2017\/05\/IMG_7908-300x200.jpg 300w, https:\/\/www.vivaeurovision.com\/wp-content\/uploads\/2017\/05\/IMG_7908-700x466.jpg 700w, https:\/\/www.vivaeurovision.com\/wp-content\/uploads\/2017\/05\/IMG_7908.jpg 1280w\" sizes=\"auto, (max-width: 300px) 100vw, 300px\" \/><\/p>\n<p><iframe loading=\"lazy\"  id=\"_ytid_14674\"  width=\"480\" height=\"270\"  data-origwidth=\"480\" data-origheight=\"270\" src=\"https:\/\/www.youtube.com\/embed\/e22HgB_pHxo?enablejsapi=1&#038;autoplay=0&#038;cc_load_policy=0&#038;cc_lang_pref=&#038;iv_load_policy=1&#038;loop=0&#038;rel=1&#038;fs=1&#038;playsinline=0&#038;autohide=2&#038;theme=dark&#038;color=red&#038;controls=1&#038;disablekb=0&#038;\" class=\"__youtube_prefs__  epyt-is-override  no-lazyload\" title=\"YouTube player\"  allow=\"fullscreen; accelerometer; autoplay; clipboard-write; encrypted-media; gyroscope; picture-in-picture; web-share\" referrerpolicy=\"strict-origin-when-cross-origin\" allowfullscreen data-no-lazy=\"1\" data-skipgform_ajax_framebjll=\"\"><\/iframe><\/p>\n<p><strong>PA\u00cdSES BAJOS-Primera mitad de la final\u00a0<\/strong><\/p>\n<p><img loading=\"lazy\" decoding=\"async\" class=\"alignnone size-medium wp-image-4989\" src=\"http:\/\/www.vivaeurovision.com\/wp-content\/uploads\/2017\/05\/IMG_7912-300x200.jpg\" alt=\"eurovision\" width=\"300\" height=\"200\" srcset=\"https:\/\/www.vivaeurovision.com\/wp-content\/uploads\/2017\/05\/IMG_7912-300x200.jpg 300w, https:\/\/www.vivaeurovision.com\/wp-content\/uploads\/2017\/05\/IMG_7912-700x466.jpg 700w, https:\/\/www.vivaeurovision.com\/wp-content\/uploads\/2017\/05\/IMG_7912.jpg 1280w\" sizes=\"auto, (max-width: 300px) 100vw, 300px\" \/><\/p>\n<p><iframe loading=\"lazy\"  id=\"_ytid_71298\"  width=\"480\" height=\"270\"  data-origwidth=\"480\" data-origheight=\"270\" src=\"https:\/\/www.youtube.com\/embed\/c-VoiE7R9lc?enablejsapi=1&#038;autoplay=0&#038;cc_load_policy=0&#038;cc_lang_pref=&#038;iv_load_policy=1&#038;loop=0&#038;rel=1&#038;fs=1&#038;playsinline=0&#038;autohide=2&#038;theme=dark&#038;color=red&#038;controls=1&#038;disablekb=0&#038;\" class=\"__youtube_prefs__  epyt-is-override  no-lazyload\" title=\"YouTube player\"  allow=\"fullscreen; accelerometer; autoplay; clipboard-write; encrypted-media; gyroscope; picture-in-picture; web-share\" referrerpolicy=\"strict-origin-when-cross-origin\" allowfullscreen data-no-lazy=\"1\" data-skipgform_ajax_framebjll=\"\"><\/iframe><\/p>\n<p><strong>AUSTRIA-Primera mitad de la final\u00a0<\/strong><\/p>\n<p><img loading=\"lazy\" decoding=\"async\" class=\"alignnone size-medium wp-image-4990\" src=\"http:\/\/www.vivaeurovision.com\/wp-content\/uploads\/2017\/05\/IMG_7907-300x200.jpg\" alt=\"eurovision\" width=\"300\" height=\"200\" srcset=\"https:\/\/www.vivaeurovision.com\/wp-content\/uploads\/2017\/05\/IMG_7907-300x200.jpg 300w, https:\/\/www.vivaeurovision.com\/wp-content\/uploads\/2017\/05\/IMG_7907-700x466.jpg 700w, https:\/\/www.vivaeurovision.com\/wp-content\/uploads\/2017\/05\/IMG_7907.jpg 1280w\" sizes=\"auto, (max-width: 300px) 100vw, 300px\" \/><\/p>\n<p><iframe loading=\"lazy\"  id=\"_ytid_88089\"  width=\"480\" height=\"270\"  data-origwidth=\"480\" data-origheight=\"270\" src=\"https:\/\/www.youtube.com\/embed\/clltO-wwfRE?enablejsapi=1&#038;autoplay=0&#038;cc_load_policy=0&#038;cc_lang_pref=&#038;iv_load_policy=1&#038;loop=0&#038;rel=1&#038;fs=1&#038;playsinline=0&#038;autohide=2&#038;theme=dark&#038;color=red&#038;controls=1&#038;disablekb=0&#038;\" class=\"__youtube_prefs__  epyt-is-override  no-lazyload\" title=\"YouTube player\"  allow=\"fullscreen; accelerometer; autoplay; clipboard-write; encrypted-media; gyroscope; picture-in-picture; web-share\" referrerpolicy=\"strict-origin-when-cross-origin\" allowfullscreen data-no-lazy=\"1\" data-skipgform_ajax_framebjll=\"\"><\/iframe><\/p>\n<p>&nbsp;<\/p>\n<p><strong>El orden de actuaci\u00f3n de la segunda semifinal es el siguiente:<\/strong><\/p>\n<p>1 Serbia<\/p>\n<p>2 Austria<\/p>\n<p>3 Macedonia<\/p>\n<p>4 Malta<\/p>\n<p>5 Ruman\u00eda<\/p>\n<p>6 Pa\u00edses Bajos<\/p>\n<p>7 Hungr\u00eda<\/p>\n<p>8 Dinamarca<\/p>\n<p>9 Irlanda<\/p>\n<p>10 San Marino<\/p>\n<p>11 Croacia<\/p>\n<p>12 Noruega<\/p>\n<p>13 Suiza<\/p>\n<p>14 Bielorrusia<\/p>\n<p>15 Bulgaria<\/p>\n<p>16 Lituania<\/p>\n<p>17 Estonia<\/p>\n<p>18 Israel<\/p>\n<p><img loading=\"lazy\" decoding=\"async\" class=\"alignnone size-medium wp-image-311\" src=\"http:\/\/www.vivaeurovision.com\/wp-content\/uploads\/2016\/01\/image-21-300x165.jpeg\" alt=\"VIVAEUROVISION.COM\" width=\"300\" height=\"165\" srcset=\"https:\/\/www.vivaeurovision.com\/wp-content\/uploads\/2016\/01\/image-21-300x165.jpeg 300w, https:\/\/www.vivaeurovision.com\/wp-content\/uploads\/2016\/01\/image-21-555x305.jpeg 555w, https:\/\/www.vivaeurovision.com\/wp-content\/uploads\/2016\/01\/image-21.jpeg 669w\" sizes=\"auto, (max-width: 300px) 100vw, 300px\" \/><\/p>\n<p>Twitter\u00a0<strong> <a href=\"https:\/\/twitter.com\/viva_eurovision\" target=\"_blank\" rel=\"noopener noreferrer\"><span style=\"color: #0066cc;\">@viva_eurovision<\/span><\/a>\u00a0 <a href=\"https:\/\/www.facebook.com\/Vivaeurovisioncom-867806686671081\/?fref=nf\" target=\"_blank\" rel=\"noopener noreferrer\"><span style=\"color: #0066cc;\">FACEBOOK OFICIAL VIVA EUROVISION <\/span><\/a><\/strong>Instragram <strong>\u00a0<\/strong><a href=\"https:\/\/www.instagram.com\/vivaeurovision\/\" target=\"_blank\" rel=\"noopener noreferrer\"><strong>@vivaeurovision<\/strong><\/a><\/p>\n<p>Redactor: Pedro Palomo <a href=\"https:\/\/twitter.com\/pedropalomobcn?lang=es\"><strong><span style=\"color: #0066cc;\">@pedropalomobcn<\/span><\/strong><\/a><strong>\u00a0<\/strong>Instagram <a href=\"https:\/\/www.instagram.com\/pedrobcn\/\" target=\"_blank\" rel=\"noopener noreferrer\"><strong>@pedrobcn<\/strong><\/a><\/p>\n<p>IMAGENES:\u00a0\u00a9Eurovision.tv<\/p>\n<p>&nbsp;<\/p>\n","protected":false},"excerpt":{"rendered":"<p>Hoy se ha celebrado la segunda semifinal de la 62 edici\u00f3n del Festival de Eurovisi\u00f3n 2017, con ella se completa el cartel de los 26 finalistas que competir\u00e1n en la&#46;&#46;&#46;<\/p>\n","protected":false},"author":1,"featured_media":4992,"comment_status":"open","ping_status":"closed","sticky":false,"template":"","format":"standard","meta":{"_exactmetrics_skip_tracking":false,"_exactmetrics_sitenote_active":false,"_exactmetrics_sitenote_note":"","_exactmetrics_sitenote_category":0,"footnotes":""},"categories":[1195,876,4,1188,2,3],"tags":[1542,17,865,11,670,1543,1576,999,1017,866,706,1096,19,20,766,152,1906,23,22],"class_list":["post-4956","post","type-post","status-publish","format-standard","has-post-thumbnail","hentry","category-eurovision-2","category-eurovision-2017","category-eurovision","category-noticia-2","category-noticia","category-ultima-hora","tag-celebrate-diversity","tag-esc","tag-esc-2017","tag-eurovision","tag-eurovision-2017","tag-eurovision-celebrate-diversity","tag-eurovision-celebrate-diversity-kiev-2017","tag-eurovision-kiev","tag-eurovision-kiev-2017","tag-eurovision-song-contest-2017","tag-eurovision-song-contest-festival","tag-festival-de-eurovision","tag-pedro-palomo","tag-pedro-palomo-eurovision","tag-pedro-palomo-vivaeurovision","tag-semifinal-eurovision","tag-semifinal-eurovision-2017","tag-viva-eurovision","tag-vivaeurovision"],"yoast_head":"<!-- This site is optimized with the Yoast SEO plugin v27.5 - https:\/\/yoast.com\/product\/yoast-seo-wordpress\/ -->\n<title>BULGARIA, BIELORRUSIA, CROACIA, HUNGR\u00cdA, DINAMARCA, ISRAEL, RUMANIA, NORUEGA, PA\u00cdSES BAJOS Y AUSTRIA, COMPLETAN LOS FINALISTAS DE EUROVISI\u00d3N 2017 - VIVAEUROVISION viva eurovision<\/title>\n<meta name=\"description\" content=\"eurovision, festival de eurovision, vivaeurovision, eurovision 2017, esc 2017, eurovisi\u00f3n, celebrate diversity, Kiev 2017\" \/>\n<meta name=\"robots\" content=\"index, follow, max-snippet:-1, max-image-preview:large, max-video-preview:-1\" \/>\n<link rel=\"canonical\" href=\"https:\/\/www.vivaeurovision.com\/index.php\/2017\/05\/11\/4956-semi2-eurovision\/\" \/>\n<meta property=\"og:locale\" content=\"es_ES\" \/>\n<meta property=\"og:type\" content=\"article\" \/>\n<meta property=\"og:title\" content=\"BULGARIA, BIELORRUSIA, CROACIA, HUNGR\u00cdA, DINAMARCA, ISRAEL, RUMANIA, NORUEGA, PA\u00cdSES BAJOS Y AUSTRIA, COMPLETAN LOS FINALISTAS DE EUROVISI\u00d3N 2017 - VIVAEUROVISION viva eurovision\" \/>\n<meta property=\"og:description\" content=\"eurovision, festival de eurovision, vivaeurovision, eurovision 2017, esc 2017, eurovisi\u00f3n, celebrate diversity, Kiev 2017\" \/>\n<meta property=\"og:url\" content=\"https:\/\/www.vivaeurovision.com\/index.php\/2017\/05\/11\/4956-semi2-eurovision\/\" \/>\n<meta property=\"og:site_name\" content=\"VIVAEUROVISION viva eurovision\" \/>\n<meta property=\"article:published_time\" content=\"2017-05-11T21:16:01+00:00\" \/>\n<meta property=\"article:modified_time\" content=\"2017-05-11T22:44:36+00:00\" \/>\n<meta property=\"og:image\" content=\"https:\/\/www.vivaeurovision.com\/wp-content\/uploads\/2017\/05\/Enlight174.jpg\" \/>\n\t<meta property=\"og:image:width\" content=\"2592\" \/>\n\t<meta property=\"og:image:height\" content=\"1728\" \/>\n\t<meta property=\"og:image:type\" content=\"image\/jpeg\" \/>\n<meta name=\"author\" content=\"Pedro Palomo\" \/>\n<meta name=\"twitter:card\" content=\"summary_large_image\" \/>\n<meta name=\"twitter:creator\" content=\"@pedropalomobcn\" \/>\n<meta name=\"twitter:label1\" content=\"Escrito por\" \/>\n\t<meta name=\"twitter:data1\" content=\"Pedro Palomo\" \/>\n\t<meta name=\"twitter:label2\" content=\"Tiempo de lectura\" \/>\n\t<meta name=\"twitter:data2\" content=\"1 minuto\" \/>\n<script type=\"application\/ld+json\" class=\"yoast-schema-graph\">{\"@context\":\"https:\\\/\\\/schema.org\",\"@graph\":[{\"@type\":\"Article\",\"@id\":\"https:\\\/\\\/www.vivaeurovision.com\\\/index.php\\\/2017\\\/05\\\/11\\\/4956-semi2-eurovision\\\/#article\",\"isPartOf\":{\"@id\":\"https:\\\/\\\/www.vivaeurovision.com\\\/index.php\\\/2017\\\/05\\\/11\\\/4956-semi2-eurovision\\\/\"},\"author\":{\"name\":\"Pedro Palomo\",\"@id\":\"https:\\\/\\\/www.vivaeurovision.com\\\/#\\\/schema\\\/person\\\/1d31fdaa3f5f7df556f73d164bd3c47a\"},\"headline\":\"BULGARIA, BIELORRUSIA, CROACIA, HUNGR\u00cdA, DINAMARCA, ISRAEL, RUMANIA, NORUEGA, PA\u00cdSES BAJOS Y AUSTRIA, COMPLETAN LOS FINALISTAS DE EUROVISI\u00d3N 2017\",\"datePublished\":\"2017-05-11T21:16:01+00:00\",\"dateModified\":\"2017-05-11T22:44:36+00:00\",\"mainEntityOfPage\":{\"@id\":\"https:\\\/\\\/www.vivaeurovision.com\\\/index.php\\\/2017\\\/05\\\/11\\\/4956-semi2-eurovision\\\/\"},\"wordCount\":239,\"commentCount\":0,\"publisher\":{\"@id\":\"https:\\\/\\\/www.vivaeurovision.com\\\/#organization\"},\"image\":{\"@id\":\"https:\\\/\\\/www.vivaeurovision.com\\\/index.php\\\/2017\\\/05\\\/11\\\/4956-semi2-eurovision\\\/#primaryimage\"},\"thumbnailUrl\":\"https:\\\/\\\/www.vivaeurovision.com\\\/wp-content\\\/uploads\\\/2017\\\/05\\\/Enlight174.jpg\",\"keywords\":[\"celebrate diversity\",\"ESC\",\"esc 2017\",\"Eurovision\",\"Eurovision 2017\",\"eurovision celebrate diversity\",\"eurovision celebrate diversity kiev 2017\",\"Eurovision Kiev\",\"eurovision kiev 2017\",\"eurovision song contest 2017\",\"eurovision song contest festival\",\"Festival de Eurovisi\u00f3n\",\"Pedro Palomo\",\"Pedro Palomo Eurovision\",\"Pedro Palomo Vivaeurovision\",\"Semifinal eurovision\",\"Semifinal eurovision 2017\",\"viva eurovision\",\"vivaeurovision\"],\"articleSection\":[\"eurovision\",\"Eurovisi\u00f3n 2017\",\"Inicio\",\"Noticia\",\"Noticias\",\"Ultima Hora\"],\"inLanguage\":\"es\",\"potentialAction\":[{\"@type\":\"CommentAction\",\"name\":\"Comment\",\"target\":[\"https:\\\/\\\/www.vivaeurovision.com\\\/index.php\\\/2017\\\/05\\\/11\\\/4956-semi2-eurovision\\\/#respond\"]}]},{\"@type\":\"WebPage\",\"@id\":\"https:\\\/\\\/www.vivaeurovision.com\\\/index.php\\\/2017\\\/05\\\/11\\\/4956-semi2-eurovision\\\/\",\"url\":\"https:\\\/\\\/www.vivaeurovision.com\\\/index.php\\\/2017\\\/05\\\/11\\\/4956-semi2-eurovision\\\/\",\"name\":\"BULGARIA, BIELORRUSIA, CROACIA, HUNGR\u00cdA, DINAMARCA, ISRAEL, RUMANIA, NORUEGA, PA\u00cdSES BAJOS Y AUSTRIA, COMPLETAN LOS FINALISTAS DE EUROVISI\u00d3N 2017 - VIVAEUROVISION viva eurovision\",\"isPartOf\":{\"@id\":\"https:\\\/\\\/www.vivaeurovision.com\\\/#website\"},\"primaryImageOfPage\":{\"@id\":\"https:\\\/\\\/www.vivaeurovision.com\\\/index.php\\\/2017\\\/05\\\/11\\\/4956-semi2-eurovision\\\/#primaryimage\"},\"image\":{\"@id\":\"https:\\\/\\\/www.vivaeurovision.com\\\/index.php\\\/2017\\\/05\\\/11\\\/4956-semi2-eurovision\\\/#primaryimage\"},\"thumbnailUrl\":\"https:\\\/\\\/www.vivaeurovision.com\\\/wp-content\\\/uploads\\\/2017\\\/05\\\/Enlight174.jpg\",\"datePublished\":\"2017-05-11T21:16:01+00:00\",\"dateModified\":\"2017-05-11T22:44:36+00:00\",\"description\":\"eurovision, festival de eurovision, vivaeurovision, eurovision 2017, esc 2017, eurovisi\u00f3n, celebrate diversity, Kiev 2017\",\"breadcrumb\":{\"@id\":\"https:\\\/\\\/www.vivaeurovision.com\\\/index.php\\\/2017\\\/05\\\/11\\\/4956-semi2-eurovision\\\/#breadcrumb\"},\"inLanguage\":\"es\",\"potentialAction\":[{\"@type\":\"ReadAction\",\"target\":[\"https:\\\/\\\/www.vivaeurovision.com\\\/index.php\\\/2017\\\/05\\\/11\\\/4956-semi2-eurovision\\\/\"]}]},{\"@type\":\"ImageObject\",\"inLanguage\":\"es\",\"@id\":\"https:\\\/\\\/www.vivaeurovision.com\\\/index.php\\\/2017\\\/05\\\/11\\\/4956-semi2-eurovision\\\/#primaryimage\",\"url\":\"https:\\\/\\\/www.vivaeurovision.com\\\/wp-content\\\/uploads\\\/2017\\\/05\\\/Enlight174.jpg\",\"contentUrl\":\"https:\\\/\\\/www.vivaeurovision.com\\\/wp-content\\\/uploads\\\/2017\\\/05\\\/Enlight174.jpg\",\"width\":2592,\"height\":1728,\"caption\":\"eurovision\"},{\"@type\":\"BreadcrumbList\",\"@id\":\"https:\\\/\\\/www.vivaeurovision.com\\\/index.php\\\/2017\\\/05\\\/11\\\/4956-semi2-eurovision\\\/#breadcrumb\",\"itemListElement\":[{\"@type\":\"ListItem\",\"position\":1,\"name\":\"Portada\",\"item\":\"https:\\\/\\\/www.vivaeurovision.com\\\/\"},{\"@type\":\"ListItem\",\"position\":2,\"name\":\"BULGARIA, BIELORRUSIA, CROACIA, HUNGR\u00cdA, DINAMARCA, ISRAEL, RUMANIA, NORUEGA, PA\u00cdSES BAJOS Y AUSTRIA, COMPLETAN LOS FINALISTAS DE EUROVISI\u00d3N 2017\"}]},{\"@type\":\"WebSite\",\"@id\":\"https:\\\/\\\/www.vivaeurovision.com\\\/#website\",\"url\":\"https:\\\/\\\/www.vivaeurovision.com\\\/\",\"name\":\"VIVAEUROVISION viva eurovision\",\"description\":\"Tu portal sobre el Festival de Eurovision, eurovision, eurovisi\u00f3n\",\"publisher\":{\"@id\":\"https:\\\/\\\/www.vivaeurovision.com\\\/#organization\"},\"potentialAction\":[{\"@type\":\"SearchAction\",\"target\":{\"@type\":\"EntryPoint\",\"urlTemplate\":\"https:\\\/\\\/www.vivaeurovision.com\\\/?s={search_term_string}\"},\"query-input\":{\"@type\":\"PropertyValueSpecification\",\"valueRequired\":true,\"valueName\":\"search_term_string\"}}],\"inLanguage\":\"es\"},{\"@type\":\"Organization\",\"@id\":\"https:\\\/\\\/www.vivaeurovision.com\\\/#organization\",\"name\":\"vivaeurovision\",\"url\":\"https:\\\/\\\/www.vivaeurovision.com\\\/\",\"logo\":{\"@type\":\"ImageObject\",\"inLanguage\":\"es\",\"@id\":\"https:\\\/\\\/www.vivaeurovision.com\\\/#\\\/schema\\\/logo\\\/image\\\/\",\"url\":\"https:\\\/\\\/www.vivaeurovision.com\\\/wp-content\\\/uploads\\\/2016\\\/01\\\/cropped-image-21-1.jpeg\",\"contentUrl\":\"https:\\\/\\\/www.vivaeurovision.com\\\/wp-content\\\/uploads\\\/2016\\\/01\\\/cropped-image-21-1.jpeg\",\"width\":669,\"height\":368,\"caption\":\"vivaeurovision\"},\"image\":{\"@id\":\"https:\\\/\\\/www.vivaeurovision.com\\\/#\\\/schema\\\/logo\\\/image\\\/\"}},{\"@type\":\"Person\",\"@id\":\"https:\\\/\\\/www.vivaeurovision.com\\\/#\\\/schema\\\/person\\\/1d31fdaa3f5f7df556f73d164bd3c47a\",\"name\":\"Pedro Palomo\",\"image\":{\"@type\":\"ImageObject\",\"inLanguage\":\"es\",\"@id\":\"https:\\\/\\\/secure.gravatar.com\\\/avatar\\\/4cf9a4877f5f71f44fb7cedbe1bac1bd28bd8ce7a217517d98d5b2117f9f5505?s=96&d=mm&r=g\",\"url\":\"https:\\\/\\\/secure.gravatar.com\\\/avatar\\\/4cf9a4877f5f71f44fb7cedbe1bac1bd28bd8ce7a217517d98d5b2117f9f5505?s=96&d=mm&r=g\",\"contentUrl\":\"https:\\\/\\\/secure.gravatar.com\\\/avatar\\\/4cf9a4877f5f71f44fb7cedbe1bac1bd28bd8ce7a217517d98d5b2117f9f5505?s=96&d=mm&r=g\",\"caption\":\"Pedro Palomo\"},\"sameAs\":[\"http:\\\/\\\/www.vivaeurovision.com\",\"@pedrobcn\",\"https:\\\/\\\/x.com\\\/@pedropalomobcn\"]}]}<\/script>\n<!-- \/ Yoast SEO plugin. -->","yoast_head_json":{"title":"BULGARIA, BIELORRUSIA, CROACIA, HUNGR\u00cdA, DINAMARCA, ISRAEL, RUMANIA, NORUEGA, PA\u00cdSES BAJOS Y AUSTRIA, COMPLETAN LOS FINALISTAS DE EUROVISI\u00d3N 2017 - VIVAEUROVISION viva eurovision","description":"eurovision, festival de eurovision, vivaeurovision, eurovision 2017, esc 2017, eurovisi\u00f3n, celebrate diversity, Kiev 2017","robots":{"index":"index","follow":"follow","max-snippet":"max-snippet:-1","max-image-preview":"max-image-preview:large","max-video-preview":"max-video-preview:-1"},"canonical":"https:\/\/www.vivaeurovision.com\/index.php\/2017\/05\/11\/4956-semi2-eurovision\/","og_locale":"es_ES","og_type":"article","og_title":"BULGARIA, BIELORRUSIA, CROACIA, HUNGR\u00cdA, DINAMARCA, ISRAEL, RUMANIA, NORUEGA, PA\u00cdSES BAJOS Y AUSTRIA, COMPLETAN LOS FINALISTAS DE EUROVISI\u00d3N 2017 - VIVAEUROVISION viva eurovision","og_description":"eurovision, festival de eurovision, vivaeurovision, eurovision 2017, esc 2017, eurovisi\u00f3n, celebrate diversity, Kiev 2017","og_url":"https:\/\/www.vivaeurovision.com\/index.php\/2017\/05\/11\/4956-semi2-eurovision\/","og_site_name":"VIVAEUROVISION viva eurovision","article_published_time":"2017-05-11T21:16:01+00:00","article_modified_time":"2017-05-11T22:44:36+00:00","og_image":[{"width":2592,"height":1728,"url":"https:\/\/www.vivaeurovision.com\/wp-content\/uploads\/2017\/05\/Enlight174.jpg","type":"image\/jpeg"}],"author":"Pedro Palomo","twitter_card":"summary_large_image","twitter_creator":"@pedropalomobcn","twitter_misc":{"Escrito por":"Pedro Palomo","Tiempo de lectura":"1 minuto"},"schema":{"@context":"https:\/\/schema.org","@graph":[{"@type":"Article","@id":"https:\/\/www.vivaeurovision.com\/index.php\/2017\/05\/11\/4956-semi2-eurovision\/#article","isPartOf":{"@id":"https:\/\/www.vivaeurovision.com\/index.php\/2017\/05\/11\/4956-semi2-eurovision\/"},"author":{"name":"Pedro Palomo","@id":"https:\/\/www.vivaeurovision.com\/#\/schema\/person\/1d31fdaa3f5f7df556f73d164bd3c47a"},"headline":"BULGARIA, BIELORRUSIA, CROACIA, HUNGR\u00cdA, DINAMARCA, ISRAEL, RUMANIA, NORUEGA, PA\u00cdSES BAJOS Y AUSTRIA, COMPLETAN LOS FINALISTAS DE EUROVISI\u00d3N 2017","datePublished":"2017-05-11T21:16:01+00:00","dateModified":"2017-05-11T22:44:36+00:00","mainEntityOfPage":{"@id":"https:\/\/www.vivaeurovision.com\/index.php\/2017\/05\/11\/4956-semi2-eurovision\/"},"wordCount":239,"commentCount":0,"publisher":{"@id":"https:\/\/www.vivaeurovision.com\/#organization"},"image":{"@id":"https:\/\/www.vivaeurovision.com\/index.php\/2017\/05\/11\/4956-semi2-eurovision\/#primaryimage"},"thumbnailUrl":"https:\/\/www.vivaeurovision.com\/wp-content\/uploads\/2017\/05\/Enlight174.jpg","keywords":["celebrate diversity","ESC","esc 2017","Eurovision","Eurovision 2017","eurovision celebrate diversity","eurovision celebrate diversity kiev 2017","Eurovision Kiev","eurovision kiev 2017","eurovision song contest 2017","eurovision song contest festival","Festival de Eurovisi\u00f3n","Pedro Palomo","Pedro Palomo Eurovision","Pedro Palomo Vivaeurovision","Semifinal eurovision","Semifinal eurovision 2017","viva eurovision","vivaeurovision"],"articleSection":["eurovision","Eurovisi\u00f3n 2017","Inicio","Noticia","Noticias","Ultima Hora"],"inLanguage":"es","potentialAction":[{"@type":"CommentAction","name":"Comment","target":["https:\/\/www.vivaeurovision.com\/index.php\/2017\/05\/11\/4956-semi2-eurovision\/#respond"]}]},{"@type":"WebPage","@id":"https:\/\/www.vivaeurovision.com\/index.php\/2017\/05\/11\/4956-semi2-eurovision\/","url":"https:\/\/www.vivaeurovision.com\/index.php\/2017\/05\/11\/4956-semi2-eurovision\/","name":"BULGARIA, BIELORRUSIA, CROACIA, HUNGR\u00cdA, DINAMARCA, ISRAEL, RUMANIA, NORUEGA, PA\u00cdSES BAJOS Y AUSTRIA, COMPLETAN LOS FINALISTAS DE EUROVISI\u00d3N 2017 - VIVAEUROVISION viva eurovision","isPartOf":{"@id":"https:\/\/www.vivaeurovision.com\/#website"},"primaryImageOfPage":{"@id":"https:\/\/www.vivaeurovision.com\/index.php\/2017\/05\/11\/4956-semi2-eurovision\/#primaryimage"},"image":{"@id":"https:\/\/www.vivaeurovision.com\/index.php\/2017\/05\/11\/4956-semi2-eurovision\/#primaryimage"},"thumbnailUrl":"https:\/\/www.vivaeurovision.com\/wp-content\/uploads\/2017\/05\/Enlight174.jpg","datePublished":"2017-05-11T21:16:01+00:00","dateModified":"2017-05-11T22:44:36+00:00","description":"eurovision, festival de eurovision, vivaeurovision, eurovision 2017, esc 2017, eurovisi\u00f3n, celebrate diversity, Kiev 2017","breadcrumb":{"@id":"https:\/\/www.vivaeurovision.com\/index.php\/2017\/05\/11\/4956-semi2-eurovision\/#breadcrumb"},"inLanguage":"es","potentialAction":[{"@type":"ReadAction","target":["https:\/\/www.vivaeurovision.com\/index.php\/2017\/05\/11\/4956-semi2-eurovision\/"]}]},{"@type":"ImageObject","inLanguage":"es","@id":"https:\/\/www.vivaeurovision.com\/index.php\/2017\/05\/11\/4956-semi2-eurovision\/#primaryimage","url":"https:\/\/www.vivaeurovision.com\/wp-content\/uploads\/2017\/05\/Enlight174.jpg","contentUrl":"https:\/\/www.vivaeurovision.com\/wp-content\/uploads\/2017\/05\/Enlight174.jpg","width":2592,"height":1728,"caption":"eurovision"},{"@type":"BreadcrumbList","@id":"https:\/\/www.vivaeurovision.com\/index.php\/2017\/05\/11\/4956-semi2-eurovision\/#breadcrumb","itemListElement":[{"@type":"ListItem","position":1,"name":"Portada","item":"https:\/\/www.vivaeurovision.com\/"},{"@type":"ListItem","position":2,"name":"BULGARIA, BIELORRUSIA, CROACIA, HUNGR\u00cdA, DINAMARCA, ISRAEL, RUMANIA, NORUEGA, PA\u00cdSES BAJOS Y AUSTRIA, COMPLETAN LOS FINALISTAS DE EUROVISI\u00d3N 2017"}]},{"@type":"WebSite","@id":"https:\/\/www.vivaeurovision.com\/#website","url":"https:\/\/www.vivaeurovision.com\/","name":"VIVAEUROVISION viva eurovision","description":"Tu portal sobre el Festival de Eurovision, eurovision, eurovisi\u00f3n","publisher":{"@id":"https:\/\/www.vivaeurovision.com\/#organization"},"potentialAction":[{"@type":"SearchAction","target":{"@type":"EntryPoint","urlTemplate":"https:\/\/www.vivaeurovision.com\/?s={search_term_string}"},"query-input":{"@type":"PropertyValueSpecification","valueRequired":true,"valueName":"search_term_string"}}],"inLanguage":"es"},{"@type":"Organization","@id":"https:\/\/www.vivaeurovision.com\/#organization","name":"vivaeurovision","url":"https:\/\/www.vivaeurovision.com\/","logo":{"@type":"ImageObject","inLanguage":"es","@id":"https:\/\/www.vivaeurovision.com\/#\/schema\/logo\/image\/","url":"https:\/\/www.vivaeurovision.com\/wp-content\/uploads\/2016\/01\/cropped-image-21-1.jpeg","contentUrl":"https:\/\/www.vivaeurovision.com\/wp-content\/uploads\/2016\/01\/cropped-image-21-1.jpeg","width":669,"height":368,"caption":"vivaeurovision"},"image":{"@id":"https:\/\/www.vivaeurovision.com\/#\/schema\/logo\/image\/"}},{"@type":"Person","@id":"https:\/\/www.vivaeurovision.com\/#\/schema\/person\/1d31fdaa3f5f7df556f73d164bd3c47a","name":"Pedro Palomo","image":{"@type":"ImageObject","inLanguage":"es","@id":"https:\/\/secure.gravatar.com\/avatar\/4cf9a4877f5f71f44fb7cedbe1bac1bd28bd8ce7a217517d98d5b2117f9f5505?s=96&d=mm&r=g","url":"https:\/\/secure.gravatar.com\/avatar\/4cf9a4877f5f71f44fb7cedbe1bac1bd28bd8ce7a217517d98d5b2117f9f5505?s=96&d=mm&r=g","contentUrl":"https:\/\/secure.gravatar.com\/avatar\/4cf9a4877f5f71f44fb7cedbe1bac1bd28bd8ce7a217517d98d5b2117f9f5505?s=96&d=mm&r=g","caption":"Pedro Palomo"},"sameAs":["http:\/\/www.vivaeurovision.com","@pedrobcn","https:\/\/x.com\/@pedropalomobcn"]}]}},"_links":{"self":[{"href":"https:\/\/www.vivaeurovision.com\/index.php\/wp-json\/wp\/v2\/posts\/4956","targetHints":{"allow":["GET"]}}],"collection":[{"href":"https:\/\/www.vivaeurovision.com\/index.php\/wp-json\/wp\/v2\/posts"}],"about":[{"href":"https:\/\/www.vivaeurovision.com\/index.php\/wp-json\/wp\/v2\/types\/post"}],"author":[{"embeddable":true,"href":"https:\/\/www.vivaeurovision.com\/index.php\/wp-json\/wp\/v2\/users\/1"}],"replies":[{"embeddable":true,"href":"https:\/\/www.vivaeurovision.com\/index.php\/wp-json\/wp\/v2\/comments?post=4956"}],"version-history":[{"count":7,"href":"https:\/\/www.vivaeurovision.com\/index.php\/wp-json\/wp\/v2\/posts\/4956\/revisions"}],"predecessor-version":[{"id":4994,"href":"https:\/\/www.vivaeurovision.com\/index.php\/wp-json\/wp\/v2\/posts\/4956\/revisions\/4994"}],"wp:featuredmedia":[{"embeddable":true,"href":"https:\/\/www.vivaeurovision.com\/index.php\/wp-json\/wp\/v2\/media\/4992"}],"wp:attachment":[{"href":"https:\/\/www.vivaeurovision.com\/index.php\/wp-json\/wp\/v2\/media?parent=4956"}],"wp:term":[{"taxonomy":"category","embeddable":true,"href":"https:\/\/www.vivaeurovision.com\/index.php\/wp-json\/wp\/v2\/categories?post=4956"},{"taxonomy":"post_tag","embeddable":true,"href":"https:\/\/www.vivaeurovision.com\/index.php\/wp-json\/wp\/v2\/tags?post=4956"}],"curies":[{"name":"wp","href":"https:\/\/api.w.org\/{rel}","templated":true}]}}