{"id":5014,"date":"2017-05-13T10:54:53","date_gmt":"2017-05-13T10:54:53","guid":{"rendered":"http:\/\/www.vivaeurovision.com\/?p=5014"},"modified":"2017-05-13T10:59:49","modified_gmt":"2017-05-13T10:59:49","slug":"5014-eurovision","status":"publish","type":"post","link":"https:\/\/www.vivaeurovision.com\/index.php\/2017\/05\/13\/5014-eurovision\/","title":{"rendered":"VIVE CON VIVAEUROVISION, LA GRAN FINAL DE EUROVISION 2017"},"content":{"rendered":"<p><strong>Eurovision 2017<\/strong><\/p>\n<p><strong>Hoy se celebra la gran final de la 62 edici\u00f3n del Festival de Eurovisi\u00f3n 2017, donde los 26 finalista competir\u00e1n para conseguir el cotizado micr\u00f3fono de cristal y alzarse con el triunfo en Kiev.<\/strong><\/p>\n<p>Nuestro representante <strong>Manel Navarro<\/strong>, act\u00faa en el puesto 16 un lugar que el quer\u00eda, ya que en diferentes ocasiones, ha dicho que su deseo era actuar en\u00a0primera parte de la segunda mitad del festival. <strong>Do It For Your Love es la apuesta espa\u00f1ola del Festival de Eurovisi\u00f3n 2017<\/strong>, un tema pop con estrofas en castellano y estribillo en ingl\u00e9s, con el que el cantante quiere contagiar a toda Europa el buen rollo y alegr\u00eda de Espa\u00f1a. No destaca entre los favoritos, ya que en esos puestos destacan pa\u00edses como <strong>Italia, Portugal, Bulgaria, Reino Unido, Francia, B\u00e9lgica o Suecia<\/strong>. Hoy finalmente saldremos de duda y conoceremos al pa\u00eds ganador de Eurovisi\u00f3n 2017. La decisi\u00f3n ser\u00e1 tomada a trav\u00e9s de un panel de expertos de cada pa\u00eds que sus votos ser\u00e1n sumados al los de la audiencia. Lo que hace que el valor sea 50% jurado 50% televoto.<\/p>\n<p><strong>Sigue minuto a minuto la gran final, desde todas las redes sociales de VIVAEUROVISION.<\/strong><\/p>\n<p><strong>Twitter\u00a0 <a href=\"https:\/\/twitter.com\/viva_eurovision\" target=\"_blank\" rel=\"noopener noreferrer\"><span style=\"color: #0066cc;\">@viva_eurovision<\/span><\/a>\u00a0 <a href=\"https:\/\/www.facebook.com\/Vivaeurovisioncom-867806686671081\/?fref=nf\" target=\"_blank\" rel=\"noopener noreferrer\"><span style=\"color: #0066cc;\">FACEBOOK OFICIAL VIVA EUROVISION <\/span><\/a>Instragram \u00a0<a href=\"https:\/\/www.instagram.com\/vivaeurovision\/\" target=\"_blank\" rel=\"noopener noreferrer\">@vivaeurovision<\/a><\/strong><\/p>\n<p><strong>La gran final ser\u00e1 emitida en La1 de RTVE, a partir de las 21h y online desde eurovision.tv<\/strong><\/p>\n<p>&nbsp;<\/p>\n<p><img loading=\"lazy\" decoding=\"async\" class=\"alignnone size-medium wp-image-5004\" src=\"http:\/\/www.vivaeurovision.com\/wp-content\/uploads\/2017\/05\/Enlight176-300x200.jpg\" alt=\"eurovision \" width=\"300\" height=\"200\" srcset=\"https:\/\/www.vivaeurovision.com\/wp-content\/uploads\/2017\/05\/Enlight176-300x200.jpg 300w, https:\/\/www.vivaeurovision.com\/wp-content\/uploads\/2017\/05\/Enlight176-700x467.jpg 700w\" sizes=\"auto, (max-width: 300px) 100vw, 300px\" \/><\/p>\n<h2>EL ORDEN DE ACTUACI\u00d3N ES EL SIGUIENTE<\/h2>\n<p>1. Israel<br \/>\n2. Polonia<br \/>\n3. Bielorrusia<br \/>\n4. Austria<br \/>\n5. Armenia<br \/>\n6. Pa\u00edses Bajos<br \/>\n7. Moldavia<br \/>\n8. Hungr\u00eda<br \/>\n9. Italia<br \/>\n10. Dinamarca<br \/>\n11. Portugal<br \/>\n12. Azerbaiy\u00e1n<br \/>\n13. Croacia<br \/>\n14. Australia<br \/>\n15. Grecia<br \/>\n16. Espa\u00f1a<br \/>\n17. Noruega<br \/>\n18. Reino Unido<br \/>\n19. Chipre<br \/>\n20. Rumania<br \/>\n21. Alemania<br \/>\n22. Ucrania<br \/>\n23. B\u00e9lgica<br \/>\n24. Suecia<br \/>\n25. Bulgaria<br \/>\n26. Francia<\/p>\n<p><img loading=\"lazy\" decoding=\"async\" class=\"alignnone size-medium wp-image-4995\" src=\"http:\/\/www.vivaeurovision.com\/wp-content\/uploads\/2017\/05\/IMG_6829-1-300x199.jpg\" alt=\"\" width=\"300\" height=\"199\" srcset=\"https:\/\/www.vivaeurovision.com\/wp-content\/uploads\/2017\/05\/IMG_6829-1-300x199.jpg 300w, https:\/\/www.vivaeurovision.com\/wp-content\/uploads\/2017\/05\/IMG_6829-1-700x465.jpg 700w, https:\/\/www.vivaeurovision.com\/wp-content\/uploads\/2017\/05\/IMG_6829-1.jpg 1280w\" sizes=\"auto, (max-width: 300px) 100vw, 300px\" \/> <img loading=\"lazy\" decoding=\"async\" class=\"alignnone size-medium wp-image-4996\" src=\"http:\/\/www.vivaeurovision.com\/wp-content\/uploads\/2017\/05\/IMG_6830-1-300x200.jpg\" alt=\"\" width=\"300\" height=\"200\" srcset=\"https:\/\/www.vivaeurovision.com\/wp-content\/uploads\/2017\/05\/IMG_6830-1-300x200.jpg 300w, https:\/\/www.vivaeurovision.com\/wp-content\/uploads\/2017\/05\/IMG_6830-1-700x466.jpg 700w, https:\/\/www.vivaeurovision.com\/wp-content\/uploads\/2017\/05\/IMG_6830-1.jpg 1280w\" sizes=\"auto, (max-width: 300px) 100vw, 300px\" \/> <img loading=\"lazy\" decoding=\"async\" class=\"alignnone size-medium wp-image-4997\" src=\"http:\/\/www.vivaeurovision.com\/wp-content\/uploads\/2017\/05\/IMG_6831-1-300x200.jpg\" alt=\"\" width=\"300\" height=\"200\" srcset=\"https:\/\/www.vivaeurovision.com\/wp-content\/uploads\/2017\/05\/IMG_6831-1-300x200.jpg 300w, https:\/\/www.vivaeurovision.com\/wp-content\/uploads\/2017\/05\/IMG_6831-1-700x466.jpg 700w, https:\/\/www.vivaeurovision.com\/wp-content\/uploads\/2017\/05\/IMG_6831-1.jpg 1280w\" sizes=\"auto, (max-width: 300px) 100vw, 300px\" \/> <img loading=\"lazy\" decoding=\"async\" class=\"alignnone size-medium wp-image-4998\" src=\"http:\/\/www.vivaeurovision.com\/wp-content\/uploads\/2017\/05\/IMG_6896-300x200.jpg\" alt=\"\" width=\"300\" height=\"200\" srcset=\"https:\/\/www.vivaeurovision.com\/wp-content\/uploads\/2017\/05\/IMG_6896-300x200.jpg 300w, https:\/\/www.vivaeurovision.com\/wp-content\/uploads\/2017\/05\/IMG_6896-700x466.jpg 700w, https:\/\/www.vivaeurovision.com\/wp-content\/uploads\/2017\/05\/IMG_6896.jpg 1280w\" sizes=\"auto, (max-width: 300px) 100vw, 300px\" \/> <img loading=\"lazy\" decoding=\"async\" class=\"alignnone size-medium wp-image-4999\" src=\"http:\/\/www.vivaeurovision.com\/wp-content\/uploads\/2017\/05\/IMG_6899-300x200.jpg\" alt=\"\" width=\"300\" height=\"200\" srcset=\"https:\/\/www.vivaeurovision.com\/wp-content\/uploads\/2017\/05\/IMG_6899-300x200.jpg 300w, https:\/\/www.vivaeurovision.com\/wp-content\/uploads\/2017\/05\/IMG_6899-700x466.jpg 700w, https:\/\/www.vivaeurovision.com\/wp-content\/uploads\/2017\/05\/IMG_6899.jpg 1280w\" sizes=\"auto, (max-width: 300px) 100vw, 300px\" \/> <img loading=\"lazy\" decoding=\"async\" class=\"alignnone size-medium wp-image-5000\" src=\"http:\/\/www.vivaeurovision.com\/wp-content\/uploads\/2017\/05\/DSC1619-1-300x200.jpg\" alt=\"\" width=\"300\" height=\"200\" srcset=\"https:\/\/www.vivaeurovision.com\/wp-content\/uploads\/2017\/05\/DSC1619-1-300x200.jpg 300w, https:\/\/www.vivaeurovision.com\/wp-content\/uploads\/2017\/05\/DSC1619-1-700x467.jpg 700w, https:\/\/www.vivaeurovision.com\/wp-content\/uploads\/2017\/05\/DSC1619-1.jpg 1772w\" sizes=\"auto, (max-width: 300px) 100vw, 300px\" \/> <img loading=\"lazy\" decoding=\"async\" class=\"alignnone size-medium wp-image-5001\" src=\"http:\/\/www.vivaeurovision.com\/wp-content\/uploads\/2017\/05\/Enlight171-1-300x200.jpg\" alt=\"\" width=\"300\" height=\"200\" srcset=\"https:\/\/www.vivaeurovision.com\/wp-content\/uploads\/2017\/05\/Enlight171-1-300x200.jpg 300w, https:\/\/www.vivaeurovision.com\/wp-content\/uploads\/2017\/05\/Enlight171-1-700x467.jpg 700w\" sizes=\"auto, (max-width: 300px) 100vw, 300px\" \/> <img loading=\"lazy\" decoding=\"async\" class=\"alignnone size-medium wp-image-5002\" src=\"http:\/\/www.vivaeurovision.com\/wp-content\/uploads\/2017\/05\/Enlight174-1-300x200.jpg\" alt=\"\" width=\"300\" height=\"200\" srcset=\"https:\/\/www.vivaeurovision.com\/wp-content\/uploads\/2017\/05\/Enlight174-1-300x200.jpg 300w, https:\/\/www.vivaeurovision.com\/wp-content\/uploads\/2017\/05\/Enlight174-1-700x467.jpg 700w\" sizes=\"auto, (max-width: 300px) 100vw, 300px\" \/><\/p>\n<p><img loading=\"lazy\" decoding=\"async\" class=\"alignnone size-medium wp-image-311\" src=\"http:\/\/www.vivaeurovision.com\/wp-content\/uploads\/2016\/01\/image-21-300x165.jpeg\" alt=\"VIVAEUROVISION.COM\" width=\"300\" height=\"165\" srcset=\"https:\/\/www.vivaeurovision.com\/wp-content\/uploads\/2016\/01\/image-21-300x165.jpeg 300w, https:\/\/www.vivaeurovision.com\/wp-content\/uploads\/2016\/01\/image-21-555x305.jpeg 555w, https:\/\/www.vivaeurovision.com\/wp-content\/uploads\/2016\/01\/image-21.jpeg 669w\" sizes=\"auto, (max-width: 300px) 100vw, 300px\" \/><\/p>\n<p>Twitter\u00a0<strong> <a href=\"https:\/\/twitter.com\/viva_eurovision\" target=\"_blank\" rel=\"noopener noreferrer\"><span style=\"color: #0066cc;\">@viva_eurovision<\/span><\/a>\u00a0 <a href=\"https:\/\/www.facebook.com\/Vivaeurovisioncom-867806686671081\/?fref=nf\" target=\"_blank\" rel=\"noopener noreferrer\"><span style=\"color: #0066cc;\">FACEBOOK OFICIAL VIVA EUROVISION <\/span><\/a><\/strong>Instragram <strong>\u00a0<\/strong><a href=\"https:\/\/www.instagram.com\/vivaeurovision\/\" target=\"_blank\" rel=\"noopener noreferrer\"><strong>@vivaeurovision<\/strong><\/a><\/p>\n<p>Redactor: Pedro Palomo <a href=\"https:\/\/twitter.com\/pedropalomobcn?lang=es\"><strong><span style=\"color: #0066cc;\">@pedropalomobcn<\/span><\/strong><\/a><strong>\u00a0<\/strong>Instagram <a href=\"https:\/\/www.instagram.com\/pedrobcn\/\" target=\"_blank\" rel=\"noopener noreferrer\"><strong>@pedrobcn<\/strong><\/a><\/p>\n<p>IMAGENES: \u00a9Eurovison.tv<\/p>\n<p><img loading=\"lazy\" decoding=\"async\" class=\"alignnone size-medium wp-image-311\" src=\"http:\/\/www.vivaeurovision.com\/wp-content\/uploads\/2016\/01\/image-21-300x165.jpeg\" alt=\"VIVAEUROVISION.COM\" width=\"300\" height=\"165\" srcset=\"https:\/\/www.vivaeurovision.com\/wp-content\/uploads\/2016\/01\/image-21-300x165.jpeg 300w, https:\/\/www.vivaeurovision.com\/wp-content\/uploads\/2016\/01\/image-21-555x305.jpeg 555w, https:\/\/www.vivaeurovision.com\/wp-content\/uploads\/2016\/01\/image-21.jpeg 669w\" sizes=\"auto, (max-width: 300px) 100vw, 300px\" \/><\/p>\n<p>Twitter\u00a0<strong> <a href=\"https:\/\/twitter.com\/viva_eurovision\" target=\"_blank\" rel=\"noopener noreferrer\"><span style=\"color: #0066cc;\">@viva_eurovision<\/span><\/a>\u00a0 <a href=\"https:\/\/www.facebook.com\/Vivaeurovisioncom-867806686671081\/?fref=nf\" target=\"_blank\" rel=\"noopener noreferrer\"><span style=\"color: #0066cc;\">FACEBOOK OFICIAL VIVA EUROVISION <\/span><\/a><\/strong>Instragram <strong>\u00a0<\/strong><a href=\"https:\/\/www.instagram.com\/vivaeurovision\/\" target=\"_blank\" rel=\"noopener noreferrer\"><strong>@vivaeurovision<\/strong><\/a><\/p>\n<p>Redactor: Pedro Palomo <a href=\"https:\/\/twitter.com\/pedropalomobcn?lang=es\"><strong><span style=\"color: #0066cc;\">@pedropalomobcn<\/span><\/strong><\/a><strong>\u00a0<\/strong>Instagram <a href=\"https:\/\/www.instagram.com\/pedrobcn\/\" target=\"_blank\" rel=\"noopener noreferrer\"><strong>@pedrobcn<\/strong><\/a><\/p>\n","protected":false},"excerpt":{"rendered":"<p>Eurovision 2017 Hoy se celebra la gran final de la 62 edici\u00f3n del Festival de Eurovisi\u00f3n 2017, donde los 26 finalista competir\u00e1n para conseguir el cotizado micr\u00f3fono de cristal y&#46;&#46;&#46;<\/p>\n","protected":false},"author":1,"featured_media":5044,"comment_status":"open","ping_status":"closed","sticky":false,"template":"","format":"standard","meta":{"_exactmetrics_skip_tracking":false,"_exactmetrics_sitenote_active":false,"_exactmetrics_sitenote_note":"","_exactmetrics_sitenote_category":0,"footnotes":""},"categories":[6,1195,876,4,1188,2,3],"tags":[1542,17,865,2131,870,11,670,2130,1543,1576,2128,999,1017,866,706,869,1096,2129,34,19,20,766,18,23,22],"class_list":["post-5014","post","type-post","status-publish","format-standard","has-post-thumbnail","hentry","category-espana-en-eurovision","category-eurovision-2","category-eurovision-2017","category-eurovision","category-noticia-2","category-noticia","category-ultima-hora","tag-celebrate-diversity","tag-esc","tag-esc-2017","tag-esc-2017-final","tag-espana-eurovision-2017","tag-eurovision","tag-eurovision-2017","tag-eurovision-2017-final","tag-eurovision-celebrate-diversity","tag-eurovision-celebrate-diversity-kiev-2017","tag-eurovision-gran-final","tag-eurovision-kiev","tag-eurovision-kiev-2017","tag-eurovision-song-contest-2017","tag-eurovision-song-contest-festival","tag-eurovision-spain-2017","tag-festival-de-eurovision","tag-final-eurovision-2017","tag-noticia","tag-pedro-palomo","tag-pedro-palomo-eurovision","tag-pedro-palomo-vivaeurovision","tag-rtve","tag-viva-eurovision","tag-vivaeurovision"],"yoast_head":"<!-- This site is optimized with the Yoast SEO plugin v27.5 - https:\/\/yoast.com\/product\/yoast-seo-wordpress\/ -->\n<title>VIVE CON VIVAEUROVISION, LA GRAN FINAL DE EUROVISION 2017 - VIVAEUROVISION viva eurovision<\/title>\n<meta name=\"description\" content=\"eurovision, eurovision 2017, final eurovision 2017, eurovision 2017 final, vivaeurovision, festival de eurovision, eurovision Espa\u00f1a, manel navarro\" \/>\n<meta name=\"robots\" content=\"index, follow, max-snippet:-1, max-image-preview:large, max-video-preview:-1\" \/>\n<link rel=\"canonical\" href=\"https:\/\/www.vivaeurovision.com\/index.php\/2017\/05\/13\/5014-eurovision\/\" \/>\n<meta property=\"og:locale\" content=\"es_ES\" \/>\n<meta property=\"og:type\" content=\"article\" \/>\n<meta property=\"og:title\" content=\"VIVE CON VIVAEUROVISION, LA GRAN FINAL DE EUROVISION 2017 - VIVAEUROVISION viva eurovision\" \/>\n<meta property=\"og:description\" content=\"eurovision, eurovision 2017, final eurovision 2017, eurovision 2017 final, vivaeurovision, festival de eurovision, eurovision Espa\u00f1a, manel navarro\" \/>\n<meta property=\"og:url\" content=\"https:\/\/www.vivaeurovision.com\/index.php\/2017\/05\/13\/5014-eurovision\/\" \/>\n<meta property=\"og:site_name\" content=\"VIVAEUROVISION viva eurovision\" \/>\n<meta property=\"article:published_time\" content=\"2017-05-13T10:54:53+00:00\" \/>\n<meta property=\"article:modified_time\" content=\"2017-05-13T10:59:49+00:00\" \/>\n<meta property=\"og:image\" content=\"https:\/\/www.vivaeurovision.com\/wp-content\/uploads\/2017\/05\/granfinaleurovision.jpg\" \/>\n\t<meta property=\"og:image:width\" content=\"1181\" \/>\n\t<meta property=\"og:image:height\" content=\"552\" \/>\n\t<meta property=\"og:image:type\" content=\"image\/jpeg\" \/>\n<meta name=\"author\" content=\"Pedro Palomo\" \/>\n<meta name=\"twitter:card\" content=\"summary_large_image\" \/>\n<meta name=\"twitter:creator\" content=\"@pedropalomobcn\" \/>\n<meta name=\"twitter:label1\" content=\"Escrito por\" \/>\n\t<meta name=\"twitter:data1\" content=\"Pedro Palomo\" \/>\n\t<meta name=\"twitter:label2\" content=\"Tiempo de lectura\" \/>\n\t<meta name=\"twitter:data2\" content=\"2 minutos\" \/>\n<script type=\"application\/ld+json\" class=\"yoast-schema-graph\">{\"@context\":\"https:\\\/\\\/schema.org\",\"@graph\":[{\"@type\":\"Article\",\"@id\":\"https:\\\/\\\/www.vivaeurovision.com\\\/index.php\\\/2017\\\/05\\\/13\\\/5014-eurovision\\\/#article\",\"isPartOf\":{\"@id\":\"https:\\\/\\\/www.vivaeurovision.com\\\/index.php\\\/2017\\\/05\\\/13\\\/5014-eurovision\\\/\"},\"author\":{\"name\":\"Pedro Palomo\",\"@id\":\"https:\\\/\\\/www.vivaeurovision.com\\\/#\\\/schema\\\/person\\\/1d31fdaa3f5f7df556f73d164bd3c47a\"},\"headline\":\"VIVE CON VIVAEUROVISION, LA GRAN FINAL DE EUROVISION 2017\",\"datePublished\":\"2017-05-13T10:54:53+00:00\",\"dateModified\":\"2017-05-13T10:59:49+00:00\",\"mainEntityOfPage\":{\"@id\":\"https:\\\/\\\/www.vivaeurovision.com\\\/index.php\\\/2017\\\/05\\\/13\\\/5014-eurovision\\\/\"},\"wordCount\":318,\"commentCount\":0,\"publisher\":{\"@id\":\"https:\\\/\\\/www.vivaeurovision.com\\\/#organization\"},\"image\":{\"@id\":\"https:\\\/\\\/www.vivaeurovision.com\\\/index.php\\\/2017\\\/05\\\/13\\\/5014-eurovision\\\/#primaryimage\"},\"thumbnailUrl\":\"https:\\\/\\\/www.vivaeurovision.com\\\/wp-content\\\/uploads\\\/2017\\\/05\\\/granfinaleurovision.jpg\",\"keywords\":[\"celebrate diversity\",\"ESC\",\"esc 2017\",\"esc 2017 final\",\"espa\u00f1a eurovision 2017\",\"Eurovision\",\"Eurovision 2017\",\"eurovision 2017 final\",\"eurovision celebrate diversity\",\"eurovision celebrate diversity kiev 2017\",\"eurovision gran final\",\"Eurovision Kiev\",\"eurovision kiev 2017\",\"eurovision song contest 2017\",\"eurovision song contest festival\",\"eurovision spain 2017\",\"Festival de Eurovisi\u00f3n\",\"final eurovision 2017\",\"Noticia\",\"Pedro Palomo\",\"Pedro Palomo Eurovision\",\"Pedro Palomo Vivaeurovision\",\"RTVE\",\"viva eurovision\",\"vivaeurovision\"],\"articleSection\":[\"Espa\u00f1a en Eurovisi\u00f3n\",\"eurovision\",\"Eurovisi\u00f3n 2017\",\"Inicio\",\"Noticia\",\"Noticias\",\"Ultima Hora\"],\"inLanguage\":\"es\",\"potentialAction\":[{\"@type\":\"CommentAction\",\"name\":\"Comment\",\"target\":[\"https:\\\/\\\/www.vivaeurovision.com\\\/index.php\\\/2017\\\/05\\\/13\\\/5014-eurovision\\\/#respond\"]}]},{\"@type\":\"WebPage\",\"@id\":\"https:\\\/\\\/www.vivaeurovision.com\\\/index.php\\\/2017\\\/05\\\/13\\\/5014-eurovision\\\/\",\"url\":\"https:\\\/\\\/www.vivaeurovision.com\\\/index.php\\\/2017\\\/05\\\/13\\\/5014-eurovision\\\/\",\"name\":\"VIVE CON VIVAEUROVISION, LA GRAN FINAL DE EUROVISION 2017 - VIVAEUROVISION viva eurovision\",\"isPartOf\":{\"@id\":\"https:\\\/\\\/www.vivaeurovision.com\\\/#website\"},\"primaryImageOfPage\":{\"@id\":\"https:\\\/\\\/www.vivaeurovision.com\\\/index.php\\\/2017\\\/05\\\/13\\\/5014-eurovision\\\/#primaryimage\"},\"image\":{\"@id\":\"https:\\\/\\\/www.vivaeurovision.com\\\/index.php\\\/2017\\\/05\\\/13\\\/5014-eurovision\\\/#primaryimage\"},\"thumbnailUrl\":\"https:\\\/\\\/www.vivaeurovision.com\\\/wp-content\\\/uploads\\\/2017\\\/05\\\/granfinaleurovision.jpg\",\"datePublished\":\"2017-05-13T10:54:53+00:00\",\"dateModified\":\"2017-05-13T10:59:49+00:00\",\"description\":\"eurovision, eurovision 2017, final eurovision 2017, eurovision 2017 final, vivaeurovision, festival de eurovision, eurovision Espa\u00f1a, manel navarro\",\"breadcrumb\":{\"@id\":\"https:\\\/\\\/www.vivaeurovision.com\\\/index.php\\\/2017\\\/05\\\/13\\\/5014-eurovision\\\/#breadcrumb\"},\"inLanguage\":\"es\",\"potentialAction\":[{\"@type\":\"ReadAction\",\"target\":[\"https:\\\/\\\/www.vivaeurovision.com\\\/index.php\\\/2017\\\/05\\\/13\\\/5014-eurovision\\\/\"]}]},{\"@type\":\"ImageObject\",\"inLanguage\":\"es\",\"@id\":\"https:\\\/\\\/www.vivaeurovision.com\\\/index.php\\\/2017\\\/05\\\/13\\\/5014-eurovision\\\/#primaryimage\",\"url\":\"https:\\\/\\\/www.vivaeurovision.com\\\/wp-content\\\/uploads\\\/2017\\\/05\\\/granfinaleurovision.jpg\",\"contentUrl\":\"https:\\\/\\\/www.vivaeurovision.com\\\/wp-content\\\/uploads\\\/2017\\\/05\\\/granfinaleurovision.jpg\",\"width\":1181,\"height\":552,\"caption\":\"eurovision\"},{\"@type\":\"BreadcrumbList\",\"@id\":\"https:\\\/\\\/www.vivaeurovision.com\\\/index.php\\\/2017\\\/05\\\/13\\\/5014-eurovision\\\/#breadcrumb\",\"itemListElement\":[{\"@type\":\"ListItem\",\"position\":1,\"name\":\"Portada\",\"item\":\"https:\\\/\\\/www.vivaeurovision.com\\\/\"},{\"@type\":\"ListItem\",\"position\":2,\"name\":\"VIVE CON VIVAEUROVISION, LA GRAN FINAL DE EUROVISION 2017\"}]},{\"@type\":\"WebSite\",\"@id\":\"https:\\\/\\\/www.vivaeurovision.com\\\/#website\",\"url\":\"https:\\\/\\\/www.vivaeurovision.com\\\/\",\"name\":\"VIVAEUROVISION viva eurovision\",\"description\":\"Tu portal sobre el Festival de Eurovision, eurovision, eurovisi\u00f3n\",\"publisher\":{\"@id\":\"https:\\\/\\\/www.vivaeurovision.com\\\/#organization\"},\"potentialAction\":[{\"@type\":\"SearchAction\",\"target\":{\"@type\":\"EntryPoint\",\"urlTemplate\":\"https:\\\/\\\/www.vivaeurovision.com\\\/?s={search_term_string}\"},\"query-input\":{\"@type\":\"PropertyValueSpecification\",\"valueRequired\":true,\"valueName\":\"search_term_string\"}}],\"inLanguage\":\"es\"},{\"@type\":\"Organization\",\"@id\":\"https:\\\/\\\/www.vivaeurovision.com\\\/#organization\",\"name\":\"vivaeurovision\",\"url\":\"https:\\\/\\\/www.vivaeurovision.com\\\/\",\"logo\":{\"@type\":\"ImageObject\",\"inLanguage\":\"es\",\"@id\":\"https:\\\/\\\/www.vivaeurovision.com\\\/#\\\/schema\\\/logo\\\/image\\\/\",\"url\":\"https:\\\/\\\/www.vivaeurovision.com\\\/wp-content\\\/uploads\\\/2016\\\/01\\\/cropped-image-21-1.jpeg\",\"contentUrl\":\"https:\\\/\\\/www.vivaeurovision.com\\\/wp-content\\\/uploads\\\/2016\\\/01\\\/cropped-image-21-1.jpeg\",\"width\":669,\"height\":368,\"caption\":\"vivaeurovision\"},\"image\":{\"@id\":\"https:\\\/\\\/www.vivaeurovision.com\\\/#\\\/schema\\\/logo\\\/image\\\/\"}},{\"@type\":\"Person\",\"@id\":\"https:\\\/\\\/www.vivaeurovision.com\\\/#\\\/schema\\\/person\\\/1d31fdaa3f5f7df556f73d164bd3c47a\",\"name\":\"Pedro Palomo\",\"image\":{\"@type\":\"ImageObject\",\"inLanguage\":\"es\",\"@id\":\"https:\\\/\\\/secure.gravatar.com\\\/avatar\\\/4cf9a4877f5f71f44fb7cedbe1bac1bd28bd8ce7a217517d98d5b2117f9f5505?s=96&d=mm&r=g\",\"url\":\"https:\\\/\\\/secure.gravatar.com\\\/avatar\\\/4cf9a4877f5f71f44fb7cedbe1bac1bd28bd8ce7a217517d98d5b2117f9f5505?s=96&d=mm&r=g\",\"contentUrl\":\"https:\\\/\\\/secure.gravatar.com\\\/avatar\\\/4cf9a4877f5f71f44fb7cedbe1bac1bd28bd8ce7a217517d98d5b2117f9f5505?s=96&d=mm&r=g\",\"caption\":\"Pedro Palomo\"},\"sameAs\":[\"http:\\\/\\\/www.vivaeurovision.com\",\"@pedrobcn\",\"https:\\\/\\\/x.com\\\/@pedropalomobcn\"]}]}<\/script>\n<!-- \/ Yoast SEO plugin. -->","yoast_head_json":{"title":"VIVE CON VIVAEUROVISION, LA GRAN FINAL DE EUROVISION 2017 - VIVAEUROVISION viva eurovision","description":"eurovision, eurovision 2017, final eurovision 2017, eurovision 2017 final, vivaeurovision, festival de eurovision, eurovision Espa\u00f1a, manel navarro","robots":{"index":"index","follow":"follow","max-snippet":"max-snippet:-1","max-image-preview":"max-image-preview:large","max-video-preview":"max-video-preview:-1"},"canonical":"https:\/\/www.vivaeurovision.com\/index.php\/2017\/05\/13\/5014-eurovision\/","og_locale":"es_ES","og_type":"article","og_title":"VIVE CON VIVAEUROVISION, LA GRAN FINAL DE EUROVISION 2017 - VIVAEUROVISION viva eurovision","og_description":"eurovision, eurovision 2017, final eurovision 2017, eurovision 2017 final, vivaeurovision, festival de eurovision, eurovision Espa\u00f1a, manel navarro","og_url":"https:\/\/www.vivaeurovision.com\/index.php\/2017\/05\/13\/5014-eurovision\/","og_site_name":"VIVAEUROVISION viva eurovision","article_published_time":"2017-05-13T10:54:53+00:00","article_modified_time":"2017-05-13T10:59:49+00:00","og_image":[{"width":1181,"height":552,"url":"https:\/\/www.vivaeurovision.com\/wp-content\/uploads\/2017\/05\/granfinaleurovision.jpg","type":"image\/jpeg"}],"author":"Pedro Palomo","twitter_card":"summary_large_image","twitter_creator":"@pedropalomobcn","twitter_misc":{"Escrito por":"Pedro Palomo","Tiempo de lectura":"2 minutos"},"schema":{"@context":"https:\/\/schema.org","@graph":[{"@type":"Article","@id":"https:\/\/www.vivaeurovision.com\/index.php\/2017\/05\/13\/5014-eurovision\/#article","isPartOf":{"@id":"https:\/\/www.vivaeurovision.com\/index.php\/2017\/05\/13\/5014-eurovision\/"},"author":{"name":"Pedro Palomo","@id":"https:\/\/www.vivaeurovision.com\/#\/schema\/person\/1d31fdaa3f5f7df556f73d164bd3c47a"},"headline":"VIVE CON VIVAEUROVISION, LA GRAN FINAL DE EUROVISION 2017","datePublished":"2017-05-13T10:54:53+00:00","dateModified":"2017-05-13T10:59:49+00:00","mainEntityOfPage":{"@id":"https:\/\/www.vivaeurovision.com\/index.php\/2017\/05\/13\/5014-eurovision\/"},"wordCount":318,"commentCount":0,"publisher":{"@id":"https:\/\/www.vivaeurovision.com\/#organization"},"image":{"@id":"https:\/\/www.vivaeurovision.com\/index.php\/2017\/05\/13\/5014-eurovision\/#primaryimage"},"thumbnailUrl":"https:\/\/www.vivaeurovision.com\/wp-content\/uploads\/2017\/05\/granfinaleurovision.jpg","keywords":["celebrate diversity","ESC","esc 2017","esc 2017 final","espa\u00f1a eurovision 2017","Eurovision","Eurovision 2017","eurovision 2017 final","eurovision celebrate diversity","eurovision celebrate diversity kiev 2017","eurovision gran final","Eurovision Kiev","eurovision kiev 2017","eurovision song contest 2017","eurovision song contest festival","eurovision spain 2017","Festival de Eurovisi\u00f3n","final eurovision 2017","Noticia","Pedro Palomo","Pedro Palomo Eurovision","Pedro Palomo Vivaeurovision","RTVE","viva eurovision","vivaeurovision"],"articleSection":["Espa\u00f1a en Eurovisi\u00f3n","eurovision","Eurovisi\u00f3n 2017","Inicio","Noticia","Noticias","Ultima Hora"],"inLanguage":"es","potentialAction":[{"@type":"CommentAction","name":"Comment","target":["https:\/\/www.vivaeurovision.com\/index.php\/2017\/05\/13\/5014-eurovision\/#respond"]}]},{"@type":"WebPage","@id":"https:\/\/www.vivaeurovision.com\/index.php\/2017\/05\/13\/5014-eurovision\/","url":"https:\/\/www.vivaeurovision.com\/index.php\/2017\/05\/13\/5014-eurovision\/","name":"VIVE CON VIVAEUROVISION, LA GRAN FINAL DE EUROVISION 2017 - VIVAEUROVISION viva eurovision","isPartOf":{"@id":"https:\/\/www.vivaeurovision.com\/#website"},"primaryImageOfPage":{"@id":"https:\/\/www.vivaeurovision.com\/index.php\/2017\/05\/13\/5014-eurovision\/#primaryimage"},"image":{"@id":"https:\/\/www.vivaeurovision.com\/index.php\/2017\/05\/13\/5014-eurovision\/#primaryimage"},"thumbnailUrl":"https:\/\/www.vivaeurovision.com\/wp-content\/uploads\/2017\/05\/granfinaleurovision.jpg","datePublished":"2017-05-13T10:54:53+00:00","dateModified":"2017-05-13T10:59:49+00:00","description":"eurovision, eurovision 2017, final eurovision 2017, eurovision 2017 final, vivaeurovision, festival de eurovision, eurovision Espa\u00f1a, manel navarro","breadcrumb":{"@id":"https:\/\/www.vivaeurovision.com\/index.php\/2017\/05\/13\/5014-eurovision\/#breadcrumb"},"inLanguage":"es","potentialAction":[{"@type":"ReadAction","target":["https:\/\/www.vivaeurovision.com\/index.php\/2017\/05\/13\/5014-eurovision\/"]}]},{"@type":"ImageObject","inLanguage":"es","@id":"https:\/\/www.vivaeurovision.com\/index.php\/2017\/05\/13\/5014-eurovision\/#primaryimage","url":"https:\/\/www.vivaeurovision.com\/wp-content\/uploads\/2017\/05\/granfinaleurovision.jpg","contentUrl":"https:\/\/www.vivaeurovision.com\/wp-content\/uploads\/2017\/05\/granfinaleurovision.jpg","width":1181,"height":552,"caption":"eurovision"},{"@type":"BreadcrumbList","@id":"https:\/\/www.vivaeurovision.com\/index.php\/2017\/05\/13\/5014-eurovision\/#breadcrumb","itemListElement":[{"@type":"ListItem","position":1,"name":"Portada","item":"https:\/\/www.vivaeurovision.com\/"},{"@type":"ListItem","position":2,"name":"VIVE CON VIVAEUROVISION, LA GRAN FINAL DE EUROVISION 2017"}]},{"@type":"WebSite","@id":"https:\/\/www.vivaeurovision.com\/#website","url":"https:\/\/www.vivaeurovision.com\/","name":"VIVAEUROVISION viva eurovision","description":"Tu portal sobre el Festival de Eurovision, eurovision, eurovisi\u00f3n","publisher":{"@id":"https:\/\/www.vivaeurovision.com\/#organization"},"potentialAction":[{"@type":"SearchAction","target":{"@type":"EntryPoint","urlTemplate":"https:\/\/www.vivaeurovision.com\/?s={search_term_string}"},"query-input":{"@type":"PropertyValueSpecification","valueRequired":true,"valueName":"search_term_string"}}],"inLanguage":"es"},{"@type":"Organization","@id":"https:\/\/www.vivaeurovision.com\/#organization","name":"vivaeurovision","url":"https:\/\/www.vivaeurovision.com\/","logo":{"@type":"ImageObject","inLanguage":"es","@id":"https:\/\/www.vivaeurovision.com\/#\/schema\/logo\/image\/","url":"https:\/\/www.vivaeurovision.com\/wp-content\/uploads\/2016\/01\/cropped-image-21-1.jpeg","contentUrl":"https:\/\/www.vivaeurovision.com\/wp-content\/uploads\/2016\/01\/cropped-image-21-1.jpeg","width":669,"height":368,"caption":"vivaeurovision"},"image":{"@id":"https:\/\/www.vivaeurovision.com\/#\/schema\/logo\/image\/"}},{"@type":"Person","@id":"https:\/\/www.vivaeurovision.com\/#\/schema\/person\/1d31fdaa3f5f7df556f73d164bd3c47a","name":"Pedro Palomo","image":{"@type":"ImageObject","inLanguage":"es","@id":"https:\/\/secure.gravatar.com\/avatar\/4cf9a4877f5f71f44fb7cedbe1bac1bd28bd8ce7a217517d98d5b2117f9f5505?s=96&d=mm&r=g","url":"https:\/\/secure.gravatar.com\/avatar\/4cf9a4877f5f71f44fb7cedbe1bac1bd28bd8ce7a217517d98d5b2117f9f5505?s=96&d=mm&r=g","contentUrl":"https:\/\/secure.gravatar.com\/avatar\/4cf9a4877f5f71f44fb7cedbe1bac1bd28bd8ce7a217517d98d5b2117f9f5505?s=96&d=mm&r=g","caption":"Pedro Palomo"},"sameAs":["http:\/\/www.vivaeurovision.com","@pedrobcn","https:\/\/x.com\/@pedropalomobcn"]}]}},"_links":{"self":[{"href":"https:\/\/www.vivaeurovision.com\/index.php\/wp-json\/wp\/v2\/posts\/5014","targetHints":{"allow":["GET"]}}],"collection":[{"href":"https:\/\/www.vivaeurovision.com\/index.php\/wp-json\/wp\/v2\/posts"}],"about":[{"href":"https:\/\/www.vivaeurovision.com\/index.php\/wp-json\/wp\/v2\/types\/post"}],"author":[{"embeddable":true,"href":"https:\/\/www.vivaeurovision.com\/index.php\/wp-json\/wp\/v2\/users\/1"}],"replies":[{"embeddable":true,"href":"https:\/\/www.vivaeurovision.com\/index.php\/wp-json\/wp\/v2\/comments?post=5014"}],"version-history":[{"count":2,"href":"https:\/\/www.vivaeurovision.com\/index.php\/wp-json\/wp\/v2\/posts\/5014\/revisions"}],"predecessor-version":[{"id":5045,"href":"https:\/\/www.vivaeurovision.com\/index.php\/wp-json\/wp\/v2\/posts\/5014\/revisions\/5045"}],"wp:featuredmedia":[{"embeddable":true,"href":"https:\/\/www.vivaeurovision.com\/index.php\/wp-json\/wp\/v2\/media\/5044"}],"wp:attachment":[{"href":"https:\/\/www.vivaeurovision.com\/index.php\/wp-json\/wp\/v2\/media?parent=5014"}],"wp:term":[{"taxonomy":"category","embeddable":true,"href":"https:\/\/www.vivaeurovision.com\/index.php\/wp-json\/wp\/v2\/categories?post=5014"},{"taxonomy":"post_tag","embeddable":true,"href":"https:\/\/www.vivaeurovision.com\/index.php\/wp-json\/wp\/v2\/tags?post=5014"}],"curies":[{"name":"wp","href":"https:\/\/api.w.org\/{rel}","templated":true}]}}