{"id":5116,"date":"2017-05-25T23:48:35","date_gmt":"2017-05-25T23:48:35","guid":{"rendered":"http:\/\/www.vivaeurovision.com\/?p=5116"},"modified":"2017-05-25T23:48:35","modified_gmt":"2017-05-25T23:48:35","slug":"5116-rosa-lopez","status":"publish","type":"post","link":"https:\/\/www.vivaeurovision.com\/index.php\/2017\/05\/25\/5116-rosa-lopez\/","title":{"rendered":"Rosa L\u00f3pez celebra su 15 aniversario de Eurovisi\u00f3n, en el TOP1 de ventas con su nuevo trabajo discogr\u00e1fico"},"content":{"rendered":"<p>Rosa L\u00f3pez, representante de Espa\u00f1a en el Festival de Eurovisi\u00f3n en el a\u00f1o 2002, regresa con nuevo trabajo discogr\u00e1fico.<\/p>\n<p>La adorable cantante y amada por todos, como Rosa de Espa\u00f1a, ilusion\u00f3 a todo el pa\u00eds en el a\u00f1o 2002 con su Europe&#8217;s Living a Celebration. Un s\u00e9ptimo puesto y el gran cari\u00f1o y reconocimiento de todo un pa\u00eds y gran parte de Europa. Siendo la programa m\u00e1s visto de la historia de la televisi\u00f3n en Espa\u00f1a.<\/p>\n<p>15 a\u00f1os m\u00e1s tarde regresa con m\u00e1s fuerza y seguridad que nunca y un estilo pop rock, desde que fich\u00f3 por Universal Music, la cantante no ha parado de trabajar, compaginando su participaci\u00f3n en el programa Tu Cara Me Suena, donde consigui\u00f3 quedar en un segundo puesto y a la vez grabando su nuevo \u00e1lbum discogr\u00e1fico.<\/p>\n<p>En menos de una hora Rosa L\u00f3pez, ha conseguido llegar al n\u00famero uno de ventas digitales con su nuevo single AL FIN PIENSO EN MI.<\/p>\n<p><img loading=\"lazy\" decoding=\"async\" class=\"alignnone size-medium wp-image-5123\" src=\"http:\/\/www.vivaeurovision.com\/wp-content\/uploads\/2017\/05\/IMG_8839-180x300.jpg\" alt=\"eurovision\" width=\"180\" height=\"300\" srcset=\"https:\/\/www.vivaeurovision.com\/wp-content\/uploads\/2017\/05\/IMG_8839-180x300.jpg 180w, https:\/\/www.vivaeurovision.com\/wp-content\/uploads\/2017\/05\/IMG_8839-700x1168.jpg 700w, https:\/\/www.vivaeurovision.com\/wp-content\/uploads\/2017\/05\/IMG_8839.jpg 1227w\" sizes=\"auto, (max-width: 180px) 100vw, 180px\" \/><\/p>\n<p>Aqui os dejamos el enlace para que pod\u00e1is comprar su nuevo single.<\/p>\n<p><strong><a href=\"http:\/\/Al Fin Pienso En Mi - Single por Rosa L\u00f3pez https:\/\/itun.es\/es\/6rN0jb\" target=\"_blank\" rel=\"noopener noreferrer\">Al Fin Pienso En Mi &#8211; Single por Rosa L\u00f3pez https:\/\/itun.es\/es\/6rN0jb<\/a><\/strong><\/p>\n<p><img loading=\"lazy\" decoding=\"async\" class=\"alignnone size-medium wp-image-5124\" src=\"http:\/\/www.vivaeurovision.com\/wp-content\/uploads\/2017\/05\/Enlight199-300x142.jpg\" alt=\"rosa lopez\" width=\"300\" height=\"142\" srcset=\"https:\/\/www.vivaeurovision.com\/wp-content\/uploads\/2017\/05\/Enlight199-300x142.jpg 300w, https:\/\/www.vivaeurovision.com\/wp-content\/uploads\/2017\/05\/Enlight199-700x332.jpg 700w, https:\/\/www.vivaeurovision.com\/wp-content\/uploads\/2017\/05\/Enlight199-520x245.jpg 520w, https:\/\/www.vivaeurovision.com\/wp-content\/uploads\/2017\/05\/Enlight199-720x340.jpg 720w, https:\/\/www.vivaeurovision.com\/wp-content\/uploads\/2017\/05\/Enlight199.jpg 1017w\" sizes=\"auto, (max-width: 300px) 100vw, 300px\" \/><\/p>\n<p>&nbsp;<\/p>\n<p><img loading=\"lazy\" decoding=\"async\" class=\"alignnone size-medium wp-image-311\" src=\"http:\/\/www.vivaeurovision.com\/wp-content\/uploads\/2016\/01\/image-21-300x165.jpeg\" alt=\"VIVAEUROVISION.COM\" width=\"300\" height=\"165\" srcset=\"https:\/\/www.vivaeurovision.com\/wp-content\/uploads\/2016\/01\/image-21-300x165.jpeg 300w, https:\/\/www.vivaeurovision.com\/wp-content\/uploads\/2016\/01\/image-21-555x305.jpeg 555w, https:\/\/www.vivaeurovision.com\/wp-content\/uploads\/2016\/01\/image-21.jpeg 669w\" sizes=\"auto, (max-width: 300px) 100vw, 300px\" \/><\/p>\n<p>Twitter\u00a0<strong> <a href=\"https:\/\/twitter.com\/viva_eurovision\" target=\"_blank\" rel=\"noopener noreferrer\"><span style=\"color: #0066cc;\">@viva_eurovision<\/span><\/a>\u00a0 <a href=\"https:\/\/www.facebook.com\/Vivaeurovisioncom-867806686671081\/?fref=nf\" target=\"_blank\" rel=\"noopener noreferrer\"><span style=\"color: #0066cc;\">FACEBOOK OFICIAL VIVA EUROVISION <\/span><\/a><\/strong>Instragram <strong>\u00a0<\/strong><a href=\"https:\/\/www.instagram.com\/vivaeurovision\/\" target=\"_blank\" rel=\"noopener noreferrer\"><strong>@vivaeurovision<\/strong><\/a><\/p>\n<p>Redactor: Pedro Palomo <a href=\"https:\/\/twitter.com\/pedropalomobcn?lang=es\"><strong><span style=\"color: #0066cc;\">@pedropalomobcn<\/span><\/strong><\/a><strong>\u00a0<\/strong>Instagram <a href=\"https:\/\/www.instagram.com\/pedrobcn\/\" target=\"_blank\" rel=\"noopener noreferrer\"><strong>@pedrobcn<\/strong><\/a><\/p>\n<p>Imagen:\u00a0\u00a9ROSA LOP\u00c9Z<\/p>\n","protected":false},"excerpt":{"rendered":"<p>Rosa L\u00f3pez, representante de Espa\u00f1a en el Festival de Eurovisi\u00f3n en el a\u00f1o 2002, regresa con nuevo trabajo discogr\u00e1fico. La adorable cantante y amada por todos, como Rosa de Espa\u00f1a,&#46;&#46;&#46;<\/p>\n","protected":false},"author":1,"featured_media":5124,"comment_status":"open","ping_status":"closed","sticky":false,"template":"","format":"standard","meta":{"_exactmetrics_skip_tracking":false,"_exactmetrics_sitenote_active":false,"_exactmetrics_sitenote_note":"","_exactmetrics_sitenote_category":0,"footnotes":""},"categories":[6,1195,4,1188,2,3],"tags":[2176,17,11,706,1096,34,19,20,766,856,2175,2177,857,860,18,110,23,22],"class_list":["post-5116","post","type-post","status-publish","format-standard","has-post-thumbnail","hentry","category-espana-en-eurovision","category-eurovision-2","category-eurovision","category-noticia-2","category-noticia","category-ultima-hora","tag-al-fin-pienso-en-mi","tag-esc","tag-eurovision","tag-eurovision-song-contest-festival","tag-festival-de-eurovision","tag-noticia","tag-pedro-palomo","tag-pedro-palomo-eurovision","tag-pedro-palomo-vivaeurovision","tag-rosa-lopez","tag-rosa-lopez-al-fin-pienso-en-mi","tag-rosa-lopez-eurovision","tag-rosa-lopez-eurovision-2002","tag-rosa-lopez-universal-music","tag-rtve","tag-rtve-eurovision","tag-viva-eurovision","tag-vivaeurovision"],"yoast_head":"<!-- This site is optimized with the Yoast SEO plugin v27.5 - https:\/\/yoast.com\/product\/yoast-seo-wordpress\/ -->\n<title>Rosa L\u00f3pez celebra su 15 aniversario de Eurovisi\u00f3n, en el TOP1 de ventas con su nuevo trabajo discogr\u00e1fico - VIVAEUROVISION viva eurovision<\/title>\n<meta name=\"description\" content=\"Rosa L\u00f3pez, eurovision, Rosa L\u00f3pez al fin pienso en mi, vivaeurovision, Rosa L\u00f3pez eurovision, eurovision 2002, Festival de eurovision\" \/>\n<meta name=\"robots\" content=\"index, follow, max-snippet:-1, max-image-preview:large, max-video-preview:-1\" \/>\n<link rel=\"canonical\" href=\"https:\/\/www.vivaeurovision.com\/index.php\/2017\/05\/25\/5116-rosa-lopez\/\" \/>\n<meta property=\"og:locale\" content=\"es_ES\" \/>\n<meta property=\"og:type\" content=\"article\" \/>\n<meta property=\"og:title\" content=\"Rosa L\u00f3pez celebra su 15 aniversario de Eurovisi\u00f3n, en el TOP1 de ventas con su nuevo trabajo discogr\u00e1fico - VIVAEUROVISION viva eurovision\" \/>\n<meta property=\"og:description\" content=\"Rosa L\u00f3pez, eurovision, Rosa L\u00f3pez al fin pienso en mi, vivaeurovision, Rosa L\u00f3pez eurovision, eurovision 2002, Festival de eurovision\" \/>\n<meta property=\"og:url\" content=\"https:\/\/www.vivaeurovision.com\/index.php\/2017\/05\/25\/5116-rosa-lopez\/\" \/>\n<meta property=\"og:site_name\" content=\"VIVAEUROVISION viva eurovision\" \/>\n<meta property=\"article:published_time\" content=\"2017-05-25T23:48:35+00:00\" \/>\n<meta property=\"og:image\" content=\"https:\/\/www.vivaeurovision.com\/wp-content\/uploads\/2017\/05\/Enlight199.jpg\" \/>\n\t<meta property=\"og:image:width\" content=\"1017\" \/>\n\t<meta property=\"og:image:height\" content=\"483\" \/>\n\t<meta property=\"og:image:type\" content=\"image\/jpeg\" \/>\n<meta name=\"author\" content=\"Pedro Palomo\" \/>\n<meta name=\"twitter:card\" content=\"summary_large_image\" \/>\n<meta name=\"twitter:creator\" content=\"@pedropalomobcn\" \/>\n<meta name=\"twitter:label1\" content=\"Escrito por\" \/>\n\t<meta name=\"twitter:data1\" content=\"Pedro Palomo\" \/>\n\t<meta name=\"twitter:label2\" content=\"Tiempo de lectura\" \/>\n\t<meta name=\"twitter:data2\" content=\"1 minuto\" \/>\n<script type=\"application\/ld+json\" class=\"yoast-schema-graph\">{\"@context\":\"https:\\\/\\\/schema.org\",\"@graph\":[{\"@type\":\"Article\",\"@id\":\"https:\\\/\\\/www.vivaeurovision.com\\\/index.php\\\/2017\\\/05\\\/25\\\/5116-rosa-lopez\\\/#article\",\"isPartOf\":{\"@id\":\"https:\\\/\\\/www.vivaeurovision.com\\\/index.php\\\/2017\\\/05\\\/25\\\/5116-rosa-lopez\\\/\"},\"author\":{\"name\":\"Pedro Palomo\",\"@id\":\"https:\\\/\\\/www.vivaeurovision.com\\\/#\\\/schema\\\/person\\\/1d31fdaa3f5f7df556f73d164bd3c47a\"},\"headline\":\"Rosa L\u00f3pez celebra su 15 aniversario de Eurovisi\u00f3n, en el TOP1 de ventas con su nuevo trabajo discogr\u00e1fico\",\"datePublished\":\"2017-05-25T23:48:35+00:00\",\"mainEntityOfPage\":{\"@id\":\"https:\\\/\\\/www.vivaeurovision.com\\\/index.php\\\/2017\\\/05\\\/25\\\/5116-rosa-lopez\\\/\"},\"wordCount\":246,\"commentCount\":0,\"publisher\":{\"@id\":\"https:\\\/\\\/www.vivaeurovision.com\\\/#organization\"},\"image\":{\"@id\":\"https:\\\/\\\/www.vivaeurovision.com\\\/index.php\\\/2017\\\/05\\\/25\\\/5116-rosa-lopez\\\/#primaryimage\"},\"thumbnailUrl\":\"https:\\\/\\\/www.vivaeurovision.com\\\/wp-content\\\/uploads\\\/2017\\\/05\\\/Enlight199.jpg\",\"keywords\":[\"Al fin pienso en mi\",\"ESC\",\"Eurovision\",\"eurovision song contest festival\",\"Festival de Eurovisi\u00f3n\",\"Noticia\",\"Pedro Palomo\",\"Pedro Palomo Eurovision\",\"Pedro Palomo Vivaeurovision\",\"Rosa L\u00f3pez\",\"Rosa L\u00f3pez al fin pienso en mi\",\"Rosa L\u00f3pez eurovision\",\"Rosa L\u00f3pez Eurovision 2002\",\"Rosa L\u00f3pez Universal Music\",\"RTVE\",\"Rtve EUROVISION\",\"viva eurovision\",\"vivaeurovision\"],\"articleSection\":[\"Espa\u00f1a en Eurovisi\u00f3n\",\"eurovision\",\"Inicio\",\"Noticia\",\"Noticias\",\"Ultima Hora\"],\"inLanguage\":\"es\",\"potentialAction\":[{\"@type\":\"CommentAction\",\"name\":\"Comment\",\"target\":[\"https:\\\/\\\/www.vivaeurovision.com\\\/index.php\\\/2017\\\/05\\\/25\\\/5116-rosa-lopez\\\/#respond\"]}]},{\"@type\":\"WebPage\",\"@id\":\"https:\\\/\\\/www.vivaeurovision.com\\\/index.php\\\/2017\\\/05\\\/25\\\/5116-rosa-lopez\\\/\",\"url\":\"https:\\\/\\\/www.vivaeurovision.com\\\/index.php\\\/2017\\\/05\\\/25\\\/5116-rosa-lopez\\\/\",\"name\":\"Rosa L\u00f3pez celebra su 15 aniversario de Eurovisi\u00f3n, en el TOP1 de ventas con su nuevo trabajo discogr\u00e1fico - VIVAEUROVISION viva eurovision\",\"isPartOf\":{\"@id\":\"https:\\\/\\\/www.vivaeurovision.com\\\/#website\"},\"primaryImageOfPage\":{\"@id\":\"https:\\\/\\\/www.vivaeurovision.com\\\/index.php\\\/2017\\\/05\\\/25\\\/5116-rosa-lopez\\\/#primaryimage\"},\"image\":{\"@id\":\"https:\\\/\\\/www.vivaeurovision.com\\\/index.php\\\/2017\\\/05\\\/25\\\/5116-rosa-lopez\\\/#primaryimage\"},\"thumbnailUrl\":\"https:\\\/\\\/www.vivaeurovision.com\\\/wp-content\\\/uploads\\\/2017\\\/05\\\/Enlight199.jpg\",\"datePublished\":\"2017-05-25T23:48:35+00:00\",\"description\":\"Rosa L\u00f3pez, eurovision, Rosa L\u00f3pez al fin pienso en mi, vivaeurovision, Rosa L\u00f3pez eurovision, eurovision 2002, Festival de eurovision\",\"breadcrumb\":{\"@id\":\"https:\\\/\\\/www.vivaeurovision.com\\\/index.php\\\/2017\\\/05\\\/25\\\/5116-rosa-lopez\\\/#breadcrumb\"},\"inLanguage\":\"es\",\"potentialAction\":[{\"@type\":\"ReadAction\",\"target\":[\"https:\\\/\\\/www.vivaeurovision.com\\\/index.php\\\/2017\\\/05\\\/25\\\/5116-rosa-lopez\\\/\"]}]},{\"@type\":\"ImageObject\",\"inLanguage\":\"es\",\"@id\":\"https:\\\/\\\/www.vivaeurovision.com\\\/index.php\\\/2017\\\/05\\\/25\\\/5116-rosa-lopez\\\/#primaryimage\",\"url\":\"https:\\\/\\\/www.vivaeurovision.com\\\/wp-content\\\/uploads\\\/2017\\\/05\\\/Enlight199.jpg\",\"contentUrl\":\"https:\\\/\\\/www.vivaeurovision.com\\\/wp-content\\\/uploads\\\/2017\\\/05\\\/Enlight199.jpg\",\"width\":1017,\"height\":483,\"caption\":\"rosa lopez\"},{\"@type\":\"BreadcrumbList\",\"@id\":\"https:\\\/\\\/www.vivaeurovision.com\\\/index.php\\\/2017\\\/05\\\/25\\\/5116-rosa-lopez\\\/#breadcrumb\",\"itemListElement\":[{\"@type\":\"ListItem\",\"position\":1,\"name\":\"Portada\",\"item\":\"https:\\\/\\\/www.vivaeurovision.com\\\/\"},{\"@type\":\"ListItem\",\"position\":2,\"name\":\"Rosa L\u00f3pez celebra su 15 aniversario de Eurovisi\u00f3n, en el TOP1 de ventas con su nuevo trabajo discogr\u00e1fico\"}]},{\"@type\":\"WebSite\",\"@id\":\"https:\\\/\\\/www.vivaeurovision.com\\\/#website\",\"url\":\"https:\\\/\\\/www.vivaeurovision.com\\\/\",\"name\":\"VIVAEUROVISION viva eurovision\",\"description\":\"Tu portal sobre el Festival de Eurovision, eurovision, eurovisi\u00f3n\",\"publisher\":{\"@id\":\"https:\\\/\\\/www.vivaeurovision.com\\\/#organization\"},\"potentialAction\":[{\"@type\":\"SearchAction\",\"target\":{\"@type\":\"EntryPoint\",\"urlTemplate\":\"https:\\\/\\\/www.vivaeurovision.com\\\/?s={search_term_string}\"},\"query-input\":{\"@type\":\"PropertyValueSpecification\",\"valueRequired\":true,\"valueName\":\"search_term_string\"}}],\"inLanguage\":\"es\"},{\"@type\":\"Organization\",\"@id\":\"https:\\\/\\\/www.vivaeurovision.com\\\/#organization\",\"name\":\"vivaeurovision\",\"url\":\"https:\\\/\\\/www.vivaeurovision.com\\\/\",\"logo\":{\"@type\":\"ImageObject\",\"inLanguage\":\"es\",\"@id\":\"https:\\\/\\\/www.vivaeurovision.com\\\/#\\\/schema\\\/logo\\\/image\\\/\",\"url\":\"https:\\\/\\\/www.vivaeurovision.com\\\/wp-content\\\/uploads\\\/2016\\\/01\\\/cropped-image-21-1.jpeg\",\"contentUrl\":\"https:\\\/\\\/www.vivaeurovision.com\\\/wp-content\\\/uploads\\\/2016\\\/01\\\/cropped-image-21-1.jpeg\",\"width\":669,\"height\":368,\"caption\":\"vivaeurovision\"},\"image\":{\"@id\":\"https:\\\/\\\/www.vivaeurovision.com\\\/#\\\/schema\\\/logo\\\/image\\\/\"}},{\"@type\":\"Person\",\"@id\":\"https:\\\/\\\/www.vivaeurovision.com\\\/#\\\/schema\\\/person\\\/1d31fdaa3f5f7df556f73d164bd3c47a\",\"name\":\"Pedro Palomo\",\"image\":{\"@type\":\"ImageObject\",\"inLanguage\":\"es\",\"@id\":\"https:\\\/\\\/secure.gravatar.com\\\/avatar\\\/4cf9a4877f5f71f44fb7cedbe1bac1bd28bd8ce7a217517d98d5b2117f9f5505?s=96&d=mm&r=g\",\"url\":\"https:\\\/\\\/secure.gravatar.com\\\/avatar\\\/4cf9a4877f5f71f44fb7cedbe1bac1bd28bd8ce7a217517d98d5b2117f9f5505?s=96&d=mm&r=g\",\"contentUrl\":\"https:\\\/\\\/secure.gravatar.com\\\/avatar\\\/4cf9a4877f5f71f44fb7cedbe1bac1bd28bd8ce7a217517d98d5b2117f9f5505?s=96&d=mm&r=g\",\"caption\":\"Pedro Palomo\"},\"sameAs\":[\"http:\\\/\\\/www.vivaeurovision.com\",\"@pedrobcn\",\"https:\\\/\\\/x.com\\\/@pedropalomobcn\"]}]}<\/script>\n<!-- \/ Yoast SEO plugin. -->","yoast_head_json":{"title":"Rosa L\u00f3pez celebra su 15 aniversario de Eurovisi\u00f3n, en el TOP1 de ventas con su nuevo trabajo discogr\u00e1fico - VIVAEUROVISION viva eurovision","description":"Rosa L\u00f3pez, eurovision, Rosa L\u00f3pez al fin pienso en mi, vivaeurovision, Rosa L\u00f3pez eurovision, eurovision 2002, Festival de eurovision","robots":{"index":"index","follow":"follow","max-snippet":"max-snippet:-1","max-image-preview":"max-image-preview:large","max-video-preview":"max-video-preview:-1"},"canonical":"https:\/\/www.vivaeurovision.com\/index.php\/2017\/05\/25\/5116-rosa-lopez\/","og_locale":"es_ES","og_type":"article","og_title":"Rosa L\u00f3pez celebra su 15 aniversario de Eurovisi\u00f3n, en el TOP1 de ventas con su nuevo trabajo discogr\u00e1fico - VIVAEUROVISION viva eurovision","og_description":"Rosa L\u00f3pez, eurovision, Rosa L\u00f3pez al fin pienso en mi, vivaeurovision, Rosa L\u00f3pez eurovision, eurovision 2002, Festival de eurovision","og_url":"https:\/\/www.vivaeurovision.com\/index.php\/2017\/05\/25\/5116-rosa-lopez\/","og_site_name":"VIVAEUROVISION viva eurovision","article_published_time":"2017-05-25T23:48:35+00:00","og_image":[{"width":1017,"height":483,"url":"https:\/\/www.vivaeurovision.com\/wp-content\/uploads\/2017\/05\/Enlight199.jpg","type":"image\/jpeg"}],"author":"Pedro Palomo","twitter_card":"summary_large_image","twitter_creator":"@pedropalomobcn","twitter_misc":{"Escrito por":"Pedro Palomo","Tiempo de lectura":"1 minuto"},"schema":{"@context":"https:\/\/schema.org","@graph":[{"@type":"Article","@id":"https:\/\/www.vivaeurovision.com\/index.php\/2017\/05\/25\/5116-rosa-lopez\/#article","isPartOf":{"@id":"https:\/\/www.vivaeurovision.com\/index.php\/2017\/05\/25\/5116-rosa-lopez\/"},"author":{"name":"Pedro Palomo","@id":"https:\/\/www.vivaeurovision.com\/#\/schema\/person\/1d31fdaa3f5f7df556f73d164bd3c47a"},"headline":"Rosa L\u00f3pez celebra su 15 aniversario de Eurovisi\u00f3n, en el TOP1 de ventas con su nuevo trabajo discogr\u00e1fico","datePublished":"2017-05-25T23:48:35+00:00","mainEntityOfPage":{"@id":"https:\/\/www.vivaeurovision.com\/index.php\/2017\/05\/25\/5116-rosa-lopez\/"},"wordCount":246,"commentCount":0,"publisher":{"@id":"https:\/\/www.vivaeurovision.com\/#organization"},"image":{"@id":"https:\/\/www.vivaeurovision.com\/index.php\/2017\/05\/25\/5116-rosa-lopez\/#primaryimage"},"thumbnailUrl":"https:\/\/www.vivaeurovision.com\/wp-content\/uploads\/2017\/05\/Enlight199.jpg","keywords":["Al fin pienso en mi","ESC","Eurovision","eurovision song contest festival","Festival de Eurovisi\u00f3n","Noticia","Pedro Palomo","Pedro Palomo Eurovision","Pedro Palomo Vivaeurovision","Rosa L\u00f3pez","Rosa L\u00f3pez al fin pienso en mi","Rosa L\u00f3pez eurovision","Rosa L\u00f3pez Eurovision 2002","Rosa L\u00f3pez Universal Music","RTVE","Rtve EUROVISION","viva eurovision","vivaeurovision"],"articleSection":["Espa\u00f1a en Eurovisi\u00f3n","eurovision","Inicio","Noticia","Noticias","Ultima Hora"],"inLanguage":"es","potentialAction":[{"@type":"CommentAction","name":"Comment","target":["https:\/\/www.vivaeurovision.com\/index.php\/2017\/05\/25\/5116-rosa-lopez\/#respond"]}]},{"@type":"WebPage","@id":"https:\/\/www.vivaeurovision.com\/index.php\/2017\/05\/25\/5116-rosa-lopez\/","url":"https:\/\/www.vivaeurovision.com\/index.php\/2017\/05\/25\/5116-rosa-lopez\/","name":"Rosa L\u00f3pez celebra su 15 aniversario de Eurovisi\u00f3n, en el TOP1 de ventas con su nuevo trabajo discogr\u00e1fico - VIVAEUROVISION viva eurovision","isPartOf":{"@id":"https:\/\/www.vivaeurovision.com\/#website"},"primaryImageOfPage":{"@id":"https:\/\/www.vivaeurovision.com\/index.php\/2017\/05\/25\/5116-rosa-lopez\/#primaryimage"},"image":{"@id":"https:\/\/www.vivaeurovision.com\/index.php\/2017\/05\/25\/5116-rosa-lopez\/#primaryimage"},"thumbnailUrl":"https:\/\/www.vivaeurovision.com\/wp-content\/uploads\/2017\/05\/Enlight199.jpg","datePublished":"2017-05-25T23:48:35+00:00","description":"Rosa L\u00f3pez, eurovision, Rosa L\u00f3pez al fin pienso en mi, vivaeurovision, Rosa L\u00f3pez eurovision, eurovision 2002, Festival de eurovision","breadcrumb":{"@id":"https:\/\/www.vivaeurovision.com\/index.php\/2017\/05\/25\/5116-rosa-lopez\/#breadcrumb"},"inLanguage":"es","potentialAction":[{"@type":"ReadAction","target":["https:\/\/www.vivaeurovision.com\/index.php\/2017\/05\/25\/5116-rosa-lopez\/"]}]},{"@type":"ImageObject","inLanguage":"es","@id":"https:\/\/www.vivaeurovision.com\/index.php\/2017\/05\/25\/5116-rosa-lopez\/#primaryimage","url":"https:\/\/www.vivaeurovision.com\/wp-content\/uploads\/2017\/05\/Enlight199.jpg","contentUrl":"https:\/\/www.vivaeurovision.com\/wp-content\/uploads\/2017\/05\/Enlight199.jpg","width":1017,"height":483,"caption":"rosa lopez"},{"@type":"BreadcrumbList","@id":"https:\/\/www.vivaeurovision.com\/index.php\/2017\/05\/25\/5116-rosa-lopez\/#breadcrumb","itemListElement":[{"@type":"ListItem","position":1,"name":"Portada","item":"https:\/\/www.vivaeurovision.com\/"},{"@type":"ListItem","position":2,"name":"Rosa L\u00f3pez celebra su 15 aniversario de Eurovisi\u00f3n, en el TOP1 de ventas con su nuevo trabajo discogr\u00e1fico"}]},{"@type":"WebSite","@id":"https:\/\/www.vivaeurovision.com\/#website","url":"https:\/\/www.vivaeurovision.com\/","name":"VIVAEUROVISION viva eurovision","description":"Tu portal sobre el Festival de Eurovision, eurovision, eurovisi\u00f3n","publisher":{"@id":"https:\/\/www.vivaeurovision.com\/#organization"},"potentialAction":[{"@type":"SearchAction","target":{"@type":"EntryPoint","urlTemplate":"https:\/\/www.vivaeurovision.com\/?s={search_term_string}"},"query-input":{"@type":"PropertyValueSpecification","valueRequired":true,"valueName":"search_term_string"}}],"inLanguage":"es"},{"@type":"Organization","@id":"https:\/\/www.vivaeurovision.com\/#organization","name":"vivaeurovision","url":"https:\/\/www.vivaeurovision.com\/","logo":{"@type":"ImageObject","inLanguage":"es","@id":"https:\/\/www.vivaeurovision.com\/#\/schema\/logo\/image\/","url":"https:\/\/www.vivaeurovision.com\/wp-content\/uploads\/2016\/01\/cropped-image-21-1.jpeg","contentUrl":"https:\/\/www.vivaeurovision.com\/wp-content\/uploads\/2016\/01\/cropped-image-21-1.jpeg","width":669,"height":368,"caption":"vivaeurovision"},"image":{"@id":"https:\/\/www.vivaeurovision.com\/#\/schema\/logo\/image\/"}},{"@type":"Person","@id":"https:\/\/www.vivaeurovision.com\/#\/schema\/person\/1d31fdaa3f5f7df556f73d164bd3c47a","name":"Pedro Palomo","image":{"@type":"ImageObject","inLanguage":"es","@id":"https:\/\/secure.gravatar.com\/avatar\/4cf9a4877f5f71f44fb7cedbe1bac1bd28bd8ce7a217517d98d5b2117f9f5505?s=96&d=mm&r=g","url":"https:\/\/secure.gravatar.com\/avatar\/4cf9a4877f5f71f44fb7cedbe1bac1bd28bd8ce7a217517d98d5b2117f9f5505?s=96&d=mm&r=g","contentUrl":"https:\/\/secure.gravatar.com\/avatar\/4cf9a4877f5f71f44fb7cedbe1bac1bd28bd8ce7a217517d98d5b2117f9f5505?s=96&d=mm&r=g","caption":"Pedro Palomo"},"sameAs":["http:\/\/www.vivaeurovision.com","@pedrobcn","https:\/\/x.com\/@pedropalomobcn"]}]}},"_links":{"self":[{"href":"https:\/\/www.vivaeurovision.com\/index.php\/wp-json\/wp\/v2\/posts\/5116","targetHints":{"allow":["GET"]}}],"collection":[{"href":"https:\/\/www.vivaeurovision.com\/index.php\/wp-json\/wp\/v2\/posts"}],"about":[{"href":"https:\/\/www.vivaeurovision.com\/index.php\/wp-json\/wp\/v2\/types\/post"}],"author":[{"embeddable":true,"href":"https:\/\/www.vivaeurovision.com\/index.php\/wp-json\/wp\/v2\/users\/1"}],"replies":[{"embeddable":true,"href":"https:\/\/www.vivaeurovision.com\/index.php\/wp-json\/wp\/v2\/comments?post=5116"}],"version-history":[{"count":2,"href":"https:\/\/www.vivaeurovision.com\/index.php\/wp-json\/wp\/v2\/posts\/5116\/revisions"}],"predecessor-version":[{"id":5125,"href":"https:\/\/www.vivaeurovision.com\/index.php\/wp-json\/wp\/v2\/posts\/5116\/revisions\/5125"}],"wp:featuredmedia":[{"embeddable":true,"href":"https:\/\/www.vivaeurovision.com\/index.php\/wp-json\/wp\/v2\/media\/5124"}],"wp:attachment":[{"href":"https:\/\/www.vivaeurovision.com\/index.php\/wp-json\/wp\/v2\/media?parent=5116"}],"wp:term":[{"taxonomy":"category","embeddable":true,"href":"https:\/\/www.vivaeurovision.com\/index.php\/wp-json\/wp\/v2\/categories?post=5116"},{"taxonomy":"post_tag","embeddable":true,"href":"https:\/\/www.vivaeurovision.com\/index.php\/wp-json\/wp\/v2\/tags?post=5116"}],"curies":[{"name":"wp","href":"https:\/\/api.w.org\/{rel}","templated":true}]}}