{"id":5153,"date":"2017-06-29T11:03:10","date_gmt":"2017-06-29T11:03:10","guid":{"rendered":"http:\/\/www.vivaeurovision.com\/?p=5153"},"modified":"2017-06-29T11:03:10","modified_gmt":"2017-06-29T11:03:10","slug":"5153-lorena-gomez","status":"publish","type":"post","link":"https:\/\/www.vivaeurovision.com\/index.php\/2017\/06\/29\/5153-lorena-gomez\/","title":{"rendered":"La INDOMABLE Lorena G\u00f3mez, rinde homenaje en un emotivo v\u00eddeo al colectivo LGTBI, con motivo del World Pride 2017"},"content":{"rendered":"<h2>Lorena G\u00f3mez rinde un bonito homenaje al \u00a0colectivo LGTBI, con su canci\u00f3n INDOMABLE.<\/h2>\n<p>Una artista muy querida por el p\u00fablico gay, ella ha querido agradecer ese cari\u00f1o en forma de v\u00eddeo, donde varias personas del colectivo LGTBI donde se encuentran algunos rostros conocidos, han cantado su canci\u00f3n INDOMABLE, un tema donde la lucha por ser uno mismo es la clave y el p\u00fablico se ha volcado en este emotivo v\u00eddeo.<\/p>\n<p>Ademas Lorena G\u00f3mez es una de las artistas principales del c\u00e0rtel del World Pride 2017, que se celebra en Madrid, donde la cantante actuar\u00e1 ante miles de personas el d\u00eda 30 de junio a partir de las 21h en el escenario de plaza Espa\u00f1a.<\/p>\n<p>Una artista, que se involucra en muchas causas y en esta ocasi\u00f3n ha sido por el amor libre. LoveIsLove<\/p>\n<p><iframe loading=\"lazy\"  id=\"_ytid_40708\"  width=\"480\" height=\"270\"  data-origwidth=\"480\" data-origheight=\"270\" src=\"https:\/\/www.youtube.com\/embed\/UpTrWRFgW4c?enablejsapi=1&#038;autoplay=0&#038;cc_load_policy=0&#038;cc_lang_pref=&#038;iv_load_policy=1&#038;loop=0&#038;rel=1&#038;fs=1&#038;playsinline=0&#038;autohide=2&#038;theme=dark&#038;color=red&#038;controls=1&#038;disablekb=0&#038;\" class=\"__youtube_prefs__  epyt-is-override  no-lazyload\" title=\"YouTube player\"  allow=\"fullscreen; accelerometer; autoplay; clipboard-write; encrypted-media; gyroscope; picture-in-picture; web-share\" referrerpolicy=\"strict-origin-when-cross-origin\" allowfullscreen data-no-lazy=\"1\" data-skipgform_ajax_framebjll=\"\"><\/iframe><\/p>\n<p><img loading=\"lazy\" decoding=\"async\" class=\"alignnone wp-image-5175 size-medium\" src=\"http:\/\/www.vivaeurovision.com\/wp-content\/uploads\/2017\/06\/IMG_0753-240x300.jpg\" alt=\"Lorena G\u00f3mez\" width=\"240\" height=\"300\" srcset=\"https:\/\/www.vivaeurovision.com\/wp-content\/uploads\/2017\/06\/IMG_0753-240x300.jpg 240w, https:\/\/www.vivaeurovision.com\/wp-content\/uploads\/2017\/06\/IMG_0753-700x875.jpg 700w, https:\/\/www.vivaeurovision.com\/wp-content\/uploads\/2017\/06\/IMG_0753.jpg 768w\" sizes=\"auto, (max-width: 240px) 100vw, 240px\" \/><\/p>\n<p>Lorena G\u00f3mez se encuentra en plena promoci\u00f3n de su nuevo single INDOMABLE, con el que est\u00e1 cosechando un gran \u00e9xito en ventas y visualizaciones del videoclip, adem\u00e1s de las buenas cr\u00edticas que ha recibido por profesionales de la m\u00fasica y la gran acogida del p\u00fablico.<\/p>\n<p>Lorena G\u00f3mez ganadora de la edici\u00f3n de Operaci\u00f3n Triunfo 2006, cruz\u00f3 el charco donde ha trabajado en Miami con su m\u00fasica y como actriz, su regreso a Espa\u00f1a fue gracias a ser la ganadora del casting de la quinta edici\u00f3n de Tu Cara Me Suena 5, el famoso programa de imitaciones, donde consigui\u00f3 ser tercera finalista. Tambi\u00e9n recordamos que Lorena G\u00f3mez fue tercera finalista en Destino Oslo en el a\u00f1o 2010, donde fue una de las candidatas a poder representar a Espa\u00f1a en Eurovisi\u00f3n y a\u00f1o tras a\u00f1os su nombre, es de los que m\u00e1s se baraja como una de las candidatas favoritas para representar a Espa\u00f1a en el certamen musical europeo.<\/p>\n<p>Aqui ten\u00e9is el videoclip oficial de Indomable.<\/p>\n<p><iframe loading=\"lazy\"  id=\"_ytid_61030\"  width=\"480\" height=\"270\"  data-origwidth=\"480\" data-origheight=\"270\" src=\"https:\/\/www.youtube.com\/embed\/XZRPuy55PkA?enablejsapi=1&#038;autoplay=0&#038;cc_load_policy=0&#038;cc_lang_pref=&#038;iv_load_policy=1&#038;loop=0&#038;rel=1&#038;fs=1&#038;playsinline=0&#038;autohide=2&#038;theme=dark&#038;color=red&#038;controls=1&#038;disablekb=0&#038;\" class=\"__youtube_prefs__  epyt-is-override  no-lazyload\" title=\"YouTube player\"  allow=\"fullscreen; accelerometer; autoplay; clipboard-write; encrypted-media; gyroscope; picture-in-picture; web-share\" referrerpolicy=\"strict-origin-when-cross-origin\" allowfullscreen data-no-lazy=\"1\" data-skipgform_ajax_framebjll=\"\"><\/iframe><\/p>\n<p><a href=\"http:\/\/www.vivaeurovision.com\/index.php\/2016\/08\/16\/lorena-gomez-nunca-voy-a-cerrar-una-puerta\/\">Entrevista, que Lorena G\u00f3mez concedi\u00f3 a vivaeurovision antes de su paso por tu cara me suena.\u00a0<\/a><\/p>\n<p><img loading=\"lazy\" decoding=\"async\" class=\"alignnone size-medium wp-image-5181\" src=\"http:\/\/www.vivaeurovision.com\/wp-content\/uploads\/2017\/06\/IMG_0757-300x267.jpg\" alt=\"World Pride \" width=\"300\" height=\"267\" srcset=\"https:\/\/www.vivaeurovision.com\/wp-content\/uploads\/2017\/06\/IMG_0757-300x267.jpg 300w, https:\/\/www.vivaeurovision.com\/wp-content\/uploads\/2017\/06\/IMG_0757-700x623.jpg 700w, https:\/\/www.vivaeurovision.com\/wp-content\/uploads\/2017\/06\/IMG_0757.jpg 1239w\" sizes=\"auto, (max-width: 300px) 100vw, 300px\" \/><\/p>\n<p>&nbsp;<\/p>\n<p><img loading=\"lazy\" decoding=\"async\" class=\"alignnone size-medium wp-image-311\" src=\"http:\/\/www.vivaeurovision.com\/wp-content\/uploads\/2016\/01\/image-21-300x165.jpeg\" alt=\"VIVAEUROVISION.COM\" width=\"300\" height=\"165\" srcset=\"https:\/\/www.vivaeurovision.com\/wp-content\/uploads\/2016\/01\/image-21-300x165.jpeg 300w, https:\/\/www.vivaeurovision.com\/wp-content\/uploads\/2016\/01\/image-21-555x305.jpeg 555w, https:\/\/www.vivaeurovision.com\/wp-content\/uploads\/2016\/01\/image-21.jpeg 669w\" sizes=\"auto, (max-width: 300px) 100vw, 300px\" \/><\/p>\n<p>Twitter\u00a0<strong> <a href=\"https:\/\/twitter.com\/viva_eurovision\" target=\"_blank\" rel=\"noopener noreferrer\">@viva_eurovision<\/a>\u00a0 <a href=\"https:\/\/www.facebook.com\/Vivaeurovisioncom-867806686671081\/?fref=nf\" target=\"_blank\" rel=\"noopener noreferrer\">FACEBOOK OFICIAL VIVA EUROVISION <\/a><\/strong>Instragram <strong>\u00a0<\/strong><a href=\"https:\/\/www.instagram.com\/vivaeurovision\/\" target=\"_blank\" rel=\"noopener noreferrer\"><strong>@vivaeurovision<\/strong><\/a><\/p>\n<p>Redactor: Pedro Palomo <a href=\"https:\/\/twitter.com\/pedropalomobcn?lang=es\"><strong>@pedropalomobcn<\/strong><\/a><strong>\u00a0<\/strong>Instagram <a href=\"https:\/\/www.instagram.com\/pedrobcn\/\" target=\"_blank\" rel=\"noopener noreferrer\"><strong>@pedrobcn<\/strong><\/a><\/p>\n","protected":false},"excerpt":{"rendered":"<p>Lorena G\u00f3mez rinde un bonito homenaje al \u00a0colectivo LGTBI, con su canci\u00f3n INDOMABLE. Una artista muy querida por el p\u00fablico gay, ella ha querido agradecer ese cari\u00f1o en forma de&#46;&#46;&#46;<\/p>\n","protected":false},"author":1,"featured_media":5182,"comment_status":"open","ping_status":"closed","sticky":false,"template":"","format":"standard","meta":{"_exactmetrics_skip_tracking":false,"_exactmetrics_sitenote_active":false,"_exactmetrics_sitenote_note":"","_exactmetrics_sitenote_category":0,"footnotes":""},"categories":[6,1195,4,1188,2,875,3],"tags":[226,17,2227,2221,2222,2223,222,224,2216,2220,2226,2217,2225,2218,970,2219,34,862,2224,19,20,766,191,23,22,2187,2188,2189,2190],"class_list":["post-5153","post","type-post","status-publish","format-standard","has-post-thumbnail","hentry","category-espana-en-eurovision","category-eurovision-2","category-eurovision","category-noticia-2","category-noticia","category-rincon-vivalamusica","category-ultima-hora","tag-destino-oslo-2010","tag-esc","tag-esc-2010","tag-indomable","tag-indomable-version-lgtbi","tag-lgtbi","tag-lorena-gomez","tag-lorena-gomez-destino-oslo","tag-lorena-gomez-indomable","tag-lorena-gomez-indomable-gay","tag-lorena-gomez-indomable-gay-video","tag-lorena-gomez-indomable-lgtbi","tag-lorena-gomez-indomable-videoclip","tag-lorena-gomez-indomable-world-pride","tag-lorena-gomez-tu-cara-me-suena","tag-lorena-gomez-world-pride","tag-noticia","tag-operacion-triunfo","tag-orgullo-gay-2017","tag-pedro-palomo","tag-pedro-palomo-eurovision","tag-pedro-palomo-vivaeurovision","tag-tu-cara-me-suena","tag-viva-eurovision","tag-vivaeurovision","tag-world-pride","tag-world-pride-2017","tag-world-pride-madrid","tag-world-pride-madrid-2017"],"yoast_head":"<!-- This site is optimized with the Yoast SEO plugin v27.5 - https:\/\/yoast.com\/product\/yoast-seo-wordpress\/ -->\n<title>La INDOMABLE Lorena G\u00f3mez, rinde homenaje en un emotivo v\u00eddeo al colectivo LGTBI, con motivo del World Pride 2017 - VIVAEUROVISION viva eurovision<\/title>\n<meta name=\"robots\" content=\"index, follow, max-snippet:-1, max-image-preview:large, max-video-preview:-1\" \/>\n<link rel=\"canonical\" href=\"https:\/\/www.vivaeurovision.com\/index.php\/2017\/06\/29\/5153-lorena-gomez\/\" \/>\n<meta property=\"og:locale\" content=\"es_ES\" \/>\n<meta property=\"og:type\" content=\"article\" \/>\n<meta property=\"og:title\" content=\"La INDOMABLE Lorena G\u00f3mez, rinde homenaje en un emotivo v\u00eddeo al colectivo LGTBI, con motivo del World Pride 2017 - VIVAEUROVISION viva eurovision\" \/>\n<meta property=\"og:description\" content=\"Lorena G\u00f3mez rinde un bonito homenaje al \u00a0colectivo LGTBI, con su canci\u00f3n INDOMABLE. Una artista muy querida por el p\u00fablico gay, ella ha querido agradecer ese cari\u00f1o en forma de&#046;&#046;&#046;\" \/>\n<meta property=\"og:url\" content=\"https:\/\/www.vivaeurovision.com\/index.php\/2017\/06\/29\/5153-lorena-gomez\/\" \/>\n<meta property=\"og:site_name\" content=\"VIVAEUROVISION viva eurovision\" \/>\n<meta property=\"article:published_time\" content=\"2017-06-29T11:03:10+00:00\" \/>\n<meta property=\"og:image\" content=\"https:\/\/www.vivaeurovision.com\/wp-content\/uploads\/2017\/06\/lorenagomez.jpg\" \/>\n\t<meta property=\"og:image:width\" content=\"1181\" \/>\n\t<meta property=\"og:image:height\" content=\"552\" \/>\n\t<meta property=\"og:image:type\" content=\"image\/jpeg\" \/>\n<meta name=\"author\" content=\"Pedro Palomo\" \/>\n<meta name=\"twitter:card\" content=\"summary_large_image\" \/>\n<meta name=\"twitter:creator\" content=\"@pedropalomobcn\" \/>\n<meta name=\"twitter:label1\" content=\"Escrito por\" \/>\n\t<meta name=\"twitter:data1\" content=\"Pedro Palomo\" \/>\n\t<meta name=\"twitter:label2\" content=\"Tiempo de lectura\" \/>\n\t<meta name=\"twitter:data2\" content=\"2 minutos\" \/>\n<script type=\"application\/ld+json\" class=\"yoast-schema-graph\">{\"@context\":\"https:\\\/\\\/schema.org\",\"@graph\":[{\"@type\":\"Article\",\"@id\":\"https:\\\/\\\/www.vivaeurovision.com\\\/index.php\\\/2017\\\/06\\\/29\\\/5153-lorena-gomez\\\/#article\",\"isPartOf\":{\"@id\":\"https:\\\/\\\/www.vivaeurovision.com\\\/index.php\\\/2017\\\/06\\\/29\\\/5153-lorena-gomez\\\/\"},\"author\":{\"name\":\"Pedro Palomo\",\"@id\":\"https:\\\/\\\/www.vivaeurovision.com\\\/#\\\/schema\\\/person\\\/1d31fdaa3f5f7df556f73d164bd3c47a\"},\"headline\":\"La INDOMABLE Lorena G\u00f3mez, rinde homenaje en un emotivo v\u00eddeo al colectivo LGTBI, con motivo del World Pride 2017\",\"datePublished\":\"2017-06-29T11:03:10+00:00\",\"mainEntityOfPage\":{\"@id\":\"https:\\\/\\\/www.vivaeurovision.com\\\/index.php\\\/2017\\\/06\\\/29\\\/5153-lorena-gomez\\\/\"},\"wordCount\":390,\"commentCount\":0,\"publisher\":{\"@id\":\"https:\\\/\\\/www.vivaeurovision.com\\\/#organization\"},\"image\":{\"@id\":\"https:\\\/\\\/www.vivaeurovision.com\\\/index.php\\\/2017\\\/06\\\/29\\\/5153-lorena-gomez\\\/#primaryimage\"},\"thumbnailUrl\":\"https:\\\/\\\/www.vivaeurovision.com\\\/wp-content\\\/uploads\\\/2017\\\/06\\\/lorenagomez.jpg\",\"keywords\":[\"destino oslo 2010\",\"ESC\",\"Esc 2010\",\"Indomable\",\"indomable versi\u00f3n LGTBI\",\"LGTBI\",\"Lorena G\u00f3mez\",\"Lorena G\u00f3mez destino Oslo\",\"Lorena G\u00f3mez indomable\",\"Lorena G\u00f3mez INDOMABLE gay\",\"Lorena G\u00f3mez indomable gay v\u00eddeo\",\"Lorena G\u00f3mez indomable LGTBI\",\"Lorena G\u00f3mez Indomable videoclip\",\"Lorena G\u00f3mez indomable World Pride\",\"Lorena G\u00f3mez Tu Cara Me Suena\",\"Lorena G\u00f3mez world PRIDE\",\"Noticia\",\"Operacion triunfo\",\"Orgullo gay 2017\",\"Pedro Palomo\",\"Pedro Palomo Eurovision\",\"Pedro Palomo Vivaeurovision\",\"tu cara me suena\",\"viva eurovision\",\"vivaeurovision\",\"world pride\",\"world pride 2017\",\"world pride madrid\",\"world pride madrid 2017\"],\"articleSection\":[\"Espa\u00f1a en Eurovisi\u00f3n\",\"eurovision\",\"Inicio\",\"Noticia\",\"Noticias\",\"Rinc\u00f3n VIVALAMUSICA\",\"Ultima Hora\"],\"inLanguage\":\"es\",\"potentialAction\":[{\"@type\":\"CommentAction\",\"name\":\"Comment\",\"target\":[\"https:\\\/\\\/www.vivaeurovision.com\\\/index.php\\\/2017\\\/06\\\/29\\\/5153-lorena-gomez\\\/#respond\"]}]},{\"@type\":\"WebPage\",\"@id\":\"https:\\\/\\\/www.vivaeurovision.com\\\/index.php\\\/2017\\\/06\\\/29\\\/5153-lorena-gomez\\\/\",\"url\":\"https:\\\/\\\/www.vivaeurovision.com\\\/index.php\\\/2017\\\/06\\\/29\\\/5153-lorena-gomez\\\/\",\"name\":\"La INDOMABLE Lorena G\u00f3mez, rinde homenaje en un emotivo v\u00eddeo al colectivo LGTBI, con motivo del World Pride 2017 - VIVAEUROVISION viva eurovision\",\"isPartOf\":{\"@id\":\"https:\\\/\\\/www.vivaeurovision.com\\\/#website\"},\"primaryImageOfPage\":{\"@id\":\"https:\\\/\\\/www.vivaeurovision.com\\\/index.php\\\/2017\\\/06\\\/29\\\/5153-lorena-gomez\\\/#primaryimage\"},\"image\":{\"@id\":\"https:\\\/\\\/www.vivaeurovision.com\\\/index.php\\\/2017\\\/06\\\/29\\\/5153-lorena-gomez\\\/#primaryimage\"},\"thumbnailUrl\":\"https:\\\/\\\/www.vivaeurovision.com\\\/wp-content\\\/uploads\\\/2017\\\/06\\\/lorenagomez.jpg\",\"datePublished\":\"2017-06-29T11:03:10+00:00\",\"breadcrumb\":{\"@id\":\"https:\\\/\\\/www.vivaeurovision.com\\\/index.php\\\/2017\\\/06\\\/29\\\/5153-lorena-gomez\\\/#breadcrumb\"},\"inLanguage\":\"es\",\"potentialAction\":[{\"@type\":\"ReadAction\",\"target\":[\"https:\\\/\\\/www.vivaeurovision.com\\\/index.php\\\/2017\\\/06\\\/29\\\/5153-lorena-gomez\\\/\"]}]},{\"@type\":\"ImageObject\",\"inLanguage\":\"es\",\"@id\":\"https:\\\/\\\/www.vivaeurovision.com\\\/index.php\\\/2017\\\/06\\\/29\\\/5153-lorena-gomez\\\/#primaryimage\",\"url\":\"https:\\\/\\\/www.vivaeurovision.com\\\/wp-content\\\/uploads\\\/2017\\\/06\\\/lorenagomez.jpg\",\"contentUrl\":\"https:\\\/\\\/www.vivaeurovision.com\\\/wp-content\\\/uploads\\\/2017\\\/06\\\/lorenagomez.jpg\",\"width\":1181,\"height\":552},{\"@type\":\"BreadcrumbList\",\"@id\":\"https:\\\/\\\/www.vivaeurovision.com\\\/index.php\\\/2017\\\/06\\\/29\\\/5153-lorena-gomez\\\/#breadcrumb\",\"itemListElement\":[{\"@type\":\"ListItem\",\"position\":1,\"name\":\"Portada\",\"item\":\"https:\\\/\\\/www.vivaeurovision.com\\\/\"},{\"@type\":\"ListItem\",\"position\":2,\"name\":\"La INDOMABLE Lorena G\u00f3mez, rinde homenaje en un emotivo v\u00eddeo al colectivo LGTBI, con motivo del World Pride 2017\"}]},{\"@type\":\"WebSite\",\"@id\":\"https:\\\/\\\/www.vivaeurovision.com\\\/#website\",\"url\":\"https:\\\/\\\/www.vivaeurovision.com\\\/\",\"name\":\"VIVAEUROVISION viva eurovision\",\"description\":\"Tu portal sobre el Festival de Eurovision, eurovision, eurovisi\u00f3n\",\"publisher\":{\"@id\":\"https:\\\/\\\/www.vivaeurovision.com\\\/#organization\"},\"potentialAction\":[{\"@type\":\"SearchAction\",\"target\":{\"@type\":\"EntryPoint\",\"urlTemplate\":\"https:\\\/\\\/www.vivaeurovision.com\\\/?s={search_term_string}\"},\"query-input\":{\"@type\":\"PropertyValueSpecification\",\"valueRequired\":true,\"valueName\":\"search_term_string\"}}],\"inLanguage\":\"es\"},{\"@type\":\"Organization\",\"@id\":\"https:\\\/\\\/www.vivaeurovision.com\\\/#organization\",\"name\":\"vivaeurovision\",\"url\":\"https:\\\/\\\/www.vivaeurovision.com\\\/\",\"logo\":{\"@type\":\"ImageObject\",\"inLanguage\":\"es\",\"@id\":\"https:\\\/\\\/www.vivaeurovision.com\\\/#\\\/schema\\\/logo\\\/image\\\/\",\"url\":\"https:\\\/\\\/www.vivaeurovision.com\\\/wp-content\\\/uploads\\\/2016\\\/01\\\/cropped-image-21-1.jpeg\",\"contentUrl\":\"https:\\\/\\\/www.vivaeurovision.com\\\/wp-content\\\/uploads\\\/2016\\\/01\\\/cropped-image-21-1.jpeg\",\"width\":669,\"height\":368,\"caption\":\"vivaeurovision\"},\"image\":{\"@id\":\"https:\\\/\\\/www.vivaeurovision.com\\\/#\\\/schema\\\/logo\\\/image\\\/\"}},{\"@type\":\"Person\",\"@id\":\"https:\\\/\\\/www.vivaeurovision.com\\\/#\\\/schema\\\/person\\\/1d31fdaa3f5f7df556f73d164bd3c47a\",\"name\":\"Pedro Palomo\",\"image\":{\"@type\":\"ImageObject\",\"inLanguage\":\"es\",\"@id\":\"https:\\\/\\\/secure.gravatar.com\\\/avatar\\\/4cf9a4877f5f71f44fb7cedbe1bac1bd28bd8ce7a217517d98d5b2117f9f5505?s=96&d=mm&r=g\",\"url\":\"https:\\\/\\\/secure.gravatar.com\\\/avatar\\\/4cf9a4877f5f71f44fb7cedbe1bac1bd28bd8ce7a217517d98d5b2117f9f5505?s=96&d=mm&r=g\",\"contentUrl\":\"https:\\\/\\\/secure.gravatar.com\\\/avatar\\\/4cf9a4877f5f71f44fb7cedbe1bac1bd28bd8ce7a217517d98d5b2117f9f5505?s=96&d=mm&r=g\",\"caption\":\"Pedro Palomo\"},\"sameAs\":[\"http:\\\/\\\/www.vivaeurovision.com\",\"@pedrobcn\",\"https:\\\/\\\/x.com\\\/@pedropalomobcn\"]}]}<\/script>\n<!-- \/ Yoast SEO plugin. -->","yoast_head_json":{"title":"La INDOMABLE Lorena G\u00f3mez, rinde homenaje en un emotivo v\u00eddeo al colectivo LGTBI, con motivo del World Pride 2017 - VIVAEUROVISION viva eurovision","robots":{"index":"index","follow":"follow","max-snippet":"max-snippet:-1","max-image-preview":"max-image-preview:large","max-video-preview":"max-video-preview:-1"},"canonical":"https:\/\/www.vivaeurovision.com\/index.php\/2017\/06\/29\/5153-lorena-gomez\/","og_locale":"es_ES","og_type":"article","og_title":"La INDOMABLE Lorena G\u00f3mez, rinde homenaje en un emotivo v\u00eddeo al colectivo LGTBI, con motivo del World Pride 2017 - VIVAEUROVISION viva eurovision","og_description":"Lorena G\u00f3mez rinde un bonito homenaje al \u00a0colectivo LGTBI, con su canci\u00f3n INDOMABLE. Una artista muy querida por el p\u00fablico gay, ella ha querido agradecer ese cari\u00f1o en forma de&#46;&#46;&#46;","og_url":"https:\/\/www.vivaeurovision.com\/index.php\/2017\/06\/29\/5153-lorena-gomez\/","og_site_name":"VIVAEUROVISION viva eurovision","article_published_time":"2017-06-29T11:03:10+00:00","og_image":[{"width":1181,"height":552,"url":"https:\/\/www.vivaeurovision.com\/wp-content\/uploads\/2017\/06\/lorenagomez.jpg","type":"image\/jpeg"}],"author":"Pedro Palomo","twitter_card":"summary_large_image","twitter_creator":"@pedropalomobcn","twitter_misc":{"Escrito por":"Pedro Palomo","Tiempo de lectura":"2 minutos"},"schema":{"@context":"https:\/\/schema.org","@graph":[{"@type":"Article","@id":"https:\/\/www.vivaeurovision.com\/index.php\/2017\/06\/29\/5153-lorena-gomez\/#article","isPartOf":{"@id":"https:\/\/www.vivaeurovision.com\/index.php\/2017\/06\/29\/5153-lorena-gomez\/"},"author":{"name":"Pedro Palomo","@id":"https:\/\/www.vivaeurovision.com\/#\/schema\/person\/1d31fdaa3f5f7df556f73d164bd3c47a"},"headline":"La INDOMABLE Lorena G\u00f3mez, rinde homenaje en un emotivo v\u00eddeo al colectivo LGTBI, con motivo del World Pride 2017","datePublished":"2017-06-29T11:03:10+00:00","mainEntityOfPage":{"@id":"https:\/\/www.vivaeurovision.com\/index.php\/2017\/06\/29\/5153-lorena-gomez\/"},"wordCount":390,"commentCount":0,"publisher":{"@id":"https:\/\/www.vivaeurovision.com\/#organization"},"image":{"@id":"https:\/\/www.vivaeurovision.com\/index.php\/2017\/06\/29\/5153-lorena-gomez\/#primaryimage"},"thumbnailUrl":"https:\/\/www.vivaeurovision.com\/wp-content\/uploads\/2017\/06\/lorenagomez.jpg","keywords":["destino oslo 2010","ESC","Esc 2010","Indomable","indomable versi\u00f3n LGTBI","LGTBI","Lorena G\u00f3mez","Lorena G\u00f3mez destino Oslo","Lorena G\u00f3mez indomable","Lorena G\u00f3mez INDOMABLE gay","Lorena G\u00f3mez indomable gay v\u00eddeo","Lorena G\u00f3mez indomable LGTBI","Lorena G\u00f3mez Indomable videoclip","Lorena G\u00f3mez indomable World Pride","Lorena G\u00f3mez Tu Cara Me Suena","Lorena G\u00f3mez world PRIDE","Noticia","Operacion triunfo","Orgullo gay 2017","Pedro Palomo","Pedro Palomo Eurovision","Pedro Palomo Vivaeurovision","tu cara me suena","viva eurovision","vivaeurovision","world pride","world pride 2017","world pride madrid","world pride madrid 2017"],"articleSection":["Espa\u00f1a en Eurovisi\u00f3n","eurovision","Inicio","Noticia","Noticias","Rinc\u00f3n VIVALAMUSICA","Ultima Hora"],"inLanguage":"es","potentialAction":[{"@type":"CommentAction","name":"Comment","target":["https:\/\/www.vivaeurovision.com\/index.php\/2017\/06\/29\/5153-lorena-gomez\/#respond"]}]},{"@type":"WebPage","@id":"https:\/\/www.vivaeurovision.com\/index.php\/2017\/06\/29\/5153-lorena-gomez\/","url":"https:\/\/www.vivaeurovision.com\/index.php\/2017\/06\/29\/5153-lorena-gomez\/","name":"La INDOMABLE Lorena G\u00f3mez, rinde homenaje en un emotivo v\u00eddeo al colectivo LGTBI, con motivo del World Pride 2017 - VIVAEUROVISION viva eurovision","isPartOf":{"@id":"https:\/\/www.vivaeurovision.com\/#website"},"primaryImageOfPage":{"@id":"https:\/\/www.vivaeurovision.com\/index.php\/2017\/06\/29\/5153-lorena-gomez\/#primaryimage"},"image":{"@id":"https:\/\/www.vivaeurovision.com\/index.php\/2017\/06\/29\/5153-lorena-gomez\/#primaryimage"},"thumbnailUrl":"https:\/\/www.vivaeurovision.com\/wp-content\/uploads\/2017\/06\/lorenagomez.jpg","datePublished":"2017-06-29T11:03:10+00:00","breadcrumb":{"@id":"https:\/\/www.vivaeurovision.com\/index.php\/2017\/06\/29\/5153-lorena-gomez\/#breadcrumb"},"inLanguage":"es","potentialAction":[{"@type":"ReadAction","target":["https:\/\/www.vivaeurovision.com\/index.php\/2017\/06\/29\/5153-lorena-gomez\/"]}]},{"@type":"ImageObject","inLanguage":"es","@id":"https:\/\/www.vivaeurovision.com\/index.php\/2017\/06\/29\/5153-lorena-gomez\/#primaryimage","url":"https:\/\/www.vivaeurovision.com\/wp-content\/uploads\/2017\/06\/lorenagomez.jpg","contentUrl":"https:\/\/www.vivaeurovision.com\/wp-content\/uploads\/2017\/06\/lorenagomez.jpg","width":1181,"height":552},{"@type":"BreadcrumbList","@id":"https:\/\/www.vivaeurovision.com\/index.php\/2017\/06\/29\/5153-lorena-gomez\/#breadcrumb","itemListElement":[{"@type":"ListItem","position":1,"name":"Portada","item":"https:\/\/www.vivaeurovision.com\/"},{"@type":"ListItem","position":2,"name":"La INDOMABLE Lorena G\u00f3mez, rinde homenaje en un emotivo v\u00eddeo al colectivo LGTBI, con motivo del World Pride 2017"}]},{"@type":"WebSite","@id":"https:\/\/www.vivaeurovision.com\/#website","url":"https:\/\/www.vivaeurovision.com\/","name":"VIVAEUROVISION viva eurovision","description":"Tu portal sobre el Festival de Eurovision, eurovision, eurovisi\u00f3n","publisher":{"@id":"https:\/\/www.vivaeurovision.com\/#organization"},"potentialAction":[{"@type":"SearchAction","target":{"@type":"EntryPoint","urlTemplate":"https:\/\/www.vivaeurovision.com\/?s={search_term_string}"},"query-input":{"@type":"PropertyValueSpecification","valueRequired":true,"valueName":"search_term_string"}}],"inLanguage":"es"},{"@type":"Organization","@id":"https:\/\/www.vivaeurovision.com\/#organization","name":"vivaeurovision","url":"https:\/\/www.vivaeurovision.com\/","logo":{"@type":"ImageObject","inLanguage":"es","@id":"https:\/\/www.vivaeurovision.com\/#\/schema\/logo\/image\/","url":"https:\/\/www.vivaeurovision.com\/wp-content\/uploads\/2016\/01\/cropped-image-21-1.jpeg","contentUrl":"https:\/\/www.vivaeurovision.com\/wp-content\/uploads\/2016\/01\/cropped-image-21-1.jpeg","width":669,"height":368,"caption":"vivaeurovision"},"image":{"@id":"https:\/\/www.vivaeurovision.com\/#\/schema\/logo\/image\/"}},{"@type":"Person","@id":"https:\/\/www.vivaeurovision.com\/#\/schema\/person\/1d31fdaa3f5f7df556f73d164bd3c47a","name":"Pedro Palomo","image":{"@type":"ImageObject","inLanguage":"es","@id":"https:\/\/secure.gravatar.com\/avatar\/4cf9a4877f5f71f44fb7cedbe1bac1bd28bd8ce7a217517d98d5b2117f9f5505?s=96&d=mm&r=g","url":"https:\/\/secure.gravatar.com\/avatar\/4cf9a4877f5f71f44fb7cedbe1bac1bd28bd8ce7a217517d98d5b2117f9f5505?s=96&d=mm&r=g","contentUrl":"https:\/\/secure.gravatar.com\/avatar\/4cf9a4877f5f71f44fb7cedbe1bac1bd28bd8ce7a217517d98d5b2117f9f5505?s=96&d=mm&r=g","caption":"Pedro Palomo"},"sameAs":["http:\/\/www.vivaeurovision.com","@pedrobcn","https:\/\/x.com\/@pedropalomobcn"]}]}},"_links":{"self":[{"href":"https:\/\/www.vivaeurovision.com\/index.php\/wp-json\/wp\/v2\/posts\/5153","targetHints":{"allow":["GET"]}}],"collection":[{"href":"https:\/\/www.vivaeurovision.com\/index.php\/wp-json\/wp\/v2\/posts"}],"about":[{"href":"https:\/\/www.vivaeurovision.com\/index.php\/wp-json\/wp\/v2\/types\/post"}],"author":[{"embeddable":true,"href":"https:\/\/www.vivaeurovision.com\/index.php\/wp-json\/wp\/v2\/users\/1"}],"replies":[{"embeddable":true,"href":"https:\/\/www.vivaeurovision.com\/index.php\/wp-json\/wp\/v2\/comments?post=5153"}],"version-history":[{"count":8,"href":"https:\/\/www.vivaeurovision.com\/index.php\/wp-json\/wp\/v2\/posts\/5153\/revisions"}],"predecessor-version":[{"id":5184,"href":"https:\/\/www.vivaeurovision.com\/index.php\/wp-json\/wp\/v2\/posts\/5153\/revisions\/5184"}],"wp:featuredmedia":[{"embeddable":true,"href":"https:\/\/www.vivaeurovision.com\/index.php\/wp-json\/wp\/v2\/media\/5182"}],"wp:attachment":[{"href":"https:\/\/www.vivaeurovision.com\/index.php\/wp-json\/wp\/v2\/media?parent=5153"}],"wp:term":[{"taxonomy":"category","embeddable":true,"href":"https:\/\/www.vivaeurovision.com\/index.php\/wp-json\/wp\/v2\/categories?post=5153"},{"taxonomy":"post_tag","embeddable":true,"href":"https:\/\/www.vivaeurovision.com\/index.php\/wp-json\/wp\/v2\/tags?post=5153"}],"curies":[{"name":"wp","href":"https:\/\/api.w.org\/{rel}","templated":true}]}}