{"id":5222,"date":"2017-07-13T23:20:32","date_gmt":"2017-07-13T23:20:32","guid":{"rendered":"http:\/\/www.vivaeurovision.com\/?p=5222"},"modified":"2017-07-13T23:22:09","modified_gmt":"2017-07-13T23:22:09","slug":"5222-eurovision-pastora-soler","status":"publish","type":"post","link":"https:\/\/www.vivaeurovision.com\/index.php\/2017\/07\/13\/5222-eurovision-pastora-soler\/","title":{"rendered":"Pastora Soler, en lo alto de ventas digitales con su  nuevo single LA TORMENTA, uno de los regresos musicales m\u00e1s esperados."},"content":{"rendered":"<h2>Pastora Soler, en lo alto de ventas digitales con su \u00a0nuevo single LA TORMENTA, uno de los regresos musicales m\u00e1s esperados.<\/h2>\n<blockquote class=\"twitter-tweet\" data-width=\"500\" data-dnt=\"true\">\n<p lang=\"es\" dir=\"ltr\">Ma\u00f1ana ya viene <a href=\"https:\/\/twitter.com\/hashtag\/LaTormenta?src=hash&amp;ref_src=twsrc%5Etfw\">#LaTormenta<\/a>!!!!!! <a href=\"https:\/\/twitter.com\/hashtag\/14julio?src=hash&amp;ref_src=twsrc%5Etfw\">#14julio<\/a> <a href=\"https:\/\/twitter.com\/hashtag\/nuevosingle?src=hash&amp;ref_src=twsrc%5Etfw\">#nuevosingle<\/a> \u26c8\u26c8\u26c8 <a href=\"https:\/\/t.co\/EOdi0vcpJu\">pic.twitter.com\/EOdi0vcpJu<\/a><\/p>\n<p>&mdash; Pastora Soler (@PastoraSoler) <a href=\"https:\/\/twitter.com\/PastoraSoler\/status\/885527095153233920?ref_src=twsrc%5Etfw\">July 13, 2017<\/a><\/p><\/blockquote>\n<p><script async src=\"https:\/\/platform.twitter.com\/widgets.js\" charset=\"utf-8\"><\/script><\/p>\n<p><img loading=\"lazy\" decoding=\"async\" class=\"alignnone size-medium wp-image-5223\" src=\"http:\/\/www.vivaeurovision.com\/wp-content\/uploads\/2017\/07\/IMG_2045-298x300.jpg\" alt=\"eurovision\" width=\"298\" height=\"300\" srcset=\"https:\/\/www.vivaeurovision.com\/wp-content\/uploads\/2017\/07\/IMG_2045-298x300.jpg 298w, https:\/\/www.vivaeurovision.com\/wp-content\/uploads\/2017\/07\/IMG_2045-150x150.jpg 150w, https:\/\/www.vivaeurovision.com\/wp-content\/uploads\/2017\/07\/IMG_2045-700x704.jpg 700w, https:\/\/www.vivaeurovision.com\/wp-content\/uploads\/2017\/07\/IMG_2045-160x160.jpg 160w, https:\/\/www.vivaeurovision.com\/wp-content\/uploads\/2017\/07\/IMG_2045.jpg 1125w\" sizes=\"auto, (max-width: 298px) 100vw, 298px\" \/><\/p>\n<p>Tras un periodo de descanso, la cantante ha regresado de la mano de Tonny Sanchez Ohlsson, una vez m\u00e1s se unen en este nuevo trabajo de Pastora Soler y por todo lo alto.<\/p>\n<p>Puedes comprar su single en el siguiente enlace.<\/p>\n<p><a href=\"http:\/\/La tormenta - Single por Pastora Soler https:\/\/itun.es\/es\/4FCXkb\">La tormenta &#8211; Single por Pastora Soler<\/a><br \/>\nhttps:\/\/itun.es\/es\/4FCXkb<\/p>\n<p>El regreso de Pastora Soler, es uno de los m\u00e1s esperados por el p\u00fablico y La Tormenta no ha defraudado y el cicl\u00f3n de voz de Pastora Soler vuelve a brillar con m\u00e1s fuerza que nunca. En breve disfrutaremos del videoclip que ya ha sido rodado y una extensa gira por todo el territorio nacional.<\/p>\n<p>19 de Noviembre-Madrid- Teatro Real<\/p>\n<p>8 de Diciembre-M\u00e1laga- Teatro Cervantes<\/p>\n<p>11 de Enero-Murica-Aud.Victor Vilegas<\/p>\n<p>25 de Enero-Barcelona-G.Teatro del Liceo<\/p>\n<p>3 de Febrero-Zaragoza- Sala Mozart<\/p>\n<p>9 de Febrero-Fuerteventura-Palacio de Congresos<\/p>\n<p>10 de Febrero-Las Palmas de G.Canaria-Aud.Alfredo Kraus<\/p>\n<p>11 de Marzo- Valladolid-Aud.Miguel Delibes<\/p>\n<p>4 de Mayo-Gij\u00f3n-Teatro Jovellanos<\/p>\n<p>5 de Mayo-Santader<\/p>\n<p>1 de Junio- C\u00e1diz-G.Teatro Falla<\/p>\n<p>2 de Junio-C\u00e1diz-G.Teatro Falla<\/p>\n<p>9 de Junio-Sevilla-Aud. Roc\u00edo Jurado<\/p>\n<p><strong>Pastora Soler, recibi\u00f3 \u00a0el premio especial del 10\u00ba aniversario de Mr Gay Pride Espa\u00f1a, por su carrera.<\/strong><\/p>\n<p><iframe loading=\"lazy\"  id=\"_ytid_59421\"  width=\"480\" height=\"270\"  data-origwidth=\"480\" data-origheight=\"270\" src=\"https:\/\/www.youtube.com\/embed\/IlFSlt24JlY?enablejsapi=1&#038;autoplay=0&#038;cc_load_policy=0&#038;cc_lang_pref=&#038;iv_load_policy=1&#038;loop=0&#038;rel=1&#038;fs=1&#038;playsinline=0&#038;autohide=2&#038;theme=dark&#038;color=red&#038;controls=1&#038;disablekb=0&#038;\" class=\"__youtube_prefs__  epyt-is-override  no-lazyload\" title=\"YouTube player\"  allow=\"fullscreen; accelerometer; autoplay; clipboard-write; encrypted-media; gyroscope; picture-in-picture; web-share\" referrerpolicy=\"strict-origin-when-cross-origin\" allowfullscreen data-no-lazy=\"1\" data-skipgform_ajax_framebjll=\"\"><\/iframe><\/p>\n<p>La cantante, nos represent\u00f3 en el Festival de Eurovisi\u00f3n, dejando a Espa\u00f1a en un 10\u00ba puesto en el a\u00f1o 2012 y consiguiendo que toda Espa\u00f1a y gran parte de Europa, se emocionara con su magnifica interpretaci\u00f3n sobre el escenario en Bak\u00fa, ahora regresa con nuevo disco y m\u00e1s fuerza que nunca.<\/p>\n<p>La cantante no dud\u00f3 en concedernos unas palabras, tras recibir el premio al reconocimiento de su carrera en la gala del 10\u00ba aniversario de Mr Gay Pride Espa\u00f1a.<\/p>\n<p>Pastora Soler agradeci\u00f3 el premio con su espectacular voz, cantando Qu\u00e9date Conmigo, canci\u00f3n con la que nos represent\u00f3 en el Festival de Eurovisi\u00f3n y que una vez m\u00e1s logro emocionar a todo el p\u00fablico, haciendo que la Puerta del Sol madrile\u00f1a se rindiera a los pies de la gran Pastora Soler.<\/p>\n<p><img loading=\"lazy\" decoding=\"async\" class=\"alignnone size-medium wp-image-5186\" src=\"http:\/\/www.vivaeurovision.com\/wp-content\/uploads\/2017\/07\/pastorasoler-300x140.jpg\" alt=\"pastora soler\" width=\"300\" height=\"140\" srcset=\"https:\/\/www.vivaeurovision.com\/wp-content\/uploads\/2017\/07\/pastorasoler-300x140.jpg 300w, https:\/\/www.vivaeurovision.com\/wp-content\/uploads\/2017\/07\/pastorasoler-700x327.jpg 700w, https:\/\/www.vivaeurovision.com\/wp-content\/uploads\/2017\/07\/pastorasoler-520x245.jpg 520w, https:\/\/www.vivaeurovision.com\/wp-content\/uploads\/2017\/07\/pastorasoler.jpg 1181w\" sizes=\"auto, (max-width: 300px) 100vw, 300px\" \/><\/p>\n<p>VIVAEUROVISION.COM<\/p>\n<p>Twitter @viva_eurovision FACEBOOK OFICIAL VIVA EUROVISION Instragram @vivaeurovision<\/p>\n<p>Redactor: Pedro Palomo @pedropalomobcn Instagram @pedrobcn<\/p>\n<p><img loading=\"lazy\" decoding=\"async\" class=\"alignnone size-medium wp-image-5225\" src=\"http:\/\/www.vivaeurovision.com\/wp-content\/uploads\/2017\/07\/Enlight251-300x200.jpg\" alt=\"pastora soler\" width=\"300\" height=\"200\" srcset=\"https:\/\/www.vivaeurovision.com\/wp-content\/uploads\/2017\/07\/Enlight251-300x200.jpg 300w, https:\/\/www.vivaeurovision.com\/wp-content\/uploads\/2017\/07\/Enlight251-700x467.jpg 700w\" sizes=\"auto, (max-width: 300px) 100vw, 300px\" \/><\/p>\n","protected":false},"excerpt":{"rendered":"<p>Pastora Soler, en lo alto de ventas digitales con su \u00a0nuevo single LA TORMENTA, uno de los regresos musicales m\u00e1s esperados. Ma\u00f1ana ya viene #LaTormenta!!!!!! #14julio #nuevosingle \u26c8\u26c8\u26c8 pic.twitter.com\/EOdi0vcpJu &mdash;&#46;&#46;&#46;<\/p>\n","protected":false},"author":1,"featured_media":5225,"comment_status":"open","ping_status":"closed","sticky":false,"template":"","format":"standard","meta":{"_exactmetrics_skip_tracking":false,"_exactmetrics_sitenote_active":false,"_exactmetrics_sitenote_note":"","_exactmetrics_sitenote_category":0,"footnotes":""},"categories":[5,6,1195,4,1188,2,875,3],"tags":[2271,17,11,221,1096,2269,34,73,2270,2184,2185,2182,2268,2228,2230,19,20,766,23,22],"class_list":["post-5222","post","type-post","status-publish","format-standard","has-post-thumbnail","hentry","category-entrevistas","category-espana-en-eurovision","category-eurovision-2","category-eurovision","category-noticia-2","category-noticia","category-rincon-vivalamusica","category-ultima-hora","tag-entrevista-pastora-soler","tag-esc","tag-eurovision","tag-eurovision-2012","tag-festival-de-eurovision","tag-la-tormenta","tag-noticia","tag-pastora-soler","tag-pastora-soler-2017","tag-pastora-soler-eurovision","tag-pastora-soler-eurovision-2012","tag-pastora-soler-gira-2017","tag-pastora-soler-la-tormenta","tag-pastora-soler-mr-gay-pride","tag-pastora-soler-mr-gay-pride-2017","tag-pedro-palomo","tag-pedro-palomo-eurovision","tag-pedro-palomo-vivaeurovision","tag-viva-eurovision","tag-vivaeurovision"],"yoast_head":"<!-- This site is optimized with the Yoast SEO plugin v27.5 - https:\/\/yoast.com\/product\/yoast-seo-wordpress\/ -->\n<title>Pastora Soler, en lo alto de ventas digitales con su nuevo single LA TORMENTA, uno de los regresos musicales m\u00e1s esperados. - VIVAEUROVISION viva eurovision<\/title>\n<meta name=\"description\" content=\"Pastora Soler, pastora soler la tormenta, eurovision, pastora soler eurovision, pastora soler 2017, vivaeurovision, la tormenta\" \/>\n<meta name=\"robots\" content=\"index, follow, max-snippet:-1, max-image-preview:large, max-video-preview:-1\" \/>\n<link rel=\"canonical\" href=\"https:\/\/www.vivaeurovision.com\/index.php\/2017\/07\/13\/5222-eurovision-pastora-soler\/\" \/>\n<meta property=\"og:locale\" content=\"es_ES\" \/>\n<meta property=\"og:type\" content=\"article\" \/>\n<meta property=\"og:title\" content=\"Pastora Soler, en lo alto de ventas digitales con su nuevo single LA TORMENTA, uno de los regresos musicales m\u00e1s esperados. - VIVAEUROVISION viva eurovision\" \/>\n<meta property=\"og:description\" content=\"Pastora Soler, pastora soler la tormenta, eurovision, pastora soler eurovision, pastora soler 2017, vivaeurovision, la tormenta\" \/>\n<meta property=\"og:url\" content=\"https:\/\/www.vivaeurovision.com\/index.php\/2017\/07\/13\/5222-eurovision-pastora-soler\/\" \/>\n<meta property=\"og:site_name\" content=\"VIVAEUROVISION viva eurovision\" \/>\n<meta property=\"article:published_time\" content=\"2017-07-13T23:20:32+00:00\" \/>\n<meta property=\"article:modified_time\" content=\"2017-07-13T23:22:09+00:00\" \/>\n<meta property=\"og:image\" content=\"https:\/\/www.vivaeurovision.com\/wp-content\/uploads\/2017\/07\/Enlight251.jpg\" \/>\n\t<meta property=\"og:image:width\" content=\"2592\" \/>\n\t<meta property=\"og:image:height\" content=\"1728\" \/>\n\t<meta property=\"og:image:type\" content=\"image\/jpeg\" \/>\n<meta name=\"author\" content=\"Pedro Palomo\" \/>\n<meta name=\"twitter:card\" content=\"summary_large_image\" \/>\n<meta name=\"twitter:creator\" content=\"@pedropalomobcn\" \/>\n<meta name=\"twitter:label1\" content=\"Escrito por\" \/>\n\t<meta name=\"twitter:data1\" content=\"Pedro Palomo\" \/>\n\t<meta name=\"twitter:label2\" content=\"Tiempo de lectura\" \/>\n\t<meta name=\"twitter:data2\" content=\"2 minutos\" \/>\n<script type=\"application\/ld+json\" class=\"yoast-schema-graph\">{\"@context\":\"https:\\\/\\\/schema.org\",\"@graph\":[{\"@type\":\"Article\",\"@id\":\"https:\\\/\\\/www.vivaeurovision.com\\\/index.php\\\/2017\\\/07\\\/13\\\/5222-eurovision-pastora-soler\\\/#article\",\"isPartOf\":{\"@id\":\"https:\\\/\\\/www.vivaeurovision.com\\\/index.php\\\/2017\\\/07\\\/13\\\/5222-eurovision-pastora-soler\\\/\"},\"author\":{\"name\":\"Pedro Palomo\",\"@id\":\"https:\\\/\\\/www.vivaeurovision.com\\\/#\\\/schema\\\/person\\\/1d31fdaa3f5f7df556f73d164bd3c47a\"},\"headline\":\"Pastora Soler, en lo alto de ventas digitales con su nuevo single LA TORMENTA, uno de los regresos musicales m\u00e1s esperados.\",\"datePublished\":\"2017-07-13T23:20:32+00:00\",\"dateModified\":\"2017-07-13T23:22:09+00:00\",\"mainEntityOfPage\":{\"@id\":\"https:\\\/\\\/www.vivaeurovision.com\\\/index.php\\\/2017\\\/07\\\/13\\\/5222-eurovision-pastora-soler\\\/\"},\"wordCount\":402,\"commentCount\":0,\"publisher\":{\"@id\":\"https:\\\/\\\/www.vivaeurovision.com\\\/#organization\"},\"image\":{\"@id\":\"https:\\\/\\\/www.vivaeurovision.com\\\/index.php\\\/2017\\\/07\\\/13\\\/5222-eurovision-pastora-soler\\\/#primaryimage\"},\"thumbnailUrl\":\"https:\\\/\\\/www.vivaeurovision.com\\\/wp-content\\\/uploads\\\/2017\\\/07\\\/Enlight251.jpg\",\"keywords\":[\"entrevista pastora soler\",\"ESC\",\"Eurovision\",\"eurovision 2012\",\"Festival de Eurovisi\u00f3n\",\"la tormenta\",\"Noticia\",\"Pastora Soler\",\"pastora soler 2017\",\"pastora soler eurovision\",\"pastora soler eurovision 2012\",\"pastora soler gira 2017\",\"pastora soler la tormenta\",\"pastora soler mr gay pride\",\"pastora soler mr gay pride 2017\",\"Pedro Palomo\",\"Pedro Palomo Eurovision\",\"Pedro Palomo Vivaeurovision\",\"viva eurovision\",\"vivaeurovision\"],\"articleSection\":[\"Entrevistas\",\"Espa\u00f1a en Eurovisi\u00f3n\",\"eurovision\",\"Inicio\",\"Noticia\",\"Noticias\",\"Rinc\u00f3n VIVALAMUSICA\",\"Ultima Hora\"],\"inLanguage\":\"es\",\"potentialAction\":[{\"@type\":\"CommentAction\",\"name\":\"Comment\",\"target\":[\"https:\\\/\\\/www.vivaeurovision.com\\\/index.php\\\/2017\\\/07\\\/13\\\/5222-eurovision-pastora-soler\\\/#respond\"]}]},{\"@type\":\"WebPage\",\"@id\":\"https:\\\/\\\/www.vivaeurovision.com\\\/index.php\\\/2017\\\/07\\\/13\\\/5222-eurovision-pastora-soler\\\/\",\"url\":\"https:\\\/\\\/www.vivaeurovision.com\\\/index.php\\\/2017\\\/07\\\/13\\\/5222-eurovision-pastora-soler\\\/\",\"name\":\"Pastora Soler, en lo alto de ventas digitales con su nuevo single LA TORMENTA, uno de los regresos musicales m\u00e1s esperados. - VIVAEUROVISION viva eurovision\",\"isPartOf\":{\"@id\":\"https:\\\/\\\/www.vivaeurovision.com\\\/#website\"},\"primaryImageOfPage\":{\"@id\":\"https:\\\/\\\/www.vivaeurovision.com\\\/index.php\\\/2017\\\/07\\\/13\\\/5222-eurovision-pastora-soler\\\/#primaryimage\"},\"image\":{\"@id\":\"https:\\\/\\\/www.vivaeurovision.com\\\/index.php\\\/2017\\\/07\\\/13\\\/5222-eurovision-pastora-soler\\\/#primaryimage\"},\"thumbnailUrl\":\"https:\\\/\\\/www.vivaeurovision.com\\\/wp-content\\\/uploads\\\/2017\\\/07\\\/Enlight251.jpg\",\"datePublished\":\"2017-07-13T23:20:32+00:00\",\"dateModified\":\"2017-07-13T23:22:09+00:00\",\"description\":\"Pastora Soler, pastora soler la tormenta, eurovision, pastora soler eurovision, pastora soler 2017, vivaeurovision, la tormenta\",\"breadcrumb\":{\"@id\":\"https:\\\/\\\/www.vivaeurovision.com\\\/index.php\\\/2017\\\/07\\\/13\\\/5222-eurovision-pastora-soler\\\/#breadcrumb\"},\"inLanguage\":\"es\",\"potentialAction\":[{\"@type\":\"ReadAction\",\"target\":[\"https:\\\/\\\/www.vivaeurovision.com\\\/index.php\\\/2017\\\/07\\\/13\\\/5222-eurovision-pastora-soler\\\/\"]}]},{\"@type\":\"ImageObject\",\"inLanguage\":\"es\",\"@id\":\"https:\\\/\\\/www.vivaeurovision.com\\\/index.php\\\/2017\\\/07\\\/13\\\/5222-eurovision-pastora-soler\\\/#primaryimage\",\"url\":\"https:\\\/\\\/www.vivaeurovision.com\\\/wp-content\\\/uploads\\\/2017\\\/07\\\/Enlight251.jpg\",\"contentUrl\":\"https:\\\/\\\/www.vivaeurovision.com\\\/wp-content\\\/uploads\\\/2017\\\/07\\\/Enlight251.jpg\",\"width\":2592,\"height\":1728,\"caption\":\"pastora soler\"},{\"@type\":\"BreadcrumbList\",\"@id\":\"https:\\\/\\\/www.vivaeurovision.com\\\/index.php\\\/2017\\\/07\\\/13\\\/5222-eurovision-pastora-soler\\\/#breadcrumb\",\"itemListElement\":[{\"@type\":\"ListItem\",\"position\":1,\"name\":\"Portada\",\"item\":\"https:\\\/\\\/www.vivaeurovision.com\\\/\"},{\"@type\":\"ListItem\",\"position\":2,\"name\":\"Pastora Soler, en lo alto de ventas digitales con su nuevo single LA TORMENTA, uno de los regresos musicales m\u00e1s esperados.\"}]},{\"@type\":\"WebSite\",\"@id\":\"https:\\\/\\\/www.vivaeurovision.com\\\/#website\",\"url\":\"https:\\\/\\\/www.vivaeurovision.com\\\/\",\"name\":\"VIVAEUROVISION viva eurovision\",\"description\":\"Tu portal sobre el Festival de Eurovision, eurovision, eurovisi\u00f3n\",\"publisher\":{\"@id\":\"https:\\\/\\\/www.vivaeurovision.com\\\/#organization\"},\"potentialAction\":[{\"@type\":\"SearchAction\",\"target\":{\"@type\":\"EntryPoint\",\"urlTemplate\":\"https:\\\/\\\/www.vivaeurovision.com\\\/?s={search_term_string}\"},\"query-input\":{\"@type\":\"PropertyValueSpecification\",\"valueRequired\":true,\"valueName\":\"search_term_string\"}}],\"inLanguage\":\"es\"},{\"@type\":\"Organization\",\"@id\":\"https:\\\/\\\/www.vivaeurovision.com\\\/#organization\",\"name\":\"vivaeurovision\",\"url\":\"https:\\\/\\\/www.vivaeurovision.com\\\/\",\"logo\":{\"@type\":\"ImageObject\",\"inLanguage\":\"es\",\"@id\":\"https:\\\/\\\/www.vivaeurovision.com\\\/#\\\/schema\\\/logo\\\/image\\\/\",\"url\":\"https:\\\/\\\/www.vivaeurovision.com\\\/wp-content\\\/uploads\\\/2016\\\/01\\\/cropped-image-21-1.jpeg\",\"contentUrl\":\"https:\\\/\\\/www.vivaeurovision.com\\\/wp-content\\\/uploads\\\/2016\\\/01\\\/cropped-image-21-1.jpeg\",\"width\":669,\"height\":368,\"caption\":\"vivaeurovision\"},\"image\":{\"@id\":\"https:\\\/\\\/www.vivaeurovision.com\\\/#\\\/schema\\\/logo\\\/image\\\/\"}},{\"@type\":\"Person\",\"@id\":\"https:\\\/\\\/www.vivaeurovision.com\\\/#\\\/schema\\\/person\\\/1d31fdaa3f5f7df556f73d164bd3c47a\",\"name\":\"Pedro Palomo\",\"image\":{\"@type\":\"ImageObject\",\"inLanguage\":\"es\",\"@id\":\"https:\\\/\\\/secure.gravatar.com\\\/avatar\\\/4cf9a4877f5f71f44fb7cedbe1bac1bd28bd8ce7a217517d98d5b2117f9f5505?s=96&d=mm&r=g\",\"url\":\"https:\\\/\\\/secure.gravatar.com\\\/avatar\\\/4cf9a4877f5f71f44fb7cedbe1bac1bd28bd8ce7a217517d98d5b2117f9f5505?s=96&d=mm&r=g\",\"contentUrl\":\"https:\\\/\\\/secure.gravatar.com\\\/avatar\\\/4cf9a4877f5f71f44fb7cedbe1bac1bd28bd8ce7a217517d98d5b2117f9f5505?s=96&d=mm&r=g\",\"caption\":\"Pedro Palomo\"},\"sameAs\":[\"http:\\\/\\\/www.vivaeurovision.com\",\"@pedrobcn\",\"https:\\\/\\\/x.com\\\/@pedropalomobcn\"]}]}<\/script>\n<!-- \/ Yoast SEO plugin. -->","yoast_head_json":{"title":"Pastora Soler, en lo alto de ventas digitales con su nuevo single LA TORMENTA, uno de los regresos musicales m\u00e1s esperados. - VIVAEUROVISION viva eurovision","description":"Pastora Soler, pastora soler la tormenta, eurovision, pastora soler eurovision, pastora soler 2017, vivaeurovision, la tormenta","robots":{"index":"index","follow":"follow","max-snippet":"max-snippet:-1","max-image-preview":"max-image-preview:large","max-video-preview":"max-video-preview:-1"},"canonical":"https:\/\/www.vivaeurovision.com\/index.php\/2017\/07\/13\/5222-eurovision-pastora-soler\/","og_locale":"es_ES","og_type":"article","og_title":"Pastora Soler, en lo alto de ventas digitales con su nuevo single LA TORMENTA, uno de los regresos musicales m\u00e1s esperados. - VIVAEUROVISION viva eurovision","og_description":"Pastora Soler, pastora soler la tormenta, eurovision, pastora soler eurovision, pastora soler 2017, vivaeurovision, la tormenta","og_url":"https:\/\/www.vivaeurovision.com\/index.php\/2017\/07\/13\/5222-eurovision-pastora-soler\/","og_site_name":"VIVAEUROVISION viva eurovision","article_published_time":"2017-07-13T23:20:32+00:00","article_modified_time":"2017-07-13T23:22:09+00:00","og_image":[{"width":2592,"height":1728,"url":"https:\/\/www.vivaeurovision.com\/wp-content\/uploads\/2017\/07\/Enlight251.jpg","type":"image\/jpeg"}],"author":"Pedro Palomo","twitter_card":"summary_large_image","twitter_creator":"@pedropalomobcn","twitter_misc":{"Escrito por":"Pedro Palomo","Tiempo de lectura":"2 minutos"},"schema":{"@context":"https:\/\/schema.org","@graph":[{"@type":"Article","@id":"https:\/\/www.vivaeurovision.com\/index.php\/2017\/07\/13\/5222-eurovision-pastora-soler\/#article","isPartOf":{"@id":"https:\/\/www.vivaeurovision.com\/index.php\/2017\/07\/13\/5222-eurovision-pastora-soler\/"},"author":{"name":"Pedro Palomo","@id":"https:\/\/www.vivaeurovision.com\/#\/schema\/person\/1d31fdaa3f5f7df556f73d164bd3c47a"},"headline":"Pastora Soler, en lo alto de ventas digitales con su nuevo single LA TORMENTA, uno de los regresos musicales m\u00e1s esperados.","datePublished":"2017-07-13T23:20:32+00:00","dateModified":"2017-07-13T23:22:09+00:00","mainEntityOfPage":{"@id":"https:\/\/www.vivaeurovision.com\/index.php\/2017\/07\/13\/5222-eurovision-pastora-soler\/"},"wordCount":402,"commentCount":0,"publisher":{"@id":"https:\/\/www.vivaeurovision.com\/#organization"},"image":{"@id":"https:\/\/www.vivaeurovision.com\/index.php\/2017\/07\/13\/5222-eurovision-pastora-soler\/#primaryimage"},"thumbnailUrl":"https:\/\/www.vivaeurovision.com\/wp-content\/uploads\/2017\/07\/Enlight251.jpg","keywords":["entrevista pastora soler","ESC","Eurovision","eurovision 2012","Festival de Eurovisi\u00f3n","la tormenta","Noticia","Pastora Soler","pastora soler 2017","pastora soler eurovision","pastora soler eurovision 2012","pastora soler gira 2017","pastora soler la tormenta","pastora soler mr gay pride","pastora soler mr gay pride 2017","Pedro Palomo","Pedro Palomo Eurovision","Pedro Palomo Vivaeurovision","viva eurovision","vivaeurovision"],"articleSection":["Entrevistas","Espa\u00f1a en Eurovisi\u00f3n","eurovision","Inicio","Noticia","Noticias","Rinc\u00f3n VIVALAMUSICA","Ultima Hora"],"inLanguage":"es","potentialAction":[{"@type":"CommentAction","name":"Comment","target":["https:\/\/www.vivaeurovision.com\/index.php\/2017\/07\/13\/5222-eurovision-pastora-soler\/#respond"]}]},{"@type":"WebPage","@id":"https:\/\/www.vivaeurovision.com\/index.php\/2017\/07\/13\/5222-eurovision-pastora-soler\/","url":"https:\/\/www.vivaeurovision.com\/index.php\/2017\/07\/13\/5222-eurovision-pastora-soler\/","name":"Pastora Soler, en lo alto de ventas digitales con su nuevo single LA TORMENTA, uno de los regresos musicales m\u00e1s esperados. - VIVAEUROVISION viva eurovision","isPartOf":{"@id":"https:\/\/www.vivaeurovision.com\/#website"},"primaryImageOfPage":{"@id":"https:\/\/www.vivaeurovision.com\/index.php\/2017\/07\/13\/5222-eurovision-pastora-soler\/#primaryimage"},"image":{"@id":"https:\/\/www.vivaeurovision.com\/index.php\/2017\/07\/13\/5222-eurovision-pastora-soler\/#primaryimage"},"thumbnailUrl":"https:\/\/www.vivaeurovision.com\/wp-content\/uploads\/2017\/07\/Enlight251.jpg","datePublished":"2017-07-13T23:20:32+00:00","dateModified":"2017-07-13T23:22:09+00:00","description":"Pastora Soler, pastora soler la tormenta, eurovision, pastora soler eurovision, pastora soler 2017, vivaeurovision, la tormenta","breadcrumb":{"@id":"https:\/\/www.vivaeurovision.com\/index.php\/2017\/07\/13\/5222-eurovision-pastora-soler\/#breadcrumb"},"inLanguage":"es","potentialAction":[{"@type":"ReadAction","target":["https:\/\/www.vivaeurovision.com\/index.php\/2017\/07\/13\/5222-eurovision-pastora-soler\/"]}]},{"@type":"ImageObject","inLanguage":"es","@id":"https:\/\/www.vivaeurovision.com\/index.php\/2017\/07\/13\/5222-eurovision-pastora-soler\/#primaryimage","url":"https:\/\/www.vivaeurovision.com\/wp-content\/uploads\/2017\/07\/Enlight251.jpg","contentUrl":"https:\/\/www.vivaeurovision.com\/wp-content\/uploads\/2017\/07\/Enlight251.jpg","width":2592,"height":1728,"caption":"pastora soler"},{"@type":"BreadcrumbList","@id":"https:\/\/www.vivaeurovision.com\/index.php\/2017\/07\/13\/5222-eurovision-pastora-soler\/#breadcrumb","itemListElement":[{"@type":"ListItem","position":1,"name":"Portada","item":"https:\/\/www.vivaeurovision.com\/"},{"@type":"ListItem","position":2,"name":"Pastora Soler, en lo alto de ventas digitales con su nuevo single LA TORMENTA, uno de los regresos musicales m\u00e1s esperados."}]},{"@type":"WebSite","@id":"https:\/\/www.vivaeurovision.com\/#website","url":"https:\/\/www.vivaeurovision.com\/","name":"VIVAEUROVISION viva eurovision","description":"Tu portal sobre el Festival de Eurovision, eurovision, eurovisi\u00f3n","publisher":{"@id":"https:\/\/www.vivaeurovision.com\/#organization"},"potentialAction":[{"@type":"SearchAction","target":{"@type":"EntryPoint","urlTemplate":"https:\/\/www.vivaeurovision.com\/?s={search_term_string}"},"query-input":{"@type":"PropertyValueSpecification","valueRequired":true,"valueName":"search_term_string"}}],"inLanguage":"es"},{"@type":"Organization","@id":"https:\/\/www.vivaeurovision.com\/#organization","name":"vivaeurovision","url":"https:\/\/www.vivaeurovision.com\/","logo":{"@type":"ImageObject","inLanguage":"es","@id":"https:\/\/www.vivaeurovision.com\/#\/schema\/logo\/image\/","url":"https:\/\/www.vivaeurovision.com\/wp-content\/uploads\/2016\/01\/cropped-image-21-1.jpeg","contentUrl":"https:\/\/www.vivaeurovision.com\/wp-content\/uploads\/2016\/01\/cropped-image-21-1.jpeg","width":669,"height":368,"caption":"vivaeurovision"},"image":{"@id":"https:\/\/www.vivaeurovision.com\/#\/schema\/logo\/image\/"}},{"@type":"Person","@id":"https:\/\/www.vivaeurovision.com\/#\/schema\/person\/1d31fdaa3f5f7df556f73d164bd3c47a","name":"Pedro Palomo","image":{"@type":"ImageObject","inLanguage":"es","@id":"https:\/\/secure.gravatar.com\/avatar\/4cf9a4877f5f71f44fb7cedbe1bac1bd28bd8ce7a217517d98d5b2117f9f5505?s=96&d=mm&r=g","url":"https:\/\/secure.gravatar.com\/avatar\/4cf9a4877f5f71f44fb7cedbe1bac1bd28bd8ce7a217517d98d5b2117f9f5505?s=96&d=mm&r=g","contentUrl":"https:\/\/secure.gravatar.com\/avatar\/4cf9a4877f5f71f44fb7cedbe1bac1bd28bd8ce7a217517d98d5b2117f9f5505?s=96&d=mm&r=g","caption":"Pedro Palomo"},"sameAs":["http:\/\/www.vivaeurovision.com","@pedrobcn","https:\/\/x.com\/@pedropalomobcn"]}]}},"_links":{"self":[{"href":"https:\/\/www.vivaeurovision.com\/index.php\/wp-json\/wp\/v2\/posts\/5222","targetHints":{"allow":["GET"]}}],"collection":[{"href":"https:\/\/www.vivaeurovision.com\/index.php\/wp-json\/wp\/v2\/posts"}],"about":[{"href":"https:\/\/www.vivaeurovision.com\/index.php\/wp-json\/wp\/v2\/types\/post"}],"author":[{"embeddable":true,"href":"https:\/\/www.vivaeurovision.com\/index.php\/wp-json\/wp\/v2\/users\/1"}],"replies":[{"embeddable":true,"href":"https:\/\/www.vivaeurovision.com\/index.php\/wp-json\/wp\/v2\/comments?post=5222"}],"version-history":[{"count":6,"href":"https:\/\/www.vivaeurovision.com\/index.php\/wp-json\/wp\/v2\/posts\/5222\/revisions"}],"predecessor-version":[{"id":5230,"href":"https:\/\/www.vivaeurovision.com\/index.php\/wp-json\/wp\/v2\/posts\/5222\/revisions\/5230"}],"wp:featuredmedia":[{"embeddable":true,"href":"https:\/\/www.vivaeurovision.com\/index.php\/wp-json\/wp\/v2\/media\/5225"}],"wp:attachment":[{"href":"https:\/\/www.vivaeurovision.com\/index.php\/wp-json\/wp\/v2\/media?parent=5222"}],"wp:term":[{"taxonomy":"category","embeddable":true,"href":"https:\/\/www.vivaeurovision.com\/index.php\/wp-json\/wp\/v2\/categories?post=5222"},{"taxonomy":"post_tag","embeddable":true,"href":"https:\/\/www.vivaeurovision.com\/index.php\/wp-json\/wp\/v2\/tags?post=5222"}],"curies":[{"name":"wp","href":"https:\/\/api.w.org\/{rel}","templated":true}]}}