{"id":5279,"date":"2017-08-29T19:57:12","date_gmt":"2017-08-29T19:57:12","guid":{"rendered":"http:\/\/www.vivaeurovision.com\/?p=5279"},"modified":"2017-08-29T19:57:12","modified_gmt":"2017-08-29T19:57:12","slug":"5279-ot-2017","status":"publish","type":"post","link":"https:\/\/www.vivaeurovision.com\/index.php\/2017\/08\/29\/5279-ot-2017\/","title":{"rendered":"M\u00f3nica Naranjo, Joe P\u00e9rez-Orive y Manuel Martos, jurado de &#8216;Operaci\u00f3n Triunfo&#8217; 2017"},"content":{"rendered":"<h2><span class=\"maintitle\">M\u00f3nica Naranjo, Joe P\u00e9rez-Orive y Manuel Martos, jurado de &#8216;Operaci\u00f3n Triunfo&#8217; 2017<\/span><\/h2>\n<p><img loading=\"lazy\" decoding=\"async\" class=\"alignnone size-medium wp-image-5311\" src=\"http:\/\/www.vivaeurovision.com\/wp-content\/uploads\/2017\/08\/img_jsilvestre_20170828-190856_imagenes_lv_terceros_jurado_ot-kY8F-656x369@LaVanguardia-Web-300x169.jpg\" alt=\"operacion triunfo\" width=\"300\" height=\"169\" srcset=\"https:\/\/www.vivaeurovision.com\/wp-content\/uploads\/2017\/08\/img_jsilvestre_20170828-190856_imagenes_lv_terceros_jurado_ot-kY8F-656x369@LaVanguardia-Web-300x169.jpg 300w, https:\/\/www.vivaeurovision.com\/wp-content\/uploads\/2017\/08\/img_jsilvestre_20170828-190856_imagenes_lv_terceros_jurado_ot-kY8F-656x369@LaVanguardia-Web.jpg 656w\" sizes=\"auto, (max-width: 300px) 100vw, 300px\" \/><\/p>\n<p>Ya se van conociendo m\u00e1s detalles del regreso de OT a la parrilla de televisi\u00f3n espa\u00f1ola.<\/p>\n<p>Noem\u00ed Galera ser\u00e1 la directora de la academia, descubridora de los todos los concursantes de Operaci\u00f3n Triunfo, llevando al festival de eurovisi\u00f3n 2002 a ser el programa m\u00e1s visto en la historia de Espa\u00f1a, gracias a la participaci\u00f3n de Rosa L\u00f3pez. En esta ocasi\u00f3n ha estado una vez m\u00e1s recorriendo Espa\u00f1a con el casting al que se han presentado m\u00e1s de 10.000 personas.<\/p>\n<p><img loading=\"lazy\" decoding=\"async\" class=\"alignnone size-medium wp-image-5312\" src=\"http:\/\/www.vivaeurovision.com\/wp-content\/uploads\/2017\/08\/4120939-300x169.jpg\" alt=\"noemi galera\" width=\"300\" height=\"169\" srcset=\"https:\/\/www.vivaeurovision.com\/wp-content\/uploads\/2017\/08\/4120939-300x169.jpg 300w, https:\/\/www.vivaeurovision.com\/wp-content\/uploads\/2017\/08\/4120939-700x394.jpg 700w, https:\/\/www.vivaeurovision.com\/wp-content\/uploads\/2017\/08\/4120939.jpg 1180w\" sizes=\"auto, (max-width: 300px) 100vw, 300px\" \/><\/p>\n<p>Operaci\u00f3n Triunfo regresa a sus or\u00edgenes en TVE, manteniendo la misma esencia pero con un renovado regreso, incluyendo la academia y el plat\u00f3.<\/p>\n<p>Ahora se ha dado a conocer los nombres de jurado que est\u00e1 compuesto por M\u00f3nica Naranjo, Joe P\u00e9rez-Orive y Manuel Martos, el cuarto integrante del jurado ser\u00e1 distinto cada semana, siendo profesionales de la industria musical.<\/p>\n<p>Las tres ediciones de Operaci\u00f3n Triunfo en TVE, han sido decisivas para nuestra representaci\u00f3n en el Festival de Eurovisi\u00f3n, en esta ocasi\u00f3n todav\u00eda se desconoce si finalmente nuestro pr\u00f3ximo representante sea uno de los participantes de Operaci\u00f3n Triunfo. De momento esperamos al estreno de Operaci\u00f3n Triunfo y a que TVE confirme si el talent show estar\u00e1 vinculado con Eurovisi\u00f3n 2018.<\/p>\n<p><img loading=\"lazy\" decoding=\"async\" class=\"alignnone size-medium wp-image-5313\" src=\"http:\/\/www.vivaeurovision.com\/wp-content\/uploads\/2017\/08\/img_jsilvestre_20170721-015958_imagenes_lv_terceros_logo_nuevo-kVcE-U424286463462BqG-992x558@LaVanguardia-Web-300x169.jpg\" alt=\"operacion triunfo 2017\" width=\"300\" height=\"169\" srcset=\"https:\/\/www.vivaeurovision.com\/wp-content\/uploads\/2017\/08\/img_jsilvestre_20170721-015958_imagenes_lv_terceros_logo_nuevo-kVcE-U424286463462BqG-992x558@LaVanguardia-Web-300x169.jpg 300w, https:\/\/www.vivaeurovision.com\/wp-content\/uploads\/2017\/08\/img_jsilvestre_20170721-015958_imagenes_lv_terceros_logo_nuevo-kVcE-U424286463462BqG-992x558@LaVanguardia-Web-700x394.jpg 700w, https:\/\/www.vivaeurovision.com\/wp-content\/uploads\/2017\/08\/img_jsilvestre_20170721-015958_imagenes_lv_terceros_logo_nuevo-kVcE-U424286463462BqG-992x558@LaVanguardia-Web.jpg 992w\" sizes=\"auto, (max-width: 300px) 100vw, 300px\" \/><\/p>\n<p><strong>IMAGENES: \u00a9RTVE<\/strong><\/p>\n<p>&nbsp;<\/p>\n<p><img loading=\"lazy\" decoding=\"async\" class=\"alignnone size-medium wp-image-311\" src=\"http:\/\/www.vivaeurovision.com\/wp-content\/uploads\/2016\/01\/image-21-300x165.jpeg\" alt=\"VIVAEUROVISION.COM\" width=\"300\" height=\"165\" srcset=\"https:\/\/www.vivaeurovision.com\/wp-content\/uploads\/2016\/01\/image-21-300x165.jpeg 300w, https:\/\/www.vivaeurovision.com\/wp-content\/uploads\/2016\/01\/image-21-555x305.jpeg 555w, https:\/\/www.vivaeurovision.com\/wp-content\/uploads\/2016\/01\/image-21.jpeg 669w\" sizes=\"auto, (max-width: 300px) 100vw, 300px\" \/><\/p>\n<p>Twitter\u00a0<strong> <a href=\"https:\/\/twitter.com\/viva_eurovision\" target=\"_blank\" rel=\"noopener noreferrer\">@viva_eurovision<\/a>\u00a0 <a href=\"https:\/\/www.facebook.com\/Vivaeurovisioncom-867806686671081\/?fref=nf\" target=\"_blank\" rel=\"noopener noreferrer\">FACEBOOK OFICIAL VIVA EUROVISION <\/a><\/strong>Instragram <strong>\u00a0<\/strong><a href=\"https:\/\/www.instagram.com\/vivaeurovision\/\" target=\"_blank\" rel=\"noopener noreferrer\"><strong>@vivaeurovision<\/strong><\/a><\/p>\n<p>Redactor: Pedro Palomo <a href=\"https:\/\/twitter.com\/pedropalomobcn?lang=es\"><strong>@pedropalomobcn<\/strong><\/a><strong>\u00a0<\/strong>Instagram <a href=\"https:\/\/www.instagram.com\/pedrobcn\/\" target=\"_blank\" rel=\"noopener noreferrer\"><strong>@pedrobcn<\/strong><\/a><\/p>\n","protected":false},"excerpt":{"rendered":"<p>M\u00f3nica Naranjo, Joe P\u00e9rez-Orive y Manuel Martos, jurado de &#8216;Operaci\u00f3n Triunfo&#8217; 2017 Ya se van conociendo m\u00e1s detalles del regreso de OT a la parrilla de televisi\u00f3n espa\u00f1ola. Noem\u00ed Galera&#46;&#46;&#46;<\/p>\n","protected":false},"author":1,"featured_media":5311,"comment_status":"open","ping_status":"closed","sticky":false,"template":"","format":"standard","meta":{"_exactmetrics_skip_tracking":false,"_exactmetrics_sitenote_active":false,"_exactmetrics_sitenote_note":"","_exactmetrics_sitenote_category":0,"footnotes":""},"categories":[6,1195,2144,4,1188,2,3],"tags":[11,2324,2323,2322,2320,2321,2319,34,862,2083,2087,19,766,18,57],"class_list":["post-5279","post","type-post","status-publish","format-standard","has-post-thumbnail","hentry","category-espana-en-eurovision","category-eurovision-2","category-eurovision-2018","category-eurovision","category-noticia-2","category-noticia","category-ultima-hora","tag-eurovision","tag-gestmusic","tag-joe-perez-orive","tag-manuel-martos","tag-monica-naranjo","tag-monica-naranjo-operacion-triunfo","tag-noemi-galera","tag-noticia","tag-operacion-triunfo","tag-operacion-triunfo-2017","tag-ot-2017","tag-pedro-palomo","tag-pedro-palomo-vivaeurovision","tag-rtve","tag-tve"],"yoast_head":"<!-- This site is optimized with the Yoast SEO plugin v27.5 - https:\/\/yoast.com\/product\/yoast-seo-wordpress\/ -->\n<title>M\u00f3nica Naranjo, Joe P\u00e9rez-Orive y Manuel Martos, jurado de &#039;Operaci\u00f3n Triunfo&#039; 2017 - VIVAEUROVISION viva eurovision<\/title>\n<meta name=\"description\" content=\"ot 2017, operaci\u00f3n triunfo 2017, RTVE, tve. monica naranjo ot 2017, monica naranjo operaci\u00f3n triunfo, noemi galera, eurovisi\u00f3n, vivaeurovision\" \/>\n<meta name=\"robots\" content=\"index, follow, max-snippet:-1, max-image-preview:large, max-video-preview:-1\" \/>\n<link rel=\"canonical\" href=\"https:\/\/www.vivaeurovision.com\/index.php\/2017\/08\/29\/5279-ot-2017\/\" \/>\n<meta property=\"og:locale\" content=\"es_ES\" \/>\n<meta property=\"og:type\" content=\"article\" \/>\n<meta property=\"og:title\" content=\"M\u00f3nica Naranjo, Joe P\u00e9rez-Orive y Manuel Martos, jurado de &#039;Operaci\u00f3n Triunfo&#039; 2017 - VIVAEUROVISION viva eurovision\" \/>\n<meta property=\"og:description\" content=\"ot 2017, operaci\u00f3n triunfo 2017, RTVE, tve. monica naranjo ot 2017, monica naranjo operaci\u00f3n triunfo, noemi galera, eurovisi\u00f3n, vivaeurovision\" \/>\n<meta property=\"og:url\" content=\"https:\/\/www.vivaeurovision.com\/index.php\/2017\/08\/29\/5279-ot-2017\/\" \/>\n<meta property=\"og:site_name\" content=\"VIVAEUROVISION viva eurovision\" \/>\n<meta property=\"article:published_time\" content=\"2017-08-29T19:57:12+00:00\" \/>\n<meta property=\"og:image\" content=\"https:\/\/www.vivaeurovision.com\/wp-content\/uploads\/2017\/08\/img_jsilvestre_20170828-190856_imagenes_lv_terceros_jurado_ot-kY8F-656x369@LaVanguardia-Web.jpg\" \/>\n\t<meta property=\"og:image:width\" content=\"656\" \/>\n\t<meta property=\"og:image:height\" content=\"369\" \/>\n\t<meta property=\"og:image:type\" content=\"image\/jpeg\" \/>\n<meta name=\"author\" content=\"Pedro Palomo\" \/>\n<meta name=\"twitter:card\" content=\"summary_large_image\" \/>\n<meta name=\"twitter:creator\" content=\"@pedropalomobcn\" \/>\n<meta name=\"twitter:label1\" content=\"Escrito por\" \/>\n\t<meta name=\"twitter:data1\" content=\"Pedro Palomo\" \/>\n\t<meta name=\"twitter:label2\" content=\"Tiempo de lectura\" \/>\n\t<meta name=\"twitter:data2\" content=\"1 minuto\" \/>\n<script type=\"application\/ld+json\" class=\"yoast-schema-graph\">{\"@context\":\"https:\\\/\\\/schema.org\",\"@graph\":[{\"@type\":\"Article\",\"@id\":\"https:\\\/\\\/www.vivaeurovision.com\\\/index.php\\\/2017\\\/08\\\/29\\\/5279-ot-2017\\\/#article\",\"isPartOf\":{\"@id\":\"https:\\\/\\\/www.vivaeurovision.com\\\/index.php\\\/2017\\\/08\\\/29\\\/5279-ot-2017\\\/\"},\"author\":{\"name\":\"Pedro Palomo\",\"@id\":\"https:\\\/\\\/www.vivaeurovision.com\\\/#\\\/schema\\\/person\\\/1d31fdaa3f5f7df556f73d164bd3c47a\"},\"headline\":\"M\u00f3nica Naranjo, Joe P\u00e9rez-Orive y Manuel Martos, jurado de &#8216;Operaci\u00f3n Triunfo&#8217; 2017\",\"datePublished\":\"2017-08-29T19:57:12+00:00\",\"mainEntityOfPage\":{\"@id\":\"https:\\\/\\\/www.vivaeurovision.com\\\/index.php\\\/2017\\\/08\\\/29\\\/5279-ot-2017\\\/\"},\"wordCount\":267,\"commentCount\":0,\"publisher\":{\"@id\":\"https:\\\/\\\/www.vivaeurovision.com\\\/#organization\"},\"image\":{\"@id\":\"https:\\\/\\\/www.vivaeurovision.com\\\/index.php\\\/2017\\\/08\\\/29\\\/5279-ot-2017\\\/#primaryimage\"},\"thumbnailUrl\":\"https:\\\/\\\/www.vivaeurovision.com\\\/wp-content\\\/uploads\\\/2017\\\/08\\\/img_jsilvestre_20170828-190856_imagenes_lv_terceros_jurado_ot-kY8F-656x369@LaVanguardia-Web.jpg\",\"keywords\":[\"Eurovision\",\"gestmusic\",\"joe perez orive\",\"manuel martos\",\"monica naranjo\",\"monica naranjo operacion triunfo\",\"noemi galera\",\"Noticia\",\"Operacion triunfo\",\"operacion triunfo 2017\",\"ot 2017\",\"Pedro Palomo\",\"Pedro Palomo Vivaeurovision\",\"RTVE\",\"tve\"],\"articleSection\":[\"Espa\u00f1a en Eurovisi\u00f3n\",\"eurovision\",\"eurovision 2018\",\"Inicio\",\"Noticia\",\"Noticias\",\"Ultima Hora\"],\"inLanguage\":\"es\",\"potentialAction\":[{\"@type\":\"CommentAction\",\"name\":\"Comment\",\"target\":[\"https:\\\/\\\/www.vivaeurovision.com\\\/index.php\\\/2017\\\/08\\\/29\\\/5279-ot-2017\\\/#respond\"]}]},{\"@type\":\"WebPage\",\"@id\":\"https:\\\/\\\/www.vivaeurovision.com\\\/index.php\\\/2017\\\/08\\\/29\\\/5279-ot-2017\\\/\",\"url\":\"https:\\\/\\\/www.vivaeurovision.com\\\/index.php\\\/2017\\\/08\\\/29\\\/5279-ot-2017\\\/\",\"name\":\"M\u00f3nica Naranjo, Joe P\u00e9rez-Orive y Manuel Martos, jurado de 'Operaci\u00f3n Triunfo' 2017 - VIVAEUROVISION viva eurovision\",\"isPartOf\":{\"@id\":\"https:\\\/\\\/www.vivaeurovision.com\\\/#website\"},\"primaryImageOfPage\":{\"@id\":\"https:\\\/\\\/www.vivaeurovision.com\\\/index.php\\\/2017\\\/08\\\/29\\\/5279-ot-2017\\\/#primaryimage\"},\"image\":{\"@id\":\"https:\\\/\\\/www.vivaeurovision.com\\\/index.php\\\/2017\\\/08\\\/29\\\/5279-ot-2017\\\/#primaryimage\"},\"thumbnailUrl\":\"https:\\\/\\\/www.vivaeurovision.com\\\/wp-content\\\/uploads\\\/2017\\\/08\\\/img_jsilvestre_20170828-190856_imagenes_lv_terceros_jurado_ot-kY8F-656x369@LaVanguardia-Web.jpg\",\"datePublished\":\"2017-08-29T19:57:12+00:00\",\"description\":\"ot 2017, operaci\u00f3n triunfo 2017, RTVE, tve. monica naranjo ot 2017, monica naranjo operaci\u00f3n triunfo, noemi galera, eurovisi\u00f3n, vivaeurovision\",\"breadcrumb\":{\"@id\":\"https:\\\/\\\/www.vivaeurovision.com\\\/index.php\\\/2017\\\/08\\\/29\\\/5279-ot-2017\\\/#breadcrumb\"},\"inLanguage\":\"es\",\"potentialAction\":[{\"@type\":\"ReadAction\",\"target\":[\"https:\\\/\\\/www.vivaeurovision.com\\\/index.php\\\/2017\\\/08\\\/29\\\/5279-ot-2017\\\/\"]}]},{\"@type\":\"ImageObject\",\"inLanguage\":\"es\",\"@id\":\"https:\\\/\\\/www.vivaeurovision.com\\\/index.php\\\/2017\\\/08\\\/29\\\/5279-ot-2017\\\/#primaryimage\",\"url\":\"https:\\\/\\\/www.vivaeurovision.com\\\/wp-content\\\/uploads\\\/2017\\\/08\\\/img_jsilvestre_20170828-190856_imagenes_lv_terceros_jurado_ot-kY8F-656x369@LaVanguardia-Web.jpg\",\"contentUrl\":\"https:\\\/\\\/www.vivaeurovision.com\\\/wp-content\\\/uploads\\\/2017\\\/08\\\/img_jsilvestre_20170828-190856_imagenes_lv_terceros_jurado_ot-kY8F-656x369@LaVanguardia-Web.jpg\",\"width\":656,\"height\":369,\"caption\":\"operacion triunfo\"},{\"@type\":\"BreadcrumbList\",\"@id\":\"https:\\\/\\\/www.vivaeurovision.com\\\/index.php\\\/2017\\\/08\\\/29\\\/5279-ot-2017\\\/#breadcrumb\",\"itemListElement\":[{\"@type\":\"ListItem\",\"position\":1,\"name\":\"Portada\",\"item\":\"https:\\\/\\\/www.vivaeurovision.com\\\/\"},{\"@type\":\"ListItem\",\"position\":2,\"name\":\"M\u00f3nica Naranjo, Joe P\u00e9rez-Orive y Manuel Martos, jurado de &#8216;Operaci\u00f3n Triunfo&#8217; 2017\"}]},{\"@type\":\"WebSite\",\"@id\":\"https:\\\/\\\/www.vivaeurovision.com\\\/#website\",\"url\":\"https:\\\/\\\/www.vivaeurovision.com\\\/\",\"name\":\"VIVAEUROVISION viva eurovision\",\"description\":\"Tu portal sobre el Festival de Eurovision, eurovision, eurovisi\u00f3n\",\"publisher\":{\"@id\":\"https:\\\/\\\/www.vivaeurovision.com\\\/#organization\"},\"potentialAction\":[{\"@type\":\"SearchAction\",\"target\":{\"@type\":\"EntryPoint\",\"urlTemplate\":\"https:\\\/\\\/www.vivaeurovision.com\\\/?s={search_term_string}\"},\"query-input\":{\"@type\":\"PropertyValueSpecification\",\"valueRequired\":true,\"valueName\":\"search_term_string\"}}],\"inLanguage\":\"es\"},{\"@type\":\"Organization\",\"@id\":\"https:\\\/\\\/www.vivaeurovision.com\\\/#organization\",\"name\":\"vivaeurovision\",\"url\":\"https:\\\/\\\/www.vivaeurovision.com\\\/\",\"logo\":{\"@type\":\"ImageObject\",\"inLanguage\":\"es\",\"@id\":\"https:\\\/\\\/www.vivaeurovision.com\\\/#\\\/schema\\\/logo\\\/image\\\/\",\"url\":\"https:\\\/\\\/www.vivaeurovision.com\\\/wp-content\\\/uploads\\\/2016\\\/01\\\/cropped-image-21-1.jpeg\",\"contentUrl\":\"https:\\\/\\\/www.vivaeurovision.com\\\/wp-content\\\/uploads\\\/2016\\\/01\\\/cropped-image-21-1.jpeg\",\"width\":669,\"height\":368,\"caption\":\"vivaeurovision\"},\"image\":{\"@id\":\"https:\\\/\\\/www.vivaeurovision.com\\\/#\\\/schema\\\/logo\\\/image\\\/\"}},{\"@type\":\"Person\",\"@id\":\"https:\\\/\\\/www.vivaeurovision.com\\\/#\\\/schema\\\/person\\\/1d31fdaa3f5f7df556f73d164bd3c47a\",\"name\":\"Pedro Palomo\",\"image\":{\"@type\":\"ImageObject\",\"inLanguage\":\"es\",\"@id\":\"https:\\\/\\\/secure.gravatar.com\\\/avatar\\\/4cf9a4877f5f71f44fb7cedbe1bac1bd28bd8ce7a217517d98d5b2117f9f5505?s=96&d=mm&r=g\",\"url\":\"https:\\\/\\\/secure.gravatar.com\\\/avatar\\\/4cf9a4877f5f71f44fb7cedbe1bac1bd28bd8ce7a217517d98d5b2117f9f5505?s=96&d=mm&r=g\",\"contentUrl\":\"https:\\\/\\\/secure.gravatar.com\\\/avatar\\\/4cf9a4877f5f71f44fb7cedbe1bac1bd28bd8ce7a217517d98d5b2117f9f5505?s=96&d=mm&r=g\",\"caption\":\"Pedro Palomo\"},\"sameAs\":[\"http:\\\/\\\/www.vivaeurovision.com\",\"@pedrobcn\",\"https:\\\/\\\/x.com\\\/@pedropalomobcn\"]}]}<\/script>\n<!-- \/ Yoast SEO plugin. -->","yoast_head_json":{"title":"M\u00f3nica Naranjo, Joe P\u00e9rez-Orive y Manuel Martos, jurado de 'Operaci\u00f3n Triunfo' 2017 - VIVAEUROVISION viva eurovision","description":"ot 2017, operaci\u00f3n triunfo 2017, RTVE, tve. monica naranjo ot 2017, monica naranjo operaci\u00f3n triunfo, noemi galera, eurovisi\u00f3n, vivaeurovision","robots":{"index":"index","follow":"follow","max-snippet":"max-snippet:-1","max-image-preview":"max-image-preview:large","max-video-preview":"max-video-preview:-1"},"canonical":"https:\/\/www.vivaeurovision.com\/index.php\/2017\/08\/29\/5279-ot-2017\/","og_locale":"es_ES","og_type":"article","og_title":"M\u00f3nica Naranjo, Joe P\u00e9rez-Orive y Manuel Martos, jurado de 'Operaci\u00f3n Triunfo' 2017 - VIVAEUROVISION viva eurovision","og_description":"ot 2017, operaci\u00f3n triunfo 2017, RTVE, tve. monica naranjo ot 2017, monica naranjo operaci\u00f3n triunfo, noemi galera, eurovisi\u00f3n, vivaeurovision","og_url":"https:\/\/www.vivaeurovision.com\/index.php\/2017\/08\/29\/5279-ot-2017\/","og_site_name":"VIVAEUROVISION viva eurovision","article_published_time":"2017-08-29T19:57:12+00:00","og_image":[{"width":656,"height":369,"url":"https:\/\/www.vivaeurovision.com\/wp-content\/uploads\/2017\/08\/img_jsilvestre_20170828-190856_imagenes_lv_terceros_jurado_ot-kY8F-656x369@LaVanguardia-Web.jpg","type":"image\/jpeg"}],"author":"Pedro Palomo","twitter_card":"summary_large_image","twitter_creator":"@pedropalomobcn","twitter_misc":{"Escrito por":"Pedro Palomo","Tiempo de lectura":"1 minuto"},"schema":{"@context":"https:\/\/schema.org","@graph":[{"@type":"Article","@id":"https:\/\/www.vivaeurovision.com\/index.php\/2017\/08\/29\/5279-ot-2017\/#article","isPartOf":{"@id":"https:\/\/www.vivaeurovision.com\/index.php\/2017\/08\/29\/5279-ot-2017\/"},"author":{"name":"Pedro Palomo","@id":"https:\/\/www.vivaeurovision.com\/#\/schema\/person\/1d31fdaa3f5f7df556f73d164bd3c47a"},"headline":"M\u00f3nica Naranjo, Joe P\u00e9rez-Orive y Manuel Martos, jurado de &#8216;Operaci\u00f3n Triunfo&#8217; 2017","datePublished":"2017-08-29T19:57:12+00:00","mainEntityOfPage":{"@id":"https:\/\/www.vivaeurovision.com\/index.php\/2017\/08\/29\/5279-ot-2017\/"},"wordCount":267,"commentCount":0,"publisher":{"@id":"https:\/\/www.vivaeurovision.com\/#organization"},"image":{"@id":"https:\/\/www.vivaeurovision.com\/index.php\/2017\/08\/29\/5279-ot-2017\/#primaryimage"},"thumbnailUrl":"https:\/\/www.vivaeurovision.com\/wp-content\/uploads\/2017\/08\/img_jsilvestre_20170828-190856_imagenes_lv_terceros_jurado_ot-kY8F-656x369@LaVanguardia-Web.jpg","keywords":["Eurovision","gestmusic","joe perez orive","manuel martos","monica naranjo","monica naranjo operacion triunfo","noemi galera","Noticia","Operacion triunfo","operacion triunfo 2017","ot 2017","Pedro Palomo","Pedro Palomo Vivaeurovision","RTVE","tve"],"articleSection":["Espa\u00f1a en Eurovisi\u00f3n","eurovision","eurovision 2018","Inicio","Noticia","Noticias","Ultima Hora"],"inLanguage":"es","potentialAction":[{"@type":"CommentAction","name":"Comment","target":["https:\/\/www.vivaeurovision.com\/index.php\/2017\/08\/29\/5279-ot-2017\/#respond"]}]},{"@type":"WebPage","@id":"https:\/\/www.vivaeurovision.com\/index.php\/2017\/08\/29\/5279-ot-2017\/","url":"https:\/\/www.vivaeurovision.com\/index.php\/2017\/08\/29\/5279-ot-2017\/","name":"M\u00f3nica Naranjo, Joe P\u00e9rez-Orive y Manuel Martos, jurado de 'Operaci\u00f3n Triunfo' 2017 - VIVAEUROVISION viva eurovision","isPartOf":{"@id":"https:\/\/www.vivaeurovision.com\/#website"},"primaryImageOfPage":{"@id":"https:\/\/www.vivaeurovision.com\/index.php\/2017\/08\/29\/5279-ot-2017\/#primaryimage"},"image":{"@id":"https:\/\/www.vivaeurovision.com\/index.php\/2017\/08\/29\/5279-ot-2017\/#primaryimage"},"thumbnailUrl":"https:\/\/www.vivaeurovision.com\/wp-content\/uploads\/2017\/08\/img_jsilvestre_20170828-190856_imagenes_lv_terceros_jurado_ot-kY8F-656x369@LaVanguardia-Web.jpg","datePublished":"2017-08-29T19:57:12+00:00","description":"ot 2017, operaci\u00f3n triunfo 2017, RTVE, tve. monica naranjo ot 2017, monica naranjo operaci\u00f3n triunfo, noemi galera, eurovisi\u00f3n, vivaeurovision","breadcrumb":{"@id":"https:\/\/www.vivaeurovision.com\/index.php\/2017\/08\/29\/5279-ot-2017\/#breadcrumb"},"inLanguage":"es","potentialAction":[{"@type":"ReadAction","target":["https:\/\/www.vivaeurovision.com\/index.php\/2017\/08\/29\/5279-ot-2017\/"]}]},{"@type":"ImageObject","inLanguage":"es","@id":"https:\/\/www.vivaeurovision.com\/index.php\/2017\/08\/29\/5279-ot-2017\/#primaryimage","url":"https:\/\/www.vivaeurovision.com\/wp-content\/uploads\/2017\/08\/img_jsilvestre_20170828-190856_imagenes_lv_terceros_jurado_ot-kY8F-656x369@LaVanguardia-Web.jpg","contentUrl":"https:\/\/www.vivaeurovision.com\/wp-content\/uploads\/2017\/08\/img_jsilvestre_20170828-190856_imagenes_lv_terceros_jurado_ot-kY8F-656x369@LaVanguardia-Web.jpg","width":656,"height":369,"caption":"operacion triunfo"},{"@type":"BreadcrumbList","@id":"https:\/\/www.vivaeurovision.com\/index.php\/2017\/08\/29\/5279-ot-2017\/#breadcrumb","itemListElement":[{"@type":"ListItem","position":1,"name":"Portada","item":"https:\/\/www.vivaeurovision.com\/"},{"@type":"ListItem","position":2,"name":"M\u00f3nica Naranjo, Joe P\u00e9rez-Orive y Manuel Martos, jurado de &#8216;Operaci\u00f3n Triunfo&#8217; 2017"}]},{"@type":"WebSite","@id":"https:\/\/www.vivaeurovision.com\/#website","url":"https:\/\/www.vivaeurovision.com\/","name":"VIVAEUROVISION viva eurovision","description":"Tu portal sobre el Festival de Eurovision, eurovision, eurovisi\u00f3n","publisher":{"@id":"https:\/\/www.vivaeurovision.com\/#organization"},"potentialAction":[{"@type":"SearchAction","target":{"@type":"EntryPoint","urlTemplate":"https:\/\/www.vivaeurovision.com\/?s={search_term_string}"},"query-input":{"@type":"PropertyValueSpecification","valueRequired":true,"valueName":"search_term_string"}}],"inLanguage":"es"},{"@type":"Organization","@id":"https:\/\/www.vivaeurovision.com\/#organization","name":"vivaeurovision","url":"https:\/\/www.vivaeurovision.com\/","logo":{"@type":"ImageObject","inLanguage":"es","@id":"https:\/\/www.vivaeurovision.com\/#\/schema\/logo\/image\/","url":"https:\/\/www.vivaeurovision.com\/wp-content\/uploads\/2016\/01\/cropped-image-21-1.jpeg","contentUrl":"https:\/\/www.vivaeurovision.com\/wp-content\/uploads\/2016\/01\/cropped-image-21-1.jpeg","width":669,"height":368,"caption":"vivaeurovision"},"image":{"@id":"https:\/\/www.vivaeurovision.com\/#\/schema\/logo\/image\/"}},{"@type":"Person","@id":"https:\/\/www.vivaeurovision.com\/#\/schema\/person\/1d31fdaa3f5f7df556f73d164bd3c47a","name":"Pedro Palomo","image":{"@type":"ImageObject","inLanguage":"es","@id":"https:\/\/secure.gravatar.com\/avatar\/4cf9a4877f5f71f44fb7cedbe1bac1bd28bd8ce7a217517d98d5b2117f9f5505?s=96&d=mm&r=g","url":"https:\/\/secure.gravatar.com\/avatar\/4cf9a4877f5f71f44fb7cedbe1bac1bd28bd8ce7a217517d98d5b2117f9f5505?s=96&d=mm&r=g","contentUrl":"https:\/\/secure.gravatar.com\/avatar\/4cf9a4877f5f71f44fb7cedbe1bac1bd28bd8ce7a217517d98d5b2117f9f5505?s=96&d=mm&r=g","caption":"Pedro Palomo"},"sameAs":["http:\/\/www.vivaeurovision.com","@pedrobcn","https:\/\/x.com\/@pedropalomobcn"]}]}},"_links":{"self":[{"href":"https:\/\/www.vivaeurovision.com\/index.php\/wp-json\/wp\/v2\/posts\/5279","targetHints":{"allow":["GET"]}}],"collection":[{"href":"https:\/\/www.vivaeurovision.com\/index.php\/wp-json\/wp\/v2\/posts"}],"about":[{"href":"https:\/\/www.vivaeurovision.com\/index.php\/wp-json\/wp\/v2\/types\/post"}],"author":[{"embeddable":true,"href":"https:\/\/www.vivaeurovision.com\/index.php\/wp-json\/wp\/v2\/users\/1"}],"replies":[{"embeddable":true,"href":"https:\/\/www.vivaeurovision.com\/index.php\/wp-json\/wp\/v2\/comments?post=5279"}],"version-history":[{"count":2,"href":"https:\/\/www.vivaeurovision.com\/index.php\/wp-json\/wp\/v2\/posts\/5279\/revisions"}],"predecessor-version":[{"id":5314,"href":"https:\/\/www.vivaeurovision.com\/index.php\/wp-json\/wp\/v2\/posts\/5279\/revisions\/5314"}],"wp:featuredmedia":[{"embeddable":true,"href":"https:\/\/www.vivaeurovision.com\/index.php\/wp-json\/wp\/v2\/media\/5311"}],"wp:attachment":[{"href":"https:\/\/www.vivaeurovision.com\/index.php\/wp-json\/wp\/v2\/media?parent=5279"}],"wp:term":[{"taxonomy":"category","embeddable":true,"href":"https:\/\/www.vivaeurovision.com\/index.php\/wp-json\/wp\/v2\/categories?post=5279"},{"taxonomy":"post_tag","embeddable":true,"href":"https:\/\/www.vivaeurovision.com\/index.php\/wp-json\/wp\/v2\/tags?post=5279"}],"curies":[{"name":"wp","href":"https:\/\/api.w.org\/{rel}","templated":true}]}}