{"id":5299,"date":"2017-08-29T19:15:11","date_gmt":"2017-08-29T19:15:11","guid":{"rendered":"http:\/\/www.vivaeurovision.com\/?p=5299"},"modified":"2017-08-29T19:18:20","modified_gmt":"2017-08-29T19:18:20","slug":"5299-eurovision","status":"publish","type":"post","link":"https:\/\/www.vivaeurovision.com\/index.php\/2017\/08\/29\/5299-eurovision\/","title":{"rendered":"L\u00facia P\u00e9rez ( Eurovisi\u00f3n 2011 ) estar\u00e1 presente en el XII congreso de Ogae Espa\u00f1a"},"content":{"rendered":"<h2>L\u00facia P\u00e9rez estar\u00e1 presente en el XII congreso de Ogae Espa\u00f1a, que se celebra el pr\u00f3ximo 7 de octubre en Madrid.<\/h2>\n<p>L\u00facia P\u00e9rez, naci\u00f3 el 5 de Julio de 1985 en O Inicio, en la provincia gallega de Lugo.<\/p>\n<p>En Febrero de 2011, tras un riguroso proceso de preselecci\u00f3n es elegida con el 68% de los votos como representante de Espa\u00f1a en el Festival de Eurovisi\u00f3n, con la canci\u00f3n \u201cQue me quiten lo bailao\u201d. Esta circunstancia la lleva a publicar un disco recopilatorio llamado \u201cCruzo los dedos\u201d en el que se incluyen sus mayores \u00e9xitos.<\/p>\n<p>Con 6 discos\u00a0en\u00a0el mercado\u00a0con \u00e9xito en Espa\u00f1a y pa\u00edses como Chile o Argentina entre otros,\u00a0avalan a\u00a0Luc\u00eda P\u00e9rez como una de las artistas gallegas con mas \u00e9xito internacional, adem\u00e1s de participar en el exitoso programa de la televisi\u00f3n gallega\u00a0\u00abLuar\u00bb<\/p>\n<p>En el Festival de Eurovisi\u00f3n 2011 Luc\u00eda P\u00e9rez qued\u00f3 en el puesto 23 con 50 puntos y el apoyo de 10 pa\u00edses.<\/p>\n<p><strong>Aqu\u00ed ten\u00e9is la entrevista, que L\u00facia concedi\u00f3 a VIVAEUROVISION en 2016, donde habla claramente sobre su paso por el Festival y si repetir\u00eda experiencia eurovisiva.<\/strong><br \/>\n<iframe loading=\"lazy\" src=\"https:\/\/www.youtube.com\/embed\/ajQ4upOGrIg\" width=\"560\" height=\"315\" frameborder=\"0\" allowfullscreen=\"allowfullscreen\"><\/iframe><\/p>\n<p><strong>Toda la informaci\u00f3n sobre el XII congreso de OGAE SPAIN la ten\u00e9is en el siguiente enlace.<\/strong><\/p>\n<p><strong><a href=\"http:\/\/www.ogaespain.com\/xii-congreso-ogae-espana\/\" target=\"_blank\" rel=\"noopener\">http:\/\/www.ogaespain.com\/xii-congreso-ogae-espana\/<\/a><\/strong><\/p>\n<p>&nbsp;<\/p>\n<p><img loading=\"lazy\" decoding=\"async\" class=\"alignnone size-medium wp-image-311\" src=\"http:\/\/www.vivaeurovision.com\/wp-content\/uploads\/2016\/01\/image-21-300x165.jpeg\" alt=\"VIVAEUROVISION.COM\" width=\"300\" height=\"165\" srcset=\"https:\/\/www.vivaeurovision.com\/wp-content\/uploads\/2016\/01\/image-21-300x165.jpeg 300w, https:\/\/www.vivaeurovision.com\/wp-content\/uploads\/2016\/01\/image-21-555x305.jpeg 555w, https:\/\/www.vivaeurovision.com\/wp-content\/uploads\/2016\/01\/image-21.jpeg 669w\" sizes=\"auto, (max-width: 300px) 100vw, 300px\" \/><\/p>\n<p>Twitter\u00a0<strong> <a href=\"https:\/\/twitter.com\/viva_eurovision\" target=\"_blank\" rel=\"noopener noreferrer\">@viva_eurovision<\/a>\u00a0 <a href=\"https:\/\/www.facebook.com\/Vivaeurovisioncom-867806686671081\/?fref=nf\" target=\"_blank\" rel=\"noopener noreferrer\">FACEBOOK OFICIAL VIVA EUROVISION <\/a><\/strong>Instragram <strong>\u00a0<\/strong><a href=\"https:\/\/www.instagram.com\/vivaeurovision\/\" target=\"_blank\" rel=\"noopener noreferrer\"><strong>@vivaeurovision<\/strong><\/a><\/p>\n<p>Redactor: Pedro Palomo <a href=\"https:\/\/twitter.com\/pedropalomobcn?lang=es\"><strong>@pedropalomobcn<\/strong><\/a><strong>\u00a0<\/strong>Instagram <a href=\"https:\/\/www.instagram.com\/pedrobcn\/\" target=\"_blank\" rel=\"noopener noreferrer\"><strong>@pedrobcn<\/strong><\/a><\/p>\n<p>&nbsp;<\/p>\n","protected":false},"excerpt":{"rendered":"<p>L\u00facia P\u00e9rez estar\u00e1 presente en el XII congreso de Ogae Espa\u00f1a, que se celebra el pr\u00f3ximo 7 de octubre en Madrid. L\u00facia P\u00e9rez, naci\u00f3 el 5 de Julio de 1985&#46;&#46;&#46;<\/p>\n","protected":false},"author":1,"featured_media":2346,"comment_status":"open","ping_status":"closed","sticky":false,"template":"","format":"standard","meta":{"_exactmetrics_skip_tracking":false,"_exactmetrics_sitenote_active":false,"_exactmetrics_sitenote_note":"","_exactmetrics_sitenote_category":0,"footnotes":""},"categories":[6,1195,4,1188,2,25],"tags":[2316,2317,898,17,2318,11,892,1450,1476,1096,891,2315,888,890,889,34,1613,19,20,766,23,22],"class_list":["post-5299","post","type-post","status-publish","format-standard","has-post-thumbnail","hentry","category-espana-en-eurovision","category-eurovision-2","category-eurovision","category-noticia-2","category-noticia","category-webs-amigas","tag-congreo-ogae-espana","tag-congreso-ogae-espana-2017","tag-entrevista-lucia-perez","tag-esc","tag-esc2011","tag-eurovision","tag-eurovision-2011","tag-eurovision-espana","tag-eurovision-song-contest","tag-festival-de-eurovision","tag-lucia-perez","tag-lucia-perez-congreso-ogae","tag-lucia-perez-eurovision","tag-lucia-perez-eurovision-2011","tag-lucia-perez-que-me-quiten-lo-bailao","tag-noticia","tag-ogae","tag-pedro-palomo","tag-pedro-palomo-eurovision","tag-pedro-palomo-vivaeurovision","tag-viva-eurovision","tag-vivaeurovision"],"yoast_head":"<!-- This site is optimized with the Yoast SEO plugin v27.5 - https:\/\/yoast.com\/product\/yoast-seo-wordpress\/ -->\n<title>L\u00facia P\u00e9rez ( Eurovisi\u00f3n 2011 ) estar\u00e1 presente en el XII congreso de Ogae Espa\u00f1a - VIVAEUROVISION viva eurovision<\/title>\n<meta name=\"description\" content=\"eurovision, lucia perez eurovision, congreso ogae Espa\u00f1a, eurovisi\u00f3n, vivaeurovision, festival de eurovision, eurovision 2018\" \/>\n<meta name=\"robots\" content=\"index, follow, max-snippet:-1, max-image-preview:large, max-video-preview:-1\" \/>\n<link rel=\"canonical\" href=\"https:\/\/www.vivaeurovision.com\/index.php\/2017\/08\/29\/5299-eurovision\/\" \/>\n<meta property=\"og:locale\" content=\"es_ES\" \/>\n<meta property=\"og:type\" content=\"article\" \/>\n<meta property=\"og:title\" content=\"L\u00facia P\u00e9rez ( Eurovisi\u00f3n 2011 ) estar\u00e1 presente en el XII congreso de Ogae Espa\u00f1a - VIVAEUROVISION viva eurovision\" \/>\n<meta property=\"og:description\" content=\"eurovision, lucia perez eurovision, congreso ogae Espa\u00f1a, eurovisi\u00f3n, vivaeurovision, festival de eurovision, eurovision 2018\" \/>\n<meta property=\"og:url\" content=\"https:\/\/www.vivaeurovision.com\/index.php\/2017\/08\/29\/5299-eurovision\/\" \/>\n<meta property=\"og:site_name\" content=\"VIVAEUROVISION viva eurovision\" \/>\n<meta property=\"article:published_time\" content=\"2017-08-29T19:15:11+00:00\" \/>\n<meta property=\"article:modified_time\" content=\"2017-08-29T19:18:20+00:00\" \/>\n<meta property=\"og:image\" content=\"https:\/\/www.vivaeurovision.com\/wp-content\/uploads\/2016\/06\/AFVR9789.jpg\" \/>\n\t<meta property=\"og:image:width\" content=\"3264\" \/>\n\t<meta property=\"og:image:height\" content=\"2264\" \/>\n\t<meta property=\"og:image:type\" content=\"image\/jpeg\" \/>\n<meta name=\"author\" content=\"Pedro Palomo\" \/>\n<meta name=\"twitter:card\" content=\"summary_large_image\" \/>\n<meta name=\"twitter:creator\" content=\"@pedropalomobcn\" \/>\n<meta name=\"twitter:label1\" content=\"Escrito por\" \/>\n\t<meta name=\"twitter:data1\" content=\"Pedro Palomo\" \/>\n\t<meta name=\"twitter:label2\" content=\"Tiempo de lectura\" \/>\n\t<meta name=\"twitter:data2\" content=\"1 minuto\" \/>\n<script type=\"application\/ld+json\" class=\"yoast-schema-graph\">{\"@context\":\"https:\\\/\\\/schema.org\",\"@graph\":[{\"@type\":\"Article\",\"@id\":\"https:\\\/\\\/www.vivaeurovision.com\\\/index.php\\\/2017\\\/08\\\/29\\\/5299-eurovision\\\/#article\",\"isPartOf\":{\"@id\":\"https:\\\/\\\/www.vivaeurovision.com\\\/index.php\\\/2017\\\/08\\\/29\\\/5299-eurovision\\\/\"},\"author\":{\"name\":\"Pedro Palomo\",\"@id\":\"https:\\\/\\\/www.vivaeurovision.com\\\/#\\\/schema\\\/person\\\/1d31fdaa3f5f7df556f73d164bd3c47a\"},\"headline\":\"L\u00facia P\u00e9rez ( Eurovisi\u00f3n 2011 ) estar\u00e1 presente en el XII congreso de Ogae Espa\u00f1a\",\"datePublished\":\"2017-08-29T19:15:11+00:00\",\"dateModified\":\"2017-08-29T19:18:20+00:00\",\"mainEntityOfPage\":{\"@id\":\"https:\\\/\\\/www.vivaeurovision.com\\\/index.php\\\/2017\\\/08\\\/29\\\/5299-eurovision\\\/\"},\"wordCount\":254,\"commentCount\":0,\"publisher\":{\"@id\":\"https:\\\/\\\/www.vivaeurovision.com\\\/#organization\"},\"image\":{\"@id\":\"https:\\\/\\\/www.vivaeurovision.com\\\/index.php\\\/2017\\\/08\\\/29\\\/5299-eurovision\\\/#primaryimage\"},\"thumbnailUrl\":\"https:\\\/\\\/www.vivaeurovision.com\\\/wp-content\\\/uploads\\\/2016\\\/06\\\/AFVR9789.jpg\",\"keywords\":[\"congreo ogae espa\u00f1a\",\"congreso ogae espa\u00f1a 2017\",\"Entrevista Luc\u00eda P\u00e9rez\",\"ESC\",\"esc2011\",\"Eurovision\",\"Eurovision 2011\",\"eurovision espa\u00f1a\",\"eurovision song contest\",\"Festival de Eurovisi\u00f3n\",\"Luc\u00eda P\u00e9rez\",\"l\u00facia p\u00e9rez congreso ogae\",\"Luc\u00eda P\u00e9rez Eurovisi\u00f3n\",\"Luc\u00eda P\u00e9rez Eurovision 2011\",\"Luc\u00eda P\u00e9rez Que me quiten lo bailao\",\"Noticia\",\"ogae\",\"Pedro Palomo\",\"Pedro Palomo Eurovision\",\"Pedro Palomo Vivaeurovision\",\"viva eurovision\",\"vivaeurovision\"],\"articleSection\":[\"Espa\u00f1a en Eurovisi\u00f3n\",\"eurovision\",\"Inicio\",\"Noticia\",\"Noticias\",\"Webs Amigas\"],\"inLanguage\":\"es\",\"potentialAction\":[{\"@type\":\"CommentAction\",\"name\":\"Comment\",\"target\":[\"https:\\\/\\\/www.vivaeurovision.com\\\/index.php\\\/2017\\\/08\\\/29\\\/5299-eurovision\\\/#respond\"]}]},{\"@type\":\"WebPage\",\"@id\":\"https:\\\/\\\/www.vivaeurovision.com\\\/index.php\\\/2017\\\/08\\\/29\\\/5299-eurovision\\\/\",\"url\":\"https:\\\/\\\/www.vivaeurovision.com\\\/index.php\\\/2017\\\/08\\\/29\\\/5299-eurovision\\\/\",\"name\":\"L\u00facia P\u00e9rez ( Eurovisi\u00f3n 2011 ) estar\u00e1 presente en el XII congreso de Ogae Espa\u00f1a - VIVAEUROVISION viva eurovision\",\"isPartOf\":{\"@id\":\"https:\\\/\\\/www.vivaeurovision.com\\\/#website\"},\"primaryImageOfPage\":{\"@id\":\"https:\\\/\\\/www.vivaeurovision.com\\\/index.php\\\/2017\\\/08\\\/29\\\/5299-eurovision\\\/#primaryimage\"},\"image\":{\"@id\":\"https:\\\/\\\/www.vivaeurovision.com\\\/index.php\\\/2017\\\/08\\\/29\\\/5299-eurovision\\\/#primaryimage\"},\"thumbnailUrl\":\"https:\\\/\\\/www.vivaeurovision.com\\\/wp-content\\\/uploads\\\/2016\\\/06\\\/AFVR9789.jpg\",\"datePublished\":\"2017-08-29T19:15:11+00:00\",\"dateModified\":\"2017-08-29T19:18:20+00:00\",\"description\":\"eurovision, lucia perez eurovision, congreso ogae Espa\u00f1a, eurovisi\u00f3n, vivaeurovision, festival de eurovision, eurovision 2018\",\"breadcrumb\":{\"@id\":\"https:\\\/\\\/www.vivaeurovision.com\\\/index.php\\\/2017\\\/08\\\/29\\\/5299-eurovision\\\/#breadcrumb\"},\"inLanguage\":\"es\",\"potentialAction\":[{\"@type\":\"ReadAction\",\"target\":[\"https:\\\/\\\/www.vivaeurovision.com\\\/index.php\\\/2017\\\/08\\\/29\\\/5299-eurovision\\\/\"]}]},{\"@type\":\"ImageObject\",\"inLanguage\":\"es\",\"@id\":\"https:\\\/\\\/www.vivaeurovision.com\\\/index.php\\\/2017\\\/08\\\/29\\\/5299-eurovision\\\/#primaryimage\",\"url\":\"https:\\\/\\\/www.vivaeurovision.com\\\/wp-content\\\/uploads\\\/2016\\\/06\\\/AFVR9789.jpg\",\"contentUrl\":\"https:\\\/\\\/www.vivaeurovision.com\\\/wp-content\\\/uploads\\\/2016\\\/06\\\/AFVR9789.jpg\",\"width\":3264,\"height\":2264,\"caption\":\"vivaeurovision\"},{\"@type\":\"BreadcrumbList\",\"@id\":\"https:\\\/\\\/www.vivaeurovision.com\\\/index.php\\\/2017\\\/08\\\/29\\\/5299-eurovision\\\/#breadcrumb\",\"itemListElement\":[{\"@type\":\"ListItem\",\"position\":1,\"name\":\"Portada\",\"item\":\"https:\\\/\\\/www.vivaeurovision.com\\\/\"},{\"@type\":\"ListItem\",\"position\":2,\"name\":\"L\u00facia P\u00e9rez ( Eurovisi\u00f3n 2011 ) estar\u00e1 presente en el XII congreso de Ogae Espa\u00f1a\"}]},{\"@type\":\"WebSite\",\"@id\":\"https:\\\/\\\/www.vivaeurovision.com\\\/#website\",\"url\":\"https:\\\/\\\/www.vivaeurovision.com\\\/\",\"name\":\"VIVAEUROVISION viva eurovision\",\"description\":\"Tu portal sobre el Festival de Eurovision, eurovision, eurovisi\u00f3n\",\"publisher\":{\"@id\":\"https:\\\/\\\/www.vivaeurovision.com\\\/#organization\"},\"potentialAction\":[{\"@type\":\"SearchAction\",\"target\":{\"@type\":\"EntryPoint\",\"urlTemplate\":\"https:\\\/\\\/www.vivaeurovision.com\\\/?s={search_term_string}\"},\"query-input\":{\"@type\":\"PropertyValueSpecification\",\"valueRequired\":true,\"valueName\":\"search_term_string\"}}],\"inLanguage\":\"es\"},{\"@type\":\"Organization\",\"@id\":\"https:\\\/\\\/www.vivaeurovision.com\\\/#organization\",\"name\":\"vivaeurovision\",\"url\":\"https:\\\/\\\/www.vivaeurovision.com\\\/\",\"logo\":{\"@type\":\"ImageObject\",\"inLanguage\":\"es\",\"@id\":\"https:\\\/\\\/www.vivaeurovision.com\\\/#\\\/schema\\\/logo\\\/image\\\/\",\"url\":\"https:\\\/\\\/www.vivaeurovision.com\\\/wp-content\\\/uploads\\\/2016\\\/01\\\/cropped-image-21-1.jpeg\",\"contentUrl\":\"https:\\\/\\\/www.vivaeurovision.com\\\/wp-content\\\/uploads\\\/2016\\\/01\\\/cropped-image-21-1.jpeg\",\"width\":669,\"height\":368,\"caption\":\"vivaeurovision\"},\"image\":{\"@id\":\"https:\\\/\\\/www.vivaeurovision.com\\\/#\\\/schema\\\/logo\\\/image\\\/\"}},{\"@type\":\"Person\",\"@id\":\"https:\\\/\\\/www.vivaeurovision.com\\\/#\\\/schema\\\/person\\\/1d31fdaa3f5f7df556f73d164bd3c47a\",\"name\":\"Pedro Palomo\",\"image\":{\"@type\":\"ImageObject\",\"inLanguage\":\"es\",\"@id\":\"https:\\\/\\\/secure.gravatar.com\\\/avatar\\\/4cf9a4877f5f71f44fb7cedbe1bac1bd28bd8ce7a217517d98d5b2117f9f5505?s=96&d=mm&r=g\",\"url\":\"https:\\\/\\\/secure.gravatar.com\\\/avatar\\\/4cf9a4877f5f71f44fb7cedbe1bac1bd28bd8ce7a217517d98d5b2117f9f5505?s=96&d=mm&r=g\",\"contentUrl\":\"https:\\\/\\\/secure.gravatar.com\\\/avatar\\\/4cf9a4877f5f71f44fb7cedbe1bac1bd28bd8ce7a217517d98d5b2117f9f5505?s=96&d=mm&r=g\",\"caption\":\"Pedro Palomo\"},\"sameAs\":[\"http:\\\/\\\/www.vivaeurovision.com\",\"@pedrobcn\",\"https:\\\/\\\/x.com\\\/@pedropalomobcn\"]}]}<\/script>\n<!-- \/ Yoast SEO plugin. -->","yoast_head_json":{"title":"L\u00facia P\u00e9rez ( Eurovisi\u00f3n 2011 ) estar\u00e1 presente en el XII congreso de Ogae Espa\u00f1a - VIVAEUROVISION viva eurovision","description":"eurovision, lucia perez eurovision, congreso ogae Espa\u00f1a, eurovisi\u00f3n, vivaeurovision, festival de eurovision, eurovision 2018","robots":{"index":"index","follow":"follow","max-snippet":"max-snippet:-1","max-image-preview":"max-image-preview:large","max-video-preview":"max-video-preview:-1"},"canonical":"https:\/\/www.vivaeurovision.com\/index.php\/2017\/08\/29\/5299-eurovision\/","og_locale":"es_ES","og_type":"article","og_title":"L\u00facia P\u00e9rez ( Eurovisi\u00f3n 2011 ) estar\u00e1 presente en el XII congreso de Ogae Espa\u00f1a - VIVAEUROVISION viva eurovision","og_description":"eurovision, lucia perez eurovision, congreso ogae Espa\u00f1a, eurovisi\u00f3n, vivaeurovision, festival de eurovision, eurovision 2018","og_url":"https:\/\/www.vivaeurovision.com\/index.php\/2017\/08\/29\/5299-eurovision\/","og_site_name":"VIVAEUROVISION viva eurovision","article_published_time":"2017-08-29T19:15:11+00:00","article_modified_time":"2017-08-29T19:18:20+00:00","og_image":[{"width":3264,"height":2264,"url":"https:\/\/www.vivaeurovision.com\/wp-content\/uploads\/2016\/06\/AFVR9789.jpg","type":"image\/jpeg"}],"author":"Pedro Palomo","twitter_card":"summary_large_image","twitter_creator":"@pedropalomobcn","twitter_misc":{"Escrito por":"Pedro Palomo","Tiempo de lectura":"1 minuto"},"schema":{"@context":"https:\/\/schema.org","@graph":[{"@type":"Article","@id":"https:\/\/www.vivaeurovision.com\/index.php\/2017\/08\/29\/5299-eurovision\/#article","isPartOf":{"@id":"https:\/\/www.vivaeurovision.com\/index.php\/2017\/08\/29\/5299-eurovision\/"},"author":{"name":"Pedro Palomo","@id":"https:\/\/www.vivaeurovision.com\/#\/schema\/person\/1d31fdaa3f5f7df556f73d164bd3c47a"},"headline":"L\u00facia P\u00e9rez ( Eurovisi\u00f3n 2011 ) estar\u00e1 presente en el XII congreso de Ogae Espa\u00f1a","datePublished":"2017-08-29T19:15:11+00:00","dateModified":"2017-08-29T19:18:20+00:00","mainEntityOfPage":{"@id":"https:\/\/www.vivaeurovision.com\/index.php\/2017\/08\/29\/5299-eurovision\/"},"wordCount":254,"commentCount":0,"publisher":{"@id":"https:\/\/www.vivaeurovision.com\/#organization"},"image":{"@id":"https:\/\/www.vivaeurovision.com\/index.php\/2017\/08\/29\/5299-eurovision\/#primaryimage"},"thumbnailUrl":"https:\/\/www.vivaeurovision.com\/wp-content\/uploads\/2016\/06\/AFVR9789.jpg","keywords":["congreo ogae espa\u00f1a","congreso ogae espa\u00f1a 2017","Entrevista Luc\u00eda P\u00e9rez","ESC","esc2011","Eurovision","Eurovision 2011","eurovision espa\u00f1a","eurovision song contest","Festival de Eurovisi\u00f3n","Luc\u00eda P\u00e9rez","l\u00facia p\u00e9rez congreso ogae","Luc\u00eda P\u00e9rez Eurovisi\u00f3n","Luc\u00eda P\u00e9rez Eurovision 2011","Luc\u00eda P\u00e9rez Que me quiten lo bailao","Noticia","ogae","Pedro Palomo","Pedro Palomo Eurovision","Pedro Palomo Vivaeurovision","viva eurovision","vivaeurovision"],"articleSection":["Espa\u00f1a en Eurovisi\u00f3n","eurovision","Inicio","Noticia","Noticias","Webs Amigas"],"inLanguage":"es","potentialAction":[{"@type":"CommentAction","name":"Comment","target":["https:\/\/www.vivaeurovision.com\/index.php\/2017\/08\/29\/5299-eurovision\/#respond"]}]},{"@type":"WebPage","@id":"https:\/\/www.vivaeurovision.com\/index.php\/2017\/08\/29\/5299-eurovision\/","url":"https:\/\/www.vivaeurovision.com\/index.php\/2017\/08\/29\/5299-eurovision\/","name":"L\u00facia P\u00e9rez ( Eurovisi\u00f3n 2011 ) estar\u00e1 presente en el XII congreso de Ogae Espa\u00f1a - VIVAEUROVISION viva eurovision","isPartOf":{"@id":"https:\/\/www.vivaeurovision.com\/#website"},"primaryImageOfPage":{"@id":"https:\/\/www.vivaeurovision.com\/index.php\/2017\/08\/29\/5299-eurovision\/#primaryimage"},"image":{"@id":"https:\/\/www.vivaeurovision.com\/index.php\/2017\/08\/29\/5299-eurovision\/#primaryimage"},"thumbnailUrl":"https:\/\/www.vivaeurovision.com\/wp-content\/uploads\/2016\/06\/AFVR9789.jpg","datePublished":"2017-08-29T19:15:11+00:00","dateModified":"2017-08-29T19:18:20+00:00","description":"eurovision, lucia perez eurovision, congreso ogae Espa\u00f1a, eurovisi\u00f3n, vivaeurovision, festival de eurovision, eurovision 2018","breadcrumb":{"@id":"https:\/\/www.vivaeurovision.com\/index.php\/2017\/08\/29\/5299-eurovision\/#breadcrumb"},"inLanguage":"es","potentialAction":[{"@type":"ReadAction","target":["https:\/\/www.vivaeurovision.com\/index.php\/2017\/08\/29\/5299-eurovision\/"]}]},{"@type":"ImageObject","inLanguage":"es","@id":"https:\/\/www.vivaeurovision.com\/index.php\/2017\/08\/29\/5299-eurovision\/#primaryimage","url":"https:\/\/www.vivaeurovision.com\/wp-content\/uploads\/2016\/06\/AFVR9789.jpg","contentUrl":"https:\/\/www.vivaeurovision.com\/wp-content\/uploads\/2016\/06\/AFVR9789.jpg","width":3264,"height":2264,"caption":"vivaeurovision"},{"@type":"BreadcrumbList","@id":"https:\/\/www.vivaeurovision.com\/index.php\/2017\/08\/29\/5299-eurovision\/#breadcrumb","itemListElement":[{"@type":"ListItem","position":1,"name":"Portada","item":"https:\/\/www.vivaeurovision.com\/"},{"@type":"ListItem","position":2,"name":"L\u00facia P\u00e9rez ( Eurovisi\u00f3n 2011 ) estar\u00e1 presente en el XII congreso de Ogae Espa\u00f1a"}]},{"@type":"WebSite","@id":"https:\/\/www.vivaeurovision.com\/#website","url":"https:\/\/www.vivaeurovision.com\/","name":"VIVAEUROVISION viva eurovision","description":"Tu portal sobre el Festival de Eurovision, eurovision, eurovisi\u00f3n","publisher":{"@id":"https:\/\/www.vivaeurovision.com\/#organization"},"potentialAction":[{"@type":"SearchAction","target":{"@type":"EntryPoint","urlTemplate":"https:\/\/www.vivaeurovision.com\/?s={search_term_string}"},"query-input":{"@type":"PropertyValueSpecification","valueRequired":true,"valueName":"search_term_string"}}],"inLanguage":"es"},{"@type":"Organization","@id":"https:\/\/www.vivaeurovision.com\/#organization","name":"vivaeurovision","url":"https:\/\/www.vivaeurovision.com\/","logo":{"@type":"ImageObject","inLanguage":"es","@id":"https:\/\/www.vivaeurovision.com\/#\/schema\/logo\/image\/","url":"https:\/\/www.vivaeurovision.com\/wp-content\/uploads\/2016\/01\/cropped-image-21-1.jpeg","contentUrl":"https:\/\/www.vivaeurovision.com\/wp-content\/uploads\/2016\/01\/cropped-image-21-1.jpeg","width":669,"height":368,"caption":"vivaeurovision"},"image":{"@id":"https:\/\/www.vivaeurovision.com\/#\/schema\/logo\/image\/"}},{"@type":"Person","@id":"https:\/\/www.vivaeurovision.com\/#\/schema\/person\/1d31fdaa3f5f7df556f73d164bd3c47a","name":"Pedro Palomo","image":{"@type":"ImageObject","inLanguage":"es","@id":"https:\/\/secure.gravatar.com\/avatar\/4cf9a4877f5f71f44fb7cedbe1bac1bd28bd8ce7a217517d98d5b2117f9f5505?s=96&d=mm&r=g","url":"https:\/\/secure.gravatar.com\/avatar\/4cf9a4877f5f71f44fb7cedbe1bac1bd28bd8ce7a217517d98d5b2117f9f5505?s=96&d=mm&r=g","contentUrl":"https:\/\/secure.gravatar.com\/avatar\/4cf9a4877f5f71f44fb7cedbe1bac1bd28bd8ce7a217517d98d5b2117f9f5505?s=96&d=mm&r=g","caption":"Pedro Palomo"},"sameAs":["http:\/\/www.vivaeurovision.com","@pedrobcn","https:\/\/x.com\/@pedropalomobcn"]}]}},"_links":{"self":[{"href":"https:\/\/www.vivaeurovision.com\/index.php\/wp-json\/wp\/v2\/posts\/5299","targetHints":{"allow":["GET"]}}],"collection":[{"href":"https:\/\/www.vivaeurovision.com\/index.php\/wp-json\/wp\/v2\/posts"}],"about":[{"href":"https:\/\/www.vivaeurovision.com\/index.php\/wp-json\/wp\/v2\/types\/post"}],"author":[{"embeddable":true,"href":"https:\/\/www.vivaeurovision.com\/index.php\/wp-json\/wp\/v2\/users\/1"}],"replies":[{"embeddable":true,"href":"https:\/\/www.vivaeurovision.com\/index.php\/wp-json\/wp\/v2\/comments?post=5299"}],"version-history":[{"count":1,"href":"https:\/\/www.vivaeurovision.com\/index.php\/wp-json\/wp\/v2\/posts\/5299\/revisions"}],"predecessor-version":[{"id":5301,"href":"https:\/\/www.vivaeurovision.com\/index.php\/wp-json\/wp\/v2\/posts\/5299\/revisions\/5301"}],"wp:featuredmedia":[{"embeddable":true,"href":"https:\/\/www.vivaeurovision.com\/index.php\/wp-json\/wp\/v2\/media\/2346"}],"wp:attachment":[{"href":"https:\/\/www.vivaeurovision.com\/index.php\/wp-json\/wp\/v2\/media?parent=5299"}],"wp:term":[{"taxonomy":"category","embeddable":true,"href":"https:\/\/www.vivaeurovision.com\/index.php\/wp-json\/wp\/v2\/categories?post=5299"},{"taxonomy":"post_tag","embeddable":true,"href":"https:\/\/www.vivaeurovision.com\/index.php\/wp-json\/wp\/v2\/tags?post=5299"}],"curies":[{"name":"wp","href":"https:\/\/api.w.org\/{rel}","templated":true}]}}