{"id":5331,"date":"2017-09-05T18:21:55","date_gmt":"2017-09-05T18:21:55","guid":{"rendered":"http:\/\/www.vivaeurovision.com\/?p=5331"},"modified":"2017-09-13T07:55:38","modified_gmt":"2017-09-13T07:55:38","slug":"5331-eurovision-ot-2017","status":"publish","type":"post","link":"https:\/\/www.vivaeurovision.com\/index.php\/2017\/09\/05\/5331-eurovision-ot-2017\/","title":{"rendered":"To\u00f1i Prieto, en la presentaci\u00f3n de OT 2017 ( El representante de Espa\u00f1a en Eurovisi\u00f3n puede ser el ganador u otro concursante de OT) entre las posibilidades que baraja TVE"},"content":{"rendered":"<h2>To\u00f1i Prieto, en la presentaci\u00f3n de OT 2017 ( El representante de Espa\u00f1a en Eurovisi\u00f3n puede ser el ganador u otro concursante de OT) entre las posibilidades que baraja TVE<\/h2>\n<p><img loading=\"lazy\" decoding=\"async\" class=\"alignnone size-medium wp-image-5341\" src=\"http:\/\/www.vivaeurovision.com\/wp-content\/uploads\/2017\/09\/Enlight343-300x200.jpg\" alt=\"eurovision\" width=\"300\" height=\"200\" srcset=\"https:\/\/www.vivaeurovision.com\/wp-content\/uploads\/2017\/09\/Enlight343-300x200.jpg 300w, https:\/\/www.vivaeurovision.com\/wp-content\/uploads\/2017\/09\/Enlight343-700x467.jpg 700w\" sizes=\"auto, (max-width: 300px) 100vw, 300px\" \/><\/p>\n<p>Imagen: Twitter RTVE<\/p>\n<p>Hoy se ha celebrado ante los medios, la pr\u00f3xima edici\u00f3n del renovado formato Operaci\u00f3n Triunfo. Tinet Rovira, Carles Gonz\u00e1lez y To\u00f1i Prieto encargados de llevar a cabo esta nueva edici\u00f3n en la cadena que vio nacer el formato y junto a ellos el presentador Roberto Leal, Noem\u00ed Galera directora de la academia y el jurado compuesto por M\u00f3nica Naranjo, Manuel Martos y Joe P\u00e9rez Orive.<\/p>\n<p><img loading=\"lazy\" decoding=\"async\" class=\"alignnone size-medium wp-image-5342\" src=\"http:\/\/www.vivaeurovision.com\/wp-content\/uploads\/2017\/09\/IMG_5489-300x200.jpg\" alt=\"Ot 2017\" width=\"300\" height=\"200\" srcset=\"https:\/\/www.vivaeurovision.com\/wp-content\/uploads\/2017\/09\/IMG_5489-300x200.jpg 300w, https:\/\/www.vivaeurovision.com\/wp-content\/uploads\/2017\/09\/IMG_5489-700x467.jpg 700w\" sizes=\"auto, (max-width: 300px) 100vw, 300px\" \/><\/p>\n<p>Han dado algunos detalles de c\u00f3mo ser\u00e1 la nueva academia compuesta, con m\u00e1s de 1000 metros cuadrados y rodeada de kil\u00f3metros de clableado y fibra, bajo 52 c\u00e1maras que har\u00e1n que los triunfitos se cuelen en los hogares y el coraz\u00f3n de los espectadores, adem\u00e1s de un gran plat\u00f3 m\u00e1s grande y con m\u00e1s p\u00fablico.<\/p>\n<p>La fecha de inicio ser\u00e1 en Octubre y todav\u00eda faltan detalles por conocer como cu\u00e1l ser\u00e1 el profesorado de la academia.<\/p>\n<p>Durante la presentaci\u00f3n, la primera pregunta que ha realizado la prensa all\u00ed presente ha sido si el ganador\/a ser\u00e1 nuestro representan en Lisboa 2018, a lo que To\u00f1i Prieto a respondido que puede ser el ganador u otro concursante de operaci\u00f3n triunfo 2017, pero no hay nada decidi\u00f3 ya que la cadena est\u00e1 barajando varias posibilidades, de cara a nuestra candidatura para la 63 edici\u00f3n del Festival de Eurovisi\u00f3n 2018, que se celebrar\u00e1 por primera vez en Portugal y TVE lleva meses trabajando en ello.<\/p>\n<p><a href=\"http:\/\/www.rtve.es\/m\/alacarta\/videos\/ot-2017\/ot-asi-sera-operacion-triunfo-2017\/4200996\/?media=tve\" target=\"_blank\" rel=\"noopener\">V\u00eddeo de presentaci\u00f3n de OT 2017<\/a><\/p>\n<p>Para m\u00e1s informaci\u00f3n, no dud\u00e9is en visitar RTVE.ES<\/p>\n<h2><\/h2>\n<h2><img loading=\"lazy\" decoding=\"async\" class=\"alignnone size-medium wp-image-311\" src=\"http:\/\/www.vivaeurovision.com\/wp-content\/uploads\/2016\/01\/image-21-300x165.jpeg\" alt=\"VIVAEUROVISION.COM\" width=\"300\" height=\"165\" srcset=\"https:\/\/www.vivaeurovision.com\/wp-content\/uploads\/2016\/01\/image-21-300x165.jpeg 300w, https:\/\/www.vivaeurovision.com\/wp-content\/uploads\/2016\/01\/image-21-555x305.jpeg 555w, https:\/\/www.vivaeurovision.com\/wp-content\/uploads\/2016\/01\/image-21.jpeg 669w\" sizes=\"auto, (max-width: 300px) 100vw, 300px\" \/><\/h2>\n<p>Twitter\u00a0<strong> <a href=\"https:\/\/twitter.com\/viva_eurovision\" target=\"_blank\" rel=\"noopener noreferrer\">@viva_eurovision<\/a>\u00a0 <a href=\"https:\/\/www.facebook.com\/Vivaeurovisioncom-867806686671081\/?fref=nf\" target=\"_blank\" rel=\"noopener noreferrer\">FACEBOOK OFICIAL VIVA EUROVISION <\/a><\/strong>Instragram <strong>\u00a0<\/strong><a href=\"https:\/\/www.instagram.com\/vivaeurovision\/\" target=\"_blank\" rel=\"noopener noreferrer\"><strong>@vivaeurovision<\/strong><\/a><\/p>\n<p>Redactor: Pedro Palomo <a href=\"https:\/\/twitter.com\/pedropalomobcn?lang=es\"><strong>@pedropalomobcn<\/strong><\/a><strong>\u00a0<\/strong>Instagram <a href=\"https:\/\/www.instagram.com\/pedrobcn\/\" target=\"_blank\" rel=\"noopener noreferrer\"><strong>@pedrobcn<\/strong><\/a><\/p>\n","protected":false},"excerpt":{"rendered":"<p>To\u00f1i Prieto, en la presentaci\u00f3n de OT 2017 ( El representante de Espa\u00f1a en Eurovisi\u00f3n puede ser el ganador u otro concursante de OT) entre las posibilidades que baraja TVE&#46;&#46;&#46;<\/p>\n","protected":false},"author":1,"featured_media":5341,"comment_status":"open","ping_status":"closed","sticky":false,"template":"","format":"standard","meta":{"_exactmetrics_skip_tracking":false,"_exactmetrics_sitenote_active":false,"_exactmetrics_sitenote_note":"","_exactmetrics_sitenote_category":0,"footnotes":""},"categories":[6,1195,2144,4,1188,2,3],"tags":[2145,11,2086,1476,2147,2324,2320,2321,2319,862,2083,2087,2339,19,20,1261,766,2340,18,57,22],"class_list":["post-5331","post","type-post","status-publish","format-standard","has-post-thumbnail","hentry","category-espana-en-eurovision","category-eurovision-2","category-eurovision-2018","category-eurovision","category-noticia-2","category-noticia","category-ultima-hora","tag-esc-2018","tag-eurovision","tag-eurovision-2018","tag-eurovision-song-contest","tag-eurovision-song-contest-festival-2018","tag-gestmusic","tag-monica-naranjo","tag-monica-naranjo-operacion-triunfo","tag-noemi-galera","tag-operacion-triunfo","tag-operacion-triunfo-2017","tag-ot-2017","tag-ot2017","tag-pedro-palomo","tag-pedro-palomo-eurovision","tag-pedro-palomo-viva-eurovision","tag-pedro-palomo-vivaeurovision","tag-roberto-leal-ot-2017","tag-rtve","tag-tve","tag-vivaeurovision"],"yoast_head":"<!-- This site is optimized with the Yoast SEO plugin v27.5 - https:\/\/yoast.com\/product\/yoast-seo-wordpress\/ -->\n<title>To\u00f1i Prieto, en la presentaci\u00f3n de OT 2017 ( El representante de Espa\u00f1a en Eurovisi\u00f3n puede ser el ganador u otro concursante de OT) entre las posibilidades que baraja TVE - VIVAEUROVISION viva eurovision<\/title>\n<meta name=\"description\" content=\"ot, ot 2017, operaci\u00f3n triunfo 2017, vivaeurovision, eurovision, Festival de Eurovisi\u00f3n, eurovision 2018, espa\u00f1a eurovision 2018\" \/>\n<meta name=\"robots\" content=\"index, follow, max-snippet:-1, max-image-preview:large, max-video-preview:-1\" \/>\n<link rel=\"canonical\" href=\"https:\/\/www.vivaeurovision.com\/index.php\/2017\/09\/05\/5331-eurovision-ot-2017\/\" \/>\n<meta property=\"og:locale\" content=\"es_ES\" \/>\n<meta property=\"og:type\" content=\"article\" \/>\n<meta property=\"og:title\" content=\"To\u00f1i Prieto, en la presentaci\u00f3n de OT 2017 ( El representante de Espa\u00f1a en Eurovisi\u00f3n puede ser el ganador u otro concursante de OT) entre las posibilidades que baraja TVE - VIVAEUROVISION viva eurovision\" \/>\n<meta property=\"og:description\" content=\"ot, ot 2017, operaci\u00f3n triunfo 2017, vivaeurovision, eurovision, Festival de Eurovisi\u00f3n, eurovision 2018, espa\u00f1a eurovision 2018\" \/>\n<meta property=\"og:url\" content=\"https:\/\/www.vivaeurovision.com\/index.php\/2017\/09\/05\/5331-eurovision-ot-2017\/\" \/>\n<meta property=\"og:site_name\" content=\"VIVAEUROVISION viva eurovision\" \/>\n<meta property=\"article:published_time\" content=\"2017-09-05T18:21:55+00:00\" \/>\n<meta property=\"article:modified_time\" content=\"2017-09-13T07:55:38+00:00\" \/>\n<meta property=\"og:image\" content=\"https:\/\/www.vivaeurovision.com\/wp-content\/uploads\/2017\/09\/Enlight343.jpg\" \/>\n\t<meta property=\"og:image:width\" content=\"2592\" \/>\n\t<meta property=\"og:image:height\" content=\"1728\" \/>\n\t<meta property=\"og:image:type\" content=\"image\/jpeg\" \/>\n<meta name=\"author\" content=\"Pedro Palomo\" \/>\n<meta name=\"twitter:card\" content=\"summary_large_image\" \/>\n<meta name=\"twitter:creator\" content=\"@pedropalomobcn\" \/>\n<meta name=\"twitter:label1\" content=\"Escrito por\" \/>\n\t<meta name=\"twitter:data1\" content=\"Pedro Palomo\" \/>\n\t<meta name=\"twitter:label2\" content=\"Tiempo de lectura\" \/>\n\t<meta name=\"twitter:data2\" content=\"2 minutos\" \/>\n<script type=\"application\/ld+json\" class=\"yoast-schema-graph\">{\"@context\":\"https:\\\/\\\/schema.org\",\"@graph\":[{\"@type\":\"Article\",\"@id\":\"https:\\\/\\\/www.vivaeurovision.com\\\/index.php\\\/2017\\\/09\\\/05\\\/5331-eurovision-ot-2017\\\/#article\",\"isPartOf\":{\"@id\":\"https:\\\/\\\/www.vivaeurovision.com\\\/index.php\\\/2017\\\/09\\\/05\\\/5331-eurovision-ot-2017\\\/\"},\"author\":{\"name\":\"Pedro Palomo\",\"@id\":\"https:\\\/\\\/www.vivaeurovision.com\\\/#\\\/schema\\\/person\\\/1d31fdaa3f5f7df556f73d164bd3c47a\"},\"headline\":\"To\u00f1i Prieto, en la presentaci\u00f3n de OT 2017 ( El representante de Espa\u00f1a en Eurovisi\u00f3n puede ser el ganador u otro concursante de OT) entre las posibilidades que baraja TVE\",\"datePublished\":\"2017-09-05T18:21:55+00:00\",\"dateModified\":\"2017-09-13T07:55:38+00:00\",\"mainEntityOfPage\":{\"@id\":\"https:\\\/\\\/www.vivaeurovision.com\\\/index.php\\\/2017\\\/09\\\/05\\\/5331-eurovision-ot-2017\\\/\"},\"wordCount\":347,\"commentCount\":1,\"publisher\":{\"@id\":\"https:\\\/\\\/www.vivaeurovision.com\\\/#organization\"},\"image\":{\"@id\":\"https:\\\/\\\/www.vivaeurovision.com\\\/index.php\\\/2017\\\/09\\\/05\\\/5331-eurovision-ot-2017\\\/#primaryimage\"},\"thumbnailUrl\":\"https:\\\/\\\/www.vivaeurovision.com\\\/wp-content\\\/uploads\\\/2017\\\/09\\\/Enlight343.jpg\",\"keywords\":[\"esc 2018\",\"Eurovision\",\"eurovision 2018\",\"eurovision song contest\",\"eurovision song contest festival 2018\",\"gestmusic\",\"monica naranjo\",\"monica naranjo operacion triunfo\",\"noemi galera\",\"Operacion triunfo\",\"operacion triunfo 2017\",\"ot 2017\",\"ot2017\",\"Pedro Palomo\",\"Pedro Palomo Eurovision\",\"pedro palomo viva eurovision\",\"Pedro Palomo Vivaeurovision\",\"roberto Leal ot 2017\",\"RTVE\",\"tve\",\"vivaeurovision\"],\"articleSection\":[\"Espa\u00f1a en Eurovisi\u00f3n\",\"eurovision\",\"eurovision 2018\",\"Inicio\",\"Noticia\",\"Noticias\",\"Ultima Hora\"],\"inLanguage\":\"es\",\"potentialAction\":[{\"@type\":\"CommentAction\",\"name\":\"Comment\",\"target\":[\"https:\\\/\\\/www.vivaeurovision.com\\\/index.php\\\/2017\\\/09\\\/05\\\/5331-eurovision-ot-2017\\\/#respond\"]}]},{\"@type\":\"WebPage\",\"@id\":\"https:\\\/\\\/www.vivaeurovision.com\\\/index.php\\\/2017\\\/09\\\/05\\\/5331-eurovision-ot-2017\\\/\",\"url\":\"https:\\\/\\\/www.vivaeurovision.com\\\/index.php\\\/2017\\\/09\\\/05\\\/5331-eurovision-ot-2017\\\/\",\"name\":\"To\u00f1i Prieto, en la presentaci\u00f3n de OT 2017 ( El representante de Espa\u00f1a en Eurovisi\u00f3n puede ser el ganador u otro concursante de OT) entre las posibilidades que baraja TVE - VIVAEUROVISION viva eurovision\",\"isPartOf\":{\"@id\":\"https:\\\/\\\/www.vivaeurovision.com\\\/#website\"},\"primaryImageOfPage\":{\"@id\":\"https:\\\/\\\/www.vivaeurovision.com\\\/index.php\\\/2017\\\/09\\\/05\\\/5331-eurovision-ot-2017\\\/#primaryimage\"},\"image\":{\"@id\":\"https:\\\/\\\/www.vivaeurovision.com\\\/index.php\\\/2017\\\/09\\\/05\\\/5331-eurovision-ot-2017\\\/#primaryimage\"},\"thumbnailUrl\":\"https:\\\/\\\/www.vivaeurovision.com\\\/wp-content\\\/uploads\\\/2017\\\/09\\\/Enlight343.jpg\",\"datePublished\":\"2017-09-05T18:21:55+00:00\",\"dateModified\":\"2017-09-13T07:55:38+00:00\",\"description\":\"ot, ot 2017, operaci\u00f3n triunfo 2017, vivaeurovision, eurovision, Festival de Eurovisi\u00f3n, eurovision 2018, espa\u00f1a eurovision 2018\",\"breadcrumb\":{\"@id\":\"https:\\\/\\\/www.vivaeurovision.com\\\/index.php\\\/2017\\\/09\\\/05\\\/5331-eurovision-ot-2017\\\/#breadcrumb\"},\"inLanguage\":\"es\",\"potentialAction\":[{\"@type\":\"ReadAction\",\"target\":[\"https:\\\/\\\/www.vivaeurovision.com\\\/index.php\\\/2017\\\/09\\\/05\\\/5331-eurovision-ot-2017\\\/\"]}]},{\"@type\":\"ImageObject\",\"inLanguage\":\"es\",\"@id\":\"https:\\\/\\\/www.vivaeurovision.com\\\/index.php\\\/2017\\\/09\\\/05\\\/5331-eurovision-ot-2017\\\/#primaryimage\",\"url\":\"https:\\\/\\\/www.vivaeurovision.com\\\/wp-content\\\/uploads\\\/2017\\\/09\\\/Enlight343.jpg\",\"contentUrl\":\"https:\\\/\\\/www.vivaeurovision.com\\\/wp-content\\\/uploads\\\/2017\\\/09\\\/Enlight343.jpg\",\"width\":2592,\"height\":1728,\"caption\":\"eurovision\"},{\"@type\":\"BreadcrumbList\",\"@id\":\"https:\\\/\\\/www.vivaeurovision.com\\\/index.php\\\/2017\\\/09\\\/05\\\/5331-eurovision-ot-2017\\\/#breadcrumb\",\"itemListElement\":[{\"@type\":\"ListItem\",\"position\":1,\"name\":\"Portada\",\"item\":\"https:\\\/\\\/www.vivaeurovision.com\\\/\"},{\"@type\":\"ListItem\",\"position\":2,\"name\":\"To\u00f1i Prieto, en la presentaci\u00f3n de OT 2017 ( El representante de Espa\u00f1a en Eurovisi\u00f3n puede ser el ganador u otro concursante de OT) entre las posibilidades que baraja TVE\"}]},{\"@type\":\"WebSite\",\"@id\":\"https:\\\/\\\/www.vivaeurovision.com\\\/#website\",\"url\":\"https:\\\/\\\/www.vivaeurovision.com\\\/\",\"name\":\"VIVAEUROVISION viva eurovision\",\"description\":\"Tu portal sobre el Festival de Eurovision, eurovision, eurovisi\u00f3n\",\"publisher\":{\"@id\":\"https:\\\/\\\/www.vivaeurovision.com\\\/#organization\"},\"potentialAction\":[{\"@type\":\"SearchAction\",\"target\":{\"@type\":\"EntryPoint\",\"urlTemplate\":\"https:\\\/\\\/www.vivaeurovision.com\\\/?s={search_term_string}\"},\"query-input\":{\"@type\":\"PropertyValueSpecification\",\"valueRequired\":true,\"valueName\":\"search_term_string\"}}],\"inLanguage\":\"es\"},{\"@type\":\"Organization\",\"@id\":\"https:\\\/\\\/www.vivaeurovision.com\\\/#organization\",\"name\":\"vivaeurovision\",\"url\":\"https:\\\/\\\/www.vivaeurovision.com\\\/\",\"logo\":{\"@type\":\"ImageObject\",\"inLanguage\":\"es\",\"@id\":\"https:\\\/\\\/www.vivaeurovision.com\\\/#\\\/schema\\\/logo\\\/image\\\/\",\"url\":\"https:\\\/\\\/www.vivaeurovision.com\\\/wp-content\\\/uploads\\\/2016\\\/01\\\/cropped-image-21-1.jpeg\",\"contentUrl\":\"https:\\\/\\\/www.vivaeurovision.com\\\/wp-content\\\/uploads\\\/2016\\\/01\\\/cropped-image-21-1.jpeg\",\"width\":669,\"height\":368,\"caption\":\"vivaeurovision\"},\"image\":{\"@id\":\"https:\\\/\\\/www.vivaeurovision.com\\\/#\\\/schema\\\/logo\\\/image\\\/\"}},{\"@type\":\"Person\",\"@id\":\"https:\\\/\\\/www.vivaeurovision.com\\\/#\\\/schema\\\/person\\\/1d31fdaa3f5f7df556f73d164bd3c47a\",\"name\":\"Pedro Palomo\",\"image\":{\"@type\":\"ImageObject\",\"inLanguage\":\"es\",\"@id\":\"https:\\\/\\\/secure.gravatar.com\\\/avatar\\\/4cf9a4877f5f71f44fb7cedbe1bac1bd28bd8ce7a217517d98d5b2117f9f5505?s=96&d=mm&r=g\",\"url\":\"https:\\\/\\\/secure.gravatar.com\\\/avatar\\\/4cf9a4877f5f71f44fb7cedbe1bac1bd28bd8ce7a217517d98d5b2117f9f5505?s=96&d=mm&r=g\",\"contentUrl\":\"https:\\\/\\\/secure.gravatar.com\\\/avatar\\\/4cf9a4877f5f71f44fb7cedbe1bac1bd28bd8ce7a217517d98d5b2117f9f5505?s=96&d=mm&r=g\",\"caption\":\"Pedro Palomo\"},\"sameAs\":[\"http:\\\/\\\/www.vivaeurovision.com\",\"@pedrobcn\",\"https:\\\/\\\/x.com\\\/@pedropalomobcn\"]}]}<\/script>\n<!-- \/ Yoast SEO plugin. -->","yoast_head_json":{"title":"To\u00f1i Prieto, en la presentaci\u00f3n de OT 2017 ( El representante de Espa\u00f1a en Eurovisi\u00f3n puede ser el ganador u otro concursante de OT) entre las posibilidades que baraja TVE - VIVAEUROVISION viva eurovision","description":"ot, ot 2017, operaci\u00f3n triunfo 2017, vivaeurovision, eurovision, Festival de Eurovisi\u00f3n, eurovision 2018, espa\u00f1a eurovision 2018","robots":{"index":"index","follow":"follow","max-snippet":"max-snippet:-1","max-image-preview":"max-image-preview:large","max-video-preview":"max-video-preview:-1"},"canonical":"https:\/\/www.vivaeurovision.com\/index.php\/2017\/09\/05\/5331-eurovision-ot-2017\/","og_locale":"es_ES","og_type":"article","og_title":"To\u00f1i Prieto, en la presentaci\u00f3n de OT 2017 ( El representante de Espa\u00f1a en Eurovisi\u00f3n puede ser el ganador u otro concursante de OT) entre las posibilidades que baraja TVE - VIVAEUROVISION viva eurovision","og_description":"ot, ot 2017, operaci\u00f3n triunfo 2017, vivaeurovision, eurovision, Festival de Eurovisi\u00f3n, eurovision 2018, espa\u00f1a eurovision 2018","og_url":"https:\/\/www.vivaeurovision.com\/index.php\/2017\/09\/05\/5331-eurovision-ot-2017\/","og_site_name":"VIVAEUROVISION viva eurovision","article_published_time":"2017-09-05T18:21:55+00:00","article_modified_time":"2017-09-13T07:55:38+00:00","og_image":[{"width":2592,"height":1728,"url":"https:\/\/www.vivaeurovision.com\/wp-content\/uploads\/2017\/09\/Enlight343.jpg","type":"image\/jpeg"}],"author":"Pedro Palomo","twitter_card":"summary_large_image","twitter_creator":"@pedropalomobcn","twitter_misc":{"Escrito por":"Pedro Palomo","Tiempo de lectura":"2 minutos"},"schema":{"@context":"https:\/\/schema.org","@graph":[{"@type":"Article","@id":"https:\/\/www.vivaeurovision.com\/index.php\/2017\/09\/05\/5331-eurovision-ot-2017\/#article","isPartOf":{"@id":"https:\/\/www.vivaeurovision.com\/index.php\/2017\/09\/05\/5331-eurovision-ot-2017\/"},"author":{"name":"Pedro Palomo","@id":"https:\/\/www.vivaeurovision.com\/#\/schema\/person\/1d31fdaa3f5f7df556f73d164bd3c47a"},"headline":"To\u00f1i Prieto, en la presentaci\u00f3n de OT 2017 ( El representante de Espa\u00f1a en Eurovisi\u00f3n puede ser el ganador u otro concursante de OT) entre las posibilidades que baraja TVE","datePublished":"2017-09-05T18:21:55+00:00","dateModified":"2017-09-13T07:55:38+00:00","mainEntityOfPage":{"@id":"https:\/\/www.vivaeurovision.com\/index.php\/2017\/09\/05\/5331-eurovision-ot-2017\/"},"wordCount":347,"commentCount":1,"publisher":{"@id":"https:\/\/www.vivaeurovision.com\/#organization"},"image":{"@id":"https:\/\/www.vivaeurovision.com\/index.php\/2017\/09\/05\/5331-eurovision-ot-2017\/#primaryimage"},"thumbnailUrl":"https:\/\/www.vivaeurovision.com\/wp-content\/uploads\/2017\/09\/Enlight343.jpg","keywords":["esc 2018","Eurovision","eurovision 2018","eurovision song contest","eurovision song contest festival 2018","gestmusic","monica naranjo","monica naranjo operacion triunfo","noemi galera","Operacion triunfo","operacion triunfo 2017","ot 2017","ot2017","Pedro Palomo","Pedro Palomo Eurovision","pedro palomo viva eurovision","Pedro Palomo Vivaeurovision","roberto Leal ot 2017","RTVE","tve","vivaeurovision"],"articleSection":["Espa\u00f1a en Eurovisi\u00f3n","eurovision","eurovision 2018","Inicio","Noticia","Noticias","Ultima Hora"],"inLanguage":"es","potentialAction":[{"@type":"CommentAction","name":"Comment","target":["https:\/\/www.vivaeurovision.com\/index.php\/2017\/09\/05\/5331-eurovision-ot-2017\/#respond"]}]},{"@type":"WebPage","@id":"https:\/\/www.vivaeurovision.com\/index.php\/2017\/09\/05\/5331-eurovision-ot-2017\/","url":"https:\/\/www.vivaeurovision.com\/index.php\/2017\/09\/05\/5331-eurovision-ot-2017\/","name":"To\u00f1i Prieto, en la presentaci\u00f3n de OT 2017 ( El representante de Espa\u00f1a en Eurovisi\u00f3n puede ser el ganador u otro concursante de OT) entre las posibilidades que baraja TVE - VIVAEUROVISION viva eurovision","isPartOf":{"@id":"https:\/\/www.vivaeurovision.com\/#website"},"primaryImageOfPage":{"@id":"https:\/\/www.vivaeurovision.com\/index.php\/2017\/09\/05\/5331-eurovision-ot-2017\/#primaryimage"},"image":{"@id":"https:\/\/www.vivaeurovision.com\/index.php\/2017\/09\/05\/5331-eurovision-ot-2017\/#primaryimage"},"thumbnailUrl":"https:\/\/www.vivaeurovision.com\/wp-content\/uploads\/2017\/09\/Enlight343.jpg","datePublished":"2017-09-05T18:21:55+00:00","dateModified":"2017-09-13T07:55:38+00:00","description":"ot, ot 2017, operaci\u00f3n triunfo 2017, vivaeurovision, eurovision, Festival de Eurovisi\u00f3n, eurovision 2018, espa\u00f1a eurovision 2018","breadcrumb":{"@id":"https:\/\/www.vivaeurovision.com\/index.php\/2017\/09\/05\/5331-eurovision-ot-2017\/#breadcrumb"},"inLanguage":"es","potentialAction":[{"@type":"ReadAction","target":["https:\/\/www.vivaeurovision.com\/index.php\/2017\/09\/05\/5331-eurovision-ot-2017\/"]}]},{"@type":"ImageObject","inLanguage":"es","@id":"https:\/\/www.vivaeurovision.com\/index.php\/2017\/09\/05\/5331-eurovision-ot-2017\/#primaryimage","url":"https:\/\/www.vivaeurovision.com\/wp-content\/uploads\/2017\/09\/Enlight343.jpg","contentUrl":"https:\/\/www.vivaeurovision.com\/wp-content\/uploads\/2017\/09\/Enlight343.jpg","width":2592,"height":1728,"caption":"eurovision"},{"@type":"BreadcrumbList","@id":"https:\/\/www.vivaeurovision.com\/index.php\/2017\/09\/05\/5331-eurovision-ot-2017\/#breadcrumb","itemListElement":[{"@type":"ListItem","position":1,"name":"Portada","item":"https:\/\/www.vivaeurovision.com\/"},{"@type":"ListItem","position":2,"name":"To\u00f1i Prieto, en la presentaci\u00f3n de OT 2017 ( El representante de Espa\u00f1a en Eurovisi\u00f3n puede ser el ganador u otro concursante de OT) entre las posibilidades que baraja TVE"}]},{"@type":"WebSite","@id":"https:\/\/www.vivaeurovision.com\/#website","url":"https:\/\/www.vivaeurovision.com\/","name":"VIVAEUROVISION viva eurovision","description":"Tu portal sobre el Festival de Eurovision, eurovision, eurovisi\u00f3n","publisher":{"@id":"https:\/\/www.vivaeurovision.com\/#organization"},"potentialAction":[{"@type":"SearchAction","target":{"@type":"EntryPoint","urlTemplate":"https:\/\/www.vivaeurovision.com\/?s={search_term_string}"},"query-input":{"@type":"PropertyValueSpecification","valueRequired":true,"valueName":"search_term_string"}}],"inLanguage":"es"},{"@type":"Organization","@id":"https:\/\/www.vivaeurovision.com\/#organization","name":"vivaeurovision","url":"https:\/\/www.vivaeurovision.com\/","logo":{"@type":"ImageObject","inLanguage":"es","@id":"https:\/\/www.vivaeurovision.com\/#\/schema\/logo\/image\/","url":"https:\/\/www.vivaeurovision.com\/wp-content\/uploads\/2016\/01\/cropped-image-21-1.jpeg","contentUrl":"https:\/\/www.vivaeurovision.com\/wp-content\/uploads\/2016\/01\/cropped-image-21-1.jpeg","width":669,"height":368,"caption":"vivaeurovision"},"image":{"@id":"https:\/\/www.vivaeurovision.com\/#\/schema\/logo\/image\/"}},{"@type":"Person","@id":"https:\/\/www.vivaeurovision.com\/#\/schema\/person\/1d31fdaa3f5f7df556f73d164bd3c47a","name":"Pedro Palomo","image":{"@type":"ImageObject","inLanguage":"es","@id":"https:\/\/secure.gravatar.com\/avatar\/4cf9a4877f5f71f44fb7cedbe1bac1bd28bd8ce7a217517d98d5b2117f9f5505?s=96&d=mm&r=g","url":"https:\/\/secure.gravatar.com\/avatar\/4cf9a4877f5f71f44fb7cedbe1bac1bd28bd8ce7a217517d98d5b2117f9f5505?s=96&d=mm&r=g","contentUrl":"https:\/\/secure.gravatar.com\/avatar\/4cf9a4877f5f71f44fb7cedbe1bac1bd28bd8ce7a217517d98d5b2117f9f5505?s=96&d=mm&r=g","caption":"Pedro Palomo"},"sameAs":["http:\/\/www.vivaeurovision.com","@pedrobcn","https:\/\/x.com\/@pedropalomobcn"]}]}},"_links":{"self":[{"href":"https:\/\/www.vivaeurovision.com\/index.php\/wp-json\/wp\/v2\/posts\/5331","targetHints":{"allow":["GET"]}}],"collection":[{"href":"https:\/\/www.vivaeurovision.com\/index.php\/wp-json\/wp\/v2\/posts"}],"about":[{"href":"https:\/\/www.vivaeurovision.com\/index.php\/wp-json\/wp\/v2\/types\/post"}],"author":[{"embeddable":true,"href":"https:\/\/www.vivaeurovision.com\/index.php\/wp-json\/wp\/v2\/users\/1"}],"replies":[{"embeddable":true,"href":"https:\/\/www.vivaeurovision.com\/index.php\/wp-json\/wp\/v2\/comments?post=5331"}],"version-history":[{"count":4,"href":"https:\/\/www.vivaeurovision.com\/index.php\/wp-json\/wp\/v2\/posts\/5331\/revisions"}],"predecessor-version":[{"id":5365,"href":"https:\/\/www.vivaeurovision.com\/index.php\/wp-json\/wp\/v2\/posts\/5331\/revisions\/5365"}],"wp:featuredmedia":[{"embeddable":true,"href":"https:\/\/www.vivaeurovision.com\/index.php\/wp-json\/wp\/v2\/media\/5341"}],"wp:attachment":[{"href":"https:\/\/www.vivaeurovision.com\/index.php\/wp-json\/wp\/v2\/media?parent=5331"}],"wp:term":[{"taxonomy":"category","embeddable":true,"href":"https:\/\/www.vivaeurovision.com\/index.php\/wp-json\/wp\/v2\/categories?post=5331"},{"taxonomy":"post_tag","embeddable":true,"href":"https:\/\/www.vivaeurovision.com\/index.php\/wp-json\/wp\/v2\/tags?post=5331"}],"curies":[{"name":"wp","href":"https:\/\/api.w.org\/{rel}","templated":true}]}}