{"id":5500,"date":"2017-10-06T09:11:06","date_gmt":"2017-10-06T09:11:06","guid":{"rendered":"http:\/\/www.vivaeurovision.com\/?p=5500"},"modified":"2017-11-06T18:01:28","modified_gmt":"2017-11-06T18:01:28","slug":"5500-barei-impulso","status":"publish","type":"post","link":"https:\/\/www.vivaeurovision.com\/index.php\/2017\/10\/06\/5500-barei-impulso\/","title":{"rendered":"Barei: IMPULSO es un sue\u00f1o cumplido que jam\u00e1s olvidar\u00e9. Rub\u00e9n Villanueva: Los coros han mantenido la esencia y mag\u00eda contiene IMPULSO"},"content":{"rendered":"<h2>Barei IMPULSO es un sue\u00f1o cumplido que jam\u00e1s olvidar\u00e9. Rub\u00e9n Villanueva los coros han mantenido la esencia y mag\u00eda contiene IMPULSO<\/h2>\n<p><img loading=\"lazy\" decoding=\"async\" class=\"alignnone size-medium wp-image-5476\" src=\"http:\/\/www.vivaeurovision.com\/wp-content\/uploads\/2017\/10\/barei-300x188.jpg\" alt=\"\" width=\"300\" height=\"188\" srcset=\"https:\/\/www.vivaeurovision.com\/wp-content\/uploads\/2017\/10\/barei-300x188.jpg 300w, https:\/\/www.vivaeurovision.com\/wp-content\/uploads\/2017\/10\/barei-700x438.jpg 700w\" sizes=\"auto, (max-width: 300px) 100vw, 300px\" \/><\/p>\n<p><strong>B-Fighters feat Barei IMPULSO Bajo el lema #NuestraPrimeraCanci\u00f3nJuntos es el nuevo single de Barei conjuntamente con sus seguidores. Que saldr\u00e1 a la venta el pr\u00f3ximo\u00a027 de octubre.<\/strong><\/p>\n<p>Un tema compuesto a trav\u00e9s de la red social Twitter, siendo la primera canci\u00f3n compuesta por dicha red social y con un proceso de selecci\u00f3n de coros tambi\u00e9n desde Twitter.<\/p>\n<p>Con un total de 41 coristas y casi un centenar de seguidores, son los participes de este tema, del cual todo lo recaudado en ventas ser\u00e1 donado para una ONG que la propia cantante ha decidido y otra ONG que ser\u00e1 elegida por todo los participantes del proyecto <strong>IMPULSO #NuestraPrimeraCanci\u00f3nJuntos<\/strong><\/p>\n<p>Durante la grabaci\u00f3n de los coros, <strong>Barei y Rub\u00e9n Villanueva<\/strong> nos concedieron una entrevista, donde nos explican como ha sido para ellos grabar, componer y producir <strong>IMPULSO<\/strong>.<br \/>\n<iframe loading=\"lazy\" src=\"https:\/\/www.youtube.com\/embed\/RguYWPdBWkk\" width=\"560\" height=\"315\" frameborder=\"0\" allowfullscreen=\"allowfullscreen\"><\/iframe><br \/>\nPara <strong>Barei<\/strong> sin duda alguna, IMPULSO es un sue\u00f1o cumplido y realmente algo que jam\u00e1s olvidar\u00e1 ya que para ella este ha sido uno de los proyectos m\u00e1s importantes de su vida, poder tener la oportunidad de componer y grabar con sus seguidores ha sido algo que siempre ha querido y por fin lo ha llevado a cabo.<\/p>\n<p><strong>Rub\u00e9n Villanueva<\/strong> como productor del tema, ha sido muy claro aplaudiendo el trabajo de los coristas, que desde la primera grabaci\u00f3n el resultado fue bueno y manteniendo la magia y la esencia de IMPULSO.<\/p>\n<p>Aqu\u00ed os dejamos tambi\u00e9n el v\u00eddeo de como fue la grabaci\u00f3n y como los seguidores definen IMPULSO en una palabra.<\/p>\n<p><img loading=\"lazy\" decoding=\"async\" class=\"alignnone size-medium wp-image-5502\" src=\"http:\/\/www.vivaeurovision.com\/wp-content\/uploads\/2017\/10\/IMPULSORubenyBarei-300x140.jpg\" alt=\"\" width=\"300\" height=\"140\" srcset=\"https:\/\/www.vivaeurovision.com\/wp-content\/uploads\/2017\/10\/IMPULSORubenyBarei-300x140.jpg 300w, https:\/\/www.vivaeurovision.com\/wp-content\/uploads\/2017\/10\/IMPULSORubenyBarei-700x327.jpg 700w, https:\/\/www.vivaeurovision.com\/wp-content\/uploads\/2017\/10\/IMPULSORubenyBarei-520x245.jpg 520w, https:\/\/www.vivaeurovision.com\/wp-content\/uploads\/2017\/10\/IMPULSORubenyBarei.jpg 1181w\" sizes=\"auto, (max-width: 300px) 100vw, 300px\" \/><\/p>\n<p>&nbsp;<\/p>\n<p><img loading=\"lazy\" decoding=\"async\" class=\"alignnone size-medium wp-image-311\" src=\"http:\/\/www.vivaeurovision.com\/wp-content\/uploads\/2016\/01\/image-21-300x165.jpeg\" alt=\"VIVAEUROVISION.COM\" width=\"300\" height=\"165\" srcset=\"https:\/\/www.vivaeurovision.com\/wp-content\/uploads\/2016\/01\/image-21-300x165.jpeg 300w, https:\/\/www.vivaeurovision.com\/wp-content\/uploads\/2016\/01\/image-21-555x305.jpeg 555w, https:\/\/www.vivaeurovision.com\/wp-content\/uploads\/2016\/01\/image-21.jpeg 669w\" sizes=\"auto, (max-width: 300px) 100vw, 300px\" \/><\/p>\n<p>Twitter\u00a0<strong> <a href=\"https:\/\/twitter.com\/viva_eurovision\" target=\"_blank\" rel=\"noopener noreferrer\">@viva_eurovision<\/a>\u00a0 <a href=\"https:\/\/www.facebook.com\/Vivaeurovisioncom-867806686671081\/?fref=nf\" target=\"_blank\" rel=\"noopener noreferrer\">FACEBOOK OFICIAL VIVA EUROVISION <\/a><\/strong>Instragram <strong>\u00a0<\/strong><a href=\"https:\/\/www.instagram.com\/vivaeurovision\/\" target=\"_blank\" rel=\"noopener noreferrer\"><strong>@vivaeurovision<\/strong><\/a><\/p>\n<p>Redactor: Pedro Palomo <a href=\"https:\/\/twitter.com\/pedropalomobcn?lang=es\"><strong>@pedropalomobcn<\/strong><\/a><strong>\u00a0<\/strong>Instagram <a href=\"https:\/\/www.instagram.com\/pedrobcn\/\" target=\"_blank\" rel=\"noopener noreferrer\"><strong>@pedrobcn<\/strong><\/a><\/p>\n","protected":false},"excerpt":{"rendered":"<p>Barei IMPULSO es un sue\u00f1o cumplido que jam\u00e1s olvidar\u00e9. Rub\u00e9n Villanueva los coros han mantenido la esencia y mag\u00eda contiene IMPULSO B-Fighters feat Barei IMPULSO Bajo el lema #NuestraPrimeraCanci\u00f3nJuntos es&#46;&#46;&#46;<\/p>\n","protected":false},"author":1,"featured_media":5503,"comment_status":"open","ping_status":"closed","sticky":false,"template":"","format":"standard","meta":{"_exactmetrics_skip_tracking":false,"_exactmetrics_sitenote_active":false,"_exactmetrics_sitenote_note":"","_exactmetrics_sitenote_category":0,"footnotes":""},"categories":[5,6,1195,7,4,1188,2,875,3],"tags":[2381,71,752,114,2379,2422,1703,751,33,712,11,12,2384,2385,2421,2423,34,2420,19,20,766,2039,2419,134,22],"class_list":["post-5500","post","type-post","status-publish","format-standard","has-post-thumbnail","hentry","category-entrevistas","category-espana-en-eurovision","category-eurovision-2","category-eurovision-2016","category-eurovision","category-noticia-2","category-noticia","category-rincon-vivalamusica","category-ultima-hora","tag-b-fighters-feat-barei-impulso","tag-barei","tag-barei-coro","tag-barei-eurovision","tag-barei-impulso","tag-barei-impulso-nuestra-primera-cancion-juntos","tag-barei-music","tag-coro-de-barei","tag-entrevista","tag-entrevista-barei","tag-eurovision","tag-eurovision-2016","tag-impulso","tag-impulso-barei","tag-impulso-nuestra-primera-cancion-juntos","tag-impulso-video","tag-noticia","tag-nuevo-single-barei","tag-pedro-palomo","tag-pedro-palomo-eurovision","tag-pedro-palomo-vivaeurovision","tag-ruben-villanueva","tag-ruben-villanueva-impulso","tag-say-yay","tag-vivaeurovision"],"yoast_head":"<!-- This site is optimized with the Yoast SEO plugin v27.5 - https:\/\/yoast.com\/product\/yoast-seo-wordpress\/ -->\n<title>Barei: IMPULSO es un sue\u00f1o cumplido que jam\u00e1s olvidar\u00e9. Rub\u00e9n Villanueva: Los coros han mantenido la esencia y mag\u00eda contiene IMPULSO - VIVAEUROVISION viva eurovision<\/title>\n<meta name=\"description\" content=\"barei, barei impulso, impulso, b-fighter feat barei impulso, impulso nuestra primera cancion juntos, vivaeurovision, eurovision, pedro palomo\" \/>\n<meta name=\"robots\" content=\"index, follow, max-snippet:-1, max-image-preview:large, max-video-preview:-1\" \/>\n<link rel=\"canonical\" href=\"https:\/\/www.vivaeurovision.com\/index.php\/2017\/10\/06\/5500-barei-impulso\/\" \/>\n<meta property=\"og:locale\" content=\"es_ES\" \/>\n<meta property=\"og:type\" content=\"article\" \/>\n<meta property=\"og:title\" content=\"Barei: IMPULSO es un sue\u00f1o cumplido que jam\u00e1s olvidar\u00e9. Rub\u00e9n Villanueva: Los coros han mantenido la esencia y mag\u00eda contiene IMPULSO - VIVAEUROVISION viva eurovision\" \/>\n<meta property=\"og:description\" content=\"barei, barei impulso, impulso, b-fighter feat barei impulso, impulso nuestra primera cancion juntos, vivaeurovision, eurovision, pedro palomo\" \/>\n<meta property=\"og:url\" content=\"https:\/\/www.vivaeurovision.com\/index.php\/2017\/10\/06\/5500-barei-impulso\/\" \/>\n<meta property=\"og:site_name\" content=\"VIVAEUROVISION viva eurovision\" \/>\n<meta property=\"article:published_time\" content=\"2017-10-06T09:11:06+00:00\" \/>\n<meta property=\"article:modified_time\" content=\"2017-11-06T18:01:28+00:00\" \/>\n<meta property=\"og:image\" content=\"https:\/\/www.vivaeurovision.com\/wp-content\/uploads\/2017\/10\/impulsoBarei1.jpg\" \/>\n\t<meta property=\"og:image:width\" content=\"1181\" \/>\n\t<meta property=\"og:image:height\" content=\"552\" \/>\n\t<meta property=\"og:image:type\" content=\"image\/jpeg\" \/>\n<meta name=\"author\" content=\"Pedro Palomo\" \/>\n<meta name=\"twitter:card\" content=\"summary_large_image\" \/>\n<meta name=\"twitter:creator\" content=\"@pedropalomobcn\" \/>\n<meta name=\"twitter:label1\" content=\"Escrito por\" \/>\n\t<meta name=\"twitter:data1\" content=\"Pedro Palomo\" \/>\n\t<meta name=\"twitter:label2\" content=\"Tiempo de lectura\" \/>\n\t<meta name=\"twitter:data2\" content=\"2 minutos\" \/>\n<script type=\"application\/ld+json\" class=\"yoast-schema-graph\">{\"@context\":\"https:\\\/\\\/schema.org\",\"@graph\":[{\"@type\":\"Article\",\"@id\":\"https:\\\/\\\/www.vivaeurovision.com\\\/index.php\\\/2017\\\/10\\\/06\\\/5500-barei-impulso\\\/#article\",\"isPartOf\":{\"@id\":\"https:\\\/\\\/www.vivaeurovision.com\\\/index.php\\\/2017\\\/10\\\/06\\\/5500-barei-impulso\\\/\"},\"author\":{\"name\":\"Pedro Palomo\",\"@id\":\"https:\\\/\\\/www.vivaeurovision.com\\\/#\\\/schema\\\/person\\\/1d31fdaa3f5f7df556f73d164bd3c47a\"},\"headline\":\"Barei: IMPULSO es un sue\u00f1o cumplido que jam\u00e1s olvidar\u00e9. Rub\u00e9n Villanueva: Los coros han mantenido la esencia y mag\u00eda contiene IMPULSO\",\"datePublished\":\"2017-10-06T09:11:06+00:00\",\"dateModified\":\"2017-11-06T18:01:28+00:00\",\"mainEntityOfPage\":{\"@id\":\"https:\\\/\\\/www.vivaeurovision.com\\\/index.php\\\/2017\\\/10\\\/06\\\/5500-barei-impulso\\\/\"},\"wordCount\":328,\"commentCount\":0,\"publisher\":{\"@id\":\"https:\\\/\\\/www.vivaeurovision.com\\\/#organization\"},\"image\":{\"@id\":\"https:\\\/\\\/www.vivaeurovision.com\\\/index.php\\\/2017\\\/10\\\/06\\\/5500-barei-impulso\\\/#primaryimage\"},\"thumbnailUrl\":\"https:\\\/\\\/www.vivaeurovision.com\\\/wp-content\\\/uploads\\\/2017\\\/10\\\/impulsoBarei1.jpg\",\"keywords\":[\"b-fighters feat. Barei Impulso\",\"Barei\",\"Barei Coro\",\"barei eurovision\",\"Barei Impulso\",\"barei impulso nuestra primera cancion juntos\",\"Barei music\",\"coro de Barei\",\"Entrevista\",\"Entrevista Barei\",\"Eurovision\",\"Eurovisi\u00f3n 2016\",\"Impulso\",\"impulso barei\",\"impulso nuestra primera cancion juntos\",\"impulso video\",\"Noticia\",\"nuevo single barei\",\"Pedro Palomo\",\"Pedro Palomo Eurovision\",\"Pedro Palomo Vivaeurovision\",\"ruben villanueva\",\"ruben villanueva impulso\",\"SAY YAY!\",\"vivaeurovision\"],\"articleSection\":[\"Entrevistas\",\"Espa\u00f1a en Eurovisi\u00f3n\",\"eurovision\",\"Eurovisi\u00f3n 2016\",\"Inicio\",\"Noticia\",\"Noticias\",\"Rinc\u00f3n VIVALAMUSICA\",\"Ultima Hora\"],\"inLanguage\":\"es\",\"potentialAction\":[{\"@type\":\"CommentAction\",\"name\":\"Comment\",\"target\":[\"https:\\\/\\\/www.vivaeurovision.com\\\/index.php\\\/2017\\\/10\\\/06\\\/5500-barei-impulso\\\/#respond\"]}]},{\"@type\":\"WebPage\",\"@id\":\"https:\\\/\\\/www.vivaeurovision.com\\\/index.php\\\/2017\\\/10\\\/06\\\/5500-barei-impulso\\\/\",\"url\":\"https:\\\/\\\/www.vivaeurovision.com\\\/index.php\\\/2017\\\/10\\\/06\\\/5500-barei-impulso\\\/\",\"name\":\"Barei: IMPULSO es un sue\u00f1o cumplido que jam\u00e1s olvidar\u00e9. Rub\u00e9n Villanueva: Los coros han mantenido la esencia y mag\u00eda contiene IMPULSO - VIVAEUROVISION viva eurovision\",\"isPartOf\":{\"@id\":\"https:\\\/\\\/www.vivaeurovision.com\\\/#website\"},\"primaryImageOfPage\":{\"@id\":\"https:\\\/\\\/www.vivaeurovision.com\\\/index.php\\\/2017\\\/10\\\/06\\\/5500-barei-impulso\\\/#primaryimage\"},\"image\":{\"@id\":\"https:\\\/\\\/www.vivaeurovision.com\\\/index.php\\\/2017\\\/10\\\/06\\\/5500-barei-impulso\\\/#primaryimage\"},\"thumbnailUrl\":\"https:\\\/\\\/www.vivaeurovision.com\\\/wp-content\\\/uploads\\\/2017\\\/10\\\/impulsoBarei1.jpg\",\"datePublished\":\"2017-10-06T09:11:06+00:00\",\"dateModified\":\"2017-11-06T18:01:28+00:00\",\"description\":\"barei, barei impulso, impulso, b-fighter feat barei impulso, impulso nuestra primera cancion juntos, vivaeurovision, eurovision, pedro palomo\",\"breadcrumb\":{\"@id\":\"https:\\\/\\\/www.vivaeurovision.com\\\/index.php\\\/2017\\\/10\\\/06\\\/5500-barei-impulso\\\/#breadcrumb\"},\"inLanguage\":\"es\",\"potentialAction\":[{\"@type\":\"ReadAction\",\"target\":[\"https:\\\/\\\/www.vivaeurovision.com\\\/index.php\\\/2017\\\/10\\\/06\\\/5500-barei-impulso\\\/\"]}]},{\"@type\":\"ImageObject\",\"inLanguage\":\"es\",\"@id\":\"https:\\\/\\\/www.vivaeurovision.com\\\/index.php\\\/2017\\\/10\\\/06\\\/5500-barei-impulso\\\/#primaryimage\",\"url\":\"https:\\\/\\\/www.vivaeurovision.com\\\/wp-content\\\/uploads\\\/2017\\\/10\\\/impulsoBarei1.jpg\",\"contentUrl\":\"https:\\\/\\\/www.vivaeurovision.com\\\/wp-content\\\/uploads\\\/2017\\\/10\\\/impulsoBarei1.jpg\",\"width\":1181,\"height\":552},{\"@type\":\"BreadcrumbList\",\"@id\":\"https:\\\/\\\/www.vivaeurovision.com\\\/index.php\\\/2017\\\/10\\\/06\\\/5500-barei-impulso\\\/#breadcrumb\",\"itemListElement\":[{\"@type\":\"ListItem\",\"position\":1,\"name\":\"Portada\",\"item\":\"https:\\\/\\\/www.vivaeurovision.com\\\/\"},{\"@type\":\"ListItem\",\"position\":2,\"name\":\"Barei: IMPULSO es un sue\u00f1o cumplido que jam\u00e1s olvidar\u00e9. Rub\u00e9n Villanueva: Los coros han mantenido la esencia y mag\u00eda contiene IMPULSO\"}]},{\"@type\":\"WebSite\",\"@id\":\"https:\\\/\\\/www.vivaeurovision.com\\\/#website\",\"url\":\"https:\\\/\\\/www.vivaeurovision.com\\\/\",\"name\":\"VIVAEUROVISION viva eurovision\",\"description\":\"Tu portal sobre el Festival de Eurovision, eurovision, eurovisi\u00f3n\",\"publisher\":{\"@id\":\"https:\\\/\\\/www.vivaeurovision.com\\\/#organization\"},\"potentialAction\":[{\"@type\":\"SearchAction\",\"target\":{\"@type\":\"EntryPoint\",\"urlTemplate\":\"https:\\\/\\\/www.vivaeurovision.com\\\/?s={search_term_string}\"},\"query-input\":{\"@type\":\"PropertyValueSpecification\",\"valueRequired\":true,\"valueName\":\"search_term_string\"}}],\"inLanguage\":\"es\"},{\"@type\":\"Organization\",\"@id\":\"https:\\\/\\\/www.vivaeurovision.com\\\/#organization\",\"name\":\"vivaeurovision\",\"url\":\"https:\\\/\\\/www.vivaeurovision.com\\\/\",\"logo\":{\"@type\":\"ImageObject\",\"inLanguage\":\"es\",\"@id\":\"https:\\\/\\\/www.vivaeurovision.com\\\/#\\\/schema\\\/logo\\\/image\\\/\",\"url\":\"https:\\\/\\\/www.vivaeurovision.com\\\/wp-content\\\/uploads\\\/2016\\\/01\\\/cropped-image-21-1.jpeg\",\"contentUrl\":\"https:\\\/\\\/www.vivaeurovision.com\\\/wp-content\\\/uploads\\\/2016\\\/01\\\/cropped-image-21-1.jpeg\",\"width\":669,\"height\":368,\"caption\":\"vivaeurovision\"},\"image\":{\"@id\":\"https:\\\/\\\/www.vivaeurovision.com\\\/#\\\/schema\\\/logo\\\/image\\\/\"}},{\"@type\":\"Person\",\"@id\":\"https:\\\/\\\/www.vivaeurovision.com\\\/#\\\/schema\\\/person\\\/1d31fdaa3f5f7df556f73d164bd3c47a\",\"name\":\"Pedro Palomo\",\"image\":{\"@type\":\"ImageObject\",\"inLanguage\":\"es\",\"@id\":\"https:\\\/\\\/secure.gravatar.com\\\/avatar\\\/4cf9a4877f5f71f44fb7cedbe1bac1bd28bd8ce7a217517d98d5b2117f9f5505?s=96&d=mm&r=g\",\"url\":\"https:\\\/\\\/secure.gravatar.com\\\/avatar\\\/4cf9a4877f5f71f44fb7cedbe1bac1bd28bd8ce7a217517d98d5b2117f9f5505?s=96&d=mm&r=g\",\"contentUrl\":\"https:\\\/\\\/secure.gravatar.com\\\/avatar\\\/4cf9a4877f5f71f44fb7cedbe1bac1bd28bd8ce7a217517d98d5b2117f9f5505?s=96&d=mm&r=g\",\"caption\":\"Pedro Palomo\"},\"sameAs\":[\"http:\\\/\\\/www.vivaeurovision.com\",\"@pedrobcn\",\"https:\\\/\\\/x.com\\\/@pedropalomobcn\"]}]}<\/script>\n<!-- \/ Yoast SEO plugin. -->","yoast_head_json":{"title":"Barei: IMPULSO es un sue\u00f1o cumplido que jam\u00e1s olvidar\u00e9. Rub\u00e9n Villanueva: Los coros han mantenido la esencia y mag\u00eda contiene IMPULSO - VIVAEUROVISION viva eurovision","description":"barei, barei impulso, impulso, b-fighter feat barei impulso, impulso nuestra primera cancion juntos, vivaeurovision, eurovision, pedro palomo","robots":{"index":"index","follow":"follow","max-snippet":"max-snippet:-1","max-image-preview":"max-image-preview:large","max-video-preview":"max-video-preview:-1"},"canonical":"https:\/\/www.vivaeurovision.com\/index.php\/2017\/10\/06\/5500-barei-impulso\/","og_locale":"es_ES","og_type":"article","og_title":"Barei: IMPULSO es un sue\u00f1o cumplido que jam\u00e1s olvidar\u00e9. Rub\u00e9n Villanueva: Los coros han mantenido la esencia y mag\u00eda contiene IMPULSO - VIVAEUROVISION viva eurovision","og_description":"barei, barei impulso, impulso, b-fighter feat barei impulso, impulso nuestra primera cancion juntos, vivaeurovision, eurovision, pedro palomo","og_url":"https:\/\/www.vivaeurovision.com\/index.php\/2017\/10\/06\/5500-barei-impulso\/","og_site_name":"VIVAEUROVISION viva eurovision","article_published_time":"2017-10-06T09:11:06+00:00","article_modified_time":"2017-11-06T18:01:28+00:00","og_image":[{"width":1181,"height":552,"url":"https:\/\/www.vivaeurovision.com\/wp-content\/uploads\/2017\/10\/impulsoBarei1.jpg","type":"image\/jpeg"}],"author":"Pedro Palomo","twitter_card":"summary_large_image","twitter_creator":"@pedropalomobcn","twitter_misc":{"Escrito por":"Pedro Palomo","Tiempo de lectura":"2 minutos"},"schema":{"@context":"https:\/\/schema.org","@graph":[{"@type":"Article","@id":"https:\/\/www.vivaeurovision.com\/index.php\/2017\/10\/06\/5500-barei-impulso\/#article","isPartOf":{"@id":"https:\/\/www.vivaeurovision.com\/index.php\/2017\/10\/06\/5500-barei-impulso\/"},"author":{"name":"Pedro Palomo","@id":"https:\/\/www.vivaeurovision.com\/#\/schema\/person\/1d31fdaa3f5f7df556f73d164bd3c47a"},"headline":"Barei: IMPULSO es un sue\u00f1o cumplido que jam\u00e1s olvidar\u00e9. Rub\u00e9n Villanueva: Los coros han mantenido la esencia y mag\u00eda contiene IMPULSO","datePublished":"2017-10-06T09:11:06+00:00","dateModified":"2017-11-06T18:01:28+00:00","mainEntityOfPage":{"@id":"https:\/\/www.vivaeurovision.com\/index.php\/2017\/10\/06\/5500-barei-impulso\/"},"wordCount":328,"commentCount":0,"publisher":{"@id":"https:\/\/www.vivaeurovision.com\/#organization"},"image":{"@id":"https:\/\/www.vivaeurovision.com\/index.php\/2017\/10\/06\/5500-barei-impulso\/#primaryimage"},"thumbnailUrl":"https:\/\/www.vivaeurovision.com\/wp-content\/uploads\/2017\/10\/impulsoBarei1.jpg","keywords":["b-fighters feat. Barei Impulso","Barei","Barei Coro","barei eurovision","Barei Impulso","barei impulso nuestra primera cancion juntos","Barei music","coro de Barei","Entrevista","Entrevista Barei","Eurovision","Eurovisi\u00f3n 2016","Impulso","impulso barei","impulso nuestra primera cancion juntos","impulso video","Noticia","nuevo single barei","Pedro Palomo","Pedro Palomo Eurovision","Pedro Palomo Vivaeurovision","ruben villanueva","ruben villanueva impulso","SAY YAY!","vivaeurovision"],"articleSection":["Entrevistas","Espa\u00f1a en Eurovisi\u00f3n","eurovision","Eurovisi\u00f3n 2016","Inicio","Noticia","Noticias","Rinc\u00f3n VIVALAMUSICA","Ultima Hora"],"inLanguage":"es","potentialAction":[{"@type":"CommentAction","name":"Comment","target":["https:\/\/www.vivaeurovision.com\/index.php\/2017\/10\/06\/5500-barei-impulso\/#respond"]}]},{"@type":"WebPage","@id":"https:\/\/www.vivaeurovision.com\/index.php\/2017\/10\/06\/5500-barei-impulso\/","url":"https:\/\/www.vivaeurovision.com\/index.php\/2017\/10\/06\/5500-barei-impulso\/","name":"Barei: IMPULSO es un sue\u00f1o cumplido que jam\u00e1s olvidar\u00e9. Rub\u00e9n Villanueva: Los coros han mantenido la esencia y mag\u00eda contiene IMPULSO - VIVAEUROVISION viva eurovision","isPartOf":{"@id":"https:\/\/www.vivaeurovision.com\/#website"},"primaryImageOfPage":{"@id":"https:\/\/www.vivaeurovision.com\/index.php\/2017\/10\/06\/5500-barei-impulso\/#primaryimage"},"image":{"@id":"https:\/\/www.vivaeurovision.com\/index.php\/2017\/10\/06\/5500-barei-impulso\/#primaryimage"},"thumbnailUrl":"https:\/\/www.vivaeurovision.com\/wp-content\/uploads\/2017\/10\/impulsoBarei1.jpg","datePublished":"2017-10-06T09:11:06+00:00","dateModified":"2017-11-06T18:01:28+00:00","description":"barei, barei impulso, impulso, b-fighter feat barei impulso, impulso nuestra primera cancion juntos, vivaeurovision, eurovision, pedro palomo","breadcrumb":{"@id":"https:\/\/www.vivaeurovision.com\/index.php\/2017\/10\/06\/5500-barei-impulso\/#breadcrumb"},"inLanguage":"es","potentialAction":[{"@type":"ReadAction","target":["https:\/\/www.vivaeurovision.com\/index.php\/2017\/10\/06\/5500-barei-impulso\/"]}]},{"@type":"ImageObject","inLanguage":"es","@id":"https:\/\/www.vivaeurovision.com\/index.php\/2017\/10\/06\/5500-barei-impulso\/#primaryimage","url":"https:\/\/www.vivaeurovision.com\/wp-content\/uploads\/2017\/10\/impulsoBarei1.jpg","contentUrl":"https:\/\/www.vivaeurovision.com\/wp-content\/uploads\/2017\/10\/impulsoBarei1.jpg","width":1181,"height":552},{"@type":"BreadcrumbList","@id":"https:\/\/www.vivaeurovision.com\/index.php\/2017\/10\/06\/5500-barei-impulso\/#breadcrumb","itemListElement":[{"@type":"ListItem","position":1,"name":"Portada","item":"https:\/\/www.vivaeurovision.com\/"},{"@type":"ListItem","position":2,"name":"Barei: IMPULSO es un sue\u00f1o cumplido que jam\u00e1s olvidar\u00e9. Rub\u00e9n Villanueva: Los coros han mantenido la esencia y mag\u00eda contiene IMPULSO"}]},{"@type":"WebSite","@id":"https:\/\/www.vivaeurovision.com\/#website","url":"https:\/\/www.vivaeurovision.com\/","name":"VIVAEUROVISION viva eurovision","description":"Tu portal sobre el Festival de Eurovision, eurovision, eurovisi\u00f3n","publisher":{"@id":"https:\/\/www.vivaeurovision.com\/#organization"},"potentialAction":[{"@type":"SearchAction","target":{"@type":"EntryPoint","urlTemplate":"https:\/\/www.vivaeurovision.com\/?s={search_term_string}"},"query-input":{"@type":"PropertyValueSpecification","valueRequired":true,"valueName":"search_term_string"}}],"inLanguage":"es"},{"@type":"Organization","@id":"https:\/\/www.vivaeurovision.com\/#organization","name":"vivaeurovision","url":"https:\/\/www.vivaeurovision.com\/","logo":{"@type":"ImageObject","inLanguage":"es","@id":"https:\/\/www.vivaeurovision.com\/#\/schema\/logo\/image\/","url":"https:\/\/www.vivaeurovision.com\/wp-content\/uploads\/2016\/01\/cropped-image-21-1.jpeg","contentUrl":"https:\/\/www.vivaeurovision.com\/wp-content\/uploads\/2016\/01\/cropped-image-21-1.jpeg","width":669,"height":368,"caption":"vivaeurovision"},"image":{"@id":"https:\/\/www.vivaeurovision.com\/#\/schema\/logo\/image\/"}},{"@type":"Person","@id":"https:\/\/www.vivaeurovision.com\/#\/schema\/person\/1d31fdaa3f5f7df556f73d164bd3c47a","name":"Pedro Palomo","image":{"@type":"ImageObject","inLanguage":"es","@id":"https:\/\/secure.gravatar.com\/avatar\/4cf9a4877f5f71f44fb7cedbe1bac1bd28bd8ce7a217517d98d5b2117f9f5505?s=96&d=mm&r=g","url":"https:\/\/secure.gravatar.com\/avatar\/4cf9a4877f5f71f44fb7cedbe1bac1bd28bd8ce7a217517d98d5b2117f9f5505?s=96&d=mm&r=g","contentUrl":"https:\/\/secure.gravatar.com\/avatar\/4cf9a4877f5f71f44fb7cedbe1bac1bd28bd8ce7a217517d98d5b2117f9f5505?s=96&d=mm&r=g","caption":"Pedro Palomo"},"sameAs":["http:\/\/www.vivaeurovision.com","@pedrobcn","https:\/\/x.com\/@pedropalomobcn"]}]}},"_links":{"self":[{"href":"https:\/\/www.vivaeurovision.com\/index.php\/wp-json\/wp\/v2\/posts\/5500","targetHints":{"allow":["GET"]}}],"collection":[{"href":"https:\/\/www.vivaeurovision.com\/index.php\/wp-json\/wp\/v2\/posts"}],"about":[{"href":"https:\/\/www.vivaeurovision.com\/index.php\/wp-json\/wp\/v2\/types\/post"}],"author":[{"embeddable":true,"href":"https:\/\/www.vivaeurovision.com\/index.php\/wp-json\/wp\/v2\/users\/1"}],"replies":[{"embeddable":true,"href":"https:\/\/www.vivaeurovision.com\/index.php\/wp-json\/wp\/v2\/comments?post=5500"}],"version-history":[{"count":3,"href":"https:\/\/www.vivaeurovision.com\/index.php\/wp-json\/wp\/v2\/posts\/5500\/revisions"}],"predecessor-version":[{"id":5505,"href":"https:\/\/www.vivaeurovision.com\/index.php\/wp-json\/wp\/v2\/posts\/5500\/revisions\/5505"}],"wp:featuredmedia":[{"embeddable":true,"href":"https:\/\/www.vivaeurovision.com\/index.php\/wp-json\/wp\/v2\/media\/5503"}],"wp:attachment":[{"href":"https:\/\/www.vivaeurovision.com\/index.php\/wp-json\/wp\/v2\/media?parent=5500"}],"wp:term":[{"taxonomy":"category","embeddable":true,"href":"https:\/\/www.vivaeurovision.com\/index.php\/wp-json\/wp\/v2\/categories?post=5500"},{"taxonomy":"post_tag","embeddable":true,"href":"https:\/\/www.vivaeurovision.com\/index.php\/wp-json\/wp\/v2\/tags?post=5500"}],"curies":[{"name":"wp","href":"https:\/\/api.w.org\/{rel}","templated":true}]}}