{"id":5533,"date":"2017-10-21T01:35:53","date_gmt":"2017-10-21T01:35:53","guid":{"rendered":"http:\/\/www.vivaeurovision.com\/?p=5533"},"modified":"2017-10-21T02:09:51","modified_gmt":"2017-10-21T02:09:51","slug":"5533-eurovision","status":"publish","type":"post","link":"https:\/\/www.vivaeurovision.com\/index.php\/2017\/10\/21\/5533-eurovision\/","title":{"rendered":"Miquel Fern\u00e1ndez se alza con el triunfo de la gala de TCMS imitando a Salvador Sobral"},"content":{"rendered":"<h2>Miquel Fern\u00e1ndez se alza con el triunfo de la gala de TCMS imitando a Salvador Sobral<\/h2>\n<p><img loading=\"lazy\" decoding=\"async\" class=\"alignnone wp-image-5563 size-medium\" src=\"http:\/\/www.vivaeurovision.com\/wp-content\/uploads\/2017\/10\/E1AEC026-AA3F-439F-93CF-C971B96F2F2B-300x200.jpeg\" alt=\"eurovision \" width=\"300\" height=\"200\" \/><\/p>\n<p>Imagen: \u00a9Antena3 Tu Cara Me Suena<\/p>\n<p>El polifac\u00e9tico actor Miquel Fern\u00e1ndez, ha emocionado a p\u00fablico y jurado con su magistral imitaci\u00f3n de Salvador Sobral, ganador del Festival de Eurovisi\u00f3n 2017 con el tema Amar Pelos Dois.<\/p>\n<p>Tras la emoci\u00f3n sentida en el plat\u00f3 y en la peque\u00f1a pantalla, Miquel Fern\u00e1ndez se ha alzado con el triunfo un\u00e1nime de p\u00fablico y jurado de la cuarta gala de Tu Cara Me Suena, adem\u00e1s siendo Trending Topic en Twitter, el hashtag oficial del programa durante toda la gala #TCMS4 y posteriormente ha sido TT Salvador Sobral y Miquel Fern\u00e1ndez, un triunfo avalado tambi\u00e9n en las redes sociales.<\/p>\n<p>Bonito homenaje con un mensaje de fuerza para el flamante ganador de Eurovisi\u00f3n Salvador Sobral. Con el que han logrado que suba directo al top5 de ventas digitales en Espa\u00f1a tras finalizar el programa.<\/p>\n<p><img loading=\"lazy\" decoding=\"async\" class=\"alignnone size-medium wp-image-5569\" src=\"http:\/\/www.vivaeurovision.com\/wp-content\/uploads\/2017\/10\/64C405B3-37B7-4D1A-AAFF-BCA027CEB43D-198x300.jpeg\" alt=\"eurovision\" width=\"198\" height=\"300\" srcset=\"https:\/\/www.vivaeurovision.com\/wp-content\/uploads\/2017\/10\/64C405B3-37B7-4D1A-AAFF-BCA027CEB43D-198x300.jpeg 198w, https:\/\/www.vivaeurovision.com\/wp-content\/uploads\/2017\/10\/64C405B3-37B7-4D1A-AAFF-BCA027CEB43D-700x1059.jpeg 700w, https:\/\/www.vivaeurovision.com\/wp-content\/uploads\/2017\/10\/64C405B3-37B7-4D1A-AAFF-BCA027CEB43D.jpeg 1222w\" sizes=\"auto, (max-width: 198px) 100vw, 198px\" \/><\/p>\n<h3><a href=\"http:\/\/www.antena3.com\/programas\/tu-cara-me-suena\/galas\/un-emotivo-miquel-fernandez-nos-sorprende-con-su-imitacion-de-amar-pelos-dois-de-salvador-sobral_2017102059ea7c9e0cf2fc58bff7769b.html\" target=\"_blank\" rel=\"noopener\">Clica aqu\u00ed para ver su actuaci\u00f3n <\/a><\/h3>\n<p>&nbsp;<\/p>\n<p><img loading=\"lazy\" decoding=\"async\" class=\"alignnone size-medium wp-image-311\" src=\"http:\/\/www.vivaeurovision.com\/wp-content\/uploads\/2016\/01\/image-21-300x165.jpeg\" alt=\"VIVAEUROVISION.COM\" width=\"300\" height=\"165\" srcset=\"https:\/\/www.vivaeurovision.com\/wp-content\/uploads\/2016\/01\/image-21-300x165.jpeg 300w, https:\/\/www.vivaeurovision.com\/wp-content\/uploads\/2016\/01\/image-21-555x305.jpeg 555w, https:\/\/www.vivaeurovision.com\/wp-content\/uploads\/2016\/01\/image-21.jpeg 669w\" sizes=\"auto, (max-width: 300px) 100vw, 300px\" \/><\/p>\n<p>Twitter\u00a0<strong> <a href=\"https:\/\/twitter.com\/viva_eurovision\" target=\"_blank\" rel=\"noopener noreferrer\">@viva_eurovision<\/a>\u00a0 <a href=\"https:\/\/www.facebook.com\/Vivaeurovisioncom-867806686671081\/?fref=nf\" target=\"_blank\" rel=\"noopener noreferrer\">FACEBOOK OFICIAL VIVA EUROVISION <\/a><\/strong>Instragram <strong>\u00a0<\/strong><a href=\"https:\/\/www.instagram.com\/vivaeurovision\/\" target=\"_blank\" rel=\"noopener noreferrer\"><strong>@vivaeurovision<\/strong><\/a><\/p>\n<p>Redactor: Pedro Palomo <a href=\"https:\/\/twitter.com\/pedropalomobcn?lang=es\"><strong>@pedropalomobcn<\/strong><\/a><strong>\u00a0<\/strong>Instagram <a href=\"https:\/\/www.instagram.com\/pedrobcn\/\" target=\"_blank\" rel=\"noopener noreferrer\"><strong>@pedrobcn<\/strong><\/a><\/p>\n","protected":false},"excerpt":{"rendered":"<p>Miquel Fern\u00e1ndez se alza con el triunfo de la gala de TCMS imitando a Salvador Sobral Imagen: \u00a9Antena3 Tu Cara Me Suena El polifac\u00e9tico actor Miquel Fern\u00e1ndez, ha emocionado a&#46;&#46;&#46;<\/p>\n","protected":false},"author":1,"featured_media":5567,"comment_status":"open","ping_status":"closed","sticky":false,"template":"","format":"standard","meta":{"_exactmetrics_skip_tracking":false,"_exactmetrics_sitenote_active":false,"_exactmetrics_sitenote_note":"","_exactmetrics_sitenote_category":0,"footnotes":""},"categories":[1195,876,2144,4,1188,2,3],"tags":[2351,11,670,2086,2142,2289,1476,2452,2453,19,20,766,1728,2454],"class_list":["post-5533","post","type-post","status-publish","format-standard","has-post-thumbnail","hentry","category-eurovision-2","category-eurovision-2017","category-eurovision-2018","category-eurovision","category-noticia-2","category-noticia","category-ultima-hora","tag-amar-pelos-dois","tag-eurovision","tag-eurovision-2017","tag-eurovision-2018","tag-eurovision-lisboa-2018","tag-eurovision-lisbon-2018","tag-eurovision-song-contest","tag-miquel-fernandez-salvador-sobral","tag-miquel-fernandez-tu-cara-me-suena","tag-pedro-palomo","tag-pedro-palomo-eurovision","tag-pedro-palomo-vivaeurovision","tag-salvador-sobral-eurovision","tag-tu-cara-me-suena-salvador-sobral"],"yoast_head":"<!-- This site is optimized with the Yoast SEO plugin v27.5 - https:\/\/yoast.com\/product\/yoast-seo-wordpress\/ -->\n<title>Miquel Fern\u00e1ndez se alza con el triunfo de la gala de TCMS imitando a Salvador Sobral - VIVAEUROVISION viva eurovision<\/title>\n<meta name=\"description\" content=\"eurovision, tu cara me suena Salvador Sobral, Miquel Fern\u00e1ndez Salvador Sobral, vivaeurovision, tu cara me suena 6, Salvador Sobral\" \/>\n<meta name=\"robots\" content=\"index, follow, max-snippet:-1, max-image-preview:large, max-video-preview:-1\" \/>\n<link rel=\"canonical\" href=\"https:\/\/www.vivaeurovision.com\/index.php\/2017\/10\/21\/5533-eurovision\/\" \/>\n<meta property=\"og:locale\" content=\"es_ES\" \/>\n<meta property=\"og:type\" content=\"article\" \/>\n<meta property=\"og:title\" content=\"Miquel Fern\u00e1ndez se alza con el triunfo de la gala de TCMS imitando a Salvador Sobral - VIVAEUROVISION viva eurovision\" \/>\n<meta property=\"og:description\" content=\"eurovision, tu cara me suena Salvador Sobral, Miquel Fern\u00e1ndez Salvador Sobral, vivaeurovision, tu cara me suena 6, Salvador Sobral\" \/>\n<meta property=\"og:url\" content=\"https:\/\/www.vivaeurovision.com\/index.php\/2017\/10\/21\/5533-eurovision\/\" \/>\n<meta property=\"og:site_name\" content=\"VIVAEUROVISION viva eurovision\" \/>\n<meta property=\"article:published_time\" content=\"2017-10-21T01:35:53+00:00\" \/>\n<meta property=\"article:modified_time\" content=\"2017-10-21T02:09:51+00:00\" \/>\n<meta property=\"og:image\" content=\"https:\/\/www.vivaeurovision.com\/wp-content\/uploads\/2017\/10\/B15FC55F-F44F-40DA-A60E-4C7EB1DA2199.jpeg\" \/>\n\t<meta property=\"og:image:width\" content=\"2592\" \/>\n\t<meta property=\"og:image:height\" content=\"1458\" \/>\n\t<meta property=\"og:image:type\" content=\"image\/jpeg\" \/>\n<meta name=\"author\" content=\"Pedro Palomo\" \/>\n<meta name=\"twitter:card\" content=\"summary_large_image\" \/>\n<meta name=\"twitter:creator\" content=\"@pedropalomobcn\" \/>\n<meta name=\"twitter:label1\" content=\"Escrito por\" \/>\n\t<meta name=\"twitter:data1\" content=\"Pedro Palomo\" \/>\n\t<meta name=\"twitter:label2\" content=\"Tiempo de lectura\" \/>\n\t<meta name=\"twitter:data2\" content=\"1 minuto\" \/>\n<script type=\"application\/ld+json\" class=\"yoast-schema-graph\">{\"@context\":\"https:\\\/\\\/schema.org\",\"@graph\":[{\"@type\":\"Article\",\"@id\":\"https:\\\/\\\/www.vivaeurovision.com\\\/index.php\\\/2017\\\/10\\\/21\\\/5533-eurovision\\\/#article\",\"isPartOf\":{\"@id\":\"https:\\\/\\\/www.vivaeurovision.com\\\/index.php\\\/2017\\\/10\\\/21\\\/5533-eurovision\\\/\"},\"author\":{\"name\":\"Pedro Palomo\",\"@id\":\"https:\\\/\\\/www.vivaeurovision.com\\\/#\\\/schema\\\/person\\\/1d31fdaa3f5f7df556f73d164bd3c47a\"},\"headline\":\"Miquel Fern\u00e1ndez se alza con el triunfo de la gala de TCMS imitando a Salvador Sobral\",\"datePublished\":\"2017-10-21T01:35:53+00:00\",\"dateModified\":\"2017-10-21T02:09:51+00:00\",\"mainEntityOfPage\":{\"@id\":\"https:\\\/\\\/www.vivaeurovision.com\\\/index.php\\\/2017\\\/10\\\/21\\\/5533-eurovision\\\/\"},\"wordCount\":209,\"commentCount\":0,\"publisher\":{\"@id\":\"https:\\\/\\\/www.vivaeurovision.com\\\/#organization\"},\"image\":{\"@id\":\"https:\\\/\\\/www.vivaeurovision.com\\\/index.php\\\/2017\\\/10\\\/21\\\/5533-eurovision\\\/#primaryimage\"},\"thumbnailUrl\":\"https:\\\/\\\/www.vivaeurovision.com\\\/wp-content\\\/uploads\\\/2017\\\/10\\\/B15FC55F-F44F-40DA-A60E-4C7EB1DA2199.jpeg\",\"keywords\":[\"amar pelos dois\",\"Eurovision\",\"Eurovision 2017\",\"eurovision 2018\",\"eurovision Lisboa 2018\",\"eurovision lisbon 2018\",\"eurovision song contest\",\"Miquel Fern\u00e1ndez Salvador Sobral\",\"Miquel Fern\u00e1ndez Tu Cara Me Suena\",\"Pedro Palomo\",\"Pedro Palomo Eurovision\",\"Pedro Palomo Vivaeurovision\",\"Salvador Sobral eurovision\",\"Tu Cara Me Suena Salvador Sobral\"],\"articleSection\":[\"eurovision\",\"Eurovisi\u00f3n 2017\",\"eurovision 2018\",\"Inicio\",\"Noticia\",\"Noticias\",\"Ultima Hora\"],\"inLanguage\":\"es\",\"potentialAction\":[{\"@type\":\"CommentAction\",\"name\":\"Comment\",\"target\":[\"https:\\\/\\\/www.vivaeurovision.com\\\/index.php\\\/2017\\\/10\\\/21\\\/5533-eurovision\\\/#respond\"]}]},{\"@type\":\"WebPage\",\"@id\":\"https:\\\/\\\/www.vivaeurovision.com\\\/index.php\\\/2017\\\/10\\\/21\\\/5533-eurovision\\\/\",\"url\":\"https:\\\/\\\/www.vivaeurovision.com\\\/index.php\\\/2017\\\/10\\\/21\\\/5533-eurovision\\\/\",\"name\":\"Miquel Fern\u00e1ndez se alza con el triunfo de la gala de TCMS imitando a Salvador Sobral - VIVAEUROVISION viva eurovision\",\"isPartOf\":{\"@id\":\"https:\\\/\\\/www.vivaeurovision.com\\\/#website\"},\"primaryImageOfPage\":{\"@id\":\"https:\\\/\\\/www.vivaeurovision.com\\\/index.php\\\/2017\\\/10\\\/21\\\/5533-eurovision\\\/#primaryimage\"},\"image\":{\"@id\":\"https:\\\/\\\/www.vivaeurovision.com\\\/index.php\\\/2017\\\/10\\\/21\\\/5533-eurovision\\\/#primaryimage\"},\"thumbnailUrl\":\"https:\\\/\\\/www.vivaeurovision.com\\\/wp-content\\\/uploads\\\/2017\\\/10\\\/B15FC55F-F44F-40DA-A60E-4C7EB1DA2199.jpeg\",\"datePublished\":\"2017-10-21T01:35:53+00:00\",\"dateModified\":\"2017-10-21T02:09:51+00:00\",\"description\":\"eurovision, tu cara me suena Salvador Sobral, Miquel Fern\u00e1ndez Salvador Sobral, vivaeurovision, tu cara me suena 6, Salvador Sobral\",\"breadcrumb\":{\"@id\":\"https:\\\/\\\/www.vivaeurovision.com\\\/index.php\\\/2017\\\/10\\\/21\\\/5533-eurovision\\\/#breadcrumb\"},\"inLanguage\":\"es\",\"potentialAction\":[{\"@type\":\"ReadAction\",\"target\":[\"https:\\\/\\\/www.vivaeurovision.com\\\/index.php\\\/2017\\\/10\\\/21\\\/5533-eurovision\\\/\"]}]},{\"@type\":\"ImageObject\",\"inLanguage\":\"es\",\"@id\":\"https:\\\/\\\/www.vivaeurovision.com\\\/index.php\\\/2017\\\/10\\\/21\\\/5533-eurovision\\\/#primaryimage\",\"url\":\"https:\\\/\\\/www.vivaeurovision.com\\\/wp-content\\\/uploads\\\/2017\\\/10\\\/B15FC55F-F44F-40DA-A60E-4C7EB1DA2199.jpeg\",\"contentUrl\":\"https:\\\/\\\/www.vivaeurovision.com\\\/wp-content\\\/uploads\\\/2017\\\/10\\\/B15FC55F-F44F-40DA-A60E-4C7EB1DA2199.jpeg\",\"width\":2592,\"height\":1458},{\"@type\":\"BreadcrumbList\",\"@id\":\"https:\\\/\\\/www.vivaeurovision.com\\\/index.php\\\/2017\\\/10\\\/21\\\/5533-eurovision\\\/#breadcrumb\",\"itemListElement\":[{\"@type\":\"ListItem\",\"position\":1,\"name\":\"Portada\",\"item\":\"https:\\\/\\\/www.vivaeurovision.com\\\/\"},{\"@type\":\"ListItem\",\"position\":2,\"name\":\"Miquel Fern\u00e1ndez se alza con el triunfo de la gala de TCMS imitando a Salvador Sobral\"}]},{\"@type\":\"WebSite\",\"@id\":\"https:\\\/\\\/www.vivaeurovision.com\\\/#website\",\"url\":\"https:\\\/\\\/www.vivaeurovision.com\\\/\",\"name\":\"VIVAEUROVISION viva eurovision\",\"description\":\"Tu portal sobre el Festival de Eurovision, eurovision, eurovisi\u00f3n\",\"publisher\":{\"@id\":\"https:\\\/\\\/www.vivaeurovision.com\\\/#organization\"},\"potentialAction\":[{\"@type\":\"SearchAction\",\"target\":{\"@type\":\"EntryPoint\",\"urlTemplate\":\"https:\\\/\\\/www.vivaeurovision.com\\\/?s={search_term_string}\"},\"query-input\":{\"@type\":\"PropertyValueSpecification\",\"valueRequired\":true,\"valueName\":\"search_term_string\"}}],\"inLanguage\":\"es\"},{\"@type\":\"Organization\",\"@id\":\"https:\\\/\\\/www.vivaeurovision.com\\\/#organization\",\"name\":\"vivaeurovision\",\"url\":\"https:\\\/\\\/www.vivaeurovision.com\\\/\",\"logo\":{\"@type\":\"ImageObject\",\"inLanguage\":\"es\",\"@id\":\"https:\\\/\\\/www.vivaeurovision.com\\\/#\\\/schema\\\/logo\\\/image\\\/\",\"url\":\"https:\\\/\\\/www.vivaeurovision.com\\\/wp-content\\\/uploads\\\/2016\\\/01\\\/cropped-image-21-1.jpeg\",\"contentUrl\":\"https:\\\/\\\/www.vivaeurovision.com\\\/wp-content\\\/uploads\\\/2016\\\/01\\\/cropped-image-21-1.jpeg\",\"width\":669,\"height\":368,\"caption\":\"vivaeurovision\"},\"image\":{\"@id\":\"https:\\\/\\\/www.vivaeurovision.com\\\/#\\\/schema\\\/logo\\\/image\\\/\"}},{\"@type\":\"Person\",\"@id\":\"https:\\\/\\\/www.vivaeurovision.com\\\/#\\\/schema\\\/person\\\/1d31fdaa3f5f7df556f73d164bd3c47a\",\"name\":\"Pedro Palomo\",\"image\":{\"@type\":\"ImageObject\",\"inLanguage\":\"es\",\"@id\":\"https:\\\/\\\/secure.gravatar.com\\\/avatar\\\/4cf9a4877f5f71f44fb7cedbe1bac1bd28bd8ce7a217517d98d5b2117f9f5505?s=96&d=mm&r=g\",\"url\":\"https:\\\/\\\/secure.gravatar.com\\\/avatar\\\/4cf9a4877f5f71f44fb7cedbe1bac1bd28bd8ce7a217517d98d5b2117f9f5505?s=96&d=mm&r=g\",\"contentUrl\":\"https:\\\/\\\/secure.gravatar.com\\\/avatar\\\/4cf9a4877f5f71f44fb7cedbe1bac1bd28bd8ce7a217517d98d5b2117f9f5505?s=96&d=mm&r=g\",\"caption\":\"Pedro Palomo\"},\"sameAs\":[\"http:\\\/\\\/www.vivaeurovision.com\",\"@pedrobcn\",\"https:\\\/\\\/x.com\\\/@pedropalomobcn\"]}]}<\/script>\n<!-- \/ Yoast SEO plugin. -->","yoast_head_json":{"title":"Miquel Fern\u00e1ndez se alza con el triunfo de la gala de TCMS imitando a Salvador Sobral - VIVAEUROVISION viva eurovision","description":"eurovision, tu cara me suena Salvador Sobral, Miquel Fern\u00e1ndez Salvador Sobral, vivaeurovision, tu cara me suena 6, Salvador Sobral","robots":{"index":"index","follow":"follow","max-snippet":"max-snippet:-1","max-image-preview":"max-image-preview:large","max-video-preview":"max-video-preview:-1"},"canonical":"https:\/\/www.vivaeurovision.com\/index.php\/2017\/10\/21\/5533-eurovision\/","og_locale":"es_ES","og_type":"article","og_title":"Miquel Fern\u00e1ndez se alza con el triunfo de la gala de TCMS imitando a Salvador Sobral - VIVAEUROVISION viva eurovision","og_description":"eurovision, tu cara me suena Salvador Sobral, Miquel Fern\u00e1ndez Salvador Sobral, vivaeurovision, tu cara me suena 6, Salvador Sobral","og_url":"https:\/\/www.vivaeurovision.com\/index.php\/2017\/10\/21\/5533-eurovision\/","og_site_name":"VIVAEUROVISION viva eurovision","article_published_time":"2017-10-21T01:35:53+00:00","article_modified_time":"2017-10-21T02:09:51+00:00","og_image":[{"width":2592,"height":1458,"url":"https:\/\/www.vivaeurovision.com\/wp-content\/uploads\/2017\/10\/B15FC55F-F44F-40DA-A60E-4C7EB1DA2199.jpeg","type":"image\/jpeg"}],"author":"Pedro Palomo","twitter_card":"summary_large_image","twitter_creator":"@pedropalomobcn","twitter_misc":{"Escrito por":"Pedro Palomo","Tiempo de lectura":"1 minuto"},"schema":{"@context":"https:\/\/schema.org","@graph":[{"@type":"Article","@id":"https:\/\/www.vivaeurovision.com\/index.php\/2017\/10\/21\/5533-eurovision\/#article","isPartOf":{"@id":"https:\/\/www.vivaeurovision.com\/index.php\/2017\/10\/21\/5533-eurovision\/"},"author":{"name":"Pedro Palomo","@id":"https:\/\/www.vivaeurovision.com\/#\/schema\/person\/1d31fdaa3f5f7df556f73d164bd3c47a"},"headline":"Miquel Fern\u00e1ndez se alza con el triunfo de la gala de TCMS imitando a Salvador Sobral","datePublished":"2017-10-21T01:35:53+00:00","dateModified":"2017-10-21T02:09:51+00:00","mainEntityOfPage":{"@id":"https:\/\/www.vivaeurovision.com\/index.php\/2017\/10\/21\/5533-eurovision\/"},"wordCount":209,"commentCount":0,"publisher":{"@id":"https:\/\/www.vivaeurovision.com\/#organization"},"image":{"@id":"https:\/\/www.vivaeurovision.com\/index.php\/2017\/10\/21\/5533-eurovision\/#primaryimage"},"thumbnailUrl":"https:\/\/www.vivaeurovision.com\/wp-content\/uploads\/2017\/10\/B15FC55F-F44F-40DA-A60E-4C7EB1DA2199.jpeg","keywords":["amar pelos dois","Eurovision","Eurovision 2017","eurovision 2018","eurovision Lisboa 2018","eurovision lisbon 2018","eurovision song contest","Miquel Fern\u00e1ndez Salvador Sobral","Miquel Fern\u00e1ndez Tu Cara Me Suena","Pedro Palomo","Pedro Palomo Eurovision","Pedro Palomo Vivaeurovision","Salvador Sobral eurovision","Tu Cara Me Suena Salvador Sobral"],"articleSection":["eurovision","Eurovisi\u00f3n 2017","eurovision 2018","Inicio","Noticia","Noticias","Ultima Hora"],"inLanguage":"es","potentialAction":[{"@type":"CommentAction","name":"Comment","target":["https:\/\/www.vivaeurovision.com\/index.php\/2017\/10\/21\/5533-eurovision\/#respond"]}]},{"@type":"WebPage","@id":"https:\/\/www.vivaeurovision.com\/index.php\/2017\/10\/21\/5533-eurovision\/","url":"https:\/\/www.vivaeurovision.com\/index.php\/2017\/10\/21\/5533-eurovision\/","name":"Miquel Fern\u00e1ndez se alza con el triunfo de la gala de TCMS imitando a Salvador Sobral - VIVAEUROVISION viva eurovision","isPartOf":{"@id":"https:\/\/www.vivaeurovision.com\/#website"},"primaryImageOfPage":{"@id":"https:\/\/www.vivaeurovision.com\/index.php\/2017\/10\/21\/5533-eurovision\/#primaryimage"},"image":{"@id":"https:\/\/www.vivaeurovision.com\/index.php\/2017\/10\/21\/5533-eurovision\/#primaryimage"},"thumbnailUrl":"https:\/\/www.vivaeurovision.com\/wp-content\/uploads\/2017\/10\/B15FC55F-F44F-40DA-A60E-4C7EB1DA2199.jpeg","datePublished":"2017-10-21T01:35:53+00:00","dateModified":"2017-10-21T02:09:51+00:00","description":"eurovision, tu cara me suena Salvador Sobral, Miquel Fern\u00e1ndez Salvador Sobral, vivaeurovision, tu cara me suena 6, Salvador Sobral","breadcrumb":{"@id":"https:\/\/www.vivaeurovision.com\/index.php\/2017\/10\/21\/5533-eurovision\/#breadcrumb"},"inLanguage":"es","potentialAction":[{"@type":"ReadAction","target":["https:\/\/www.vivaeurovision.com\/index.php\/2017\/10\/21\/5533-eurovision\/"]}]},{"@type":"ImageObject","inLanguage":"es","@id":"https:\/\/www.vivaeurovision.com\/index.php\/2017\/10\/21\/5533-eurovision\/#primaryimage","url":"https:\/\/www.vivaeurovision.com\/wp-content\/uploads\/2017\/10\/B15FC55F-F44F-40DA-A60E-4C7EB1DA2199.jpeg","contentUrl":"https:\/\/www.vivaeurovision.com\/wp-content\/uploads\/2017\/10\/B15FC55F-F44F-40DA-A60E-4C7EB1DA2199.jpeg","width":2592,"height":1458},{"@type":"BreadcrumbList","@id":"https:\/\/www.vivaeurovision.com\/index.php\/2017\/10\/21\/5533-eurovision\/#breadcrumb","itemListElement":[{"@type":"ListItem","position":1,"name":"Portada","item":"https:\/\/www.vivaeurovision.com\/"},{"@type":"ListItem","position":2,"name":"Miquel Fern\u00e1ndez se alza con el triunfo de la gala de TCMS imitando a Salvador Sobral"}]},{"@type":"WebSite","@id":"https:\/\/www.vivaeurovision.com\/#website","url":"https:\/\/www.vivaeurovision.com\/","name":"VIVAEUROVISION viva eurovision","description":"Tu portal sobre el Festival de Eurovision, eurovision, eurovisi\u00f3n","publisher":{"@id":"https:\/\/www.vivaeurovision.com\/#organization"},"potentialAction":[{"@type":"SearchAction","target":{"@type":"EntryPoint","urlTemplate":"https:\/\/www.vivaeurovision.com\/?s={search_term_string}"},"query-input":{"@type":"PropertyValueSpecification","valueRequired":true,"valueName":"search_term_string"}}],"inLanguage":"es"},{"@type":"Organization","@id":"https:\/\/www.vivaeurovision.com\/#organization","name":"vivaeurovision","url":"https:\/\/www.vivaeurovision.com\/","logo":{"@type":"ImageObject","inLanguage":"es","@id":"https:\/\/www.vivaeurovision.com\/#\/schema\/logo\/image\/","url":"https:\/\/www.vivaeurovision.com\/wp-content\/uploads\/2016\/01\/cropped-image-21-1.jpeg","contentUrl":"https:\/\/www.vivaeurovision.com\/wp-content\/uploads\/2016\/01\/cropped-image-21-1.jpeg","width":669,"height":368,"caption":"vivaeurovision"},"image":{"@id":"https:\/\/www.vivaeurovision.com\/#\/schema\/logo\/image\/"}},{"@type":"Person","@id":"https:\/\/www.vivaeurovision.com\/#\/schema\/person\/1d31fdaa3f5f7df556f73d164bd3c47a","name":"Pedro Palomo","image":{"@type":"ImageObject","inLanguage":"es","@id":"https:\/\/secure.gravatar.com\/avatar\/4cf9a4877f5f71f44fb7cedbe1bac1bd28bd8ce7a217517d98d5b2117f9f5505?s=96&d=mm&r=g","url":"https:\/\/secure.gravatar.com\/avatar\/4cf9a4877f5f71f44fb7cedbe1bac1bd28bd8ce7a217517d98d5b2117f9f5505?s=96&d=mm&r=g","contentUrl":"https:\/\/secure.gravatar.com\/avatar\/4cf9a4877f5f71f44fb7cedbe1bac1bd28bd8ce7a217517d98d5b2117f9f5505?s=96&d=mm&r=g","caption":"Pedro Palomo"},"sameAs":["http:\/\/www.vivaeurovision.com","@pedrobcn","https:\/\/x.com\/@pedropalomobcn"]}]}},"_links":{"self":[{"href":"https:\/\/www.vivaeurovision.com\/index.php\/wp-json\/wp\/v2\/posts\/5533","targetHints":{"allow":["GET"]}}],"collection":[{"href":"https:\/\/www.vivaeurovision.com\/index.php\/wp-json\/wp\/v2\/posts"}],"about":[{"href":"https:\/\/www.vivaeurovision.com\/index.php\/wp-json\/wp\/v2\/types\/post"}],"author":[{"embeddable":true,"href":"https:\/\/www.vivaeurovision.com\/index.php\/wp-json\/wp\/v2\/users\/1"}],"replies":[{"embeddable":true,"href":"https:\/\/www.vivaeurovision.com\/index.php\/wp-json\/wp\/v2\/comments?post=5533"}],"version-history":[{"count":6,"href":"https:\/\/www.vivaeurovision.com\/index.php\/wp-json\/wp\/v2\/posts\/5533\/revisions"}],"predecessor-version":[{"id":5570,"href":"https:\/\/www.vivaeurovision.com\/index.php\/wp-json\/wp\/v2\/posts\/5533\/revisions\/5570"}],"wp:featuredmedia":[{"embeddable":true,"href":"https:\/\/www.vivaeurovision.com\/index.php\/wp-json\/wp\/v2\/media\/5567"}],"wp:attachment":[{"href":"https:\/\/www.vivaeurovision.com\/index.php\/wp-json\/wp\/v2\/media?parent=5533"}],"wp:term":[{"taxonomy":"category","embeddable":true,"href":"https:\/\/www.vivaeurovision.com\/index.php\/wp-json\/wp\/v2\/categories?post=5533"},{"taxonomy":"post_tag","embeddable":true,"href":"https:\/\/www.vivaeurovision.com\/index.php\/wp-json\/wp\/v2\/tags?post=5533"}],"curies":[{"name":"wp","href":"https:\/\/api.w.org\/{rel}","templated":true}]}}