{"id":571,"date":"2016-01-31T19:12:20","date_gmt":"2016-01-31T19:12:20","guid":{"rendered":"http:\/\/www.vivaeurovision.com\/?p=571"},"modified":"2016-01-31T19:12:20","modified_gmt":"2016-01-31T19:12:20","slug":"ruth-lorenzo-ganadora-de-tu-cara-me-suena","status":"publish","type":"post","link":"https:\/\/www.vivaeurovision.com\/index.php\/2016\/01\/31\/ruth-lorenzo-ganadora-de-tu-cara-me-suena\/","title":{"rendered":"RUTH LORENZO GIGANTE GANADORA DE TU CARA ME SUENA"},"content":{"rendered":"<p><img loading=\"lazy\" decoding=\"async\" class=\"alignnone size-full wp-image-577\" src=\"http:\/\/www.vivaeurovision.com\/wp-content\/uploads\/2016\/01\/ruthlorenzoeurovision2014.jpg\" alt=\"ruthlorenzoeurovision2014\" width=\"297\" height=\"293\" \/><\/p>\n<p><strong>RUTH LORENZO GANADORA DE LA CUARTA EDICI\u00d3N DE TU CARA ME SUENA<\/strong><\/p>\n<p><strong>Ruth Lorenzo<\/strong>, representante del Festival de Eurovisi\u00f3n en 2014 celebrado en Copenhague donde consigui\u00f3 eclipsar a toda Europa con su canci\u00f3n Dancing in the Rain y haciendo que Espa\u00f1a repitiera de nuevo el top 10\u00a0como en el a\u00f1o 2012 con Pastora Soler.<\/p>\n<p>Ruth Lorenzo, ha vuelto a eclipsar al p\u00fablico espa\u00f1ol que la ha convertido en la ganadora de la cuarta edici\u00f3n del famoso programa Tu Cara Me Suena, el programa mas visto los viernes noche donde ha arrasado en audiencia durante toda la temporada.<\/p>\n<p>Durante varias galas ha sido ganadora con el voto del jurado y del p\u00fablico en plat\u00f3, estando todas las semanas en lo mas alto de la tabla, esta vez ha sido\u00a0la audiencia con 47% de votos la que ha otorgado el primer puesto en la gran final a Ruth Lorenzo, el segundo puesto para Edu Soto y el tercer puesto para Pablo Pujol.<\/p>\n<p>Ruth ha demostrado su gran profesionalidad y ese animal esc\u00e9nico que lleva dentro donde semana tras semana ha dejado boquiabierto a todo el mundo y donde se ha metido en diferentes personajes y los ha sabido defender con gran soltura en el plat\u00f3 de Tu Cara Me Suena, incluso haciendo actuaciones hist\u00f3ricas para la televisi\u00f3n.<\/p>\n<p><img loading=\"lazy\" decoding=\"async\" class=\"alignnone size-medium wp-image-572\" src=\"http:\/\/www.vivaeurovision.com\/wp-content\/uploads\/2016\/01\/images01LXJ5GS-300x162.jpg\" alt=\"images01LXJ5GS\" width=\"300\" height=\"162\" srcset=\"https:\/\/www.vivaeurovision.com\/wp-content\/uploads\/2016\/01\/images01LXJ5GS-300x162.jpg 300w, https:\/\/www.vivaeurovision.com\/wp-content\/uploads\/2016\/01\/images01LXJ5GS.jpg 306w\" sizes=\"auto, (max-width: 300px) 100vw, 300px\" \/> <img loading=\"lazy\" decoding=\"async\" class=\"alignnone size-medium wp-image-573\" src=\"http:\/\/www.vivaeurovision.com\/wp-content\/uploads\/2016\/01\/imagesEABZERGS-300x162.jpg\" alt=\"imagesEABZERGS\" width=\"300\" height=\"162\" srcset=\"https:\/\/www.vivaeurovision.com\/wp-content\/uploads\/2016\/01\/imagesEABZERGS-300x162.jpg 300w, https:\/\/www.vivaeurovision.com\/wp-content\/uploads\/2016\/01\/imagesEABZERGS.jpg 306w\" sizes=\"auto, (max-width: 300px) 100vw, 300px\" \/> <img loading=\"lazy\" decoding=\"async\" class=\"alignnone size-medium wp-image-574\" src=\"http:\/\/www.vivaeurovision.com\/wp-content\/uploads\/2016\/01\/imagesMFBTBV15.jpg\" alt=\"imagesMFBTBV15\" width=\"254\" height=\"199\" \/><img loading=\"lazy\" decoding=\"async\" class=\"alignnone size-medium wp-image-575\" src=\"http:\/\/www.vivaeurovision.com\/wp-content\/uploads\/2016\/01\/maxresdefault-1-300x186.jpg\" alt=\"maxresdefault\" width=\"300\" height=\"186\" srcset=\"https:\/\/www.vivaeurovision.com\/wp-content\/uploads\/2016\/01\/maxresdefault-1-300x186.jpg 300w, https:\/\/www.vivaeurovision.com\/wp-content\/uploads\/2016\/01\/maxresdefault-1-768x476.jpg 768w, https:\/\/www.vivaeurovision.com\/wp-content\/uploads\/2016\/01\/maxresdefault-1-1024x635.jpg 1024w\" sizes=\"auto, (max-width: 300px) 100vw, 300px\" \/><\/p>\n<p><img loading=\"lazy\" decoding=\"async\" class=\"alignnone size-medium wp-image-311\" src=\"http:\/\/www.vivaeurovision.com\/wp-content\/uploads\/2016\/01\/image-21-300x165.jpeg\" alt=\"VIVAEUROVISION.COM\" width=\"300\" height=\"165\" srcset=\"https:\/\/www.vivaeurovision.com\/wp-content\/uploads\/2016\/01\/image-21-300x165.jpeg 300w, https:\/\/www.vivaeurovision.com\/wp-content\/uploads\/2016\/01\/image-21-555x305.jpeg 555w, https:\/\/www.vivaeurovision.com\/wp-content\/uploads\/2016\/01\/image-21.jpeg 669w\" sizes=\"auto, (max-width: 300px) 100vw, 300px\" \/><\/p>\n<p>Twitter\u00a0<strong> <a href=\"https:\/\/twitter.com\/viva_eurovision\" target=\"_blank\">@viva_eurovision<\/a>\u00a0 <a href=\"https:\/\/www.facebook.com\/Vivaeurovisioncom-867806686671081\/?fref=nf\" target=\"_blank\">FACEBOOK OFICIAL VIVA EUROVISION <\/a><\/strong>Instragram <strong>@vivaeurovision<\/strong><\/p>\n<p>Fuente y fotograf\u00edas: <a href=\"http:\/\/www.antena3.com\/\" target=\"_blank\">www.antena3.com<\/a><\/p>\n<p>Redactor: Pedro Palomo Twitter <strong><a href=\"https:\/\/twitter.com\/pedropalomobcn?lang=es\" target=\"_blank\">@pedropalomobcn<\/a> <\/strong>Instragram <strong>@pedrobcn<\/strong><\/p>\n","protected":false},"excerpt":{"rendered":"<p>RUTH LORENZO GANADORA DE LA CUARTA EDICI\u00d3N DE TU CARA ME SUENA Ruth Lorenzo, representante del Festival de Eurovisi\u00f3n en 2014 celebrado en Copenhague donde consigui\u00f3 eclipsar a toda Europa&#46;&#46;&#46;<\/p>\n","protected":false},"author":1,"featured_media":576,"comment_status":"open","ping_status":"open","sticky":false,"template":"","format":"standard","meta":{"_exactmetrics_skip_tracking":false,"_exactmetrics_sitenote_active":false,"_exactmetrics_sitenote_note":"","_exactmetrics_sitenote_category":0,"footnotes":""},"categories":[6,4,3],"tags":[193,194,192,187,189,188,190,191,23,22],"class_list":["post-571","post","type-post","status-publish","format-standard","has-post-thumbnail","hentry","category-espana-en-eurovision","category-eurovision","category-ultima-hora","tag-antena3","tag-atresmedia","tag-cuarta-edicion-de-tu-cara-me-suena","tag-ruth-lorenzo","tag-ruth-lorenzo-gana-tu-cara-me-suena","tag-ruth-lorenzo-ganadora-de-tu-cara-me-suena","tag-ruth-lorenzo-spain-2014","tag-tu-cara-me-suena","tag-viva-eurovision","tag-vivaeurovision"],"yoast_head":"<!-- This site is optimized with the Yoast SEO plugin v27.5 - https:\/\/yoast.com\/product\/yoast-seo-wordpress\/ -->\n<title>RUTH LORENZO GIGANTE GANADORA DE TU CARA ME SUENA - VIVAEUROVISION viva eurovision<\/title>\n<meta name=\"robots\" content=\"index, follow, max-snippet:-1, max-image-preview:large, max-video-preview:-1\" \/>\n<link rel=\"canonical\" href=\"https:\/\/www.vivaeurovision.com\/index.php\/2016\/01\/31\/ruth-lorenzo-ganadora-de-tu-cara-me-suena\/\" \/>\n<meta property=\"og:locale\" content=\"es_ES\" \/>\n<meta property=\"og:type\" content=\"article\" \/>\n<meta property=\"og:title\" content=\"RUTH LORENZO GIGANTE GANADORA DE TU CARA ME SUENA - VIVAEUROVISION viva eurovision\" \/>\n<meta property=\"og:description\" content=\"RUTH LORENZO GANADORA DE LA CUARTA EDICI\u00d3N DE TU CARA ME SUENA Ruth Lorenzo, representante del Festival de Eurovisi\u00f3n en 2014 celebrado en Copenhague donde consigui\u00f3 eclipsar a toda Europa&#046;&#046;&#046;\" \/>\n<meta property=\"og:url\" content=\"https:\/\/www.vivaeurovision.com\/index.php\/2016\/01\/31\/ruth-lorenzo-ganadora-de-tu-cara-me-suena\/\" \/>\n<meta property=\"og:site_name\" content=\"VIVAEUROVISION viva eurovision\" \/>\n<meta property=\"article:published_time\" content=\"2016-01-31T19:12:20+00:00\" \/>\n<meta property=\"og:image\" content=\"https:\/\/www.vivaeurovision.com\/wp-content\/uploads\/2016\/01\/31.jpg\" \/>\n\t<meta property=\"og:image:width\" content=\"643\" \/>\n\t<meta property=\"og:image:height\" content=\"351\" \/>\n\t<meta property=\"og:image:type\" content=\"image\/jpeg\" \/>\n<meta name=\"author\" content=\"Pedro Palomo\" \/>\n<meta name=\"twitter:card\" content=\"summary_large_image\" \/>\n<meta name=\"twitter:creator\" content=\"@pedropalomobcn\" \/>\n<meta name=\"twitter:label1\" content=\"Escrito por\" \/>\n\t<meta name=\"twitter:data1\" content=\"Pedro Palomo\" \/>\n\t<meta name=\"twitter:label2\" content=\"Tiempo de lectura\" \/>\n\t<meta name=\"twitter:data2\" content=\"1 minuto\" \/>\n<script type=\"application\/ld+json\" class=\"yoast-schema-graph\">{\"@context\":\"https:\\\/\\\/schema.org\",\"@graph\":[{\"@type\":\"Article\",\"@id\":\"https:\\\/\\\/www.vivaeurovision.com\\\/index.php\\\/2016\\\/01\\\/31\\\/ruth-lorenzo-ganadora-de-tu-cara-me-suena\\\/#article\",\"isPartOf\":{\"@id\":\"https:\\\/\\\/www.vivaeurovision.com\\\/index.php\\\/2016\\\/01\\\/31\\\/ruth-lorenzo-ganadora-de-tu-cara-me-suena\\\/\"},\"author\":{\"name\":\"Pedro Palomo\",\"@id\":\"https:\\\/\\\/www.vivaeurovision.com\\\/#\\\/schema\\\/person\\\/1d31fdaa3f5f7df556f73d164bd3c47a\"},\"headline\":\"RUTH LORENZO GIGANTE GANADORA DE TU CARA ME SUENA\",\"datePublished\":\"2016-01-31T19:12:20+00:00\",\"mainEntityOfPage\":{\"@id\":\"https:\\\/\\\/www.vivaeurovision.com\\\/index.php\\\/2016\\\/01\\\/31\\\/ruth-lorenzo-ganadora-de-tu-cara-me-suena\\\/\"},\"wordCount\":257,\"commentCount\":0,\"publisher\":{\"@id\":\"https:\\\/\\\/www.vivaeurovision.com\\\/#organization\"},\"image\":{\"@id\":\"https:\\\/\\\/www.vivaeurovision.com\\\/index.php\\\/2016\\\/01\\\/31\\\/ruth-lorenzo-ganadora-de-tu-cara-me-suena\\\/#primaryimage\"},\"thumbnailUrl\":\"https:\\\/\\\/www.vivaeurovision.com\\\/wp-content\\\/uploads\\\/2016\\\/01\\\/31.jpg\",\"keywords\":[\"antena3\",\"atresmedia\",\"cuarta edicion de tu cara me suena\",\"Ruth Lorenzo\",\"ruth lorenzo gana tu cara me suena\",\"Ruth Lorenzo ganadora de tu cara me suena\",\"ruth lorenzo spain 2014\",\"tu cara me suena\",\"viva eurovision\",\"vivaeurovision\"],\"articleSection\":[\"Espa\u00f1a en Eurovisi\u00f3n\",\"Inicio\",\"Ultima Hora\"],\"inLanguage\":\"es\",\"potentialAction\":[{\"@type\":\"CommentAction\",\"name\":\"Comment\",\"target\":[\"https:\\\/\\\/www.vivaeurovision.com\\\/index.php\\\/2016\\\/01\\\/31\\\/ruth-lorenzo-ganadora-de-tu-cara-me-suena\\\/#respond\"]}]},{\"@type\":\"WebPage\",\"@id\":\"https:\\\/\\\/www.vivaeurovision.com\\\/index.php\\\/2016\\\/01\\\/31\\\/ruth-lorenzo-ganadora-de-tu-cara-me-suena\\\/\",\"url\":\"https:\\\/\\\/www.vivaeurovision.com\\\/index.php\\\/2016\\\/01\\\/31\\\/ruth-lorenzo-ganadora-de-tu-cara-me-suena\\\/\",\"name\":\"RUTH LORENZO GIGANTE GANADORA DE TU CARA ME SUENA - VIVAEUROVISION viva eurovision\",\"isPartOf\":{\"@id\":\"https:\\\/\\\/www.vivaeurovision.com\\\/#website\"},\"primaryImageOfPage\":{\"@id\":\"https:\\\/\\\/www.vivaeurovision.com\\\/index.php\\\/2016\\\/01\\\/31\\\/ruth-lorenzo-ganadora-de-tu-cara-me-suena\\\/#primaryimage\"},\"image\":{\"@id\":\"https:\\\/\\\/www.vivaeurovision.com\\\/index.php\\\/2016\\\/01\\\/31\\\/ruth-lorenzo-ganadora-de-tu-cara-me-suena\\\/#primaryimage\"},\"thumbnailUrl\":\"https:\\\/\\\/www.vivaeurovision.com\\\/wp-content\\\/uploads\\\/2016\\\/01\\\/31.jpg\",\"datePublished\":\"2016-01-31T19:12:20+00:00\",\"breadcrumb\":{\"@id\":\"https:\\\/\\\/www.vivaeurovision.com\\\/index.php\\\/2016\\\/01\\\/31\\\/ruth-lorenzo-ganadora-de-tu-cara-me-suena\\\/#breadcrumb\"},\"inLanguage\":\"es\",\"potentialAction\":[{\"@type\":\"ReadAction\",\"target\":[\"https:\\\/\\\/www.vivaeurovision.com\\\/index.php\\\/2016\\\/01\\\/31\\\/ruth-lorenzo-ganadora-de-tu-cara-me-suena\\\/\"]}]},{\"@type\":\"ImageObject\",\"inLanguage\":\"es\",\"@id\":\"https:\\\/\\\/www.vivaeurovision.com\\\/index.php\\\/2016\\\/01\\\/31\\\/ruth-lorenzo-ganadora-de-tu-cara-me-suena\\\/#primaryimage\",\"url\":\"https:\\\/\\\/www.vivaeurovision.com\\\/wp-content\\\/uploads\\\/2016\\\/01\\\/31.jpg\",\"contentUrl\":\"https:\\\/\\\/www.vivaeurovision.com\\\/wp-content\\\/uploads\\\/2016\\\/01\\\/31.jpg\",\"width\":643,\"height\":351},{\"@type\":\"BreadcrumbList\",\"@id\":\"https:\\\/\\\/www.vivaeurovision.com\\\/index.php\\\/2016\\\/01\\\/31\\\/ruth-lorenzo-ganadora-de-tu-cara-me-suena\\\/#breadcrumb\",\"itemListElement\":[{\"@type\":\"ListItem\",\"position\":1,\"name\":\"Portada\",\"item\":\"https:\\\/\\\/www.vivaeurovision.com\\\/\"},{\"@type\":\"ListItem\",\"position\":2,\"name\":\"RUTH LORENZO GIGANTE GANADORA DE TU CARA ME SUENA\"}]},{\"@type\":\"WebSite\",\"@id\":\"https:\\\/\\\/www.vivaeurovision.com\\\/#website\",\"url\":\"https:\\\/\\\/www.vivaeurovision.com\\\/\",\"name\":\"VIVAEUROVISION viva eurovision\",\"description\":\"Tu portal sobre el Festival de Eurovision, eurovision, eurovisi\u00f3n\",\"publisher\":{\"@id\":\"https:\\\/\\\/www.vivaeurovision.com\\\/#organization\"},\"potentialAction\":[{\"@type\":\"SearchAction\",\"target\":{\"@type\":\"EntryPoint\",\"urlTemplate\":\"https:\\\/\\\/www.vivaeurovision.com\\\/?s={search_term_string}\"},\"query-input\":{\"@type\":\"PropertyValueSpecification\",\"valueRequired\":true,\"valueName\":\"search_term_string\"}}],\"inLanguage\":\"es\"},{\"@type\":\"Organization\",\"@id\":\"https:\\\/\\\/www.vivaeurovision.com\\\/#organization\",\"name\":\"vivaeurovision\",\"url\":\"https:\\\/\\\/www.vivaeurovision.com\\\/\",\"logo\":{\"@type\":\"ImageObject\",\"inLanguage\":\"es\",\"@id\":\"https:\\\/\\\/www.vivaeurovision.com\\\/#\\\/schema\\\/logo\\\/image\\\/\",\"url\":\"https:\\\/\\\/www.vivaeurovision.com\\\/wp-content\\\/uploads\\\/2016\\\/01\\\/cropped-image-21-1.jpeg\",\"contentUrl\":\"https:\\\/\\\/www.vivaeurovision.com\\\/wp-content\\\/uploads\\\/2016\\\/01\\\/cropped-image-21-1.jpeg\",\"width\":669,\"height\":368,\"caption\":\"vivaeurovision\"},\"image\":{\"@id\":\"https:\\\/\\\/www.vivaeurovision.com\\\/#\\\/schema\\\/logo\\\/image\\\/\"}},{\"@type\":\"Person\",\"@id\":\"https:\\\/\\\/www.vivaeurovision.com\\\/#\\\/schema\\\/person\\\/1d31fdaa3f5f7df556f73d164bd3c47a\",\"name\":\"Pedro Palomo\",\"image\":{\"@type\":\"ImageObject\",\"inLanguage\":\"es\",\"@id\":\"https:\\\/\\\/secure.gravatar.com\\\/avatar\\\/4cf9a4877f5f71f44fb7cedbe1bac1bd28bd8ce7a217517d98d5b2117f9f5505?s=96&d=mm&r=g\",\"url\":\"https:\\\/\\\/secure.gravatar.com\\\/avatar\\\/4cf9a4877f5f71f44fb7cedbe1bac1bd28bd8ce7a217517d98d5b2117f9f5505?s=96&d=mm&r=g\",\"contentUrl\":\"https:\\\/\\\/secure.gravatar.com\\\/avatar\\\/4cf9a4877f5f71f44fb7cedbe1bac1bd28bd8ce7a217517d98d5b2117f9f5505?s=96&d=mm&r=g\",\"caption\":\"Pedro Palomo\"},\"sameAs\":[\"http:\\\/\\\/www.vivaeurovision.com\",\"@pedrobcn\",\"https:\\\/\\\/x.com\\\/@pedropalomobcn\"]}]}<\/script>\n<!-- \/ Yoast SEO plugin. -->","yoast_head_json":{"title":"RUTH LORENZO GIGANTE GANADORA DE TU CARA ME SUENA - VIVAEUROVISION viva eurovision","robots":{"index":"index","follow":"follow","max-snippet":"max-snippet:-1","max-image-preview":"max-image-preview:large","max-video-preview":"max-video-preview:-1"},"canonical":"https:\/\/www.vivaeurovision.com\/index.php\/2016\/01\/31\/ruth-lorenzo-ganadora-de-tu-cara-me-suena\/","og_locale":"es_ES","og_type":"article","og_title":"RUTH LORENZO GIGANTE GANADORA DE TU CARA ME SUENA - VIVAEUROVISION viva eurovision","og_description":"RUTH LORENZO GANADORA DE LA CUARTA EDICI\u00d3N DE TU CARA ME SUENA Ruth Lorenzo, representante del Festival de Eurovisi\u00f3n en 2014 celebrado en Copenhague donde consigui\u00f3 eclipsar a toda Europa&#46;&#46;&#46;","og_url":"https:\/\/www.vivaeurovision.com\/index.php\/2016\/01\/31\/ruth-lorenzo-ganadora-de-tu-cara-me-suena\/","og_site_name":"VIVAEUROVISION viva eurovision","article_published_time":"2016-01-31T19:12:20+00:00","og_image":[{"width":643,"height":351,"url":"https:\/\/www.vivaeurovision.com\/wp-content\/uploads\/2016\/01\/31.jpg","type":"image\/jpeg"}],"author":"Pedro Palomo","twitter_card":"summary_large_image","twitter_creator":"@pedropalomobcn","twitter_misc":{"Escrito por":"Pedro Palomo","Tiempo de lectura":"1 minuto"},"schema":{"@context":"https:\/\/schema.org","@graph":[{"@type":"Article","@id":"https:\/\/www.vivaeurovision.com\/index.php\/2016\/01\/31\/ruth-lorenzo-ganadora-de-tu-cara-me-suena\/#article","isPartOf":{"@id":"https:\/\/www.vivaeurovision.com\/index.php\/2016\/01\/31\/ruth-lorenzo-ganadora-de-tu-cara-me-suena\/"},"author":{"name":"Pedro Palomo","@id":"https:\/\/www.vivaeurovision.com\/#\/schema\/person\/1d31fdaa3f5f7df556f73d164bd3c47a"},"headline":"RUTH LORENZO GIGANTE GANADORA DE TU CARA ME SUENA","datePublished":"2016-01-31T19:12:20+00:00","mainEntityOfPage":{"@id":"https:\/\/www.vivaeurovision.com\/index.php\/2016\/01\/31\/ruth-lorenzo-ganadora-de-tu-cara-me-suena\/"},"wordCount":257,"commentCount":0,"publisher":{"@id":"https:\/\/www.vivaeurovision.com\/#organization"},"image":{"@id":"https:\/\/www.vivaeurovision.com\/index.php\/2016\/01\/31\/ruth-lorenzo-ganadora-de-tu-cara-me-suena\/#primaryimage"},"thumbnailUrl":"https:\/\/www.vivaeurovision.com\/wp-content\/uploads\/2016\/01\/31.jpg","keywords":["antena3","atresmedia","cuarta edicion de tu cara me suena","Ruth Lorenzo","ruth lorenzo gana tu cara me suena","Ruth Lorenzo ganadora de tu cara me suena","ruth lorenzo spain 2014","tu cara me suena","viva eurovision","vivaeurovision"],"articleSection":["Espa\u00f1a en Eurovisi\u00f3n","Inicio","Ultima Hora"],"inLanguage":"es","potentialAction":[{"@type":"CommentAction","name":"Comment","target":["https:\/\/www.vivaeurovision.com\/index.php\/2016\/01\/31\/ruth-lorenzo-ganadora-de-tu-cara-me-suena\/#respond"]}]},{"@type":"WebPage","@id":"https:\/\/www.vivaeurovision.com\/index.php\/2016\/01\/31\/ruth-lorenzo-ganadora-de-tu-cara-me-suena\/","url":"https:\/\/www.vivaeurovision.com\/index.php\/2016\/01\/31\/ruth-lorenzo-ganadora-de-tu-cara-me-suena\/","name":"RUTH LORENZO GIGANTE GANADORA DE TU CARA ME SUENA - VIVAEUROVISION viva eurovision","isPartOf":{"@id":"https:\/\/www.vivaeurovision.com\/#website"},"primaryImageOfPage":{"@id":"https:\/\/www.vivaeurovision.com\/index.php\/2016\/01\/31\/ruth-lorenzo-ganadora-de-tu-cara-me-suena\/#primaryimage"},"image":{"@id":"https:\/\/www.vivaeurovision.com\/index.php\/2016\/01\/31\/ruth-lorenzo-ganadora-de-tu-cara-me-suena\/#primaryimage"},"thumbnailUrl":"https:\/\/www.vivaeurovision.com\/wp-content\/uploads\/2016\/01\/31.jpg","datePublished":"2016-01-31T19:12:20+00:00","breadcrumb":{"@id":"https:\/\/www.vivaeurovision.com\/index.php\/2016\/01\/31\/ruth-lorenzo-ganadora-de-tu-cara-me-suena\/#breadcrumb"},"inLanguage":"es","potentialAction":[{"@type":"ReadAction","target":["https:\/\/www.vivaeurovision.com\/index.php\/2016\/01\/31\/ruth-lorenzo-ganadora-de-tu-cara-me-suena\/"]}]},{"@type":"ImageObject","inLanguage":"es","@id":"https:\/\/www.vivaeurovision.com\/index.php\/2016\/01\/31\/ruth-lorenzo-ganadora-de-tu-cara-me-suena\/#primaryimage","url":"https:\/\/www.vivaeurovision.com\/wp-content\/uploads\/2016\/01\/31.jpg","contentUrl":"https:\/\/www.vivaeurovision.com\/wp-content\/uploads\/2016\/01\/31.jpg","width":643,"height":351},{"@type":"BreadcrumbList","@id":"https:\/\/www.vivaeurovision.com\/index.php\/2016\/01\/31\/ruth-lorenzo-ganadora-de-tu-cara-me-suena\/#breadcrumb","itemListElement":[{"@type":"ListItem","position":1,"name":"Portada","item":"https:\/\/www.vivaeurovision.com\/"},{"@type":"ListItem","position":2,"name":"RUTH LORENZO GIGANTE GANADORA DE TU CARA ME SUENA"}]},{"@type":"WebSite","@id":"https:\/\/www.vivaeurovision.com\/#website","url":"https:\/\/www.vivaeurovision.com\/","name":"VIVAEUROVISION viva eurovision","description":"Tu portal sobre el Festival de Eurovision, eurovision, eurovisi\u00f3n","publisher":{"@id":"https:\/\/www.vivaeurovision.com\/#organization"},"potentialAction":[{"@type":"SearchAction","target":{"@type":"EntryPoint","urlTemplate":"https:\/\/www.vivaeurovision.com\/?s={search_term_string}"},"query-input":{"@type":"PropertyValueSpecification","valueRequired":true,"valueName":"search_term_string"}}],"inLanguage":"es"},{"@type":"Organization","@id":"https:\/\/www.vivaeurovision.com\/#organization","name":"vivaeurovision","url":"https:\/\/www.vivaeurovision.com\/","logo":{"@type":"ImageObject","inLanguage":"es","@id":"https:\/\/www.vivaeurovision.com\/#\/schema\/logo\/image\/","url":"https:\/\/www.vivaeurovision.com\/wp-content\/uploads\/2016\/01\/cropped-image-21-1.jpeg","contentUrl":"https:\/\/www.vivaeurovision.com\/wp-content\/uploads\/2016\/01\/cropped-image-21-1.jpeg","width":669,"height":368,"caption":"vivaeurovision"},"image":{"@id":"https:\/\/www.vivaeurovision.com\/#\/schema\/logo\/image\/"}},{"@type":"Person","@id":"https:\/\/www.vivaeurovision.com\/#\/schema\/person\/1d31fdaa3f5f7df556f73d164bd3c47a","name":"Pedro Palomo","image":{"@type":"ImageObject","inLanguage":"es","@id":"https:\/\/secure.gravatar.com\/avatar\/4cf9a4877f5f71f44fb7cedbe1bac1bd28bd8ce7a217517d98d5b2117f9f5505?s=96&d=mm&r=g","url":"https:\/\/secure.gravatar.com\/avatar\/4cf9a4877f5f71f44fb7cedbe1bac1bd28bd8ce7a217517d98d5b2117f9f5505?s=96&d=mm&r=g","contentUrl":"https:\/\/secure.gravatar.com\/avatar\/4cf9a4877f5f71f44fb7cedbe1bac1bd28bd8ce7a217517d98d5b2117f9f5505?s=96&d=mm&r=g","caption":"Pedro Palomo"},"sameAs":["http:\/\/www.vivaeurovision.com","@pedrobcn","https:\/\/x.com\/@pedropalomobcn"]}]}},"_links":{"self":[{"href":"https:\/\/www.vivaeurovision.com\/index.php\/wp-json\/wp\/v2\/posts\/571","targetHints":{"allow":["GET"]}}],"collection":[{"href":"https:\/\/www.vivaeurovision.com\/index.php\/wp-json\/wp\/v2\/posts"}],"about":[{"href":"https:\/\/www.vivaeurovision.com\/index.php\/wp-json\/wp\/v2\/types\/post"}],"author":[{"embeddable":true,"href":"https:\/\/www.vivaeurovision.com\/index.php\/wp-json\/wp\/v2\/users\/1"}],"replies":[{"embeddable":true,"href":"https:\/\/www.vivaeurovision.com\/index.php\/wp-json\/wp\/v2\/comments?post=571"}],"version-history":[{"count":0,"href":"https:\/\/www.vivaeurovision.com\/index.php\/wp-json\/wp\/v2\/posts\/571\/revisions"}],"wp:featuredmedia":[{"embeddable":true,"href":"https:\/\/www.vivaeurovision.com\/index.php\/wp-json\/wp\/v2\/media\/576"}],"wp:attachment":[{"href":"https:\/\/www.vivaeurovision.com\/index.php\/wp-json\/wp\/v2\/media?parent=571"}],"wp:term":[{"taxonomy":"category","embeddable":true,"href":"https:\/\/www.vivaeurovision.com\/index.php\/wp-json\/wp\/v2\/categories?post=571"},{"taxonomy":"post_tag","embeddable":true,"href":"https:\/\/www.vivaeurovision.com\/index.php\/wp-json\/wp\/v2\/tags?post=571"}],"curies":[{"name":"wp","href":"https:\/\/api.w.org\/{rel}","templated":true}]}}