{"id":5883,"date":"2017-12-05T21:15:52","date_gmt":"2017-12-05T21:15:52","guid":{"rendered":"http:\/\/www.vivaeurovision.com\/?p=5883"},"modified":"2017-12-08T21:50:44","modified_gmt":"2017-12-08T21:50:44","slug":"5883-eurovision","status":"publish","type":"post","link":"https:\/\/www.vivaeurovision.com\/index.php\/2017\/12\/05\/5883-eurovision\/","title":{"rendered":"C\u00e9sar Sampson representate de Austria en Eurovisi\u00f3n 2018"},"content":{"rendered":"<h2>Eurovision 2018<\/h2>\n<h2>C\u00e9sar Sampson representate de Austria en Eurovisi\u00f3n 2018<\/h2>\n<p><img loading=\"lazy\" decoding=\"async\" class=\"alignnone size-medium wp-image-5932\" src=\"http:\/\/www.vivaeurovision.com\/wp-content\/uploads\/2017\/12\/47CA4805-19B1-4A74-946B-1F7EE2DA520F-300x179.jpeg\" alt=\"eurovision\" width=\"300\" height=\"179\" srcset=\"https:\/\/www.vivaeurovision.com\/wp-content\/uploads\/2017\/12\/47CA4805-19B1-4A74-946B-1F7EE2DA520F-300x179.jpeg 300w, https:\/\/www.vivaeurovision.com\/wp-content\/uploads\/2017\/12\/47CA4805-19B1-4A74-946B-1F7EE2DA520F.jpeg 520w\" sizes=\"auto, (max-width: 300px) 100vw, 300px\" \/><\/p>\n<p>Imagen: eurovision.tv<\/p>\n<p>La ORF ha dado a conocer hoy el representante de Austria en el pr\u00f3ximo Festival de Eurovisi\u00f3n 2018.<\/p>\n<p>Como ya sucedi\u00f3 en 2017 ha sido seleccionado de forma interna.<\/p>\n<p>C\u00e9sar cuenta ya con experiencia eurovisiva, ya que form\u00f3 parte del equipo de Bulgaria 2016 y 2017 con Poli G\u00e9nova y Kristian Kostov, como productor vocal de ambos.<\/p>\n<p>C\u00e9sar forma parte de \u201cSymphonix International\u201d con los que consigui\u00f3 un cuarto puesto en 2016 y un segundo puesto en 2017 con Bulgaria.<\/p>\n<p>El cantante se muestra muy feliz ante este nuevo reto y deja claro que su mejor instrumento es su voz.<\/p>\n<p>La canci\u00f3n se dar\u00e1 a conocer a principios de 2018, vivaeurovision os mantendremos informados que d\u00eda se presentar\u00e1 de forma oficial la canci\u00f3n con la que C\u00e9sar Sampson defender\u00e1 los colores de la bandera de Austria en Lisboa 2018.<\/p>\n<p><img loading=\"lazy\" decoding=\"async\" class=\"alignnone size-medium wp-image-311\" src=\"http:\/\/www.vivaeurovision.com\/wp-content\/uploads\/2016\/01\/image-21-300x165.jpeg\" alt=\"VIVAEUROVISION.COM\" width=\"300\" height=\"165\" srcset=\"https:\/\/www.vivaeurovision.com\/wp-content\/uploads\/2016\/01\/image-21-300x165.jpeg 300w, https:\/\/www.vivaeurovision.com\/wp-content\/uploads\/2016\/01\/image-21-555x305.jpeg 555w, https:\/\/www.vivaeurovision.com\/wp-content\/uploads\/2016\/01\/image-21.jpeg 669w\" sizes=\"auto, (max-width: 300px) 100vw, 300px\" \/><\/p>\n<p>Twitter\u00a0<strong> <a href=\"https:\/\/twitter.com\/viva_eurovision\" target=\"_blank\" rel=\"noopener noreferrer\">@viva_eurovision<\/a>\u00a0 <a href=\"https:\/\/www.facebook.com\/Vivaeurovisioncom-867806686671081\/?fref=nf\" target=\"_blank\" rel=\"noopener noreferrer\">FACEBOOK OFICIAL VIVA EUROVISION <\/a><\/strong>Instragram <strong>\u00a0<\/strong><a href=\"https:\/\/www.instagram.com\/vivaeurovision\/\" target=\"_blank\" rel=\"noopener noreferrer\"><strong>@vivaeurovision<\/strong><\/a><\/p>\n<p>Redactor: Pedro Palomo <a href=\"https:\/\/twitter.com\/pedropalomobcn?lang=es\"><strong>@pedropalomobcn<\/strong><\/a><strong>\u00a0<\/strong>Instagram <a href=\"https:\/\/www.instagram.com\/pedrobcn\/\" target=\"_blank\" rel=\"noopener noreferrer\"><strong>@pedrobcn<\/strong><\/a><\/p>\n","protected":false},"excerpt":{"rendered":"<p>Eurovision 2018 C\u00e9sar Sampson representate de Austria en Eurovisi\u00f3n 2018 Imagen: eurovision.tv La ORF ha dado a conocer hoy el representante de Austria en el pr\u00f3ximo Festival de Eurovisi\u00f3n 2018.&#46;&#46;&#46;<\/p>\n","protected":false},"author":1,"featured_media":5932,"comment_status":"open","ping_status":"closed","sticky":false,"template":"","format":"standard","meta":{"_exactmetrics_skip_tracking":false,"_exactmetrics_sitenote_active":false,"_exactmetrics_sitenote_note":"","_exactmetrics_sitenote_category":0,"footnotes":""},"categories":[1195,2144,4,1188,2,3],"tags":[2490,2489,2592,2586,2588,2587,2589,2590,17,2145,2502,11,2086,2491,2591,2291,2142,2290,2289,2135,1476,2352,706,1096,34,1034,19,20,766,23,22],"class_list":["post-5883","post","type-post","status-publish","format-standard","has-post-thumbnail","hentry","category-eurovision-2","category-eurovision-2018","category-eurovision","category-noticia-2","category-noticia","category-ultima-hora","tag-all-aboard","tag-all-aboard-eurovision-all-aboard-all-aboard-2018","tag-austria-eurovision-2018","tag-cesar-sampson","tag-cesar-sampson-eurovision","tag-cesar-sampson-eurovision-2018","tag-cesar-sampson-eurovision-austria","tag-cesar-sampson-eurovision-austria-2018","tag-esc","tag-esc-2018","tag-esc-2018-all-aboard","tag-eurovision","tag-eurovision-2018","tag-eurovision-all-aboard","tag-eurovision-austria-2018","tag-eurovision-lisboa","tag-eurovision-lisboa-2018","tag-eurovision-lisbon","tag-eurovision-lisbon-2018","tag-eurovision-portugal-2018","tag-eurovision-song-contest","tag-eurovision-song-contest-2018","tag-eurovision-song-contest-festival","tag-festival-de-eurovision","tag-noticia","tag-orf","tag-pedro-palomo","tag-pedro-palomo-eurovision","tag-pedro-palomo-vivaeurovision","tag-viva-eurovision","tag-vivaeurovision"],"yoast_head":"<!-- This site is optimized with the Yoast SEO plugin v27.5 - https:\/\/yoast.com\/product\/yoast-seo-wordpress\/ -->\n<title>C\u00e9sar Sampson representate de Austria en Eurovisi\u00f3n 2018 - VIVAEUROVISION viva eurovision<\/title>\n<meta name=\"description\" content=\"eurovision, eurovision 2018, eurovision Austria 2018, vivaeurovision, cesar sampson, C\u00e9sar Sampson eurovision, Austria eurovision 2018\" \/>\n<meta name=\"robots\" content=\"index, follow, max-snippet:-1, max-image-preview:large, max-video-preview:-1\" \/>\n<link rel=\"canonical\" href=\"https:\/\/www.vivaeurovision.com\/index.php\/2017\/12\/05\/5883-eurovision\/\" \/>\n<meta property=\"og:locale\" content=\"es_ES\" \/>\n<meta property=\"og:type\" content=\"article\" \/>\n<meta property=\"og:title\" content=\"C\u00e9sar Sampson representate de Austria en Eurovisi\u00f3n 2018 - VIVAEUROVISION viva eurovision\" \/>\n<meta property=\"og:description\" content=\"eurovision, eurovision 2018, eurovision Austria 2018, vivaeurovision, cesar sampson, C\u00e9sar Sampson eurovision, Austria eurovision 2018\" \/>\n<meta property=\"og:url\" content=\"https:\/\/www.vivaeurovision.com\/index.php\/2017\/12\/05\/5883-eurovision\/\" \/>\n<meta property=\"og:site_name\" content=\"VIVAEUROVISION viva eurovision\" \/>\n<meta property=\"article:published_time\" content=\"2017-12-05T21:15:52+00:00\" \/>\n<meta property=\"article:modified_time\" content=\"2017-12-08T21:50:44+00:00\" \/>\n<meta property=\"og:image\" content=\"https:\/\/www.vivaeurovision.com\/wp-content\/uploads\/2017\/12\/47CA4805-19B1-4A74-946B-1F7EE2DA520F.jpeg\" \/>\n\t<meta property=\"og:image:width\" content=\"520\" \/>\n\t<meta property=\"og:image:height\" content=\"311\" \/>\n\t<meta property=\"og:image:type\" content=\"image\/jpeg\" \/>\n<meta name=\"author\" content=\"Pedro Palomo\" \/>\n<meta name=\"twitter:card\" content=\"summary_large_image\" \/>\n<meta name=\"twitter:creator\" content=\"@pedropalomobcn\" \/>\n<meta name=\"twitter:label1\" content=\"Escrito por\" \/>\n\t<meta name=\"twitter:data1\" content=\"Pedro Palomo\" \/>\n\t<meta name=\"twitter:label2\" content=\"Tiempo de lectura\" \/>\n\t<meta name=\"twitter:data2\" content=\"1 minuto\" \/>\n<script type=\"application\/ld+json\" class=\"yoast-schema-graph\">{\"@context\":\"https:\\\/\\\/schema.org\",\"@graph\":[{\"@type\":\"Article\",\"@id\":\"https:\\\/\\\/www.vivaeurovision.com\\\/index.php\\\/2017\\\/12\\\/05\\\/5883-eurovision\\\/#article\",\"isPartOf\":{\"@id\":\"https:\\\/\\\/www.vivaeurovision.com\\\/index.php\\\/2017\\\/12\\\/05\\\/5883-eurovision\\\/\"},\"author\":{\"name\":\"Pedro Palomo\",\"@id\":\"https:\\\/\\\/www.vivaeurovision.com\\\/#\\\/schema\\\/person\\\/1d31fdaa3f5f7df556f73d164bd3c47a\"},\"headline\":\"C\u00e9sar Sampson representate de Austria en Eurovisi\u00f3n 2018\",\"datePublished\":\"2017-12-05T21:15:52+00:00\",\"dateModified\":\"2017-12-08T21:50:44+00:00\",\"mainEntityOfPage\":{\"@id\":\"https:\\\/\\\/www.vivaeurovision.com\\\/index.php\\\/2017\\\/12\\\/05\\\/5883-eurovision\\\/\"},\"wordCount\":177,\"commentCount\":0,\"publisher\":{\"@id\":\"https:\\\/\\\/www.vivaeurovision.com\\\/#organization\"},\"image\":{\"@id\":\"https:\\\/\\\/www.vivaeurovision.com\\\/index.php\\\/2017\\\/12\\\/05\\\/5883-eurovision\\\/#primaryimage\"},\"thumbnailUrl\":\"https:\\\/\\\/www.vivaeurovision.com\\\/wp-content\\\/uploads\\\/2017\\\/12\\\/47CA4805-19B1-4A74-946B-1F7EE2DA520F.jpeg\",\"keywords\":[\"all aboard\",\"All aboard! Eurovision All Aboard! All aboard! 2018\",\"Austria eurovision 2018\",\"C\u00e9sar Sampson\",\"C\u00e9sar Sampson eurovision\",\"C\u00e9sar Sampson eurovision 2018\",\"C\u00e9sar Sampson eurovision austria\",\"C\u00e9sar Sampson eurovision Austria 2018\",\"ESC\",\"esc 2018\",\"Esc 2018 all aboard\",\"Eurovision\",\"eurovision 2018\",\"Eurovision all aboard\",\"eurovision Austria 2018\",\"eurovision lisboa\",\"eurovision Lisboa 2018\",\"eurovision lisbon\",\"eurovision lisbon 2018\",\"eurovision Portugal 2018\",\"eurovision song contest\",\"eurovision song contest 2018\",\"eurovision song contest festival\",\"Festival de Eurovisi\u00f3n\",\"Noticia\",\"orf\",\"Pedro Palomo\",\"Pedro Palomo Eurovision\",\"Pedro Palomo Vivaeurovision\",\"viva eurovision\",\"vivaeurovision\"],\"articleSection\":[\"eurovision\",\"eurovision 2018\",\"Inicio\",\"Noticia\",\"Noticias\",\"Ultima Hora\"],\"inLanguage\":\"es\",\"potentialAction\":[{\"@type\":\"CommentAction\",\"name\":\"Comment\",\"target\":[\"https:\\\/\\\/www.vivaeurovision.com\\\/index.php\\\/2017\\\/12\\\/05\\\/5883-eurovision\\\/#respond\"]}]},{\"@type\":\"WebPage\",\"@id\":\"https:\\\/\\\/www.vivaeurovision.com\\\/index.php\\\/2017\\\/12\\\/05\\\/5883-eurovision\\\/\",\"url\":\"https:\\\/\\\/www.vivaeurovision.com\\\/index.php\\\/2017\\\/12\\\/05\\\/5883-eurovision\\\/\",\"name\":\"C\u00e9sar Sampson representate de Austria en Eurovisi\u00f3n 2018 - VIVAEUROVISION viva eurovision\",\"isPartOf\":{\"@id\":\"https:\\\/\\\/www.vivaeurovision.com\\\/#website\"},\"primaryImageOfPage\":{\"@id\":\"https:\\\/\\\/www.vivaeurovision.com\\\/index.php\\\/2017\\\/12\\\/05\\\/5883-eurovision\\\/#primaryimage\"},\"image\":{\"@id\":\"https:\\\/\\\/www.vivaeurovision.com\\\/index.php\\\/2017\\\/12\\\/05\\\/5883-eurovision\\\/#primaryimage\"},\"thumbnailUrl\":\"https:\\\/\\\/www.vivaeurovision.com\\\/wp-content\\\/uploads\\\/2017\\\/12\\\/47CA4805-19B1-4A74-946B-1F7EE2DA520F.jpeg\",\"datePublished\":\"2017-12-05T21:15:52+00:00\",\"dateModified\":\"2017-12-08T21:50:44+00:00\",\"description\":\"eurovision, eurovision 2018, eurovision Austria 2018, vivaeurovision, cesar sampson, C\u00e9sar Sampson eurovision, Austria eurovision 2018\",\"breadcrumb\":{\"@id\":\"https:\\\/\\\/www.vivaeurovision.com\\\/index.php\\\/2017\\\/12\\\/05\\\/5883-eurovision\\\/#breadcrumb\"},\"inLanguage\":\"es\",\"potentialAction\":[{\"@type\":\"ReadAction\",\"target\":[\"https:\\\/\\\/www.vivaeurovision.com\\\/index.php\\\/2017\\\/12\\\/05\\\/5883-eurovision\\\/\"]}]},{\"@type\":\"ImageObject\",\"inLanguage\":\"es\",\"@id\":\"https:\\\/\\\/www.vivaeurovision.com\\\/index.php\\\/2017\\\/12\\\/05\\\/5883-eurovision\\\/#primaryimage\",\"url\":\"https:\\\/\\\/www.vivaeurovision.com\\\/wp-content\\\/uploads\\\/2017\\\/12\\\/47CA4805-19B1-4A74-946B-1F7EE2DA520F.jpeg\",\"contentUrl\":\"https:\\\/\\\/www.vivaeurovision.com\\\/wp-content\\\/uploads\\\/2017\\\/12\\\/47CA4805-19B1-4A74-946B-1F7EE2DA520F.jpeg\",\"width\":520,\"height\":311,\"caption\":\"eurovision\"},{\"@type\":\"BreadcrumbList\",\"@id\":\"https:\\\/\\\/www.vivaeurovision.com\\\/index.php\\\/2017\\\/12\\\/05\\\/5883-eurovision\\\/#breadcrumb\",\"itemListElement\":[{\"@type\":\"ListItem\",\"position\":1,\"name\":\"Portada\",\"item\":\"https:\\\/\\\/www.vivaeurovision.com\\\/\"},{\"@type\":\"ListItem\",\"position\":2,\"name\":\"C\u00e9sar Sampson representate de Austria en Eurovisi\u00f3n 2018\"}]},{\"@type\":\"WebSite\",\"@id\":\"https:\\\/\\\/www.vivaeurovision.com\\\/#website\",\"url\":\"https:\\\/\\\/www.vivaeurovision.com\\\/\",\"name\":\"VIVAEUROVISION viva eurovision\",\"description\":\"Tu portal sobre el Festival de Eurovision, eurovision, eurovisi\u00f3n\",\"publisher\":{\"@id\":\"https:\\\/\\\/www.vivaeurovision.com\\\/#organization\"},\"potentialAction\":[{\"@type\":\"SearchAction\",\"target\":{\"@type\":\"EntryPoint\",\"urlTemplate\":\"https:\\\/\\\/www.vivaeurovision.com\\\/?s={search_term_string}\"},\"query-input\":{\"@type\":\"PropertyValueSpecification\",\"valueRequired\":true,\"valueName\":\"search_term_string\"}}],\"inLanguage\":\"es\"},{\"@type\":\"Organization\",\"@id\":\"https:\\\/\\\/www.vivaeurovision.com\\\/#organization\",\"name\":\"vivaeurovision\",\"url\":\"https:\\\/\\\/www.vivaeurovision.com\\\/\",\"logo\":{\"@type\":\"ImageObject\",\"inLanguage\":\"es\",\"@id\":\"https:\\\/\\\/www.vivaeurovision.com\\\/#\\\/schema\\\/logo\\\/image\\\/\",\"url\":\"https:\\\/\\\/www.vivaeurovision.com\\\/wp-content\\\/uploads\\\/2016\\\/01\\\/cropped-image-21-1.jpeg\",\"contentUrl\":\"https:\\\/\\\/www.vivaeurovision.com\\\/wp-content\\\/uploads\\\/2016\\\/01\\\/cropped-image-21-1.jpeg\",\"width\":669,\"height\":368,\"caption\":\"vivaeurovision\"},\"image\":{\"@id\":\"https:\\\/\\\/www.vivaeurovision.com\\\/#\\\/schema\\\/logo\\\/image\\\/\"}},{\"@type\":\"Person\",\"@id\":\"https:\\\/\\\/www.vivaeurovision.com\\\/#\\\/schema\\\/person\\\/1d31fdaa3f5f7df556f73d164bd3c47a\",\"name\":\"Pedro Palomo\",\"image\":{\"@type\":\"ImageObject\",\"inLanguage\":\"es\",\"@id\":\"https:\\\/\\\/secure.gravatar.com\\\/avatar\\\/4cf9a4877f5f71f44fb7cedbe1bac1bd28bd8ce7a217517d98d5b2117f9f5505?s=96&d=mm&r=g\",\"url\":\"https:\\\/\\\/secure.gravatar.com\\\/avatar\\\/4cf9a4877f5f71f44fb7cedbe1bac1bd28bd8ce7a217517d98d5b2117f9f5505?s=96&d=mm&r=g\",\"contentUrl\":\"https:\\\/\\\/secure.gravatar.com\\\/avatar\\\/4cf9a4877f5f71f44fb7cedbe1bac1bd28bd8ce7a217517d98d5b2117f9f5505?s=96&d=mm&r=g\",\"caption\":\"Pedro Palomo\"},\"sameAs\":[\"http:\\\/\\\/www.vivaeurovision.com\",\"@pedrobcn\",\"https:\\\/\\\/x.com\\\/@pedropalomobcn\"]}]}<\/script>\n<!-- \/ Yoast SEO plugin. -->","yoast_head_json":{"title":"C\u00e9sar Sampson representate de Austria en Eurovisi\u00f3n 2018 - VIVAEUROVISION viva eurovision","description":"eurovision, eurovision 2018, eurovision Austria 2018, vivaeurovision, cesar sampson, C\u00e9sar Sampson eurovision, Austria eurovision 2018","robots":{"index":"index","follow":"follow","max-snippet":"max-snippet:-1","max-image-preview":"max-image-preview:large","max-video-preview":"max-video-preview:-1"},"canonical":"https:\/\/www.vivaeurovision.com\/index.php\/2017\/12\/05\/5883-eurovision\/","og_locale":"es_ES","og_type":"article","og_title":"C\u00e9sar Sampson representate de Austria en Eurovisi\u00f3n 2018 - VIVAEUROVISION viva eurovision","og_description":"eurovision, eurovision 2018, eurovision Austria 2018, vivaeurovision, cesar sampson, C\u00e9sar Sampson eurovision, Austria eurovision 2018","og_url":"https:\/\/www.vivaeurovision.com\/index.php\/2017\/12\/05\/5883-eurovision\/","og_site_name":"VIVAEUROVISION viva eurovision","article_published_time":"2017-12-05T21:15:52+00:00","article_modified_time":"2017-12-08T21:50:44+00:00","og_image":[{"width":520,"height":311,"url":"https:\/\/www.vivaeurovision.com\/wp-content\/uploads\/2017\/12\/47CA4805-19B1-4A74-946B-1F7EE2DA520F.jpeg","type":"image\/jpeg"}],"author":"Pedro Palomo","twitter_card":"summary_large_image","twitter_creator":"@pedropalomobcn","twitter_misc":{"Escrito por":"Pedro Palomo","Tiempo de lectura":"1 minuto"},"schema":{"@context":"https:\/\/schema.org","@graph":[{"@type":"Article","@id":"https:\/\/www.vivaeurovision.com\/index.php\/2017\/12\/05\/5883-eurovision\/#article","isPartOf":{"@id":"https:\/\/www.vivaeurovision.com\/index.php\/2017\/12\/05\/5883-eurovision\/"},"author":{"name":"Pedro Palomo","@id":"https:\/\/www.vivaeurovision.com\/#\/schema\/person\/1d31fdaa3f5f7df556f73d164bd3c47a"},"headline":"C\u00e9sar Sampson representate de Austria en Eurovisi\u00f3n 2018","datePublished":"2017-12-05T21:15:52+00:00","dateModified":"2017-12-08T21:50:44+00:00","mainEntityOfPage":{"@id":"https:\/\/www.vivaeurovision.com\/index.php\/2017\/12\/05\/5883-eurovision\/"},"wordCount":177,"commentCount":0,"publisher":{"@id":"https:\/\/www.vivaeurovision.com\/#organization"},"image":{"@id":"https:\/\/www.vivaeurovision.com\/index.php\/2017\/12\/05\/5883-eurovision\/#primaryimage"},"thumbnailUrl":"https:\/\/www.vivaeurovision.com\/wp-content\/uploads\/2017\/12\/47CA4805-19B1-4A74-946B-1F7EE2DA520F.jpeg","keywords":["all aboard","All aboard! Eurovision All Aboard! All aboard! 2018","Austria eurovision 2018","C\u00e9sar Sampson","C\u00e9sar Sampson eurovision","C\u00e9sar Sampson eurovision 2018","C\u00e9sar Sampson eurovision austria","C\u00e9sar Sampson eurovision Austria 2018","ESC","esc 2018","Esc 2018 all aboard","Eurovision","eurovision 2018","Eurovision all aboard","eurovision Austria 2018","eurovision lisboa","eurovision Lisboa 2018","eurovision lisbon","eurovision lisbon 2018","eurovision Portugal 2018","eurovision song contest","eurovision song contest 2018","eurovision song contest festival","Festival de Eurovisi\u00f3n","Noticia","orf","Pedro Palomo","Pedro Palomo Eurovision","Pedro Palomo Vivaeurovision","viva eurovision","vivaeurovision"],"articleSection":["eurovision","eurovision 2018","Inicio","Noticia","Noticias","Ultima Hora"],"inLanguage":"es","potentialAction":[{"@type":"CommentAction","name":"Comment","target":["https:\/\/www.vivaeurovision.com\/index.php\/2017\/12\/05\/5883-eurovision\/#respond"]}]},{"@type":"WebPage","@id":"https:\/\/www.vivaeurovision.com\/index.php\/2017\/12\/05\/5883-eurovision\/","url":"https:\/\/www.vivaeurovision.com\/index.php\/2017\/12\/05\/5883-eurovision\/","name":"C\u00e9sar Sampson representate de Austria en Eurovisi\u00f3n 2018 - VIVAEUROVISION viva eurovision","isPartOf":{"@id":"https:\/\/www.vivaeurovision.com\/#website"},"primaryImageOfPage":{"@id":"https:\/\/www.vivaeurovision.com\/index.php\/2017\/12\/05\/5883-eurovision\/#primaryimage"},"image":{"@id":"https:\/\/www.vivaeurovision.com\/index.php\/2017\/12\/05\/5883-eurovision\/#primaryimage"},"thumbnailUrl":"https:\/\/www.vivaeurovision.com\/wp-content\/uploads\/2017\/12\/47CA4805-19B1-4A74-946B-1F7EE2DA520F.jpeg","datePublished":"2017-12-05T21:15:52+00:00","dateModified":"2017-12-08T21:50:44+00:00","description":"eurovision, eurovision 2018, eurovision Austria 2018, vivaeurovision, cesar sampson, C\u00e9sar Sampson eurovision, Austria eurovision 2018","breadcrumb":{"@id":"https:\/\/www.vivaeurovision.com\/index.php\/2017\/12\/05\/5883-eurovision\/#breadcrumb"},"inLanguage":"es","potentialAction":[{"@type":"ReadAction","target":["https:\/\/www.vivaeurovision.com\/index.php\/2017\/12\/05\/5883-eurovision\/"]}]},{"@type":"ImageObject","inLanguage":"es","@id":"https:\/\/www.vivaeurovision.com\/index.php\/2017\/12\/05\/5883-eurovision\/#primaryimage","url":"https:\/\/www.vivaeurovision.com\/wp-content\/uploads\/2017\/12\/47CA4805-19B1-4A74-946B-1F7EE2DA520F.jpeg","contentUrl":"https:\/\/www.vivaeurovision.com\/wp-content\/uploads\/2017\/12\/47CA4805-19B1-4A74-946B-1F7EE2DA520F.jpeg","width":520,"height":311,"caption":"eurovision"},{"@type":"BreadcrumbList","@id":"https:\/\/www.vivaeurovision.com\/index.php\/2017\/12\/05\/5883-eurovision\/#breadcrumb","itemListElement":[{"@type":"ListItem","position":1,"name":"Portada","item":"https:\/\/www.vivaeurovision.com\/"},{"@type":"ListItem","position":2,"name":"C\u00e9sar Sampson representate de Austria en Eurovisi\u00f3n 2018"}]},{"@type":"WebSite","@id":"https:\/\/www.vivaeurovision.com\/#website","url":"https:\/\/www.vivaeurovision.com\/","name":"VIVAEUROVISION viva eurovision","description":"Tu portal sobre el Festival de Eurovision, eurovision, eurovisi\u00f3n","publisher":{"@id":"https:\/\/www.vivaeurovision.com\/#organization"},"potentialAction":[{"@type":"SearchAction","target":{"@type":"EntryPoint","urlTemplate":"https:\/\/www.vivaeurovision.com\/?s={search_term_string}"},"query-input":{"@type":"PropertyValueSpecification","valueRequired":true,"valueName":"search_term_string"}}],"inLanguage":"es"},{"@type":"Organization","@id":"https:\/\/www.vivaeurovision.com\/#organization","name":"vivaeurovision","url":"https:\/\/www.vivaeurovision.com\/","logo":{"@type":"ImageObject","inLanguage":"es","@id":"https:\/\/www.vivaeurovision.com\/#\/schema\/logo\/image\/","url":"https:\/\/www.vivaeurovision.com\/wp-content\/uploads\/2016\/01\/cropped-image-21-1.jpeg","contentUrl":"https:\/\/www.vivaeurovision.com\/wp-content\/uploads\/2016\/01\/cropped-image-21-1.jpeg","width":669,"height":368,"caption":"vivaeurovision"},"image":{"@id":"https:\/\/www.vivaeurovision.com\/#\/schema\/logo\/image\/"}},{"@type":"Person","@id":"https:\/\/www.vivaeurovision.com\/#\/schema\/person\/1d31fdaa3f5f7df556f73d164bd3c47a","name":"Pedro Palomo","image":{"@type":"ImageObject","inLanguage":"es","@id":"https:\/\/secure.gravatar.com\/avatar\/4cf9a4877f5f71f44fb7cedbe1bac1bd28bd8ce7a217517d98d5b2117f9f5505?s=96&d=mm&r=g","url":"https:\/\/secure.gravatar.com\/avatar\/4cf9a4877f5f71f44fb7cedbe1bac1bd28bd8ce7a217517d98d5b2117f9f5505?s=96&d=mm&r=g","contentUrl":"https:\/\/secure.gravatar.com\/avatar\/4cf9a4877f5f71f44fb7cedbe1bac1bd28bd8ce7a217517d98d5b2117f9f5505?s=96&d=mm&r=g","caption":"Pedro Palomo"},"sameAs":["http:\/\/www.vivaeurovision.com","@pedrobcn","https:\/\/x.com\/@pedropalomobcn"]}]}},"_links":{"self":[{"href":"https:\/\/www.vivaeurovision.com\/index.php\/wp-json\/wp\/v2\/posts\/5883","targetHints":{"allow":["GET"]}}],"collection":[{"href":"https:\/\/www.vivaeurovision.com\/index.php\/wp-json\/wp\/v2\/posts"}],"about":[{"href":"https:\/\/www.vivaeurovision.com\/index.php\/wp-json\/wp\/v2\/types\/post"}],"author":[{"embeddable":true,"href":"https:\/\/www.vivaeurovision.com\/index.php\/wp-json\/wp\/v2\/users\/1"}],"replies":[{"embeddable":true,"href":"https:\/\/www.vivaeurovision.com\/index.php\/wp-json\/wp\/v2\/comments?post=5883"}],"version-history":[{"count":3,"href":"https:\/\/www.vivaeurovision.com\/index.php\/wp-json\/wp\/v2\/posts\/5883\/revisions"}],"predecessor-version":[{"id":5935,"href":"https:\/\/www.vivaeurovision.com\/index.php\/wp-json\/wp\/v2\/posts\/5883\/revisions\/5935"}],"wp:featuredmedia":[{"embeddable":true,"href":"https:\/\/www.vivaeurovision.com\/index.php\/wp-json\/wp\/v2\/media\/5932"}],"wp:attachment":[{"href":"https:\/\/www.vivaeurovision.com\/index.php\/wp-json\/wp\/v2\/media?parent=5883"}],"wp:term":[{"taxonomy":"category","embeddable":true,"href":"https:\/\/www.vivaeurovision.com\/index.php\/wp-json\/wp\/v2\/categories?post=5883"},{"taxonomy":"post_tag","embeddable":true,"href":"https:\/\/www.vivaeurovision.com\/index.php\/wp-json\/wp\/v2\/tags?post=5883"}],"curies":[{"name":"wp","href":"https:\/\/api.w.org\/{rel}","templated":true}]}}