{"id":5962,"date":"2017-12-17T18:34:07","date_gmt":"2017-12-17T18:34:07","guid":{"rendered":"http:\/\/www.vivaeurovision.com\/?p=5962"},"modified":"2017-12-17T18:34:07","modified_gmt":"2017-12-17T18:34:07","slug":"5962-sanremo-eurovision","status":"publish","type":"post","link":"https:\/\/www.vivaeurovision.com\/index.php\/2017\/12\/17\/5962-sanremo-eurovision\/","title":{"rendered":"Nina Zilli entre los participantes del Festival de Sanremo 2018"},"content":{"rendered":"<h2>Eurovision 2018<\/h2>\n<h2>Nina Zilli entre los participantes del Festival de Sanremo 2018<\/h2>\n<p><img loading=\"lazy\" decoding=\"async\" class=\"alignnone size-medium wp-image-6018\" src=\"http:\/\/www.vivaeurovision.com\/wp-content\/uploads\/2017\/12\/AAFE6B1D-E967-477E-9D92-4B4CE892D3E9-300x193.jpeg\" alt=\"eurovision\" width=\"300\" height=\"193\" srcset=\"https:\/\/www.vivaeurovision.com\/wp-content\/uploads\/2017\/12\/AAFE6B1D-E967-477E-9D92-4B4CE892D3E9-300x193.jpeg 300w, https:\/\/www.vivaeurovision.com\/wp-content\/uploads\/2017\/12\/AAFE6B1D-E967-477E-9D92-4B4CE892D3E9.jpeg 470w\" sizes=\"auto, (max-width: 300px) 100vw, 300px\" \/><\/p>\n<p>Imagen: Nina Zilli<\/p>\n<p>Nina Zilli quien ya represent\u00f3 a Italia en Bak\u00fa en el Festival de Eurovisi\u00f3n 2012, podr\u00eda volver a repetir experiencia en el pr\u00f3ximo Festival de Eurovisi\u00f3n 2018, ya que la cantante participar\u00e1 en el pr\u00f3ximo Festival de SanRemo del cual saldr\u00e1 el representante de Italia para Lisboa 2018.<\/p>\n<p><iframe loading=\"lazy\"  id=\"_ytid_78638\"  width=\"480\" height=\"270\"  data-origwidth=\"480\" data-origheight=\"270\" src=\"https:\/\/www.youtube.com\/embed\/v0kGpDEvtbQ?enablejsapi=1&#038;autoplay=0&#038;cc_load_policy=0&#038;cc_lang_pref=&#038;iv_load_policy=1&#038;loop=0&#038;rel=1&#038;fs=1&#038;playsinline=0&#038;autohide=2&#038;theme=dark&#038;color=red&#038;controls=1&#038;disablekb=0&#038;\" class=\"__youtube_prefs__  epyt-is-override  no-lazyload\" title=\"YouTube player\"  allow=\"fullscreen; accelerometer; autoplay; clipboard-write; encrypted-media; gyroscope; picture-in-picture; web-share\" referrerpolicy=\"strict-origin-when-cross-origin\" allowfullscreen data-no-lazy=\"1\" data-skipgform_ajax_framebjll=\"\"><\/iframe><\/p>\n<p>Del 6 al 10 de febrero se celebrar\u00e1 el m\u00edtico festival de la m\u00fasica italiana. El ganador tiene la opci\u00f3n de elegir si va al Festival de Eurovisi\u00f3n, de lo contrario la organizaci\u00f3n seleccionar\u00eda a uno de los participantes para representar a Italia en el Festival de Eurovisi\u00f3n indiferentemente del puesto en el que hayan quedado en el festival de SanRemo.<\/p>\n<h3><img loading=\"lazy\" decoding=\"async\" class=\"alignnone size-medium wp-image-6019\" src=\"http:\/\/www.vivaeurovision.com\/wp-content\/uploads\/2017\/12\/7C92B7EE-9DAD-470A-88B9-CECCDEA12456-300x120.jpeg\" alt=\"Sanremo 2018\" width=\"300\" height=\"120\" srcset=\"https:\/\/www.vivaeurovision.com\/wp-content\/uploads\/2017\/12\/7C92B7EE-9DAD-470A-88B9-CECCDEA12456-300x120.jpeg 300w, https:\/\/www.vivaeurovision.com\/wp-content\/uploads\/2017\/12\/7C92B7EE-9DAD-470A-88B9-CECCDEA12456-700x280.jpeg 700w, https:\/\/www.vivaeurovision.com\/wp-content\/uploads\/2017\/12\/7C92B7EE-9DAD-470A-88B9-CECCDEA12456.jpeg 1000w\" sizes=\"auto, (max-width: 300px) 100vw, 300px\" \/><\/h3>\n<h3>SANREMO 2018<\/h3>\n<p><b>CAMPIONI<\/b><\/p>\n<p>Annalisa \u2013 Il mondo prima di te<br \/>\nDecibel \u2013 Lettera dal duca<br \/>\nDiodato e Roy Paci \u2013 Adesso<br \/>\nElio e le Storie Tese \u2013 Arrivederci<br \/>\nEnzo Avitabile e Peppe Servillo \u2013 Il coraggio di ogni giorno<br \/>\nErmal Meta e Fabrizio Moro \u2013 Non mi avete fatto niente<br \/>\nGiovanni Caccamo \u2013 Eterno<br \/>\nLe Vibrazioni \u2013 Cos\u00ec sbagliato<br \/>\nLo Stato Sociale \u2013 Una vita in vacanza<br \/>\nLuca Barbarossa \u2013 Passame er sale<br \/>\nMario Biondi \u2013 Rivederti<br \/>\nMax Gazz\u00e9 \u2013 La leggenda di Cristalda e Pizzomunno<br \/>\nNina Zilli \u2013 Senza appartenere<br \/>\nNoemi \u2013 Smettere mai di cercarmi<br \/>\nOrnella Vanoni con Bungaro e Pacifico \u2013 Imparare ad amarsi<br \/>\nRed Canzian \u2013 Ognuno ha il suo racconto<br \/>\nRenzo Rubino \u2013 Custodire<br \/>\nRoby Facchinetti e Riccardo Fogli \u2013 Il segreto del tempo<br \/>\nRon \u2013 Almeno pensami<br \/>\nThe Kolors \u2013 Frida<\/p>\n<p><b>NUOVE PROPOSTE<\/b><\/p>\n<p>Alice Caioli \u2013 Specchi rotti<br \/>\nEva \u2013 Cosa ti salver\u00e0<br \/>\nGiulia Casieri \u2013 Come stai<br \/>\nLeonardo Monteiro \u2013 Bianca<br \/>\nLorenzo Baglioni \u2013 Il congiuntivo<br \/>\nMirkoeilcane \u2013 Stiamo tutti bene<br \/>\nMudimbi \u2013 Il mago<br \/>\nUltimo \u2013 Il ballo delle incertezze<\/p>\n<p>&nbsp;<\/p>\n<p><img loading=\"lazy\" decoding=\"async\" class=\"alignnone size-medium wp-image-311\" src=\"http:\/\/www.vivaeurovision.com\/wp-content\/uploads\/2016\/01\/image-21-300x165.jpeg\" alt=\"VIVAEUROVISION.COM\" width=\"300\" height=\"165\" srcset=\"https:\/\/www.vivaeurovision.com\/wp-content\/uploads\/2016\/01\/image-21-300x165.jpeg 300w, https:\/\/www.vivaeurovision.com\/wp-content\/uploads\/2016\/01\/image-21-555x305.jpeg 555w, https:\/\/www.vivaeurovision.com\/wp-content\/uploads\/2016\/01\/image-21.jpeg 669w\" sizes=\"auto, (max-width: 300px) 100vw, 300px\" \/><\/p>\n<p>Twitter\u00a0<strong> <a href=\"https:\/\/twitter.com\/viva_eurovision\" target=\"_blank\" rel=\"noopener noreferrer\">@viva_eurovision<\/a>\u00a0 <a href=\"https:\/\/www.facebook.com\/Vivaeurovisioncom-867806686671081\/?fref=nf\" target=\"_blank\" rel=\"noopener noreferrer\">FACEBOOK OFICIAL VIVA EUROVISION <\/a><\/strong>Instragram <strong>\u00a0<\/strong><a href=\"https:\/\/www.instagram.com\/vivaeurovision\/\" target=\"_blank\" rel=\"noopener noreferrer\"><strong>@vivaeurovision<\/strong><\/a><\/p>\n<p>Redactor: Pedro Palomo <a href=\"https:\/\/twitter.com\/pedropalomobcn?lang=es\"><strong>@pedropalomobcn<\/strong><\/a><strong>\u00a0<\/strong>Instagram <a href=\"https:\/\/www.instagram.com\/pedrobcn\/\" target=\"_blank\" rel=\"noopener noreferrer\"><strong>@pedrobcn<\/strong><\/a><\/p>\n","protected":false},"excerpt":{"rendered":"<p>Eurovision 2018 Nina Zilli entre los participantes del Festival de Sanremo 2018 Imagen: Nina Zilli Nina Zilli quien ya represent\u00f3 a Italia en Bak\u00fa en el Festival de Eurovisi\u00f3n 2012,&#46;&#46;&#46;<\/p>\n","protected":false},"author":1,"featured_media":6018,"comment_status":"open","ping_status":"closed","sticky":false,"template":"","format":"standard","meta":{"_exactmetrics_skip_tracking":false,"_exactmetrics_sitenote_active":false,"_exactmetrics_sitenote_note":"","_exactmetrics_sitenote_category":0,"footnotes":""},"categories":[1195,2144,4,1188,2,3],"tags":[2490,11,2289,1096,2146,2605,2606,2607,2610,2608,2609,19,20,766,2603,2604,23,22],"class_list":["post-5962","post","type-post","status-publish","format-standard","has-post-thumbnail","hentry","category-eurovision-2","category-eurovision-2018","category-eurovision","category-noticia-2","category-noticia","category-ultima-hora","tag-all-aboard","tag-eurovision","tag-eurovision-lisbon-2018","tag-festival-de-eurovision","tag-festival-de-eurovision-2018","tag-festival-di-sanremo","tag-festival-di-sanremo-2018","tag-nina-zilli","tag-nina-zilli-eurovision","tag-nina-zilli-sanremo","tag-nina-zilli-sanremo-2018","tag-pedro-palomo","tag-pedro-palomo-eurovision","tag-pedro-palomo-vivaeurovision","tag-sanremo","tag-sanremo-2018","tag-viva-eurovision","tag-vivaeurovision"],"yoast_head":"<!-- This site is optimized with the Yoast SEO plugin v27.5 - https:\/\/yoast.com\/product\/yoast-seo-wordpress\/ -->\n<title>Nina Zilli entre los participantes del Festival de Sanremo 2018 - VIVAEUROVISION viva eurovision<\/title>\n<meta name=\"description\" content=\"eurovision, festival de eurovision, sanremo, sanremo 2018, vivaeurovision, viva eurovision, all aboard, sanremo eurovision, eurovision\" \/>\n<meta name=\"robots\" content=\"index, follow, max-snippet:-1, max-image-preview:large, max-video-preview:-1\" \/>\n<link rel=\"canonical\" href=\"https:\/\/www.vivaeurovision.com\/index.php\/2017\/12\/17\/5962-sanremo-eurovision\/\" \/>\n<meta property=\"og:locale\" content=\"es_ES\" \/>\n<meta property=\"og:type\" content=\"article\" \/>\n<meta property=\"og:title\" content=\"Nina Zilli entre los participantes del Festival de Sanremo 2018 - VIVAEUROVISION viva eurovision\" \/>\n<meta property=\"og:description\" content=\"eurovision, festival de eurovision, sanremo, sanremo 2018, vivaeurovision, viva eurovision, all aboard, sanremo eurovision, eurovision\" \/>\n<meta property=\"og:url\" content=\"https:\/\/www.vivaeurovision.com\/index.php\/2017\/12\/17\/5962-sanremo-eurovision\/\" \/>\n<meta property=\"og:site_name\" content=\"VIVAEUROVISION viva eurovision\" \/>\n<meta property=\"article:published_time\" content=\"2017-12-17T18:34:07+00:00\" \/>\n<meta property=\"og:image\" content=\"https:\/\/www.vivaeurovision.com\/wp-content\/uploads\/2017\/12\/AAFE6B1D-E967-477E-9D92-4B4CE892D3E9.jpeg\" \/>\n\t<meta property=\"og:image:width\" content=\"470\" \/>\n\t<meta property=\"og:image:height\" content=\"303\" \/>\n\t<meta property=\"og:image:type\" content=\"image\/jpeg\" \/>\n<meta name=\"author\" content=\"Pedro Palomo\" \/>\n<meta name=\"twitter:card\" content=\"summary_large_image\" \/>\n<meta name=\"twitter:creator\" content=\"@pedropalomobcn\" \/>\n<meta name=\"twitter:label1\" content=\"Escrito por\" \/>\n\t<meta name=\"twitter:data1\" content=\"Pedro Palomo\" \/>\n\t<meta name=\"twitter:label2\" content=\"Tiempo de lectura\" \/>\n\t<meta name=\"twitter:data2\" content=\"1 minuto\" \/>\n<script type=\"application\/ld+json\" class=\"yoast-schema-graph\">{\"@context\":\"https:\\\/\\\/schema.org\",\"@graph\":[{\"@type\":\"Article\",\"@id\":\"https:\\\/\\\/www.vivaeurovision.com\\\/index.php\\\/2017\\\/12\\\/17\\\/5962-sanremo-eurovision\\\/#article\",\"isPartOf\":{\"@id\":\"https:\\\/\\\/www.vivaeurovision.com\\\/index.php\\\/2017\\\/12\\\/17\\\/5962-sanremo-eurovision\\\/\"},\"author\":{\"name\":\"Pedro Palomo\",\"@id\":\"https:\\\/\\\/www.vivaeurovision.com\\\/#\\\/schema\\\/person\\\/1d31fdaa3f5f7df556f73d164bd3c47a\"},\"headline\":\"Nina Zilli entre los participantes del Festival de Sanremo 2018\",\"datePublished\":\"2017-12-17T18:34:07+00:00\",\"mainEntityOfPage\":{\"@id\":\"https:\\\/\\\/www.vivaeurovision.com\\\/index.php\\\/2017\\\/12\\\/17\\\/5962-sanremo-eurovision\\\/\"},\"wordCount\":308,\"commentCount\":0,\"publisher\":{\"@id\":\"https:\\\/\\\/www.vivaeurovision.com\\\/#organization\"},\"image\":{\"@id\":\"https:\\\/\\\/www.vivaeurovision.com\\\/index.php\\\/2017\\\/12\\\/17\\\/5962-sanremo-eurovision\\\/#primaryimage\"},\"thumbnailUrl\":\"https:\\\/\\\/www.vivaeurovision.com\\\/wp-content\\\/uploads\\\/2017\\\/12\\\/AAFE6B1D-E967-477E-9D92-4B4CE892D3E9.jpeg\",\"keywords\":[\"all aboard\",\"Eurovision\",\"eurovision lisbon 2018\",\"Festival de Eurovisi\u00f3n\",\"festival de eurovision 2018\",\"festival di sanremo\",\"festival di sanremo 2018\",\"nina zilli\",\"nina zilli eurovision\",\"nina zilli sanremo\",\"nina zilli sanremo 2018\",\"Pedro Palomo\",\"Pedro Palomo Eurovision\",\"Pedro Palomo Vivaeurovision\",\"sanremo\",\"sanremo 2018\",\"viva eurovision\",\"vivaeurovision\"],\"articleSection\":[\"eurovision\",\"eurovision 2018\",\"Inicio\",\"Noticia\",\"Noticias\",\"Ultima Hora\"],\"inLanguage\":\"es\",\"potentialAction\":[{\"@type\":\"CommentAction\",\"name\":\"Comment\",\"target\":[\"https:\\\/\\\/www.vivaeurovision.com\\\/index.php\\\/2017\\\/12\\\/17\\\/5962-sanremo-eurovision\\\/#respond\"]}]},{\"@type\":\"WebPage\",\"@id\":\"https:\\\/\\\/www.vivaeurovision.com\\\/index.php\\\/2017\\\/12\\\/17\\\/5962-sanremo-eurovision\\\/\",\"url\":\"https:\\\/\\\/www.vivaeurovision.com\\\/index.php\\\/2017\\\/12\\\/17\\\/5962-sanremo-eurovision\\\/\",\"name\":\"Nina Zilli entre los participantes del Festival de Sanremo 2018 - VIVAEUROVISION viva eurovision\",\"isPartOf\":{\"@id\":\"https:\\\/\\\/www.vivaeurovision.com\\\/#website\"},\"primaryImageOfPage\":{\"@id\":\"https:\\\/\\\/www.vivaeurovision.com\\\/index.php\\\/2017\\\/12\\\/17\\\/5962-sanremo-eurovision\\\/#primaryimage\"},\"image\":{\"@id\":\"https:\\\/\\\/www.vivaeurovision.com\\\/index.php\\\/2017\\\/12\\\/17\\\/5962-sanremo-eurovision\\\/#primaryimage\"},\"thumbnailUrl\":\"https:\\\/\\\/www.vivaeurovision.com\\\/wp-content\\\/uploads\\\/2017\\\/12\\\/AAFE6B1D-E967-477E-9D92-4B4CE892D3E9.jpeg\",\"datePublished\":\"2017-12-17T18:34:07+00:00\",\"description\":\"eurovision, festival de eurovision, sanremo, sanremo 2018, vivaeurovision, viva eurovision, all aboard, sanremo eurovision, eurovision\",\"breadcrumb\":{\"@id\":\"https:\\\/\\\/www.vivaeurovision.com\\\/index.php\\\/2017\\\/12\\\/17\\\/5962-sanremo-eurovision\\\/#breadcrumb\"},\"inLanguage\":\"es\",\"potentialAction\":[{\"@type\":\"ReadAction\",\"target\":[\"https:\\\/\\\/www.vivaeurovision.com\\\/index.php\\\/2017\\\/12\\\/17\\\/5962-sanremo-eurovision\\\/\"]}]},{\"@type\":\"ImageObject\",\"inLanguage\":\"es\",\"@id\":\"https:\\\/\\\/www.vivaeurovision.com\\\/index.php\\\/2017\\\/12\\\/17\\\/5962-sanremo-eurovision\\\/#primaryimage\",\"url\":\"https:\\\/\\\/www.vivaeurovision.com\\\/wp-content\\\/uploads\\\/2017\\\/12\\\/AAFE6B1D-E967-477E-9D92-4B4CE892D3E9.jpeg\",\"contentUrl\":\"https:\\\/\\\/www.vivaeurovision.com\\\/wp-content\\\/uploads\\\/2017\\\/12\\\/AAFE6B1D-E967-477E-9D92-4B4CE892D3E9.jpeg\",\"width\":470,\"height\":303,\"caption\":\"eurovision\"},{\"@type\":\"BreadcrumbList\",\"@id\":\"https:\\\/\\\/www.vivaeurovision.com\\\/index.php\\\/2017\\\/12\\\/17\\\/5962-sanremo-eurovision\\\/#breadcrumb\",\"itemListElement\":[{\"@type\":\"ListItem\",\"position\":1,\"name\":\"Portada\",\"item\":\"https:\\\/\\\/www.vivaeurovision.com\\\/\"},{\"@type\":\"ListItem\",\"position\":2,\"name\":\"Nina Zilli entre los participantes del Festival de Sanremo 2018\"}]},{\"@type\":\"WebSite\",\"@id\":\"https:\\\/\\\/www.vivaeurovision.com\\\/#website\",\"url\":\"https:\\\/\\\/www.vivaeurovision.com\\\/\",\"name\":\"VIVAEUROVISION viva eurovision\",\"description\":\"Tu portal sobre el Festival de Eurovision, eurovision, eurovisi\u00f3n\",\"publisher\":{\"@id\":\"https:\\\/\\\/www.vivaeurovision.com\\\/#organization\"},\"potentialAction\":[{\"@type\":\"SearchAction\",\"target\":{\"@type\":\"EntryPoint\",\"urlTemplate\":\"https:\\\/\\\/www.vivaeurovision.com\\\/?s={search_term_string}\"},\"query-input\":{\"@type\":\"PropertyValueSpecification\",\"valueRequired\":true,\"valueName\":\"search_term_string\"}}],\"inLanguage\":\"es\"},{\"@type\":\"Organization\",\"@id\":\"https:\\\/\\\/www.vivaeurovision.com\\\/#organization\",\"name\":\"vivaeurovision\",\"url\":\"https:\\\/\\\/www.vivaeurovision.com\\\/\",\"logo\":{\"@type\":\"ImageObject\",\"inLanguage\":\"es\",\"@id\":\"https:\\\/\\\/www.vivaeurovision.com\\\/#\\\/schema\\\/logo\\\/image\\\/\",\"url\":\"https:\\\/\\\/www.vivaeurovision.com\\\/wp-content\\\/uploads\\\/2016\\\/01\\\/cropped-image-21-1.jpeg\",\"contentUrl\":\"https:\\\/\\\/www.vivaeurovision.com\\\/wp-content\\\/uploads\\\/2016\\\/01\\\/cropped-image-21-1.jpeg\",\"width\":669,\"height\":368,\"caption\":\"vivaeurovision\"},\"image\":{\"@id\":\"https:\\\/\\\/www.vivaeurovision.com\\\/#\\\/schema\\\/logo\\\/image\\\/\"}},{\"@type\":\"Person\",\"@id\":\"https:\\\/\\\/www.vivaeurovision.com\\\/#\\\/schema\\\/person\\\/1d31fdaa3f5f7df556f73d164bd3c47a\",\"name\":\"Pedro Palomo\",\"image\":{\"@type\":\"ImageObject\",\"inLanguage\":\"es\",\"@id\":\"https:\\\/\\\/secure.gravatar.com\\\/avatar\\\/4cf9a4877f5f71f44fb7cedbe1bac1bd28bd8ce7a217517d98d5b2117f9f5505?s=96&d=mm&r=g\",\"url\":\"https:\\\/\\\/secure.gravatar.com\\\/avatar\\\/4cf9a4877f5f71f44fb7cedbe1bac1bd28bd8ce7a217517d98d5b2117f9f5505?s=96&d=mm&r=g\",\"contentUrl\":\"https:\\\/\\\/secure.gravatar.com\\\/avatar\\\/4cf9a4877f5f71f44fb7cedbe1bac1bd28bd8ce7a217517d98d5b2117f9f5505?s=96&d=mm&r=g\",\"caption\":\"Pedro Palomo\"},\"sameAs\":[\"http:\\\/\\\/www.vivaeurovision.com\",\"@pedrobcn\",\"https:\\\/\\\/x.com\\\/@pedropalomobcn\"]}]}<\/script>\n<!-- \/ Yoast SEO plugin. -->","yoast_head_json":{"title":"Nina Zilli entre los participantes del Festival de Sanremo 2018 - VIVAEUROVISION viva eurovision","description":"eurovision, festival de eurovision, sanremo, sanremo 2018, vivaeurovision, viva eurovision, all aboard, sanremo eurovision, eurovision","robots":{"index":"index","follow":"follow","max-snippet":"max-snippet:-1","max-image-preview":"max-image-preview:large","max-video-preview":"max-video-preview:-1"},"canonical":"https:\/\/www.vivaeurovision.com\/index.php\/2017\/12\/17\/5962-sanremo-eurovision\/","og_locale":"es_ES","og_type":"article","og_title":"Nina Zilli entre los participantes del Festival de Sanremo 2018 - VIVAEUROVISION viva eurovision","og_description":"eurovision, festival de eurovision, sanremo, sanremo 2018, vivaeurovision, viva eurovision, all aboard, sanremo eurovision, eurovision","og_url":"https:\/\/www.vivaeurovision.com\/index.php\/2017\/12\/17\/5962-sanremo-eurovision\/","og_site_name":"VIVAEUROVISION viva eurovision","article_published_time":"2017-12-17T18:34:07+00:00","og_image":[{"width":470,"height":303,"url":"https:\/\/www.vivaeurovision.com\/wp-content\/uploads\/2017\/12\/AAFE6B1D-E967-477E-9D92-4B4CE892D3E9.jpeg","type":"image\/jpeg"}],"author":"Pedro Palomo","twitter_card":"summary_large_image","twitter_creator":"@pedropalomobcn","twitter_misc":{"Escrito por":"Pedro Palomo","Tiempo de lectura":"1 minuto"},"schema":{"@context":"https:\/\/schema.org","@graph":[{"@type":"Article","@id":"https:\/\/www.vivaeurovision.com\/index.php\/2017\/12\/17\/5962-sanremo-eurovision\/#article","isPartOf":{"@id":"https:\/\/www.vivaeurovision.com\/index.php\/2017\/12\/17\/5962-sanremo-eurovision\/"},"author":{"name":"Pedro Palomo","@id":"https:\/\/www.vivaeurovision.com\/#\/schema\/person\/1d31fdaa3f5f7df556f73d164bd3c47a"},"headline":"Nina Zilli entre los participantes del Festival de Sanremo 2018","datePublished":"2017-12-17T18:34:07+00:00","mainEntityOfPage":{"@id":"https:\/\/www.vivaeurovision.com\/index.php\/2017\/12\/17\/5962-sanremo-eurovision\/"},"wordCount":308,"commentCount":0,"publisher":{"@id":"https:\/\/www.vivaeurovision.com\/#organization"},"image":{"@id":"https:\/\/www.vivaeurovision.com\/index.php\/2017\/12\/17\/5962-sanremo-eurovision\/#primaryimage"},"thumbnailUrl":"https:\/\/www.vivaeurovision.com\/wp-content\/uploads\/2017\/12\/AAFE6B1D-E967-477E-9D92-4B4CE892D3E9.jpeg","keywords":["all aboard","Eurovision","eurovision lisbon 2018","Festival de Eurovisi\u00f3n","festival de eurovision 2018","festival di sanremo","festival di sanremo 2018","nina zilli","nina zilli eurovision","nina zilli sanremo","nina zilli sanremo 2018","Pedro Palomo","Pedro Palomo Eurovision","Pedro Palomo Vivaeurovision","sanremo","sanremo 2018","viva eurovision","vivaeurovision"],"articleSection":["eurovision","eurovision 2018","Inicio","Noticia","Noticias","Ultima Hora"],"inLanguage":"es","potentialAction":[{"@type":"CommentAction","name":"Comment","target":["https:\/\/www.vivaeurovision.com\/index.php\/2017\/12\/17\/5962-sanremo-eurovision\/#respond"]}]},{"@type":"WebPage","@id":"https:\/\/www.vivaeurovision.com\/index.php\/2017\/12\/17\/5962-sanremo-eurovision\/","url":"https:\/\/www.vivaeurovision.com\/index.php\/2017\/12\/17\/5962-sanremo-eurovision\/","name":"Nina Zilli entre los participantes del Festival de Sanremo 2018 - VIVAEUROVISION viva eurovision","isPartOf":{"@id":"https:\/\/www.vivaeurovision.com\/#website"},"primaryImageOfPage":{"@id":"https:\/\/www.vivaeurovision.com\/index.php\/2017\/12\/17\/5962-sanremo-eurovision\/#primaryimage"},"image":{"@id":"https:\/\/www.vivaeurovision.com\/index.php\/2017\/12\/17\/5962-sanremo-eurovision\/#primaryimage"},"thumbnailUrl":"https:\/\/www.vivaeurovision.com\/wp-content\/uploads\/2017\/12\/AAFE6B1D-E967-477E-9D92-4B4CE892D3E9.jpeg","datePublished":"2017-12-17T18:34:07+00:00","description":"eurovision, festival de eurovision, sanremo, sanremo 2018, vivaeurovision, viva eurovision, all aboard, sanremo eurovision, eurovision","breadcrumb":{"@id":"https:\/\/www.vivaeurovision.com\/index.php\/2017\/12\/17\/5962-sanremo-eurovision\/#breadcrumb"},"inLanguage":"es","potentialAction":[{"@type":"ReadAction","target":["https:\/\/www.vivaeurovision.com\/index.php\/2017\/12\/17\/5962-sanremo-eurovision\/"]}]},{"@type":"ImageObject","inLanguage":"es","@id":"https:\/\/www.vivaeurovision.com\/index.php\/2017\/12\/17\/5962-sanremo-eurovision\/#primaryimage","url":"https:\/\/www.vivaeurovision.com\/wp-content\/uploads\/2017\/12\/AAFE6B1D-E967-477E-9D92-4B4CE892D3E9.jpeg","contentUrl":"https:\/\/www.vivaeurovision.com\/wp-content\/uploads\/2017\/12\/AAFE6B1D-E967-477E-9D92-4B4CE892D3E9.jpeg","width":470,"height":303,"caption":"eurovision"},{"@type":"BreadcrumbList","@id":"https:\/\/www.vivaeurovision.com\/index.php\/2017\/12\/17\/5962-sanremo-eurovision\/#breadcrumb","itemListElement":[{"@type":"ListItem","position":1,"name":"Portada","item":"https:\/\/www.vivaeurovision.com\/"},{"@type":"ListItem","position":2,"name":"Nina Zilli entre los participantes del Festival de Sanremo 2018"}]},{"@type":"WebSite","@id":"https:\/\/www.vivaeurovision.com\/#website","url":"https:\/\/www.vivaeurovision.com\/","name":"VIVAEUROVISION viva eurovision","description":"Tu portal sobre el Festival de Eurovision, eurovision, eurovisi\u00f3n","publisher":{"@id":"https:\/\/www.vivaeurovision.com\/#organization"},"potentialAction":[{"@type":"SearchAction","target":{"@type":"EntryPoint","urlTemplate":"https:\/\/www.vivaeurovision.com\/?s={search_term_string}"},"query-input":{"@type":"PropertyValueSpecification","valueRequired":true,"valueName":"search_term_string"}}],"inLanguage":"es"},{"@type":"Organization","@id":"https:\/\/www.vivaeurovision.com\/#organization","name":"vivaeurovision","url":"https:\/\/www.vivaeurovision.com\/","logo":{"@type":"ImageObject","inLanguage":"es","@id":"https:\/\/www.vivaeurovision.com\/#\/schema\/logo\/image\/","url":"https:\/\/www.vivaeurovision.com\/wp-content\/uploads\/2016\/01\/cropped-image-21-1.jpeg","contentUrl":"https:\/\/www.vivaeurovision.com\/wp-content\/uploads\/2016\/01\/cropped-image-21-1.jpeg","width":669,"height":368,"caption":"vivaeurovision"},"image":{"@id":"https:\/\/www.vivaeurovision.com\/#\/schema\/logo\/image\/"}},{"@type":"Person","@id":"https:\/\/www.vivaeurovision.com\/#\/schema\/person\/1d31fdaa3f5f7df556f73d164bd3c47a","name":"Pedro Palomo","image":{"@type":"ImageObject","inLanguage":"es","@id":"https:\/\/secure.gravatar.com\/avatar\/4cf9a4877f5f71f44fb7cedbe1bac1bd28bd8ce7a217517d98d5b2117f9f5505?s=96&d=mm&r=g","url":"https:\/\/secure.gravatar.com\/avatar\/4cf9a4877f5f71f44fb7cedbe1bac1bd28bd8ce7a217517d98d5b2117f9f5505?s=96&d=mm&r=g","contentUrl":"https:\/\/secure.gravatar.com\/avatar\/4cf9a4877f5f71f44fb7cedbe1bac1bd28bd8ce7a217517d98d5b2117f9f5505?s=96&d=mm&r=g","caption":"Pedro Palomo"},"sameAs":["http:\/\/www.vivaeurovision.com","@pedrobcn","https:\/\/x.com\/@pedropalomobcn"]}]}},"_links":{"self":[{"href":"https:\/\/www.vivaeurovision.com\/index.php\/wp-json\/wp\/v2\/posts\/5962","targetHints":{"allow":["GET"]}}],"collection":[{"href":"https:\/\/www.vivaeurovision.com\/index.php\/wp-json\/wp\/v2\/posts"}],"about":[{"href":"https:\/\/www.vivaeurovision.com\/index.php\/wp-json\/wp\/v2\/types\/post"}],"author":[{"embeddable":true,"href":"https:\/\/www.vivaeurovision.com\/index.php\/wp-json\/wp\/v2\/users\/1"}],"replies":[{"embeddable":true,"href":"https:\/\/www.vivaeurovision.com\/index.php\/wp-json\/wp\/v2\/comments?post=5962"}],"version-history":[{"count":2,"href":"https:\/\/www.vivaeurovision.com\/index.php\/wp-json\/wp\/v2\/posts\/5962\/revisions"}],"predecessor-version":[{"id":6021,"href":"https:\/\/www.vivaeurovision.com\/index.php\/wp-json\/wp\/v2\/posts\/5962\/revisions\/6021"}],"wp:featuredmedia":[{"embeddable":true,"href":"https:\/\/www.vivaeurovision.com\/index.php\/wp-json\/wp\/v2\/media\/6018"}],"wp:attachment":[{"href":"https:\/\/www.vivaeurovision.com\/index.php\/wp-json\/wp\/v2\/media?parent=5962"}],"wp:term":[{"taxonomy":"category","embeddable":true,"href":"https:\/\/www.vivaeurovision.com\/index.php\/wp-json\/wp\/v2\/categories?post=5962"},{"taxonomy":"post_tag","embeddable":true,"href":"https:\/\/www.vivaeurovision.com\/index.php\/wp-json\/wp\/v2\/tags?post=5962"}],"curies":[{"name":"wp","href":"https:\/\/api.w.org\/{rel}","templated":true}]}}