{"id":6148,"date":"2018-01-09T20:30:22","date_gmt":"2018-01-09T20:30:22","guid":{"rendered":"http:\/\/www.vivaeurovision.com\/?p=6148"},"modified":"2018-01-09T20:30:22","modified_gmt":"2018-01-09T20:30:22","slug":"6148-eurovision","status":"publish","type":"post","link":"https:\/\/www.vivaeurovision.com\/index.php\/2018\/01\/09\/6148-eurovision\/","title":{"rendered":"Eurovision 2018: Francia anuncia la repartici\u00f3n de las semifinales de Destination Eurovision"},"content":{"rendered":"<h2>Eurovision 2018: Francia anuncia la repartici\u00f3n de las semifinales de Destination Eurovision<\/h2>\n<p><img loading=\"lazy\" decoding=\"async\" class=\"alignnone size-medium wp-image-6196\" src=\"http:\/\/www.vivaeurovision.com\/wp-content\/uploads\/2018\/01\/8CB56D21-2753-46E3-BD75-6C49EC0863BE-300x163.jpeg\" alt=\"eurovision\" width=\"300\" height=\"163\" srcset=\"https:\/\/www.vivaeurovision.com\/wp-content\/uploads\/2018\/01\/8CB56D21-2753-46E3-BD75-6C49EC0863BE-300x163.jpeg 300w, https:\/\/www.vivaeurovision.com\/wp-content\/uploads\/2018\/01\/8CB56D21-2753-46E3-BD75-6C49EC0863BE-700x379.jpeg 700w, https:\/\/www.vivaeurovision.com\/wp-content\/uploads\/2018\/01\/8CB56D21-2753-46E3-BD75-6C49EC0863BE.jpeg 969w\" sizes=\"auto, (max-width: 300px) 100vw, 300px\" \/><\/p>\n<p>Imagen: Destination Eurovision<\/p>\n<p>El jurado internacional, ser\u00e1 el encargado de seleccionar las cuatro mejores canciones de cada semifinal.<\/p>\n<p>Christer Bj\u00f6rkman \u2013 Television Producer<br \/>\nNicola Caligiore \u2013 Jefa de la delegaci\u00f3n de Italia<br \/>\nOlga Salamakha &#8211; Jefa de la delegaci\u00f3n de Bielorrusia<\/p>\n<p>Las 8 canciones finalistas competir\u00e1n para representar a Francia en el pr\u00f3ximo Festival de Eurovisi\u00f3n 2018 el d\u00eda 27 de enero. La decisi\u00f3n de en la gran final ser\u00e1 entre el televoto y el jurado nacional compuesto por Amir,\u00a0Isabelle Boulay y<br \/>\nChristophe Willem.<\/p>\n<p><img loading=\"lazy\" decoding=\"async\" class=\"alignnone size-medium wp-image-6195\" src=\"http:\/\/www.vivaeurovision.com\/wp-content\/uploads\/2018\/01\/9DBFE356-829B-4FE7-B544-23D77D2D68A1-196x300.jpeg\" alt=\"destination eurovision\" width=\"196\" height=\"300\" srcset=\"https:\/\/www.vivaeurovision.com\/wp-content\/uploads\/2018\/01\/9DBFE356-829B-4FE7-B544-23D77D2D68A1-196x300.jpeg 196w, https:\/\/www.vivaeurovision.com\/wp-content\/uploads\/2018\/01\/9DBFE356-829B-4FE7-B544-23D77D2D68A1-700x1072.jpeg 700w, https:\/\/www.vivaeurovision.com\/wp-content\/uploads\/2018\/01\/9DBFE356-829B-4FE7-B544-23D77D2D68A1.jpeg 1280w\" sizes=\"auto, (max-width: 196px) 100vw, 196px\" \/><\/p>\n<p>Imagen: Destination Eurovision<\/p>\n<p><b>Primera Semifinal 13 de enero<\/b><\/p>\n<p>Lisandro Cuxi &#8211; Eva<br \/>\nMalo &#8211; Ciao<br \/>\nNo\u00e9e &#8211; L\u2019un pr\u00e8s de l\u2019autre<br \/>\nElha &#8211; J\u2019ai cru Maso\u00e9 &#8211; Paradis<br \/>\nEmmy Lyianna &#8211; OK ou KO<br \/>\nLouka &#8211; Mamma Mia<br \/>\nEnea &#8211; I\u2019ll Be There<br \/>\nPheno Men &#8211; Jamais sans toi<\/p>\n<p><b>Segunda Semifinal 20 de Enero<\/b><\/p>\n<p>Madame Monsieur &#8211; Mercy<br \/>\nJane Constance &#8211; Un jour j\u2019ai r\u00eav\u00e9<br \/>\nMax Cinnamon &#8211; Ailleurs<br \/>\nIgit &#8211; Lisboa J\u00e9rusalem<br \/>\nJune The Girl &#8211; Same<br \/>\nSarah Caillibot &#8211; Tu me manques<br \/>\nNassi &#8211; R\u00eave de gamin Lucie &#8211; My world<br \/>\nSweem &#8211; L\u00e0-haut<\/p>\n<p>El pr\u00f3ximo 27 de enero conoceremos qui\u00e9n recoger\u00e1 el testigo de Alma, para representar a Francia en Lisboa 2018.<\/p>\n<p><iframe loading=\"lazy\"  id=\"_ytid_59006\"  width=\"480\" height=\"270\"  data-origwidth=\"480\" data-origheight=\"270\" src=\"https:\/\/www.youtube.com\/embed\/HjiLKsLQl4I?enablejsapi=1&#038;autoplay=0&#038;cc_load_policy=0&#038;cc_lang_pref=&#038;iv_load_policy=1&#038;loop=0&#038;rel=1&#038;fs=1&#038;playsinline=0&#038;autohide=2&#038;theme=dark&#038;color=red&#038;controls=1&#038;disablekb=0&#038;\" class=\"__youtube_prefs__  epyt-is-override  no-lazyload\" title=\"YouTube player\"  allow=\"fullscreen; accelerometer; autoplay; clipboard-write; encrypted-media; gyroscope; picture-in-picture; web-share\" referrerpolicy=\"strict-origin-when-cross-origin\" allowfullscreen data-no-lazy=\"1\" data-skipgform_ajax_framebjll=\"\"><\/iframe><\/p>\n<p><iframe loading=\"lazy\"  id=\"_ytid_44335\"  width=\"480\" height=\"270\"  data-origwidth=\"480\" data-origheight=\"270\" src=\"https:\/\/www.youtube.com\/embed\/henHjJx4SiQ?enablejsapi=1&#038;autoplay=0&#038;cc_load_policy=0&#038;cc_lang_pref=&#038;iv_load_policy=1&#038;loop=0&#038;rel=1&#038;fs=1&#038;playsinline=0&#038;autohide=2&#038;theme=dark&#038;color=red&#038;controls=1&#038;disablekb=0&#038;\" class=\"__youtube_prefs__  epyt-is-override  no-lazyload\" title=\"YouTube player\"  allow=\"fullscreen; accelerometer; autoplay; clipboard-write; encrypted-media; gyroscope; picture-in-picture; web-share\" referrerpolicy=\"strict-origin-when-cross-origin\" allowfullscreen data-no-lazy=\"1\" data-skipgform_ajax_framebjll=\"\"><\/iframe><\/p>\n<p><img loading=\"lazy\" decoding=\"async\" class=\"alignnone size-medium wp-image-311\" src=\"http:\/\/www.vivaeurovision.com\/wp-content\/uploads\/2016\/01\/image-21-300x165.jpeg\" alt=\"VIVAEUROVISION.COM\" width=\"300\" height=\"165\" srcset=\"https:\/\/www.vivaeurovision.com\/wp-content\/uploads\/2016\/01\/image-21-300x165.jpeg 300w, https:\/\/www.vivaeurovision.com\/wp-content\/uploads\/2016\/01\/image-21-555x305.jpeg 555w, https:\/\/www.vivaeurovision.com\/wp-content\/uploads\/2016\/01\/image-21.jpeg 669w\" sizes=\"auto, (max-width: 300px) 100vw, 300px\" \/><\/p>\n<p>Twitter\u00a0<strong> <a href=\"https:\/\/twitter.com\/viva_eurovision\" target=\"_blank\" rel=\"noopener noreferrer\">@viva_eurovision<\/a>\u00a0 <a href=\"https:\/\/www.facebook.com\/Vivaeurovisioncom-867806686671081\/?fref=nf\" target=\"_blank\" rel=\"noopener noreferrer\">FACEBOOK OFICIAL VIVA EUROVISION <\/a><\/strong>Instragram <strong>\u00a0<\/strong><a href=\"https:\/\/www.instagram.com\/vivaeurovision\/\" target=\"_blank\" rel=\"noopener noreferrer\"><strong>@vivaeurovision<\/strong><\/a><\/p>\n<p>Redactor: Pedro Palomo <a href=\"https:\/\/twitter.com\/pedropalomobcn?lang=es\"><strong>@pedropalomobcn<\/strong><\/a><strong>\u00a0<\/strong>Instagram <a href=\"https:\/\/www.instagram.com\/pedrobcn\/\" target=\"_blank\" rel=\"noopener noreferrer\"><strong>@pedrobcn<\/strong><\/a><\/p>\n","protected":false},"excerpt":{"rendered":"<p>Eurovision 2018: Francia anuncia la repartici\u00f3n de las semifinales de Destination Eurovision Imagen: Destination Eurovision El jurado internacional, ser\u00e1 el encargado de seleccionar las cuatro mejores canciones de cada semifinal.&#46;&#46;&#46;<\/p>\n","protected":false},"author":1,"featured_media":6196,"comment_status":"open","ping_status":"closed","sticky":false,"template":"","format":"standard","meta":{"_exactmetrics_skip_tracking":false,"_exactmetrics_sitenote_active":false,"_exactmetrics_sitenote_note":"","_exactmetrics_sitenote_category":0,"footnotes":""},"categories":[1195,2144,4,1188,2,3],"tags":[2562,2600,2429,2430,11,2086,2611,1588,2428,2291,2142,2431,19,20,766,23,22],"class_list":["post-6148","post","type-post","status-publish","format-standard","has-post-thumbnail","hentry","category-eurovision-2","category-eurovision-2018","category-eurovision","category-noticia-2","category-noticia","category-ultima-hora","tag-all-aborard","tag-destination-eurovision","tag-destination-eurovision-2018","tag-destination-eurovision-france-2018","tag-eurovision","tag-eurovision-2018","tag-eurovision-2018-all-aboard","tag-eurovision-france","tag-eurovision-france-2018","tag-eurovision-lisboa","tag-eurovision-lisboa-2018","tag-francia-eurovision-2018","tag-pedro-palomo","tag-pedro-palomo-eurovision","tag-pedro-palomo-vivaeurovision","tag-viva-eurovision","tag-vivaeurovision"],"yoast_head":"<!-- This site is optimized with the Yoast SEO plugin v27.5 - https:\/\/yoast.com\/product\/yoast-seo-wordpress\/ -->\n<title>Eurovision 2018: Francia anuncia la repartici\u00f3n de las semifinales de Destination Eurovision - VIVAEUROVISION viva eurovision<\/title>\n<meta name=\"description\" content=\"destination eurovision, eurovision, eurovision 2018, all aboard, viva eurovision, vivaeurovision, france eurovision 2018, eurovision france\" \/>\n<meta name=\"robots\" content=\"index, follow, max-snippet:-1, max-image-preview:large, max-video-preview:-1\" \/>\n<link rel=\"canonical\" href=\"https:\/\/www.vivaeurovision.com\/index.php\/2018\/01\/09\/6148-eurovision\/\" \/>\n<meta property=\"og:locale\" content=\"es_ES\" \/>\n<meta property=\"og:type\" content=\"article\" \/>\n<meta property=\"og:title\" content=\"Eurovision 2018: Francia anuncia la repartici\u00f3n de las semifinales de Destination Eurovision - VIVAEUROVISION viva eurovision\" \/>\n<meta property=\"og:description\" content=\"destination eurovision, eurovision, eurovision 2018, all aboard, viva eurovision, vivaeurovision, france eurovision 2018, eurovision france\" \/>\n<meta property=\"og:url\" content=\"https:\/\/www.vivaeurovision.com\/index.php\/2018\/01\/09\/6148-eurovision\/\" \/>\n<meta property=\"og:site_name\" content=\"VIVAEUROVISION viva eurovision\" \/>\n<meta property=\"article:published_time\" content=\"2018-01-09T20:30:22+00:00\" \/>\n<meta property=\"og:image\" content=\"https:\/\/www.vivaeurovision.com\/wp-content\/uploads\/2018\/01\/8CB56D21-2753-46E3-BD75-6C49EC0863BE.jpeg\" \/>\n\t<meta property=\"og:image:width\" content=\"969\" \/>\n\t<meta property=\"og:image:height\" content=\"525\" \/>\n\t<meta property=\"og:image:type\" content=\"image\/jpeg\" \/>\n<meta name=\"author\" content=\"Pedro Palomo\" \/>\n<meta name=\"twitter:card\" content=\"summary_large_image\" \/>\n<meta name=\"twitter:creator\" content=\"@pedropalomobcn\" \/>\n<meta name=\"twitter:label1\" content=\"Escrito por\" \/>\n\t<meta name=\"twitter:data1\" content=\"Pedro Palomo\" \/>\n\t<meta name=\"twitter:label2\" content=\"Tiempo de lectura\" \/>\n\t<meta name=\"twitter:data2\" content=\"1 minuto\" \/>\n<script type=\"application\/ld+json\" class=\"yoast-schema-graph\">{\"@context\":\"https:\\\/\\\/schema.org\",\"@graph\":[{\"@type\":\"Article\",\"@id\":\"https:\\\/\\\/www.vivaeurovision.com\\\/index.php\\\/2018\\\/01\\\/09\\\/6148-eurovision\\\/#article\",\"isPartOf\":{\"@id\":\"https:\\\/\\\/www.vivaeurovision.com\\\/index.php\\\/2018\\\/01\\\/09\\\/6148-eurovision\\\/\"},\"author\":{\"name\":\"Pedro Palomo\",\"@id\":\"https:\\\/\\\/www.vivaeurovision.com\\\/#\\\/schema\\\/person\\\/1d31fdaa3f5f7df556f73d164bd3c47a\"},\"headline\":\"Eurovision 2018: Francia anuncia la repartici\u00f3n de las semifinales de Destination Eurovision\",\"datePublished\":\"2018-01-09T20:30:22+00:00\",\"mainEntityOfPage\":{\"@id\":\"https:\\\/\\\/www.vivaeurovision.com\\\/index.php\\\/2018\\\/01\\\/09\\\/6148-eurovision\\\/\"},\"wordCount\":261,\"commentCount\":0,\"publisher\":{\"@id\":\"https:\\\/\\\/www.vivaeurovision.com\\\/#organization\"},\"image\":{\"@id\":\"https:\\\/\\\/www.vivaeurovision.com\\\/index.php\\\/2018\\\/01\\\/09\\\/6148-eurovision\\\/#primaryimage\"},\"thumbnailUrl\":\"https:\\\/\\\/www.vivaeurovision.com\\\/wp-content\\\/uploads\\\/2018\\\/01\\\/8CB56D21-2753-46E3-BD75-6C49EC0863BE.jpeg\",\"keywords\":[\"all aborard\",\"Destination eurovision\",\"destination eurovision 2018\",\"destination Eurovision france 2018\",\"Eurovision\",\"eurovision 2018\",\"eurovision 2018 all aboard\",\"eurovision france\",\"eurovision france 2018\",\"eurovision lisboa\",\"eurovision Lisboa 2018\",\"Francia Eurovisi\u00f3n 2018\",\"Pedro Palomo\",\"Pedro Palomo Eurovision\",\"Pedro Palomo Vivaeurovision\",\"viva eurovision\",\"vivaeurovision\"],\"articleSection\":[\"eurovision\",\"eurovision 2018\",\"Inicio\",\"Noticia\",\"Noticias\",\"Ultima Hora\"],\"inLanguage\":\"es\",\"potentialAction\":[{\"@type\":\"CommentAction\",\"name\":\"Comment\",\"target\":[\"https:\\\/\\\/www.vivaeurovision.com\\\/index.php\\\/2018\\\/01\\\/09\\\/6148-eurovision\\\/#respond\"]}]},{\"@type\":\"WebPage\",\"@id\":\"https:\\\/\\\/www.vivaeurovision.com\\\/index.php\\\/2018\\\/01\\\/09\\\/6148-eurovision\\\/\",\"url\":\"https:\\\/\\\/www.vivaeurovision.com\\\/index.php\\\/2018\\\/01\\\/09\\\/6148-eurovision\\\/\",\"name\":\"Eurovision 2018: Francia anuncia la repartici\u00f3n de las semifinales de Destination Eurovision - VIVAEUROVISION viva eurovision\",\"isPartOf\":{\"@id\":\"https:\\\/\\\/www.vivaeurovision.com\\\/#website\"},\"primaryImageOfPage\":{\"@id\":\"https:\\\/\\\/www.vivaeurovision.com\\\/index.php\\\/2018\\\/01\\\/09\\\/6148-eurovision\\\/#primaryimage\"},\"image\":{\"@id\":\"https:\\\/\\\/www.vivaeurovision.com\\\/index.php\\\/2018\\\/01\\\/09\\\/6148-eurovision\\\/#primaryimage\"},\"thumbnailUrl\":\"https:\\\/\\\/www.vivaeurovision.com\\\/wp-content\\\/uploads\\\/2018\\\/01\\\/8CB56D21-2753-46E3-BD75-6C49EC0863BE.jpeg\",\"datePublished\":\"2018-01-09T20:30:22+00:00\",\"description\":\"destination eurovision, eurovision, eurovision 2018, all aboard, viva eurovision, vivaeurovision, france eurovision 2018, eurovision france\",\"breadcrumb\":{\"@id\":\"https:\\\/\\\/www.vivaeurovision.com\\\/index.php\\\/2018\\\/01\\\/09\\\/6148-eurovision\\\/#breadcrumb\"},\"inLanguage\":\"es\",\"potentialAction\":[{\"@type\":\"ReadAction\",\"target\":[\"https:\\\/\\\/www.vivaeurovision.com\\\/index.php\\\/2018\\\/01\\\/09\\\/6148-eurovision\\\/\"]}]},{\"@type\":\"ImageObject\",\"inLanguage\":\"es\",\"@id\":\"https:\\\/\\\/www.vivaeurovision.com\\\/index.php\\\/2018\\\/01\\\/09\\\/6148-eurovision\\\/#primaryimage\",\"url\":\"https:\\\/\\\/www.vivaeurovision.com\\\/wp-content\\\/uploads\\\/2018\\\/01\\\/8CB56D21-2753-46E3-BD75-6C49EC0863BE.jpeg\",\"contentUrl\":\"https:\\\/\\\/www.vivaeurovision.com\\\/wp-content\\\/uploads\\\/2018\\\/01\\\/8CB56D21-2753-46E3-BD75-6C49EC0863BE.jpeg\",\"width\":969,\"height\":525,\"caption\":\"eurovision\"},{\"@type\":\"BreadcrumbList\",\"@id\":\"https:\\\/\\\/www.vivaeurovision.com\\\/index.php\\\/2018\\\/01\\\/09\\\/6148-eurovision\\\/#breadcrumb\",\"itemListElement\":[{\"@type\":\"ListItem\",\"position\":1,\"name\":\"Portada\",\"item\":\"https:\\\/\\\/www.vivaeurovision.com\\\/\"},{\"@type\":\"ListItem\",\"position\":2,\"name\":\"Eurovision 2018: Francia anuncia la repartici\u00f3n de las semifinales de Destination Eurovision\"}]},{\"@type\":\"WebSite\",\"@id\":\"https:\\\/\\\/www.vivaeurovision.com\\\/#website\",\"url\":\"https:\\\/\\\/www.vivaeurovision.com\\\/\",\"name\":\"VIVAEUROVISION viva eurovision\",\"description\":\"Tu portal sobre el Festival de Eurovision, eurovision, eurovisi\u00f3n\",\"publisher\":{\"@id\":\"https:\\\/\\\/www.vivaeurovision.com\\\/#organization\"},\"potentialAction\":[{\"@type\":\"SearchAction\",\"target\":{\"@type\":\"EntryPoint\",\"urlTemplate\":\"https:\\\/\\\/www.vivaeurovision.com\\\/?s={search_term_string}\"},\"query-input\":{\"@type\":\"PropertyValueSpecification\",\"valueRequired\":true,\"valueName\":\"search_term_string\"}}],\"inLanguage\":\"es\"},{\"@type\":\"Organization\",\"@id\":\"https:\\\/\\\/www.vivaeurovision.com\\\/#organization\",\"name\":\"vivaeurovision\",\"url\":\"https:\\\/\\\/www.vivaeurovision.com\\\/\",\"logo\":{\"@type\":\"ImageObject\",\"inLanguage\":\"es\",\"@id\":\"https:\\\/\\\/www.vivaeurovision.com\\\/#\\\/schema\\\/logo\\\/image\\\/\",\"url\":\"https:\\\/\\\/www.vivaeurovision.com\\\/wp-content\\\/uploads\\\/2016\\\/01\\\/cropped-image-21-1.jpeg\",\"contentUrl\":\"https:\\\/\\\/www.vivaeurovision.com\\\/wp-content\\\/uploads\\\/2016\\\/01\\\/cropped-image-21-1.jpeg\",\"width\":669,\"height\":368,\"caption\":\"vivaeurovision\"},\"image\":{\"@id\":\"https:\\\/\\\/www.vivaeurovision.com\\\/#\\\/schema\\\/logo\\\/image\\\/\"}},{\"@type\":\"Person\",\"@id\":\"https:\\\/\\\/www.vivaeurovision.com\\\/#\\\/schema\\\/person\\\/1d31fdaa3f5f7df556f73d164bd3c47a\",\"name\":\"Pedro Palomo\",\"image\":{\"@type\":\"ImageObject\",\"inLanguage\":\"es\",\"@id\":\"https:\\\/\\\/secure.gravatar.com\\\/avatar\\\/4cf9a4877f5f71f44fb7cedbe1bac1bd28bd8ce7a217517d98d5b2117f9f5505?s=96&d=mm&r=g\",\"url\":\"https:\\\/\\\/secure.gravatar.com\\\/avatar\\\/4cf9a4877f5f71f44fb7cedbe1bac1bd28bd8ce7a217517d98d5b2117f9f5505?s=96&d=mm&r=g\",\"contentUrl\":\"https:\\\/\\\/secure.gravatar.com\\\/avatar\\\/4cf9a4877f5f71f44fb7cedbe1bac1bd28bd8ce7a217517d98d5b2117f9f5505?s=96&d=mm&r=g\",\"caption\":\"Pedro Palomo\"},\"sameAs\":[\"http:\\\/\\\/www.vivaeurovision.com\",\"@pedrobcn\",\"https:\\\/\\\/x.com\\\/@pedropalomobcn\"]}]}<\/script>\n<!-- \/ Yoast SEO plugin. -->","yoast_head_json":{"title":"Eurovision 2018: Francia anuncia la repartici\u00f3n de las semifinales de Destination Eurovision - VIVAEUROVISION viva eurovision","description":"destination eurovision, eurovision, eurovision 2018, all aboard, viva eurovision, vivaeurovision, france eurovision 2018, eurovision france","robots":{"index":"index","follow":"follow","max-snippet":"max-snippet:-1","max-image-preview":"max-image-preview:large","max-video-preview":"max-video-preview:-1"},"canonical":"https:\/\/www.vivaeurovision.com\/index.php\/2018\/01\/09\/6148-eurovision\/","og_locale":"es_ES","og_type":"article","og_title":"Eurovision 2018: Francia anuncia la repartici\u00f3n de las semifinales de Destination Eurovision - VIVAEUROVISION viva eurovision","og_description":"destination eurovision, eurovision, eurovision 2018, all aboard, viva eurovision, vivaeurovision, france eurovision 2018, eurovision france","og_url":"https:\/\/www.vivaeurovision.com\/index.php\/2018\/01\/09\/6148-eurovision\/","og_site_name":"VIVAEUROVISION viva eurovision","article_published_time":"2018-01-09T20:30:22+00:00","og_image":[{"width":969,"height":525,"url":"https:\/\/www.vivaeurovision.com\/wp-content\/uploads\/2018\/01\/8CB56D21-2753-46E3-BD75-6C49EC0863BE.jpeg","type":"image\/jpeg"}],"author":"Pedro Palomo","twitter_card":"summary_large_image","twitter_creator":"@pedropalomobcn","twitter_misc":{"Escrito por":"Pedro Palomo","Tiempo de lectura":"1 minuto"},"schema":{"@context":"https:\/\/schema.org","@graph":[{"@type":"Article","@id":"https:\/\/www.vivaeurovision.com\/index.php\/2018\/01\/09\/6148-eurovision\/#article","isPartOf":{"@id":"https:\/\/www.vivaeurovision.com\/index.php\/2018\/01\/09\/6148-eurovision\/"},"author":{"name":"Pedro Palomo","@id":"https:\/\/www.vivaeurovision.com\/#\/schema\/person\/1d31fdaa3f5f7df556f73d164bd3c47a"},"headline":"Eurovision 2018: Francia anuncia la repartici\u00f3n de las semifinales de Destination Eurovision","datePublished":"2018-01-09T20:30:22+00:00","mainEntityOfPage":{"@id":"https:\/\/www.vivaeurovision.com\/index.php\/2018\/01\/09\/6148-eurovision\/"},"wordCount":261,"commentCount":0,"publisher":{"@id":"https:\/\/www.vivaeurovision.com\/#organization"},"image":{"@id":"https:\/\/www.vivaeurovision.com\/index.php\/2018\/01\/09\/6148-eurovision\/#primaryimage"},"thumbnailUrl":"https:\/\/www.vivaeurovision.com\/wp-content\/uploads\/2018\/01\/8CB56D21-2753-46E3-BD75-6C49EC0863BE.jpeg","keywords":["all aborard","Destination eurovision","destination eurovision 2018","destination Eurovision france 2018","Eurovision","eurovision 2018","eurovision 2018 all aboard","eurovision france","eurovision france 2018","eurovision lisboa","eurovision Lisboa 2018","Francia Eurovisi\u00f3n 2018","Pedro Palomo","Pedro Palomo Eurovision","Pedro Palomo Vivaeurovision","viva eurovision","vivaeurovision"],"articleSection":["eurovision","eurovision 2018","Inicio","Noticia","Noticias","Ultima Hora"],"inLanguage":"es","potentialAction":[{"@type":"CommentAction","name":"Comment","target":["https:\/\/www.vivaeurovision.com\/index.php\/2018\/01\/09\/6148-eurovision\/#respond"]}]},{"@type":"WebPage","@id":"https:\/\/www.vivaeurovision.com\/index.php\/2018\/01\/09\/6148-eurovision\/","url":"https:\/\/www.vivaeurovision.com\/index.php\/2018\/01\/09\/6148-eurovision\/","name":"Eurovision 2018: Francia anuncia la repartici\u00f3n de las semifinales de Destination Eurovision - VIVAEUROVISION viva eurovision","isPartOf":{"@id":"https:\/\/www.vivaeurovision.com\/#website"},"primaryImageOfPage":{"@id":"https:\/\/www.vivaeurovision.com\/index.php\/2018\/01\/09\/6148-eurovision\/#primaryimage"},"image":{"@id":"https:\/\/www.vivaeurovision.com\/index.php\/2018\/01\/09\/6148-eurovision\/#primaryimage"},"thumbnailUrl":"https:\/\/www.vivaeurovision.com\/wp-content\/uploads\/2018\/01\/8CB56D21-2753-46E3-BD75-6C49EC0863BE.jpeg","datePublished":"2018-01-09T20:30:22+00:00","description":"destination eurovision, eurovision, eurovision 2018, all aboard, viva eurovision, vivaeurovision, france eurovision 2018, eurovision france","breadcrumb":{"@id":"https:\/\/www.vivaeurovision.com\/index.php\/2018\/01\/09\/6148-eurovision\/#breadcrumb"},"inLanguage":"es","potentialAction":[{"@type":"ReadAction","target":["https:\/\/www.vivaeurovision.com\/index.php\/2018\/01\/09\/6148-eurovision\/"]}]},{"@type":"ImageObject","inLanguage":"es","@id":"https:\/\/www.vivaeurovision.com\/index.php\/2018\/01\/09\/6148-eurovision\/#primaryimage","url":"https:\/\/www.vivaeurovision.com\/wp-content\/uploads\/2018\/01\/8CB56D21-2753-46E3-BD75-6C49EC0863BE.jpeg","contentUrl":"https:\/\/www.vivaeurovision.com\/wp-content\/uploads\/2018\/01\/8CB56D21-2753-46E3-BD75-6C49EC0863BE.jpeg","width":969,"height":525,"caption":"eurovision"},{"@type":"BreadcrumbList","@id":"https:\/\/www.vivaeurovision.com\/index.php\/2018\/01\/09\/6148-eurovision\/#breadcrumb","itemListElement":[{"@type":"ListItem","position":1,"name":"Portada","item":"https:\/\/www.vivaeurovision.com\/"},{"@type":"ListItem","position":2,"name":"Eurovision 2018: Francia anuncia la repartici\u00f3n de las semifinales de Destination Eurovision"}]},{"@type":"WebSite","@id":"https:\/\/www.vivaeurovision.com\/#website","url":"https:\/\/www.vivaeurovision.com\/","name":"VIVAEUROVISION viva eurovision","description":"Tu portal sobre el Festival de Eurovision, eurovision, eurovisi\u00f3n","publisher":{"@id":"https:\/\/www.vivaeurovision.com\/#organization"},"potentialAction":[{"@type":"SearchAction","target":{"@type":"EntryPoint","urlTemplate":"https:\/\/www.vivaeurovision.com\/?s={search_term_string}"},"query-input":{"@type":"PropertyValueSpecification","valueRequired":true,"valueName":"search_term_string"}}],"inLanguage":"es"},{"@type":"Organization","@id":"https:\/\/www.vivaeurovision.com\/#organization","name":"vivaeurovision","url":"https:\/\/www.vivaeurovision.com\/","logo":{"@type":"ImageObject","inLanguage":"es","@id":"https:\/\/www.vivaeurovision.com\/#\/schema\/logo\/image\/","url":"https:\/\/www.vivaeurovision.com\/wp-content\/uploads\/2016\/01\/cropped-image-21-1.jpeg","contentUrl":"https:\/\/www.vivaeurovision.com\/wp-content\/uploads\/2016\/01\/cropped-image-21-1.jpeg","width":669,"height":368,"caption":"vivaeurovision"},"image":{"@id":"https:\/\/www.vivaeurovision.com\/#\/schema\/logo\/image\/"}},{"@type":"Person","@id":"https:\/\/www.vivaeurovision.com\/#\/schema\/person\/1d31fdaa3f5f7df556f73d164bd3c47a","name":"Pedro Palomo","image":{"@type":"ImageObject","inLanguage":"es","@id":"https:\/\/secure.gravatar.com\/avatar\/4cf9a4877f5f71f44fb7cedbe1bac1bd28bd8ce7a217517d98d5b2117f9f5505?s=96&d=mm&r=g","url":"https:\/\/secure.gravatar.com\/avatar\/4cf9a4877f5f71f44fb7cedbe1bac1bd28bd8ce7a217517d98d5b2117f9f5505?s=96&d=mm&r=g","contentUrl":"https:\/\/secure.gravatar.com\/avatar\/4cf9a4877f5f71f44fb7cedbe1bac1bd28bd8ce7a217517d98d5b2117f9f5505?s=96&d=mm&r=g","caption":"Pedro Palomo"},"sameAs":["http:\/\/www.vivaeurovision.com","@pedrobcn","https:\/\/x.com\/@pedropalomobcn"]}]}},"_links":{"self":[{"href":"https:\/\/www.vivaeurovision.com\/index.php\/wp-json\/wp\/v2\/posts\/6148","targetHints":{"allow":["GET"]}}],"collection":[{"href":"https:\/\/www.vivaeurovision.com\/index.php\/wp-json\/wp\/v2\/posts"}],"about":[{"href":"https:\/\/www.vivaeurovision.com\/index.php\/wp-json\/wp\/v2\/types\/post"}],"author":[{"embeddable":true,"href":"https:\/\/www.vivaeurovision.com\/index.php\/wp-json\/wp\/v2\/users\/1"}],"replies":[{"embeddable":true,"href":"https:\/\/www.vivaeurovision.com\/index.php\/wp-json\/wp\/v2\/comments?post=6148"}],"version-history":[{"count":3,"href":"https:\/\/www.vivaeurovision.com\/index.php\/wp-json\/wp\/v2\/posts\/6148\/revisions"}],"predecessor-version":[{"id":6198,"href":"https:\/\/www.vivaeurovision.com\/index.php\/wp-json\/wp\/v2\/posts\/6148\/revisions\/6198"}],"wp:featuredmedia":[{"embeddable":true,"href":"https:\/\/www.vivaeurovision.com\/index.php\/wp-json\/wp\/v2\/media\/6196"}],"wp:attachment":[{"href":"https:\/\/www.vivaeurovision.com\/index.php\/wp-json\/wp\/v2\/media?parent=6148"}],"wp:term":[{"taxonomy":"category","embeddable":true,"href":"https:\/\/www.vivaeurovision.com\/index.php\/wp-json\/wp\/v2\/categories?post=6148"},{"taxonomy":"post_tag","embeddable":true,"href":"https:\/\/www.vivaeurovision.com\/index.php\/wp-json\/wp\/v2\/tags?post=6148"}],"curies":[{"name":"wp","href":"https:\/\/api.w.org\/{rel}","templated":true}]}}