{"id":6399,"date":"2018-01-29T16:09:10","date_gmt":"2018-01-29T16:09:10","guid":{"rendered":"http:\/\/www.vivaeurovision.com\/?p=6399"},"modified":"2018-01-29T16:09:10","modified_gmt":"2018-01-29T16:09:10","slug":"6399-eurovision","status":"publish","type":"post","link":"https:\/\/www.vivaeurovision.com\/index.php\/2018\/01\/29\/6399-eurovision\/","title":{"rendered":"Almaia, Alfred y Amaia ganan en el sondeo de vivaeurovision, para representar a Espa\u00f1a en Eurovisi\u00f3n 2018"},"content":{"rendered":"<h2>Almaia, Alfred y Amaia ganan en el sondeo de vivaeurovision, para representar a Espa\u00f1a en Eurovisi\u00f3n 2018<\/h2>\n<p><img loading=\"lazy\" decoding=\"async\" class=\"alignnone size-medium wp-image-6437\" src=\"http:\/\/www.vivaeurovision.com\/wp-content\/uploads\/2018\/01\/DEF135D3-E7B3-4F59-A32F-CA54C0082FA0-226x300.jpeg\" alt=\"eurovision\" width=\"226\" height=\"300\" srcset=\"https:\/\/www.vivaeurovision.com\/wp-content\/uploads\/2018\/01\/DEF135D3-E7B3-4F59-A32F-CA54C0082FA0-226x300.jpeg 226w, https:\/\/www.vivaeurovision.com\/wp-content\/uploads\/2018\/01\/DEF135D3-E7B3-4F59-A32F-CA54C0082FA0-700x929.jpeg 700w, https:\/\/www.vivaeurovision.com\/wp-content\/uploads\/2018\/01\/DEF135D3-E7B3-4F59-A32F-CA54C0082FA0.jpeg 1242w\" sizes=\"auto, (max-width: 226px) 100vw, 226px\" \/><\/p>\n<p>Almaia ganan el sondeo de los lectores de vivaeurovision, con un total de 1265 votantes el d\u00fao formado por Alfred y Amaia y el tema T\u00fa canci\u00f3n \u00a0arrasan con diferencia con 371 votos, seguidos de Aitana y el tema Arde con 240 y Amaia con el tema Al Cantar obtiene el tercer puesto con 237 votos.<\/p>\n<p>El resto de votaciones han sido muy repartidas dejando en cuarto puesto el d\u00fao formado por M\u00edriam y Agoney, quinto puesto Ana Guerra y Aitana, sexto puesto Miriam, s\u00e9ptimo puesto Ana Guerra, octavo puesto Alfred y como \u00faltima propuesta para representar a Espa\u00f1a en Eurovisi\u00f3n la canci\u00f3n grupal Camina.<\/p>\n<p>A partir de las 17h del 29 de enero de 2018, ya no se contabilizar\u00e1n los votos.<\/p>\n<p>Los lectores de vivaeurovision ya han dado su opini\u00f3n y la propuesta vencedora son Alfred y Amaia con el tema T\u00fa canci\u00f3n, compuesta por Ra\u00fal G\u00f3mez.<\/p>\n<p><iframe loading=\"lazy\"  id=\"_ytid_52356\"  width=\"480\" height=\"270\"  data-origwidth=\"480\" data-origheight=\"270\" src=\"https:\/\/www.youtube.com\/embed\/Oh6xHwIHUGI?enablejsapi=1&#038;autoplay=0&#038;cc_load_policy=0&#038;cc_lang_pref=&#038;iv_load_policy=1&#038;loop=0&#038;rel=1&#038;fs=1&#038;playsinline=0&#038;autohide=2&#038;theme=dark&#038;color=red&#038;controls=1&#038;disablekb=0&#038;\" class=\"__youtube_prefs__  epyt-is-override  no-lazyload\" title=\"YouTube player\"  allow=\"fullscreen; accelerometer; autoplay; clipboard-write; encrypted-media; gyroscope; picture-in-picture; web-share\" referrerpolicy=\"strict-origin-when-cross-origin\" allowfullscreen data-no-lazy=\"1\" data-skipgform_ajax_framebjll=\"\"><\/iframe><\/p>\n<p>Desde vivaeurovision agradecemos a todos los lectores por su participaci\u00f3n y hoy a partir de las 22:35h en La1 de RTVE conoceremos la decisi\u00f3n de la audiencia. Deseamos mucha suerte a todos los aspirantes a representar a Espa\u00f1a en el pr\u00f3ximo Festival de Eurovisi\u00f3n que se celebra en Lisboa.<\/p>\n<p>&nbsp;<\/p>\n<p><img loading=\"lazy\" decoding=\"async\" class=\"alignnone size-medium wp-image-311\" src=\"http:\/\/www.vivaeurovision.com\/wp-content\/uploads\/2016\/01\/image-21-300x165.jpeg\" alt=\"VIVAEUROVISION.COM\" width=\"300\" height=\"165\" srcset=\"https:\/\/www.vivaeurovision.com\/wp-content\/uploads\/2016\/01\/image-21-300x165.jpeg 300w, https:\/\/www.vivaeurovision.com\/wp-content\/uploads\/2016\/01\/image-21-555x305.jpeg 555w, https:\/\/www.vivaeurovision.com\/wp-content\/uploads\/2016\/01\/image-21.jpeg 669w\" sizes=\"auto, (max-width: 300px) 100vw, 300px\" \/><\/p>\n<p>Twitter\u00a0<strong> <a href=\"https:\/\/twitter.com\/viva_eurovision\" target=\"_blank\" rel=\"noopener noreferrer\">@viva_eurovision<\/a>\u00a0 <a href=\"https:\/\/www.facebook.com\/Vivaeurovisioncom-867806686671081\/?fref=nf\" target=\"_blank\" rel=\"noopener noreferrer\">FACEBOOK OFICIAL VIVA EUROVISION <\/a><\/strong>Instragram <strong>\u00a0<\/strong><a href=\"https:\/\/www.instagram.com\/vivaeurovision\/\" target=\"_blank\" rel=\"noopener noreferrer\"><strong>@vivaeurovision<\/strong><\/a><\/p>\n<p>Redactor: Pedro Palomo <a href=\"https:\/\/twitter.com\/pedropalomobcn?lang=es\"><strong>@pedropalomobcn<\/strong><\/a><strong>\u00a0<\/strong>Instagram <a href=\"https:\/\/www.instagram.com\/pedrobcn\/\" target=\"_blank\" rel=\"noopener noreferrer\"><strong>@pedrobcn<\/strong><\/a><\/p>\n","protected":false},"excerpt":{"rendered":"<p>Almaia, Alfred y Amaia ganan en el sondeo de vivaeurovision, para representar a Espa\u00f1a en Eurovisi\u00f3n 2018 Almaia ganan el sondeo de los lectores de vivaeurovision, con un total de&#46;&#46;&#46;<\/p>\n","protected":false},"author":1,"featured_media":5757,"comment_status":"open","ping_status":"closed","sticky":false,"template":"","format":"standard","meta":{"_exactmetrics_skip_tracking":false,"_exactmetrics_sitenote_active":false,"_exactmetrics_sitenote_note":"","_exactmetrics_sitenote_category":0,"footnotes":""},"categories":[6,1195,2144,4,1188,2,2593,875,3],"tags":[2706,2704,2705,17,2145,2287,2086,2142,706,2285,2708,2324,863,34,2645,2087,2522,2707,19,20,766,18,110,57,23,22],"class_list":["post-6399","post","type-post","status-publish","format-standard","has-post-thumbnail","hentry","category-espana-en-eurovision","category-eurovision-2","category-eurovision-2018","category-eurovision","category-noticia-2","category-noticia","category-operacion-triunfo","category-rincon-vivalamusica","category-ultima-hora","tag-alfred-y-amaia-tu-cancion","tag-almaia","tag-almaia-tu-cancion","tag-esc","tag-esc-2018","tag-espana-eurovision-2018","tag-eurovision-2018","tag-eurovision-lisboa-2018","tag-eurovision-song-contest-festival","tag-eurovision-spain-2018","tag-eurovisioot","tag-gestmusic","tag-gestmusic-eurovision","tag-noticia","tag-operacion-triunfo-2018","tag-ot-2017","tag-ot-eurovision","tag-ot-vision","tag-pedro-palomo","tag-pedro-palomo-eurovision","tag-pedro-palomo-vivaeurovision","tag-rtve","tag-rtve-eurovision","tag-tve","tag-viva-eurovision","tag-vivaeurovision"],"yoast_head":"<!-- This site is optimized with the Yoast SEO plugin v27.5 - https:\/\/yoast.com\/product\/yoast-seo-wordpress\/ -->\n<title>Almaia, Alfred y Amaia ganan en el sondeo de vivaeurovision, para representar a Espa\u00f1a en Eurovisi\u00f3n 2018 - VIVAEUROVISION viva eurovision<\/title>\n<meta name=\"description\" content=\"eurovision, Almaia tu canci\u00f3n, Alfred y Amaia tu canci\u00f3n, Espa\u00f1a eurovision 2018, eurovision 2018, eurovision ot, vivaeurovision, ot 2017, otvision\" \/>\n<meta name=\"robots\" content=\"index, follow, max-snippet:-1, max-image-preview:large, max-video-preview:-1\" \/>\n<link rel=\"canonical\" href=\"https:\/\/www.vivaeurovision.com\/index.php\/2018\/01\/29\/6399-eurovision\/\" \/>\n<meta property=\"og:locale\" content=\"es_ES\" \/>\n<meta property=\"og:type\" content=\"article\" \/>\n<meta property=\"og:title\" content=\"Almaia, Alfred y Amaia ganan en el sondeo de vivaeurovision, para representar a Espa\u00f1a en Eurovisi\u00f3n 2018 - VIVAEUROVISION viva eurovision\" \/>\n<meta property=\"og:description\" content=\"eurovision, Almaia tu canci\u00f3n, Alfred y Amaia tu canci\u00f3n, Espa\u00f1a eurovision 2018, eurovision 2018, eurovision ot, vivaeurovision, ot 2017, otvision\" \/>\n<meta property=\"og:url\" content=\"https:\/\/www.vivaeurovision.com\/index.php\/2018\/01\/29\/6399-eurovision\/\" \/>\n<meta property=\"og:site_name\" content=\"VIVAEUROVISION viva eurovision\" \/>\n<meta property=\"article:published_time\" content=\"2018-01-29T16:09:10+00:00\" \/>\n<meta property=\"og:image\" content=\"https:\/\/www.vivaeurovision.com\/wp-content\/uploads\/2017\/11\/FEA371FE-90AD-452C-B31C-94D09BE89444.jpeg\" \/>\n\t<meta property=\"og:image:width\" content=\"1024\" \/>\n\t<meta property=\"og:image:height\" content=\"576\" \/>\n\t<meta property=\"og:image:type\" content=\"image\/jpeg\" \/>\n<meta name=\"author\" content=\"Pedro Palomo\" \/>\n<meta name=\"twitter:card\" content=\"summary_large_image\" \/>\n<meta name=\"twitter:creator\" content=\"@pedropalomobcn\" \/>\n<meta name=\"twitter:label1\" content=\"Escrito por\" \/>\n\t<meta name=\"twitter:data1\" content=\"Pedro Palomo\" \/>\n\t<meta name=\"twitter:label2\" content=\"Tiempo de lectura\" \/>\n\t<meta name=\"twitter:data2\" content=\"1 minuto\" \/>\n<script type=\"application\/ld+json\" class=\"yoast-schema-graph\">{\"@context\":\"https:\\\/\\\/schema.org\",\"@graph\":[{\"@type\":\"Article\",\"@id\":\"https:\\\/\\\/www.vivaeurovision.com\\\/index.php\\\/2018\\\/01\\\/29\\\/6399-eurovision\\\/#article\",\"isPartOf\":{\"@id\":\"https:\\\/\\\/www.vivaeurovision.com\\\/index.php\\\/2018\\\/01\\\/29\\\/6399-eurovision\\\/\"},\"author\":{\"name\":\"Pedro Palomo\",\"@id\":\"https:\\\/\\\/www.vivaeurovision.com\\\/#\\\/schema\\\/person\\\/1d31fdaa3f5f7df556f73d164bd3c47a\"},\"headline\":\"Almaia, Alfred y Amaia ganan en el sondeo de vivaeurovision, para representar a Espa\u00f1a en Eurovisi\u00f3n 2018\",\"datePublished\":\"2018-01-29T16:09:10+00:00\",\"mainEntityOfPage\":{\"@id\":\"https:\\\/\\\/www.vivaeurovision.com\\\/index.php\\\/2018\\\/01\\\/29\\\/6399-eurovision\\\/\"},\"wordCount\":266,\"commentCount\":0,\"publisher\":{\"@id\":\"https:\\\/\\\/www.vivaeurovision.com\\\/#organization\"},\"image\":{\"@id\":\"https:\\\/\\\/www.vivaeurovision.com\\\/index.php\\\/2018\\\/01\\\/29\\\/6399-eurovision\\\/#primaryimage\"},\"thumbnailUrl\":\"https:\\\/\\\/www.vivaeurovision.com\\\/wp-content\\\/uploads\\\/2017\\\/11\\\/FEA371FE-90AD-452C-B31C-94D09BE89444.jpeg\",\"keywords\":[\"Alfred y Amaia tu canci\u00f3n\",\"Almaia\",\"Almaia tu canci\u00f3n\",\"ESC\",\"esc 2018\",\"espa\u00f1a eurovision 2018\",\"eurovision 2018\",\"eurovision Lisboa 2018\",\"eurovision song contest festival\",\"eurovision spain 2018\",\"eurovisioOt\",\"gestmusic\",\"gestmusic eurovision\",\"Noticia\",\"operacion triunfo 2018\",\"ot 2017\",\"OT EUROVISION\",\"ot visi\u00f3n\",\"Pedro Palomo\",\"Pedro Palomo Eurovision\",\"Pedro Palomo Vivaeurovision\",\"RTVE\",\"Rtve EUROVISION\",\"tve\",\"viva eurovision\",\"vivaeurovision\"],\"articleSection\":[\"Espa\u00f1a en Eurovisi\u00f3n\",\"eurovision\",\"eurovision 2018\",\"Inicio\",\"Noticia\",\"Noticias\",\"operacion triunfo\",\"Rinc\u00f3n VIVALAMUSICA\",\"Ultima Hora\"],\"inLanguage\":\"es\",\"potentialAction\":[{\"@type\":\"CommentAction\",\"name\":\"Comment\",\"target\":[\"https:\\\/\\\/www.vivaeurovision.com\\\/index.php\\\/2018\\\/01\\\/29\\\/6399-eurovision\\\/#respond\"]}]},{\"@type\":\"WebPage\",\"@id\":\"https:\\\/\\\/www.vivaeurovision.com\\\/index.php\\\/2018\\\/01\\\/29\\\/6399-eurovision\\\/\",\"url\":\"https:\\\/\\\/www.vivaeurovision.com\\\/index.php\\\/2018\\\/01\\\/29\\\/6399-eurovision\\\/\",\"name\":\"Almaia, Alfred y Amaia ganan en el sondeo de vivaeurovision, para representar a Espa\u00f1a en Eurovisi\u00f3n 2018 - VIVAEUROVISION viva eurovision\",\"isPartOf\":{\"@id\":\"https:\\\/\\\/www.vivaeurovision.com\\\/#website\"},\"primaryImageOfPage\":{\"@id\":\"https:\\\/\\\/www.vivaeurovision.com\\\/index.php\\\/2018\\\/01\\\/29\\\/6399-eurovision\\\/#primaryimage\"},\"image\":{\"@id\":\"https:\\\/\\\/www.vivaeurovision.com\\\/index.php\\\/2018\\\/01\\\/29\\\/6399-eurovision\\\/#primaryimage\"},\"thumbnailUrl\":\"https:\\\/\\\/www.vivaeurovision.com\\\/wp-content\\\/uploads\\\/2017\\\/11\\\/FEA371FE-90AD-452C-B31C-94D09BE89444.jpeg\",\"datePublished\":\"2018-01-29T16:09:10+00:00\",\"description\":\"eurovision, Almaia tu canci\u00f3n, Alfred y Amaia tu canci\u00f3n, Espa\u00f1a eurovision 2018, eurovision 2018, eurovision ot, vivaeurovision, ot 2017, otvision\",\"breadcrumb\":{\"@id\":\"https:\\\/\\\/www.vivaeurovision.com\\\/index.php\\\/2018\\\/01\\\/29\\\/6399-eurovision\\\/#breadcrumb\"},\"inLanguage\":\"es\",\"potentialAction\":[{\"@type\":\"ReadAction\",\"target\":[\"https:\\\/\\\/www.vivaeurovision.com\\\/index.php\\\/2018\\\/01\\\/29\\\/6399-eurovision\\\/\"]}]},{\"@type\":\"ImageObject\",\"inLanguage\":\"es\",\"@id\":\"https:\\\/\\\/www.vivaeurovision.com\\\/index.php\\\/2018\\\/01\\\/29\\\/6399-eurovision\\\/#primaryimage\",\"url\":\"https:\\\/\\\/www.vivaeurovision.com\\\/wp-content\\\/uploads\\\/2017\\\/11\\\/FEA371FE-90AD-452C-B31C-94D09BE89444.jpeg\",\"contentUrl\":\"https:\\\/\\\/www.vivaeurovision.com\\\/wp-content\\\/uploads\\\/2017\\\/11\\\/FEA371FE-90AD-452C-B31C-94D09BE89444.jpeg\",\"width\":1024,\"height\":576,\"caption\":\"OT 2017\"},{\"@type\":\"BreadcrumbList\",\"@id\":\"https:\\\/\\\/www.vivaeurovision.com\\\/index.php\\\/2018\\\/01\\\/29\\\/6399-eurovision\\\/#breadcrumb\",\"itemListElement\":[{\"@type\":\"ListItem\",\"position\":1,\"name\":\"Portada\",\"item\":\"https:\\\/\\\/www.vivaeurovision.com\\\/\"},{\"@type\":\"ListItem\",\"position\":2,\"name\":\"Almaia, Alfred y Amaia ganan en el sondeo de vivaeurovision, para representar a Espa\u00f1a en Eurovisi\u00f3n 2018\"}]},{\"@type\":\"WebSite\",\"@id\":\"https:\\\/\\\/www.vivaeurovision.com\\\/#website\",\"url\":\"https:\\\/\\\/www.vivaeurovision.com\\\/\",\"name\":\"VIVAEUROVISION viva eurovision\",\"description\":\"Tu portal sobre el Festival de Eurovision, eurovision, eurovisi\u00f3n\",\"publisher\":{\"@id\":\"https:\\\/\\\/www.vivaeurovision.com\\\/#organization\"},\"potentialAction\":[{\"@type\":\"SearchAction\",\"target\":{\"@type\":\"EntryPoint\",\"urlTemplate\":\"https:\\\/\\\/www.vivaeurovision.com\\\/?s={search_term_string}\"},\"query-input\":{\"@type\":\"PropertyValueSpecification\",\"valueRequired\":true,\"valueName\":\"search_term_string\"}}],\"inLanguage\":\"es\"},{\"@type\":\"Organization\",\"@id\":\"https:\\\/\\\/www.vivaeurovision.com\\\/#organization\",\"name\":\"vivaeurovision\",\"url\":\"https:\\\/\\\/www.vivaeurovision.com\\\/\",\"logo\":{\"@type\":\"ImageObject\",\"inLanguage\":\"es\",\"@id\":\"https:\\\/\\\/www.vivaeurovision.com\\\/#\\\/schema\\\/logo\\\/image\\\/\",\"url\":\"https:\\\/\\\/www.vivaeurovision.com\\\/wp-content\\\/uploads\\\/2016\\\/01\\\/cropped-image-21-1.jpeg\",\"contentUrl\":\"https:\\\/\\\/www.vivaeurovision.com\\\/wp-content\\\/uploads\\\/2016\\\/01\\\/cropped-image-21-1.jpeg\",\"width\":669,\"height\":368,\"caption\":\"vivaeurovision\"},\"image\":{\"@id\":\"https:\\\/\\\/www.vivaeurovision.com\\\/#\\\/schema\\\/logo\\\/image\\\/\"}},{\"@type\":\"Person\",\"@id\":\"https:\\\/\\\/www.vivaeurovision.com\\\/#\\\/schema\\\/person\\\/1d31fdaa3f5f7df556f73d164bd3c47a\",\"name\":\"Pedro Palomo\",\"image\":{\"@type\":\"ImageObject\",\"inLanguage\":\"es\",\"@id\":\"https:\\\/\\\/secure.gravatar.com\\\/avatar\\\/4cf9a4877f5f71f44fb7cedbe1bac1bd28bd8ce7a217517d98d5b2117f9f5505?s=96&d=mm&r=g\",\"url\":\"https:\\\/\\\/secure.gravatar.com\\\/avatar\\\/4cf9a4877f5f71f44fb7cedbe1bac1bd28bd8ce7a217517d98d5b2117f9f5505?s=96&d=mm&r=g\",\"contentUrl\":\"https:\\\/\\\/secure.gravatar.com\\\/avatar\\\/4cf9a4877f5f71f44fb7cedbe1bac1bd28bd8ce7a217517d98d5b2117f9f5505?s=96&d=mm&r=g\",\"caption\":\"Pedro Palomo\"},\"sameAs\":[\"http:\\\/\\\/www.vivaeurovision.com\",\"@pedrobcn\",\"https:\\\/\\\/x.com\\\/@pedropalomobcn\"]}]}<\/script>\n<!-- \/ Yoast SEO plugin. -->","yoast_head_json":{"title":"Almaia, Alfred y Amaia ganan en el sondeo de vivaeurovision, para representar a Espa\u00f1a en Eurovisi\u00f3n 2018 - VIVAEUROVISION viva eurovision","description":"eurovision, Almaia tu canci\u00f3n, Alfred y Amaia tu canci\u00f3n, Espa\u00f1a eurovision 2018, eurovision 2018, eurovision ot, vivaeurovision, ot 2017, otvision","robots":{"index":"index","follow":"follow","max-snippet":"max-snippet:-1","max-image-preview":"max-image-preview:large","max-video-preview":"max-video-preview:-1"},"canonical":"https:\/\/www.vivaeurovision.com\/index.php\/2018\/01\/29\/6399-eurovision\/","og_locale":"es_ES","og_type":"article","og_title":"Almaia, Alfred y Amaia ganan en el sondeo de vivaeurovision, para representar a Espa\u00f1a en Eurovisi\u00f3n 2018 - VIVAEUROVISION viva eurovision","og_description":"eurovision, Almaia tu canci\u00f3n, Alfred y Amaia tu canci\u00f3n, Espa\u00f1a eurovision 2018, eurovision 2018, eurovision ot, vivaeurovision, ot 2017, otvision","og_url":"https:\/\/www.vivaeurovision.com\/index.php\/2018\/01\/29\/6399-eurovision\/","og_site_name":"VIVAEUROVISION viva eurovision","article_published_time":"2018-01-29T16:09:10+00:00","og_image":[{"width":1024,"height":576,"url":"https:\/\/www.vivaeurovision.com\/wp-content\/uploads\/2017\/11\/FEA371FE-90AD-452C-B31C-94D09BE89444.jpeg","type":"image\/jpeg"}],"author":"Pedro Palomo","twitter_card":"summary_large_image","twitter_creator":"@pedropalomobcn","twitter_misc":{"Escrito por":"Pedro Palomo","Tiempo de lectura":"1 minuto"},"schema":{"@context":"https:\/\/schema.org","@graph":[{"@type":"Article","@id":"https:\/\/www.vivaeurovision.com\/index.php\/2018\/01\/29\/6399-eurovision\/#article","isPartOf":{"@id":"https:\/\/www.vivaeurovision.com\/index.php\/2018\/01\/29\/6399-eurovision\/"},"author":{"name":"Pedro Palomo","@id":"https:\/\/www.vivaeurovision.com\/#\/schema\/person\/1d31fdaa3f5f7df556f73d164bd3c47a"},"headline":"Almaia, Alfred y Amaia ganan en el sondeo de vivaeurovision, para representar a Espa\u00f1a en Eurovisi\u00f3n 2018","datePublished":"2018-01-29T16:09:10+00:00","mainEntityOfPage":{"@id":"https:\/\/www.vivaeurovision.com\/index.php\/2018\/01\/29\/6399-eurovision\/"},"wordCount":266,"commentCount":0,"publisher":{"@id":"https:\/\/www.vivaeurovision.com\/#organization"},"image":{"@id":"https:\/\/www.vivaeurovision.com\/index.php\/2018\/01\/29\/6399-eurovision\/#primaryimage"},"thumbnailUrl":"https:\/\/www.vivaeurovision.com\/wp-content\/uploads\/2017\/11\/FEA371FE-90AD-452C-B31C-94D09BE89444.jpeg","keywords":["Alfred y Amaia tu canci\u00f3n","Almaia","Almaia tu canci\u00f3n","ESC","esc 2018","espa\u00f1a eurovision 2018","eurovision 2018","eurovision Lisboa 2018","eurovision song contest festival","eurovision spain 2018","eurovisioOt","gestmusic","gestmusic eurovision","Noticia","operacion triunfo 2018","ot 2017","OT EUROVISION","ot visi\u00f3n","Pedro Palomo","Pedro Palomo Eurovision","Pedro Palomo Vivaeurovision","RTVE","Rtve EUROVISION","tve","viva eurovision","vivaeurovision"],"articleSection":["Espa\u00f1a en Eurovisi\u00f3n","eurovision","eurovision 2018","Inicio","Noticia","Noticias","operacion triunfo","Rinc\u00f3n VIVALAMUSICA","Ultima Hora"],"inLanguage":"es","potentialAction":[{"@type":"CommentAction","name":"Comment","target":["https:\/\/www.vivaeurovision.com\/index.php\/2018\/01\/29\/6399-eurovision\/#respond"]}]},{"@type":"WebPage","@id":"https:\/\/www.vivaeurovision.com\/index.php\/2018\/01\/29\/6399-eurovision\/","url":"https:\/\/www.vivaeurovision.com\/index.php\/2018\/01\/29\/6399-eurovision\/","name":"Almaia, Alfred y Amaia ganan en el sondeo de vivaeurovision, para representar a Espa\u00f1a en Eurovisi\u00f3n 2018 - VIVAEUROVISION viva eurovision","isPartOf":{"@id":"https:\/\/www.vivaeurovision.com\/#website"},"primaryImageOfPage":{"@id":"https:\/\/www.vivaeurovision.com\/index.php\/2018\/01\/29\/6399-eurovision\/#primaryimage"},"image":{"@id":"https:\/\/www.vivaeurovision.com\/index.php\/2018\/01\/29\/6399-eurovision\/#primaryimage"},"thumbnailUrl":"https:\/\/www.vivaeurovision.com\/wp-content\/uploads\/2017\/11\/FEA371FE-90AD-452C-B31C-94D09BE89444.jpeg","datePublished":"2018-01-29T16:09:10+00:00","description":"eurovision, Almaia tu canci\u00f3n, Alfred y Amaia tu canci\u00f3n, Espa\u00f1a eurovision 2018, eurovision 2018, eurovision ot, vivaeurovision, ot 2017, otvision","breadcrumb":{"@id":"https:\/\/www.vivaeurovision.com\/index.php\/2018\/01\/29\/6399-eurovision\/#breadcrumb"},"inLanguage":"es","potentialAction":[{"@type":"ReadAction","target":["https:\/\/www.vivaeurovision.com\/index.php\/2018\/01\/29\/6399-eurovision\/"]}]},{"@type":"ImageObject","inLanguage":"es","@id":"https:\/\/www.vivaeurovision.com\/index.php\/2018\/01\/29\/6399-eurovision\/#primaryimage","url":"https:\/\/www.vivaeurovision.com\/wp-content\/uploads\/2017\/11\/FEA371FE-90AD-452C-B31C-94D09BE89444.jpeg","contentUrl":"https:\/\/www.vivaeurovision.com\/wp-content\/uploads\/2017\/11\/FEA371FE-90AD-452C-B31C-94D09BE89444.jpeg","width":1024,"height":576,"caption":"OT 2017"},{"@type":"BreadcrumbList","@id":"https:\/\/www.vivaeurovision.com\/index.php\/2018\/01\/29\/6399-eurovision\/#breadcrumb","itemListElement":[{"@type":"ListItem","position":1,"name":"Portada","item":"https:\/\/www.vivaeurovision.com\/"},{"@type":"ListItem","position":2,"name":"Almaia, Alfred y Amaia ganan en el sondeo de vivaeurovision, para representar a Espa\u00f1a en Eurovisi\u00f3n 2018"}]},{"@type":"WebSite","@id":"https:\/\/www.vivaeurovision.com\/#website","url":"https:\/\/www.vivaeurovision.com\/","name":"VIVAEUROVISION viva eurovision","description":"Tu portal sobre el Festival de Eurovision, eurovision, eurovisi\u00f3n","publisher":{"@id":"https:\/\/www.vivaeurovision.com\/#organization"},"potentialAction":[{"@type":"SearchAction","target":{"@type":"EntryPoint","urlTemplate":"https:\/\/www.vivaeurovision.com\/?s={search_term_string}"},"query-input":{"@type":"PropertyValueSpecification","valueRequired":true,"valueName":"search_term_string"}}],"inLanguage":"es"},{"@type":"Organization","@id":"https:\/\/www.vivaeurovision.com\/#organization","name":"vivaeurovision","url":"https:\/\/www.vivaeurovision.com\/","logo":{"@type":"ImageObject","inLanguage":"es","@id":"https:\/\/www.vivaeurovision.com\/#\/schema\/logo\/image\/","url":"https:\/\/www.vivaeurovision.com\/wp-content\/uploads\/2016\/01\/cropped-image-21-1.jpeg","contentUrl":"https:\/\/www.vivaeurovision.com\/wp-content\/uploads\/2016\/01\/cropped-image-21-1.jpeg","width":669,"height":368,"caption":"vivaeurovision"},"image":{"@id":"https:\/\/www.vivaeurovision.com\/#\/schema\/logo\/image\/"}},{"@type":"Person","@id":"https:\/\/www.vivaeurovision.com\/#\/schema\/person\/1d31fdaa3f5f7df556f73d164bd3c47a","name":"Pedro Palomo","image":{"@type":"ImageObject","inLanguage":"es","@id":"https:\/\/secure.gravatar.com\/avatar\/4cf9a4877f5f71f44fb7cedbe1bac1bd28bd8ce7a217517d98d5b2117f9f5505?s=96&d=mm&r=g","url":"https:\/\/secure.gravatar.com\/avatar\/4cf9a4877f5f71f44fb7cedbe1bac1bd28bd8ce7a217517d98d5b2117f9f5505?s=96&d=mm&r=g","contentUrl":"https:\/\/secure.gravatar.com\/avatar\/4cf9a4877f5f71f44fb7cedbe1bac1bd28bd8ce7a217517d98d5b2117f9f5505?s=96&d=mm&r=g","caption":"Pedro Palomo"},"sameAs":["http:\/\/www.vivaeurovision.com","@pedrobcn","https:\/\/x.com\/@pedropalomobcn"]}]}},"_links":{"self":[{"href":"https:\/\/www.vivaeurovision.com\/index.php\/wp-json\/wp\/v2\/posts\/6399","targetHints":{"allow":["GET"]}}],"collection":[{"href":"https:\/\/www.vivaeurovision.com\/index.php\/wp-json\/wp\/v2\/posts"}],"about":[{"href":"https:\/\/www.vivaeurovision.com\/index.php\/wp-json\/wp\/v2\/types\/post"}],"author":[{"embeddable":true,"href":"https:\/\/www.vivaeurovision.com\/index.php\/wp-json\/wp\/v2\/users\/1"}],"replies":[{"embeddable":true,"href":"https:\/\/www.vivaeurovision.com\/index.php\/wp-json\/wp\/v2\/comments?post=6399"}],"version-history":[{"count":3,"href":"https:\/\/www.vivaeurovision.com\/index.php\/wp-json\/wp\/v2\/posts\/6399\/revisions"}],"predecessor-version":[{"id":6439,"href":"https:\/\/www.vivaeurovision.com\/index.php\/wp-json\/wp\/v2\/posts\/6399\/revisions\/6439"}],"wp:featuredmedia":[{"embeddable":true,"href":"https:\/\/www.vivaeurovision.com\/index.php\/wp-json\/wp\/v2\/media\/5757"}],"wp:attachment":[{"href":"https:\/\/www.vivaeurovision.com\/index.php\/wp-json\/wp\/v2\/media?parent=6399"}],"wp:term":[{"taxonomy":"category","embeddable":true,"href":"https:\/\/www.vivaeurovision.com\/index.php\/wp-json\/wp\/v2\/categories?post=6399"},{"taxonomy":"post_tag","embeddable":true,"href":"https:\/\/www.vivaeurovision.com\/index.php\/wp-json\/wp\/v2\/tags?post=6399"}],"curies":[{"name":"wp","href":"https:\/\/api.w.org\/{rel}","templated":true}]}}