{"id":6525,"date":"2018-02-13T19:07:23","date_gmt":"2018-02-13T19:07:23","guid":{"rendered":"http:\/\/www.vivaeurovision.com\/?p=6525"},"modified":"2018-02-13T19:07:23","modified_gmt":"2018-02-13T19:07:23","slug":"6525-eurovision","status":"publish","type":"post","link":"https:\/\/www.vivaeurovision.com\/index.php\/2018\/02\/13\/6525-eurovision\/","title":{"rendered":"Escucha un fragmento de las canciones que optan a representar a Montenegro en Eurovision 2018"},"content":{"rendered":"<h2>Escucha un fragmento de las canciones que optan a representar a Montenegro en Eurovision 2018<\/h2>\n<p><img loading=\"lazy\" decoding=\"async\" class=\"alignnone size-medium wp-image-6620\" src=\"http:\/\/www.vivaeurovision.com\/wp-content\/uploads\/2018\/02\/BDF542F0-BC6F-4B59-9770-0FEACB48DE6F-300x140.jpeg\" alt=\"eurovision\" width=\"300\" height=\"140\" srcset=\"https:\/\/www.vivaeurovision.com\/wp-content\/uploads\/2018\/02\/BDF542F0-BC6F-4B59-9770-0FEACB48DE6F-300x140.jpeg 300w, https:\/\/www.vivaeurovision.com\/wp-content\/uploads\/2018\/02\/BDF542F0-BC6F-4B59-9770-0FEACB48DE6F-700x327.jpeg 700w, https:\/\/www.vivaeurovision.com\/wp-content\/uploads\/2018\/02\/BDF542F0-BC6F-4B59-9770-0FEACB48DE6F-520x245.jpeg 520w, https:\/\/www.vivaeurovision.com\/wp-content\/uploads\/2018\/02\/BDF542F0-BC6F-4B59-9770-0FEACB48DE6F.jpeg 1181w\" sizes=\"auto, (max-width: 300px) 100vw, 300px\" \/><\/p>\n<p>Tras recibir 30 candidaturas, un jurado de expertos ha seleccionado a las cinco que participar\u00e1n en la gran final del Montevizija 2018, el pr\u00f3ximo 17 de febrero el televoto ser\u00e1 el encargado de seleccionar al representante de Montenegro para el Festival de Eurovisi\u00f3n 2018.<\/p>\n<p>ESTAS SON LAS CANDIDATURAS DEL MONTEVIZIJA 2018, ESCUCHA UN FRAGMENTO DE CADA UNA.<\/p>\n<p><iframe loading=\"lazy\"  id=\"_ytid_23832\"  width=\"480\" height=\"360\"  data-origwidth=\"480\" data-origheight=\"360\" src=\"https:\/\/www.youtube.com\/embed\/HWl-GEv1x54?enablejsapi=1&#038;autoplay=0&#038;cc_load_policy=0&#038;cc_lang_pref=&#038;iv_load_policy=1&#038;loop=0&#038;rel=1&#038;fs=1&#038;playsinline=0&#038;autohide=2&#038;theme=dark&#038;color=red&#038;controls=1&#038;disablekb=0&#038;\" class=\"__youtube_prefs__  epyt-is-override  no-lazyload\" title=\"YouTube player\"  allow=\"fullscreen; accelerometer; autoplay; clipboard-write; encrypted-media; gyroscope; picture-in-picture; web-share\" referrerpolicy=\"strict-origin-when-cross-origin\" allowfullscreen data-no-lazy=\"1\" data-skipgform_ajax_framebjll=\"\"><\/iframe><\/p>\n<p><b>Nina Petkovic &#8211; Disem<br \/>\nVanja Radovanovic &#8211; Inje<br \/>\nIvana Popovic Martnovic &#8211; Poljupci<br \/>\nKatarina Bogicevic &#8211; Nezeljena<br \/>\nJankovic Lorena &#8211; Dusu mi daj<\/b><\/p>\n<p><img loading=\"lazy\" decoding=\"async\" class=\"alignnone size-medium wp-image-311\" src=\"http:\/\/www.vivaeurovision.com\/wp-content\/uploads\/2016\/01\/image-21-300x165.jpeg\" alt=\"VIVAEUROVISION.COM\" width=\"300\" height=\"165\" srcset=\"https:\/\/www.vivaeurovision.com\/wp-content\/uploads\/2016\/01\/image-21-300x165.jpeg 300w, https:\/\/www.vivaeurovision.com\/wp-content\/uploads\/2016\/01\/image-21-555x305.jpeg 555w, https:\/\/www.vivaeurovision.com\/wp-content\/uploads\/2016\/01\/image-21.jpeg 669w\" sizes=\"auto, (max-width: 300px) 100vw, 300px\" \/><\/p>\n<p>Twitter\u00a0<strong> <a href=\"https:\/\/twitter.com\/viva_eurovision\" target=\"_blank\" rel=\"noopener noreferrer\">@viva_eurovision<\/a>\u00a0 <a href=\"https:\/\/www.facebook.com\/Vivaeurovisioncom-867806686671081\/?fref=nf\" target=\"_blank\" rel=\"noopener noreferrer\">FACEBOOK OFICIAL VIVA EUROVISION <\/a><\/strong>Instragram <strong>\u00a0<\/strong><a href=\"https:\/\/www.instagram.com\/vivaeurovision\/\" target=\"_blank\" rel=\"noopener noreferrer\"><strong>@vivaeurovision<\/strong><\/a><\/p>\n<p>Redactor: Pedro Palomo <a href=\"https:\/\/twitter.com\/pedropalomobcn?lang=es\"><strong>@pedropalomobcn<\/strong><\/a><strong>\u00a0<\/strong>Instagram <a href=\"https:\/\/www.instagram.com\/pedrobcn\/\" target=\"_blank\" rel=\"noopener noreferrer\"><strong>@pedrobcn<\/strong><\/a><\/p>\n","protected":false},"excerpt":{"rendered":"<p>Escucha un fragmento de las canciones que optan a representar a Montenegro en Eurovision 2018 Tras recibir 30 candidaturas, un jurado de expertos ha seleccionado a las cinco que participar\u00e1n&#46;&#46;&#46;<\/p>\n","protected":false},"author":1,"featured_media":6620,"comment_status":"open","ping_status":"closed","sticky":false,"template":"","format":"standard","meta":{"_exactmetrics_skip_tracking":false,"_exactmetrics_sitenote_active":false,"_exactmetrics_sitenote_note":"","_exactmetrics_sitenote_category":0,"footnotes":""},"categories":[1195,2144,4,1188,2,3],"tags":[2490,2489,17,2145,2502,2491,1431,2786,706,1096,2785,2784,34,19,20,766,23,22],"class_list":["post-6525","post","type-post","status-publish","format-standard","has-post-thumbnail","hentry","category-eurovision-2","category-eurovision-2018","category-eurovision","category-noticia-2","category-noticia","category-ultima-hora","tag-all-aboard","tag-all-aboard-eurovision-all-aboard-all-aboard-2018","tag-esc","tag-esc-2018","tag-esc-2018-all-aboard","tag-eurovision-all-aboard","tag-eurovision-montenegro","tag-eurovision-montenegro-2018","tag-eurovision-song-contest-festival","tag-festival-de-eurovision","tag-montenegro-eurovision-2018","tag-montevizija-2018","tag-noticia","tag-pedro-palomo","tag-pedro-palomo-eurovision","tag-pedro-palomo-vivaeurovision","tag-viva-eurovision","tag-vivaeurovision"],"yoast_head":"<!-- This site is optimized with the Yoast SEO plugin v27.5 - https:\/\/yoast.com\/product\/yoast-seo-wordpress\/ -->\n<title>Escucha un fragmento de las canciones que optan a representar a Montenegro en Eurovision 2018 - VIVAEUROVISION viva eurovision<\/title>\n<meta name=\"description\" content=\"Montevizija 2018, eurovision, eurovision 2018, vivaeurovision, viva eurovisi\u00f3n, all aboard, Montenegro eurovision 2018, esc 2018\" \/>\n<meta name=\"robots\" content=\"index, follow, max-snippet:-1, max-image-preview:large, max-video-preview:-1\" \/>\n<link rel=\"canonical\" href=\"https:\/\/www.vivaeurovision.com\/index.php\/2018\/02\/13\/6525-eurovision\/\" \/>\n<meta property=\"og:locale\" content=\"es_ES\" \/>\n<meta property=\"og:type\" content=\"article\" \/>\n<meta property=\"og:title\" content=\"Escucha un fragmento de las canciones que optan a representar a Montenegro en Eurovision 2018 - VIVAEUROVISION viva eurovision\" \/>\n<meta property=\"og:description\" content=\"Montevizija 2018, eurovision, eurovision 2018, vivaeurovision, viva eurovisi\u00f3n, all aboard, Montenegro eurovision 2018, esc 2018\" \/>\n<meta property=\"og:url\" content=\"https:\/\/www.vivaeurovision.com\/index.php\/2018\/02\/13\/6525-eurovision\/\" \/>\n<meta property=\"og:site_name\" content=\"VIVAEUROVISION viva eurovision\" \/>\n<meta property=\"article:published_time\" content=\"2018-02-13T19:07:23+00:00\" \/>\n<meta property=\"og:image\" content=\"https:\/\/www.vivaeurovision.com\/wp-content\/uploads\/2018\/02\/BDF542F0-BC6F-4B59-9770-0FEACB48DE6F.jpeg\" \/>\n\t<meta property=\"og:image:width\" content=\"1181\" \/>\n\t<meta property=\"og:image:height\" content=\"552\" \/>\n\t<meta property=\"og:image:type\" content=\"image\/jpeg\" \/>\n<meta name=\"author\" content=\"Pedro Palomo\" \/>\n<meta name=\"twitter:card\" content=\"summary_large_image\" \/>\n<meta name=\"twitter:creator\" content=\"@pedropalomobcn\" \/>\n<meta name=\"twitter:label1\" content=\"Escrito por\" \/>\n\t<meta name=\"twitter:data1\" content=\"Pedro Palomo\" \/>\n\t<meta name=\"twitter:label2\" content=\"Tiempo de lectura\" \/>\n\t<meta name=\"twitter:data2\" content=\"1 minuto\" \/>\n<script type=\"application\/ld+json\" class=\"yoast-schema-graph\">{\"@context\":\"https:\\\/\\\/schema.org\",\"@graph\":[{\"@type\":\"Article\",\"@id\":\"https:\\\/\\\/www.vivaeurovision.com\\\/index.php\\\/2018\\\/02\\\/13\\\/6525-eurovision\\\/#article\",\"isPartOf\":{\"@id\":\"https:\\\/\\\/www.vivaeurovision.com\\\/index.php\\\/2018\\\/02\\\/13\\\/6525-eurovision\\\/\"},\"author\":{\"name\":\"Pedro Palomo\",\"@id\":\"https:\\\/\\\/www.vivaeurovision.com\\\/#\\\/schema\\\/person\\\/1d31fdaa3f5f7df556f73d164bd3c47a\"},\"headline\":\"Escucha un fragmento de las canciones que optan a representar a Montenegro en Eurovision 2018\",\"datePublished\":\"2018-02-13T19:07:23+00:00\",\"mainEntityOfPage\":{\"@id\":\"https:\\\/\\\/www.vivaeurovision.com\\\/index.php\\\/2018\\\/02\\\/13\\\/6525-eurovision\\\/\"},\"wordCount\":126,\"commentCount\":0,\"publisher\":{\"@id\":\"https:\\\/\\\/www.vivaeurovision.com\\\/#organization\"},\"image\":{\"@id\":\"https:\\\/\\\/www.vivaeurovision.com\\\/index.php\\\/2018\\\/02\\\/13\\\/6525-eurovision\\\/#primaryimage\"},\"thumbnailUrl\":\"https:\\\/\\\/www.vivaeurovision.com\\\/wp-content\\\/uploads\\\/2018\\\/02\\\/BDF542F0-BC6F-4B59-9770-0FEACB48DE6F.jpeg\",\"keywords\":[\"all aboard\",\"All aboard! Eurovision All Aboard! All aboard! 2018\",\"ESC\",\"esc 2018\",\"Esc 2018 all aboard\",\"Eurovision all aboard\",\"eurovision montenegro\",\"eurovision montenegro 2018\",\"eurovision song contest festival\",\"Festival de Eurovisi\u00f3n\",\"Montenegro eurovision 2018\",\"Montevizija 2018\",\"Noticia\",\"Pedro Palomo\",\"Pedro Palomo Eurovision\",\"Pedro Palomo Vivaeurovision\",\"viva eurovision\",\"vivaeurovision\"],\"articleSection\":[\"eurovision\",\"eurovision 2018\",\"Inicio\",\"Noticia\",\"Noticias\",\"Ultima Hora\"],\"inLanguage\":\"es\",\"potentialAction\":[{\"@type\":\"CommentAction\",\"name\":\"Comment\",\"target\":[\"https:\\\/\\\/www.vivaeurovision.com\\\/index.php\\\/2018\\\/02\\\/13\\\/6525-eurovision\\\/#respond\"]}]},{\"@type\":\"WebPage\",\"@id\":\"https:\\\/\\\/www.vivaeurovision.com\\\/index.php\\\/2018\\\/02\\\/13\\\/6525-eurovision\\\/\",\"url\":\"https:\\\/\\\/www.vivaeurovision.com\\\/index.php\\\/2018\\\/02\\\/13\\\/6525-eurovision\\\/\",\"name\":\"Escucha un fragmento de las canciones que optan a representar a Montenegro en Eurovision 2018 - VIVAEUROVISION viva eurovision\",\"isPartOf\":{\"@id\":\"https:\\\/\\\/www.vivaeurovision.com\\\/#website\"},\"primaryImageOfPage\":{\"@id\":\"https:\\\/\\\/www.vivaeurovision.com\\\/index.php\\\/2018\\\/02\\\/13\\\/6525-eurovision\\\/#primaryimage\"},\"image\":{\"@id\":\"https:\\\/\\\/www.vivaeurovision.com\\\/index.php\\\/2018\\\/02\\\/13\\\/6525-eurovision\\\/#primaryimage\"},\"thumbnailUrl\":\"https:\\\/\\\/www.vivaeurovision.com\\\/wp-content\\\/uploads\\\/2018\\\/02\\\/BDF542F0-BC6F-4B59-9770-0FEACB48DE6F.jpeg\",\"datePublished\":\"2018-02-13T19:07:23+00:00\",\"description\":\"Montevizija 2018, eurovision, eurovision 2018, vivaeurovision, viva eurovisi\u00f3n, all aboard, Montenegro eurovision 2018, esc 2018\",\"breadcrumb\":{\"@id\":\"https:\\\/\\\/www.vivaeurovision.com\\\/index.php\\\/2018\\\/02\\\/13\\\/6525-eurovision\\\/#breadcrumb\"},\"inLanguage\":\"es\",\"potentialAction\":[{\"@type\":\"ReadAction\",\"target\":[\"https:\\\/\\\/www.vivaeurovision.com\\\/index.php\\\/2018\\\/02\\\/13\\\/6525-eurovision\\\/\"]}]},{\"@type\":\"ImageObject\",\"inLanguage\":\"es\",\"@id\":\"https:\\\/\\\/www.vivaeurovision.com\\\/index.php\\\/2018\\\/02\\\/13\\\/6525-eurovision\\\/#primaryimage\",\"url\":\"https:\\\/\\\/www.vivaeurovision.com\\\/wp-content\\\/uploads\\\/2018\\\/02\\\/BDF542F0-BC6F-4B59-9770-0FEACB48DE6F.jpeg\",\"contentUrl\":\"https:\\\/\\\/www.vivaeurovision.com\\\/wp-content\\\/uploads\\\/2018\\\/02\\\/BDF542F0-BC6F-4B59-9770-0FEACB48DE6F.jpeg\",\"width\":1181,\"height\":552,\"caption\":\"eurovision\"},{\"@type\":\"BreadcrumbList\",\"@id\":\"https:\\\/\\\/www.vivaeurovision.com\\\/index.php\\\/2018\\\/02\\\/13\\\/6525-eurovision\\\/#breadcrumb\",\"itemListElement\":[{\"@type\":\"ListItem\",\"position\":1,\"name\":\"Portada\",\"item\":\"https:\\\/\\\/www.vivaeurovision.com\\\/\"},{\"@type\":\"ListItem\",\"position\":2,\"name\":\"Escucha un fragmento de las canciones que optan a representar a Montenegro en Eurovision 2018\"}]},{\"@type\":\"WebSite\",\"@id\":\"https:\\\/\\\/www.vivaeurovision.com\\\/#website\",\"url\":\"https:\\\/\\\/www.vivaeurovision.com\\\/\",\"name\":\"VIVAEUROVISION viva eurovision\",\"description\":\"Tu portal sobre el Festival de Eurovision, eurovision, eurovisi\u00f3n\",\"publisher\":{\"@id\":\"https:\\\/\\\/www.vivaeurovision.com\\\/#organization\"},\"potentialAction\":[{\"@type\":\"SearchAction\",\"target\":{\"@type\":\"EntryPoint\",\"urlTemplate\":\"https:\\\/\\\/www.vivaeurovision.com\\\/?s={search_term_string}\"},\"query-input\":{\"@type\":\"PropertyValueSpecification\",\"valueRequired\":true,\"valueName\":\"search_term_string\"}}],\"inLanguage\":\"es\"},{\"@type\":\"Organization\",\"@id\":\"https:\\\/\\\/www.vivaeurovision.com\\\/#organization\",\"name\":\"vivaeurovision\",\"url\":\"https:\\\/\\\/www.vivaeurovision.com\\\/\",\"logo\":{\"@type\":\"ImageObject\",\"inLanguage\":\"es\",\"@id\":\"https:\\\/\\\/www.vivaeurovision.com\\\/#\\\/schema\\\/logo\\\/image\\\/\",\"url\":\"https:\\\/\\\/www.vivaeurovision.com\\\/wp-content\\\/uploads\\\/2016\\\/01\\\/cropped-image-21-1.jpeg\",\"contentUrl\":\"https:\\\/\\\/www.vivaeurovision.com\\\/wp-content\\\/uploads\\\/2016\\\/01\\\/cropped-image-21-1.jpeg\",\"width\":669,\"height\":368,\"caption\":\"vivaeurovision\"},\"image\":{\"@id\":\"https:\\\/\\\/www.vivaeurovision.com\\\/#\\\/schema\\\/logo\\\/image\\\/\"}},{\"@type\":\"Person\",\"@id\":\"https:\\\/\\\/www.vivaeurovision.com\\\/#\\\/schema\\\/person\\\/1d31fdaa3f5f7df556f73d164bd3c47a\",\"name\":\"Pedro Palomo\",\"image\":{\"@type\":\"ImageObject\",\"inLanguage\":\"es\",\"@id\":\"https:\\\/\\\/secure.gravatar.com\\\/avatar\\\/4cf9a4877f5f71f44fb7cedbe1bac1bd28bd8ce7a217517d98d5b2117f9f5505?s=96&d=mm&r=g\",\"url\":\"https:\\\/\\\/secure.gravatar.com\\\/avatar\\\/4cf9a4877f5f71f44fb7cedbe1bac1bd28bd8ce7a217517d98d5b2117f9f5505?s=96&d=mm&r=g\",\"contentUrl\":\"https:\\\/\\\/secure.gravatar.com\\\/avatar\\\/4cf9a4877f5f71f44fb7cedbe1bac1bd28bd8ce7a217517d98d5b2117f9f5505?s=96&d=mm&r=g\",\"caption\":\"Pedro Palomo\"},\"sameAs\":[\"http:\\\/\\\/www.vivaeurovision.com\",\"@pedrobcn\",\"https:\\\/\\\/x.com\\\/@pedropalomobcn\"]}]}<\/script>\n<!-- \/ Yoast SEO plugin. -->","yoast_head_json":{"title":"Escucha un fragmento de las canciones que optan a representar a Montenegro en Eurovision 2018 - VIVAEUROVISION viva eurovision","description":"Montevizija 2018, eurovision, eurovision 2018, vivaeurovision, viva eurovisi\u00f3n, all aboard, Montenegro eurovision 2018, esc 2018","robots":{"index":"index","follow":"follow","max-snippet":"max-snippet:-1","max-image-preview":"max-image-preview:large","max-video-preview":"max-video-preview:-1"},"canonical":"https:\/\/www.vivaeurovision.com\/index.php\/2018\/02\/13\/6525-eurovision\/","og_locale":"es_ES","og_type":"article","og_title":"Escucha un fragmento de las canciones que optan a representar a Montenegro en Eurovision 2018 - VIVAEUROVISION viva eurovision","og_description":"Montevizija 2018, eurovision, eurovision 2018, vivaeurovision, viva eurovisi\u00f3n, all aboard, Montenegro eurovision 2018, esc 2018","og_url":"https:\/\/www.vivaeurovision.com\/index.php\/2018\/02\/13\/6525-eurovision\/","og_site_name":"VIVAEUROVISION viva eurovision","article_published_time":"2018-02-13T19:07:23+00:00","og_image":[{"width":1181,"height":552,"url":"https:\/\/www.vivaeurovision.com\/wp-content\/uploads\/2018\/02\/BDF542F0-BC6F-4B59-9770-0FEACB48DE6F.jpeg","type":"image\/jpeg"}],"author":"Pedro Palomo","twitter_card":"summary_large_image","twitter_creator":"@pedropalomobcn","twitter_misc":{"Escrito por":"Pedro Palomo","Tiempo de lectura":"1 minuto"},"schema":{"@context":"https:\/\/schema.org","@graph":[{"@type":"Article","@id":"https:\/\/www.vivaeurovision.com\/index.php\/2018\/02\/13\/6525-eurovision\/#article","isPartOf":{"@id":"https:\/\/www.vivaeurovision.com\/index.php\/2018\/02\/13\/6525-eurovision\/"},"author":{"name":"Pedro Palomo","@id":"https:\/\/www.vivaeurovision.com\/#\/schema\/person\/1d31fdaa3f5f7df556f73d164bd3c47a"},"headline":"Escucha un fragmento de las canciones que optan a representar a Montenegro en Eurovision 2018","datePublished":"2018-02-13T19:07:23+00:00","mainEntityOfPage":{"@id":"https:\/\/www.vivaeurovision.com\/index.php\/2018\/02\/13\/6525-eurovision\/"},"wordCount":126,"commentCount":0,"publisher":{"@id":"https:\/\/www.vivaeurovision.com\/#organization"},"image":{"@id":"https:\/\/www.vivaeurovision.com\/index.php\/2018\/02\/13\/6525-eurovision\/#primaryimage"},"thumbnailUrl":"https:\/\/www.vivaeurovision.com\/wp-content\/uploads\/2018\/02\/BDF542F0-BC6F-4B59-9770-0FEACB48DE6F.jpeg","keywords":["all aboard","All aboard! Eurovision All Aboard! All aboard! 2018","ESC","esc 2018","Esc 2018 all aboard","Eurovision all aboard","eurovision montenegro","eurovision montenegro 2018","eurovision song contest festival","Festival de Eurovisi\u00f3n","Montenegro eurovision 2018","Montevizija 2018","Noticia","Pedro Palomo","Pedro Palomo Eurovision","Pedro Palomo Vivaeurovision","viva eurovision","vivaeurovision"],"articleSection":["eurovision","eurovision 2018","Inicio","Noticia","Noticias","Ultima Hora"],"inLanguage":"es","potentialAction":[{"@type":"CommentAction","name":"Comment","target":["https:\/\/www.vivaeurovision.com\/index.php\/2018\/02\/13\/6525-eurovision\/#respond"]}]},{"@type":"WebPage","@id":"https:\/\/www.vivaeurovision.com\/index.php\/2018\/02\/13\/6525-eurovision\/","url":"https:\/\/www.vivaeurovision.com\/index.php\/2018\/02\/13\/6525-eurovision\/","name":"Escucha un fragmento de las canciones que optan a representar a Montenegro en Eurovision 2018 - VIVAEUROVISION viva eurovision","isPartOf":{"@id":"https:\/\/www.vivaeurovision.com\/#website"},"primaryImageOfPage":{"@id":"https:\/\/www.vivaeurovision.com\/index.php\/2018\/02\/13\/6525-eurovision\/#primaryimage"},"image":{"@id":"https:\/\/www.vivaeurovision.com\/index.php\/2018\/02\/13\/6525-eurovision\/#primaryimage"},"thumbnailUrl":"https:\/\/www.vivaeurovision.com\/wp-content\/uploads\/2018\/02\/BDF542F0-BC6F-4B59-9770-0FEACB48DE6F.jpeg","datePublished":"2018-02-13T19:07:23+00:00","description":"Montevizija 2018, eurovision, eurovision 2018, vivaeurovision, viva eurovisi\u00f3n, all aboard, Montenegro eurovision 2018, esc 2018","breadcrumb":{"@id":"https:\/\/www.vivaeurovision.com\/index.php\/2018\/02\/13\/6525-eurovision\/#breadcrumb"},"inLanguage":"es","potentialAction":[{"@type":"ReadAction","target":["https:\/\/www.vivaeurovision.com\/index.php\/2018\/02\/13\/6525-eurovision\/"]}]},{"@type":"ImageObject","inLanguage":"es","@id":"https:\/\/www.vivaeurovision.com\/index.php\/2018\/02\/13\/6525-eurovision\/#primaryimage","url":"https:\/\/www.vivaeurovision.com\/wp-content\/uploads\/2018\/02\/BDF542F0-BC6F-4B59-9770-0FEACB48DE6F.jpeg","contentUrl":"https:\/\/www.vivaeurovision.com\/wp-content\/uploads\/2018\/02\/BDF542F0-BC6F-4B59-9770-0FEACB48DE6F.jpeg","width":1181,"height":552,"caption":"eurovision"},{"@type":"BreadcrumbList","@id":"https:\/\/www.vivaeurovision.com\/index.php\/2018\/02\/13\/6525-eurovision\/#breadcrumb","itemListElement":[{"@type":"ListItem","position":1,"name":"Portada","item":"https:\/\/www.vivaeurovision.com\/"},{"@type":"ListItem","position":2,"name":"Escucha un fragmento de las canciones que optan a representar a Montenegro en Eurovision 2018"}]},{"@type":"WebSite","@id":"https:\/\/www.vivaeurovision.com\/#website","url":"https:\/\/www.vivaeurovision.com\/","name":"VIVAEUROVISION viva eurovision","description":"Tu portal sobre el Festival de Eurovision, eurovision, eurovisi\u00f3n","publisher":{"@id":"https:\/\/www.vivaeurovision.com\/#organization"},"potentialAction":[{"@type":"SearchAction","target":{"@type":"EntryPoint","urlTemplate":"https:\/\/www.vivaeurovision.com\/?s={search_term_string}"},"query-input":{"@type":"PropertyValueSpecification","valueRequired":true,"valueName":"search_term_string"}}],"inLanguage":"es"},{"@type":"Organization","@id":"https:\/\/www.vivaeurovision.com\/#organization","name":"vivaeurovision","url":"https:\/\/www.vivaeurovision.com\/","logo":{"@type":"ImageObject","inLanguage":"es","@id":"https:\/\/www.vivaeurovision.com\/#\/schema\/logo\/image\/","url":"https:\/\/www.vivaeurovision.com\/wp-content\/uploads\/2016\/01\/cropped-image-21-1.jpeg","contentUrl":"https:\/\/www.vivaeurovision.com\/wp-content\/uploads\/2016\/01\/cropped-image-21-1.jpeg","width":669,"height":368,"caption":"vivaeurovision"},"image":{"@id":"https:\/\/www.vivaeurovision.com\/#\/schema\/logo\/image\/"}},{"@type":"Person","@id":"https:\/\/www.vivaeurovision.com\/#\/schema\/person\/1d31fdaa3f5f7df556f73d164bd3c47a","name":"Pedro Palomo","image":{"@type":"ImageObject","inLanguage":"es","@id":"https:\/\/secure.gravatar.com\/avatar\/4cf9a4877f5f71f44fb7cedbe1bac1bd28bd8ce7a217517d98d5b2117f9f5505?s=96&d=mm&r=g","url":"https:\/\/secure.gravatar.com\/avatar\/4cf9a4877f5f71f44fb7cedbe1bac1bd28bd8ce7a217517d98d5b2117f9f5505?s=96&d=mm&r=g","contentUrl":"https:\/\/secure.gravatar.com\/avatar\/4cf9a4877f5f71f44fb7cedbe1bac1bd28bd8ce7a217517d98d5b2117f9f5505?s=96&d=mm&r=g","caption":"Pedro Palomo"},"sameAs":["http:\/\/www.vivaeurovision.com","@pedrobcn","https:\/\/x.com\/@pedropalomobcn"]}]}},"_links":{"self":[{"href":"https:\/\/www.vivaeurovision.com\/index.php\/wp-json\/wp\/v2\/posts\/6525","targetHints":{"allow":["GET"]}}],"collection":[{"href":"https:\/\/www.vivaeurovision.com\/index.php\/wp-json\/wp\/v2\/posts"}],"about":[{"href":"https:\/\/www.vivaeurovision.com\/index.php\/wp-json\/wp\/v2\/types\/post"}],"author":[{"embeddable":true,"href":"https:\/\/www.vivaeurovision.com\/index.php\/wp-json\/wp\/v2\/users\/1"}],"replies":[{"embeddable":true,"href":"https:\/\/www.vivaeurovision.com\/index.php\/wp-json\/wp\/v2\/comments?post=6525"}],"version-history":[{"count":2,"href":"https:\/\/www.vivaeurovision.com\/index.php\/wp-json\/wp\/v2\/posts\/6525\/revisions"}],"predecessor-version":[{"id":6621,"href":"https:\/\/www.vivaeurovision.com\/index.php\/wp-json\/wp\/v2\/posts\/6525\/revisions\/6621"}],"wp:featuredmedia":[{"embeddable":true,"href":"https:\/\/www.vivaeurovision.com\/index.php\/wp-json\/wp\/v2\/media\/6620"}],"wp:attachment":[{"href":"https:\/\/www.vivaeurovision.com\/index.php\/wp-json\/wp\/v2\/media?parent=6525"}],"wp:term":[{"taxonomy":"category","embeddable":true,"href":"https:\/\/www.vivaeurovision.com\/index.php\/wp-json\/wp\/v2\/categories?post=6525"},{"taxonomy":"post_tag","embeddable":true,"href":"https:\/\/www.vivaeurovision.com\/index.php\/wp-json\/wp\/v2\/tags?post=6525"}],"curies":[{"name":"wp","href":"https:\/\/api.w.org\/{rel}","templated":true}]}}