{"id":6592,"date":"2018-02-18T20:33:55","date_gmt":"2018-02-18T20:33:55","guid":{"rendered":"http:\/\/www.vivaeurovision.com\/?p=6592"},"modified":"2018-02-18T20:33:55","modified_gmt":"2018-02-18T20:33:55","slug":"6592-eurovision-2018","status":"publish","type":"post","link":"https:\/\/www.vivaeurovision.com\/index.php\/2018\/02\/18\/6592-eurovision-2018\/","title":{"rendered":"Ya puedes ver primeras imagenes del videoclip, Tu canci\u00f3n de Alfred y Amaia"},"content":{"rendered":"<h2>Eurovision 2018<\/h2>\n<h2>Alfred y Amaia han grabado la versi\u00f3n definitiva de tu canci\u00f3n, adem\u00e1s del videoclip y las fotos promocionales de Eurovisi\u00f3n.<\/h2>\n<p><img loading=\"lazy\" decoding=\"async\" class=\"alignnone size-medium wp-image-6696\" src=\"http:\/\/www.vivaeurovision.com\/wp-content\/uploads\/2018\/02\/CBAFEC4E-BC7A-4A3E-9F24-D82955CAC07B-300x169.jpeg\" alt=\"eurovision \" width=\"300\" height=\"169\" srcset=\"https:\/\/www.vivaeurovision.com\/wp-content\/uploads\/2018\/02\/CBAFEC4E-BC7A-4A3E-9F24-D82955CAC07B-300x169.jpeg 300w, https:\/\/www.vivaeurovision.com\/wp-content\/uploads\/2018\/02\/CBAFEC4E-BC7A-4A3E-9F24-D82955CAC07B.jpeg 515w\" sizes=\"auto, (max-width: 300px) 100vw, 300px\" \/><\/p>\n<p>Aqui pod\u00e9is ver las im\u00e1genes del making of, de Tu Canci\u00f3n de Alfred y Amaia.<\/p>\n<p><iframe loading=\"lazy\"  id=\"_ytid_24776\"  width=\"480\" height=\"270\"  data-origwidth=\"480\" data-origheight=\"270\" src=\"https:\/\/www.youtube.com\/embed\/7JUfo9zL4Mk?enablejsapi=1&#038;autoplay=0&#038;cc_load_policy=0&#038;cc_lang_pref=&#038;iv_load_policy=1&#038;loop=0&#038;rel=1&#038;fs=1&#038;playsinline=0&#038;autohide=2&#038;theme=dark&#038;color=red&#038;controls=1&#038;disablekb=0&#038;\" class=\"__youtube_prefs__  epyt-is-override  no-lazyload\" title=\"YouTube player\"  allow=\"fullscreen; accelerometer; autoplay; clipboard-write; encrypted-media; gyroscope; picture-in-picture; web-share\" referrerpolicy=\"strict-origin-when-cross-origin\" allowfullscreen data-no-lazy=\"1\" data-skipgform_ajax_framebjll=\"\"><\/iframe><\/p>\n<p>Nuestros representantes en el Festival de Eurovisi\u00f3n 2018, est\u00e1n trabajando de lleno en su candidatura. Tu canci\u00f3n un tema compuesto por Ra\u00fcl G\u00f3mez y que cautiv\u00f3 a la audiencia el pasado 29 de febrero.<\/p>\n<p>Alfred y Amaia han estado estos d\u00edas en el estudio grabando la versi\u00f3n definitiva de Tu canci\u00f3n, donde veremos algunos destacados cambios pero con la misma esencia de la versi\u00f3n que ya hemos escuchado. Los cantantes se han puesto en manos del productor Pablo Cebri\u00e1n al cual Universal Music le ha encargado producir la versi\u00f3n definitiva. Alfred y Amaia se han sentido muy c\u00f3modos y felices trabajando con Pablo Cebri\u00e1n.<\/p>\n<p><iframe loading=\"lazy\"  id=\"_ytid_82414\"  width=\"480\" height=\"270\"  data-origwidth=\"480\" data-origheight=\"270\" src=\"https:\/\/www.youtube.com\/embed\/r5dYFQ_VQno?enablejsapi=1&#038;autoplay=0&#038;cc_load_policy=0&#038;cc_lang_pref=&#038;iv_load_policy=1&#038;loop=0&#038;rel=1&#038;fs=1&#038;playsinline=0&#038;autohide=2&#038;theme=dark&#038;color=red&#038;controls=1&#038;disablekb=0&#038;\" class=\"__youtube_prefs__  epyt-is-override  no-lazyload\" title=\"YouTube player\"  allow=\"fullscreen; accelerometer; autoplay; clipboard-write; encrypted-media; gyroscope; picture-in-picture; web-share\" referrerpolicy=\"strict-origin-when-cross-origin\" allowfullscreen data-no-lazy=\"1\" data-skipgform_ajax_framebjll=\"\"><\/iframe><\/p>\n<p>El videoclip ha sido rodado en Madrid de la mano de Gus Carballo, quien ya dirigi\u00f3 el videoclip de Say Yay! de Barei, un v\u00eddeo \u00edntimo donde se mostrar\u00e1 la primera vez de un amor, esa inocencia, ilusi\u00f3n e intim\u00edsimo de esa primera vez, \u00a0Alfred ha afirmado que si la canci\u00f3n ya les representa, el videoclip a\u00fan m\u00e1s.<\/p>\n<p>Tambi\u00e9n han realizado la sesi\u00f3n de fotos oficial para Eurovisi\u00f3n 2018, con unos estilismos en blanco y negro y muy actuales, compartiendo esa gran complicidad que hay entre ellos.<\/p>\n<p><img loading=\"lazy\" decoding=\"async\" class=\"alignnone size-medium wp-image-6699\" src=\"http:\/\/www.vivaeurovision.com\/wp-content\/uploads\/2018\/02\/26129207-48A4-451B-A24E-082C6BEE4BEA-300x192.jpeg\" alt=\"Alfred y Amaia eurovision\" width=\"300\" height=\"192\" srcset=\"https:\/\/www.vivaeurovision.com\/wp-content\/uploads\/2018\/02\/26129207-48A4-451B-A24E-082C6BEE4BEA-300x192.jpeg 300w, https:\/\/www.vivaeurovision.com\/wp-content\/uploads\/2018\/02\/26129207-48A4-451B-A24E-082C6BEE4BEA-700x448.jpeg 700w, https:\/\/www.vivaeurovision.com\/wp-content\/uploads\/2018\/02\/26129207-48A4-451B-A24E-082C6BEE4BEA.jpeg 1231w\" sizes=\"auto, (max-width: 300px) 100vw, 300px\" \/><\/p>\n<p>Aqu\u00ed pod\u00e9is ver como se realiz\u00f3 la sesi\u00f3n de fotos.<\/p>\n<p><iframe loading=\"lazy\"  id=\"_ytid_38149\"  width=\"480\" height=\"270\"  data-origwidth=\"480\" data-origheight=\"270\" src=\"https:\/\/www.youtube.com\/embed\/8E2xzz7nW4A?enablejsapi=1&#038;autoplay=0&#038;cc_load_policy=0&#038;cc_lang_pref=&#038;iv_load_policy=1&#038;loop=0&#038;rel=1&#038;fs=1&#038;playsinline=0&#038;autohide=2&#038;theme=dark&#038;color=red&#038;controls=1&#038;disablekb=0&#038;\" class=\"__youtube_prefs__  epyt-is-override  no-lazyload\" title=\"YouTube player\"  allow=\"fullscreen; accelerometer; autoplay; clipboard-write; encrypted-media; gyroscope; picture-in-picture; web-share\" referrerpolicy=\"strict-origin-when-cross-origin\" allowfullscreen data-no-lazy=\"1\" data-skipgform_ajax_framebjll=\"\"><\/iframe><\/p>\n<p>Todo va en marcha para que Alfred y Amaia tengan una gran carta de presentaci\u00f3n ante toda Europa y est\u00e1n trabajando mucho en su candidatura, para poder llevar a lo m\u00e1s alto a Espa\u00f1a en el Festival de Eurovisi\u00f3n 2018, que se celebra el pr\u00f3ximo 12 de mayo. En breve se presentar\u00e1 oficialmente el videoclip junto a la versi\u00f3n definitiva de Tu canci\u00f3n.<\/p>\n<p><img loading=\"lazy\" decoding=\"async\" class=\"alignnone size-medium wp-image-311\" src=\"http:\/\/www.vivaeurovision.com\/wp-content\/uploads\/2016\/01\/image-21-300x165.jpeg\" alt=\"VIVAEUROVISION.COM\" width=\"300\" height=\"165\" srcset=\"https:\/\/www.vivaeurovision.com\/wp-content\/uploads\/2016\/01\/image-21-300x165.jpeg 300w, https:\/\/www.vivaeurovision.com\/wp-content\/uploads\/2016\/01\/image-21-555x305.jpeg 555w, https:\/\/www.vivaeurovision.com\/wp-content\/uploads\/2016\/01\/image-21.jpeg 669w\" sizes=\"auto, (max-width: 300px) 100vw, 300px\" \/><\/p>\n<p>Twitter\u00a0<strong> <a href=\"https:\/\/twitter.com\/viva_eurovision\" target=\"_blank\" rel=\"noopener noreferrer\">@viva_eurovision<\/a>\u00a0 <a href=\"https:\/\/www.facebook.com\/Vivaeurovisioncom-867806686671081\/?fref=nf\" target=\"_blank\" rel=\"noopener noreferrer\">FACEBOOK OFICIAL VIVA EUROVISION <\/a><\/strong>Instragram <strong>\u00a0<\/strong><a href=\"https:\/\/www.instagram.com\/vivaeurovision\/\" target=\"_blank\" rel=\"noopener noreferrer\"><strong>@vivaeurovision<\/strong><\/a><\/p>\n<p>Redactor: Pedro Palomo <a href=\"https:\/\/twitter.com\/pedropalomobcn?lang=es\"><strong>@pedropalomobcn<\/strong><\/a><strong>\u00a0<\/strong>Instagram <a href=\"https:\/\/www.instagram.com\/pedrobcn\/\" target=\"_blank\" rel=\"noopener noreferrer\"><strong>@pedrobcn<\/strong><\/a><\/p>\n<p>Imagenes: RTVE- Alfred y Amaia<\/p>\n","protected":false},"excerpt":{"rendered":"<p>Eurovision 2018 Alfred y Amaia han grabado la versi\u00f3n definitiva de tu canci\u00f3n, adem\u00e1s del videoclip y las fotos promocionales de Eurovisi\u00f3n. Aqui pod\u00e9is ver las im\u00e1genes del making of,&#46;&#46;&#46;<\/p>\n","protected":false},"author":1,"featured_media":6696,"comment_status":"open","ping_status":"closed","sticky":false,"template":"","format":"standard","meta":{"_exactmetrics_skip_tracking":false,"_exactmetrics_sitenote_active":false,"_exactmetrics_sitenote_note":"","_exactmetrics_sitenote_category":0,"footnotes":""},"categories":[6,1195,2144,4,1188,2,2593,875,3],"tags":[2711,2710,2706,2490,2704,2713,2714,2705,17,2145,2502,2287,11,2086,2491,2291,2142,2290,2289,1476,706,1096,34,19,20,766,18,110,2288,2712,2719,2717,2718,23,22],"class_list":["post-6592","post","type-post","status-publish","format-standard","has-post-thumbnail","hentry","category-espana-en-eurovision","category-eurovision-2","category-eurovision-2018","category-eurovision","category-noticia-2","category-noticia","category-operacion-triunfo","category-rincon-vivalamusica","category-ultima-hora","tag-alfred-y-amaia","tag-alfred-y-amaia-eurovision","tag-alfred-y-amaia-tu-cancion","tag-all-aboard","tag-almaia","tag-almaia-eurovision","tag-almaia-eurovision-2018","tag-almaia-tu-cancion","tag-esc","tag-esc-2018","tag-esc-2018-all-aboard","tag-espana-eurovision-2018","tag-eurovision","tag-eurovision-2018","tag-eurovision-all-aboard","tag-eurovision-lisboa","tag-eurovision-lisboa-2018","tag-eurovision-lisbon","tag-eurovision-lisbon-2018","tag-eurovision-song-contest","tag-eurovision-song-contest-festival","tag-festival-de-eurovision","tag-noticia","tag-pedro-palomo","tag-pedro-palomo-eurovision","tag-pedro-palomo-vivaeurovision","tag-rtve","tag-rtve-eurovision","tag-spain-eurovision-2018","tag-tu-cancion","tag-tu-cancion-esc-2018","tag-tu-cancion-eurovision","tag-tu-cancion-eurovision-2018","tag-viva-eurovision","tag-vivaeurovision"],"yoast_head":"<!-- This site is optimized with the Yoast SEO plugin v27.5 - https:\/\/yoast.com\/product\/yoast-seo-wordpress\/ -->\n<title>Ya puedes ver primeras imagenes del videoclip, Tu canci\u00f3n de Alfred y Amaia - VIVAEUROVISION viva eurovision<\/title>\n<meta name=\"description\" content=\"Alfred y Amaia eurovision, eurovision, Alfred y Amaia eurovision 2018, Alfred y Amaia Tu canci\u00f3n, vivaeurovision, vivaeurovision, espa\u00f1a eurovision 2018, spain eurovision 2018\" \/>\n<meta name=\"robots\" content=\"index, follow, max-snippet:-1, max-image-preview:large, max-video-preview:-1\" \/>\n<link rel=\"canonical\" href=\"https:\/\/www.vivaeurovision.com\/index.php\/2018\/02\/18\/6592-eurovision-2018\/\" \/>\n<meta property=\"og:locale\" content=\"es_ES\" \/>\n<meta property=\"og:type\" content=\"article\" \/>\n<meta property=\"og:title\" content=\"Ya puedes ver primeras imagenes del videoclip, Tu canci\u00f3n de Alfred y Amaia - VIVAEUROVISION viva eurovision\" \/>\n<meta property=\"og:description\" content=\"Alfred y Amaia eurovision, eurovision, Alfred y Amaia eurovision 2018, Alfred y Amaia Tu canci\u00f3n, vivaeurovision, vivaeurovision, espa\u00f1a eurovision 2018, spain eurovision 2018\" \/>\n<meta property=\"og:url\" content=\"https:\/\/www.vivaeurovision.com\/index.php\/2018\/02\/18\/6592-eurovision-2018\/\" \/>\n<meta property=\"og:site_name\" content=\"VIVAEUROVISION viva eurovision\" \/>\n<meta property=\"article:published_time\" content=\"2018-02-18T20:33:55+00:00\" \/>\n<meta property=\"og:image\" content=\"https:\/\/www.vivaeurovision.com\/wp-content\/uploads\/2018\/02\/CBAFEC4E-BC7A-4A3E-9F24-D82955CAC07B.jpeg\" \/>\n\t<meta property=\"og:image:width\" content=\"515\" \/>\n\t<meta property=\"og:image:height\" content=\"290\" \/>\n\t<meta property=\"og:image:type\" content=\"image\/jpeg\" \/>\n<meta name=\"author\" content=\"Pedro Palomo\" \/>\n<meta name=\"twitter:card\" content=\"summary_large_image\" \/>\n<meta name=\"twitter:creator\" content=\"@pedropalomobcn\" \/>\n<meta name=\"twitter:label1\" content=\"Escrito por\" \/>\n\t<meta name=\"twitter:data1\" content=\"Pedro Palomo\" \/>\n\t<meta name=\"twitter:label2\" content=\"Tiempo de lectura\" \/>\n\t<meta name=\"twitter:data2\" content=\"2 minutos\" \/>\n<script type=\"application\/ld+json\" class=\"yoast-schema-graph\">{\"@context\":\"https:\\\/\\\/schema.org\",\"@graph\":[{\"@type\":\"Article\",\"@id\":\"https:\\\/\\\/www.vivaeurovision.com\\\/index.php\\\/2018\\\/02\\\/18\\\/6592-eurovision-2018\\\/#article\",\"isPartOf\":{\"@id\":\"https:\\\/\\\/www.vivaeurovision.com\\\/index.php\\\/2018\\\/02\\\/18\\\/6592-eurovision-2018\\\/\"},\"author\":{\"name\":\"Pedro Palomo\",\"@id\":\"https:\\\/\\\/www.vivaeurovision.com\\\/#\\\/schema\\\/person\\\/1d31fdaa3f5f7df556f73d164bd3c47a\"},\"headline\":\"Ya puedes ver primeras imagenes del videoclip, Tu canci\u00f3n de Alfred y Amaia\",\"datePublished\":\"2018-02-18T20:33:55+00:00\",\"mainEntityOfPage\":{\"@id\":\"https:\\\/\\\/www.vivaeurovision.com\\\/index.php\\\/2018\\\/02\\\/18\\\/6592-eurovision-2018\\\/\"},\"wordCount\":387,\"commentCount\":0,\"publisher\":{\"@id\":\"https:\\\/\\\/www.vivaeurovision.com\\\/#organization\"},\"image\":{\"@id\":\"https:\\\/\\\/www.vivaeurovision.com\\\/index.php\\\/2018\\\/02\\\/18\\\/6592-eurovision-2018\\\/#primaryimage\"},\"thumbnailUrl\":\"https:\\\/\\\/www.vivaeurovision.com\\\/wp-content\\\/uploads\\\/2018\\\/02\\\/CBAFEC4E-BC7A-4A3E-9F24-D82955CAC07B.jpeg\",\"keywords\":[\"alfred y amaia\",\"alfred y amaia eurovision\",\"Alfred y Amaia tu canci\u00f3n\",\"all aboard\",\"Almaia\",\"Almaia eurovision\",\"Almaia Eurovisi\u00f3n 2018\",\"Almaia tu canci\u00f3n\",\"ESC\",\"esc 2018\",\"Esc 2018 all aboard\",\"espa\u00f1a eurovision 2018\",\"Eurovision\",\"eurovision 2018\",\"Eurovision all aboard\",\"eurovision lisboa\",\"eurovision Lisboa 2018\",\"eurovision lisbon\",\"eurovision lisbon 2018\",\"eurovision song contest\",\"eurovision song contest festival\",\"Festival de Eurovisi\u00f3n\",\"Noticia\",\"Pedro Palomo\",\"Pedro Palomo Eurovision\",\"Pedro Palomo Vivaeurovision\",\"RTVE\",\"Rtve EUROVISION\",\"spain eurovision 2018\",\"tu cancion\",\"tu cancion esc 2018\",\"tu cancion eurovision\",\"tu cancion eurovision 2018\",\"viva eurovision\",\"vivaeurovision\"],\"articleSection\":[\"Espa\u00f1a en Eurovisi\u00f3n\",\"eurovision\",\"eurovision 2018\",\"Inicio\",\"Noticia\",\"Noticias\",\"operacion triunfo\",\"Rinc\u00f3n VIVALAMUSICA\",\"Ultima Hora\"],\"inLanguage\":\"es\",\"potentialAction\":[{\"@type\":\"CommentAction\",\"name\":\"Comment\",\"target\":[\"https:\\\/\\\/www.vivaeurovision.com\\\/index.php\\\/2018\\\/02\\\/18\\\/6592-eurovision-2018\\\/#respond\"]}]},{\"@type\":\"WebPage\",\"@id\":\"https:\\\/\\\/www.vivaeurovision.com\\\/index.php\\\/2018\\\/02\\\/18\\\/6592-eurovision-2018\\\/\",\"url\":\"https:\\\/\\\/www.vivaeurovision.com\\\/index.php\\\/2018\\\/02\\\/18\\\/6592-eurovision-2018\\\/\",\"name\":\"Ya puedes ver primeras imagenes del videoclip, Tu canci\u00f3n de Alfred y Amaia - VIVAEUROVISION viva eurovision\",\"isPartOf\":{\"@id\":\"https:\\\/\\\/www.vivaeurovision.com\\\/#website\"},\"primaryImageOfPage\":{\"@id\":\"https:\\\/\\\/www.vivaeurovision.com\\\/index.php\\\/2018\\\/02\\\/18\\\/6592-eurovision-2018\\\/#primaryimage\"},\"image\":{\"@id\":\"https:\\\/\\\/www.vivaeurovision.com\\\/index.php\\\/2018\\\/02\\\/18\\\/6592-eurovision-2018\\\/#primaryimage\"},\"thumbnailUrl\":\"https:\\\/\\\/www.vivaeurovision.com\\\/wp-content\\\/uploads\\\/2018\\\/02\\\/CBAFEC4E-BC7A-4A3E-9F24-D82955CAC07B.jpeg\",\"datePublished\":\"2018-02-18T20:33:55+00:00\",\"description\":\"Alfred y Amaia eurovision, eurovision, Alfred y Amaia eurovision 2018, Alfred y Amaia Tu canci\u00f3n, vivaeurovision, vivaeurovision, espa\u00f1a eurovision 2018, spain eurovision 2018\",\"breadcrumb\":{\"@id\":\"https:\\\/\\\/www.vivaeurovision.com\\\/index.php\\\/2018\\\/02\\\/18\\\/6592-eurovision-2018\\\/#breadcrumb\"},\"inLanguage\":\"es\",\"potentialAction\":[{\"@type\":\"ReadAction\",\"target\":[\"https:\\\/\\\/www.vivaeurovision.com\\\/index.php\\\/2018\\\/02\\\/18\\\/6592-eurovision-2018\\\/\"]}]},{\"@type\":\"ImageObject\",\"inLanguage\":\"es\",\"@id\":\"https:\\\/\\\/www.vivaeurovision.com\\\/index.php\\\/2018\\\/02\\\/18\\\/6592-eurovision-2018\\\/#primaryimage\",\"url\":\"https:\\\/\\\/www.vivaeurovision.com\\\/wp-content\\\/uploads\\\/2018\\\/02\\\/CBAFEC4E-BC7A-4A3E-9F24-D82955CAC07B.jpeg\",\"contentUrl\":\"https:\\\/\\\/www.vivaeurovision.com\\\/wp-content\\\/uploads\\\/2018\\\/02\\\/CBAFEC4E-BC7A-4A3E-9F24-D82955CAC07B.jpeg\",\"width\":515,\"height\":290,\"caption\":\"eurovision\"},{\"@type\":\"BreadcrumbList\",\"@id\":\"https:\\\/\\\/www.vivaeurovision.com\\\/index.php\\\/2018\\\/02\\\/18\\\/6592-eurovision-2018\\\/#breadcrumb\",\"itemListElement\":[{\"@type\":\"ListItem\",\"position\":1,\"name\":\"Portada\",\"item\":\"https:\\\/\\\/www.vivaeurovision.com\\\/\"},{\"@type\":\"ListItem\",\"position\":2,\"name\":\"Ya puedes ver primeras imagenes del videoclip, Tu canci\u00f3n de Alfred y Amaia\"}]},{\"@type\":\"WebSite\",\"@id\":\"https:\\\/\\\/www.vivaeurovision.com\\\/#website\",\"url\":\"https:\\\/\\\/www.vivaeurovision.com\\\/\",\"name\":\"VIVAEUROVISION viva eurovision\",\"description\":\"Tu portal sobre el Festival de Eurovision, eurovision, eurovisi\u00f3n\",\"publisher\":{\"@id\":\"https:\\\/\\\/www.vivaeurovision.com\\\/#organization\"},\"potentialAction\":[{\"@type\":\"SearchAction\",\"target\":{\"@type\":\"EntryPoint\",\"urlTemplate\":\"https:\\\/\\\/www.vivaeurovision.com\\\/?s={search_term_string}\"},\"query-input\":{\"@type\":\"PropertyValueSpecification\",\"valueRequired\":true,\"valueName\":\"search_term_string\"}}],\"inLanguage\":\"es\"},{\"@type\":\"Organization\",\"@id\":\"https:\\\/\\\/www.vivaeurovision.com\\\/#organization\",\"name\":\"vivaeurovision\",\"url\":\"https:\\\/\\\/www.vivaeurovision.com\\\/\",\"logo\":{\"@type\":\"ImageObject\",\"inLanguage\":\"es\",\"@id\":\"https:\\\/\\\/www.vivaeurovision.com\\\/#\\\/schema\\\/logo\\\/image\\\/\",\"url\":\"https:\\\/\\\/www.vivaeurovision.com\\\/wp-content\\\/uploads\\\/2016\\\/01\\\/cropped-image-21-1.jpeg\",\"contentUrl\":\"https:\\\/\\\/www.vivaeurovision.com\\\/wp-content\\\/uploads\\\/2016\\\/01\\\/cropped-image-21-1.jpeg\",\"width\":669,\"height\":368,\"caption\":\"vivaeurovision\"},\"image\":{\"@id\":\"https:\\\/\\\/www.vivaeurovision.com\\\/#\\\/schema\\\/logo\\\/image\\\/\"}},{\"@type\":\"Person\",\"@id\":\"https:\\\/\\\/www.vivaeurovision.com\\\/#\\\/schema\\\/person\\\/1d31fdaa3f5f7df556f73d164bd3c47a\",\"name\":\"Pedro Palomo\",\"image\":{\"@type\":\"ImageObject\",\"inLanguage\":\"es\",\"@id\":\"https:\\\/\\\/secure.gravatar.com\\\/avatar\\\/4cf9a4877f5f71f44fb7cedbe1bac1bd28bd8ce7a217517d98d5b2117f9f5505?s=96&d=mm&r=g\",\"url\":\"https:\\\/\\\/secure.gravatar.com\\\/avatar\\\/4cf9a4877f5f71f44fb7cedbe1bac1bd28bd8ce7a217517d98d5b2117f9f5505?s=96&d=mm&r=g\",\"contentUrl\":\"https:\\\/\\\/secure.gravatar.com\\\/avatar\\\/4cf9a4877f5f71f44fb7cedbe1bac1bd28bd8ce7a217517d98d5b2117f9f5505?s=96&d=mm&r=g\",\"caption\":\"Pedro Palomo\"},\"sameAs\":[\"http:\\\/\\\/www.vivaeurovision.com\",\"@pedrobcn\",\"https:\\\/\\\/x.com\\\/@pedropalomobcn\"]}]}<\/script>\n<!-- \/ Yoast SEO plugin. -->","yoast_head_json":{"title":"Ya puedes ver primeras imagenes del videoclip, Tu canci\u00f3n de Alfred y Amaia - VIVAEUROVISION viva eurovision","description":"Alfred y Amaia eurovision, eurovision, Alfred y Amaia eurovision 2018, Alfred y Amaia Tu canci\u00f3n, vivaeurovision, vivaeurovision, espa\u00f1a eurovision 2018, spain eurovision 2018","robots":{"index":"index","follow":"follow","max-snippet":"max-snippet:-1","max-image-preview":"max-image-preview:large","max-video-preview":"max-video-preview:-1"},"canonical":"https:\/\/www.vivaeurovision.com\/index.php\/2018\/02\/18\/6592-eurovision-2018\/","og_locale":"es_ES","og_type":"article","og_title":"Ya puedes ver primeras imagenes del videoclip, Tu canci\u00f3n de Alfred y Amaia - VIVAEUROVISION viva eurovision","og_description":"Alfred y Amaia eurovision, eurovision, Alfred y Amaia eurovision 2018, Alfred y Amaia Tu canci\u00f3n, vivaeurovision, vivaeurovision, espa\u00f1a eurovision 2018, spain eurovision 2018","og_url":"https:\/\/www.vivaeurovision.com\/index.php\/2018\/02\/18\/6592-eurovision-2018\/","og_site_name":"VIVAEUROVISION viva eurovision","article_published_time":"2018-02-18T20:33:55+00:00","og_image":[{"width":515,"height":290,"url":"https:\/\/www.vivaeurovision.com\/wp-content\/uploads\/2018\/02\/CBAFEC4E-BC7A-4A3E-9F24-D82955CAC07B.jpeg","type":"image\/jpeg"}],"author":"Pedro Palomo","twitter_card":"summary_large_image","twitter_creator":"@pedropalomobcn","twitter_misc":{"Escrito por":"Pedro Palomo","Tiempo de lectura":"2 minutos"},"schema":{"@context":"https:\/\/schema.org","@graph":[{"@type":"Article","@id":"https:\/\/www.vivaeurovision.com\/index.php\/2018\/02\/18\/6592-eurovision-2018\/#article","isPartOf":{"@id":"https:\/\/www.vivaeurovision.com\/index.php\/2018\/02\/18\/6592-eurovision-2018\/"},"author":{"name":"Pedro Palomo","@id":"https:\/\/www.vivaeurovision.com\/#\/schema\/person\/1d31fdaa3f5f7df556f73d164bd3c47a"},"headline":"Ya puedes ver primeras imagenes del videoclip, Tu canci\u00f3n de Alfred y Amaia","datePublished":"2018-02-18T20:33:55+00:00","mainEntityOfPage":{"@id":"https:\/\/www.vivaeurovision.com\/index.php\/2018\/02\/18\/6592-eurovision-2018\/"},"wordCount":387,"commentCount":0,"publisher":{"@id":"https:\/\/www.vivaeurovision.com\/#organization"},"image":{"@id":"https:\/\/www.vivaeurovision.com\/index.php\/2018\/02\/18\/6592-eurovision-2018\/#primaryimage"},"thumbnailUrl":"https:\/\/www.vivaeurovision.com\/wp-content\/uploads\/2018\/02\/CBAFEC4E-BC7A-4A3E-9F24-D82955CAC07B.jpeg","keywords":["alfred y amaia","alfred y amaia eurovision","Alfred y Amaia tu canci\u00f3n","all aboard","Almaia","Almaia eurovision","Almaia Eurovisi\u00f3n 2018","Almaia tu canci\u00f3n","ESC","esc 2018","Esc 2018 all aboard","espa\u00f1a eurovision 2018","Eurovision","eurovision 2018","Eurovision all aboard","eurovision lisboa","eurovision Lisboa 2018","eurovision lisbon","eurovision lisbon 2018","eurovision song contest","eurovision song contest festival","Festival de Eurovisi\u00f3n","Noticia","Pedro Palomo","Pedro Palomo Eurovision","Pedro Palomo Vivaeurovision","RTVE","Rtve EUROVISION","spain eurovision 2018","tu cancion","tu cancion esc 2018","tu cancion eurovision","tu cancion eurovision 2018","viva eurovision","vivaeurovision"],"articleSection":["Espa\u00f1a en Eurovisi\u00f3n","eurovision","eurovision 2018","Inicio","Noticia","Noticias","operacion triunfo","Rinc\u00f3n VIVALAMUSICA","Ultima Hora"],"inLanguage":"es","potentialAction":[{"@type":"CommentAction","name":"Comment","target":["https:\/\/www.vivaeurovision.com\/index.php\/2018\/02\/18\/6592-eurovision-2018\/#respond"]}]},{"@type":"WebPage","@id":"https:\/\/www.vivaeurovision.com\/index.php\/2018\/02\/18\/6592-eurovision-2018\/","url":"https:\/\/www.vivaeurovision.com\/index.php\/2018\/02\/18\/6592-eurovision-2018\/","name":"Ya puedes ver primeras imagenes del videoclip, Tu canci\u00f3n de Alfred y Amaia - VIVAEUROVISION viva eurovision","isPartOf":{"@id":"https:\/\/www.vivaeurovision.com\/#website"},"primaryImageOfPage":{"@id":"https:\/\/www.vivaeurovision.com\/index.php\/2018\/02\/18\/6592-eurovision-2018\/#primaryimage"},"image":{"@id":"https:\/\/www.vivaeurovision.com\/index.php\/2018\/02\/18\/6592-eurovision-2018\/#primaryimage"},"thumbnailUrl":"https:\/\/www.vivaeurovision.com\/wp-content\/uploads\/2018\/02\/CBAFEC4E-BC7A-4A3E-9F24-D82955CAC07B.jpeg","datePublished":"2018-02-18T20:33:55+00:00","description":"Alfred y Amaia eurovision, eurovision, Alfred y Amaia eurovision 2018, Alfred y Amaia Tu canci\u00f3n, vivaeurovision, vivaeurovision, espa\u00f1a eurovision 2018, spain eurovision 2018","breadcrumb":{"@id":"https:\/\/www.vivaeurovision.com\/index.php\/2018\/02\/18\/6592-eurovision-2018\/#breadcrumb"},"inLanguage":"es","potentialAction":[{"@type":"ReadAction","target":["https:\/\/www.vivaeurovision.com\/index.php\/2018\/02\/18\/6592-eurovision-2018\/"]}]},{"@type":"ImageObject","inLanguage":"es","@id":"https:\/\/www.vivaeurovision.com\/index.php\/2018\/02\/18\/6592-eurovision-2018\/#primaryimage","url":"https:\/\/www.vivaeurovision.com\/wp-content\/uploads\/2018\/02\/CBAFEC4E-BC7A-4A3E-9F24-D82955CAC07B.jpeg","contentUrl":"https:\/\/www.vivaeurovision.com\/wp-content\/uploads\/2018\/02\/CBAFEC4E-BC7A-4A3E-9F24-D82955CAC07B.jpeg","width":515,"height":290,"caption":"eurovision"},{"@type":"BreadcrumbList","@id":"https:\/\/www.vivaeurovision.com\/index.php\/2018\/02\/18\/6592-eurovision-2018\/#breadcrumb","itemListElement":[{"@type":"ListItem","position":1,"name":"Portada","item":"https:\/\/www.vivaeurovision.com\/"},{"@type":"ListItem","position":2,"name":"Ya puedes ver primeras imagenes del videoclip, Tu canci\u00f3n de Alfred y Amaia"}]},{"@type":"WebSite","@id":"https:\/\/www.vivaeurovision.com\/#website","url":"https:\/\/www.vivaeurovision.com\/","name":"VIVAEUROVISION viva eurovision","description":"Tu portal sobre el Festival de Eurovision, eurovision, eurovisi\u00f3n","publisher":{"@id":"https:\/\/www.vivaeurovision.com\/#organization"},"potentialAction":[{"@type":"SearchAction","target":{"@type":"EntryPoint","urlTemplate":"https:\/\/www.vivaeurovision.com\/?s={search_term_string}"},"query-input":{"@type":"PropertyValueSpecification","valueRequired":true,"valueName":"search_term_string"}}],"inLanguage":"es"},{"@type":"Organization","@id":"https:\/\/www.vivaeurovision.com\/#organization","name":"vivaeurovision","url":"https:\/\/www.vivaeurovision.com\/","logo":{"@type":"ImageObject","inLanguage":"es","@id":"https:\/\/www.vivaeurovision.com\/#\/schema\/logo\/image\/","url":"https:\/\/www.vivaeurovision.com\/wp-content\/uploads\/2016\/01\/cropped-image-21-1.jpeg","contentUrl":"https:\/\/www.vivaeurovision.com\/wp-content\/uploads\/2016\/01\/cropped-image-21-1.jpeg","width":669,"height":368,"caption":"vivaeurovision"},"image":{"@id":"https:\/\/www.vivaeurovision.com\/#\/schema\/logo\/image\/"}},{"@type":"Person","@id":"https:\/\/www.vivaeurovision.com\/#\/schema\/person\/1d31fdaa3f5f7df556f73d164bd3c47a","name":"Pedro Palomo","image":{"@type":"ImageObject","inLanguage":"es","@id":"https:\/\/secure.gravatar.com\/avatar\/4cf9a4877f5f71f44fb7cedbe1bac1bd28bd8ce7a217517d98d5b2117f9f5505?s=96&d=mm&r=g","url":"https:\/\/secure.gravatar.com\/avatar\/4cf9a4877f5f71f44fb7cedbe1bac1bd28bd8ce7a217517d98d5b2117f9f5505?s=96&d=mm&r=g","contentUrl":"https:\/\/secure.gravatar.com\/avatar\/4cf9a4877f5f71f44fb7cedbe1bac1bd28bd8ce7a217517d98d5b2117f9f5505?s=96&d=mm&r=g","caption":"Pedro Palomo"},"sameAs":["http:\/\/www.vivaeurovision.com","@pedrobcn","https:\/\/x.com\/@pedropalomobcn"]}]}},"_links":{"self":[{"href":"https:\/\/www.vivaeurovision.com\/index.php\/wp-json\/wp\/v2\/posts\/6592","targetHints":{"allow":["GET"]}}],"collection":[{"href":"https:\/\/www.vivaeurovision.com\/index.php\/wp-json\/wp\/v2\/posts"}],"about":[{"href":"https:\/\/www.vivaeurovision.com\/index.php\/wp-json\/wp\/v2\/types\/post"}],"author":[{"embeddable":true,"href":"https:\/\/www.vivaeurovision.com\/index.php\/wp-json\/wp\/v2\/users\/1"}],"replies":[{"embeddable":true,"href":"https:\/\/www.vivaeurovision.com\/index.php\/wp-json\/wp\/v2\/comments?post=6592"}],"version-history":[{"count":2,"href":"https:\/\/www.vivaeurovision.com\/index.php\/wp-json\/wp\/v2\/posts\/6592\/revisions"}],"predecessor-version":[{"id":6701,"href":"https:\/\/www.vivaeurovision.com\/index.php\/wp-json\/wp\/v2\/posts\/6592\/revisions\/6701"}],"wp:featuredmedia":[{"embeddable":true,"href":"https:\/\/www.vivaeurovision.com\/index.php\/wp-json\/wp\/v2\/media\/6696"}],"wp:attachment":[{"href":"https:\/\/www.vivaeurovision.com\/index.php\/wp-json\/wp\/v2\/media?parent=6592"}],"wp:term":[{"taxonomy":"category","embeddable":true,"href":"https:\/\/www.vivaeurovision.com\/index.php\/wp-json\/wp\/v2\/categories?post=6592"},{"taxonomy":"post_tag","embeddable":true,"href":"https:\/\/www.vivaeurovision.com\/index.php\/wp-json\/wp\/v2\/tags?post=6592"}],"curies":[{"name":"wp","href":"https:\/\/api.w.org\/{rel}","templated":true}]}}