{"id":66,"date":"2016-01-14T22:27:13","date_gmt":"2016-01-14T22:27:13","guid":{"rendered":"http:\/\/www.vivaeurovision.com\/?p=66"},"modified":"2016-01-19T22:40:28","modified_gmt":"2016-01-19T22:40:28","slug":"podcast-de-mision-eurovision","status":"publish","type":"post","link":"https:\/\/www.vivaeurovision.com\/index.php\/2016\/01\/14\/podcast-de-mision-eurovision\/","title":{"rendered":"YA PODEIS ESCUCHAR EL PODCAST N\u00ba 82 DE MISION EUROVISION"},"content":{"rendered":"<p><img loading=\"lazy\" decoding=\"async\" class=\"alignnone size-medium wp-image-67\" src=\"http:\/\/www.vivaeurovision.com\/wp-content\/uploads\/2016\/01\/mision-eurovision-300x300.png\" alt=\"mision eurovision\" width=\"300\" height=\"300\" srcset=\"https:\/\/www.vivaeurovision.com\/wp-content\/uploads\/2016\/01\/mision-eurovision-300x300.png 300w, https:\/\/www.vivaeurovision.com\/wp-content\/uploads\/2016\/01\/mision-eurovision-150x150.png 150w, https:\/\/www.vivaeurovision.com\/wp-content\/uploads\/2016\/01\/mision-eurovision.png 400w\" sizes=\"auto, (max-width: 300px) 100vw, 300px\" \/><\/p>\n<p>Los compa\u00f1eros <strong>Juan Calandria, Gory Col\u00e1s, David Aguilar, Jorge P\u00e9rez,\u00a0Jos\u00e9 Antonio Ayala y ocasionalmente Luis Mallen<\/strong>, han realizado su tradicional podcast de <strong>Mision Eurovision<\/strong>\u00a0en <a href=\"http:\/\/eurovisiontimes.com\/tag\/radio\/\" target=\"_blank\"><span style=\"color: #337ab7;\">http:\/\/eurovisiontimes.com\/tag\/radio\/<\/span><\/a>\u00a0donde han repasado las ultimas novedades sobre el Festival de Eurovisi\u00f3n como la canci\u00f3n de Albania, el representante Nicky Byrne de Irlanda\u00a0o los candidatos que estar\u00e1n presentes en la gala de TVE para representar a Espa\u00f1a en el Festival de Eurovisi\u00f3n 2016.<\/p>\n<p><strong><a href=\"http:\/\/Los compa\u00f1eros Juan Calandria, Lu\u00eds Mall\u00e9n, Gory Col\u00e1s y Jos\u00e9 Antonio Ayala, han realizado su tradicional podcast de Mision Eurovision en http:\/\/eurovisiontimes.com\/tag\/radio\/ donde han repasado las ultimas novedades sobre el Festival de Eurovisi\u00f3n como la canci\u00f3n de Albania o los candidatos que estar\u00e1n presentes en la gala de TVE para representar a Espa\u00f1a en el Festival de Eurovisi\u00f3n 2016.\" target=\"_blank\">Escucha aqui el Podcast<\/a><\/strong><\/p>\n<p>Agradecemos desde VIVAEUROVISION la menci\u00f3n y en el pr\u00f3ximo podcast Pedro Palomo estar\u00e1 con ellos en representaci\u00f3n de VIVAEUROSION<\/p>\n<p>Enlace directo de la web EUROVISION PLANET<\/p>\n<p><img loading=\"lazy\" decoding=\"async\" class=\"alignnone size-medium wp-image-68\" src=\"http:\/\/www.vivaeurovision.com\/wp-content\/uploads\/2016\/01\/2500-200-300x92.jpg\" alt=\"2500-200\" width=\"300\" height=\"92\" srcset=\"https:\/\/www.vivaeurovision.com\/wp-content\/uploads\/2016\/01\/2500-200-300x92.jpg 300w, https:\/\/www.vivaeurovision.com\/wp-content\/uploads\/2016\/01\/2500-200-768x237.jpg 768w, https:\/\/www.vivaeurovision.com\/wp-content\/uploads\/2016\/01\/2500-200-1024x315.jpg 1024w\" sizes=\"auto, (max-width: 300px) 100vw, 300px\" \/><\/p>\n<p><a href=\"http:\/\/www.eurovisionplanet.com\/el-podcast-mision-eurovision-se-decanta-por-electric-nana\/\" target=\"_blank\">EUROVISION PLANET<\/a><\/p>\n<p>Twitter\u00a0<strong> <a href=\"https:\/\/twitter.com\/viva_eurovision\" target=\"_blank\">@viva_eurovision<\/a>\u00a0 <a href=\"https:\/\/www.facebook.com\/Vivaeurovisioncom-867806686671081\/?fref=nf\" target=\"_blank\">FACEBOOK OFICIAL VIVA EUROVISION <\/a><\/strong><\/p>\n<p>Redactor: Pedro PalomoRedactor: Pedro Palomo Twitter <strong><a href=\"https:\/\/twitter.com\/pedropalomobcn?lang=es\" target=\"_blank\">@pedropalomobcn<\/a><\/strong><\/p>\n","protected":false},"excerpt":{"rendered":"<p>Los compa\u00f1eros Juan Calandria, Gory Col\u00e1s, David Aguilar, Jorge P\u00e9rez,\u00a0Jos\u00e9 Antonio Ayala y ocasionalmente Luis Mallen, han realizado su tradicional podcast de Mision Eurovision\u00a0en http:\/\/eurovisiontimes.com\/tag\/radio\/\u00a0donde han repasado las ultimas novedades&#46;&#46;&#46;<\/p>\n","protected":false},"author":1,"featured_media":67,"comment_status":"open","ping_status":"open","sticky":false,"template":"","format":"standard","meta":{"_exactmetrics_skip_tracking":false,"_exactmetrics_sitenote_active":false,"_exactmetrics_sitenote_note":"","_exactmetrics_sitenote_category":0,"footnotes":""},"categories":[4,2,3],"tags":[30,11,12,37,38,36,19,20,39,23,22],"class_list":["post-66","post","type-post","status-publish","format-standard","has-post-thumbnail","hentry","category-eurovision","category-noticia","category-ultima-hora","tag-esc-2016","tag-eurovision","tag-eurovision-2016","tag-eurovision-planet","tag-eurovision-times-radio","tag-mision-eurovision","tag-pedro-palomo","tag-pedro-palomo-eurovision","tag-podcast-mision-eurovison","tag-viva-eurovision","tag-vivaeurovision"],"yoast_head":"<!-- This site is optimized with the Yoast SEO plugin v27.5 - https:\/\/yoast.com\/product\/yoast-seo-wordpress\/ -->\n<title>YA PODEIS ESCUCHAR EL PODCAST N\u00ba 82 DE MISION EUROVISION - VIVAEUROVISION viva eurovision<\/title>\n<meta name=\"robots\" content=\"index, follow, max-snippet:-1, max-image-preview:large, max-video-preview:-1\" \/>\n<link rel=\"canonical\" href=\"https:\/\/www.vivaeurovision.com\/index.php\/2016\/01\/14\/podcast-de-mision-eurovision\/\" \/>\n<meta property=\"og:locale\" content=\"es_ES\" \/>\n<meta property=\"og:type\" content=\"article\" \/>\n<meta property=\"og:title\" content=\"YA PODEIS ESCUCHAR EL PODCAST N\u00ba 82 DE MISION EUROVISION - VIVAEUROVISION viva eurovision\" \/>\n<meta property=\"og:description\" content=\"Los compa\u00f1eros Juan Calandria, Gory Col\u00e1s, David Aguilar, Jorge P\u00e9rez,\u00a0Jos\u00e9 Antonio Ayala y ocasionalmente Luis Mallen, han realizado su tradicional podcast de Mision Eurovision\u00a0en http:\/\/eurovisiontimes.com\/tag\/radio\/\u00a0donde han repasado las ultimas novedades&#046;&#046;&#046;\" \/>\n<meta property=\"og:url\" content=\"https:\/\/www.vivaeurovision.com\/index.php\/2016\/01\/14\/podcast-de-mision-eurovision\/\" \/>\n<meta property=\"og:site_name\" content=\"VIVAEUROVISION viva eurovision\" \/>\n<meta property=\"article:published_time\" content=\"2016-01-14T22:27:13+00:00\" \/>\n<meta property=\"article:modified_time\" content=\"2016-01-19T22:40:28+00:00\" \/>\n<meta property=\"og:image\" content=\"https:\/\/www.vivaeurovision.com\/wp-content\/uploads\/2016\/01\/mision-eurovision.png\" \/>\n\t<meta property=\"og:image:width\" content=\"400\" \/>\n\t<meta property=\"og:image:height\" content=\"400\" \/>\n\t<meta property=\"og:image:type\" content=\"image\/png\" \/>\n<meta name=\"author\" content=\"Pedro Palomo\" \/>\n<meta name=\"twitter:card\" content=\"summary_large_image\" \/>\n<meta name=\"twitter:creator\" content=\"@pedropalomobcn\" \/>\n<meta name=\"twitter:label1\" content=\"Escrito por\" \/>\n\t<meta name=\"twitter:data1\" content=\"Pedro Palomo\" \/>\n\t<meta name=\"twitter:label2\" content=\"Tiempo de lectura\" \/>\n\t<meta name=\"twitter:data2\" content=\"1 minuto\" \/>\n<script type=\"application\/ld+json\" class=\"yoast-schema-graph\">{\"@context\":\"https:\\\/\\\/schema.org\",\"@graph\":[{\"@type\":\"Article\",\"@id\":\"https:\\\/\\\/www.vivaeurovision.com\\\/index.php\\\/2016\\\/01\\\/14\\\/podcast-de-mision-eurovision\\\/#article\",\"isPartOf\":{\"@id\":\"https:\\\/\\\/www.vivaeurovision.com\\\/index.php\\\/2016\\\/01\\\/14\\\/podcast-de-mision-eurovision\\\/\"},\"author\":{\"name\":\"Pedro Palomo\",\"@id\":\"https:\\\/\\\/www.vivaeurovision.com\\\/#\\\/schema\\\/person\\\/1d31fdaa3f5f7df556f73d164bd3c47a\"},\"headline\":\"YA PODEIS ESCUCHAR EL PODCAST N\u00ba 82 DE MISION EUROVISION\",\"datePublished\":\"2016-01-14T22:27:13+00:00\",\"dateModified\":\"2016-01-19T22:40:28+00:00\",\"mainEntityOfPage\":{\"@id\":\"https:\\\/\\\/www.vivaeurovision.com\\\/index.php\\\/2016\\\/01\\\/14\\\/podcast-de-mision-eurovision\\\/\"},\"wordCount\":139,\"commentCount\":0,\"publisher\":{\"@id\":\"https:\\\/\\\/www.vivaeurovision.com\\\/#organization\"},\"image\":{\"@id\":\"https:\\\/\\\/www.vivaeurovision.com\\\/index.php\\\/2016\\\/01\\\/14\\\/podcast-de-mision-eurovision\\\/#primaryimage\"},\"thumbnailUrl\":\"https:\\\/\\\/www.vivaeurovision.com\\\/wp-content\\\/uploads\\\/2016\\\/01\\\/mision-eurovision.png\",\"keywords\":[\"Esc 2016\",\"Eurovision\",\"Eurovisi\u00f3n 2016\",\"Eurovision Planet\",\"Eurovision Times Radio\",\"Mision Eurovision\",\"Pedro Palomo\",\"Pedro Palomo Eurovision\",\"Podcast Mision Eurovison\",\"viva eurovision\",\"vivaeurovision\"],\"articleSection\":[\"Inicio\",\"Noticias\",\"Ultima Hora\"],\"inLanguage\":\"es\",\"potentialAction\":[{\"@type\":\"CommentAction\",\"name\":\"Comment\",\"target\":[\"https:\\\/\\\/www.vivaeurovision.com\\\/index.php\\\/2016\\\/01\\\/14\\\/podcast-de-mision-eurovision\\\/#respond\"]}]},{\"@type\":\"WebPage\",\"@id\":\"https:\\\/\\\/www.vivaeurovision.com\\\/index.php\\\/2016\\\/01\\\/14\\\/podcast-de-mision-eurovision\\\/\",\"url\":\"https:\\\/\\\/www.vivaeurovision.com\\\/index.php\\\/2016\\\/01\\\/14\\\/podcast-de-mision-eurovision\\\/\",\"name\":\"YA PODEIS ESCUCHAR EL PODCAST N\u00ba 82 DE MISION EUROVISION - VIVAEUROVISION viva eurovision\",\"isPartOf\":{\"@id\":\"https:\\\/\\\/www.vivaeurovision.com\\\/#website\"},\"primaryImageOfPage\":{\"@id\":\"https:\\\/\\\/www.vivaeurovision.com\\\/index.php\\\/2016\\\/01\\\/14\\\/podcast-de-mision-eurovision\\\/#primaryimage\"},\"image\":{\"@id\":\"https:\\\/\\\/www.vivaeurovision.com\\\/index.php\\\/2016\\\/01\\\/14\\\/podcast-de-mision-eurovision\\\/#primaryimage\"},\"thumbnailUrl\":\"https:\\\/\\\/www.vivaeurovision.com\\\/wp-content\\\/uploads\\\/2016\\\/01\\\/mision-eurovision.png\",\"datePublished\":\"2016-01-14T22:27:13+00:00\",\"dateModified\":\"2016-01-19T22:40:28+00:00\",\"breadcrumb\":{\"@id\":\"https:\\\/\\\/www.vivaeurovision.com\\\/index.php\\\/2016\\\/01\\\/14\\\/podcast-de-mision-eurovision\\\/#breadcrumb\"},\"inLanguage\":\"es\",\"potentialAction\":[{\"@type\":\"ReadAction\",\"target\":[\"https:\\\/\\\/www.vivaeurovision.com\\\/index.php\\\/2016\\\/01\\\/14\\\/podcast-de-mision-eurovision\\\/\"]}]},{\"@type\":\"ImageObject\",\"inLanguage\":\"es\",\"@id\":\"https:\\\/\\\/www.vivaeurovision.com\\\/index.php\\\/2016\\\/01\\\/14\\\/podcast-de-mision-eurovision\\\/#primaryimage\",\"url\":\"https:\\\/\\\/www.vivaeurovision.com\\\/wp-content\\\/uploads\\\/2016\\\/01\\\/mision-eurovision.png\",\"contentUrl\":\"https:\\\/\\\/www.vivaeurovision.com\\\/wp-content\\\/uploads\\\/2016\\\/01\\\/mision-eurovision.png\",\"width\":400,\"height\":400},{\"@type\":\"BreadcrumbList\",\"@id\":\"https:\\\/\\\/www.vivaeurovision.com\\\/index.php\\\/2016\\\/01\\\/14\\\/podcast-de-mision-eurovision\\\/#breadcrumb\",\"itemListElement\":[{\"@type\":\"ListItem\",\"position\":1,\"name\":\"Portada\",\"item\":\"https:\\\/\\\/www.vivaeurovision.com\\\/\"},{\"@type\":\"ListItem\",\"position\":2,\"name\":\"YA PODEIS ESCUCHAR EL PODCAST N\u00ba 82 DE MISION EUROVISION\"}]},{\"@type\":\"WebSite\",\"@id\":\"https:\\\/\\\/www.vivaeurovision.com\\\/#website\",\"url\":\"https:\\\/\\\/www.vivaeurovision.com\\\/\",\"name\":\"VIVAEUROVISION viva eurovision\",\"description\":\"Tu portal sobre el Festival de Eurovision, eurovision, eurovisi\u00f3n\",\"publisher\":{\"@id\":\"https:\\\/\\\/www.vivaeurovision.com\\\/#organization\"},\"potentialAction\":[{\"@type\":\"SearchAction\",\"target\":{\"@type\":\"EntryPoint\",\"urlTemplate\":\"https:\\\/\\\/www.vivaeurovision.com\\\/?s={search_term_string}\"},\"query-input\":{\"@type\":\"PropertyValueSpecification\",\"valueRequired\":true,\"valueName\":\"search_term_string\"}}],\"inLanguage\":\"es\"},{\"@type\":\"Organization\",\"@id\":\"https:\\\/\\\/www.vivaeurovision.com\\\/#organization\",\"name\":\"vivaeurovision\",\"url\":\"https:\\\/\\\/www.vivaeurovision.com\\\/\",\"logo\":{\"@type\":\"ImageObject\",\"inLanguage\":\"es\",\"@id\":\"https:\\\/\\\/www.vivaeurovision.com\\\/#\\\/schema\\\/logo\\\/image\\\/\",\"url\":\"https:\\\/\\\/www.vivaeurovision.com\\\/wp-content\\\/uploads\\\/2016\\\/01\\\/cropped-image-21-1.jpeg\",\"contentUrl\":\"https:\\\/\\\/www.vivaeurovision.com\\\/wp-content\\\/uploads\\\/2016\\\/01\\\/cropped-image-21-1.jpeg\",\"width\":669,\"height\":368,\"caption\":\"vivaeurovision\"},\"image\":{\"@id\":\"https:\\\/\\\/www.vivaeurovision.com\\\/#\\\/schema\\\/logo\\\/image\\\/\"}},{\"@type\":\"Person\",\"@id\":\"https:\\\/\\\/www.vivaeurovision.com\\\/#\\\/schema\\\/person\\\/1d31fdaa3f5f7df556f73d164bd3c47a\",\"name\":\"Pedro Palomo\",\"image\":{\"@type\":\"ImageObject\",\"inLanguage\":\"es\",\"@id\":\"https:\\\/\\\/secure.gravatar.com\\\/avatar\\\/4cf9a4877f5f71f44fb7cedbe1bac1bd28bd8ce7a217517d98d5b2117f9f5505?s=96&d=mm&r=g\",\"url\":\"https:\\\/\\\/secure.gravatar.com\\\/avatar\\\/4cf9a4877f5f71f44fb7cedbe1bac1bd28bd8ce7a217517d98d5b2117f9f5505?s=96&d=mm&r=g\",\"contentUrl\":\"https:\\\/\\\/secure.gravatar.com\\\/avatar\\\/4cf9a4877f5f71f44fb7cedbe1bac1bd28bd8ce7a217517d98d5b2117f9f5505?s=96&d=mm&r=g\",\"caption\":\"Pedro Palomo\"},\"sameAs\":[\"http:\\\/\\\/www.vivaeurovision.com\",\"@pedrobcn\",\"https:\\\/\\\/x.com\\\/@pedropalomobcn\"]}]}<\/script>\n<!-- \/ Yoast SEO plugin. -->","yoast_head_json":{"title":"YA PODEIS ESCUCHAR EL PODCAST N\u00ba 82 DE MISION EUROVISION - VIVAEUROVISION viva eurovision","robots":{"index":"index","follow":"follow","max-snippet":"max-snippet:-1","max-image-preview":"max-image-preview:large","max-video-preview":"max-video-preview:-1"},"canonical":"https:\/\/www.vivaeurovision.com\/index.php\/2016\/01\/14\/podcast-de-mision-eurovision\/","og_locale":"es_ES","og_type":"article","og_title":"YA PODEIS ESCUCHAR EL PODCAST N\u00ba 82 DE MISION EUROVISION - VIVAEUROVISION viva eurovision","og_description":"Los compa\u00f1eros Juan Calandria, Gory Col\u00e1s, David Aguilar, Jorge P\u00e9rez,\u00a0Jos\u00e9 Antonio Ayala y ocasionalmente Luis Mallen, han realizado su tradicional podcast de Mision Eurovision\u00a0en http:\/\/eurovisiontimes.com\/tag\/radio\/\u00a0donde han repasado las ultimas novedades&#46;&#46;&#46;","og_url":"https:\/\/www.vivaeurovision.com\/index.php\/2016\/01\/14\/podcast-de-mision-eurovision\/","og_site_name":"VIVAEUROVISION viva eurovision","article_published_time":"2016-01-14T22:27:13+00:00","article_modified_time":"2016-01-19T22:40:28+00:00","og_image":[{"width":400,"height":400,"url":"https:\/\/www.vivaeurovision.com\/wp-content\/uploads\/2016\/01\/mision-eurovision.png","type":"image\/png"}],"author":"Pedro Palomo","twitter_card":"summary_large_image","twitter_creator":"@pedropalomobcn","twitter_misc":{"Escrito por":"Pedro Palomo","Tiempo de lectura":"1 minuto"},"schema":{"@context":"https:\/\/schema.org","@graph":[{"@type":"Article","@id":"https:\/\/www.vivaeurovision.com\/index.php\/2016\/01\/14\/podcast-de-mision-eurovision\/#article","isPartOf":{"@id":"https:\/\/www.vivaeurovision.com\/index.php\/2016\/01\/14\/podcast-de-mision-eurovision\/"},"author":{"name":"Pedro Palomo","@id":"https:\/\/www.vivaeurovision.com\/#\/schema\/person\/1d31fdaa3f5f7df556f73d164bd3c47a"},"headline":"YA PODEIS ESCUCHAR EL PODCAST N\u00ba 82 DE MISION EUROVISION","datePublished":"2016-01-14T22:27:13+00:00","dateModified":"2016-01-19T22:40:28+00:00","mainEntityOfPage":{"@id":"https:\/\/www.vivaeurovision.com\/index.php\/2016\/01\/14\/podcast-de-mision-eurovision\/"},"wordCount":139,"commentCount":0,"publisher":{"@id":"https:\/\/www.vivaeurovision.com\/#organization"},"image":{"@id":"https:\/\/www.vivaeurovision.com\/index.php\/2016\/01\/14\/podcast-de-mision-eurovision\/#primaryimage"},"thumbnailUrl":"https:\/\/www.vivaeurovision.com\/wp-content\/uploads\/2016\/01\/mision-eurovision.png","keywords":["Esc 2016","Eurovision","Eurovisi\u00f3n 2016","Eurovision Planet","Eurovision Times Radio","Mision Eurovision","Pedro Palomo","Pedro Palomo Eurovision","Podcast Mision Eurovison","viva eurovision","vivaeurovision"],"articleSection":["Inicio","Noticias","Ultima Hora"],"inLanguage":"es","potentialAction":[{"@type":"CommentAction","name":"Comment","target":["https:\/\/www.vivaeurovision.com\/index.php\/2016\/01\/14\/podcast-de-mision-eurovision\/#respond"]}]},{"@type":"WebPage","@id":"https:\/\/www.vivaeurovision.com\/index.php\/2016\/01\/14\/podcast-de-mision-eurovision\/","url":"https:\/\/www.vivaeurovision.com\/index.php\/2016\/01\/14\/podcast-de-mision-eurovision\/","name":"YA PODEIS ESCUCHAR EL PODCAST N\u00ba 82 DE MISION EUROVISION - VIVAEUROVISION viva eurovision","isPartOf":{"@id":"https:\/\/www.vivaeurovision.com\/#website"},"primaryImageOfPage":{"@id":"https:\/\/www.vivaeurovision.com\/index.php\/2016\/01\/14\/podcast-de-mision-eurovision\/#primaryimage"},"image":{"@id":"https:\/\/www.vivaeurovision.com\/index.php\/2016\/01\/14\/podcast-de-mision-eurovision\/#primaryimage"},"thumbnailUrl":"https:\/\/www.vivaeurovision.com\/wp-content\/uploads\/2016\/01\/mision-eurovision.png","datePublished":"2016-01-14T22:27:13+00:00","dateModified":"2016-01-19T22:40:28+00:00","breadcrumb":{"@id":"https:\/\/www.vivaeurovision.com\/index.php\/2016\/01\/14\/podcast-de-mision-eurovision\/#breadcrumb"},"inLanguage":"es","potentialAction":[{"@type":"ReadAction","target":["https:\/\/www.vivaeurovision.com\/index.php\/2016\/01\/14\/podcast-de-mision-eurovision\/"]}]},{"@type":"ImageObject","inLanguage":"es","@id":"https:\/\/www.vivaeurovision.com\/index.php\/2016\/01\/14\/podcast-de-mision-eurovision\/#primaryimage","url":"https:\/\/www.vivaeurovision.com\/wp-content\/uploads\/2016\/01\/mision-eurovision.png","contentUrl":"https:\/\/www.vivaeurovision.com\/wp-content\/uploads\/2016\/01\/mision-eurovision.png","width":400,"height":400},{"@type":"BreadcrumbList","@id":"https:\/\/www.vivaeurovision.com\/index.php\/2016\/01\/14\/podcast-de-mision-eurovision\/#breadcrumb","itemListElement":[{"@type":"ListItem","position":1,"name":"Portada","item":"https:\/\/www.vivaeurovision.com\/"},{"@type":"ListItem","position":2,"name":"YA PODEIS ESCUCHAR EL PODCAST N\u00ba 82 DE MISION EUROVISION"}]},{"@type":"WebSite","@id":"https:\/\/www.vivaeurovision.com\/#website","url":"https:\/\/www.vivaeurovision.com\/","name":"VIVAEUROVISION viva eurovision","description":"Tu portal sobre el Festival de Eurovision, eurovision, eurovisi\u00f3n","publisher":{"@id":"https:\/\/www.vivaeurovision.com\/#organization"},"potentialAction":[{"@type":"SearchAction","target":{"@type":"EntryPoint","urlTemplate":"https:\/\/www.vivaeurovision.com\/?s={search_term_string}"},"query-input":{"@type":"PropertyValueSpecification","valueRequired":true,"valueName":"search_term_string"}}],"inLanguage":"es"},{"@type":"Organization","@id":"https:\/\/www.vivaeurovision.com\/#organization","name":"vivaeurovision","url":"https:\/\/www.vivaeurovision.com\/","logo":{"@type":"ImageObject","inLanguage":"es","@id":"https:\/\/www.vivaeurovision.com\/#\/schema\/logo\/image\/","url":"https:\/\/www.vivaeurovision.com\/wp-content\/uploads\/2016\/01\/cropped-image-21-1.jpeg","contentUrl":"https:\/\/www.vivaeurovision.com\/wp-content\/uploads\/2016\/01\/cropped-image-21-1.jpeg","width":669,"height":368,"caption":"vivaeurovision"},"image":{"@id":"https:\/\/www.vivaeurovision.com\/#\/schema\/logo\/image\/"}},{"@type":"Person","@id":"https:\/\/www.vivaeurovision.com\/#\/schema\/person\/1d31fdaa3f5f7df556f73d164bd3c47a","name":"Pedro Palomo","image":{"@type":"ImageObject","inLanguage":"es","@id":"https:\/\/secure.gravatar.com\/avatar\/4cf9a4877f5f71f44fb7cedbe1bac1bd28bd8ce7a217517d98d5b2117f9f5505?s=96&d=mm&r=g","url":"https:\/\/secure.gravatar.com\/avatar\/4cf9a4877f5f71f44fb7cedbe1bac1bd28bd8ce7a217517d98d5b2117f9f5505?s=96&d=mm&r=g","contentUrl":"https:\/\/secure.gravatar.com\/avatar\/4cf9a4877f5f71f44fb7cedbe1bac1bd28bd8ce7a217517d98d5b2117f9f5505?s=96&d=mm&r=g","caption":"Pedro Palomo"},"sameAs":["http:\/\/www.vivaeurovision.com","@pedrobcn","https:\/\/x.com\/@pedropalomobcn"]}]}},"_links":{"self":[{"href":"https:\/\/www.vivaeurovision.com\/index.php\/wp-json\/wp\/v2\/posts\/66","targetHints":{"allow":["GET"]}}],"collection":[{"href":"https:\/\/www.vivaeurovision.com\/index.php\/wp-json\/wp\/v2\/posts"}],"about":[{"href":"https:\/\/www.vivaeurovision.com\/index.php\/wp-json\/wp\/v2\/types\/post"}],"author":[{"embeddable":true,"href":"https:\/\/www.vivaeurovision.com\/index.php\/wp-json\/wp\/v2\/users\/1"}],"replies":[{"embeddable":true,"href":"https:\/\/www.vivaeurovision.com\/index.php\/wp-json\/wp\/v2\/comments?post=66"}],"version-history":[{"count":0,"href":"https:\/\/www.vivaeurovision.com\/index.php\/wp-json\/wp\/v2\/posts\/66\/revisions"}],"wp:featuredmedia":[{"embeddable":true,"href":"https:\/\/www.vivaeurovision.com\/index.php\/wp-json\/wp\/v2\/media\/67"}],"wp:attachment":[{"href":"https:\/\/www.vivaeurovision.com\/index.php\/wp-json\/wp\/v2\/media?parent=66"}],"wp:term":[{"taxonomy":"category","embeddable":true,"href":"https:\/\/www.vivaeurovision.com\/index.php\/wp-json\/wp\/v2\/categories?post=66"},{"taxonomy":"post_tag","embeddable":true,"href":"https:\/\/www.vivaeurovision.com\/index.php\/wp-json\/wp\/v2\/tags?post=66"}],"curies":[{"name":"wp","href":"https:\/\/api.w.org\/{rel}","templated":true}]}}