{"id":668,"date":"2016-02-05T20:10:24","date_gmt":"2016-02-05T20:10:24","guid":{"rendered":"http:\/\/www.vivaeurovision.com\/?p=668"},"modified":"2016-02-05T20:14:47","modified_gmt":"2016-02-05T20:14:47","slug":"loreen-dnash-y-edurne","status":"publish","type":"post","link":"https:\/\/www.vivaeurovision.com\/index.php\/2016\/02\/05\/loreen-dnash-y-edurne\/","title":{"rendered":"LOREEN, D\u00b4NASH Y EDURNE EN EL BACKSTAGE"},"content":{"rendered":"<p>Tras finalizar la gala de <strong>Objetivo Eurovisi\u00f3n<\/strong>, <strong>VIVAEUROVISION.COM<\/strong> tuve el honor de poder compartir algunas impresiones y palabras con los eurovisivos Loreen \u00abganadora en el a\u00f1o 2012 representando a Suecia, D\u00b4Nash \u00abrepresentantes de Espa\u00f1a en 2007\u00bb y Edurne \u00abrepresentante de Espa\u00f1a en 2015\u00bb.<\/p>\n<p><img loading=\"lazy\" decoding=\"async\" class=\"alignnone size-medium wp-image-670\" src=\"http:\/\/www.vivaeurovision.com\/wp-content\/uploads\/2016\/02\/IMG_5624-300x236.jpg\" alt=\"IMG_5624\" width=\"300\" height=\"236\" srcset=\"https:\/\/www.vivaeurovision.com\/wp-content\/uploads\/2016\/02\/IMG_5624-300x236.jpg 300w, https:\/\/www.vivaeurovision.com\/wp-content\/uploads\/2016\/02\/IMG_5624-768x605.jpg 768w, https:\/\/www.vivaeurovision.com\/wp-content\/uploads\/2016\/02\/IMG_5624-1024x807.jpg 1024w, https:\/\/www.vivaeurovision.com\/wp-content\/uploads\/2016\/02\/IMG_5624.jpg 1984w\" sizes=\"auto, (max-width: 300px) 100vw, 300px\" \/><img loading=\"lazy\" decoding=\"async\" class=\"alignnone wp-image-671\" src=\"http:\/\/www.vivaeurovision.com\/wp-content\/uploads\/2016\/02\/IMG_5563-267x300.jpg\" alt=\"IMG_5563\" width=\"209\" height=\"235\" srcset=\"https:\/\/www.vivaeurovision.com\/wp-content\/uploads\/2016\/02\/IMG_5563-267x300.jpg 267w, https:\/\/www.vivaeurovision.com\/wp-content\/uploads\/2016\/02\/IMG_5563-768x864.jpg 768w, https:\/\/www.vivaeurovision.com\/wp-content\/uploads\/2016\/02\/IMG_5563-910x1024.jpg 910w, https:\/\/www.vivaeurovision.com\/wp-content\/uploads\/2016\/02\/IMG_5563.jpg 960w\" sizes=\"auto, (max-width: 209px) 100vw, 209px\" \/><\/p>\n<p><strong>Loreen<\/strong> realiz\u00f3 una gran apertura de la gala donde hizo que todo el p\u00fablico all\u00ed presente se rindiera ante una de las mejores voces y mejores canciones que hay en la historia del Festival de Eurovisi\u00f3n, aplausos sin parar y gritos cuando Loreen sali\u00f3 a escena y el publico estaba euphorico, ella en todo momento se mostr\u00f3 muy simp\u00e1tica, cercana y agradecida, tras finalizar la gala en los pasillos del backtstage,\u00a0tuve la suerte de poder compartir unas palabras con una de las grandes o con la grande !! Dijo que se sent\u00eda feliz de estar en Espa\u00f1a y formar parte del jurado, adem\u00e1s de haber disfrutado de la noche y del cari\u00f1o de todo el publico. <strong>Corto el encuentro pero intenso donde ella dejo un mensaje para los lectores de VIVAEUROVISION.<\/strong><\/p>\n<p><strong>MIRA EL MENSAJE DE LOREEN<\/strong><br \/>\n<iframe loading=\"lazy\" src=\"https:\/\/www.youtube.com\/embed\/4w-0BENMCXg\" width=\"560\" height=\"315\" frameborder=\"0\" allowfullscreen=\"allowfullscreen\"><\/iframe><br \/>\n<img loading=\"lazy\" decoding=\"async\" class=\"alignnone wp-image-673\" src=\"http:\/\/www.vivaeurovision.com\/wp-content\/uploads\/2016\/02\/12637248_10208644278252795_1420724742_o-e1454698656974-300x231.jpg\" alt=\"12637248_10208644278252795_1420724742_o\" width=\"245\" height=\"188\" \/><img loading=\"lazy\" decoding=\"async\" class=\"wp-image-674 alignnone\" src=\"http:\/\/www.vivaeurovision.com\/wp-content\/uploads\/2016\/02\/IMG_5565-300x209.jpg\" alt=\"IMG_5565\" width=\"253\" height=\"176\" srcset=\"https:\/\/www.vivaeurovision.com\/wp-content\/uploads\/2016\/02\/IMG_5565-300x209.jpg 300w, https:\/\/www.vivaeurovision.com\/wp-content\/uploads\/2016\/02\/IMG_5565-768x536.jpg 768w, https:\/\/www.vivaeurovision.com\/wp-content\/uploads\/2016\/02\/IMG_5565-1024x714.jpg 1024w\" sizes=\"auto, (max-width: 253px) 100vw, 253px\" \/><\/p>\n<p>La gala cont\u00f3 con un reencuentro muy esperado por los seguidores del Festival de Eurovisi\u00f3n, la boyband <strong>D\u00b4Nash<\/strong> regres\u00f3 esa noche para deleitarnos con la versi\u00f3n del tema eurovisivo\u00a0<strong>\u00abLady Lady\u00bb<\/strong>, cuando aparecieron en el escenario de Objetivo Eurovisi\u00f3n durante el medley que hubo en la gala, ellos fueron de los m\u00e1s aplaudidos un reencuentro que a todos nos ilusiono y mostraron una imagen muy actual y madura pero con el toque D\u00b4Nash que siempre les ha caracterizado, tras la gala puede saludarlos y felicitarles por su actuaci\u00f3n, ellos se mostraron muy\u00a0 felices porque revivieron ese cari\u00f1o por parte de los eurofans, <strong>Mikel, Javi, Basty y Ony<\/strong> juntos y con buena qu\u00edmica entre ellos, mientras hablaba con ellos parec\u00eda que me transportaba al 2007 cuando fueron proclamados ganadores de <strong>Misi\u00f3n Eurovisi\u00f3n<\/strong>, sin duda les vi muy contentos. <strong>D\u00b4Nash dejar\u00f3n un mensaje para todos los lectores de VIVAEUROVISION. <\/strong><\/p>\n<p><strong>MIRA EL MENSAJE DE D\u00b4NASH<\/strong><br \/>\n<iframe loading=\"lazy\" src=\"https:\/\/www.youtube.com\/embed\/TFRTmSN25vs\" width=\"560\" height=\"315\" frameborder=\"0\" allowfullscreen=\"allowfullscreen\"><\/iframe><br \/>\n<img loading=\"lazy\" decoding=\"async\" class=\"alignnone wp-image-678\" src=\"http:\/\/www.vivaeurovision.com\/wp-content\/uploads\/2016\/02\/edurne-copia-e1454699561464-300x209.jpg\" alt=\"edurne copia\" width=\"266\" height=\"185\" srcset=\"https:\/\/www.vivaeurovision.com\/wp-content\/uploads\/2016\/02\/edurne-copia-e1454699561464-300x209.jpg 300w, https:\/\/www.vivaeurovision.com\/wp-content\/uploads\/2016\/02\/edurne-copia-e1454699561464-768x534.jpg 768w, https:\/\/www.vivaeurovision.com\/wp-content\/uploads\/2016\/02\/edurne-copia-e1454699561464.jpg 1018w\" sizes=\"auto, (max-width: 266px) 100vw, 266px\" \/><img loading=\"lazy\" decoding=\"async\" class=\"alignnone wp-image-679\" src=\"http:\/\/www.vivaeurovision.com\/wp-content\/uploads\/2016\/02\/IMG_5461-300x225.jpg\" alt=\"IMG_5461\" width=\"246\" height=\"184\" srcset=\"https:\/\/www.vivaeurovision.com\/wp-content\/uploads\/2016\/02\/IMG_5461-300x225.jpg 300w, https:\/\/www.vivaeurovision.com\/wp-content\/uploads\/2016\/02\/IMG_5461-768x576.jpg 768w, https:\/\/www.vivaeurovision.com\/wp-content\/uploads\/2016\/02\/IMG_5461-1024x768.jpg 1024w\" sizes=\"auto, (max-width: 246px) 100vw, 246px\" \/><\/p>\n<p><strong>Edurne\u00a0 <\/strong>representante de Espa\u00f1a\u00a0del Festival de Eurovisi\u00f3n 2015, tuvo un papel muy importante en la gala como jurado y adem\u00e1s de pasar el testigo eurovisivo a <strong>Barei<\/strong> nuestra representante en el Festival de Eurovisi\u00f3n 2016, antes de comenzar la gala pude charlar con ella y su cara mostraba un gran felicidad, le pregunte como se sent\u00eda y ella me dijo feliz de ver a los eurofans y que por una parte le daba cierta a\u00f1oranza dejar de ser nuestra representante y pasar el testigo quien ganase la gala, pero tambi\u00e9n me dijo que era el momento que otra persona viva algo tan bonito como lo que ella ha podido vivir gracias al Festival de Eurovisi\u00f3n, varios sentimientos se mezclaban en el coraz\u00f3n de Edurne esa noche tan especial, cuando entr\u00f3 al plat\u00f3 el p\u00fablico con gran ovaci\u00f3n comenz\u00f3 aplaudirle y a cantar Amanecer durante varios minutos ella emocionada mostraba gestos de agradecimientos a todos, incluso cantaba con todo el p\u00fablico que asisti\u00f3 a la gala, una sonrisa espectacular y gran cercan\u00eda con todos, durante la gala ella cerr\u00f3 el medley interpretando Amanecer a la perfecci\u00f3n y donde sus ojos mostraban esa emoci\u00f3n de revivir sus d\u00edas en Viena y su a\u00f1o eurovisivo. Tras finalizar la gala pude volver hablar con ella y estaba muy contenta con la elecci\u00f3n de Barei. <strong>Edurne no dudo en ning\u00fan momento en mandar un mensaje para los lectores de VIVAEUROVISION y dar su apoyo a Barei.<\/strong><\/p>\n<p><strong>MIRA EL MENSAJE DE EDURNE<\/strong><br \/>\n<iframe loading=\"lazy\" src=\"https:\/\/www.youtube.com\/embed\/VQBMjcIPB3Y\" width=\"560\" height=\"315\" frameborder=\"0\" allowfullscreen=\"allowfullscreen\"><\/iframe><\/p>\n<p>&nbsp;<\/p>\n<p><img loading=\"lazy\" decoding=\"async\" class=\"alignnone size-medium wp-image-176\" src=\"http:\/\/www.vivaeurovision.com\/wp-content\/uploads\/2016\/01\/untitledJPGLOGO-2-300x165.jpg\" alt=\"untitledJPGLOGO\" width=\"300\" height=\"165\" srcset=\"https:\/\/www.vivaeurovision.com\/wp-content\/uploads\/2016\/01\/untitledJPGLOGO-2-300x165.jpg 300w, https:\/\/www.vivaeurovision.com\/wp-content\/uploads\/2016\/01\/untitledJPGLOGO-2-555x305.jpg 555w, https:\/\/www.vivaeurovision.com\/wp-content\/uploads\/2016\/01\/untitledJPGLOGO-2.jpg 669w\" sizes=\"auto, (max-width: 300px) 100vw, 300px\" \/><\/p>\n<p>Twitter\u00a0<strong> <a href=\"https:\/\/twitter.com\/viva_eurovision\" target=\"_blank\">@viva_eurovision<\/a>\u00a0 <a href=\"https:\/\/www.facebook.com\/Vivaeurovisioncom-867806686671081\/?fref=nf\" target=\"_blank\">FACEBOOK OFICIAL VIVA EUROVISION <\/a><\/strong>Instragram <strong>@vivaeurovision<\/strong><\/p>\n<p>Redactor: Pedro Palomo Twitter <strong><a href=\"https:\/\/twitter.com\/pedropalomobcn?lang=es\" target=\"_blank\">@pedropalomobcn<\/a> <\/strong>Instragram <strong>@pedrobcn<\/strong><\/p>\n<p>&nbsp;<\/p>\n<p>&nbsp;<\/p>\n","protected":false},"excerpt":{"rendered":"<p>Tras finalizar la gala de Objetivo Eurovisi\u00f3n, VIVAEUROVISION.COM tuve el honor de poder compartir algunas impresiones y palabras con los eurovisivos Loreen \u00abganadora en el a\u00f1o 2012 representando a Suecia,&#46;&#46;&#46;<\/p>\n","protected":false},"author":1,"featured_media":688,"comment_status":"open","ping_status":"open","sticky":false,"template":"","format":"standard","meta":{"_exactmetrics_skip_tracking":false,"_exactmetrics_sitenote_active":false,"_exactmetrics_sitenote_note":"","_exactmetrics_sitenote_category":0,"footnotes":""},"categories":[5,6,7,4,2,3],"tags":[159,217,218,53,55,54,196,17,220,221,12,160,158,138,164,219,195,139,140,19,20,18,161,57,156,22],"class_list":["post-668","post","type-post","status-publish","format-standard","has-post-thumbnail","hentry","category-entrevistas","category-espana-en-eurovision","category-eurovision-2016","category-eurovision","category-noticia","category-ultima-hora","tag-come-together","tag-dnash","tag-dnash-objetivo-eurovision","tag-edurne","tag-edurne-amanacer","tag-edurne-eurovision-2015","tag-edurne-objetivo-eurovision","tag-esc","tag-eurovision-2007","tag-eurovision-2012","tag-eurovision-2016","tag-eurovision-2016-come-together","tag-eurovision-come-together","tag-eurovision-spain-2016","tag-loreen","tag-loreen-euphoria","tag-loreen-objetivo-eurovision","tag-objetivo-eurovision","tag-objetivo-eurovision-2016","tag-pedro-palomo","tag-pedro-palomo-eurovision","tag-rtve","tag-stockholm-2016-come-together","tag-tve","tag-viva-eurovison","tag-vivaeurovision"],"yoast_head":"<!-- This site is optimized with the Yoast SEO plugin v27.5 - https:\/\/yoast.com\/product\/yoast-seo-wordpress\/ -->\n<title>LOREEN, D\u00b4NASH Y EDURNE EN EL BACKSTAGE - VIVAEUROVISION viva eurovision<\/title>\n<meta name=\"robots\" content=\"index, follow, max-snippet:-1, max-image-preview:large, max-video-preview:-1\" \/>\n<link rel=\"canonical\" href=\"https:\/\/www.vivaeurovision.com\/index.php\/2016\/02\/05\/loreen-dnash-y-edurne\/\" \/>\n<meta property=\"og:locale\" content=\"es_ES\" \/>\n<meta property=\"og:type\" content=\"article\" \/>\n<meta property=\"og:title\" content=\"LOREEN, D\u00b4NASH Y EDURNE EN EL BACKSTAGE - VIVAEUROVISION viva eurovision\" \/>\n<meta property=\"og:description\" content=\"Tras finalizar la gala de Objetivo Eurovisi\u00f3n, VIVAEUROVISION.COM tuve el honor de poder compartir algunas impresiones y palabras con los eurovisivos Loreen \u00abganadora en el a\u00f1o 2012 representando a Suecia,&#046;&#046;&#046;\" \/>\n<meta property=\"og:url\" content=\"https:\/\/www.vivaeurovision.com\/index.php\/2016\/02\/05\/loreen-dnash-y-edurne\/\" \/>\n<meta property=\"og:site_name\" content=\"VIVAEUROVISION viva eurovision\" \/>\n<meta property=\"article:published_time\" content=\"2016-02-05T20:10:24+00:00\" \/>\n<meta property=\"article:modified_time\" content=\"2016-02-05T20:14:47+00:00\" \/>\n<meta property=\"og:image\" content=\"https:\/\/www.vivaeurovision.com\/wp-content\/uploads\/2016\/02\/BACKSTAGE-copia-e1454702538202.jpg\" \/>\n\t<meta property=\"og:image:width\" content=\"700\" \/>\n\t<meta property=\"og:image:height\" content=\"385\" \/>\n\t<meta property=\"og:image:type\" content=\"image\/jpeg\" \/>\n<meta name=\"author\" content=\"Pedro Palomo\" \/>\n<meta name=\"twitter:card\" content=\"summary_large_image\" \/>\n<meta name=\"twitter:creator\" content=\"@pedropalomobcn\" \/>\n<meta name=\"twitter:label1\" content=\"Escrito por\" \/>\n\t<meta name=\"twitter:data1\" content=\"Pedro Palomo\" \/>\n\t<meta name=\"twitter:label2\" content=\"Tiempo de lectura\" \/>\n\t<meta name=\"twitter:data2\" content=\"3 minutos\" \/>\n<script type=\"application\/ld+json\" class=\"yoast-schema-graph\">{\"@context\":\"https:\\\/\\\/schema.org\",\"@graph\":[{\"@type\":\"Article\",\"@id\":\"https:\\\/\\\/www.vivaeurovision.com\\\/index.php\\\/2016\\\/02\\\/05\\\/loreen-dnash-y-edurne\\\/#article\",\"isPartOf\":{\"@id\":\"https:\\\/\\\/www.vivaeurovision.com\\\/index.php\\\/2016\\\/02\\\/05\\\/loreen-dnash-y-edurne\\\/\"},\"author\":{\"name\":\"Pedro Palomo\",\"@id\":\"https:\\\/\\\/www.vivaeurovision.com\\\/#\\\/schema\\\/person\\\/1d31fdaa3f5f7df556f73d164bd3c47a\"},\"headline\":\"LOREEN, D\u00b4NASH Y EDURNE EN EL BACKSTAGE\",\"datePublished\":\"2016-02-05T20:10:24+00:00\",\"dateModified\":\"2016-02-05T20:14:47+00:00\",\"mainEntityOfPage\":{\"@id\":\"https:\\\/\\\/www.vivaeurovision.com\\\/index.php\\\/2016\\\/02\\\/05\\\/loreen-dnash-y-edurne\\\/\"},\"wordCount\":646,\"commentCount\":4,\"publisher\":{\"@id\":\"https:\\\/\\\/www.vivaeurovision.com\\\/#organization\"},\"image\":{\"@id\":\"https:\\\/\\\/www.vivaeurovision.com\\\/index.php\\\/2016\\\/02\\\/05\\\/loreen-dnash-y-edurne\\\/#primaryimage\"},\"thumbnailUrl\":\"https:\\\/\\\/www.vivaeurovision.com\\\/wp-content\\\/uploads\\\/2016\\\/02\\\/BACKSTAGE-copia-e1454702538202.jpg\",\"keywords\":[\"COME TOGETHER\",\"D\u00b4Nash\",\"D\u00b4Nash Objetivo Eurovision\",\"edurne\",\"edurne amanacer\",\"edurne eurovision 2015\",\"Edurne objetivo eurovision\",\"ESC\",\"eurovision 2007\",\"eurovision 2012\",\"Eurovisi\u00f3n 2016\",\"Eurovision 2016 come together\",\"Eurovision come together\",\"eurovision spain 2016\",\"Loreen\",\"Loreen Euphoria\",\"Loreen objetivo eurovision\",\"objetivo eurovision\",\"objetivo eurovisi\u00f3n 2016\",\"Pedro Palomo\",\"Pedro Palomo Eurovision\",\"RTVE\",\"stockholm 2016 come together\",\"tve\",\"viva eurovison\",\"vivaeurovision\"],\"articleSection\":[\"Entrevistas\",\"Espa\u00f1a en Eurovisi\u00f3n\",\"Eurovisi\u00f3n 2016\",\"Inicio\",\"Noticias\",\"Ultima Hora\"],\"inLanguage\":\"es\",\"potentialAction\":[{\"@type\":\"CommentAction\",\"name\":\"Comment\",\"target\":[\"https:\\\/\\\/www.vivaeurovision.com\\\/index.php\\\/2016\\\/02\\\/05\\\/loreen-dnash-y-edurne\\\/#respond\"]}]},{\"@type\":\"WebPage\",\"@id\":\"https:\\\/\\\/www.vivaeurovision.com\\\/index.php\\\/2016\\\/02\\\/05\\\/loreen-dnash-y-edurne\\\/\",\"url\":\"https:\\\/\\\/www.vivaeurovision.com\\\/index.php\\\/2016\\\/02\\\/05\\\/loreen-dnash-y-edurne\\\/\",\"name\":\"LOREEN, D\u00b4NASH Y EDURNE EN EL BACKSTAGE - VIVAEUROVISION viva eurovision\",\"isPartOf\":{\"@id\":\"https:\\\/\\\/www.vivaeurovision.com\\\/#website\"},\"primaryImageOfPage\":{\"@id\":\"https:\\\/\\\/www.vivaeurovision.com\\\/index.php\\\/2016\\\/02\\\/05\\\/loreen-dnash-y-edurne\\\/#primaryimage\"},\"image\":{\"@id\":\"https:\\\/\\\/www.vivaeurovision.com\\\/index.php\\\/2016\\\/02\\\/05\\\/loreen-dnash-y-edurne\\\/#primaryimage\"},\"thumbnailUrl\":\"https:\\\/\\\/www.vivaeurovision.com\\\/wp-content\\\/uploads\\\/2016\\\/02\\\/BACKSTAGE-copia-e1454702538202.jpg\",\"datePublished\":\"2016-02-05T20:10:24+00:00\",\"dateModified\":\"2016-02-05T20:14:47+00:00\",\"breadcrumb\":{\"@id\":\"https:\\\/\\\/www.vivaeurovision.com\\\/index.php\\\/2016\\\/02\\\/05\\\/loreen-dnash-y-edurne\\\/#breadcrumb\"},\"inLanguage\":\"es\",\"potentialAction\":[{\"@type\":\"ReadAction\",\"target\":[\"https:\\\/\\\/www.vivaeurovision.com\\\/index.php\\\/2016\\\/02\\\/05\\\/loreen-dnash-y-edurne\\\/\"]}]},{\"@type\":\"ImageObject\",\"inLanguage\":\"es\",\"@id\":\"https:\\\/\\\/www.vivaeurovision.com\\\/index.php\\\/2016\\\/02\\\/05\\\/loreen-dnash-y-edurne\\\/#primaryimage\",\"url\":\"https:\\\/\\\/www.vivaeurovision.com\\\/wp-content\\\/uploads\\\/2016\\\/02\\\/BACKSTAGE-copia-e1454702538202.jpg\",\"contentUrl\":\"https:\\\/\\\/www.vivaeurovision.com\\\/wp-content\\\/uploads\\\/2016\\\/02\\\/BACKSTAGE-copia-e1454702538202.jpg\",\"width\":700,\"height\":385},{\"@type\":\"BreadcrumbList\",\"@id\":\"https:\\\/\\\/www.vivaeurovision.com\\\/index.php\\\/2016\\\/02\\\/05\\\/loreen-dnash-y-edurne\\\/#breadcrumb\",\"itemListElement\":[{\"@type\":\"ListItem\",\"position\":1,\"name\":\"Portada\",\"item\":\"https:\\\/\\\/www.vivaeurovision.com\\\/\"},{\"@type\":\"ListItem\",\"position\":2,\"name\":\"LOREEN, D\u00b4NASH Y EDURNE EN EL BACKSTAGE\"}]},{\"@type\":\"WebSite\",\"@id\":\"https:\\\/\\\/www.vivaeurovision.com\\\/#website\",\"url\":\"https:\\\/\\\/www.vivaeurovision.com\\\/\",\"name\":\"VIVAEUROVISION viva eurovision\",\"description\":\"Tu portal sobre el Festival de Eurovision, eurovision, eurovisi\u00f3n\",\"publisher\":{\"@id\":\"https:\\\/\\\/www.vivaeurovision.com\\\/#organization\"},\"potentialAction\":[{\"@type\":\"SearchAction\",\"target\":{\"@type\":\"EntryPoint\",\"urlTemplate\":\"https:\\\/\\\/www.vivaeurovision.com\\\/?s={search_term_string}\"},\"query-input\":{\"@type\":\"PropertyValueSpecification\",\"valueRequired\":true,\"valueName\":\"search_term_string\"}}],\"inLanguage\":\"es\"},{\"@type\":\"Organization\",\"@id\":\"https:\\\/\\\/www.vivaeurovision.com\\\/#organization\",\"name\":\"vivaeurovision\",\"url\":\"https:\\\/\\\/www.vivaeurovision.com\\\/\",\"logo\":{\"@type\":\"ImageObject\",\"inLanguage\":\"es\",\"@id\":\"https:\\\/\\\/www.vivaeurovision.com\\\/#\\\/schema\\\/logo\\\/image\\\/\",\"url\":\"https:\\\/\\\/www.vivaeurovision.com\\\/wp-content\\\/uploads\\\/2016\\\/01\\\/cropped-image-21-1.jpeg\",\"contentUrl\":\"https:\\\/\\\/www.vivaeurovision.com\\\/wp-content\\\/uploads\\\/2016\\\/01\\\/cropped-image-21-1.jpeg\",\"width\":669,\"height\":368,\"caption\":\"vivaeurovision\"},\"image\":{\"@id\":\"https:\\\/\\\/www.vivaeurovision.com\\\/#\\\/schema\\\/logo\\\/image\\\/\"}},{\"@type\":\"Person\",\"@id\":\"https:\\\/\\\/www.vivaeurovision.com\\\/#\\\/schema\\\/person\\\/1d31fdaa3f5f7df556f73d164bd3c47a\",\"name\":\"Pedro Palomo\",\"image\":{\"@type\":\"ImageObject\",\"inLanguage\":\"es\",\"@id\":\"https:\\\/\\\/secure.gravatar.com\\\/avatar\\\/4cf9a4877f5f71f44fb7cedbe1bac1bd28bd8ce7a217517d98d5b2117f9f5505?s=96&d=mm&r=g\",\"url\":\"https:\\\/\\\/secure.gravatar.com\\\/avatar\\\/4cf9a4877f5f71f44fb7cedbe1bac1bd28bd8ce7a217517d98d5b2117f9f5505?s=96&d=mm&r=g\",\"contentUrl\":\"https:\\\/\\\/secure.gravatar.com\\\/avatar\\\/4cf9a4877f5f71f44fb7cedbe1bac1bd28bd8ce7a217517d98d5b2117f9f5505?s=96&d=mm&r=g\",\"caption\":\"Pedro Palomo\"},\"sameAs\":[\"http:\\\/\\\/www.vivaeurovision.com\",\"@pedrobcn\",\"https:\\\/\\\/x.com\\\/@pedropalomobcn\"]}]}<\/script>\n<!-- \/ Yoast SEO plugin. -->","yoast_head_json":{"title":"LOREEN, D\u00b4NASH Y EDURNE EN EL BACKSTAGE - VIVAEUROVISION viva eurovision","robots":{"index":"index","follow":"follow","max-snippet":"max-snippet:-1","max-image-preview":"max-image-preview:large","max-video-preview":"max-video-preview:-1"},"canonical":"https:\/\/www.vivaeurovision.com\/index.php\/2016\/02\/05\/loreen-dnash-y-edurne\/","og_locale":"es_ES","og_type":"article","og_title":"LOREEN, D\u00b4NASH Y EDURNE EN EL BACKSTAGE - VIVAEUROVISION viva eurovision","og_description":"Tras finalizar la gala de Objetivo Eurovisi\u00f3n, VIVAEUROVISION.COM tuve el honor de poder compartir algunas impresiones y palabras con los eurovisivos Loreen \u00abganadora en el a\u00f1o 2012 representando a Suecia,&#46;&#46;&#46;","og_url":"https:\/\/www.vivaeurovision.com\/index.php\/2016\/02\/05\/loreen-dnash-y-edurne\/","og_site_name":"VIVAEUROVISION viva eurovision","article_published_time":"2016-02-05T20:10:24+00:00","article_modified_time":"2016-02-05T20:14:47+00:00","og_image":[{"width":700,"height":385,"url":"https:\/\/www.vivaeurovision.com\/wp-content\/uploads\/2016\/02\/BACKSTAGE-copia-e1454702538202.jpg","type":"image\/jpeg"}],"author":"Pedro Palomo","twitter_card":"summary_large_image","twitter_creator":"@pedropalomobcn","twitter_misc":{"Escrito por":"Pedro Palomo","Tiempo de lectura":"3 minutos"},"schema":{"@context":"https:\/\/schema.org","@graph":[{"@type":"Article","@id":"https:\/\/www.vivaeurovision.com\/index.php\/2016\/02\/05\/loreen-dnash-y-edurne\/#article","isPartOf":{"@id":"https:\/\/www.vivaeurovision.com\/index.php\/2016\/02\/05\/loreen-dnash-y-edurne\/"},"author":{"name":"Pedro Palomo","@id":"https:\/\/www.vivaeurovision.com\/#\/schema\/person\/1d31fdaa3f5f7df556f73d164bd3c47a"},"headline":"LOREEN, D\u00b4NASH Y EDURNE EN EL BACKSTAGE","datePublished":"2016-02-05T20:10:24+00:00","dateModified":"2016-02-05T20:14:47+00:00","mainEntityOfPage":{"@id":"https:\/\/www.vivaeurovision.com\/index.php\/2016\/02\/05\/loreen-dnash-y-edurne\/"},"wordCount":646,"commentCount":4,"publisher":{"@id":"https:\/\/www.vivaeurovision.com\/#organization"},"image":{"@id":"https:\/\/www.vivaeurovision.com\/index.php\/2016\/02\/05\/loreen-dnash-y-edurne\/#primaryimage"},"thumbnailUrl":"https:\/\/www.vivaeurovision.com\/wp-content\/uploads\/2016\/02\/BACKSTAGE-copia-e1454702538202.jpg","keywords":["COME TOGETHER","D\u00b4Nash","D\u00b4Nash Objetivo Eurovision","edurne","edurne amanacer","edurne eurovision 2015","Edurne objetivo eurovision","ESC","eurovision 2007","eurovision 2012","Eurovisi\u00f3n 2016","Eurovision 2016 come together","Eurovision come together","eurovision spain 2016","Loreen","Loreen Euphoria","Loreen objetivo eurovision","objetivo eurovision","objetivo eurovisi\u00f3n 2016","Pedro Palomo","Pedro Palomo Eurovision","RTVE","stockholm 2016 come together","tve","viva eurovison","vivaeurovision"],"articleSection":["Entrevistas","Espa\u00f1a en Eurovisi\u00f3n","Eurovisi\u00f3n 2016","Inicio","Noticias","Ultima Hora"],"inLanguage":"es","potentialAction":[{"@type":"CommentAction","name":"Comment","target":["https:\/\/www.vivaeurovision.com\/index.php\/2016\/02\/05\/loreen-dnash-y-edurne\/#respond"]}]},{"@type":"WebPage","@id":"https:\/\/www.vivaeurovision.com\/index.php\/2016\/02\/05\/loreen-dnash-y-edurne\/","url":"https:\/\/www.vivaeurovision.com\/index.php\/2016\/02\/05\/loreen-dnash-y-edurne\/","name":"LOREEN, D\u00b4NASH Y EDURNE EN EL BACKSTAGE - VIVAEUROVISION viva eurovision","isPartOf":{"@id":"https:\/\/www.vivaeurovision.com\/#website"},"primaryImageOfPage":{"@id":"https:\/\/www.vivaeurovision.com\/index.php\/2016\/02\/05\/loreen-dnash-y-edurne\/#primaryimage"},"image":{"@id":"https:\/\/www.vivaeurovision.com\/index.php\/2016\/02\/05\/loreen-dnash-y-edurne\/#primaryimage"},"thumbnailUrl":"https:\/\/www.vivaeurovision.com\/wp-content\/uploads\/2016\/02\/BACKSTAGE-copia-e1454702538202.jpg","datePublished":"2016-02-05T20:10:24+00:00","dateModified":"2016-02-05T20:14:47+00:00","breadcrumb":{"@id":"https:\/\/www.vivaeurovision.com\/index.php\/2016\/02\/05\/loreen-dnash-y-edurne\/#breadcrumb"},"inLanguage":"es","potentialAction":[{"@type":"ReadAction","target":["https:\/\/www.vivaeurovision.com\/index.php\/2016\/02\/05\/loreen-dnash-y-edurne\/"]}]},{"@type":"ImageObject","inLanguage":"es","@id":"https:\/\/www.vivaeurovision.com\/index.php\/2016\/02\/05\/loreen-dnash-y-edurne\/#primaryimage","url":"https:\/\/www.vivaeurovision.com\/wp-content\/uploads\/2016\/02\/BACKSTAGE-copia-e1454702538202.jpg","contentUrl":"https:\/\/www.vivaeurovision.com\/wp-content\/uploads\/2016\/02\/BACKSTAGE-copia-e1454702538202.jpg","width":700,"height":385},{"@type":"BreadcrumbList","@id":"https:\/\/www.vivaeurovision.com\/index.php\/2016\/02\/05\/loreen-dnash-y-edurne\/#breadcrumb","itemListElement":[{"@type":"ListItem","position":1,"name":"Portada","item":"https:\/\/www.vivaeurovision.com\/"},{"@type":"ListItem","position":2,"name":"LOREEN, D\u00b4NASH Y EDURNE EN EL BACKSTAGE"}]},{"@type":"WebSite","@id":"https:\/\/www.vivaeurovision.com\/#website","url":"https:\/\/www.vivaeurovision.com\/","name":"VIVAEUROVISION viva eurovision","description":"Tu portal sobre el Festival de Eurovision, eurovision, eurovisi\u00f3n","publisher":{"@id":"https:\/\/www.vivaeurovision.com\/#organization"},"potentialAction":[{"@type":"SearchAction","target":{"@type":"EntryPoint","urlTemplate":"https:\/\/www.vivaeurovision.com\/?s={search_term_string}"},"query-input":{"@type":"PropertyValueSpecification","valueRequired":true,"valueName":"search_term_string"}}],"inLanguage":"es"},{"@type":"Organization","@id":"https:\/\/www.vivaeurovision.com\/#organization","name":"vivaeurovision","url":"https:\/\/www.vivaeurovision.com\/","logo":{"@type":"ImageObject","inLanguage":"es","@id":"https:\/\/www.vivaeurovision.com\/#\/schema\/logo\/image\/","url":"https:\/\/www.vivaeurovision.com\/wp-content\/uploads\/2016\/01\/cropped-image-21-1.jpeg","contentUrl":"https:\/\/www.vivaeurovision.com\/wp-content\/uploads\/2016\/01\/cropped-image-21-1.jpeg","width":669,"height":368,"caption":"vivaeurovision"},"image":{"@id":"https:\/\/www.vivaeurovision.com\/#\/schema\/logo\/image\/"}},{"@type":"Person","@id":"https:\/\/www.vivaeurovision.com\/#\/schema\/person\/1d31fdaa3f5f7df556f73d164bd3c47a","name":"Pedro Palomo","image":{"@type":"ImageObject","inLanguage":"es","@id":"https:\/\/secure.gravatar.com\/avatar\/4cf9a4877f5f71f44fb7cedbe1bac1bd28bd8ce7a217517d98d5b2117f9f5505?s=96&d=mm&r=g","url":"https:\/\/secure.gravatar.com\/avatar\/4cf9a4877f5f71f44fb7cedbe1bac1bd28bd8ce7a217517d98d5b2117f9f5505?s=96&d=mm&r=g","contentUrl":"https:\/\/secure.gravatar.com\/avatar\/4cf9a4877f5f71f44fb7cedbe1bac1bd28bd8ce7a217517d98d5b2117f9f5505?s=96&d=mm&r=g","caption":"Pedro Palomo"},"sameAs":["http:\/\/www.vivaeurovision.com","@pedrobcn","https:\/\/x.com\/@pedropalomobcn"]}]}},"_links":{"self":[{"href":"https:\/\/www.vivaeurovision.com\/index.php\/wp-json\/wp\/v2\/posts\/668","targetHints":{"allow":["GET"]}}],"collection":[{"href":"https:\/\/www.vivaeurovision.com\/index.php\/wp-json\/wp\/v2\/posts"}],"about":[{"href":"https:\/\/www.vivaeurovision.com\/index.php\/wp-json\/wp\/v2\/types\/post"}],"author":[{"embeddable":true,"href":"https:\/\/www.vivaeurovision.com\/index.php\/wp-json\/wp\/v2\/users\/1"}],"replies":[{"embeddable":true,"href":"https:\/\/www.vivaeurovision.com\/index.php\/wp-json\/wp\/v2\/comments?post=668"}],"version-history":[{"count":0,"href":"https:\/\/www.vivaeurovision.com\/index.php\/wp-json\/wp\/v2\/posts\/668\/revisions"}],"wp:featuredmedia":[{"embeddable":true,"href":"https:\/\/www.vivaeurovision.com\/index.php\/wp-json\/wp\/v2\/media\/688"}],"wp:attachment":[{"href":"https:\/\/www.vivaeurovision.com\/index.php\/wp-json\/wp\/v2\/media?parent=668"}],"wp:term":[{"taxonomy":"category","embeddable":true,"href":"https:\/\/www.vivaeurovision.com\/index.php\/wp-json\/wp\/v2\/categories?post=668"},{"taxonomy":"post_tag","embeddable":true,"href":"https:\/\/www.vivaeurovision.com\/index.php\/wp-json\/wp\/v2\/tags?post=668"}],"curies":[{"name":"wp","href":"https:\/\/api.w.org\/{rel}","templated":true}]}}