{"id":6860,"date":"2018-03-05T18:47:57","date_gmt":"2018-03-05T18:47:57","guid":{"rendered":"http:\/\/www.vivaeurovision.com\/?p=6860"},"modified":"2018-03-05T18:47:57","modified_gmt":"2018-03-05T18:47:57","slug":"6860-eurovision-2018","status":"publish","type":"post","link":"https:\/\/www.vivaeurovision.com\/index.php\/2018\/03\/05\/6860-eurovision-2018\/","title":{"rendered":"Portugal el pa\u00eds anfitri\u00f3n de Eurovisi\u00f3n 2018 ser\u00e1 representada por Cl\u00e1udia Pascoal y la canci\u00f3n O Jardim"},"content":{"rendered":"<h2>Portugal el pa\u00eds anfitri\u00f3n de Eurovisi\u00f3n 2018 ser\u00e1 representada por Cl\u00e1udia Pascoal y la canci\u00f3n O Jardim.<\/h2>\n<p><img loading=\"lazy\" decoding=\"async\" class=\"alignnone size-medium wp-image-6910\" src=\"http:\/\/www.vivaeurovision.com\/wp-content\/uploads\/2018\/03\/232C68F8-65FE-4379-A02E-7FD8F020F320-300x165.jpeg\" alt=\"eurovision\" width=\"300\" height=\"165\" srcset=\"https:\/\/www.vivaeurovision.com\/wp-content\/uploads\/2018\/03\/232C68F8-65FE-4379-A02E-7FD8F020F320-300x165.jpeg 300w, https:\/\/www.vivaeurovision.com\/wp-content\/uploads\/2018\/03\/232C68F8-65FE-4379-A02E-7FD8F020F320-700x384.jpeg 700w, https:\/\/www.vivaeurovision.com\/wp-content\/uploads\/2018\/03\/232C68F8-65FE-4379-A02E-7FD8F020F320.jpeg 860w\" sizes=\"auto, (max-width: 300px) 100vw, 300px\" \/><\/p>\n<p>El festival da can\u00e7ao 2018 un a\u00f1o m\u00e1s ha sido el m\u00e9todo de elecci\u00f3n del representante de Portugal para Eurovisi\u00f3n, dos semifinales y una gran final en la que 14 candidaturas han competido para representar al pa\u00eds anfitri\u00f3n en la gran final del Festival de Eurovisi\u00f3n el pr\u00f3ximo 12 de mayo, que se celebra por primera vez en Lisboa. La canci\u00f3n O jardim, compuesta por Isaura e interpretada por Cl\u00e1udia Pascoal ha sido la ganadora del m\u00edtico festival da can\u00e7ao.<\/p>\n<p>Escucha O Jardim, canci\u00f3n que representa por primera vez en la historia de Eurovisi\u00f3n a Portugal como pa\u00eds anfitri\u00f3n.<\/p>\n<p><iframe loading=\"lazy\"  id=\"_ytid_18134\"  width=\"480\" height=\"270\"  data-origwidth=\"480\" data-origheight=\"270\" src=\"https:\/\/www.youtube.com\/embed\/tkMkNi-krw0?enablejsapi=1&#038;autoplay=0&#038;cc_load_policy=0&#038;cc_lang_pref=&#038;iv_load_policy=1&#038;loop=0&#038;rel=1&#038;fs=1&#038;playsinline=0&#038;autohide=2&#038;theme=dark&#038;color=red&#038;controls=1&#038;disablekb=0&#038;\" class=\"__youtube_prefs__  epyt-is-override  no-lazyload\" title=\"YouTube player\"  allow=\"fullscreen; accelerometer; autoplay; clipboard-write; encrypted-media; gyroscope; picture-in-picture; web-share\" referrerpolicy=\"strict-origin-when-cross-origin\" allowfullscreen data-no-lazy=\"1\" data-skipgform_ajax_framebjll=\"\"><\/iframe><\/p>\n<p>&nbsp;<\/p>\n<p><img loading=\"lazy\" decoding=\"async\" class=\"alignnone size-medium wp-image-311\" src=\"http:\/\/www.vivaeurovision.com\/wp-content\/uploads\/2016\/01\/image-21-300x165.jpeg\" alt=\"VIVAEUROVISION.COM\" width=\"300\" height=\"165\" srcset=\"https:\/\/www.vivaeurovision.com\/wp-content\/uploads\/2016\/01\/image-21-300x165.jpeg 300w, https:\/\/www.vivaeurovision.com\/wp-content\/uploads\/2016\/01\/image-21-555x305.jpeg 555w, https:\/\/www.vivaeurovision.com\/wp-content\/uploads\/2016\/01\/image-21.jpeg 669w\" sizes=\"auto, (max-width: 300px) 100vw, 300px\" \/><\/p>\n<p>Twitter\u00a0<strong> <a href=\"https:\/\/twitter.com\/viva_eurovision\" target=\"_blank\" rel=\"noopener noreferrer\">@viva_eurovision<\/a>\u00a0 <a href=\"https:\/\/www.facebook.com\/Vivaeurovisioncom-867806686671081\/?fref=nf\" target=\"_blank\" rel=\"noopener noreferrer\">FACEBOOK OFICIAL VIVA EUROVISION <\/a><\/strong>Instragram <strong>\u00a0<\/strong><a href=\"https:\/\/www.instagram.com\/vivaeurovision\/\" target=\"_blank\" rel=\"noopener noreferrer\"><strong>@vivaeurovision<\/strong><\/a><\/p>\n<p>Redactor: Pedro Palomo <a href=\"https:\/\/twitter.com\/pedropalomobcn?lang=es\"><strong>@pedropalomobcn<\/strong><\/a><strong>\u00a0<\/strong>Instagram <a href=\"https:\/\/www.instagram.com\/pedrobcn\/\" target=\"_blank\" rel=\"noopener noreferrer\"><strong>@pedrobcn<\/strong><\/a><\/p>\n<p>Imagen: RTP<\/p>\n","protected":false},"excerpt":{"rendered":"<p>Portugal el pa\u00eds anfitri\u00f3n de Eurovisi\u00f3n 2018 ser\u00e1 representada por Cl\u00e1udia Pascoal y la canci\u00f3n O Jardim. El festival da can\u00e7ao 2018 un a\u00f1o m\u00e1s ha sido el m\u00e9todo de&#46;&#46;&#46;<\/p>\n","protected":false},"author":1,"featured_media":6910,"comment_status":"open","ping_status":"closed","sticky":false,"template":"","format":"standard","meta":{"_exactmetrics_skip_tracking":false,"_exactmetrics_sitenote_active":false,"_exactmetrics_sitenote_note":"","_exactmetrics_sitenote_category":0,"footnotes":""},"categories":[1195,2144,4,1188,2,3],"tags":[2490,2906,2908,2909,2907,17,11,2086,2611,2491,2393,2291,2142,2290,2289,2135,1476,706,2685,2463,1096,34,19,20,766,2134,1725,2275,23,22],"class_list":["post-6860","post","type-post","status-publish","format-standard","has-post-thumbnail","hentry","category-eurovision-2","category-eurovision-2018","category-eurovision","category-noticia-2","category-noticia","category-ultima-hora","tag-all-aboard","tag-claudia-pascoal","tag-claudia-pascoal-eurovision","tag-claudia-pascoal-eurovision-2018","tag-claudia-pascoal-o-jardim","tag-esc","tag-eurovision","tag-eurovision-2018","tag-eurovision-2018-all-aboard","tag-eurovision-all-aboard","tag-eurovision-festival-da-cancao-2018","tag-eurovision-lisboa","tag-eurovision-lisboa-2018","tag-eurovision-lisbon","tag-eurovision-lisbon-2018","tag-eurovision-portugal-2018","tag-eurovision-song-contest","tag-eurovision-song-contest-festival","tag-festival-da-cancao","tag-festival-da-cancao-2018","tag-festival-de-eurovision","tag-noticia","tag-pedro-palomo","tag-pedro-palomo-eurovision","tag-pedro-palomo-vivaeurovision","tag-portugal-eurovision-2018","tag-rtp-eurovision","tag-rtp-eurovision-2018","tag-viva-eurovision","tag-vivaeurovision"],"yoast_head":"<!-- This site is optimized with the Yoast SEO plugin v27.5 - https:\/\/yoast.com\/product\/yoast-seo-wordpress\/ -->\n<title>Portugal el pa\u00eds anfitri\u00f3n de Eurovisi\u00f3n 2018 ser\u00e1 representada por Cl\u00e1udia Pascoal y la canci\u00f3n O Jardim - VIVAEUROVISION viva eurovision<\/title>\n<meta name=\"description\" content=\"eurovision, eurovision 2018, claudia pascoal, claudia pascoal o jardim, vivaeurovision, viva eurovisi\u00f3n, Festival de Eurovisi\u00f3n, all aboard\" \/>\n<meta name=\"robots\" content=\"index, follow, max-snippet:-1, max-image-preview:large, max-video-preview:-1\" \/>\n<link rel=\"canonical\" href=\"https:\/\/www.vivaeurovision.com\/index.php\/2018\/03\/05\/6860-eurovision-2018\/\" \/>\n<meta property=\"og:locale\" content=\"es_ES\" \/>\n<meta property=\"og:type\" content=\"article\" \/>\n<meta property=\"og:title\" content=\"Portugal el pa\u00eds anfitri\u00f3n de Eurovisi\u00f3n 2018 ser\u00e1 representada por Cl\u00e1udia Pascoal y la canci\u00f3n O Jardim - VIVAEUROVISION viva eurovision\" \/>\n<meta property=\"og:description\" content=\"eurovision, eurovision 2018, claudia pascoal, claudia pascoal o jardim, vivaeurovision, viva eurovisi\u00f3n, Festival de Eurovisi\u00f3n, all aboard\" \/>\n<meta property=\"og:url\" content=\"https:\/\/www.vivaeurovision.com\/index.php\/2018\/03\/05\/6860-eurovision-2018\/\" \/>\n<meta property=\"og:site_name\" content=\"VIVAEUROVISION viva eurovision\" \/>\n<meta property=\"article:published_time\" content=\"2018-03-05T18:47:57+00:00\" \/>\n<meta property=\"og:image\" content=\"https:\/\/www.vivaeurovision.com\/wp-content\/uploads\/2018\/03\/232C68F8-65FE-4379-A02E-7FD8F020F320.jpeg\" \/>\n\t<meta property=\"og:image:width\" content=\"860\" \/>\n\t<meta property=\"og:image:height\" content=\"472\" \/>\n\t<meta property=\"og:image:type\" content=\"image\/jpeg\" \/>\n<meta name=\"author\" content=\"Pedro Palomo\" \/>\n<meta name=\"twitter:card\" content=\"summary_large_image\" \/>\n<meta name=\"twitter:creator\" content=\"@pedropalomobcn\" \/>\n<meta name=\"twitter:label1\" content=\"Escrito por\" \/>\n\t<meta name=\"twitter:data1\" content=\"Pedro Palomo\" \/>\n\t<meta name=\"twitter:label2\" content=\"Tiempo de lectura\" \/>\n\t<meta name=\"twitter:data2\" content=\"1 minuto\" \/>\n<script type=\"application\/ld+json\" class=\"yoast-schema-graph\">{\"@context\":\"https:\\\/\\\/schema.org\",\"@graph\":[{\"@type\":\"Article\",\"@id\":\"https:\\\/\\\/www.vivaeurovision.com\\\/index.php\\\/2018\\\/03\\\/05\\\/6860-eurovision-2018\\\/#article\",\"isPartOf\":{\"@id\":\"https:\\\/\\\/www.vivaeurovision.com\\\/index.php\\\/2018\\\/03\\\/05\\\/6860-eurovision-2018\\\/\"},\"author\":{\"name\":\"Pedro Palomo\",\"@id\":\"https:\\\/\\\/www.vivaeurovision.com\\\/#\\\/schema\\\/person\\\/1d31fdaa3f5f7df556f73d164bd3c47a\"},\"headline\":\"Portugal el pa\u00eds anfitri\u00f3n de Eurovisi\u00f3n 2018 ser\u00e1 representada por Cl\u00e1udia Pascoal y la canci\u00f3n O Jardim\",\"datePublished\":\"2018-03-05T18:47:57+00:00\",\"mainEntityOfPage\":{\"@id\":\"https:\\\/\\\/www.vivaeurovision.com\\\/index.php\\\/2018\\\/03\\\/05\\\/6860-eurovision-2018\\\/\"},\"wordCount\":178,\"commentCount\":0,\"publisher\":{\"@id\":\"https:\\\/\\\/www.vivaeurovision.com\\\/#organization\"},\"image\":{\"@id\":\"https:\\\/\\\/www.vivaeurovision.com\\\/index.php\\\/2018\\\/03\\\/05\\\/6860-eurovision-2018\\\/#primaryimage\"},\"thumbnailUrl\":\"https:\\\/\\\/www.vivaeurovision.com\\\/wp-content\\\/uploads\\\/2018\\\/03\\\/232C68F8-65FE-4379-A02E-7FD8F020F320.jpeg\",\"keywords\":[\"all aboard\",\"Claudia Pascoal\",\"claudia pascoal Eurovision\",\"claudia pascoal eurovision 2018\",\"claudia pascoal o jardim\",\"ESC\",\"Eurovision\",\"eurovision 2018\",\"eurovision 2018 all aboard\",\"Eurovision all aboard\",\"eurovision festival da can\u00e7ao 2018\",\"eurovision lisboa\",\"eurovision Lisboa 2018\",\"eurovision lisbon\",\"eurovision lisbon 2018\",\"eurovision Portugal 2018\",\"eurovision song contest\",\"eurovision song contest festival\",\"festival da can\u00e7ao\",\"festival da can\u00e7ao 2018\",\"Festival de Eurovisi\u00f3n\",\"Noticia\",\"Pedro Palomo\",\"Pedro Palomo Eurovision\",\"Pedro Palomo Vivaeurovision\",\"portugal eurovision 2018\",\"rtp eurovision\",\"rtp eurovision 2018\",\"viva eurovision\",\"vivaeurovision\"],\"articleSection\":[\"eurovision\",\"eurovision 2018\",\"Inicio\",\"Noticia\",\"Noticias\",\"Ultima Hora\"],\"inLanguage\":\"es\",\"potentialAction\":[{\"@type\":\"CommentAction\",\"name\":\"Comment\",\"target\":[\"https:\\\/\\\/www.vivaeurovision.com\\\/index.php\\\/2018\\\/03\\\/05\\\/6860-eurovision-2018\\\/#respond\"]}]},{\"@type\":\"WebPage\",\"@id\":\"https:\\\/\\\/www.vivaeurovision.com\\\/index.php\\\/2018\\\/03\\\/05\\\/6860-eurovision-2018\\\/\",\"url\":\"https:\\\/\\\/www.vivaeurovision.com\\\/index.php\\\/2018\\\/03\\\/05\\\/6860-eurovision-2018\\\/\",\"name\":\"Portugal el pa\u00eds anfitri\u00f3n de Eurovisi\u00f3n 2018 ser\u00e1 representada por Cl\u00e1udia Pascoal y la canci\u00f3n O Jardim - VIVAEUROVISION viva eurovision\",\"isPartOf\":{\"@id\":\"https:\\\/\\\/www.vivaeurovision.com\\\/#website\"},\"primaryImageOfPage\":{\"@id\":\"https:\\\/\\\/www.vivaeurovision.com\\\/index.php\\\/2018\\\/03\\\/05\\\/6860-eurovision-2018\\\/#primaryimage\"},\"image\":{\"@id\":\"https:\\\/\\\/www.vivaeurovision.com\\\/index.php\\\/2018\\\/03\\\/05\\\/6860-eurovision-2018\\\/#primaryimage\"},\"thumbnailUrl\":\"https:\\\/\\\/www.vivaeurovision.com\\\/wp-content\\\/uploads\\\/2018\\\/03\\\/232C68F8-65FE-4379-A02E-7FD8F020F320.jpeg\",\"datePublished\":\"2018-03-05T18:47:57+00:00\",\"description\":\"eurovision, eurovision 2018, claudia pascoal, claudia pascoal o jardim, vivaeurovision, viva eurovisi\u00f3n, Festival de Eurovisi\u00f3n, all aboard\",\"breadcrumb\":{\"@id\":\"https:\\\/\\\/www.vivaeurovision.com\\\/index.php\\\/2018\\\/03\\\/05\\\/6860-eurovision-2018\\\/#breadcrumb\"},\"inLanguage\":\"es\",\"potentialAction\":[{\"@type\":\"ReadAction\",\"target\":[\"https:\\\/\\\/www.vivaeurovision.com\\\/index.php\\\/2018\\\/03\\\/05\\\/6860-eurovision-2018\\\/\"]}]},{\"@type\":\"ImageObject\",\"inLanguage\":\"es\",\"@id\":\"https:\\\/\\\/www.vivaeurovision.com\\\/index.php\\\/2018\\\/03\\\/05\\\/6860-eurovision-2018\\\/#primaryimage\",\"url\":\"https:\\\/\\\/www.vivaeurovision.com\\\/wp-content\\\/uploads\\\/2018\\\/03\\\/232C68F8-65FE-4379-A02E-7FD8F020F320.jpeg\",\"contentUrl\":\"https:\\\/\\\/www.vivaeurovision.com\\\/wp-content\\\/uploads\\\/2018\\\/03\\\/232C68F8-65FE-4379-A02E-7FD8F020F320.jpeg\",\"width\":860,\"height\":472,\"caption\":\"eurovision\"},{\"@type\":\"BreadcrumbList\",\"@id\":\"https:\\\/\\\/www.vivaeurovision.com\\\/index.php\\\/2018\\\/03\\\/05\\\/6860-eurovision-2018\\\/#breadcrumb\",\"itemListElement\":[{\"@type\":\"ListItem\",\"position\":1,\"name\":\"Portada\",\"item\":\"https:\\\/\\\/www.vivaeurovision.com\\\/\"},{\"@type\":\"ListItem\",\"position\":2,\"name\":\"Portugal el pa\u00eds anfitri\u00f3n de Eurovisi\u00f3n 2018 ser\u00e1 representada por Cl\u00e1udia Pascoal y la canci\u00f3n O Jardim\"}]},{\"@type\":\"WebSite\",\"@id\":\"https:\\\/\\\/www.vivaeurovision.com\\\/#website\",\"url\":\"https:\\\/\\\/www.vivaeurovision.com\\\/\",\"name\":\"VIVAEUROVISION viva eurovision\",\"description\":\"Tu portal sobre el Festival de Eurovision, eurovision, eurovisi\u00f3n\",\"publisher\":{\"@id\":\"https:\\\/\\\/www.vivaeurovision.com\\\/#organization\"},\"potentialAction\":[{\"@type\":\"SearchAction\",\"target\":{\"@type\":\"EntryPoint\",\"urlTemplate\":\"https:\\\/\\\/www.vivaeurovision.com\\\/?s={search_term_string}\"},\"query-input\":{\"@type\":\"PropertyValueSpecification\",\"valueRequired\":true,\"valueName\":\"search_term_string\"}}],\"inLanguage\":\"es\"},{\"@type\":\"Organization\",\"@id\":\"https:\\\/\\\/www.vivaeurovision.com\\\/#organization\",\"name\":\"vivaeurovision\",\"url\":\"https:\\\/\\\/www.vivaeurovision.com\\\/\",\"logo\":{\"@type\":\"ImageObject\",\"inLanguage\":\"es\",\"@id\":\"https:\\\/\\\/www.vivaeurovision.com\\\/#\\\/schema\\\/logo\\\/image\\\/\",\"url\":\"https:\\\/\\\/www.vivaeurovision.com\\\/wp-content\\\/uploads\\\/2016\\\/01\\\/cropped-image-21-1.jpeg\",\"contentUrl\":\"https:\\\/\\\/www.vivaeurovision.com\\\/wp-content\\\/uploads\\\/2016\\\/01\\\/cropped-image-21-1.jpeg\",\"width\":669,\"height\":368,\"caption\":\"vivaeurovision\"},\"image\":{\"@id\":\"https:\\\/\\\/www.vivaeurovision.com\\\/#\\\/schema\\\/logo\\\/image\\\/\"}},{\"@type\":\"Person\",\"@id\":\"https:\\\/\\\/www.vivaeurovision.com\\\/#\\\/schema\\\/person\\\/1d31fdaa3f5f7df556f73d164bd3c47a\",\"name\":\"Pedro Palomo\",\"image\":{\"@type\":\"ImageObject\",\"inLanguage\":\"es\",\"@id\":\"https:\\\/\\\/secure.gravatar.com\\\/avatar\\\/4cf9a4877f5f71f44fb7cedbe1bac1bd28bd8ce7a217517d98d5b2117f9f5505?s=96&d=mm&r=g\",\"url\":\"https:\\\/\\\/secure.gravatar.com\\\/avatar\\\/4cf9a4877f5f71f44fb7cedbe1bac1bd28bd8ce7a217517d98d5b2117f9f5505?s=96&d=mm&r=g\",\"contentUrl\":\"https:\\\/\\\/secure.gravatar.com\\\/avatar\\\/4cf9a4877f5f71f44fb7cedbe1bac1bd28bd8ce7a217517d98d5b2117f9f5505?s=96&d=mm&r=g\",\"caption\":\"Pedro Palomo\"},\"sameAs\":[\"http:\\\/\\\/www.vivaeurovision.com\",\"@pedrobcn\",\"https:\\\/\\\/x.com\\\/@pedropalomobcn\"]}]}<\/script>\n<!-- \/ Yoast SEO plugin. -->","yoast_head_json":{"title":"Portugal el pa\u00eds anfitri\u00f3n de Eurovisi\u00f3n 2018 ser\u00e1 representada por Cl\u00e1udia Pascoal y la canci\u00f3n O Jardim - VIVAEUROVISION viva eurovision","description":"eurovision, eurovision 2018, claudia pascoal, claudia pascoal o jardim, vivaeurovision, viva eurovisi\u00f3n, Festival de Eurovisi\u00f3n, all aboard","robots":{"index":"index","follow":"follow","max-snippet":"max-snippet:-1","max-image-preview":"max-image-preview:large","max-video-preview":"max-video-preview:-1"},"canonical":"https:\/\/www.vivaeurovision.com\/index.php\/2018\/03\/05\/6860-eurovision-2018\/","og_locale":"es_ES","og_type":"article","og_title":"Portugal el pa\u00eds anfitri\u00f3n de Eurovisi\u00f3n 2018 ser\u00e1 representada por Cl\u00e1udia Pascoal y la canci\u00f3n O Jardim - VIVAEUROVISION viva eurovision","og_description":"eurovision, eurovision 2018, claudia pascoal, claudia pascoal o jardim, vivaeurovision, viva eurovisi\u00f3n, Festival de Eurovisi\u00f3n, all aboard","og_url":"https:\/\/www.vivaeurovision.com\/index.php\/2018\/03\/05\/6860-eurovision-2018\/","og_site_name":"VIVAEUROVISION viva eurovision","article_published_time":"2018-03-05T18:47:57+00:00","og_image":[{"width":860,"height":472,"url":"https:\/\/www.vivaeurovision.com\/wp-content\/uploads\/2018\/03\/232C68F8-65FE-4379-A02E-7FD8F020F320.jpeg","type":"image\/jpeg"}],"author":"Pedro Palomo","twitter_card":"summary_large_image","twitter_creator":"@pedropalomobcn","twitter_misc":{"Escrito por":"Pedro Palomo","Tiempo de lectura":"1 minuto"},"schema":{"@context":"https:\/\/schema.org","@graph":[{"@type":"Article","@id":"https:\/\/www.vivaeurovision.com\/index.php\/2018\/03\/05\/6860-eurovision-2018\/#article","isPartOf":{"@id":"https:\/\/www.vivaeurovision.com\/index.php\/2018\/03\/05\/6860-eurovision-2018\/"},"author":{"name":"Pedro Palomo","@id":"https:\/\/www.vivaeurovision.com\/#\/schema\/person\/1d31fdaa3f5f7df556f73d164bd3c47a"},"headline":"Portugal el pa\u00eds anfitri\u00f3n de Eurovisi\u00f3n 2018 ser\u00e1 representada por Cl\u00e1udia Pascoal y la canci\u00f3n O Jardim","datePublished":"2018-03-05T18:47:57+00:00","mainEntityOfPage":{"@id":"https:\/\/www.vivaeurovision.com\/index.php\/2018\/03\/05\/6860-eurovision-2018\/"},"wordCount":178,"commentCount":0,"publisher":{"@id":"https:\/\/www.vivaeurovision.com\/#organization"},"image":{"@id":"https:\/\/www.vivaeurovision.com\/index.php\/2018\/03\/05\/6860-eurovision-2018\/#primaryimage"},"thumbnailUrl":"https:\/\/www.vivaeurovision.com\/wp-content\/uploads\/2018\/03\/232C68F8-65FE-4379-A02E-7FD8F020F320.jpeg","keywords":["all aboard","Claudia Pascoal","claudia pascoal Eurovision","claudia pascoal eurovision 2018","claudia pascoal o jardim","ESC","Eurovision","eurovision 2018","eurovision 2018 all aboard","Eurovision all aboard","eurovision festival da can\u00e7ao 2018","eurovision lisboa","eurovision Lisboa 2018","eurovision lisbon","eurovision lisbon 2018","eurovision Portugal 2018","eurovision song contest","eurovision song contest festival","festival da can\u00e7ao","festival da can\u00e7ao 2018","Festival de Eurovisi\u00f3n","Noticia","Pedro Palomo","Pedro Palomo Eurovision","Pedro Palomo Vivaeurovision","portugal eurovision 2018","rtp eurovision","rtp eurovision 2018","viva eurovision","vivaeurovision"],"articleSection":["eurovision","eurovision 2018","Inicio","Noticia","Noticias","Ultima Hora"],"inLanguage":"es","potentialAction":[{"@type":"CommentAction","name":"Comment","target":["https:\/\/www.vivaeurovision.com\/index.php\/2018\/03\/05\/6860-eurovision-2018\/#respond"]}]},{"@type":"WebPage","@id":"https:\/\/www.vivaeurovision.com\/index.php\/2018\/03\/05\/6860-eurovision-2018\/","url":"https:\/\/www.vivaeurovision.com\/index.php\/2018\/03\/05\/6860-eurovision-2018\/","name":"Portugal el pa\u00eds anfitri\u00f3n de Eurovisi\u00f3n 2018 ser\u00e1 representada por Cl\u00e1udia Pascoal y la canci\u00f3n O Jardim - VIVAEUROVISION viva eurovision","isPartOf":{"@id":"https:\/\/www.vivaeurovision.com\/#website"},"primaryImageOfPage":{"@id":"https:\/\/www.vivaeurovision.com\/index.php\/2018\/03\/05\/6860-eurovision-2018\/#primaryimage"},"image":{"@id":"https:\/\/www.vivaeurovision.com\/index.php\/2018\/03\/05\/6860-eurovision-2018\/#primaryimage"},"thumbnailUrl":"https:\/\/www.vivaeurovision.com\/wp-content\/uploads\/2018\/03\/232C68F8-65FE-4379-A02E-7FD8F020F320.jpeg","datePublished":"2018-03-05T18:47:57+00:00","description":"eurovision, eurovision 2018, claudia pascoal, claudia pascoal o jardim, vivaeurovision, viva eurovisi\u00f3n, Festival de Eurovisi\u00f3n, all aboard","breadcrumb":{"@id":"https:\/\/www.vivaeurovision.com\/index.php\/2018\/03\/05\/6860-eurovision-2018\/#breadcrumb"},"inLanguage":"es","potentialAction":[{"@type":"ReadAction","target":["https:\/\/www.vivaeurovision.com\/index.php\/2018\/03\/05\/6860-eurovision-2018\/"]}]},{"@type":"ImageObject","inLanguage":"es","@id":"https:\/\/www.vivaeurovision.com\/index.php\/2018\/03\/05\/6860-eurovision-2018\/#primaryimage","url":"https:\/\/www.vivaeurovision.com\/wp-content\/uploads\/2018\/03\/232C68F8-65FE-4379-A02E-7FD8F020F320.jpeg","contentUrl":"https:\/\/www.vivaeurovision.com\/wp-content\/uploads\/2018\/03\/232C68F8-65FE-4379-A02E-7FD8F020F320.jpeg","width":860,"height":472,"caption":"eurovision"},{"@type":"BreadcrumbList","@id":"https:\/\/www.vivaeurovision.com\/index.php\/2018\/03\/05\/6860-eurovision-2018\/#breadcrumb","itemListElement":[{"@type":"ListItem","position":1,"name":"Portada","item":"https:\/\/www.vivaeurovision.com\/"},{"@type":"ListItem","position":2,"name":"Portugal el pa\u00eds anfitri\u00f3n de Eurovisi\u00f3n 2018 ser\u00e1 representada por Cl\u00e1udia Pascoal y la canci\u00f3n O Jardim"}]},{"@type":"WebSite","@id":"https:\/\/www.vivaeurovision.com\/#website","url":"https:\/\/www.vivaeurovision.com\/","name":"VIVAEUROVISION viva eurovision","description":"Tu portal sobre el Festival de Eurovision, eurovision, eurovisi\u00f3n","publisher":{"@id":"https:\/\/www.vivaeurovision.com\/#organization"},"potentialAction":[{"@type":"SearchAction","target":{"@type":"EntryPoint","urlTemplate":"https:\/\/www.vivaeurovision.com\/?s={search_term_string}"},"query-input":{"@type":"PropertyValueSpecification","valueRequired":true,"valueName":"search_term_string"}}],"inLanguage":"es"},{"@type":"Organization","@id":"https:\/\/www.vivaeurovision.com\/#organization","name":"vivaeurovision","url":"https:\/\/www.vivaeurovision.com\/","logo":{"@type":"ImageObject","inLanguage":"es","@id":"https:\/\/www.vivaeurovision.com\/#\/schema\/logo\/image\/","url":"https:\/\/www.vivaeurovision.com\/wp-content\/uploads\/2016\/01\/cropped-image-21-1.jpeg","contentUrl":"https:\/\/www.vivaeurovision.com\/wp-content\/uploads\/2016\/01\/cropped-image-21-1.jpeg","width":669,"height":368,"caption":"vivaeurovision"},"image":{"@id":"https:\/\/www.vivaeurovision.com\/#\/schema\/logo\/image\/"}},{"@type":"Person","@id":"https:\/\/www.vivaeurovision.com\/#\/schema\/person\/1d31fdaa3f5f7df556f73d164bd3c47a","name":"Pedro Palomo","image":{"@type":"ImageObject","inLanguage":"es","@id":"https:\/\/secure.gravatar.com\/avatar\/4cf9a4877f5f71f44fb7cedbe1bac1bd28bd8ce7a217517d98d5b2117f9f5505?s=96&d=mm&r=g","url":"https:\/\/secure.gravatar.com\/avatar\/4cf9a4877f5f71f44fb7cedbe1bac1bd28bd8ce7a217517d98d5b2117f9f5505?s=96&d=mm&r=g","contentUrl":"https:\/\/secure.gravatar.com\/avatar\/4cf9a4877f5f71f44fb7cedbe1bac1bd28bd8ce7a217517d98d5b2117f9f5505?s=96&d=mm&r=g","caption":"Pedro Palomo"},"sameAs":["http:\/\/www.vivaeurovision.com","@pedrobcn","https:\/\/x.com\/@pedropalomobcn"]}]}},"_links":{"self":[{"href":"https:\/\/www.vivaeurovision.com\/index.php\/wp-json\/wp\/v2\/posts\/6860","targetHints":{"allow":["GET"]}}],"collection":[{"href":"https:\/\/www.vivaeurovision.com\/index.php\/wp-json\/wp\/v2\/posts"}],"about":[{"href":"https:\/\/www.vivaeurovision.com\/index.php\/wp-json\/wp\/v2\/types\/post"}],"author":[{"embeddable":true,"href":"https:\/\/www.vivaeurovision.com\/index.php\/wp-json\/wp\/v2\/users\/1"}],"replies":[{"embeddable":true,"href":"https:\/\/www.vivaeurovision.com\/index.php\/wp-json\/wp\/v2\/comments?post=6860"}],"version-history":[{"count":2,"href":"https:\/\/www.vivaeurovision.com\/index.php\/wp-json\/wp\/v2\/posts\/6860\/revisions"}],"predecessor-version":[{"id":6912,"href":"https:\/\/www.vivaeurovision.com\/index.php\/wp-json\/wp\/v2\/posts\/6860\/revisions\/6912"}],"wp:featuredmedia":[{"embeddable":true,"href":"https:\/\/www.vivaeurovision.com\/index.php\/wp-json\/wp\/v2\/media\/6910"}],"wp:attachment":[{"href":"https:\/\/www.vivaeurovision.com\/index.php\/wp-json\/wp\/v2\/media?parent=6860"}],"wp:term":[{"taxonomy":"category","embeddable":true,"href":"https:\/\/www.vivaeurovision.com\/index.php\/wp-json\/wp\/v2\/categories?post=6860"},{"taxonomy":"post_tag","embeddable":true,"href":"https:\/\/www.vivaeurovision.com\/index.php\/wp-json\/wp\/v2\/tags?post=6860"}],"curies":[{"name":"wp","href":"https:\/\/api.w.org\/{rel}","templated":true}]}}