{"id":695,"date":"2016-02-06T01:24:26","date_gmt":"2016-02-06T01:24:26","guid":{"rendered":"http:\/\/www.vivaeurovision.com\/?p=695"},"modified":"2016-02-06T17:57:39","modified_gmt":"2016-02-06T17:57:39","slug":"lorena-gomez-tu-cara-me-suena","status":"publish","type":"post","link":"https:\/\/www.vivaeurovision.com\/index.php\/2016\/02\/06\/lorena-gomez-tu-cara-me-suena\/","title":{"rendered":"LORENA G\u00d3MEZ \u00abDESTINO OSLO 2010\u00bb 1\u00aa CONCURSANTE DE LA 5\u00aa EDICI\u00d3N DE TU CARA ME SUENA"},"content":{"rendered":"<p><img loading=\"lazy\" decoding=\"async\" class=\"alignnone size-medium wp-image-696\" src=\"http:\/\/www.vivaeurovision.com\/wp-content\/uploads\/2016\/02\/image-11-300x300.jpeg\" alt=\"image\" width=\"300\" height=\"300\" srcset=\"https:\/\/www.vivaeurovision.com\/wp-content\/uploads\/2016\/02\/image-11-300x300.jpeg 300w, https:\/\/www.vivaeurovision.com\/wp-content\/uploads\/2016\/02\/image-11-150x150.jpeg 150w, https:\/\/www.vivaeurovision.com\/wp-content\/uploads\/2016\/02\/image-11.jpeg 400w\" sizes=\"auto, (max-width: 300px) 100vw, 300px\" \/><\/p>\n<p><strong>Lorena G\u00f3mez<\/strong>, ganadora de Operaci\u00f3n Triunfo 2006 y tercera finalista con 77 puntos y su canci\u00f3n Amor M\u00e1gico en la preselecci\u00f3n para representar a Espa\u00f1a en el Festival de Eurovisi\u00f3n 2010 <strong>\u00abDestino Olso 2010\u00bb<\/strong> ha ganado el programa especial de <strong>Tu Cara Me Suena Casting<\/strong>, donde ha competido con 8 artistas m\u00e1s entre ellos David Fern\u00e1ndez \u00abRodolfo Chikilicuatre Eurovisi\u00f3n 2008 o Lorena Catell preselecci\u00f3n \u00abSalvemos Eurovisi\u00f3n 2008\u00bb.<\/p>\n<p><iframe loading=\"lazy\"  id=\"_ytid_50660\"  width=\"480\" height=\"360\"  data-origwidth=\"480\" data-origheight=\"360\" src=\"https:\/\/www.youtube.com\/embed\/6_wLRN6RRhE?enablejsapi=1&#038;autoplay=0&#038;cc_load_policy=0&#038;cc_lang_pref=&#038;iv_load_policy=1&#038;loop=0&#038;rel=1&#038;fs=1&#038;playsinline=0&#038;autohide=2&#038;theme=dark&#038;color=red&#038;controls=1&#038;disablekb=0&#038;\" class=\"__youtube_prefs__  epyt-is-override  no-lazyload\" title=\"YouTube player\"  allow=\"fullscreen; accelerometer; autoplay; clipboard-write; encrypted-media; gyroscope; picture-in-picture; web-share\" referrerpolicy=\"strict-origin-when-cross-origin\" allowfullscreen data-no-lazy=\"1\" data-skipgform_ajax_framebjll=\"\"><\/iframe><\/p>\n<p>La cantante Lorena G\u00f3mez afincada en Miami desde hace unos a\u00f1os, regresa Espa\u00f1a como primera concursante de la quinta edici\u00f3n del conocido programa Tu Cara Me Suena.<\/p>\n<p>Con una impecable y perfecta imitaci\u00f3n de Beyonce con su tema \u00abSweet Dreams\u00bb donde Lorena G\u00f3mez ha demostrado su gran voz, el animal esc\u00e9nico que tiene dentro y una sensualidad que ha convencido tanto al jurado del programa, a sus propios compa\u00f1eros de competici\u00f3n y a la audiencia, consiguiendo ser la ganadora.<\/p>\n<p><img loading=\"lazy\" decoding=\"async\" class=\"alignnone size-medium wp-image-698\" src=\"http:\/\/www.vivaeurovision.com\/wp-content\/uploads\/2016\/02\/image-300x169.png\" alt=\"image\" width=\"300\" height=\"169\" srcset=\"https:\/\/www.vivaeurovision.com\/wp-content\/uploads\/2016\/02\/image-300x169.png 300w, https:\/\/www.vivaeurovision.com\/wp-content\/uploads\/2016\/02\/image-768x432.png 768w, https:\/\/www.vivaeurovision.com\/wp-content\/uploads\/2016\/02\/image-1024x576.png 1024w\" sizes=\"auto, (max-width: 300px) 100vw, 300px\" \/> <img loading=\"lazy\" decoding=\"async\" class=\"alignnone size-medium wp-image-699\" src=\"http:\/\/www.vivaeurovision.com\/wp-content\/uploads\/2016\/02\/image-1-300x169.png\" alt=\"image\" width=\"300\" height=\"169\" srcset=\"https:\/\/www.vivaeurovision.com\/wp-content\/uploads\/2016\/02\/image-1-300x169.png 300w, https:\/\/www.vivaeurovision.com\/wp-content\/uploads\/2016\/02\/image-1-768x432.png 768w, https:\/\/www.vivaeurovision.com\/wp-content\/uploads\/2016\/02\/image-1-1024x576.png 1024w\" sizes=\"auto, (max-width: 300px) 100vw, 300px\" \/><\/p>\n<p>Muy emocionada de poder volver a Espa\u00f1a y volver al plat\u00f3 donde todos la conocimos, ha dado las gracias entre l\u00e1grimas de emoci\u00f3n y felicidad tanto a su familia como a todo el p\u00fablico que le apoya. Los 3.000 euros los ha donado al hospital Sant Joan de Deu de Barcelona para la lucha contra el c\u00e1ncer, dedic\u00e1ndoselo a su prima que estaba presente en el plat\u00f3 y siendo una h\u00e9roe que ha superado esa enfermedad.<\/p>\n<p>Lorena G\u00f3mez nacida en Lleida ha trabajado duro estos d\u00edas para poder conseguir su sue\u00f1o de regresar a Espa\u00f1a a trabajar y en un programa musical que es su pasi\u00f3n.<\/p>\n<p><img loading=\"lazy\" decoding=\"async\" class=\"alignnone size-medium wp-image-700\" src=\"http:\/\/www.vivaeurovision.com\/wp-content\/uploads\/2016\/02\/image-2-300x169.png\" alt=\"image\" width=\"300\" height=\"169\" srcset=\"https:\/\/www.vivaeurovision.com\/wp-content\/uploads\/2016\/02\/image-2-300x169.png 300w, https:\/\/www.vivaeurovision.com\/wp-content\/uploads\/2016\/02\/image-2-768x432.png 768w, https:\/\/www.vivaeurovision.com\/wp-content\/uploads\/2016\/02\/image-2-1024x576.png 1024w\" sizes=\"auto, (max-width: 300px) 100vw, 300px\" \/><\/p>\n<p>Ahora nos toca esperar a que empiece la quinta temporada y disfrutar de las grandes imitaciones que har\u00e1 porque como \u00c1ngel Llacer ha dicho tiene el perfil de ganadora.<\/p>\n<p>Conseguir\u00e1 otro de sus retos y sue\u00f1os como es representar a Espa\u00f1a en el Festival de Eurovisi\u00f3n ??<\/p>\n<p>Ahora nos queda esperar si Lorena G\u00f3mez ser\u00e1 una futura representante en Eurovisi\u00f3n como lo han sido dos ganadoras de Tu Cara Me Suena, Edurne y Ruth Lorenzo.<\/p>\n<p><a href=\"http:\/\/www.antena3.com\/programas\/tu-cara-me-suena\/casting\/lorena-gomez-canta-mueve-ritmo-beyonce_2016020500333.html\" target=\"_blank\"><strong>MIRA SU ACTUACI\u00d3N AQU\u00cd<\/strong> <\/a><\/p>\n<p>Felicidades Lorena G\u00f3mez .<\/p>\n<p><img loading=\"lazy\" decoding=\"async\" class=\"alignnone size-medium wp-image-176\" src=\"http:\/\/www.vivaeurovision.com\/wp-content\/uploads\/2016\/01\/untitledJPGLOGO-2-300x165.jpg\" alt=\"untitledJPGLOGO\" width=\"300\" height=\"165\" srcset=\"https:\/\/www.vivaeurovision.com\/wp-content\/uploads\/2016\/01\/untitledJPGLOGO-2-300x165.jpg 300w, https:\/\/www.vivaeurovision.com\/wp-content\/uploads\/2016\/01\/untitledJPGLOGO-2-555x305.jpg 555w, https:\/\/www.vivaeurovision.com\/wp-content\/uploads\/2016\/01\/untitledJPGLOGO-2.jpg 669w\" sizes=\"auto, (max-width: 300px) 100vw, 300px\" \/><\/p>\n<p>Twitter\u00a0<strong> <a href=\"https:\/\/twitter.com\/viva_eurovision\" target=\"_blank\">@viva_eurovision<\/a>\u00a0 <a href=\"https:\/\/www.facebook.com\/Vivaeurovisioncom-867806686671081\/?fref=nf\" target=\"_blank\">FACEBOOK OFICIAL VIVA EUROVISION <\/a><\/strong>Instragram <strong>@vivaeurovision<\/strong><\/p>\n<p>Redactor: Pedro Palomo Twitter <strong><a href=\"https:\/\/twitter.com\/pedropalomobcn?lang=es\" target=\"_blank\">@pedropalomobcn<\/a> <\/strong>Instragram <strong>@pedrobcn<\/strong><\/p>\n<p>&nbsp;<\/p>\n","protected":false},"excerpt":{"rendered":"<p>Lorena G\u00f3mez, ganadora de Operaci\u00f3n Triunfo 2006 y tercera finalista con 77 puntos y su canci\u00f3n Amor M\u00e1gico en la preselecci\u00f3n para representar a Espa\u00f1a en el Festival de Eurovisi\u00f3n&#46;&#46;&#46;<\/p>\n","protected":false},"author":1,"featured_media":704,"comment_status":"open","ping_status":"open","sticky":false,"template":"","format":"standard","meta":{"_exactmetrics_skip_tracking":false,"_exactmetrics_sitenote_active":false,"_exactmetrics_sitenote_note":"","_exactmetrics_sitenote_category":0,"footnotes":""},"categories":[4,2,3],"tags":[227,193,226,222,223,224,19,225,18,228,191,57,156,22],"class_list":["post-695","post","type-post","status-publish","format-standard","has-post-thumbnail","hentry","category-eurovision","category-noticia","category-ultima-hora","tag-amor-magico","tag-antena3","tag-destino-oslo-2010","tag-lorena-gomez","tag-lorena-gomez-amor-magico","tag-lorena-gomez-destino-oslo","tag-pedro-palomo","tag-quinta-edicion-tu-cara-me-suena","tag-rtve","tag-spain-2010","tag-tu-cara-me-suena","tag-tve","tag-viva-eurovison","tag-vivaeurovision"],"yoast_head":"<!-- This site is optimized with the Yoast SEO plugin v27.5 - https:\/\/yoast.com\/product\/yoast-seo-wordpress\/ -->\n<title>LORENA G\u00d3MEZ &quot;DESTINO OSLO 2010&quot; 1\u00aa CONCURSANTE DE LA 5\u00aa EDICI\u00d3N DE TU CARA ME SUENA - VIVAEUROVISION viva eurovision<\/title>\n<meta name=\"robots\" content=\"index, follow, max-snippet:-1, max-image-preview:large, max-video-preview:-1\" \/>\n<link rel=\"canonical\" href=\"https:\/\/www.vivaeurovision.com\/index.php\/2016\/02\/06\/lorena-gomez-tu-cara-me-suena\/\" \/>\n<meta property=\"og:locale\" content=\"es_ES\" \/>\n<meta property=\"og:type\" content=\"article\" \/>\n<meta property=\"og:title\" content=\"LORENA G\u00d3MEZ &quot;DESTINO OSLO 2010&quot; 1\u00aa CONCURSANTE DE LA 5\u00aa EDICI\u00d3N DE TU CARA ME SUENA - VIVAEUROVISION viva eurovision\" \/>\n<meta property=\"og:description\" content=\"Lorena G\u00f3mez, ganadora de Operaci\u00f3n Triunfo 2006 y tercera finalista con 77 puntos y su canci\u00f3n Amor M\u00e1gico en la preselecci\u00f3n para representar a Espa\u00f1a en el Festival de Eurovisi\u00f3n&#046;&#046;&#046;\" \/>\n<meta property=\"og:url\" content=\"https:\/\/www.vivaeurovision.com\/index.php\/2016\/02\/06\/lorena-gomez-tu-cara-me-suena\/\" \/>\n<meta property=\"og:site_name\" content=\"VIVAEUROVISION viva eurovision\" \/>\n<meta property=\"article:published_time\" content=\"2016-02-06T01:24:26+00:00\" \/>\n<meta property=\"article:modified_time\" content=\"2016-02-06T17:57:39+00:00\" \/>\n<meta property=\"og:image\" content=\"https:\/\/www.vivaeurovision.com\/wp-content\/uploads\/2016\/02\/image-12.jpeg\" \/>\n\t<meta property=\"og:image:width\" content=\"1398\" \/>\n\t<meta property=\"og:image:height\" content=\"1220\" \/>\n\t<meta property=\"og:image:type\" content=\"image\/jpeg\" \/>\n<meta name=\"author\" content=\"Pedro Palomo\" \/>\n<meta name=\"twitter:card\" content=\"summary_large_image\" \/>\n<meta name=\"twitter:creator\" content=\"@pedropalomobcn\" \/>\n<meta name=\"twitter:label1\" content=\"Escrito por\" \/>\n\t<meta name=\"twitter:data1\" content=\"Pedro Palomo\" \/>\n\t<meta name=\"twitter:label2\" content=\"Tiempo de lectura\" \/>\n\t<meta name=\"twitter:data2\" content=\"2 minutos\" \/>\n<script type=\"application\/ld+json\" class=\"yoast-schema-graph\">{\"@context\":\"https:\\\/\\\/schema.org\",\"@graph\":[{\"@type\":\"Article\",\"@id\":\"https:\\\/\\\/www.vivaeurovision.com\\\/index.php\\\/2016\\\/02\\\/06\\\/lorena-gomez-tu-cara-me-suena\\\/#article\",\"isPartOf\":{\"@id\":\"https:\\\/\\\/www.vivaeurovision.com\\\/index.php\\\/2016\\\/02\\\/06\\\/lorena-gomez-tu-cara-me-suena\\\/\"},\"author\":{\"name\":\"Pedro Palomo\",\"@id\":\"https:\\\/\\\/www.vivaeurovision.com\\\/#\\\/schema\\\/person\\\/1d31fdaa3f5f7df556f73d164bd3c47a\"},\"headline\":\"LORENA G\u00d3MEZ \u00abDESTINO OSLO 2010\u00bb 1\u00aa CONCURSANTE DE LA 5\u00aa EDICI\u00d3N DE TU CARA ME SUENA\",\"datePublished\":\"2016-02-06T01:24:26+00:00\",\"dateModified\":\"2016-02-06T17:57:39+00:00\",\"mainEntityOfPage\":{\"@id\":\"https:\\\/\\\/www.vivaeurovision.com\\\/index.php\\\/2016\\\/02\\\/06\\\/lorena-gomez-tu-cara-me-suena\\\/\"},\"wordCount\":402,\"commentCount\":0,\"publisher\":{\"@id\":\"https:\\\/\\\/www.vivaeurovision.com\\\/#organization\"},\"image\":{\"@id\":\"https:\\\/\\\/www.vivaeurovision.com\\\/index.php\\\/2016\\\/02\\\/06\\\/lorena-gomez-tu-cara-me-suena\\\/#primaryimage\"},\"thumbnailUrl\":\"https:\\\/\\\/www.vivaeurovision.com\\\/wp-content\\\/uploads\\\/2016\\\/02\\\/image-12.jpeg\",\"keywords\":[\"amor m\u00e1gico\",\"antena3\",\"destino oslo 2010\",\"Lorena G\u00f3mez\",\"Lorena G\u00f3mez amor m\u00e1gico\",\"Lorena G\u00f3mez destino Oslo\",\"Pedro Palomo\",\"quinta edici\u00f3n tu cara me suena\",\"RTVE\",\"SPAIN 2010\",\"tu cara me suena\",\"tve\",\"viva eurovison\",\"vivaeurovision\"],\"articleSection\":[\"Inicio\",\"Noticias\",\"Ultima Hora\"],\"inLanguage\":\"es\",\"potentialAction\":[{\"@type\":\"CommentAction\",\"name\":\"Comment\",\"target\":[\"https:\\\/\\\/www.vivaeurovision.com\\\/index.php\\\/2016\\\/02\\\/06\\\/lorena-gomez-tu-cara-me-suena\\\/#respond\"]}]},{\"@type\":\"WebPage\",\"@id\":\"https:\\\/\\\/www.vivaeurovision.com\\\/index.php\\\/2016\\\/02\\\/06\\\/lorena-gomez-tu-cara-me-suena\\\/\",\"url\":\"https:\\\/\\\/www.vivaeurovision.com\\\/index.php\\\/2016\\\/02\\\/06\\\/lorena-gomez-tu-cara-me-suena\\\/\",\"name\":\"LORENA G\u00d3MEZ \\\"DESTINO OSLO 2010\\\" 1\u00aa CONCURSANTE DE LA 5\u00aa EDICI\u00d3N DE TU CARA ME SUENA - VIVAEUROVISION viva eurovision\",\"isPartOf\":{\"@id\":\"https:\\\/\\\/www.vivaeurovision.com\\\/#website\"},\"primaryImageOfPage\":{\"@id\":\"https:\\\/\\\/www.vivaeurovision.com\\\/index.php\\\/2016\\\/02\\\/06\\\/lorena-gomez-tu-cara-me-suena\\\/#primaryimage\"},\"image\":{\"@id\":\"https:\\\/\\\/www.vivaeurovision.com\\\/index.php\\\/2016\\\/02\\\/06\\\/lorena-gomez-tu-cara-me-suena\\\/#primaryimage\"},\"thumbnailUrl\":\"https:\\\/\\\/www.vivaeurovision.com\\\/wp-content\\\/uploads\\\/2016\\\/02\\\/image-12.jpeg\",\"datePublished\":\"2016-02-06T01:24:26+00:00\",\"dateModified\":\"2016-02-06T17:57:39+00:00\",\"breadcrumb\":{\"@id\":\"https:\\\/\\\/www.vivaeurovision.com\\\/index.php\\\/2016\\\/02\\\/06\\\/lorena-gomez-tu-cara-me-suena\\\/#breadcrumb\"},\"inLanguage\":\"es\",\"potentialAction\":[{\"@type\":\"ReadAction\",\"target\":[\"https:\\\/\\\/www.vivaeurovision.com\\\/index.php\\\/2016\\\/02\\\/06\\\/lorena-gomez-tu-cara-me-suena\\\/\"]}]},{\"@type\":\"ImageObject\",\"inLanguage\":\"es\",\"@id\":\"https:\\\/\\\/www.vivaeurovision.com\\\/index.php\\\/2016\\\/02\\\/06\\\/lorena-gomez-tu-cara-me-suena\\\/#primaryimage\",\"url\":\"https:\\\/\\\/www.vivaeurovision.com\\\/wp-content\\\/uploads\\\/2016\\\/02\\\/image-12.jpeg\",\"contentUrl\":\"https:\\\/\\\/www.vivaeurovision.com\\\/wp-content\\\/uploads\\\/2016\\\/02\\\/image-12.jpeg\",\"width\":1398,\"height\":1220},{\"@type\":\"BreadcrumbList\",\"@id\":\"https:\\\/\\\/www.vivaeurovision.com\\\/index.php\\\/2016\\\/02\\\/06\\\/lorena-gomez-tu-cara-me-suena\\\/#breadcrumb\",\"itemListElement\":[{\"@type\":\"ListItem\",\"position\":1,\"name\":\"Portada\",\"item\":\"https:\\\/\\\/www.vivaeurovision.com\\\/\"},{\"@type\":\"ListItem\",\"position\":2,\"name\":\"LORENA G\u00d3MEZ \u00abDESTINO OSLO 2010\u00bb 1\u00aa CONCURSANTE DE LA 5\u00aa EDICI\u00d3N DE TU CARA ME SUENA\"}]},{\"@type\":\"WebSite\",\"@id\":\"https:\\\/\\\/www.vivaeurovision.com\\\/#website\",\"url\":\"https:\\\/\\\/www.vivaeurovision.com\\\/\",\"name\":\"VIVAEUROVISION viva eurovision\",\"description\":\"Tu portal sobre el Festival de Eurovision, eurovision, eurovisi\u00f3n\",\"publisher\":{\"@id\":\"https:\\\/\\\/www.vivaeurovision.com\\\/#organization\"},\"potentialAction\":[{\"@type\":\"SearchAction\",\"target\":{\"@type\":\"EntryPoint\",\"urlTemplate\":\"https:\\\/\\\/www.vivaeurovision.com\\\/?s={search_term_string}\"},\"query-input\":{\"@type\":\"PropertyValueSpecification\",\"valueRequired\":true,\"valueName\":\"search_term_string\"}}],\"inLanguage\":\"es\"},{\"@type\":\"Organization\",\"@id\":\"https:\\\/\\\/www.vivaeurovision.com\\\/#organization\",\"name\":\"vivaeurovision\",\"url\":\"https:\\\/\\\/www.vivaeurovision.com\\\/\",\"logo\":{\"@type\":\"ImageObject\",\"inLanguage\":\"es\",\"@id\":\"https:\\\/\\\/www.vivaeurovision.com\\\/#\\\/schema\\\/logo\\\/image\\\/\",\"url\":\"https:\\\/\\\/www.vivaeurovision.com\\\/wp-content\\\/uploads\\\/2016\\\/01\\\/cropped-image-21-1.jpeg\",\"contentUrl\":\"https:\\\/\\\/www.vivaeurovision.com\\\/wp-content\\\/uploads\\\/2016\\\/01\\\/cropped-image-21-1.jpeg\",\"width\":669,\"height\":368,\"caption\":\"vivaeurovision\"},\"image\":{\"@id\":\"https:\\\/\\\/www.vivaeurovision.com\\\/#\\\/schema\\\/logo\\\/image\\\/\"}},{\"@type\":\"Person\",\"@id\":\"https:\\\/\\\/www.vivaeurovision.com\\\/#\\\/schema\\\/person\\\/1d31fdaa3f5f7df556f73d164bd3c47a\",\"name\":\"Pedro Palomo\",\"image\":{\"@type\":\"ImageObject\",\"inLanguage\":\"es\",\"@id\":\"https:\\\/\\\/secure.gravatar.com\\\/avatar\\\/4cf9a4877f5f71f44fb7cedbe1bac1bd28bd8ce7a217517d98d5b2117f9f5505?s=96&d=mm&r=g\",\"url\":\"https:\\\/\\\/secure.gravatar.com\\\/avatar\\\/4cf9a4877f5f71f44fb7cedbe1bac1bd28bd8ce7a217517d98d5b2117f9f5505?s=96&d=mm&r=g\",\"contentUrl\":\"https:\\\/\\\/secure.gravatar.com\\\/avatar\\\/4cf9a4877f5f71f44fb7cedbe1bac1bd28bd8ce7a217517d98d5b2117f9f5505?s=96&d=mm&r=g\",\"caption\":\"Pedro Palomo\"},\"sameAs\":[\"http:\\\/\\\/www.vivaeurovision.com\",\"@pedrobcn\",\"https:\\\/\\\/x.com\\\/@pedropalomobcn\"]}]}<\/script>\n<!-- \/ Yoast SEO plugin. -->","yoast_head_json":{"title":"LORENA G\u00d3MEZ \"DESTINO OSLO 2010\" 1\u00aa CONCURSANTE DE LA 5\u00aa EDICI\u00d3N DE TU CARA ME SUENA - VIVAEUROVISION viva eurovision","robots":{"index":"index","follow":"follow","max-snippet":"max-snippet:-1","max-image-preview":"max-image-preview:large","max-video-preview":"max-video-preview:-1"},"canonical":"https:\/\/www.vivaeurovision.com\/index.php\/2016\/02\/06\/lorena-gomez-tu-cara-me-suena\/","og_locale":"es_ES","og_type":"article","og_title":"LORENA G\u00d3MEZ \"DESTINO OSLO 2010\" 1\u00aa CONCURSANTE DE LA 5\u00aa EDICI\u00d3N DE TU CARA ME SUENA - VIVAEUROVISION viva eurovision","og_description":"Lorena G\u00f3mez, ganadora de Operaci\u00f3n Triunfo 2006 y tercera finalista con 77 puntos y su canci\u00f3n Amor M\u00e1gico en la preselecci\u00f3n para representar a Espa\u00f1a en el Festival de Eurovisi\u00f3n&#46;&#46;&#46;","og_url":"https:\/\/www.vivaeurovision.com\/index.php\/2016\/02\/06\/lorena-gomez-tu-cara-me-suena\/","og_site_name":"VIVAEUROVISION viva eurovision","article_published_time":"2016-02-06T01:24:26+00:00","article_modified_time":"2016-02-06T17:57:39+00:00","og_image":[{"width":1398,"height":1220,"url":"https:\/\/www.vivaeurovision.com\/wp-content\/uploads\/2016\/02\/image-12.jpeg","type":"image\/jpeg"}],"author":"Pedro Palomo","twitter_card":"summary_large_image","twitter_creator":"@pedropalomobcn","twitter_misc":{"Escrito por":"Pedro Palomo","Tiempo de lectura":"2 minutos"},"schema":{"@context":"https:\/\/schema.org","@graph":[{"@type":"Article","@id":"https:\/\/www.vivaeurovision.com\/index.php\/2016\/02\/06\/lorena-gomez-tu-cara-me-suena\/#article","isPartOf":{"@id":"https:\/\/www.vivaeurovision.com\/index.php\/2016\/02\/06\/lorena-gomez-tu-cara-me-suena\/"},"author":{"name":"Pedro Palomo","@id":"https:\/\/www.vivaeurovision.com\/#\/schema\/person\/1d31fdaa3f5f7df556f73d164bd3c47a"},"headline":"LORENA G\u00d3MEZ \u00abDESTINO OSLO 2010\u00bb 1\u00aa CONCURSANTE DE LA 5\u00aa EDICI\u00d3N DE TU CARA ME SUENA","datePublished":"2016-02-06T01:24:26+00:00","dateModified":"2016-02-06T17:57:39+00:00","mainEntityOfPage":{"@id":"https:\/\/www.vivaeurovision.com\/index.php\/2016\/02\/06\/lorena-gomez-tu-cara-me-suena\/"},"wordCount":402,"commentCount":0,"publisher":{"@id":"https:\/\/www.vivaeurovision.com\/#organization"},"image":{"@id":"https:\/\/www.vivaeurovision.com\/index.php\/2016\/02\/06\/lorena-gomez-tu-cara-me-suena\/#primaryimage"},"thumbnailUrl":"https:\/\/www.vivaeurovision.com\/wp-content\/uploads\/2016\/02\/image-12.jpeg","keywords":["amor m\u00e1gico","antena3","destino oslo 2010","Lorena G\u00f3mez","Lorena G\u00f3mez amor m\u00e1gico","Lorena G\u00f3mez destino Oslo","Pedro Palomo","quinta edici\u00f3n tu cara me suena","RTVE","SPAIN 2010","tu cara me suena","tve","viva eurovison","vivaeurovision"],"articleSection":["Inicio","Noticias","Ultima Hora"],"inLanguage":"es","potentialAction":[{"@type":"CommentAction","name":"Comment","target":["https:\/\/www.vivaeurovision.com\/index.php\/2016\/02\/06\/lorena-gomez-tu-cara-me-suena\/#respond"]}]},{"@type":"WebPage","@id":"https:\/\/www.vivaeurovision.com\/index.php\/2016\/02\/06\/lorena-gomez-tu-cara-me-suena\/","url":"https:\/\/www.vivaeurovision.com\/index.php\/2016\/02\/06\/lorena-gomez-tu-cara-me-suena\/","name":"LORENA G\u00d3MEZ \"DESTINO OSLO 2010\" 1\u00aa CONCURSANTE DE LA 5\u00aa EDICI\u00d3N DE TU CARA ME SUENA - VIVAEUROVISION viva eurovision","isPartOf":{"@id":"https:\/\/www.vivaeurovision.com\/#website"},"primaryImageOfPage":{"@id":"https:\/\/www.vivaeurovision.com\/index.php\/2016\/02\/06\/lorena-gomez-tu-cara-me-suena\/#primaryimage"},"image":{"@id":"https:\/\/www.vivaeurovision.com\/index.php\/2016\/02\/06\/lorena-gomez-tu-cara-me-suena\/#primaryimage"},"thumbnailUrl":"https:\/\/www.vivaeurovision.com\/wp-content\/uploads\/2016\/02\/image-12.jpeg","datePublished":"2016-02-06T01:24:26+00:00","dateModified":"2016-02-06T17:57:39+00:00","breadcrumb":{"@id":"https:\/\/www.vivaeurovision.com\/index.php\/2016\/02\/06\/lorena-gomez-tu-cara-me-suena\/#breadcrumb"},"inLanguage":"es","potentialAction":[{"@type":"ReadAction","target":["https:\/\/www.vivaeurovision.com\/index.php\/2016\/02\/06\/lorena-gomez-tu-cara-me-suena\/"]}]},{"@type":"ImageObject","inLanguage":"es","@id":"https:\/\/www.vivaeurovision.com\/index.php\/2016\/02\/06\/lorena-gomez-tu-cara-me-suena\/#primaryimage","url":"https:\/\/www.vivaeurovision.com\/wp-content\/uploads\/2016\/02\/image-12.jpeg","contentUrl":"https:\/\/www.vivaeurovision.com\/wp-content\/uploads\/2016\/02\/image-12.jpeg","width":1398,"height":1220},{"@type":"BreadcrumbList","@id":"https:\/\/www.vivaeurovision.com\/index.php\/2016\/02\/06\/lorena-gomez-tu-cara-me-suena\/#breadcrumb","itemListElement":[{"@type":"ListItem","position":1,"name":"Portada","item":"https:\/\/www.vivaeurovision.com\/"},{"@type":"ListItem","position":2,"name":"LORENA G\u00d3MEZ \u00abDESTINO OSLO 2010\u00bb 1\u00aa CONCURSANTE DE LA 5\u00aa EDICI\u00d3N DE TU CARA ME SUENA"}]},{"@type":"WebSite","@id":"https:\/\/www.vivaeurovision.com\/#website","url":"https:\/\/www.vivaeurovision.com\/","name":"VIVAEUROVISION viva eurovision","description":"Tu portal sobre el Festival de Eurovision, eurovision, eurovisi\u00f3n","publisher":{"@id":"https:\/\/www.vivaeurovision.com\/#organization"},"potentialAction":[{"@type":"SearchAction","target":{"@type":"EntryPoint","urlTemplate":"https:\/\/www.vivaeurovision.com\/?s={search_term_string}"},"query-input":{"@type":"PropertyValueSpecification","valueRequired":true,"valueName":"search_term_string"}}],"inLanguage":"es"},{"@type":"Organization","@id":"https:\/\/www.vivaeurovision.com\/#organization","name":"vivaeurovision","url":"https:\/\/www.vivaeurovision.com\/","logo":{"@type":"ImageObject","inLanguage":"es","@id":"https:\/\/www.vivaeurovision.com\/#\/schema\/logo\/image\/","url":"https:\/\/www.vivaeurovision.com\/wp-content\/uploads\/2016\/01\/cropped-image-21-1.jpeg","contentUrl":"https:\/\/www.vivaeurovision.com\/wp-content\/uploads\/2016\/01\/cropped-image-21-1.jpeg","width":669,"height":368,"caption":"vivaeurovision"},"image":{"@id":"https:\/\/www.vivaeurovision.com\/#\/schema\/logo\/image\/"}},{"@type":"Person","@id":"https:\/\/www.vivaeurovision.com\/#\/schema\/person\/1d31fdaa3f5f7df556f73d164bd3c47a","name":"Pedro Palomo","image":{"@type":"ImageObject","inLanguage":"es","@id":"https:\/\/secure.gravatar.com\/avatar\/4cf9a4877f5f71f44fb7cedbe1bac1bd28bd8ce7a217517d98d5b2117f9f5505?s=96&d=mm&r=g","url":"https:\/\/secure.gravatar.com\/avatar\/4cf9a4877f5f71f44fb7cedbe1bac1bd28bd8ce7a217517d98d5b2117f9f5505?s=96&d=mm&r=g","contentUrl":"https:\/\/secure.gravatar.com\/avatar\/4cf9a4877f5f71f44fb7cedbe1bac1bd28bd8ce7a217517d98d5b2117f9f5505?s=96&d=mm&r=g","caption":"Pedro Palomo"},"sameAs":["http:\/\/www.vivaeurovision.com","@pedrobcn","https:\/\/x.com\/@pedropalomobcn"]}]}},"_links":{"self":[{"href":"https:\/\/www.vivaeurovision.com\/index.php\/wp-json\/wp\/v2\/posts\/695","targetHints":{"allow":["GET"]}}],"collection":[{"href":"https:\/\/www.vivaeurovision.com\/index.php\/wp-json\/wp\/v2\/posts"}],"about":[{"href":"https:\/\/www.vivaeurovision.com\/index.php\/wp-json\/wp\/v2\/types\/post"}],"author":[{"embeddable":true,"href":"https:\/\/www.vivaeurovision.com\/index.php\/wp-json\/wp\/v2\/users\/1"}],"replies":[{"embeddable":true,"href":"https:\/\/www.vivaeurovision.com\/index.php\/wp-json\/wp\/v2\/comments?post=695"}],"version-history":[{"count":0,"href":"https:\/\/www.vivaeurovision.com\/index.php\/wp-json\/wp\/v2\/posts\/695\/revisions"}],"wp:featuredmedia":[{"embeddable":true,"href":"https:\/\/www.vivaeurovision.com\/index.php\/wp-json\/wp\/v2\/media\/704"}],"wp:attachment":[{"href":"https:\/\/www.vivaeurovision.com\/index.php\/wp-json\/wp\/v2\/media?parent=695"}],"wp:term":[{"taxonomy":"category","embeddable":true,"href":"https:\/\/www.vivaeurovision.com\/index.php\/wp-json\/wp\/v2\/categories?post=695"},{"taxonomy":"post_tag","embeddable":true,"href":"https:\/\/www.vivaeurovision.com\/index.php\/wp-json\/wp\/v2\/tags?post=695"}],"curies":[{"name":"wp","href":"https:\/\/api.w.org\/{rel}","templated":true}]}}