{"id":6983,"date":"2018-03-11T19:27:47","date_gmt":"2018-03-11T19:27:47","guid":{"rendered":"http:\/\/www.vivaeurovision.com\/?p=6983"},"modified":"2018-03-11T19:27:47","modified_gmt":"2018-03-11T19:27:47","slug":"6983-eurovision-eye-cue","status":"publish","type":"post","link":"https:\/\/www.vivaeurovision.com\/index.php\/2018\/03\/11\/6983-eurovision-eye-cue\/","title":{"rendered":"Macedonia presenta Lost And Found, canci\u00f3n con la que Eye Cue competir\u00e1n en Eurovisi\u00f3n 2018"},"content":{"rendered":"<h2>Escucha Lost And Found, canci\u00f3n con la que Macedonia participar\u00e1 en el Festival de Eurovisi\u00f3n 2018<\/h2>\n<p><img loading=\"lazy\" decoding=\"async\" class=\"alignnone size-medium wp-image-7014\" src=\"http:\/\/www.vivaeurovision.com\/wp-content\/uploads\/2018\/03\/90B3CA5F-B4B2-4DC4-950C-009A706EC8E3-300x122.jpeg\" alt=\"eurovision\" width=\"300\" height=\"122\" srcset=\"https:\/\/www.vivaeurovision.com\/wp-content\/uploads\/2018\/03\/90B3CA5F-B4B2-4DC4-950C-009A706EC8E3-300x122.jpeg 300w, https:\/\/www.vivaeurovision.com\/wp-content\/uploads\/2018\/03\/90B3CA5F-B4B2-4DC4-950C-009A706EC8E3-700x285.jpeg 700w\" sizes=\"auto, (max-width: 300px) 100vw, 300px\" \/><\/p>\n<p>Un tema escrito por\u00a0Bojan Trajkovski, componente de la grupo.<\/p>\n<p>Macedonia apuesta por un tema actual con influencias pop y regaee.<\/p>\n<p><iframe loading=\"lazy\"  id=\"_ytid_53095\"  width=\"480\" height=\"270\"  data-origwidth=\"480\" data-origheight=\"270\" src=\"https:\/\/www.youtube.com\/embed\/hJ8vStigz7k?enablejsapi=1&#038;autoplay=0&#038;cc_load_policy=0&#038;cc_lang_pref=&#038;iv_load_policy=1&#038;loop=0&#038;rel=1&#038;fs=1&#038;playsinline=0&#038;autohide=2&#038;theme=dark&#038;color=red&#038;controls=1&#038;disablekb=0&#038;\" class=\"__youtube_prefs__  epyt-is-override  no-lazyload\" title=\"YouTube player\"  allow=\"fullscreen; accelerometer; autoplay; clipboard-write; encrypted-media; gyroscope; picture-in-picture; web-share\" referrerpolicy=\"strict-origin-when-cross-origin\" allowfullscreen data-no-lazy=\"1\" data-skipgform_ajax_framebjll=\"\"><\/iframe><\/p>\n<p>Con la produccion del tema viene de la mano de Darko Dimitrov, uno de los mayores productores de los Balcanes.<\/p>\n<p><img loading=\"lazy\" decoding=\"async\" class=\"alignnone size-medium wp-image-6623\" src=\"http:\/\/www.vivaeurovision.com\/wp-content\/uploads\/2018\/02\/6CDBA4A7-01F7-4727-AD32-4A350EF35BF5-300x200.jpeg\" alt=\"eurovision\" width=\"300\" height=\"200\" srcset=\"https:\/\/www.vivaeurovision.com\/wp-content\/uploads\/2018\/02\/6CDBA4A7-01F7-4727-AD32-4A350EF35BF5-300x200.jpeg 300w, https:\/\/www.vivaeurovision.com\/wp-content\/uploads\/2018\/02\/6CDBA4A7-01F7-4727-AD32-4A350EF35BF5-700x467.jpeg 700w, https:\/\/www.vivaeurovision.com\/wp-content\/uploads\/2018\/02\/6CDBA4A7-01F7-4727-AD32-4A350EF35BF5.jpeg 960w\" sizes=\"auto, (max-width: 300px) 100vw, 300px\" \/><\/p>\n<p><img loading=\"lazy\" decoding=\"async\" class=\"alignnone size-medium wp-image-311\" src=\"http:\/\/www.vivaeurovision.com\/wp-content\/uploads\/2016\/01\/image-21-300x165.jpeg\" alt=\"VIVAEUROVISION.COM\" width=\"300\" height=\"165\" srcset=\"https:\/\/www.vivaeurovision.com\/wp-content\/uploads\/2016\/01\/image-21-300x165.jpeg 300w, https:\/\/www.vivaeurovision.com\/wp-content\/uploads\/2016\/01\/image-21-555x305.jpeg 555w, https:\/\/www.vivaeurovision.com\/wp-content\/uploads\/2016\/01\/image-21.jpeg 669w\" sizes=\"auto, (max-width: 300px) 100vw, 300px\" \/><\/p>\n<p>Twitter\u00a0<strong> <a href=\"https:\/\/twitter.com\/viva_eurovision\" target=\"_blank\" rel=\"noopener noreferrer\">@viva_eurovision<\/a>\u00a0 <a href=\"https:\/\/www.facebook.com\/Vivaeurovisioncom-867806686671081\/?fref=nf\" target=\"_blank\" rel=\"noopener noreferrer\">FACEBOOK OFICIAL VIVA EUROVISION <\/a><\/strong>Instragram <strong>\u00a0<\/strong><a href=\"https:\/\/www.instagram.com\/vivaeurovision\/\" target=\"_blank\" rel=\"noopener noreferrer\"><strong>@vivaeurovision<\/strong><\/a><\/p>\n<p>Redactor: Pedro Palomo <a href=\"https:\/\/twitter.com\/pedropalomobcn?lang=es\"><strong>@pedropalomobcn<\/strong><\/a><strong>\u00a0<\/strong>Instagram <a href=\"https:\/\/www.instagram.com\/pedrobcn\/\" target=\"_blank\" rel=\"noopener noreferrer\"><strong>@pedrobcn<\/strong><\/a><\/p>\n<p>Imagenes: \u00a9Eye Cue<\/p>\n","protected":false},"excerpt":{"rendered":"<p>Escucha Lost And Found, canci\u00f3n con la que Macedonia participar\u00e1 en el Festival de Eurovisi\u00f3n 2018 Un tema escrito por\u00a0Bojan Trajkovski, componente de la grupo. Macedonia apuesta por un tema&#46;&#46;&#46;<\/p>\n","protected":false},"author":1,"featured_media":7014,"comment_status":"open","ping_status":"closed","sticky":false,"template":"","format":"standard","meta":{"_exactmetrics_skip_tracking":false,"_exactmetrics_sitenote_active":false,"_exactmetrics_sitenote_note":"","_exactmetrics_sitenote_category":0,"footnotes":""},"categories":[1195,2144,4,1188,2,3],"tags":[2490,17,2145,11,2086,2491,2291,2142,2290,2289,1789,2464,1476,706,2787,2788,2789,2790,1096,34,19,20,766,23,22],"class_list":["post-6983","post","type-post","status-publish","format-standard","has-post-thumbnail","hentry","category-eurovision-2","category-eurovision-2018","category-eurovision","category-noticia-2","category-noticia","category-ultima-hora","tag-all-aboard","tag-esc","tag-esc-2018","tag-eurovision","tag-eurovision-2018","tag-eurovision-all-aboard","tag-eurovision-lisboa","tag-eurovision-lisboa-2018","tag-eurovision-lisbon","tag-eurovision-lisbon-2018","tag-eurovision-macedonia","tag-eurovision-macedonia-2018","tag-eurovision-song-contest","tag-eurovision-song-contest-festival","tag-eye-cue","tag-eye-cue-eurovision","tag-eye-cue-lost-and-found","tag-eye-cue-macedonia","tag-festival-de-eurovision","tag-noticia","tag-pedro-palomo","tag-pedro-palomo-eurovision","tag-pedro-palomo-vivaeurovision","tag-viva-eurovision","tag-vivaeurovision"],"yoast_head":"<!-- This site is optimized with the Yoast SEO plugin v27.5 - https:\/\/yoast.com\/product\/yoast-seo-wordpress\/ -->\n<title>Macedonia presenta Lost And Found, canci\u00f3n con la que Eye Cue competir\u00e1n en Eurovisi\u00f3n 2018 - VIVAEUROVISION viva eurovision<\/title>\n<meta name=\"description\" content=\"Eye Cue, Eye Cue Lost And Found, Eye Cue eurovision, Macedonia eurovision 2018, vivaeurovision, viva eurovisi\u00f3n, Festival de Eurovisi\u00f3n, eurovision, eurovision 2018\" \/>\n<meta name=\"robots\" content=\"index, follow, max-snippet:-1, max-image-preview:large, max-video-preview:-1\" \/>\n<link rel=\"canonical\" href=\"https:\/\/www.vivaeurovision.com\/index.php\/2018\/03\/11\/6983-eurovision-eye-cue\/\" \/>\n<meta property=\"og:locale\" content=\"es_ES\" \/>\n<meta property=\"og:type\" content=\"article\" \/>\n<meta property=\"og:title\" content=\"Macedonia presenta Lost And Found, canci\u00f3n con la que Eye Cue competir\u00e1n en Eurovisi\u00f3n 2018 - VIVAEUROVISION viva eurovision\" \/>\n<meta property=\"og:description\" content=\"Eye Cue, Eye Cue Lost And Found, Eye Cue eurovision, Macedonia eurovision 2018, vivaeurovision, viva eurovisi\u00f3n, Festival de Eurovisi\u00f3n, eurovision, eurovision 2018\" \/>\n<meta property=\"og:url\" content=\"https:\/\/www.vivaeurovision.com\/index.php\/2018\/03\/11\/6983-eurovision-eye-cue\/\" \/>\n<meta property=\"og:site_name\" content=\"VIVAEUROVISION viva eurovision\" \/>\n<meta property=\"article:published_time\" content=\"2018-03-11T19:27:47+00:00\" \/>\n<meta property=\"og:image\" content=\"https:\/\/www.vivaeurovision.com\/wp-content\/uploads\/2018\/03\/90B3CA5F-B4B2-4DC4-950C-009A706EC8E3.jpeg\" \/>\n\t<meta property=\"og:image:width\" content=\"2208\" \/>\n\t<meta property=\"og:image:height\" content=\"899\" \/>\n\t<meta property=\"og:image:type\" content=\"image\/jpeg\" \/>\n<meta name=\"author\" content=\"Pedro Palomo\" \/>\n<meta name=\"twitter:card\" content=\"summary_large_image\" \/>\n<meta name=\"twitter:creator\" content=\"@pedropalomobcn\" \/>\n<meta name=\"twitter:label1\" content=\"Escrito por\" \/>\n\t<meta name=\"twitter:data1\" content=\"Pedro Palomo\" \/>\n<script type=\"application\/ld+json\" class=\"yoast-schema-graph\">{\"@context\":\"https:\\\/\\\/schema.org\",\"@graph\":[{\"@type\":\"Article\",\"@id\":\"https:\\\/\\\/www.vivaeurovision.com\\\/index.php\\\/2018\\\/03\\\/11\\\/6983-eurovision-eye-cue\\\/#article\",\"isPartOf\":{\"@id\":\"https:\\\/\\\/www.vivaeurovision.com\\\/index.php\\\/2018\\\/03\\\/11\\\/6983-eurovision-eye-cue\\\/\"},\"author\":{\"name\":\"Pedro Palomo\",\"@id\":\"https:\\\/\\\/www.vivaeurovision.com\\\/#\\\/schema\\\/person\\\/1d31fdaa3f5f7df556f73d164bd3c47a\"},\"headline\":\"Macedonia presenta Lost And Found, canci\u00f3n con la que Eye Cue competir\u00e1n en Eurovisi\u00f3n 2018\",\"datePublished\":\"2018-03-11T19:27:47+00:00\",\"mainEntityOfPage\":{\"@id\":\"https:\\\/\\\/www.vivaeurovision.com\\\/index.php\\\/2018\\\/03\\\/11\\\/6983-eurovision-eye-cue\\\/\"},\"wordCount\":99,\"commentCount\":0,\"publisher\":{\"@id\":\"https:\\\/\\\/www.vivaeurovision.com\\\/#organization\"},\"image\":{\"@id\":\"https:\\\/\\\/www.vivaeurovision.com\\\/index.php\\\/2018\\\/03\\\/11\\\/6983-eurovision-eye-cue\\\/#primaryimage\"},\"thumbnailUrl\":\"https:\\\/\\\/www.vivaeurovision.com\\\/wp-content\\\/uploads\\\/2018\\\/03\\\/90B3CA5F-B4B2-4DC4-950C-009A706EC8E3.jpeg\",\"keywords\":[\"all aboard\",\"ESC\",\"esc 2018\",\"Eurovision\",\"eurovision 2018\",\"Eurovision all aboard\",\"eurovision lisboa\",\"eurovision Lisboa 2018\",\"eurovision lisbon\",\"eurovision lisbon 2018\",\"eurovision macedonia\",\"eurovision macedonia 2018\",\"eurovision song contest\",\"eurovision song contest festival\",\"Eye Cue\",\"Eye Cue eurovision\",\"Eye Cue lost and found\",\"Eye Cue Macedonia\",\"Festival de Eurovisi\u00f3n\",\"Noticia\",\"Pedro Palomo\",\"Pedro Palomo Eurovision\",\"Pedro Palomo Vivaeurovision\",\"viva eurovision\",\"vivaeurovision\"],\"articleSection\":[\"eurovision\",\"eurovision 2018\",\"Inicio\",\"Noticia\",\"Noticias\",\"Ultima Hora\"],\"inLanguage\":\"es\",\"potentialAction\":[{\"@type\":\"CommentAction\",\"name\":\"Comment\",\"target\":[\"https:\\\/\\\/www.vivaeurovision.com\\\/index.php\\\/2018\\\/03\\\/11\\\/6983-eurovision-eye-cue\\\/#respond\"]}]},{\"@type\":\"WebPage\",\"@id\":\"https:\\\/\\\/www.vivaeurovision.com\\\/index.php\\\/2018\\\/03\\\/11\\\/6983-eurovision-eye-cue\\\/\",\"url\":\"https:\\\/\\\/www.vivaeurovision.com\\\/index.php\\\/2018\\\/03\\\/11\\\/6983-eurovision-eye-cue\\\/\",\"name\":\"Macedonia presenta Lost And Found, canci\u00f3n con la que Eye Cue competir\u00e1n en Eurovisi\u00f3n 2018 - VIVAEUROVISION viva eurovision\",\"isPartOf\":{\"@id\":\"https:\\\/\\\/www.vivaeurovision.com\\\/#website\"},\"primaryImageOfPage\":{\"@id\":\"https:\\\/\\\/www.vivaeurovision.com\\\/index.php\\\/2018\\\/03\\\/11\\\/6983-eurovision-eye-cue\\\/#primaryimage\"},\"image\":{\"@id\":\"https:\\\/\\\/www.vivaeurovision.com\\\/index.php\\\/2018\\\/03\\\/11\\\/6983-eurovision-eye-cue\\\/#primaryimage\"},\"thumbnailUrl\":\"https:\\\/\\\/www.vivaeurovision.com\\\/wp-content\\\/uploads\\\/2018\\\/03\\\/90B3CA5F-B4B2-4DC4-950C-009A706EC8E3.jpeg\",\"datePublished\":\"2018-03-11T19:27:47+00:00\",\"description\":\"Eye Cue, Eye Cue Lost And Found, Eye Cue eurovision, Macedonia eurovision 2018, vivaeurovision, viva eurovisi\u00f3n, Festival de Eurovisi\u00f3n, eurovision, eurovision 2018\",\"breadcrumb\":{\"@id\":\"https:\\\/\\\/www.vivaeurovision.com\\\/index.php\\\/2018\\\/03\\\/11\\\/6983-eurovision-eye-cue\\\/#breadcrumb\"},\"inLanguage\":\"es\",\"potentialAction\":[{\"@type\":\"ReadAction\",\"target\":[\"https:\\\/\\\/www.vivaeurovision.com\\\/index.php\\\/2018\\\/03\\\/11\\\/6983-eurovision-eye-cue\\\/\"]}]},{\"@type\":\"ImageObject\",\"inLanguage\":\"es\",\"@id\":\"https:\\\/\\\/www.vivaeurovision.com\\\/index.php\\\/2018\\\/03\\\/11\\\/6983-eurovision-eye-cue\\\/#primaryimage\",\"url\":\"https:\\\/\\\/www.vivaeurovision.com\\\/wp-content\\\/uploads\\\/2018\\\/03\\\/90B3CA5F-B4B2-4DC4-950C-009A706EC8E3.jpeg\",\"contentUrl\":\"https:\\\/\\\/www.vivaeurovision.com\\\/wp-content\\\/uploads\\\/2018\\\/03\\\/90B3CA5F-B4B2-4DC4-950C-009A706EC8E3.jpeg\",\"width\":2208,\"height\":899,\"caption\":\"eurovision\"},{\"@type\":\"BreadcrumbList\",\"@id\":\"https:\\\/\\\/www.vivaeurovision.com\\\/index.php\\\/2018\\\/03\\\/11\\\/6983-eurovision-eye-cue\\\/#breadcrumb\",\"itemListElement\":[{\"@type\":\"ListItem\",\"position\":1,\"name\":\"Portada\",\"item\":\"https:\\\/\\\/www.vivaeurovision.com\\\/\"},{\"@type\":\"ListItem\",\"position\":2,\"name\":\"Macedonia presenta Lost And Found, canci\u00f3n con la que Eye Cue competir\u00e1n en Eurovisi\u00f3n 2018\"}]},{\"@type\":\"WebSite\",\"@id\":\"https:\\\/\\\/www.vivaeurovision.com\\\/#website\",\"url\":\"https:\\\/\\\/www.vivaeurovision.com\\\/\",\"name\":\"VIVAEUROVISION viva eurovision\",\"description\":\"Tu portal sobre el Festival de Eurovision, eurovision, eurovisi\u00f3n\",\"publisher\":{\"@id\":\"https:\\\/\\\/www.vivaeurovision.com\\\/#organization\"},\"potentialAction\":[{\"@type\":\"SearchAction\",\"target\":{\"@type\":\"EntryPoint\",\"urlTemplate\":\"https:\\\/\\\/www.vivaeurovision.com\\\/?s={search_term_string}\"},\"query-input\":{\"@type\":\"PropertyValueSpecification\",\"valueRequired\":true,\"valueName\":\"search_term_string\"}}],\"inLanguage\":\"es\"},{\"@type\":\"Organization\",\"@id\":\"https:\\\/\\\/www.vivaeurovision.com\\\/#organization\",\"name\":\"vivaeurovision\",\"url\":\"https:\\\/\\\/www.vivaeurovision.com\\\/\",\"logo\":{\"@type\":\"ImageObject\",\"inLanguage\":\"es\",\"@id\":\"https:\\\/\\\/www.vivaeurovision.com\\\/#\\\/schema\\\/logo\\\/image\\\/\",\"url\":\"https:\\\/\\\/www.vivaeurovision.com\\\/wp-content\\\/uploads\\\/2016\\\/01\\\/cropped-image-21-1.jpeg\",\"contentUrl\":\"https:\\\/\\\/www.vivaeurovision.com\\\/wp-content\\\/uploads\\\/2016\\\/01\\\/cropped-image-21-1.jpeg\",\"width\":669,\"height\":368,\"caption\":\"vivaeurovision\"},\"image\":{\"@id\":\"https:\\\/\\\/www.vivaeurovision.com\\\/#\\\/schema\\\/logo\\\/image\\\/\"}},{\"@type\":\"Person\",\"@id\":\"https:\\\/\\\/www.vivaeurovision.com\\\/#\\\/schema\\\/person\\\/1d31fdaa3f5f7df556f73d164bd3c47a\",\"name\":\"Pedro Palomo\",\"image\":{\"@type\":\"ImageObject\",\"inLanguage\":\"es\",\"@id\":\"https:\\\/\\\/secure.gravatar.com\\\/avatar\\\/4cf9a4877f5f71f44fb7cedbe1bac1bd28bd8ce7a217517d98d5b2117f9f5505?s=96&d=mm&r=g\",\"url\":\"https:\\\/\\\/secure.gravatar.com\\\/avatar\\\/4cf9a4877f5f71f44fb7cedbe1bac1bd28bd8ce7a217517d98d5b2117f9f5505?s=96&d=mm&r=g\",\"contentUrl\":\"https:\\\/\\\/secure.gravatar.com\\\/avatar\\\/4cf9a4877f5f71f44fb7cedbe1bac1bd28bd8ce7a217517d98d5b2117f9f5505?s=96&d=mm&r=g\",\"caption\":\"Pedro Palomo\"},\"sameAs\":[\"http:\\\/\\\/www.vivaeurovision.com\",\"@pedrobcn\",\"https:\\\/\\\/x.com\\\/@pedropalomobcn\"]}]}<\/script>\n<!-- \/ Yoast SEO plugin. -->","yoast_head_json":{"title":"Macedonia presenta Lost And Found, canci\u00f3n con la que Eye Cue competir\u00e1n en Eurovisi\u00f3n 2018 - VIVAEUROVISION viva eurovision","description":"Eye Cue, Eye Cue Lost And Found, Eye Cue eurovision, Macedonia eurovision 2018, vivaeurovision, viva eurovisi\u00f3n, Festival de Eurovisi\u00f3n, eurovision, eurovision 2018","robots":{"index":"index","follow":"follow","max-snippet":"max-snippet:-1","max-image-preview":"max-image-preview:large","max-video-preview":"max-video-preview:-1"},"canonical":"https:\/\/www.vivaeurovision.com\/index.php\/2018\/03\/11\/6983-eurovision-eye-cue\/","og_locale":"es_ES","og_type":"article","og_title":"Macedonia presenta Lost And Found, canci\u00f3n con la que Eye Cue competir\u00e1n en Eurovisi\u00f3n 2018 - VIVAEUROVISION viva eurovision","og_description":"Eye Cue, Eye Cue Lost And Found, Eye Cue eurovision, Macedonia eurovision 2018, vivaeurovision, viva eurovisi\u00f3n, Festival de Eurovisi\u00f3n, eurovision, eurovision 2018","og_url":"https:\/\/www.vivaeurovision.com\/index.php\/2018\/03\/11\/6983-eurovision-eye-cue\/","og_site_name":"VIVAEUROVISION viva eurovision","article_published_time":"2018-03-11T19:27:47+00:00","og_image":[{"width":2208,"height":899,"url":"https:\/\/www.vivaeurovision.com\/wp-content\/uploads\/2018\/03\/90B3CA5F-B4B2-4DC4-950C-009A706EC8E3.jpeg","type":"image\/jpeg"}],"author":"Pedro Palomo","twitter_card":"summary_large_image","twitter_creator":"@pedropalomobcn","twitter_misc":{"Escrito por":"Pedro Palomo"},"schema":{"@context":"https:\/\/schema.org","@graph":[{"@type":"Article","@id":"https:\/\/www.vivaeurovision.com\/index.php\/2018\/03\/11\/6983-eurovision-eye-cue\/#article","isPartOf":{"@id":"https:\/\/www.vivaeurovision.com\/index.php\/2018\/03\/11\/6983-eurovision-eye-cue\/"},"author":{"name":"Pedro Palomo","@id":"https:\/\/www.vivaeurovision.com\/#\/schema\/person\/1d31fdaa3f5f7df556f73d164bd3c47a"},"headline":"Macedonia presenta Lost And Found, canci\u00f3n con la que Eye Cue competir\u00e1n en Eurovisi\u00f3n 2018","datePublished":"2018-03-11T19:27:47+00:00","mainEntityOfPage":{"@id":"https:\/\/www.vivaeurovision.com\/index.php\/2018\/03\/11\/6983-eurovision-eye-cue\/"},"wordCount":99,"commentCount":0,"publisher":{"@id":"https:\/\/www.vivaeurovision.com\/#organization"},"image":{"@id":"https:\/\/www.vivaeurovision.com\/index.php\/2018\/03\/11\/6983-eurovision-eye-cue\/#primaryimage"},"thumbnailUrl":"https:\/\/www.vivaeurovision.com\/wp-content\/uploads\/2018\/03\/90B3CA5F-B4B2-4DC4-950C-009A706EC8E3.jpeg","keywords":["all aboard","ESC","esc 2018","Eurovision","eurovision 2018","Eurovision all aboard","eurovision lisboa","eurovision Lisboa 2018","eurovision lisbon","eurovision lisbon 2018","eurovision macedonia","eurovision macedonia 2018","eurovision song contest","eurovision song contest festival","Eye Cue","Eye Cue eurovision","Eye Cue lost and found","Eye Cue Macedonia","Festival de Eurovisi\u00f3n","Noticia","Pedro Palomo","Pedro Palomo Eurovision","Pedro Palomo Vivaeurovision","viva eurovision","vivaeurovision"],"articleSection":["eurovision","eurovision 2018","Inicio","Noticia","Noticias","Ultima Hora"],"inLanguage":"es","potentialAction":[{"@type":"CommentAction","name":"Comment","target":["https:\/\/www.vivaeurovision.com\/index.php\/2018\/03\/11\/6983-eurovision-eye-cue\/#respond"]}]},{"@type":"WebPage","@id":"https:\/\/www.vivaeurovision.com\/index.php\/2018\/03\/11\/6983-eurovision-eye-cue\/","url":"https:\/\/www.vivaeurovision.com\/index.php\/2018\/03\/11\/6983-eurovision-eye-cue\/","name":"Macedonia presenta Lost And Found, canci\u00f3n con la que Eye Cue competir\u00e1n en Eurovisi\u00f3n 2018 - VIVAEUROVISION viva eurovision","isPartOf":{"@id":"https:\/\/www.vivaeurovision.com\/#website"},"primaryImageOfPage":{"@id":"https:\/\/www.vivaeurovision.com\/index.php\/2018\/03\/11\/6983-eurovision-eye-cue\/#primaryimage"},"image":{"@id":"https:\/\/www.vivaeurovision.com\/index.php\/2018\/03\/11\/6983-eurovision-eye-cue\/#primaryimage"},"thumbnailUrl":"https:\/\/www.vivaeurovision.com\/wp-content\/uploads\/2018\/03\/90B3CA5F-B4B2-4DC4-950C-009A706EC8E3.jpeg","datePublished":"2018-03-11T19:27:47+00:00","description":"Eye Cue, Eye Cue Lost And Found, Eye Cue eurovision, Macedonia eurovision 2018, vivaeurovision, viva eurovisi\u00f3n, Festival de Eurovisi\u00f3n, eurovision, eurovision 2018","breadcrumb":{"@id":"https:\/\/www.vivaeurovision.com\/index.php\/2018\/03\/11\/6983-eurovision-eye-cue\/#breadcrumb"},"inLanguage":"es","potentialAction":[{"@type":"ReadAction","target":["https:\/\/www.vivaeurovision.com\/index.php\/2018\/03\/11\/6983-eurovision-eye-cue\/"]}]},{"@type":"ImageObject","inLanguage":"es","@id":"https:\/\/www.vivaeurovision.com\/index.php\/2018\/03\/11\/6983-eurovision-eye-cue\/#primaryimage","url":"https:\/\/www.vivaeurovision.com\/wp-content\/uploads\/2018\/03\/90B3CA5F-B4B2-4DC4-950C-009A706EC8E3.jpeg","contentUrl":"https:\/\/www.vivaeurovision.com\/wp-content\/uploads\/2018\/03\/90B3CA5F-B4B2-4DC4-950C-009A706EC8E3.jpeg","width":2208,"height":899,"caption":"eurovision"},{"@type":"BreadcrumbList","@id":"https:\/\/www.vivaeurovision.com\/index.php\/2018\/03\/11\/6983-eurovision-eye-cue\/#breadcrumb","itemListElement":[{"@type":"ListItem","position":1,"name":"Portada","item":"https:\/\/www.vivaeurovision.com\/"},{"@type":"ListItem","position":2,"name":"Macedonia presenta Lost And Found, canci\u00f3n con la que Eye Cue competir\u00e1n en Eurovisi\u00f3n 2018"}]},{"@type":"WebSite","@id":"https:\/\/www.vivaeurovision.com\/#website","url":"https:\/\/www.vivaeurovision.com\/","name":"VIVAEUROVISION viva eurovision","description":"Tu portal sobre el Festival de Eurovision, eurovision, eurovisi\u00f3n","publisher":{"@id":"https:\/\/www.vivaeurovision.com\/#organization"},"potentialAction":[{"@type":"SearchAction","target":{"@type":"EntryPoint","urlTemplate":"https:\/\/www.vivaeurovision.com\/?s={search_term_string}"},"query-input":{"@type":"PropertyValueSpecification","valueRequired":true,"valueName":"search_term_string"}}],"inLanguage":"es"},{"@type":"Organization","@id":"https:\/\/www.vivaeurovision.com\/#organization","name":"vivaeurovision","url":"https:\/\/www.vivaeurovision.com\/","logo":{"@type":"ImageObject","inLanguage":"es","@id":"https:\/\/www.vivaeurovision.com\/#\/schema\/logo\/image\/","url":"https:\/\/www.vivaeurovision.com\/wp-content\/uploads\/2016\/01\/cropped-image-21-1.jpeg","contentUrl":"https:\/\/www.vivaeurovision.com\/wp-content\/uploads\/2016\/01\/cropped-image-21-1.jpeg","width":669,"height":368,"caption":"vivaeurovision"},"image":{"@id":"https:\/\/www.vivaeurovision.com\/#\/schema\/logo\/image\/"}},{"@type":"Person","@id":"https:\/\/www.vivaeurovision.com\/#\/schema\/person\/1d31fdaa3f5f7df556f73d164bd3c47a","name":"Pedro Palomo","image":{"@type":"ImageObject","inLanguage":"es","@id":"https:\/\/secure.gravatar.com\/avatar\/4cf9a4877f5f71f44fb7cedbe1bac1bd28bd8ce7a217517d98d5b2117f9f5505?s=96&d=mm&r=g","url":"https:\/\/secure.gravatar.com\/avatar\/4cf9a4877f5f71f44fb7cedbe1bac1bd28bd8ce7a217517d98d5b2117f9f5505?s=96&d=mm&r=g","contentUrl":"https:\/\/secure.gravatar.com\/avatar\/4cf9a4877f5f71f44fb7cedbe1bac1bd28bd8ce7a217517d98d5b2117f9f5505?s=96&d=mm&r=g","caption":"Pedro Palomo"},"sameAs":["http:\/\/www.vivaeurovision.com","@pedrobcn","https:\/\/x.com\/@pedropalomobcn"]}]}},"_links":{"self":[{"href":"https:\/\/www.vivaeurovision.com\/index.php\/wp-json\/wp\/v2\/posts\/6983","targetHints":{"allow":["GET"]}}],"collection":[{"href":"https:\/\/www.vivaeurovision.com\/index.php\/wp-json\/wp\/v2\/posts"}],"about":[{"href":"https:\/\/www.vivaeurovision.com\/index.php\/wp-json\/wp\/v2\/types\/post"}],"author":[{"embeddable":true,"href":"https:\/\/www.vivaeurovision.com\/index.php\/wp-json\/wp\/v2\/users\/1"}],"replies":[{"embeddable":true,"href":"https:\/\/www.vivaeurovision.com\/index.php\/wp-json\/wp\/v2\/comments?post=6983"}],"version-history":[{"count":2,"href":"https:\/\/www.vivaeurovision.com\/index.php\/wp-json\/wp\/v2\/posts\/6983\/revisions"}],"predecessor-version":[{"id":7016,"href":"https:\/\/www.vivaeurovision.com\/index.php\/wp-json\/wp\/v2\/posts\/6983\/revisions\/7016"}],"wp:featuredmedia":[{"embeddable":true,"href":"https:\/\/www.vivaeurovision.com\/index.php\/wp-json\/wp\/v2\/media\/7014"}],"wp:attachment":[{"href":"https:\/\/www.vivaeurovision.com\/index.php\/wp-json\/wp\/v2\/media?parent=6983"}],"wp:term":[{"taxonomy":"category","embeddable":true,"href":"https:\/\/www.vivaeurovision.com\/index.php\/wp-json\/wp\/v2\/categories?post=6983"},{"taxonomy":"post_tag","embeddable":true,"href":"https:\/\/www.vivaeurovision.com\/index.php\/wp-json\/wp\/v2\/tags?post=6983"}],"curies":[{"name":"wp","href":"https:\/\/api.w.org\/{rel}","templated":true}]}}