{"id":7030,"date":"2018-03-18T19:31:43","date_gmt":"2018-03-18T19:31:43","guid":{"rendered":"http:\/\/www.vivaeurovision.com\/?p=7030"},"modified":"2018-03-18T19:31:43","modified_gmt":"2018-03-18T19:31:43","slug":"franka-eurovision","status":"publish","type":"post","link":"https:\/\/www.vivaeurovision.com\/index.php\/2018\/03\/18\/franka-eurovision\/","title":{"rendered":"Franka: Crazy va a sonar mejor todav\u00eda en directo y me gustar\u00eda que los oyentes sientan su magia"},"content":{"rendered":"<h2>Entrevista exclusiva con Franka representante de Croacia en Eurovisi\u00f3n 2018<\/h2>\n<p><img loading=\"lazy\" decoding=\"async\" class=\"alignnone size-medium wp-image-7065\" src=\"http:\/\/www.vivaeurovision.com\/wp-content\/uploads\/2018\/03\/E3A2DB9D-C764-4EB2-A183-028DAC8BB9A5-200x300.jpeg\" alt=\"eurovision\" width=\"200\" height=\"300\" srcset=\"https:\/\/www.vivaeurovision.com\/wp-content\/uploads\/2018\/03\/E3A2DB9D-C764-4EB2-A183-028DAC8BB9A5-200x300.jpeg 200w, https:\/\/www.vivaeurovision.com\/wp-content\/uploads\/2018\/03\/E3A2DB9D-C764-4EB2-A183-028DAC8BB9A5-700x1050.jpeg 700w\" sizes=\"auto, (max-width: 200px) 100vw, 200px\" \/><\/p>\n<p>Hemos tenido el placer de poder entrevistar a Franka representante de Croacia en el Festival de Eurovisi\u00f3n 2018.<\/p>\n<h3><strong>NO OS PERD\u00c1IS LA ENTREVISTA CON V\u00cdDEO INCLUIDO<\/strong><\/h3>\n<p><iframe loading=\"lazy\" src=\"https:\/\/www.youtube.com\/embed\/xsGFyOIZPY4\" width=\"560\" height=\"315\" frameborder=\"0\" allowfullscreen=\"allowfullscreen\"><\/iframe><\/p>\n<p><strong>\u00bfC\u00f3mo surgi\u00f3 la posibilidad de representar a Croacia en Eurovisi\u00f3n 2018?<\/strong><\/p>\n<p>La Televisi\u00f3n Nacional Croata contact\u00f3 a mi manager para ver si estaba interesada en representar a mi pa\u00eds en Eurovisi\u00f3n este a\u00f1o, y por supuesto acept\u00e9 la oferta ya que desde que era una ni\u00f1a ha sido un gran sue\u00f1o para m\u00ed!<\/p>\n<p><strong>H\u00e1blame sobre Crazy \u00bfQu\u00e9 te transmite Crazy?<\/strong><\/p>\n<p>Me encanta el ambiente m\u00edstico de la canci\u00f3n y me hace sentir poderosa cuando la canto. \u00a1Y realmente no puedo esperar para cantarla en el escenario de Lisboa!<\/p>\n<p><iframe loading=\"lazy\"  id=\"_ytid_70846\"  width=\"480\" height=\"270\"  data-origwidth=\"480\" data-origheight=\"270\" src=\"https:\/\/www.youtube.com\/embed\/19Yo86KCd0w?enablejsapi=1&#038;autoplay=0&#038;cc_load_policy=0&#038;cc_lang_pref=&#038;iv_load_policy=1&#038;loop=0&#038;rel=1&#038;fs=1&#038;playsinline=0&#038;autohide=2&#038;theme=dark&#038;color=red&#038;controls=1&#038;disablekb=0&#038;\" class=\"__youtube_prefs__  epyt-is-override  no-lazyload\" title=\"YouTube player\"  allow=\"fullscreen; accelerometer; autoplay; clipboard-write; encrypted-media; gyroscope; picture-in-picture; web-share\" referrerpolicy=\"strict-origin-when-cross-origin\" allowfullscreen data-no-lazy=\"1\" data-skipgform_ajax_framebjll=\"\"><\/iframe><\/p>\n<p><strong>\u00bfQu\u00e9 quieres transmitir al p\u00fablico europeo con Crazy?<\/strong><\/p>\n<p>Creo que la canci\u00f3n va a sonar a\u00fan mejor en directo y me encantar\u00eda que los oyentes sientan la magia que Crazy trae al escenario. Y, por supuesto, todos lo interpretar\u00e1n a su manera. Pero interpreto la canci\u00f3n como una historia sobre un tipo diferente de amor, un amor que no necesariamente es real, puede ser solo en la mente de alguien.<\/p>\n<p><strong>\u00bfEst\u00e1s pensando en la puesta en escena de Eurovisi\u00f3n y c\u00f3mo sorprender al p\u00fablico de toda Europa?<\/strong><\/p>\n<p>Por supuesto. \ud83d\ude42 Cada d\u00eda&#8230;<\/p>\n<p><strong>Cu\u00e9ntanos cu\u00e1l fue tu canci\u00f3n favorita en la historia del festival.<\/strong><\/p>\n<p>Esa es una pregunta dif\u00edcil. Pero probablemente pueda decir que me encant\u00f3 Loreen con Euphoria y Marco Mengoni con L&#8217;essenziale. Esas son las canciones que todav\u00eda est\u00e1n en mi lista de reproducci\u00f3n! \ud83d\ude42<\/p>\n<p><strong>\u00bfHas o\u00eddo la canci\u00f3n en espa\u00f1ol \u00abTu cancion\u00bb? \u00bfTe gusta?<\/strong><\/p>\n<p>\u00a1S\u00ed! Y me encanta la emoci\u00f3n que la canci\u00f3n despierta en m\u00ed. \u00a1Creo que lo har\u00e1n genial este a\u00f1o!<\/p>\n<p><img loading=\"lazy\" decoding=\"async\" class=\"alignnone size-medium wp-image-7074\" src=\"http:\/\/www.vivaeurovision.com\/wp-content\/uploads\/2018\/03\/BDBBEC99-C4DE-4F5B-93BB-142363963335-300x140.jpeg\" alt=\"eurovision\" width=\"300\" height=\"140\" srcset=\"https:\/\/www.vivaeurovision.com\/wp-content\/uploads\/2018\/03\/BDBBEC99-C4DE-4F5B-93BB-142363963335-300x140.jpeg 300w, https:\/\/www.vivaeurovision.com\/wp-content\/uploads\/2018\/03\/BDBBEC99-C4DE-4F5B-93BB-142363963335-700x327.jpeg 700w, https:\/\/www.vivaeurovision.com\/wp-content\/uploads\/2018\/03\/BDBBEC99-C4DE-4F5B-93BB-142363963335-520x245.jpeg 520w, https:\/\/www.vivaeurovision.com\/wp-content\/uploads\/2018\/03\/BDBBEC99-C4DE-4F5B-93BB-142363963335.jpeg 1181w\" sizes=\"auto, (max-width: 300px) 100vw, 300px\" \/><\/p>\n<p>&nbsp;<\/p>\n<p><strong>How did the possibility of representing Croatia in Eurovision 2018 arise? <\/strong><\/p>\n<p>The Croatian National Television contacted my management to see if I was interested in representing my country in this years Eurovision, and of course I accepted the offer since It&#8217;s been a big dream for me since I was a kid!<\/p>\n<p><strong>Tell me about Crazy What does Crazy transmit to you?<\/strong><br \/>\nI love the mystic vibe to the song and it makes me feel powerful when I sing it. And I seriously can&#8217;t wait to sing it on the stage in Lisbon!<\/p>\n<p><strong>What do you want to transmit to the European public with Crazy?<\/strong><\/p>\n<p>I think the song is gonna sound even better live and I would love the listeners to feel the magic that Crazy brings to the stage. And of course everyone will interpret it their own way. But I interpret the song as a story about a different kind of love, a love that doesn&#8217;t necessarily be real, it might be just in someone&#8217;s mind.<\/p>\n<p><strong>Are you thinking about the performance for Eurovision and how to surprise the public from all over Europe?<\/strong><\/p>\n<p>Of course. \ud83d\ude42 Every day&#8230;<\/p>\n<p><strong>Tell us what was your favorite song in the history of the festival?<\/strong><\/p>\n<p>That&#8217;s a tough question. But I can probably say that I loved Loreen\u2019s Euphoria and Marco Mengoni&#8217;s L&#8217;essenziale. Those are the songs that are still on my playlist! \ud83d\ude42<\/p>\n<p><strong>Have you heard the Spanish song \u00abTu cancion\u00bb? You like?<\/strong><\/p>\n<p>Yes! And I love the emotion that the song awakens in me. I think they&#8217;re gonna do great this year!<\/p>\n<p><img loading=\"lazy\" decoding=\"async\" class=\"alignnone size-medium wp-image-7070\" src=\"http:\/\/www.vivaeurovision.com\/wp-content\/uploads\/2018\/03\/C78418EB-E25E-4460-91DC-6BEC70314180-300x200.jpeg\" alt=\"eurovision\" width=\"300\" height=\"200\" srcset=\"https:\/\/www.vivaeurovision.com\/wp-content\/uploads\/2018\/03\/C78418EB-E25E-4460-91DC-6BEC70314180-300x200.jpeg 300w, https:\/\/www.vivaeurovision.com\/wp-content\/uploads\/2018\/03\/C78418EB-E25E-4460-91DC-6BEC70314180-700x467.jpeg 700w\" sizes=\"auto, (max-width: 300px) 100vw, 300px\" \/><\/p>\n<p>&nbsp;<\/p>\n<p><img loading=\"lazy\" decoding=\"async\" class=\"alignnone size-medium wp-image-311\" src=\"http:\/\/www.vivaeurovision.com\/wp-content\/uploads\/2016\/01\/image-21-300x165.jpeg\" alt=\"VIVAEUROVISION.COM\" width=\"300\" height=\"165\" srcset=\"https:\/\/www.vivaeurovision.com\/wp-content\/uploads\/2016\/01\/image-21-300x165.jpeg 300w, https:\/\/www.vivaeurovision.com\/wp-content\/uploads\/2016\/01\/image-21-555x305.jpeg 555w, https:\/\/www.vivaeurovision.com\/wp-content\/uploads\/2016\/01\/image-21.jpeg 669w\" sizes=\"auto, (max-width: 300px) 100vw, 300px\" \/><\/p>\n<p>Twitter\u00a0<strong> <a href=\"https:\/\/twitter.com\/viva_eurovision\" target=\"_blank\" rel=\"noopener noreferrer\">@viva_eurovision<\/a>\u00a0 <a href=\"https:\/\/www.facebook.com\/Vivaeurovisioncom-867806686671081\/?fref=nf\" target=\"_blank\" rel=\"noopener noreferrer\">FACEBOOK OFICIAL VIVA EUROVISION <\/a><\/strong>Instragram <strong>\u00a0<\/strong><a href=\"https:\/\/www.instagram.com\/vivaeurovision\/\" target=\"_blank\" rel=\"noopener noreferrer\"><strong>@vivaeurovision<\/strong><\/a><\/p>\n<p>Redactor: Pedro Palomo <a href=\"https:\/\/twitter.com\/pedropalomobcn?lang=es\"><strong>@pedropalomobcn<\/strong><\/a><strong>\u00a0<\/strong>Instagram <a href=\"https:\/\/www.instagram.com\/pedrobcn\/\" target=\"_blank\" rel=\"noopener noreferrer\"><strong>@pedrobcn<\/strong><\/a><\/p>\n","protected":false},"excerpt":{"rendered":"<p>Entrevista exclusiva con Franka representante de Croacia en Eurovisi\u00f3n 2018 Hemos tenido el placer de poder entrevistar a Franka representante de Croacia en el Festival de Eurovisi\u00f3n 2018. NO OS&#46;&#46;&#46;<\/p>\n","protected":false},"author":1,"featured_media":7074,"comment_status":"open","ping_status":"closed","sticky":false,"template":"","format":"standard","meta":{"_exactmetrics_skip_tracking":false,"_exactmetrics_sitenote_active":false,"_exactmetrics_sitenote_note":"","_exactmetrics_sitenote_category":0,"footnotes":""},"categories":[5,1195,2144,4,1188,2,3],"tags":[2490,2963,2783,2780,33,2964,2145,11,2086,2491,2291,2142,2290,2289,1476,706,1096,2779,2777,2778,2781,2782,602,2965,2966,34,19,20,766,23,22],"class_list":["post-7030","post","type-post","status-publish","format-standard","has-post-thumbnail","hentry","category-entrevistas","category-eurovision-2","category-eurovision-2018","category-eurovision","category-noticia-2","category-noticia","category-ultima-hora","tag-all-aboard","tag-crazy","tag-croacia-eurovision-2018","tag-croatia-eurovision-2018","tag-entrevista","tag-entrevista-franka-eurovision","tag-esc-2018","tag-eurovision","tag-eurovision-2018","tag-eurovision-all-aboard","tag-eurovision-lisboa","tag-eurovision-lisboa-2018","tag-eurovision-lisbon","tag-eurovision-lisbon-2018","tag-eurovision-song-contest","tag-eurovision-song-contest-festival","tag-festival-de-eurovision","tag-franka-crazy","tag-franka-eurovision","tag-franka-eurovision-2018","tag-franka-eurovision-croatia","tag-franka-eurovison-croatia-2018","tag-interview","tag-interview-franka-eurovision","tag-interview-franka-eurovision-2018","tag-noticia","tag-pedro-palomo","tag-pedro-palomo-eurovision","tag-pedro-palomo-vivaeurovision","tag-viva-eurovision","tag-vivaeurovision"],"yoast_head":"<!-- This site is optimized with the Yoast SEO plugin v27.5 - https:\/\/yoast.com\/product\/yoast-seo-wordpress\/ -->\n<title>Franka: Crazy va a sonar mejor todav\u00eda en directo y me gustar\u00eda que los oyentes sientan su magia - VIVAEUROVISION viva eurovision<\/title>\n<meta name=\"description\" content=\"eurovision, eurovision 2018, franka crazy, franka crazy eurovision, franka crazy Eurovision 2018, interview franka Eurovision, vivaeurovision, viva eurovisi\u00f3n\" \/>\n<meta name=\"robots\" content=\"index, follow, max-snippet:-1, max-image-preview:large, max-video-preview:-1\" \/>\n<link rel=\"canonical\" href=\"https:\/\/www.vivaeurovision.com\/index.php\/2018\/03\/18\/franka-eurovision\/\" \/>\n<meta property=\"og:locale\" content=\"es_ES\" \/>\n<meta property=\"og:type\" content=\"article\" \/>\n<meta property=\"og:title\" content=\"Franka: Crazy va a sonar mejor todav\u00eda en directo y me gustar\u00eda que los oyentes sientan su magia - VIVAEUROVISION viva eurovision\" \/>\n<meta property=\"og:description\" content=\"eurovision, eurovision 2018, franka crazy, franka crazy eurovision, franka crazy Eurovision 2018, interview franka Eurovision, vivaeurovision, viva eurovisi\u00f3n\" \/>\n<meta property=\"og:url\" content=\"https:\/\/www.vivaeurovision.com\/index.php\/2018\/03\/18\/franka-eurovision\/\" \/>\n<meta property=\"og:site_name\" content=\"VIVAEUROVISION viva eurovision\" \/>\n<meta property=\"article:published_time\" content=\"2018-03-18T19:31:43+00:00\" \/>\n<meta property=\"og:image\" content=\"https:\/\/www.vivaeurovision.com\/wp-content\/uploads\/2018\/03\/BDBBEC99-C4DE-4F5B-93BB-142363963335.jpeg\" \/>\n\t<meta property=\"og:image:width\" content=\"1181\" \/>\n\t<meta property=\"og:image:height\" content=\"552\" \/>\n\t<meta property=\"og:image:type\" content=\"image\/jpeg\" \/>\n<meta name=\"author\" content=\"Pedro Palomo\" \/>\n<meta name=\"twitter:card\" content=\"summary_large_image\" \/>\n<meta name=\"twitter:creator\" content=\"@pedropalomobcn\" \/>\n<meta name=\"twitter:label1\" content=\"Escrito por\" \/>\n\t<meta name=\"twitter:data1\" content=\"Pedro Palomo\" \/>\n\t<meta name=\"twitter:label2\" content=\"Tiempo de lectura\" \/>\n\t<meta name=\"twitter:data2\" content=\"3 minutos\" \/>\n<script type=\"application\/ld+json\" class=\"yoast-schema-graph\">{\"@context\":\"https:\\\/\\\/schema.org\",\"@graph\":[{\"@type\":\"Article\",\"@id\":\"https:\\\/\\\/www.vivaeurovision.com\\\/index.php\\\/2018\\\/03\\\/18\\\/franka-eurovision\\\/#article\",\"isPartOf\":{\"@id\":\"https:\\\/\\\/www.vivaeurovision.com\\\/index.php\\\/2018\\\/03\\\/18\\\/franka-eurovision\\\/\"},\"author\":{\"name\":\"Pedro Palomo\",\"@id\":\"https:\\\/\\\/www.vivaeurovision.com\\\/#\\\/schema\\\/person\\\/1d31fdaa3f5f7df556f73d164bd3c47a\"},\"headline\":\"Franka: Crazy va a sonar mejor todav\u00eda en directo y me gustar\u00eda que los oyentes sientan su magia\",\"datePublished\":\"2018-03-18T19:31:43+00:00\",\"mainEntityOfPage\":{\"@id\":\"https:\\\/\\\/www.vivaeurovision.com\\\/index.php\\\/2018\\\/03\\\/18\\\/franka-eurovision\\\/\"},\"wordCount\":638,\"commentCount\":0,\"publisher\":{\"@id\":\"https:\\\/\\\/www.vivaeurovision.com\\\/#organization\"},\"image\":{\"@id\":\"https:\\\/\\\/www.vivaeurovision.com\\\/index.php\\\/2018\\\/03\\\/18\\\/franka-eurovision\\\/#primaryimage\"},\"thumbnailUrl\":\"https:\\\/\\\/www.vivaeurovision.com\\\/wp-content\\\/uploads\\\/2018\\\/03\\\/BDBBEC99-C4DE-4F5B-93BB-142363963335.jpeg\",\"keywords\":[\"all aboard\",\"Crazy\",\"Croacia eurovision 2018\",\"Croatia eurovision 2018\",\"Entrevista\",\"Entrevista franka eurovision\",\"esc 2018\",\"Eurovision\",\"eurovision 2018\",\"Eurovision all aboard\",\"eurovision lisboa\",\"eurovision Lisboa 2018\",\"eurovision lisbon\",\"eurovision lisbon 2018\",\"eurovision song contest\",\"eurovision song contest festival\",\"Festival de Eurovisi\u00f3n\",\"franka Crazy\",\"Franka eurovision\",\"franka eurovision 2018\",\"franka eurovision croatia\",\"franka eurovison croatia 2018\",\"interview\",\"interview franka Eurovision\",\"interview franka eurovision 2018\",\"Noticia\",\"Pedro Palomo\",\"Pedro Palomo Eurovision\",\"Pedro Palomo Vivaeurovision\",\"viva eurovision\",\"vivaeurovision\"],\"articleSection\":[\"Entrevistas\",\"eurovision\",\"eurovision 2018\",\"Inicio\",\"Noticia\",\"Noticias\",\"Ultima Hora\"],\"inLanguage\":\"es\",\"potentialAction\":[{\"@type\":\"CommentAction\",\"name\":\"Comment\",\"target\":[\"https:\\\/\\\/www.vivaeurovision.com\\\/index.php\\\/2018\\\/03\\\/18\\\/franka-eurovision\\\/#respond\"]}]},{\"@type\":\"WebPage\",\"@id\":\"https:\\\/\\\/www.vivaeurovision.com\\\/index.php\\\/2018\\\/03\\\/18\\\/franka-eurovision\\\/\",\"url\":\"https:\\\/\\\/www.vivaeurovision.com\\\/index.php\\\/2018\\\/03\\\/18\\\/franka-eurovision\\\/\",\"name\":\"Franka: Crazy va a sonar mejor todav\u00eda en directo y me gustar\u00eda que los oyentes sientan su magia - VIVAEUROVISION viva eurovision\",\"isPartOf\":{\"@id\":\"https:\\\/\\\/www.vivaeurovision.com\\\/#website\"},\"primaryImageOfPage\":{\"@id\":\"https:\\\/\\\/www.vivaeurovision.com\\\/index.php\\\/2018\\\/03\\\/18\\\/franka-eurovision\\\/#primaryimage\"},\"image\":{\"@id\":\"https:\\\/\\\/www.vivaeurovision.com\\\/index.php\\\/2018\\\/03\\\/18\\\/franka-eurovision\\\/#primaryimage\"},\"thumbnailUrl\":\"https:\\\/\\\/www.vivaeurovision.com\\\/wp-content\\\/uploads\\\/2018\\\/03\\\/BDBBEC99-C4DE-4F5B-93BB-142363963335.jpeg\",\"datePublished\":\"2018-03-18T19:31:43+00:00\",\"description\":\"eurovision, eurovision 2018, franka crazy, franka crazy eurovision, franka crazy Eurovision 2018, interview franka Eurovision, vivaeurovision, viva eurovisi\u00f3n\",\"breadcrumb\":{\"@id\":\"https:\\\/\\\/www.vivaeurovision.com\\\/index.php\\\/2018\\\/03\\\/18\\\/franka-eurovision\\\/#breadcrumb\"},\"inLanguage\":\"es\",\"potentialAction\":[{\"@type\":\"ReadAction\",\"target\":[\"https:\\\/\\\/www.vivaeurovision.com\\\/index.php\\\/2018\\\/03\\\/18\\\/franka-eurovision\\\/\"]}]},{\"@type\":\"ImageObject\",\"inLanguage\":\"es\",\"@id\":\"https:\\\/\\\/www.vivaeurovision.com\\\/index.php\\\/2018\\\/03\\\/18\\\/franka-eurovision\\\/#primaryimage\",\"url\":\"https:\\\/\\\/www.vivaeurovision.com\\\/wp-content\\\/uploads\\\/2018\\\/03\\\/BDBBEC99-C4DE-4F5B-93BB-142363963335.jpeg\",\"contentUrl\":\"https:\\\/\\\/www.vivaeurovision.com\\\/wp-content\\\/uploads\\\/2018\\\/03\\\/BDBBEC99-C4DE-4F5B-93BB-142363963335.jpeg\",\"width\":1181,\"height\":552,\"caption\":\"eurovision\"},{\"@type\":\"BreadcrumbList\",\"@id\":\"https:\\\/\\\/www.vivaeurovision.com\\\/index.php\\\/2018\\\/03\\\/18\\\/franka-eurovision\\\/#breadcrumb\",\"itemListElement\":[{\"@type\":\"ListItem\",\"position\":1,\"name\":\"Portada\",\"item\":\"https:\\\/\\\/www.vivaeurovision.com\\\/\"},{\"@type\":\"ListItem\",\"position\":2,\"name\":\"Franka: Crazy va a sonar mejor todav\u00eda en directo y me gustar\u00eda que los oyentes sientan su magia\"}]},{\"@type\":\"WebSite\",\"@id\":\"https:\\\/\\\/www.vivaeurovision.com\\\/#website\",\"url\":\"https:\\\/\\\/www.vivaeurovision.com\\\/\",\"name\":\"VIVAEUROVISION viva eurovision\",\"description\":\"Tu portal sobre el Festival de Eurovision, eurovision, eurovisi\u00f3n\",\"publisher\":{\"@id\":\"https:\\\/\\\/www.vivaeurovision.com\\\/#organization\"},\"potentialAction\":[{\"@type\":\"SearchAction\",\"target\":{\"@type\":\"EntryPoint\",\"urlTemplate\":\"https:\\\/\\\/www.vivaeurovision.com\\\/?s={search_term_string}\"},\"query-input\":{\"@type\":\"PropertyValueSpecification\",\"valueRequired\":true,\"valueName\":\"search_term_string\"}}],\"inLanguage\":\"es\"},{\"@type\":\"Organization\",\"@id\":\"https:\\\/\\\/www.vivaeurovision.com\\\/#organization\",\"name\":\"vivaeurovision\",\"url\":\"https:\\\/\\\/www.vivaeurovision.com\\\/\",\"logo\":{\"@type\":\"ImageObject\",\"inLanguage\":\"es\",\"@id\":\"https:\\\/\\\/www.vivaeurovision.com\\\/#\\\/schema\\\/logo\\\/image\\\/\",\"url\":\"https:\\\/\\\/www.vivaeurovision.com\\\/wp-content\\\/uploads\\\/2016\\\/01\\\/cropped-image-21-1.jpeg\",\"contentUrl\":\"https:\\\/\\\/www.vivaeurovision.com\\\/wp-content\\\/uploads\\\/2016\\\/01\\\/cropped-image-21-1.jpeg\",\"width\":669,\"height\":368,\"caption\":\"vivaeurovision\"},\"image\":{\"@id\":\"https:\\\/\\\/www.vivaeurovision.com\\\/#\\\/schema\\\/logo\\\/image\\\/\"}},{\"@type\":\"Person\",\"@id\":\"https:\\\/\\\/www.vivaeurovision.com\\\/#\\\/schema\\\/person\\\/1d31fdaa3f5f7df556f73d164bd3c47a\",\"name\":\"Pedro Palomo\",\"image\":{\"@type\":\"ImageObject\",\"inLanguage\":\"es\",\"@id\":\"https:\\\/\\\/secure.gravatar.com\\\/avatar\\\/4cf9a4877f5f71f44fb7cedbe1bac1bd28bd8ce7a217517d98d5b2117f9f5505?s=96&d=mm&r=g\",\"url\":\"https:\\\/\\\/secure.gravatar.com\\\/avatar\\\/4cf9a4877f5f71f44fb7cedbe1bac1bd28bd8ce7a217517d98d5b2117f9f5505?s=96&d=mm&r=g\",\"contentUrl\":\"https:\\\/\\\/secure.gravatar.com\\\/avatar\\\/4cf9a4877f5f71f44fb7cedbe1bac1bd28bd8ce7a217517d98d5b2117f9f5505?s=96&d=mm&r=g\",\"caption\":\"Pedro Palomo\"},\"sameAs\":[\"http:\\\/\\\/www.vivaeurovision.com\",\"@pedrobcn\",\"https:\\\/\\\/x.com\\\/@pedropalomobcn\"]}]}<\/script>\n<!-- \/ Yoast SEO plugin. -->","yoast_head_json":{"title":"Franka: Crazy va a sonar mejor todav\u00eda en directo y me gustar\u00eda que los oyentes sientan su magia - VIVAEUROVISION viva eurovision","description":"eurovision, eurovision 2018, franka crazy, franka crazy eurovision, franka crazy Eurovision 2018, interview franka Eurovision, vivaeurovision, viva eurovisi\u00f3n","robots":{"index":"index","follow":"follow","max-snippet":"max-snippet:-1","max-image-preview":"max-image-preview:large","max-video-preview":"max-video-preview:-1"},"canonical":"https:\/\/www.vivaeurovision.com\/index.php\/2018\/03\/18\/franka-eurovision\/","og_locale":"es_ES","og_type":"article","og_title":"Franka: Crazy va a sonar mejor todav\u00eda en directo y me gustar\u00eda que los oyentes sientan su magia - VIVAEUROVISION viva eurovision","og_description":"eurovision, eurovision 2018, franka crazy, franka crazy eurovision, franka crazy Eurovision 2018, interview franka Eurovision, vivaeurovision, viva eurovisi\u00f3n","og_url":"https:\/\/www.vivaeurovision.com\/index.php\/2018\/03\/18\/franka-eurovision\/","og_site_name":"VIVAEUROVISION viva eurovision","article_published_time":"2018-03-18T19:31:43+00:00","og_image":[{"width":1181,"height":552,"url":"https:\/\/www.vivaeurovision.com\/wp-content\/uploads\/2018\/03\/BDBBEC99-C4DE-4F5B-93BB-142363963335.jpeg","type":"image\/jpeg"}],"author":"Pedro Palomo","twitter_card":"summary_large_image","twitter_creator":"@pedropalomobcn","twitter_misc":{"Escrito por":"Pedro Palomo","Tiempo de lectura":"3 minutos"},"schema":{"@context":"https:\/\/schema.org","@graph":[{"@type":"Article","@id":"https:\/\/www.vivaeurovision.com\/index.php\/2018\/03\/18\/franka-eurovision\/#article","isPartOf":{"@id":"https:\/\/www.vivaeurovision.com\/index.php\/2018\/03\/18\/franka-eurovision\/"},"author":{"name":"Pedro Palomo","@id":"https:\/\/www.vivaeurovision.com\/#\/schema\/person\/1d31fdaa3f5f7df556f73d164bd3c47a"},"headline":"Franka: Crazy va a sonar mejor todav\u00eda en directo y me gustar\u00eda que los oyentes sientan su magia","datePublished":"2018-03-18T19:31:43+00:00","mainEntityOfPage":{"@id":"https:\/\/www.vivaeurovision.com\/index.php\/2018\/03\/18\/franka-eurovision\/"},"wordCount":638,"commentCount":0,"publisher":{"@id":"https:\/\/www.vivaeurovision.com\/#organization"},"image":{"@id":"https:\/\/www.vivaeurovision.com\/index.php\/2018\/03\/18\/franka-eurovision\/#primaryimage"},"thumbnailUrl":"https:\/\/www.vivaeurovision.com\/wp-content\/uploads\/2018\/03\/BDBBEC99-C4DE-4F5B-93BB-142363963335.jpeg","keywords":["all aboard","Crazy","Croacia eurovision 2018","Croatia eurovision 2018","Entrevista","Entrevista franka eurovision","esc 2018","Eurovision","eurovision 2018","Eurovision all aboard","eurovision lisboa","eurovision Lisboa 2018","eurovision lisbon","eurovision lisbon 2018","eurovision song contest","eurovision song contest festival","Festival de Eurovisi\u00f3n","franka Crazy","Franka eurovision","franka eurovision 2018","franka eurovision croatia","franka eurovison croatia 2018","interview","interview franka Eurovision","interview franka eurovision 2018","Noticia","Pedro Palomo","Pedro Palomo Eurovision","Pedro Palomo Vivaeurovision","viva eurovision","vivaeurovision"],"articleSection":["Entrevistas","eurovision","eurovision 2018","Inicio","Noticia","Noticias","Ultima Hora"],"inLanguage":"es","potentialAction":[{"@type":"CommentAction","name":"Comment","target":["https:\/\/www.vivaeurovision.com\/index.php\/2018\/03\/18\/franka-eurovision\/#respond"]}]},{"@type":"WebPage","@id":"https:\/\/www.vivaeurovision.com\/index.php\/2018\/03\/18\/franka-eurovision\/","url":"https:\/\/www.vivaeurovision.com\/index.php\/2018\/03\/18\/franka-eurovision\/","name":"Franka: Crazy va a sonar mejor todav\u00eda en directo y me gustar\u00eda que los oyentes sientan su magia - VIVAEUROVISION viva eurovision","isPartOf":{"@id":"https:\/\/www.vivaeurovision.com\/#website"},"primaryImageOfPage":{"@id":"https:\/\/www.vivaeurovision.com\/index.php\/2018\/03\/18\/franka-eurovision\/#primaryimage"},"image":{"@id":"https:\/\/www.vivaeurovision.com\/index.php\/2018\/03\/18\/franka-eurovision\/#primaryimage"},"thumbnailUrl":"https:\/\/www.vivaeurovision.com\/wp-content\/uploads\/2018\/03\/BDBBEC99-C4DE-4F5B-93BB-142363963335.jpeg","datePublished":"2018-03-18T19:31:43+00:00","description":"eurovision, eurovision 2018, franka crazy, franka crazy eurovision, franka crazy Eurovision 2018, interview franka Eurovision, vivaeurovision, viva eurovisi\u00f3n","breadcrumb":{"@id":"https:\/\/www.vivaeurovision.com\/index.php\/2018\/03\/18\/franka-eurovision\/#breadcrumb"},"inLanguage":"es","potentialAction":[{"@type":"ReadAction","target":["https:\/\/www.vivaeurovision.com\/index.php\/2018\/03\/18\/franka-eurovision\/"]}]},{"@type":"ImageObject","inLanguage":"es","@id":"https:\/\/www.vivaeurovision.com\/index.php\/2018\/03\/18\/franka-eurovision\/#primaryimage","url":"https:\/\/www.vivaeurovision.com\/wp-content\/uploads\/2018\/03\/BDBBEC99-C4DE-4F5B-93BB-142363963335.jpeg","contentUrl":"https:\/\/www.vivaeurovision.com\/wp-content\/uploads\/2018\/03\/BDBBEC99-C4DE-4F5B-93BB-142363963335.jpeg","width":1181,"height":552,"caption":"eurovision"},{"@type":"BreadcrumbList","@id":"https:\/\/www.vivaeurovision.com\/index.php\/2018\/03\/18\/franka-eurovision\/#breadcrumb","itemListElement":[{"@type":"ListItem","position":1,"name":"Portada","item":"https:\/\/www.vivaeurovision.com\/"},{"@type":"ListItem","position":2,"name":"Franka: Crazy va a sonar mejor todav\u00eda en directo y me gustar\u00eda que los oyentes sientan su magia"}]},{"@type":"WebSite","@id":"https:\/\/www.vivaeurovision.com\/#website","url":"https:\/\/www.vivaeurovision.com\/","name":"VIVAEUROVISION viva eurovision","description":"Tu portal sobre el Festival de Eurovision, eurovision, eurovisi\u00f3n","publisher":{"@id":"https:\/\/www.vivaeurovision.com\/#organization"},"potentialAction":[{"@type":"SearchAction","target":{"@type":"EntryPoint","urlTemplate":"https:\/\/www.vivaeurovision.com\/?s={search_term_string}"},"query-input":{"@type":"PropertyValueSpecification","valueRequired":true,"valueName":"search_term_string"}}],"inLanguage":"es"},{"@type":"Organization","@id":"https:\/\/www.vivaeurovision.com\/#organization","name":"vivaeurovision","url":"https:\/\/www.vivaeurovision.com\/","logo":{"@type":"ImageObject","inLanguage":"es","@id":"https:\/\/www.vivaeurovision.com\/#\/schema\/logo\/image\/","url":"https:\/\/www.vivaeurovision.com\/wp-content\/uploads\/2016\/01\/cropped-image-21-1.jpeg","contentUrl":"https:\/\/www.vivaeurovision.com\/wp-content\/uploads\/2016\/01\/cropped-image-21-1.jpeg","width":669,"height":368,"caption":"vivaeurovision"},"image":{"@id":"https:\/\/www.vivaeurovision.com\/#\/schema\/logo\/image\/"}},{"@type":"Person","@id":"https:\/\/www.vivaeurovision.com\/#\/schema\/person\/1d31fdaa3f5f7df556f73d164bd3c47a","name":"Pedro Palomo","image":{"@type":"ImageObject","inLanguage":"es","@id":"https:\/\/secure.gravatar.com\/avatar\/4cf9a4877f5f71f44fb7cedbe1bac1bd28bd8ce7a217517d98d5b2117f9f5505?s=96&d=mm&r=g","url":"https:\/\/secure.gravatar.com\/avatar\/4cf9a4877f5f71f44fb7cedbe1bac1bd28bd8ce7a217517d98d5b2117f9f5505?s=96&d=mm&r=g","contentUrl":"https:\/\/secure.gravatar.com\/avatar\/4cf9a4877f5f71f44fb7cedbe1bac1bd28bd8ce7a217517d98d5b2117f9f5505?s=96&d=mm&r=g","caption":"Pedro Palomo"},"sameAs":["http:\/\/www.vivaeurovision.com","@pedrobcn","https:\/\/x.com\/@pedropalomobcn"]}]}},"_links":{"self":[{"href":"https:\/\/www.vivaeurovision.com\/index.php\/wp-json\/wp\/v2\/posts\/7030","targetHints":{"allow":["GET"]}}],"collection":[{"href":"https:\/\/www.vivaeurovision.com\/index.php\/wp-json\/wp\/v2\/posts"}],"about":[{"href":"https:\/\/www.vivaeurovision.com\/index.php\/wp-json\/wp\/v2\/types\/post"}],"author":[{"embeddable":true,"href":"https:\/\/www.vivaeurovision.com\/index.php\/wp-json\/wp\/v2\/users\/1"}],"replies":[{"embeddable":true,"href":"https:\/\/www.vivaeurovision.com\/index.php\/wp-json\/wp\/v2\/comments?post=7030"}],"version-history":[{"count":6,"href":"https:\/\/www.vivaeurovision.com\/index.php\/wp-json\/wp\/v2\/posts\/7030\/revisions"}],"predecessor-version":[{"id":7075,"href":"https:\/\/www.vivaeurovision.com\/index.php\/wp-json\/wp\/v2\/posts\/7030\/revisions\/7075"}],"wp:featuredmedia":[{"embeddable":true,"href":"https:\/\/www.vivaeurovision.com\/index.php\/wp-json\/wp\/v2\/media\/7074"}],"wp:attachment":[{"href":"https:\/\/www.vivaeurovision.com\/index.php\/wp-json\/wp\/v2\/media?parent=7030"}],"wp:term":[{"taxonomy":"category","embeddable":true,"href":"https:\/\/www.vivaeurovision.com\/index.php\/wp-json\/wp\/v2\/categories?post=7030"},{"taxonomy":"post_tag","embeddable":true,"href":"https:\/\/www.vivaeurovision.com\/index.php\/wp-json\/wp\/v2\/tags?post=7030"}],"curies":[{"name":"wp","href":"https:\/\/api.w.org\/{rel}","templated":true}]}}