{"id":708,"date":"2016-02-06T18:35:14","date_gmt":"2016-02-06T18:35:14","guid":{"rendered":"http:\/\/www.vivaeurovision.com\/?p=708"},"modified":"2016-02-06T21:48:05","modified_gmt":"2016-02-06T21:48:05","slug":"708","status":"publish","type":"post","link":"https:\/\/www.vivaeurovision.com\/index.php\/2016\/02\/06\/708\/","title":{"rendered":"PRIMERA SEMIFINAL DEL MELODIFESTIVALEN CON LAS KETCHUP COMO INVITADAS"},"content":{"rendered":"<p><img loading=\"lazy\" decoding=\"async\" class=\"alignnone size-medium wp-image-709\" src=\"http:\/\/www.vivaeurovision.com\/wp-content\/uploads\/2016\/02\/Sweden-300x169.png\" alt=\"Sweden\" width=\"300\" height=\"169\" srcset=\"https:\/\/www.vivaeurovision.com\/wp-content\/uploads\/2016\/02\/Sweden-300x169.png 300w, https:\/\/www.vivaeurovision.com\/wp-content\/uploads\/2016\/02\/Sweden-768x432.png 768w, https:\/\/www.vivaeurovision.com\/wp-content\/uploads\/2016\/02\/Sweden-1024x576.png 1024w, https:\/\/www.vivaeurovision.com\/wp-content\/uploads\/2016\/02\/Sweden.png 1920w\" sizes=\"auto, (max-width: 300px) 100vw, 300px\" \/><\/p>\n<p>Suecia da hoy el pistoletazo de salida a su gran Melodifestivalen, la primera semifinal, tras la pol\u00e9mica de la descalificaci\u00f3n de <strong><em><span style=\"font-family: Arial; font-size: large;\">Anna Book \u2013 Himmel f\u00f6r tv\u00e5 (Descalificada)<\/span><\/em><\/strong> por incumplimiento de la normativa, aunque si actuar\u00e1 en la gala pero sin estar en la competici\u00f3n, donde habr\u00e1n dos finalistas y dos que pasaran a la repesca. <strong>Gina Dirawi<\/strong> and <strong>Petra Meede<\/strong>\u00a0son las presentados de la gala, s\u00edguela en directo desde este enlace a partir de las 20:00h CET <strong><a href=\"http:\/\/www.svtplay.se\/video\/6283869\/melodifestivalen-2016\/melodifestivalen-2016-deltavling-1-syntolkat-06-02-20-00\" target=\"_blank\">MIRA AQUI LA SEMIFINAL DEL MELODIFESTIVALEN<\/a><\/strong><\/p>\n<p>Esta primera gala contar\u00e1 con las erovisivas Las K\u00e9tchup, donde en el intermedio de la gala actuar\u00e1n.<\/p>\n<p><img loading=\"lazy\" decoding=\"async\" class=\"alignnone size-medium wp-image-711\" src=\"http:\/\/www.vivaeurovision.com\/wp-content\/uploads\/2016\/02\/12656363_10208498641973672_2015939556_o-300x186.jpg\" alt=\"12656363_10208498641973672_2015939556_o\" width=\"300\" height=\"186\" srcset=\"https:\/\/www.vivaeurovision.com\/wp-content\/uploads\/2016\/02\/12656363_10208498641973672_2015939556_o-300x186.jpg 300w, https:\/\/www.vivaeurovision.com\/wp-content\/uploads\/2016\/02\/12656363_10208498641973672_2015939556_o-768x477.jpg 768w, https:\/\/www.vivaeurovision.com\/wp-content\/uploads\/2016\/02\/12656363_10208498641973672_2015939556_o.jpg 1024w\" sizes=\"auto, (max-width: 300px) 100vw, 300px\" \/><\/p>\n<p>Los semifinalistas son:<\/p>\n<p><img loading=\"lazy\" decoding=\"async\" class=\"alignnone size-medium wp-image-712\" src=\"http:\/\/www.vivaeurovision.com\/wp-content\/uploads\/2016\/02\/deltavling1-jpg-300x169.jpg\" alt=\"deltavling1-jpg\" width=\"300\" height=\"169\" srcset=\"https:\/\/www.vivaeurovision.com\/wp-content\/uploads\/2016\/02\/deltavling1-jpg-300x169.jpg 300w, https:\/\/www.vivaeurovision.com\/wp-content\/uploads\/2016\/02\/deltavling1-jpg.jpg 650w\" sizes=\"auto, (max-width: 300px) 100vw, 300px\" \/><\/p>\n<p><span style=\"font-size: large;\"><span style=\"font-family: Arial;\">Samir &amp; Viktor \u2013 <em>Bada nakna<\/em><br \/>\nPernilla Andersson \u2013 <em>Mitt guld<\/em><br \/>\nMimi Werner \u2013 <em>Ain\u2019t no good<\/em><br \/>\nAlbin &amp; Mattias \u2013\u00a0<em>Rik<\/em><br \/>\n<strong><em>Anna Book \u2013 Himmel f\u00f6r tv\u00e5 (Descalificada) su actuaci\u00f3n no entra en competici\u00f3n<\/em><\/strong><br \/>\nRobin Bengtsson \u2013 <em>Constellation prize<\/em><br \/>\nAce Wilder \u2013 <em>Don\u2019t worry<\/em><\/span><\/span><\/p>\n<p><img loading=\"lazy\" decoding=\"async\" class=\"alignnone size-medium wp-image-176\" src=\"http:\/\/www.vivaeurovision.com\/wp-content\/uploads\/2016\/01\/untitledJPGLOGO-2-300x165.jpg\" alt=\"untitledJPGLOGO\" width=\"300\" height=\"165\" srcset=\"https:\/\/www.vivaeurovision.com\/wp-content\/uploads\/2016\/01\/untitledJPGLOGO-2-300x165.jpg 300w, https:\/\/www.vivaeurovision.com\/wp-content\/uploads\/2016\/01\/untitledJPGLOGO-2-555x305.jpg 555w, https:\/\/www.vivaeurovision.com\/wp-content\/uploads\/2016\/01\/untitledJPGLOGO-2.jpg 669w\" sizes=\"auto, (max-width: 300px) 100vw, 300px\" \/><\/p>\n<p>Twitter\u00a0<strong> <a href=\"https:\/\/twitter.com\/viva_eurovision\" target=\"_blank\">@viva_eurovision<\/a>\u00a0 <a href=\"https:\/\/www.facebook.com\/Vivaeurovisioncom-867806686671081\/?fref=nf\" target=\"_blank\">FACEBOOK OFICIAL VIVA EUROVISION <\/a><\/strong>Instragram <strong>@vivaeurovision<\/strong><\/p>\n<p>Fuente y fotograf\u00edas: SVT <strong><a href=\"http:\/\/www.svt.se\/melodifestivalen\/\" target=\"_blank\">http:\/\/www.svt.se\/melodifestivalen\/<\/a><\/strong><\/p>\n<p>Redactor: Pedro Palomo Twitter <strong><a href=\"https:\/\/twitter.com\/pedropalomobcn?lang=es\" target=\"_blank\">@pedropalomobcn<\/a> <\/strong>Instragram <strong>@pedrobcn<\/strong><\/p>\n","protected":false},"excerpt":{"rendered":"<p>Suecia da hoy el pistoletazo de salida a su gran Melodifestivalen, la primera semifinal, tras la pol\u00e9mica de la descalificaci\u00f3n de Anna Book \u2013 Himmel f\u00f6r tv\u00e5 (Descalificada) por incumplimiento&#46;&#46;&#46;<\/p>\n","protected":false},"author":1,"featured_media":710,"comment_status":"open","ping_status":"open","sticky":false,"template":"","format":"standard","meta":{"_exactmetrics_skip_tracking":false,"_exactmetrics_sitenote_active":false,"_exactmetrics_sitenote_note":"","_exactmetrics_sitenote_category":0,"footnotes":""},"categories":[7,4,3],"tags":[159,11,12,160,232,230,229,231,233,22],"class_list":["post-708","post","type-post","status-publish","format-standard","has-post-thumbnail","hentry","category-eurovision-2016","category-eurovision","category-ultima-hora","tag-come-together","tag-eurovision","tag-eurovision-2016","tag-eurovision-2016-come-together","tag-las-ketchup-melodifestivalen-2016","tag-melodifestival-sweeden-2016","tag-melodifestivalen","tag-sweeden-eurovision-2016","tag-the-ketchup-melodifestivalen-2016","tag-vivaeurovision"],"yoast_head":"<!-- This site is optimized with the Yoast SEO plugin v27.5 - https:\/\/yoast.com\/product\/yoast-seo-wordpress\/ -->\n<title>PRIMERA SEMIFINAL DEL MELODIFESTIVALEN CON LAS KETCHUP COMO INVITADAS - VIVAEUROVISION viva eurovision<\/title>\n<meta name=\"robots\" content=\"index, follow, max-snippet:-1, max-image-preview:large, max-video-preview:-1\" \/>\n<link rel=\"canonical\" href=\"https:\/\/www.vivaeurovision.com\/index.php\/2016\/02\/06\/708\/\" \/>\n<meta property=\"og:locale\" content=\"es_ES\" \/>\n<meta property=\"og:type\" content=\"article\" \/>\n<meta property=\"og:title\" content=\"PRIMERA SEMIFINAL DEL MELODIFESTIVALEN CON LAS KETCHUP COMO INVITADAS - VIVAEUROVISION viva eurovision\" \/>\n<meta property=\"og:description\" content=\"Suecia da hoy el pistoletazo de salida a su gran Melodifestivalen, la primera semifinal, tras la pol\u00e9mica de la descalificaci\u00f3n de Anna Book \u2013 Himmel f\u00f6r tv\u00e5 (Descalificada) por incumplimiento&#046;&#046;&#046;\" \/>\n<meta property=\"og:url\" content=\"https:\/\/www.vivaeurovision.com\/index.php\/2016\/02\/06\/708\/\" \/>\n<meta property=\"og:site_name\" content=\"VIVAEUROVISION viva eurovision\" \/>\n<meta property=\"article:published_time\" content=\"2016-02-06T18:35:14+00:00\" \/>\n<meta property=\"article:modified_time\" content=\"2016-02-06T21:48:05+00:00\" \/>\n<meta property=\"og:image\" content=\"https:\/\/www.vivaeurovision.com\/wp-content\/uploads\/2016\/02\/Sin-t\u00edtulo-1.jpg\" \/>\n\t<meta property=\"og:image:width\" content=\"800\" \/>\n\t<meta property=\"og:image:height\" content=\"400\" \/>\n\t<meta property=\"og:image:type\" content=\"image\/jpeg\" \/>\n<meta name=\"author\" content=\"Pedro Palomo\" \/>\n<meta name=\"twitter:card\" content=\"summary_large_image\" \/>\n<meta name=\"twitter:creator\" content=\"@pedropalomobcn\" \/>\n<meta name=\"twitter:label1\" content=\"Escrito por\" \/>\n\t<meta name=\"twitter:data1\" content=\"Pedro Palomo\" \/>\n\t<meta name=\"twitter:label2\" content=\"Tiempo de lectura\" \/>\n\t<meta name=\"twitter:data2\" content=\"1 minuto\" \/>\n<script type=\"application\/ld+json\" class=\"yoast-schema-graph\">{\"@context\":\"https:\\\/\\\/schema.org\",\"@graph\":[{\"@type\":\"Article\",\"@id\":\"https:\\\/\\\/www.vivaeurovision.com\\\/index.php\\\/2016\\\/02\\\/06\\\/708\\\/#article\",\"isPartOf\":{\"@id\":\"https:\\\/\\\/www.vivaeurovision.com\\\/index.php\\\/2016\\\/02\\\/06\\\/708\\\/\"},\"author\":{\"name\":\"Pedro Palomo\",\"@id\":\"https:\\\/\\\/www.vivaeurovision.com\\\/#\\\/schema\\\/person\\\/1d31fdaa3f5f7df556f73d164bd3c47a\"},\"headline\":\"PRIMERA SEMIFINAL DEL MELODIFESTIVALEN CON LAS KETCHUP COMO INVITADAS\",\"datePublished\":\"2016-02-06T18:35:14+00:00\",\"dateModified\":\"2016-02-06T21:48:05+00:00\",\"mainEntityOfPage\":{\"@id\":\"https:\\\/\\\/www.vivaeurovision.com\\\/index.php\\\/2016\\\/02\\\/06\\\/708\\\/\"},\"wordCount\":190,\"commentCount\":0,\"publisher\":{\"@id\":\"https:\\\/\\\/www.vivaeurovision.com\\\/#organization\"},\"image\":{\"@id\":\"https:\\\/\\\/www.vivaeurovision.com\\\/index.php\\\/2016\\\/02\\\/06\\\/708\\\/#primaryimage\"},\"thumbnailUrl\":\"https:\\\/\\\/www.vivaeurovision.com\\\/wp-content\\\/uploads\\\/2016\\\/02\\\/Sin-t\u00edtulo-1.jpg\",\"keywords\":[\"COME TOGETHER\",\"Eurovision\",\"Eurovisi\u00f3n 2016\",\"Eurovision 2016 come together\",\"las ketchup melodifestivalen 2016\",\"melodifestival sweeden 2016\",\"melodifestivalen\",\"sweeden eurovision 2016\",\"the ketchup melodifestivalen 2016\",\"vivaeurovision\"],\"articleSection\":[\"Eurovisi\u00f3n 2016\",\"Inicio\",\"Ultima Hora\"],\"inLanguage\":\"es\",\"potentialAction\":[{\"@type\":\"CommentAction\",\"name\":\"Comment\",\"target\":[\"https:\\\/\\\/www.vivaeurovision.com\\\/index.php\\\/2016\\\/02\\\/06\\\/708\\\/#respond\"]}]},{\"@type\":\"WebPage\",\"@id\":\"https:\\\/\\\/www.vivaeurovision.com\\\/index.php\\\/2016\\\/02\\\/06\\\/708\\\/\",\"url\":\"https:\\\/\\\/www.vivaeurovision.com\\\/index.php\\\/2016\\\/02\\\/06\\\/708\\\/\",\"name\":\"PRIMERA SEMIFINAL DEL MELODIFESTIVALEN CON LAS KETCHUP COMO INVITADAS - VIVAEUROVISION viva eurovision\",\"isPartOf\":{\"@id\":\"https:\\\/\\\/www.vivaeurovision.com\\\/#website\"},\"primaryImageOfPage\":{\"@id\":\"https:\\\/\\\/www.vivaeurovision.com\\\/index.php\\\/2016\\\/02\\\/06\\\/708\\\/#primaryimage\"},\"image\":{\"@id\":\"https:\\\/\\\/www.vivaeurovision.com\\\/index.php\\\/2016\\\/02\\\/06\\\/708\\\/#primaryimage\"},\"thumbnailUrl\":\"https:\\\/\\\/www.vivaeurovision.com\\\/wp-content\\\/uploads\\\/2016\\\/02\\\/Sin-t\u00edtulo-1.jpg\",\"datePublished\":\"2016-02-06T18:35:14+00:00\",\"dateModified\":\"2016-02-06T21:48:05+00:00\",\"breadcrumb\":{\"@id\":\"https:\\\/\\\/www.vivaeurovision.com\\\/index.php\\\/2016\\\/02\\\/06\\\/708\\\/#breadcrumb\"},\"inLanguage\":\"es\",\"potentialAction\":[{\"@type\":\"ReadAction\",\"target\":[\"https:\\\/\\\/www.vivaeurovision.com\\\/index.php\\\/2016\\\/02\\\/06\\\/708\\\/\"]}]},{\"@type\":\"ImageObject\",\"inLanguage\":\"es\",\"@id\":\"https:\\\/\\\/www.vivaeurovision.com\\\/index.php\\\/2016\\\/02\\\/06\\\/708\\\/#primaryimage\",\"url\":\"https:\\\/\\\/www.vivaeurovision.com\\\/wp-content\\\/uploads\\\/2016\\\/02\\\/Sin-t\u00edtulo-1.jpg\",\"contentUrl\":\"https:\\\/\\\/www.vivaeurovision.com\\\/wp-content\\\/uploads\\\/2016\\\/02\\\/Sin-t\u00edtulo-1.jpg\",\"width\":800,\"height\":400},{\"@type\":\"BreadcrumbList\",\"@id\":\"https:\\\/\\\/www.vivaeurovision.com\\\/index.php\\\/2016\\\/02\\\/06\\\/708\\\/#breadcrumb\",\"itemListElement\":[{\"@type\":\"ListItem\",\"position\":1,\"name\":\"Portada\",\"item\":\"https:\\\/\\\/www.vivaeurovision.com\\\/\"},{\"@type\":\"ListItem\",\"position\":2,\"name\":\"PRIMERA SEMIFINAL DEL MELODIFESTIVALEN CON LAS KETCHUP COMO INVITADAS\"}]},{\"@type\":\"WebSite\",\"@id\":\"https:\\\/\\\/www.vivaeurovision.com\\\/#website\",\"url\":\"https:\\\/\\\/www.vivaeurovision.com\\\/\",\"name\":\"VIVAEUROVISION viva eurovision\",\"description\":\"Tu portal sobre el Festival de Eurovision, eurovision, eurovisi\u00f3n\",\"publisher\":{\"@id\":\"https:\\\/\\\/www.vivaeurovision.com\\\/#organization\"},\"potentialAction\":[{\"@type\":\"SearchAction\",\"target\":{\"@type\":\"EntryPoint\",\"urlTemplate\":\"https:\\\/\\\/www.vivaeurovision.com\\\/?s={search_term_string}\"},\"query-input\":{\"@type\":\"PropertyValueSpecification\",\"valueRequired\":true,\"valueName\":\"search_term_string\"}}],\"inLanguage\":\"es\"},{\"@type\":\"Organization\",\"@id\":\"https:\\\/\\\/www.vivaeurovision.com\\\/#organization\",\"name\":\"vivaeurovision\",\"url\":\"https:\\\/\\\/www.vivaeurovision.com\\\/\",\"logo\":{\"@type\":\"ImageObject\",\"inLanguage\":\"es\",\"@id\":\"https:\\\/\\\/www.vivaeurovision.com\\\/#\\\/schema\\\/logo\\\/image\\\/\",\"url\":\"https:\\\/\\\/www.vivaeurovision.com\\\/wp-content\\\/uploads\\\/2016\\\/01\\\/cropped-image-21-1.jpeg\",\"contentUrl\":\"https:\\\/\\\/www.vivaeurovision.com\\\/wp-content\\\/uploads\\\/2016\\\/01\\\/cropped-image-21-1.jpeg\",\"width\":669,\"height\":368,\"caption\":\"vivaeurovision\"},\"image\":{\"@id\":\"https:\\\/\\\/www.vivaeurovision.com\\\/#\\\/schema\\\/logo\\\/image\\\/\"}},{\"@type\":\"Person\",\"@id\":\"https:\\\/\\\/www.vivaeurovision.com\\\/#\\\/schema\\\/person\\\/1d31fdaa3f5f7df556f73d164bd3c47a\",\"name\":\"Pedro Palomo\",\"image\":{\"@type\":\"ImageObject\",\"inLanguage\":\"es\",\"@id\":\"https:\\\/\\\/secure.gravatar.com\\\/avatar\\\/4cf9a4877f5f71f44fb7cedbe1bac1bd28bd8ce7a217517d98d5b2117f9f5505?s=96&d=mm&r=g\",\"url\":\"https:\\\/\\\/secure.gravatar.com\\\/avatar\\\/4cf9a4877f5f71f44fb7cedbe1bac1bd28bd8ce7a217517d98d5b2117f9f5505?s=96&d=mm&r=g\",\"contentUrl\":\"https:\\\/\\\/secure.gravatar.com\\\/avatar\\\/4cf9a4877f5f71f44fb7cedbe1bac1bd28bd8ce7a217517d98d5b2117f9f5505?s=96&d=mm&r=g\",\"caption\":\"Pedro Palomo\"},\"sameAs\":[\"http:\\\/\\\/www.vivaeurovision.com\",\"@pedrobcn\",\"https:\\\/\\\/x.com\\\/@pedropalomobcn\"]}]}<\/script>\n<!-- \/ Yoast SEO plugin. -->","yoast_head_json":{"title":"PRIMERA SEMIFINAL DEL MELODIFESTIVALEN CON LAS KETCHUP COMO INVITADAS - VIVAEUROVISION viva eurovision","robots":{"index":"index","follow":"follow","max-snippet":"max-snippet:-1","max-image-preview":"max-image-preview:large","max-video-preview":"max-video-preview:-1"},"canonical":"https:\/\/www.vivaeurovision.com\/index.php\/2016\/02\/06\/708\/","og_locale":"es_ES","og_type":"article","og_title":"PRIMERA SEMIFINAL DEL MELODIFESTIVALEN CON LAS KETCHUP COMO INVITADAS - VIVAEUROVISION viva eurovision","og_description":"Suecia da hoy el pistoletazo de salida a su gran Melodifestivalen, la primera semifinal, tras la pol\u00e9mica de la descalificaci\u00f3n de Anna Book \u2013 Himmel f\u00f6r tv\u00e5 (Descalificada) por incumplimiento&#46;&#46;&#46;","og_url":"https:\/\/www.vivaeurovision.com\/index.php\/2016\/02\/06\/708\/","og_site_name":"VIVAEUROVISION viva eurovision","article_published_time":"2016-02-06T18:35:14+00:00","article_modified_time":"2016-02-06T21:48:05+00:00","og_image":[{"width":800,"height":400,"url":"https:\/\/www.vivaeurovision.com\/wp-content\/uploads\/2016\/02\/Sin-t\u00edtulo-1.jpg","type":"image\/jpeg"}],"author":"Pedro Palomo","twitter_card":"summary_large_image","twitter_creator":"@pedropalomobcn","twitter_misc":{"Escrito por":"Pedro Palomo","Tiempo de lectura":"1 minuto"},"schema":{"@context":"https:\/\/schema.org","@graph":[{"@type":"Article","@id":"https:\/\/www.vivaeurovision.com\/index.php\/2016\/02\/06\/708\/#article","isPartOf":{"@id":"https:\/\/www.vivaeurovision.com\/index.php\/2016\/02\/06\/708\/"},"author":{"name":"Pedro Palomo","@id":"https:\/\/www.vivaeurovision.com\/#\/schema\/person\/1d31fdaa3f5f7df556f73d164bd3c47a"},"headline":"PRIMERA SEMIFINAL DEL MELODIFESTIVALEN CON LAS KETCHUP COMO INVITADAS","datePublished":"2016-02-06T18:35:14+00:00","dateModified":"2016-02-06T21:48:05+00:00","mainEntityOfPage":{"@id":"https:\/\/www.vivaeurovision.com\/index.php\/2016\/02\/06\/708\/"},"wordCount":190,"commentCount":0,"publisher":{"@id":"https:\/\/www.vivaeurovision.com\/#organization"},"image":{"@id":"https:\/\/www.vivaeurovision.com\/index.php\/2016\/02\/06\/708\/#primaryimage"},"thumbnailUrl":"https:\/\/www.vivaeurovision.com\/wp-content\/uploads\/2016\/02\/Sin-t\u00edtulo-1.jpg","keywords":["COME TOGETHER","Eurovision","Eurovisi\u00f3n 2016","Eurovision 2016 come together","las ketchup melodifestivalen 2016","melodifestival sweeden 2016","melodifestivalen","sweeden eurovision 2016","the ketchup melodifestivalen 2016","vivaeurovision"],"articleSection":["Eurovisi\u00f3n 2016","Inicio","Ultima Hora"],"inLanguage":"es","potentialAction":[{"@type":"CommentAction","name":"Comment","target":["https:\/\/www.vivaeurovision.com\/index.php\/2016\/02\/06\/708\/#respond"]}]},{"@type":"WebPage","@id":"https:\/\/www.vivaeurovision.com\/index.php\/2016\/02\/06\/708\/","url":"https:\/\/www.vivaeurovision.com\/index.php\/2016\/02\/06\/708\/","name":"PRIMERA SEMIFINAL DEL MELODIFESTIVALEN CON LAS KETCHUP COMO INVITADAS - VIVAEUROVISION viva eurovision","isPartOf":{"@id":"https:\/\/www.vivaeurovision.com\/#website"},"primaryImageOfPage":{"@id":"https:\/\/www.vivaeurovision.com\/index.php\/2016\/02\/06\/708\/#primaryimage"},"image":{"@id":"https:\/\/www.vivaeurovision.com\/index.php\/2016\/02\/06\/708\/#primaryimage"},"thumbnailUrl":"https:\/\/www.vivaeurovision.com\/wp-content\/uploads\/2016\/02\/Sin-t\u00edtulo-1.jpg","datePublished":"2016-02-06T18:35:14+00:00","dateModified":"2016-02-06T21:48:05+00:00","breadcrumb":{"@id":"https:\/\/www.vivaeurovision.com\/index.php\/2016\/02\/06\/708\/#breadcrumb"},"inLanguage":"es","potentialAction":[{"@type":"ReadAction","target":["https:\/\/www.vivaeurovision.com\/index.php\/2016\/02\/06\/708\/"]}]},{"@type":"ImageObject","inLanguage":"es","@id":"https:\/\/www.vivaeurovision.com\/index.php\/2016\/02\/06\/708\/#primaryimage","url":"https:\/\/www.vivaeurovision.com\/wp-content\/uploads\/2016\/02\/Sin-t\u00edtulo-1.jpg","contentUrl":"https:\/\/www.vivaeurovision.com\/wp-content\/uploads\/2016\/02\/Sin-t\u00edtulo-1.jpg","width":800,"height":400},{"@type":"BreadcrumbList","@id":"https:\/\/www.vivaeurovision.com\/index.php\/2016\/02\/06\/708\/#breadcrumb","itemListElement":[{"@type":"ListItem","position":1,"name":"Portada","item":"https:\/\/www.vivaeurovision.com\/"},{"@type":"ListItem","position":2,"name":"PRIMERA SEMIFINAL DEL MELODIFESTIVALEN CON LAS KETCHUP COMO INVITADAS"}]},{"@type":"WebSite","@id":"https:\/\/www.vivaeurovision.com\/#website","url":"https:\/\/www.vivaeurovision.com\/","name":"VIVAEUROVISION viva eurovision","description":"Tu portal sobre el Festival de Eurovision, eurovision, eurovisi\u00f3n","publisher":{"@id":"https:\/\/www.vivaeurovision.com\/#organization"},"potentialAction":[{"@type":"SearchAction","target":{"@type":"EntryPoint","urlTemplate":"https:\/\/www.vivaeurovision.com\/?s={search_term_string}"},"query-input":{"@type":"PropertyValueSpecification","valueRequired":true,"valueName":"search_term_string"}}],"inLanguage":"es"},{"@type":"Organization","@id":"https:\/\/www.vivaeurovision.com\/#organization","name":"vivaeurovision","url":"https:\/\/www.vivaeurovision.com\/","logo":{"@type":"ImageObject","inLanguage":"es","@id":"https:\/\/www.vivaeurovision.com\/#\/schema\/logo\/image\/","url":"https:\/\/www.vivaeurovision.com\/wp-content\/uploads\/2016\/01\/cropped-image-21-1.jpeg","contentUrl":"https:\/\/www.vivaeurovision.com\/wp-content\/uploads\/2016\/01\/cropped-image-21-1.jpeg","width":669,"height":368,"caption":"vivaeurovision"},"image":{"@id":"https:\/\/www.vivaeurovision.com\/#\/schema\/logo\/image\/"}},{"@type":"Person","@id":"https:\/\/www.vivaeurovision.com\/#\/schema\/person\/1d31fdaa3f5f7df556f73d164bd3c47a","name":"Pedro Palomo","image":{"@type":"ImageObject","inLanguage":"es","@id":"https:\/\/secure.gravatar.com\/avatar\/4cf9a4877f5f71f44fb7cedbe1bac1bd28bd8ce7a217517d98d5b2117f9f5505?s=96&d=mm&r=g","url":"https:\/\/secure.gravatar.com\/avatar\/4cf9a4877f5f71f44fb7cedbe1bac1bd28bd8ce7a217517d98d5b2117f9f5505?s=96&d=mm&r=g","contentUrl":"https:\/\/secure.gravatar.com\/avatar\/4cf9a4877f5f71f44fb7cedbe1bac1bd28bd8ce7a217517d98d5b2117f9f5505?s=96&d=mm&r=g","caption":"Pedro Palomo"},"sameAs":["http:\/\/www.vivaeurovision.com","@pedrobcn","https:\/\/x.com\/@pedropalomobcn"]}]}},"_links":{"self":[{"href":"https:\/\/www.vivaeurovision.com\/index.php\/wp-json\/wp\/v2\/posts\/708","targetHints":{"allow":["GET"]}}],"collection":[{"href":"https:\/\/www.vivaeurovision.com\/index.php\/wp-json\/wp\/v2\/posts"}],"about":[{"href":"https:\/\/www.vivaeurovision.com\/index.php\/wp-json\/wp\/v2\/types\/post"}],"author":[{"embeddable":true,"href":"https:\/\/www.vivaeurovision.com\/index.php\/wp-json\/wp\/v2\/users\/1"}],"replies":[{"embeddable":true,"href":"https:\/\/www.vivaeurovision.com\/index.php\/wp-json\/wp\/v2\/comments?post=708"}],"version-history":[{"count":0,"href":"https:\/\/www.vivaeurovision.com\/index.php\/wp-json\/wp\/v2\/posts\/708\/revisions"}],"wp:featuredmedia":[{"embeddable":true,"href":"https:\/\/www.vivaeurovision.com\/index.php\/wp-json\/wp\/v2\/media\/710"}],"wp:attachment":[{"href":"https:\/\/www.vivaeurovision.com\/index.php\/wp-json\/wp\/v2\/media?parent=708"}],"wp:term":[{"taxonomy":"category","embeddable":true,"href":"https:\/\/www.vivaeurovision.com\/index.php\/wp-json\/wp\/v2\/categories?post=708"},{"taxonomy":"post_tag","embeddable":true,"href":"https:\/\/www.vivaeurovision.com\/index.php\/wp-json\/wp\/v2\/tags?post=708"}],"curies":[{"name":"wp","href":"https:\/\/api.w.org\/{rel}","templated":true}]}}