{"id":7205,"date":"2018-04-14T18:19:59","date_gmt":"2018-04-14T18:19:59","guid":{"rendered":"http:\/\/www.vivaeurovision.com\/?p=7205"},"modified":"2018-04-14T18:19:59","modified_gmt":"2018-04-14T18:19:59","slug":"7205-eurovision-concert","status":"publish","type":"post","link":"https:\/\/www.vivaeurovision.com\/index.php\/2018\/04\/14\/7205-eurovision-concert\/","title":{"rendered":"Eurovision in concert de Amsterdam celebra hoy su d\u00e9cimo aniversario"},"content":{"rendered":"<h2>Eurovision in concert de Amsterdam celebra hoy su d\u00e9cimo aniversario<\/h2>\n<p><img loading=\"lazy\" decoding=\"async\" class=\"alignnone size-medium wp-image-7238\" src=\"http:\/\/www.vivaeurovision.com\/wp-content\/uploads\/2018\/04\/7AD6724B-3D65-41CF-B357-4EDE18D65327-300x199.jpeg\" alt=\"Eurovision in concert\" width=\"300\" height=\"199\" srcset=\"https:\/\/www.vivaeurovision.com\/wp-content\/uploads\/2018\/04\/7AD6724B-3D65-41CF-B357-4EDE18D65327-300x199.jpeg 300w, https:\/\/www.vivaeurovision.com\/wp-content\/uploads\/2018\/04\/7AD6724B-3D65-41CF-B357-4EDE18D65327-700x464.jpeg 700w, https:\/\/www.vivaeurovision.com\/wp-content\/uploads\/2018\/04\/7AD6724B-3D65-41CF-B357-4EDE18D65327.jpeg 2048w\" sizes=\"auto, (max-width: 300px) 100vw, 300px\" \/><\/p>\n<p>Imagen:\u00a9eurovision in concert Amsterdam<\/p>\n<p>La m\u00edtica preparty de Amsterdam celebra hoy por todo lo alto su d\u00e9cimo aniversario con 32 paises que actuar\u00e1n esta noche en la sala Afas Live de Amsterdam.<\/p>\n<p>Eurovision in concert de Amsterdam siempre ha sido la ante sala al Festival de Eurovisi\u00f3n donde hoy 32 paises podr\u00e1n ofrecer en directo sus candidaturas.<\/p>\n<p>La \u00faltima cita promocional ser\u00e1 el pr\u00f3ximo s\u00e1bado 21 en la ESPReParty de Madrid, a pocos d\u00edas de que las delegaciones comiencen a llegar a Lisboa para los ensayos del pr\u00f3ximo Festival de Eurovisi\u00f3n 2018.<\/p>\n<p>PA\u00cdSES PARTICIPANTES DE LA D\u00c9CIMA EDICI\u00d3N DEL EUROVISION IN CONCERT DE AMSTERDAM.<\/p>\n<p>Albania<\/p>\n<p>Alemania<\/p>\n<p>Armenia<\/p>\n<p>Australia<\/p>\n<p>Austria<\/p>\n<p>B\u00e9lgica<\/p>\n<p>Bielorrusia<\/p>\n<p>Bulgaria<\/p>\n<p>Dinamarca<\/p>\n<p>Eslovenia<\/p>\n<p>Espa\u00f1a<\/p>\n<p>Finlandia<\/p>\n<p>Francia<\/p>\n<p>Hungr\u00eda<\/p>\n<p>Irlanda<\/p>\n<p>Islandia<\/p>\n<p>Israel<\/p>\n<p>Letonia<\/p>\n<p>Lituania<\/p>\n<p>F.Y.R Macedonia<\/p>\n<p>Malta<\/p>\n<p>Moldavia<\/p>\n<p>Montenegro<\/p>\n<p>Pa\u00edses bajos-ANFITRI\u00d3N<\/p>\n<p>Polonia<\/p>\n<p>Reino Unido<\/p>\n<p>Rep\u00fablica checa<\/p>\n<p>San Marino<\/p>\n<p>Serbia<\/p>\n<p>Suecia<\/p>\n<p>Suiza<\/p>\n<p>Ucrania<\/p>\n<p><iframe loading=\"lazy\"  id=\"_ytid_38486\"  width=\"480\" height=\"270\"  data-origwidth=\"480\" data-origheight=\"270\" src=\"https:\/\/www.youtube.com\/embed\/9GeG54fa9lw?enablejsapi=1&#038;autoplay=0&#038;cc_load_policy=0&#038;cc_lang_pref=&#038;iv_load_policy=1&#038;loop=0&#038;rel=1&#038;fs=1&#038;playsinline=0&#038;autohide=2&#038;theme=dark&#038;color=red&#038;controls=1&#038;disablekb=0&#038;\" class=\"__youtube_prefs__  epyt-is-override  no-lazyload\" title=\"YouTube player\"  allow=\"fullscreen; accelerometer; autoplay; clipboard-write; encrypted-media; gyroscope; picture-in-picture; web-share\" referrerpolicy=\"strict-origin-when-cross-origin\" allowfullscreen data-no-lazy=\"1\" data-skipgform_ajax_framebjll=\"\"><\/iframe><\/p>\n<p><img loading=\"lazy\" decoding=\"async\" class=\"alignnone size-medium wp-image-311\" src=\"http:\/\/www.vivaeurovision.com\/wp-content\/uploads\/2016\/01\/image-21-300x165.jpeg\" alt=\"VIVAEUROVISION.COM\" width=\"300\" height=\"165\" srcset=\"https:\/\/www.vivaeurovision.com\/wp-content\/uploads\/2016\/01\/image-21-300x165.jpeg 300w, https:\/\/www.vivaeurovision.com\/wp-content\/uploads\/2016\/01\/image-21-555x305.jpeg 555w, https:\/\/www.vivaeurovision.com\/wp-content\/uploads\/2016\/01\/image-21.jpeg 669w\" sizes=\"auto, (max-width: 300px) 100vw, 300px\" \/><\/p>\n<p>Twitter\u00a0<strong> <a href=\"https:\/\/twitter.com\/viva_eurovision\" target=\"_blank\" rel=\"noopener noreferrer\">@viva_eurovision<\/a>\u00a0 <a href=\"https:\/\/www.facebook.com\/Vivaeurovisioncom-867806686671081\/?fref=nf\" target=\"_blank\" rel=\"noopener noreferrer\">FACEBOOK OFICIAL VIVA EUROVISION <\/a><\/strong>Instragram <strong>\u00a0<\/strong><a href=\"https:\/\/www.instagram.com\/vivaeurovision\/\" target=\"_blank\" rel=\"noopener noreferrer\"><strong>@vivaeurovision<\/strong><\/a><\/p>\n<p>Redactor: Pedro Palomo <a href=\"https:\/\/twitter.com\/pedropalomobcn?lang=es\"><strong>@pedropalomobcn<\/strong><\/a><strong>\u00a0<\/strong>Instagram <a href=\"https:\/\/www.instagram.com\/pedrobcn\/\" target=\"_blank\" rel=\"noopener noreferrer\"><strong>@pedrobcn<\/strong><\/a><\/p>\n","protected":false},"excerpt":{"rendered":"<p>Eurovision in concert de Amsterdam celebra hoy su d\u00e9cimo aniversario Imagen:\u00a9eurovision in concert Amsterdam La m\u00edtica preparty de Amsterdam celebra hoy por todo lo alto su d\u00e9cimo aniversario con 32&#46;&#46;&#46;<\/p>\n","protected":false},"author":1,"featured_media":7238,"comment_status":"open","ping_status":"closed","sticky":false,"template":"","format":"standard","meta":{"_exactmetrics_skip_tracking":false,"_exactmetrics_sitenote_active":false,"_exactmetrics_sitenote_note":"","_exactmetrics_sitenote_category":0,"footnotes":""},"categories":[1195,2144,4,1188,2,875,3],"tags":[2490,3028,17,2145,11,2086,2491,1925,732,3027,2291,2142,2290,2289,1476,706,3030,1096,3029,34,19,20,766,3031,23,22],"class_list":["post-7205","post","type-post","status-publish","format-standard","has-post-thumbnail","hentry","category-eurovision-2","category-eurovision-2018","category-eurovision","category-noticia-2","category-noticia","category-rincon-vivalamusica","category-ultima-hora","tag-all-aboard","tag-amaia-y-alfred-eurovision-in-concert","tag-esc","tag-esc-2018","tag-eurovision","tag-eurovision-2018","tag-eurovision-all-aboard","tag-eurovision-in-concert","tag-eurovision-in-concert-amsterdam","tag-eurovision-in-concert-amsterdam-2018","tag-eurovision-lisboa","tag-eurovision-lisboa-2018","tag-eurovision-lisbon","tag-eurovision-lisbon-2018","tag-eurovision-song-contest","tag-eurovision-song-contest-festival","tag-eye-cue-eurovision-in-concert","tag-festival-de-eurovision","tag-netta-barzilai-eurovision-in-concert","tag-noticia","tag-pedro-palomo","tag-pedro-palomo-eurovision","tag-pedro-palomo-vivaeurovision","tag-saara-aalto-eurovision-in-concert","tag-viva-eurovision","tag-vivaeurovision"],"yoast_head":"<!-- This site is optimized with the Yoast SEO plugin v27.5 - https:\/\/yoast.com\/product\/yoast-seo-wordpress\/ -->\n<title>Eurovision in concert de Amsterdam celebra hoy su d\u00e9cimo aniversario - VIVAEUROVISION viva eurovision<\/title>\n<meta name=\"description\" content=\"Eurovision in concert, Eurovision in concert Amsterdam 2018, eurovision, eurovision 2018, vivaeurovision, viva eurovisi\u00f3n, eurovisin all aboard\" \/>\n<meta name=\"robots\" content=\"index, follow, max-snippet:-1, max-image-preview:large, max-video-preview:-1\" \/>\n<link rel=\"canonical\" href=\"https:\/\/www.vivaeurovision.com\/index.php\/2018\/04\/14\/7205-eurovision-concert\/\" \/>\n<meta property=\"og:locale\" content=\"es_ES\" \/>\n<meta property=\"og:type\" content=\"article\" \/>\n<meta property=\"og:title\" content=\"Eurovision in concert de Amsterdam celebra hoy su d\u00e9cimo aniversario - VIVAEUROVISION viva eurovision\" \/>\n<meta property=\"og:description\" content=\"Eurovision in concert, Eurovision in concert Amsterdam 2018, eurovision, eurovision 2018, vivaeurovision, viva eurovisi\u00f3n, eurovisin all aboard\" \/>\n<meta property=\"og:url\" content=\"https:\/\/www.vivaeurovision.com\/index.php\/2018\/04\/14\/7205-eurovision-concert\/\" \/>\n<meta property=\"og:site_name\" content=\"VIVAEUROVISION viva eurovision\" \/>\n<meta property=\"article:published_time\" content=\"2018-04-14T18:19:59+00:00\" \/>\n<meta property=\"og:image\" content=\"https:\/\/www.vivaeurovision.com\/wp-content\/uploads\/2018\/04\/7AD6724B-3D65-41CF-B357-4EDE18D65327.jpeg\" \/>\n\t<meta property=\"og:image:width\" content=\"2048\" \/>\n\t<meta property=\"og:image:height\" content=\"1358\" \/>\n\t<meta property=\"og:image:type\" content=\"image\/jpeg\" \/>\n<meta name=\"author\" content=\"Pedro Palomo\" \/>\n<meta name=\"twitter:card\" content=\"summary_large_image\" \/>\n<meta name=\"twitter:creator\" content=\"@pedropalomobcn\" \/>\n<meta name=\"twitter:label1\" content=\"Escrito por\" \/>\n\t<meta name=\"twitter:data1\" content=\"Pedro Palomo\" \/>\n\t<meta name=\"twitter:label2\" content=\"Tiempo de lectura\" \/>\n\t<meta name=\"twitter:data2\" content=\"1 minuto\" \/>\n<script type=\"application\/ld+json\" class=\"yoast-schema-graph\">{\"@context\":\"https:\\\/\\\/schema.org\",\"@graph\":[{\"@type\":\"Article\",\"@id\":\"https:\\\/\\\/www.vivaeurovision.com\\\/index.php\\\/2018\\\/04\\\/14\\\/7205-eurovision-concert\\\/#article\",\"isPartOf\":{\"@id\":\"https:\\\/\\\/www.vivaeurovision.com\\\/index.php\\\/2018\\\/04\\\/14\\\/7205-eurovision-concert\\\/\"},\"author\":{\"name\":\"Pedro Palomo\",\"@id\":\"https:\\\/\\\/www.vivaeurovision.com\\\/#\\\/schema\\\/person\\\/1d31fdaa3f5f7df556f73d164bd3c47a\"},\"headline\":\"Eurovision in concert de Amsterdam celebra hoy su d\u00e9cimo aniversario\",\"datePublished\":\"2018-04-14T18:19:59+00:00\",\"mainEntityOfPage\":{\"@id\":\"https:\\\/\\\/www.vivaeurovision.com\\\/index.php\\\/2018\\\/04\\\/14\\\/7205-eurovision-concert\\\/\"},\"wordCount\":202,\"commentCount\":0,\"publisher\":{\"@id\":\"https:\\\/\\\/www.vivaeurovision.com\\\/#organization\"},\"image\":{\"@id\":\"https:\\\/\\\/www.vivaeurovision.com\\\/index.php\\\/2018\\\/04\\\/14\\\/7205-eurovision-concert\\\/#primaryimage\"},\"thumbnailUrl\":\"https:\\\/\\\/www.vivaeurovision.com\\\/wp-content\\\/uploads\\\/2018\\\/04\\\/7AD6724B-3D65-41CF-B357-4EDE18D65327.jpeg\",\"keywords\":[\"all aboard\",\"Amaia y alfred Eurovision in concert\",\"ESC\",\"esc 2018\",\"Eurovision\",\"eurovision 2018\",\"Eurovision all aboard\",\"eurovision in concert\",\"eurovision in concert amsterdam\",\"eurovision in concert amsterdam 2018\",\"eurovision lisboa\",\"eurovision Lisboa 2018\",\"eurovision lisbon\",\"eurovision lisbon 2018\",\"eurovision song contest\",\"eurovision song contest festival\",\"Eye Cue eurovision in concert\",\"Festival de Eurovisi\u00f3n\",\"Netta Barzilai eurovision in concert\",\"Noticia\",\"Pedro Palomo\",\"Pedro Palomo Eurovision\",\"Pedro Palomo Vivaeurovision\",\"Saara Aalto eurovision in concert\",\"viva eurovision\",\"vivaeurovision\"],\"articleSection\":[\"eurovision\",\"eurovision 2018\",\"Inicio\",\"Noticia\",\"Noticias\",\"Rinc\u00f3n VIVALAMUSICA\",\"Ultima Hora\"],\"inLanguage\":\"es\",\"potentialAction\":[{\"@type\":\"CommentAction\",\"name\":\"Comment\",\"target\":[\"https:\\\/\\\/www.vivaeurovision.com\\\/index.php\\\/2018\\\/04\\\/14\\\/7205-eurovision-concert\\\/#respond\"]}]},{\"@type\":\"WebPage\",\"@id\":\"https:\\\/\\\/www.vivaeurovision.com\\\/index.php\\\/2018\\\/04\\\/14\\\/7205-eurovision-concert\\\/\",\"url\":\"https:\\\/\\\/www.vivaeurovision.com\\\/index.php\\\/2018\\\/04\\\/14\\\/7205-eurovision-concert\\\/\",\"name\":\"Eurovision in concert de Amsterdam celebra hoy su d\u00e9cimo aniversario - VIVAEUROVISION viva eurovision\",\"isPartOf\":{\"@id\":\"https:\\\/\\\/www.vivaeurovision.com\\\/#website\"},\"primaryImageOfPage\":{\"@id\":\"https:\\\/\\\/www.vivaeurovision.com\\\/index.php\\\/2018\\\/04\\\/14\\\/7205-eurovision-concert\\\/#primaryimage\"},\"image\":{\"@id\":\"https:\\\/\\\/www.vivaeurovision.com\\\/index.php\\\/2018\\\/04\\\/14\\\/7205-eurovision-concert\\\/#primaryimage\"},\"thumbnailUrl\":\"https:\\\/\\\/www.vivaeurovision.com\\\/wp-content\\\/uploads\\\/2018\\\/04\\\/7AD6724B-3D65-41CF-B357-4EDE18D65327.jpeg\",\"datePublished\":\"2018-04-14T18:19:59+00:00\",\"description\":\"Eurovision in concert, Eurovision in concert Amsterdam 2018, eurovision, eurovision 2018, vivaeurovision, viva eurovisi\u00f3n, eurovisin all aboard\",\"breadcrumb\":{\"@id\":\"https:\\\/\\\/www.vivaeurovision.com\\\/index.php\\\/2018\\\/04\\\/14\\\/7205-eurovision-concert\\\/#breadcrumb\"},\"inLanguage\":\"es\",\"potentialAction\":[{\"@type\":\"ReadAction\",\"target\":[\"https:\\\/\\\/www.vivaeurovision.com\\\/index.php\\\/2018\\\/04\\\/14\\\/7205-eurovision-concert\\\/\"]}]},{\"@type\":\"ImageObject\",\"inLanguage\":\"es\",\"@id\":\"https:\\\/\\\/www.vivaeurovision.com\\\/index.php\\\/2018\\\/04\\\/14\\\/7205-eurovision-concert\\\/#primaryimage\",\"url\":\"https:\\\/\\\/www.vivaeurovision.com\\\/wp-content\\\/uploads\\\/2018\\\/04\\\/7AD6724B-3D65-41CF-B357-4EDE18D65327.jpeg\",\"contentUrl\":\"https:\\\/\\\/www.vivaeurovision.com\\\/wp-content\\\/uploads\\\/2018\\\/04\\\/7AD6724B-3D65-41CF-B357-4EDE18D65327.jpeg\",\"width\":2048,\"height\":1358,\"caption\":\"Eurovision in concert\"},{\"@type\":\"BreadcrumbList\",\"@id\":\"https:\\\/\\\/www.vivaeurovision.com\\\/index.php\\\/2018\\\/04\\\/14\\\/7205-eurovision-concert\\\/#breadcrumb\",\"itemListElement\":[{\"@type\":\"ListItem\",\"position\":1,\"name\":\"Portada\",\"item\":\"https:\\\/\\\/www.vivaeurovision.com\\\/\"},{\"@type\":\"ListItem\",\"position\":2,\"name\":\"Eurovision in concert de Amsterdam celebra hoy su d\u00e9cimo aniversario\"}]},{\"@type\":\"WebSite\",\"@id\":\"https:\\\/\\\/www.vivaeurovision.com\\\/#website\",\"url\":\"https:\\\/\\\/www.vivaeurovision.com\\\/\",\"name\":\"VIVAEUROVISION viva eurovision\",\"description\":\"Tu portal sobre el Festival de Eurovision, eurovision, eurovisi\u00f3n\",\"publisher\":{\"@id\":\"https:\\\/\\\/www.vivaeurovision.com\\\/#organization\"},\"potentialAction\":[{\"@type\":\"SearchAction\",\"target\":{\"@type\":\"EntryPoint\",\"urlTemplate\":\"https:\\\/\\\/www.vivaeurovision.com\\\/?s={search_term_string}\"},\"query-input\":{\"@type\":\"PropertyValueSpecification\",\"valueRequired\":true,\"valueName\":\"search_term_string\"}}],\"inLanguage\":\"es\"},{\"@type\":\"Organization\",\"@id\":\"https:\\\/\\\/www.vivaeurovision.com\\\/#organization\",\"name\":\"vivaeurovision\",\"url\":\"https:\\\/\\\/www.vivaeurovision.com\\\/\",\"logo\":{\"@type\":\"ImageObject\",\"inLanguage\":\"es\",\"@id\":\"https:\\\/\\\/www.vivaeurovision.com\\\/#\\\/schema\\\/logo\\\/image\\\/\",\"url\":\"https:\\\/\\\/www.vivaeurovision.com\\\/wp-content\\\/uploads\\\/2016\\\/01\\\/cropped-image-21-1.jpeg\",\"contentUrl\":\"https:\\\/\\\/www.vivaeurovision.com\\\/wp-content\\\/uploads\\\/2016\\\/01\\\/cropped-image-21-1.jpeg\",\"width\":669,\"height\":368,\"caption\":\"vivaeurovision\"},\"image\":{\"@id\":\"https:\\\/\\\/www.vivaeurovision.com\\\/#\\\/schema\\\/logo\\\/image\\\/\"}},{\"@type\":\"Person\",\"@id\":\"https:\\\/\\\/www.vivaeurovision.com\\\/#\\\/schema\\\/person\\\/1d31fdaa3f5f7df556f73d164bd3c47a\",\"name\":\"Pedro Palomo\",\"image\":{\"@type\":\"ImageObject\",\"inLanguage\":\"es\",\"@id\":\"https:\\\/\\\/secure.gravatar.com\\\/avatar\\\/4cf9a4877f5f71f44fb7cedbe1bac1bd28bd8ce7a217517d98d5b2117f9f5505?s=96&d=mm&r=g\",\"url\":\"https:\\\/\\\/secure.gravatar.com\\\/avatar\\\/4cf9a4877f5f71f44fb7cedbe1bac1bd28bd8ce7a217517d98d5b2117f9f5505?s=96&d=mm&r=g\",\"contentUrl\":\"https:\\\/\\\/secure.gravatar.com\\\/avatar\\\/4cf9a4877f5f71f44fb7cedbe1bac1bd28bd8ce7a217517d98d5b2117f9f5505?s=96&d=mm&r=g\",\"caption\":\"Pedro Palomo\"},\"sameAs\":[\"http:\\\/\\\/www.vivaeurovision.com\",\"@pedrobcn\",\"https:\\\/\\\/x.com\\\/@pedropalomobcn\"]}]}<\/script>\n<!-- \/ Yoast SEO plugin. -->","yoast_head_json":{"title":"Eurovision in concert de Amsterdam celebra hoy su d\u00e9cimo aniversario - VIVAEUROVISION viva eurovision","description":"Eurovision in concert, Eurovision in concert Amsterdam 2018, eurovision, eurovision 2018, vivaeurovision, viva eurovisi\u00f3n, eurovisin all aboard","robots":{"index":"index","follow":"follow","max-snippet":"max-snippet:-1","max-image-preview":"max-image-preview:large","max-video-preview":"max-video-preview:-1"},"canonical":"https:\/\/www.vivaeurovision.com\/index.php\/2018\/04\/14\/7205-eurovision-concert\/","og_locale":"es_ES","og_type":"article","og_title":"Eurovision in concert de Amsterdam celebra hoy su d\u00e9cimo aniversario - VIVAEUROVISION viva eurovision","og_description":"Eurovision in concert, Eurovision in concert Amsterdam 2018, eurovision, eurovision 2018, vivaeurovision, viva eurovisi\u00f3n, eurovisin all aboard","og_url":"https:\/\/www.vivaeurovision.com\/index.php\/2018\/04\/14\/7205-eurovision-concert\/","og_site_name":"VIVAEUROVISION viva eurovision","article_published_time":"2018-04-14T18:19:59+00:00","og_image":[{"width":2048,"height":1358,"url":"https:\/\/www.vivaeurovision.com\/wp-content\/uploads\/2018\/04\/7AD6724B-3D65-41CF-B357-4EDE18D65327.jpeg","type":"image\/jpeg"}],"author":"Pedro Palomo","twitter_card":"summary_large_image","twitter_creator":"@pedropalomobcn","twitter_misc":{"Escrito por":"Pedro Palomo","Tiempo de lectura":"1 minuto"},"schema":{"@context":"https:\/\/schema.org","@graph":[{"@type":"Article","@id":"https:\/\/www.vivaeurovision.com\/index.php\/2018\/04\/14\/7205-eurovision-concert\/#article","isPartOf":{"@id":"https:\/\/www.vivaeurovision.com\/index.php\/2018\/04\/14\/7205-eurovision-concert\/"},"author":{"name":"Pedro Palomo","@id":"https:\/\/www.vivaeurovision.com\/#\/schema\/person\/1d31fdaa3f5f7df556f73d164bd3c47a"},"headline":"Eurovision in concert de Amsterdam celebra hoy su d\u00e9cimo aniversario","datePublished":"2018-04-14T18:19:59+00:00","mainEntityOfPage":{"@id":"https:\/\/www.vivaeurovision.com\/index.php\/2018\/04\/14\/7205-eurovision-concert\/"},"wordCount":202,"commentCount":0,"publisher":{"@id":"https:\/\/www.vivaeurovision.com\/#organization"},"image":{"@id":"https:\/\/www.vivaeurovision.com\/index.php\/2018\/04\/14\/7205-eurovision-concert\/#primaryimage"},"thumbnailUrl":"https:\/\/www.vivaeurovision.com\/wp-content\/uploads\/2018\/04\/7AD6724B-3D65-41CF-B357-4EDE18D65327.jpeg","keywords":["all aboard","Amaia y alfred Eurovision in concert","ESC","esc 2018","Eurovision","eurovision 2018","Eurovision all aboard","eurovision in concert","eurovision in concert amsterdam","eurovision in concert amsterdam 2018","eurovision lisboa","eurovision Lisboa 2018","eurovision lisbon","eurovision lisbon 2018","eurovision song contest","eurovision song contest festival","Eye Cue eurovision in concert","Festival de Eurovisi\u00f3n","Netta Barzilai eurovision in concert","Noticia","Pedro Palomo","Pedro Palomo Eurovision","Pedro Palomo Vivaeurovision","Saara Aalto eurovision in concert","viva eurovision","vivaeurovision"],"articleSection":["eurovision","eurovision 2018","Inicio","Noticia","Noticias","Rinc\u00f3n VIVALAMUSICA","Ultima Hora"],"inLanguage":"es","potentialAction":[{"@type":"CommentAction","name":"Comment","target":["https:\/\/www.vivaeurovision.com\/index.php\/2018\/04\/14\/7205-eurovision-concert\/#respond"]}]},{"@type":"WebPage","@id":"https:\/\/www.vivaeurovision.com\/index.php\/2018\/04\/14\/7205-eurovision-concert\/","url":"https:\/\/www.vivaeurovision.com\/index.php\/2018\/04\/14\/7205-eurovision-concert\/","name":"Eurovision in concert de Amsterdam celebra hoy su d\u00e9cimo aniversario - VIVAEUROVISION viva eurovision","isPartOf":{"@id":"https:\/\/www.vivaeurovision.com\/#website"},"primaryImageOfPage":{"@id":"https:\/\/www.vivaeurovision.com\/index.php\/2018\/04\/14\/7205-eurovision-concert\/#primaryimage"},"image":{"@id":"https:\/\/www.vivaeurovision.com\/index.php\/2018\/04\/14\/7205-eurovision-concert\/#primaryimage"},"thumbnailUrl":"https:\/\/www.vivaeurovision.com\/wp-content\/uploads\/2018\/04\/7AD6724B-3D65-41CF-B357-4EDE18D65327.jpeg","datePublished":"2018-04-14T18:19:59+00:00","description":"Eurovision in concert, Eurovision in concert Amsterdam 2018, eurovision, eurovision 2018, vivaeurovision, viva eurovisi\u00f3n, eurovisin all aboard","breadcrumb":{"@id":"https:\/\/www.vivaeurovision.com\/index.php\/2018\/04\/14\/7205-eurovision-concert\/#breadcrumb"},"inLanguage":"es","potentialAction":[{"@type":"ReadAction","target":["https:\/\/www.vivaeurovision.com\/index.php\/2018\/04\/14\/7205-eurovision-concert\/"]}]},{"@type":"ImageObject","inLanguage":"es","@id":"https:\/\/www.vivaeurovision.com\/index.php\/2018\/04\/14\/7205-eurovision-concert\/#primaryimage","url":"https:\/\/www.vivaeurovision.com\/wp-content\/uploads\/2018\/04\/7AD6724B-3D65-41CF-B357-4EDE18D65327.jpeg","contentUrl":"https:\/\/www.vivaeurovision.com\/wp-content\/uploads\/2018\/04\/7AD6724B-3D65-41CF-B357-4EDE18D65327.jpeg","width":2048,"height":1358,"caption":"Eurovision in concert"},{"@type":"BreadcrumbList","@id":"https:\/\/www.vivaeurovision.com\/index.php\/2018\/04\/14\/7205-eurovision-concert\/#breadcrumb","itemListElement":[{"@type":"ListItem","position":1,"name":"Portada","item":"https:\/\/www.vivaeurovision.com\/"},{"@type":"ListItem","position":2,"name":"Eurovision in concert de Amsterdam celebra hoy su d\u00e9cimo aniversario"}]},{"@type":"WebSite","@id":"https:\/\/www.vivaeurovision.com\/#website","url":"https:\/\/www.vivaeurovision.com\/","name":"VIVAEUROVISION viva eurovision","description":"Tu portal sobre el Festival de Eurovision, eurovision, eurovisi\u00f3n","publisher":{"@id":"https:\/\/www.vivaeurovision.com\/#organization"},"potentialAction":[{"@type":"SearchAction","target":{"@type":"EntryPoint","urlTemplate":"https:\/\/www.vivaeurovision.com\/?s={search_term_string}"},"query-input":{"@type":"PropertyValueSpecification","valueRequired":true,"valueName":"search_term_string"}}],"inLanguage":"es"},{"@type":"Organization","@id":"https:\/\/www.vivaeurovision.com\/#organization","name":"vivaeurovision","url":"https:\/\/www.vivaeurovision.com\/","logo":{"@type":"ImageObject","inLanguage":"es","@id":"https:\/\/www.vivaeurovision.com\/#\/schema\/logo\/image\/","url":"https:\/\/www.vivaeurovision.com\/wp-content\/uploads\/2016\/01\/cropped-image-21-1.jpeg","contentUrl":"https:\/\/www.vivaeurovision.com\/wp-content\/uploads\/2016\/01\/cropped-image-21-1.jpeg","width":669,"height":368,"caption":"vivaeurovision"},"image":{"@id":"https:\/\/www.vivaeurovision.com\/#\/schema\/logo\/image\/"}},{"@type":"Person","@id":"https:\/\/www.vivaeurovision.com\/#\/schema\/person\/1d31fdaa3f5f7df556f73d164bd3c47a","name":"Pedro Palomo","image":{"@type":"ImageObject","inLanguage":"es","@id":"https:\/\/secure.gravatar.com\/avatar\/4cf9a4877f5f71f44fb7cedbe1bac1bd28bd8ce7a217517d98d5b2117f9f5505?s=96&d=mm&r=g","url":"https:\/\/secure.gravatar.com\/avatar\/4cf9a4877f5f71f44fb7cedbe1bac1bd28bd8ce7a217517d98d5b2117f9f5505?s=96&d=mm&r=g","contentUrl":"https:\/\/secure.gravatar.com\/avatar\/4cf9a4877f5f71f44fb7cedbe1bac1bd28bd8ce7a217517d98d5b2117f9f5505?s=96&d=mm&r=g","caption":"Pedro Palomo"},"sameAs":["http:\/\/www.vivaeurovision.com","@pedrobcn","https:\/\/x.com\/@pedropalomobcn"]}]}},"_links":{"self":[{"href":"https:\/\/www.vivaeurovision.com\/index.php\/wp-json\/wp\/v2\/posts\/7205","targetHints":{"allow":["GET"]}}],"collection":[{"href":"https:\/\/www.vivaeurovision.com\/index.php\/wp-json\/wp\/v2\/posts"}],"about":[{"href":"https:\/\/www.vivaeurovision.com\/index.php\/wp-json\/wp\/v2\/types\/post"}],"author":[{"embeddable":true,"href":"https:\/\/www.vivaeurovision.com\/index.php\/wp-json\/wp\/v2\/users\/1"}],"replies":[{"embeddable":true,"href":"https:\/\/www.vivaeurovision.com\/index.php\/wp-json\/wp\/v2\/comments?post=7205"}],"version-history":[{"count":3,"href":"https:\/\/www.vivaeurovision.com\/index.php\/wp-json\/wp\/v2\/posts\/7205\/revisions"}],"predecessor-version":[{"id":7241,"href":"https:\/\/www.vivaeurovision.com\/index.php\/wp-json\/wp\/v2\/posts\/7205\/revisions\/7241"}],"wp:featuredmedia":[{"embeddable":true,"href":"https:\/\/www.vivaeurovision.com\/index.php\/wp-json\/wp\/v2\/media\/7238"}],"wp:attachment":[{"href":"https:\/\/www.vivaeurovision.com\/index.php\/wp-json\/wp\/v2\/media?parent=7205"}],"wp:term":[{"taxonomy":"category","embeddable":true,"href":"https:\/\/www.vivaeurovision.com\/index.php\/wp-json\/wp\/v2\/categories?post=7205"},{"taxonomy":"post_tag","embeddable":true,"href":"https:\/\/www.vivaeurovision.com\/index.php\/wp-json\/wp\/v2\/tags?post=7205"}],"curies":[{"name":"wp","href":"https:\/\/api.w.org\/{rel}","templated":true}]}}