{"id":7270,"date":"2018-04-26T19:51:28","date_gmt":"2018-04-26T19:51:28","guid":{"rendered":"http:\/\/www.vivaeurovision.com\/?p=7270"},"modified":"2018-04-26T19:51:55","modified_gmt":"2018-04-26T19:51:55","slug":"7270-eurovision-madame-monsieur","status":"publish","type":"post","link":"https:\/\/www.vivaeurovision.com\/index.php\/2018\/04\/26\/7270-eurovision-madame-monsieur\/","title":{"rendered":"Entrevista a Madame Monsieur \u201cEurovision Francia 2018\u201d"},"content":{"rendered":"<h3>Entrevista a Madame Monsieur \u201cEurovision Francia 2018\u201d<\/h3>\n<p><img loading=\"lazy\" decoding=\"async\" class=\"alignnone size-medium wp-image-7295\" src=\"http:\/\/www.vivaeurovision.com\/wp-content\/uploads\/2018\/04\/4C84E505-F0B3-42C1-A971-EA9C8138A474-300x185.jpeg\" alt=\"eurovision\" width=\"300\" height=\"185\" srcset=\"https:\/\/www.vivaeurovision.com\/wp-content\/uploads\/2018\/04\/4C84E505-F0B3-42C1-A971-EA9C8138A474-300x185.jpeg 300w, https:\/\/www.vivaeurovision.com\/wp-content\/uploads\/2018\/04\/4C84E505-F0B3-42C1-A971-EA9C8138A474-700x432.jpeg 700w, https:\/\/www.vivaeurovision.com\/wp-content\/uploads\/2018\/04\/4C84E505-F0B3-42C1-A971-EA9C8138A474.jpeg 930w\" sizes=\"auto, (max-width: 300px) 100vw, 300px\" \/><\/p>\n<p>Madame Monsieur representantes de Francia en el Festival de Eurovisi\u00f3n 2018, han hecho una parada promocional en Espa\u00f1a en la ESPreParty 2018 celebrada el 21 de abril en la sala La Riviera de Madrid.<\/p>\n<p><strong>\u00c9milie Satt y Jean-Karl Lucas\u00a0<\/strong>componentes de Madame Monsieur no dudaron en concedernos una entrevista en la cual podr\u00e9is escuchar conocer se sienten a pocos d\u00edas de viajar hacia Lisboa adem\u00e1s de podr\u00e9is ver un fragmento de Mercy en Espa\u00f1ol.<\/p>\n<h2><strong>Aqu\u00ed pod\u00e9is ver la entrevista<\/strong><br \/>\n<iframe loading=\"lazy\" src=\"https:\/\/www.youtube.com\/embed\/PwDzVLFV0uY\" width=\"560\" height=\"315\" frameborder=\"0\" allowfullscreen=\"allowfullscreen\"><\/iframe><\/h2>\n<p>Francia este a\u00f1o parte como una de las favoritas para alzarse con el triunfo en el festival el pr\u00f3ximo 12 de mayo con su canci\u00f3n \u201cMercy\u201d posicionada en tercer puesto en la encuesta que vivaeurovision lanz\u00f3 el pasado 30 de marzo donde los lectores votasteis por vuestra canci\u00f3n favorita.<\/p>\n<p><iframe loading=\"lazy\"  id=\"_ytid_27917\"  width=\"480\" height=\"270\"  data-origwidth=\"480\" data-origheight=\"270\" src=\"https:\/\/www.youtube.com\/embed\/9GeG54fa9lw?enablejsapi=1&#038;autoplay=0&#038;cc_load_policy=0&#038;cc_lang_pref=&#038;iv_load_policy=1&#038;loop=0&#038;rel=1&#038;fs=1&#038;playsinline=0&#038;autohide=2&#038;theme=dark&#038;color=red&#038;controls=1&#038;disablekb=0&#038;\" class=\"__youtube_prefs__  epyt-is-override  no-lazyload\" title=\"YouTube player\"  allow=\"fullscreen; accelerometer; autoplay; clipboard-write; encrypted-media; gyroscope; picture-in-picture; web-share\" referrerpolicy=\"strict-origin-when-cross-origin\" allowfullscreen data-no-lazy=\"1\" data-skipgform_ajax_framebjll=\"\"><\/iframe><\/p>\n<p><iframe loading=\"lazy\"  id=\"_ytid_22422\"  width=\"480\" height=\"270\"  data-origwidth=\"480\" data-origheight=\"270\" src=\"https:\/\/www.youtube.com\/embed\/dHb-gWC-WTc?enablejsapi=1&#038;autoplay=0&#038;cc_load_policy=0&#038;cc_lang_pref=&#038;iv_load_policy=1&#038;loop=0&#038;rel=1&#038;fs=1&#038;playsinline=0&#038;autohide=2&#038;theme=dark&#038;color=red&#038;controls=1&#038;disablekb=0&#038;\" class=\"__youtube_prefs__  epyt-is-override  no-lazyload\" title=\"YouTube player\"  allow=\"fullscreen; accelerometer; autoplay; clipboard-write; encrypted-media; gyroscope; picture-in-picture; web-share\" referrerpolicy=\"strict-origin-when-cross-origin\" allowfullscreen data-no-lazy=\"1\" data-skipgform_ajax_framebjll=\"\"><\/iframe><\/p>\n<p>&nbsp;<\/p>\n<p><img loading=\"lazy\" decoding=\"async\" class=\"alignnone size-medium wp-image-311\" src=\"http:\/\/www.vivaeurovision.com\/wp-content\/uploads\/2016\/01\/image-21-300x165.jpeg\" alt=\"VIVAEUROVISION.COM\" width=\"300\" height=\"165\" srcset=\"https:\/\/www.vivaeurovision.com\/wp-content\/uploads\/2016\/01\/image-21-300x165.jpeg 300w, https:\/\/www.vivaeurovision.com\/wp-content\/uploads\/2016\/01\/image-21-555x305.jpeg 555w, https:\/\/www.vivaeurovision.com\/wp-content\/uploads\/2016\/01\/image-21.jpeg 669w\" sizes=\"auto, (max-width: 300px) 100vw, 300px\" \/><\/p>\n<p>Twitter\u00a0<strong> <a href=\"https:\/\/twitter.com\/viva_eurovision\" target=\"_blank\" rel=\"noopener noreferrer\">@viva_eurovision<\/a>\u00a0 <a href=\"https:\/\/www.facebook.com\/Vivaeurovisioncom-867806686671081\/?fref=nf\" target=\"_blank\" rel=\"noopener noreferrer\">FACEBOOK OFICIAL VIVA EUROVISION <\/a><\/strong>Instragram <strong>\u00a0<\/strong><a href=\"https:\/\/www.instagram.com\/vivaeurovision\/\" target=\"_blank\" rel=\"noopener noreferrer\"><strong>@vivaeurovision<\/strong><\/a><\/p>\n<p>Redactor: Pedro Palomo <a href=\"https:\/\/twitter.com\/pedropalomobcn?lang=es\"><strong>@pedropalomobcn<\/strong><\/a><strong>\u00a0<\/strong>Instagram <a href=\"https:\/\/www.instagram.com\/pedrobcn\/\" target=\"_blank\" rel=\"noopener noreferrer\"><strong>@pedrobcn<\/strong><\/a><\/p>\n","protected":false},"excerpt":{"rendered":"<p>Entrevista a Madame Monsieur \u201cEurovision Francia 2018\u201d Madame Monsieur representantes de Francia en el Festival de Eurovisi\u00f3n 2018, han hecho una parada promocional en Espa\u00f1a en la ESPreParty 2018 celebrada&#46;&#46;&#46;<\/p>\n","protected":false},"author":1,"featured_media":7295,"comment_status":"open","ping_status":"closed","sticky":false,"template":"","format":"standard","meta":{"_exactmetrics_skip_tracking":false,"_exactmetrics_sitenote_active":false,"_exactmetrics_sitenote_note":"","_exactmetrics_sitenote_category":0,"footnotes":""},"categories":[5,1195,2144,4,1188,2,3],"tags":[2490,33,3054,17,2145,11,2086,2491,2291,2142,2290,2289,1476,706,1096,2684,3053,2431,2697,2699,2700,2701,3055,2698,3057,3056,34,19,20,766,23,22],"class_list":["post-7270","post","type-post","status-publish","format-standard","has-post-thumbnail","hentry","category-entrevistas","category-eurovision-2","category-eurovision-2018","category-eurovision","category-noticia-2","category-noticia","category-ultima-hora","tag-all-aboard","tag-entrevista","tag-entrevista-madame-monsieur","tag-esc","tag-esc-2018","tag-eurovision","tag-eurovision-2018","tag-eurovision-all-aboard","tag-eurovision-lisboa","tag-eurovision-lisboa-2018","tag-eurovision-lisbon","tag-eurovision-lisbon-2018","tag-eurovision-song-contest","tag-eurovision-song-contest-festival","tag-festival-de-eurovision","tag-france-eurovision-2018","tag-france-mercy","tag-francia-eurovision-2018","tag-madame-monsieur","tag-madame-monsieur-eurovision","tag-madame-monsieur-eurovision-2018","tag-madame-monsieur-eurovision-france","tag-madame-monsieur-interview","tag-madame-monsieur-mercy","tag-madame-monsieur-viva-eurovision","tag-madame-monsieur-vivaeurovision","tag-noticia","tag-pedro-palomo","tag-pedro-palomo-eurovision","tag-pedro-palomo-vivaeurovision","tag-viva-eurovision","tag-vivaeurovision"],"yoast_head":"<!-- This site is optimized with the Yoast SEO plugin v27.5 - https:\/\/yoast.com\/product\/yoast-seo-wordpress\/ -->\n<title>Entrevista a Madame Monsieur \u201cEurovision Francia 2018\u201d - VIVAEUROVISION viva eurovision<\/title>\n<meta name=\"description\" content=\"eurovision, Madame Monsieur eurovision, Madame Monsieur mercy, vivaeurovision, viva eurovisi\u00f3n, eurovision france 2018, Francia Eurovisi\u00f3n 2018, Festival de Eurovisi\u00f3n, all aboard\" \/>\n<meta name=\"robots\" content=\"index, follow, max-snippet:-1, max-image-preview:large, max-video-preview:-1\" \/>\n<link rel=\"canonical\" href=\"https:\/\/www.vivaeurovision.com\/index.php\/2018\/04\/26\/7270-eurovision-madame-monsieur\/\" \/>\n<meta property=\"og:locale\" content=\"es_ES\" \/>\n<meta property=\"og:type\" content=\"article\" \/>\n<meta property=\"og:title\" content=\"Entrevista a Madame Monsieur \u201cEurovision Francia 2018\u201d - VIVAEUROVISION viva eurovision\" \/>\n<meta property=\"og:description\" content=\"eurovision, Madame Monsieur eurovision, Madame Monsieur mercy, vivaeurovision, viva eurovisi\u00f3n, eurovision france 2018, Francia Eurovisi\u00f3n 2018, Festival de Eurovisi\u00f3n, all aboard\" \/>\n<meta property=\"og:url\" content=\"https:\/\/www.vivaeurovision.com\/index.php\/2018\/04\/26\/7270-eurovision-madame-monsieur\/\" \/>\n<meta property=\"og:site_name\" content=\"VIVAEUROVISION viva eurovision\" \/>\n<meta property=\"article:published_time\" content=\"2018-04-26T19:51:28+00:00\" \/>\n<meta property=\"article:modified_time\" content=\"2018-04-26T19:51:55+00:00\" \/>\n<meta property=\"og:image\" content=\"https:\/\/www.vivaeurovision.com\/wp-content\/uploads\/2018\/04\/4C84E505-F0B3-42C1-A971-EA9C8138A474.jpeg\" \/>\n\t<meta property=\"og:image:width\" content=\"930\" \/>\n\t<meta property=\"og:image:height\" content=\"574\" \/>\n\t<meta property=\"og:image:type\" content=\"image\/jpeg\" \/>\n<meta name=\"author\" content=\"Pedro Palomo\" \/>\n<meta name=\"twitter:card\" content=\"summary_large_image\" \/>\n<meta name=\"twitter:creator\" content=\"@pedropalomobcn\" \/>\n<meta name=\"twitter:label1\" content=\"Escrito por\" \/>\n\t<meta name=\"twitter:data1\" content=\"Pedro Palomo\" \/>\n\t<meta name=\"twitter:label2\" content=\"Tiempo de lectura\" \/>\n\t<meta name=\"twitter:data2\" content=\"1 minuto\" \/>\n<script type=\"application\/ld+json\" class=\"yoast-schema-graph\">{\"@context\":\"https:\\\/\\\/schema.org\",\"@graph\":[{\"@type\":\"Article\",\"@id\":\"https:\\\/\\\/www.vivaeurovision.com\\\/index.php\\\/2018\\\/04\\\/26\\\/7270-eurovision-madame-monsieur\\\/#article\",\"isPartOf\":{\"@id\":\"https:\\\/\\\/www.vivaeurovision.com\\\/index.php\\\/2018\\\/04\\\/26\\\/7270-eurovision-madame-monsieur\\\/\"},\"author\":{\"name\":\"Pedro Palomo\",\"@id\":\"https:\\\/\\\/www.vivaeurovision.com\\\/#\\\/schema\\\/person\\\/1d31fdaa3f5f7df556f73d164bd3c47a\"},\"headline\":\"Entrevista a Madame Monsieur \u201cEurovision Francia 2018\u201d\",\"datePublished\":\"2018-04-26T19:51:28+00:00\",\"dateModified\":\"2018-04-26T19:51:55+00:00\",\"mainEntityOfPage\":{\"@id\":\"https:\\\/\\\/www.vivaeurovision.com\\\/index.php\\\/2018\\\/04\\\/26\\\/7270-eurovision-madame-monsieur\\\/\"},\"wordCount\":173,\"commentCount\":0,\"publisher\":{\"@id\":\"https:\\\/\\\/www.vivaeurovision.com\\\/#organization\"},\"image\":{\"@id\":\"https:\\\/\\\/www.vivaeurovision.com\\\/index.php\\\/2018\\\/04\\\/26\\\/7270-eurovision-madame-monsieur\\\/#primaryimage\"},\"thumbnailUrl\":\"https:\\\/\\\/www.vivaeurovision.com\\\/wp-content\\\/uploads\\\/2018\\\/04\\\/4C84E505-F0B3-42C1-A971-EA9C8138A474.jpeg\",\"keywords\":[\"all aboard\",\"Entrevista\",\"entrevista madame monsieur\",\"ESC\",\"esc 2018\",\"Eurovision\",\"eurovision 2018\",\"Eurovision all aboard\",\"eurovision lisboa\",\"eurovision Lisboa 2018\",\"eurovision lisbon\",\"eurovision lisbon 2018\",\"eurovision song contest\",\"eurovision song contest festival\",\"Festival de Eurovisi\u00f3n\",\"france eurovision 2018\",\"france mercy\",\"Francia Eurovisi\u00f3n 2018\",\"Madame Monsieur\",\"Madame Monsieur eurovision\",\"Madame Monsieur eurovision 2018\",\"Madame Monsieur eurovision france\",\"Madame Monsieur interview\",\"Madame Monsieur mercy\",\"Madame Monsieur viva eurovisi\u00f3n\",\"Madame Monsieur vivaeurovision\",\"Noticia\",\"Pedro Palomo\",\"Pedro Palomo Eurovision\",\"Pedro Palomo Vivaeurovision\",\"viva eurovision\",\"vivaeurovision\"],\"articleSection\":[\"Entrevistas\",\"eurovision\",\"eurovision 2018\",\"Inicio\",\"Noticia\",\"Noticias\",\"Ultima Hora\"],\"inLanguage\":\"es\",\"potentialAction\":[{\"@type\":\"CommentAction\",\"name\":\"Comment\",\"target\":[\"https:\\\/\\\/www.vivaeurovision.com\\\/index.php\\\/2018\\\/04\\\/26\\\/7270-eurovision-madame-monsieur\\\/#respond\"]}]},{\"@type\":\"WebPage\",\"@id\":\"https:\\\/\\\/www.vivaeurovision.com\\\/index.php\\\/2018\\\/04\\\/26\\\/7270-eurovision-madame-monsieur\\\/\",\"url\":\"https:\\\/\\\/www.vivaeurovision.com\\\/index.php\\\/2018\\\/04\\\/26\\\/7270-eurovision-madame-monsieur\\\/\",\"name\":\"Entrevista a Madame Monsieur \u201cEurovision Francia 2018\u201d - VIVAEUROVISION viva eurovision\",\"isPartOf\":{\"@id\":\"https:\\\/\\\/www.vivaeurovision.com\\\/#website\"},\"primaryImageOfPage\":{\"@id\":\"https:\\\/\\\/www.vivaeurovision.com\\\/index.php\\\/2018\\\/04\\\/26\\\/7270-eurovision-madame-monsieur\\\/#primaryimage\"},\"image\":{\"@id\":\"https:\\\/\\\/www.vivaeurovision.com\\\/index.php\\\/2018\\\/04\\\/26\\\/7270-eurovision-madame-monsieur\\\/#primaryimage\"},\"thumbnailUrl\":\"https:\\\/\\\/www.vivaeurovision.com\\\/wp-content\\\/uploads\\\/2018\\\/04\\\/4C84E505-F0B3-42C1-A971-EA9C8138A474.jpeg\",\"datePublished\":\"2018-04-26T19:51:28+00:00\",\"dateModified\":\"2018-04-26T19:51:55+00:00\",\"description\":\"eurovision, Madame Monsieur eurovision, Madame Monsieur mercy, vivaeurovision, viva eurovisi\u00f3n, eurovision france 2018, Francia Eurovisi\u00f3n 2018, Festival de Eurovisi\u00f3n, all aboard\",\"breadcrumb\":{\"@id\":\"https:\\\/\\\/www.vivaeurovision.com\\\/index.php\\\/2018\\\/04\\\/26\\\/7270-eurovision-madame-monsieur\\\/#breadcrumb\"},\"inLanguage\":\"es\",\"potentialAction\":[{\"@type\":\"ReadAction\",\"target\":[\"https:\\\/\\\/www.vivaeurovision.com\\\/index.php\\\/2018\\\/04\\\/26\\\/7270-eurovision-madame-monsieur\\\/\"]}]},{\"@type\":\"ImageObject\",\"inLanguage\":\"es\",\"@id\":\"https:\\\/\\\/www.vivaeurovision.com\\\/index.php\\\/2018\\\/04\\\/26\\\/7270-eurovision-madame-monsieur\\\/#primaryimage\",\"url\":\"https:\\\/\\\/www.vivaeurovision.com\\\/wp-content\\\/uploads\\\/2018\\\/04\\\/4C84E505-F0B3-42C1-A971-EA9C8138A474.jpeg\",\"contentUrl\":\"https:\\\/\\\/www.vivaeurovision.com\\\/wp-content\\\/uploads\\\/2018\\\/04\\\/4C84E505-F0B3-42C1-A971-EA9C8138A474.jpeg\",\"width\":930,\"height\":574,\"caption\":\"eurovision\"},{\"@type\":\"BreadcrumbList\",\"@id\":\"https:\\\/\\\/www.vivaeurovision.com\\\/index.php\\\/2018\\\/04\\\/26\\\/7270-eurovision-madame-monsieur\\\/#breadcrumb\",\"itemListElement\":[{\"@type\":\"ListItem\",\"position\":1,\"name\":\"Portada\",\"item\":\"https:\\\/\\\/www.vivaeurovision.com\\\/\"},{\"@type\":\"ListItem\",\"position\":2,\"name\":\"Entrevista a Madame Monsieur \u201cEurovision Francia 2018\u201d\"}]},{\"@type\":\"WebSite\",\"@id\":\"https:\\\/\\\/www.vivaeurovision.com\\\/#website\",\"url\":\"https:\\\/\\\/www.vivaeurovision.com\\\/\",\"name\":\"VIVAEUROVISION viva eurovision\",\"description\":\"Tu portal sobre el Festival de Eurovision, eurovision, eurovisi\u00f3n\",\"publisher\":{\"@id\":\"https:\\\/\\\/www.vivaeurovision.com\\\/#organization\"},\"potentialAction\":[{\"@type\":\"SearchAction\",\"target\":{\"@type\":\"EntryPoint\",\"urlTemplate\":\"https:\\\/\\\/www.vivaeurovision.com\\\/?s={search_term_string}\"},\"query-input\":{\"@type\":\"PropertyValueSpecification\",\"valueRequired\":true,\"valueName\":\"search_term_string\"}}],\"inLanguage\":\"es\"},{\"@type\":\"Organization\",\"@id\":\"https:\\\/\\\/www.vivaeurovision.com\\\/#organization\",\"name\":\"vivaeurovision\",\"url\":\"https:\\\/\\\/www.vivaeurovision.com\\\/\",\"logo\":{\"@type\":\"ImageObject\",\"inLanguage\":\"es\",\"@id\":\"https:\\\/\\\/www.vivaeurovision.com\\\/#\\\/schema\\\/logo\\\/image\\\/\",\"url\":\"https:\\\/\\\/www.vivaeurovision.com\\\/wp-content\\\/uploads\\\/2016\\\/01\\\/cropped-image-21-1.jpeg\",\"contentUrl\":\"https:\\\/\\\/www.vivaeurovision.com\\\/wp-content\\\/uploads\\\/2016\\\/01\\\/cropped-image-21-1.jpeg\",\"width\":669,\"height\":368,\"caption\":\"vivaeurovision\"},\"image\":{\"@id\":\"https:\\\/\\\/www.vivaeurovision.com\\\/#\\\/schema\\\/logo\\\/image\\\/\"}},{\"@type\":\"Person\",\"@id\":\"https:\\\/\\\/www.vivaeurovision.com\\\/#\\\/schema\\\/person\\\/1d31fdaa3f5f7df556f73d164bd3c47a\",\"name\":\"Pedro Palomo\",\"image\":{\"@type\":\"ImageObject\",\"inLanguage\":\"es\",\"@id\":\"https:\\\/\\\/secure.gravatar.com\\\/avatar\\\/4cf9a4877f5f71f44fb7cedbe1bac1bd28bd8ce7a217517d98d5b2117f9f5505?s=96&d=mm&r=g\",\"url\":\"https:\\\/\\\/secure.gravatar.com\\\/avatar\\\/4cf9a4877f5f71f44fb7cedbe1bac1bd28bd8ce7a217517d98d5b2117f9f5505?s=96&d=mm&r=g\",\"contentUrl\":\"https:\\\/\\\/secure.gravatar.com\\\/avatar\\\/4cf9a4877f5f71f44fb7cedbe1bac1bd28bd8ce7a217517d98d5b2117f9f5505?s=96&d=mm&r=g\",\"caption\":\"Pedro Palomo\"},\"sameAs\":[\"http:\\\/\\\/www.vivaeurovision.com\",\"@pedrobcn\",\"https:\\\/\\\/x.com\\\/@pedropalomobcn\"]}]}<\/script>\n<!-- \/ Yoast SEO plugin. -->","yoast_head_json":{"title":"Entrevista a Madame Monsieur \u201cEurovision Francia 2018\u201d - VIVAEUROVISION viva eurovision","description":"eurovision, Madame Monsieur eurovision, Madame Monsieur mercy, vivaeurovision, viva eurovisi\u00f3n, eurovision france 2018, Francia Eurovisi\u00f3n 2018, Festival de Eurovisi\u00f3n, all aboard","robots":{"index":"index","follow":"follow","max-snippet":"max-snippet:-1","max-image-preview":"max-image-preview:large","max-video-preview":"max-video-preview:-1"},"canonical":"https:\/\/www.vivaeurovision.com\/index.php\/2018\/04\/26\/7270-eurovision-madame-monsieur\/","og_locale":"es_ES","og_type":"article","og_title":"Entrevista a Madame Monsieur \u201cEurovision Francia 2018\u201d - VIVAEUROVISION viva eurovision","og_description":"eurovision, Madame Monsieur eurovision, Madame Monsieur mercy, vivaeurovision, viva eurovisi\u00f3n, eurovision france 2018, Francia Eurovisi\u00f3n 2018, Festival de Eurovisi\u00f3n, all aboard","og_url":"https:\/\/www.vivaeurovision.com\/index.php\/2018\/04\/26\/7270-eurovision-madame-monsieur\/","og_site_name":"VIVAEUROVISION viva eurovision","article_published_time":"2018-04-26T19:51:28+00:00","article_modified_time":"2018-04-26T19:51:55+00:00","og_image":[{"width":930,"height":574,"url":"https:\/\/www.vivaeurovision.com\/wp-content\/uploads\/2018\/04\/4C84E505-F0B3-42C1-A971-EA9C8138A474.jpeg","type":"image\/jpeg"}],"author":"Pedro Palomo","twitter_card":"summary_large_image","twitter_creator":"@pedropalomobcn","twitter_misc":{"Escrito por":"Pedro Palomo","Tiempo de lectura":"1 minuto"},"schema":{"@context":"https:\/\/schema.org","@graph":[{"@type":"Article","@id":"https:\/\/www.vivaeurovision.com\/index.php\/2018\/04\/26\/7270-eurovision-madame-monsieur\/#article","isPartOf":{"@id":"https:\/\/www.vivaeurovision.com\/index.php\/2018\/04\/26\/7270-eurovision-madame-monsieur\/"},"author":{"name":"Pedro Palomo","@id":"https:\/\/www.vivaeurovision.com\/#\/schema\/person\/1d31fdaa3f5f7df556f73d164bd3c47a"},"headline":"Entrevista a Madame Monsieur \u201cEurovision Francia 2018\u201d","datePublished":"2018-04-26T19:51:28+00:00","dateModified":"2018-04-26T19:51:55+00:00","mainEntityOfPage":{"@id":"https:\/\/www.vivaeurovision.com\/index.php\/2018\/04\/26\/7270-eurovision-madame-monsieur\/"},"wordCount":173,"commentCount":0,"publisher":{"@id":"https:\/\/www.vivaeurovision.com\/#organization"},"image":{"@id":"https:\/\/www.vivaeurovision.com\/index.php\/2018\/04\/26\/7270-eurovision-madame-monsieur\/#primaryimage"},"thumbnailUrl":"https:\/\/www.vivaeurovision.com\/wp-content\/uploads\/2018\/04\/4C84E505-F0B3-42C1-A971-EA9C8138A474.jpeg","keywords":["all aboard","Entrevista","entrevista madame monsieur","ESC","esc 2018","Eurovision","eurovision 2018","Eurovision all aboard","eurovision lisboa","eurovision Lisboa 2018","eurovision lisbon","eurovision lisbon 2018","eurovision song contest","eurovision song contest festival","Festival de Eurovisi\u00f3n","france eurovision 2018","france mercy","Francia Eurovisi\u00f3n 2018","Madame Monsieur","Madame Monsieur eurovision","Madame Monsieur eurovision 2018","Madame Monsieur eurovision france","Madame Monsieur interview","Madame Monsieur mercy","Madame Monsieur viva eurovisi\u00f3n","Madame Monsieur vivaeurovision","Noticia","Pedro Palomo","Pedro Palomo Eurovision","Pedro Palomo Vivaeurovision","viva eurovision","vivaeurovision"],"articleSection":["Entrevistas","eurovision","eurovision 2018","Inicio","Noticia","Noticias","Ultima Hora"],"inLanguage":"es","potentialAction":[{"@type":"CommentAction","name":"Comment","target":["https:\/\/www.vivaeurovision.com\/index.php\/2018\/04\/26\/7270-eurovision-madame-monsieur\/#respond"]}]},{"@type":"WebPage","@id":"https:\/\/www.vivaeurovision.com\/index.php\/2018\/04\/26\/7270-eurovision-madame-monsieur\/","url":"https:\/\/www.vivaeurovision.com\/index.php\/2018\/04\/26\/7270-eurovision-madame-monsieur\/","name":"Entrevista a Madame Monsieur \u201cEurovision Francia 2018\u201d - VIVAEUROVISION viva eurovision","isPartOf":{"@id":"https:\/\/www.vivaeurovision.com\/#website"},"primaryImageOfPage":{"@id":"https:\/\/www.vivaeurovision.com\/index.php\/2018\/04\/26\/7270-eurovision-madame-monsieur\/#primaryimage"},"image":{"@id":"https:\/\/www.vivaeurovision.com\/index.php\/2018\/04\/26\/7270-eurovision-madame-monsieur\/#primaryimage"},"thumbnailUrl":"https:\/\/www.vivaeurovision.com\/wp-content\/uploads\/2018\/04\/4C84E505-F0B3-42C1-A971-EA9C8138A474.jpeg","datePublished":"2018-04-26T19:51:28+00:00","dateModified":"2018-04-26T19:51:55+00:00","description":"eurovision, Madame Monsieur eurovision, Madame Monsieur mercy, vivaeurovision, viva eurovisi\u00f3n, eurovision france 2018, Francia Eurovisi\u00f3n 2018, Festival de Eurovisi\u00f3n, all aboard","breadcrumb":{"@id":"https:\/\/www.vivaeurovision.com\/index.php\/2018\/04\/26\/7270-eurovision-madame-monsieur\/#breadcrumb"},"inLanguage":"es","potentialAction":[{"@type":"ReadAction","target":["https:\/\/www.vivaeurovision.com\/index.php\/2018\/04\/26\/7270-eurovision-madame-monsieur\/"]}]},{"@type":"ImageObject","inLanguage":"es","@id":"https:\/\/www.vivaeurovision.com\/index.php\/2018\/04\/26\/7270-eurovision-madame-monsieur\/#primaryimage","url":"https:\/\/www.vivaeurovision.com\/wp-content\/uploads\/2018\/04\/4C84E505-F0B3-42C1-A971-EA9C8138A474.jpeg","contentUrl":"https:\/\/www.vivaeurovision.com\/wp-content\/uploads\/2018\/04\/4C84E505-F0B3-42C1-A971-EA9C8138A474.jpeg","width":930,"height":574,"caption":"eurovision"},{"@type":"BreadcrumbList","@id":"https:\/\/www.vivaeurovision.com\/index.php\/2018\/04\/26\/7270-eurovision-madame-monsieur\/#breadcrumb","itemListElement":[{"@type":"ListItem","position":1,"name":"Portada","item":"https:\/\/www.vivaeurovision.com\/"},{"@type":"ListItem","position":2,"name":"Entrevista a Madame Monsieur \u201cEurovision Francia 2018\u201d"}]},{"@type":"WebSite","@id":"https:\/\/www.vivaeurovision.com\/#website","url":"https:\/\/www.vivaeurovision.com\/","name":"VIVAEUROVISION viva eurovision","description":"Tu portal sobre el Festival de Eurovision, eurovision, eurovisi\u00f3n","publisher":{"@id":"https:\/\/www.vivaeurovision.com\/#organization"},"potentialAction":[{"@type":"SearchAction","target":{"@type":"EntryPoint","urlTemplate":"https:\/\/www.vivaeurovision.com\/?s={search_term_string}"},"query-input":{"@type":"PropertyValueSpecification","valueRequired":true,"valueName":"search_term_string"}}],"inLanguage":"es"},{"@type":"Organization","@id":"https:\/\/www.vivaeurovision.com\/#organization","name":"vivaeurovision","url":"https:\/\/www.vivaeurovision.com\/","logo":{"@type":"ImageObject","inLanguage":"es","@id":"https:\/\/www.vivaeurovision.com\/#\/schema\/logo\/image\/","url":"https:\/\/www.vivaeurovision.com\/wp-content\/uploads\/2016\/01\/cropped-image-21-1.jpeg","contentUrl":"https:\/\/www.vivaeurovision.com\/wp-content\/uploads\/2016\/01\/cropped-image-21-1.jpeg","width":669,"height":368,"caption":"vivaeurovision"},"image":{"@id":"https:\/\/www.vivaeurovision.com\/#\/schema\/logo\/image\/"}},{"@type":"Person","@id":"https:\/\/www.vivaeurovision.com\/#\/schema\/person\/1d31fdaa3f5f7df556f73d164bd3c47a","name":"Pedro Palomo","image":{"@type":"ImageObject","inLanguage":"es","@id":"https:\/\/secure.gravatar.com\/avatar\/4cf9a4877f5f71f44fb7cedbe1bac1bd28bd8ce7a217517d98d5b2117f9f5505?s=96&d=mm&r=g","url":"https:\/\/secure.gravatar.com\/avatar\/4cf9a4877f5f71f44fb7cedbe1bac1bd28bd8ce7a217517d98d5b2117f9f5505?s=96&d=mm&r=g","contentUrl":"https:\/\/secure.gravatar.com\/avatar\/4cf9a4877f5f71f44fb7cedbe1bac1bd28bd8ce7a217517d98d5b2117f9f5505?s=96&d=mm&r=g","caption":"Pedro Palomo"},"sameAs":["http:\/\/www.vivaeurovision.com","@pedrobcn","https:\/\/x.com\/@pedropalomobcn"]}]}},"_links":{"self":[{"href":"https:\/\/www.vivaeurovision.com\/index.php\/wp-json\/wp\/v2\/posts\/7270","targetHints":{"allow":["GET"]}}],"collection":[{"href":"https:\/\/www.vivaeurovision.com\/index.php\/wp-json\/wp\/v2\/posts"}],"about":[{"href":"https:\/\/www.vivaeurovision.com\/index.php\/wp-json\/wp\/v2\/types\/post"}],"author":[{"embeddable":true,"href":"https:\/\/www.vivaeurovision.com\/index.php\/wp-json\/wp\/v2\/users\/1"}],"replies":[{"embeddable":true,"href":"https:\/\/www.vivaeurovision.com\/index.php\/wp-json\/wp\/v2\/comments?post=7270"}],"version-history":[{"count":7,"href":"https:\/\/www.vivaeurovision.com\/index.php\/wp-json\/wp\/v2\/posts\/7270\/revisions"}],"predecessor-version":[{"id":7302,"href":"https:\/\/www.vivaeurovision.com\/index.php\/wp-json\/wp\/v2\/posts\/7270\/revisions\/7302"}],"wp:featuredmedia":[{"embeddable":true,"href":"https:\/\/www.vivaeurovision.com\/index.php\/wp-json\/wp\/v2\/media\/7295"}],"wp:attachment":[{"href":"https:\/\/www.vivaeurovision.com\/index.php\/wp-json\/wp\/v2\/media?parent=7270"}],"wp:term":[{"taxonomy":"category","embeddable":true,"href":"https:\/\/www.vivaeurovision.com\/index.php\/wp-json\/wp\/v2\/categories?post=7270"},{"taxonomy":"post_tag","embeddable":true,"href":"https:\/\/www.vivaeurovision.com\/index.php\/wp-json\/wp\/v2\/tags?post=7270"}],"curies":[{"name":"wp","href":"https:\/\/api.w.org\/{rel}","templated":true}]}}