{"id":7631,"date":"2018-05-16T19:14:18","date_gmt":"2018-05-16T19:14:18","guid":{"rendered":"http:\/\/www.vivaeurovision.com\/?p=7631"},"modified":"2018-05-16T19:14:18","modified_gmt":"2018-05-16T19:14:18","slug":"7631-ot-2018-eurovision","status":"publish","type":"post","link":"https:\/\/www.vivaeurovision.com\/index.php\/2018\/05\/16\/7631-ot-2018-eurovision\/","title":{"rendered":"Operaci\u00f3n Triunfo, posible m\u00e9todo de elecci\u00f3n para Eurovisi\u00f3n 2019"},"content":{"rendered":"<h2>Operaci\u00f3n Triunfo, posible m\u00e9todo de elecci\u00f3n para Eurovisi\u00f3n 2019<\/h2>\n<p><img loading=\"lazy\" decoding=\"async\" class=\"alignnone size-medium wp-image-7673\" src=\"http:\/\/www.vivaeurovision.com\/wp-content\/uploads\/2018\/05\/A3A79F7F-7DB0-4217-BF4E-9E8AD7E8872A-300x140.jpeg\" alt=\"eurovision\" width=\"300\" height=\"140\" srcset=\"https:\/\/www.vivaeurovision.com\/wp-content\/uploads\/2018\/05\/A3A79F7F-7DB0-4217-BF4E-9E8AD7E8872A-300x140.jpeg 300w, https:\/\/www.vivaeurovision.com\/wp-content\/uploads\/2018\/05\/A3A79F7F-7DB0-4217-BF4E-9E8AD7E8872A-700x327.jpeg 700w, https:\/\/www.vivaeurovision.com\/wp-content\/uploads\/2018\/05\/A3A79F7F-7DB0-4217-BF4E-9E8AD7E8872A-520x245.jpeg 520w, https:\/\/www.vivaeurovision.com\/wp-content\/uploads\/2018\/05\/A3A79F7F-7DB0-4217-BF4E-9E8AD7E8872A.jpeg 1181w\" sizes=\"auto, (max-width: 300px) 100vw, 300px\" \/><\/p>\n<p>Se han hecho p\u00fablicas las bases de la nueva edici\u00f3n de OT 2018, en las que los concursantes firman por contrato la posibilidad de representar a Espa\u00f1a en Eurovisi\u00f3n.<\/p>\n<p>A diferencia de otros a\u00f1os, RTVE ya ha dado v\u00eda libre a la posiblilidad de que el representante de Espa\u00f1a en Eurovisi\u00f3n 2019 salga del talent show Operaci\u00f3n Triunfo, como en esta edici\u00f3n.<\/p>\n<p>Sin confirmaci\u00f3n alguna de que esa sea la v\u00eda elegida por RTVE para seleccionar a nuestro\/a pr\u00f3ximo abanderado\/a, si deja la puerta abierta a que el m\u00e9todo de elecci\u00f3n sea como este a\u00f1o. De momento esperamos a que RTVE confirme si realmente uno de los concursantes de OT 2018 representar\u00e1 a Espa\u00f1a en Eurovisi\u00f3n 2019, pero poco a poco vamos teniendo m\u00e1s detalles.<\/p>\n<p>Aqui ten\u00e9is el citado texto del contrato donde especifica la posible participaci\u00f3n del concursante de OT 2018 para ir a Eurovisi\u00f3n.<\/p>\n<p>6. Los seleccionados como concursantes en el programa aceptan que su participaci\u00f3n en el concurso OPERACI\u00d3N TRIUNFO incluye la posibilidad de ser escogidos para representar a ESPA\u00d1A en el concurso EUROVISI\u00d3N<\/p>\n<p><iframe loading=\"lazy\"  id=\"_ytid_68939\"  width=\"480\" height=\"270\"  data-origwidth=\"480\" data-origheight=\"270\" src=\"https:\/\/www.youtube.com\/embed\/28oMEFgSoyk?enablejsapi=1&#038;autoplay=0&#038;cc_load_policy=0&#038;cc_lang_pref=&#038;iv_load_policy=1&#038;loop=0&#038;rel=1&#038;fs=1&#038;playsinline=0&#038;autohide=2&#038;theme=dark&#038;color=red&#038;controls=1&#038;disablekb=0&#038;\" class=\"__youtube_prefs__  epyt-is-override  no-lazyload\" title=\"YouTube player\"  allow=\"fullscreen; accelerometer; autoplay; clipboard-write; encrypted-media; gyroscope; picture-in-picture; web-share\" referrerpolicy=\"strict-origin-when-cross-origin\" allowfullscreen data-no-lazy=\"1\" data-skipgform_ajax_framebjll=\"\"><\/iframe><\/p>\n<p><img loading=\"lazy\" decoding=\"async\" class=\"alignnone size-medium wp-image-311\" src=\"http:\/\/www.vivaeurovision.com\/wp-content\/uploads\/2016\/01\/image-21-300x165.jpeg\" alt=\"VIVAEUROVISION.COM\" width=\"300\" height=\"165\" srcset=\"https:\/\/www.vivaeurovision.com\/wp-content\/uploads\/2016\/01\/image-21-300x165.jpeg 300w, https:\/\/www.vivaeurovision.com\/wp-content\/uploads\/2016\/01\/image-21-555x305.jpeg 555w, https:\/\/www.vivaeurovision.com\/wp-content\/uploads\/2016\/01\/image-21.jpeg 669w\" sizes=\"auto, (max-width: 300px) 100vw, 300px\" \/><\/p>\n<p>Twitter\u00a0<strong> <a href=\"https:\/\/twitter.com\/viva_eurovision\" target=\"_blank\" rel=\"noopener noreferrer\">@viva_eurovision<\/a>\u00a0 <a href=\"https:\/\/www.facebook.com\/Vivaeurovisioncom-867806686671081\/?fref=nf\" target=\"_blank\" rel=\"noopener noreferrer\">FACEBOOK OFICIAL VIVA EUROVISION <\/a><\/strong>Instragram <strong>\u00a0<\/strong><a href=\"https:\/\/www.instagram.com\/vivaeurovision\/\" target=\"_blank\" rel=\"noopener noreferrer\"><strong>@vivaeurovision<\/strong><\/a><\/p>\n<p>Redactor: Pedro Palomo <a href=\"https:\/\/twitter.com\/pedropalomobcn?lang=es\"><strong>@pedropalomobcn<\/strong><\/a><strong>\u00a0<\/strong>Instagram <a href=\"https:\/\/www.instagram.com\/pedrobcn\/\" target=\"_blank\" rel=\"noopener noreferrer\"><strong>@pedrobcn<\/strong><\/a><\/p>\n","protected":false},"excerpt":{"rendered":"<p>Operaci\u00f3n Triunfo, posible m\u00e9todo de elecci\u00f3n para Eurovisi\u00f3n 2019 Se han hecho p\u00fablicas las bases de la nueva edici\u00f3n de OT 2018, en las que los concursantes firman por contrato&#46;&#46;&#46;<\/p>\n","protected":false},"author":1,"featured_media":7673,"comment_status":"open","ping_status":"closed","sticky":false,"template":"","format":"standard","meta":{"_exactmetrics_skip_tracking":false,"_exactmetrics_sitenote_active":false,"_exactmetrics_sitenote_note":"","_exactmetrics_sitenote_category":0,"footnotes":""},"categories":[6,1195,3086,4,1188,2,2593,875,3],"tags":[17,3082,893,3088,11,2870,3090,1476,706,3089,1096,2324,34,862,2645,2644,19,20,766,18,110,921,3087,57,23,22],"class_list":["post-7631","post","type-post","status-publish","format-standard","has-post-thumbnail","hentry","category-espana-en-eurovision","category-eurovision-2","category-eurovision-2019","category-eurovision","category-noticia-2","category-noticia","category-operacion-triunfo","category-rincon-vivalamusica","category-ultima-hora","tag-esc","tag-esc-2019","tag-espana-eurovision","tag-espana-eurovision-2019","tag-eurovision","tag-eurovision-2019","tag-eurovision-espana-2019","tag-eurovision-song-contest","tag-eurovision-song-contest-festival","tag-eurovision-spain-2019","tag-festival-de-eurovision","tag-gestmusic","tag-noticia","tag-operacion-triunfo","tag-operacion-triunfo-2018","tag-ot-2018","tag-pedro-palomo","tag-pedro-palomo-eurovision","tag-pedro-palomo-vivaeurovision","tag-rtve","tag-rtve-eurovision","tag-spain-eurovision","tag-spain-eurovision-2019","tag-tve","tag-viva-eurovision","tag-vivaeurovision"],"yoast_head":"<!-- This site is optimized with the Yoast SEO plugin v27.4 - https:\/\/yoast.com\/product\/yoast-seo-wordpress\/ -->\n<title>Operaci\u00f3n Triunfo, posible m\u00e9todo de elecci\u00f3n para Eurovisi\u00f3n 2019 - VIVAEUROVISION viva eurovision<\/title>\n<meta name=\"description\" content=\"OT 2018, Ot 2018 eurovision, eurovision 2019, operacion triunfo 2018, espa\u00f1a eurovision 2019, vivaeurovision, viva eurovisi\u00f3n, Festival de Eurovisi\u00f3n\" \/>\n<meta name=\"robots\" content=\"index, follow, max-snippet:-1, max-image-preview:large, max-video-preview:-1\" \/>\n<link rel=\"canonical\" href=\"https:\/\/www.vivaeurovision.com\/index.php\/2018\/05\/16\/7631-ot-2018-eurovision\/\" \/>\n<meta property=\"og:locale\" content=\"es_ES\" \/>\n<meta property=\"og:type\" content=\"article\" \/>\n<meta property=\"og:title\" content=\"Operaci\u00f3n Triunfo, posible m\u00e9todo de elecci\u00f3n para Eurovisi\u00f3n 2019 - VIVAEUROVISION viva eurovision\" \/>\n<meta property=\"og:description\" content=\"OT 2018, Ot 2018 eurovision, eurovision 2019, operacion triunfo 2018, espa\u00f1a eurovision 2019, vivaeurovision, viva eurovisi\u00f3n, Festival de Eurovisi\u00f3n\" \/>\n<meta property=\"og:url\" content=\"https:\/\/www.vivaeurovision.com\/index.php\/2018\/05\/16\/7631-ot-2018-eurovision\/\" \/>\n<meta property=\"og:site_name\" content=\"VIVAEUROVISION viva eurovision\" \/>\n<meta property=\"article:published_time\" content=\"2018-05-16T19:14:18+00:00\" \/>\n<meta property=\"og:image\" content=\"https:\/\/www.vivaeurovision.com\/wp-content\/uploads\/2018\/05\/A3A79F7F-7DB0-4217-BF4E-9E8AD7E8872A.jpeg\" \/>\n\t<meta property=\"og:image:width\" content=\"1181\" \/>\n\t<meta property=\"og:image:height\" content=\"552\" \/>\n\t<meta property=\"og:image:type\" content=\"image\/jpeg\" \/>\n<meta name=\"author\" content=\"Pedro Palomo\" \/>\n<meta name=\"twitter:card\" content=\"summary_large_image\" \/>\n<meta name=\"twitter:creator\" content=\"@pedropalomobcn\" \/>\n<meta name=\"twitter:label1\" content=\"Escrito por\" \/>\n\t<meta name=\"twitter:data1\" content=\"Pedro Palomo\" \/>\n\t<meta name=\"twitter:label2\" content=\"Tiempo de lectura\" \/>\n\t<meta name=\"twitter:data2\" content=\"1 minuto\" \/>\n<script type=\"application\/ld+json\" class=\"yoast-schema-graph\">{\"@context\":\"https:\\\/\\\/schema.org\",\"@graph\":[{\"@type\":\"Article\",\"@id\":\"https:\\\/\\\/www.vivaeurovision.com\\\/index.php\\\/2018\\\/05\\\/16\\\/7631-ot-2018-eurovision\\\/#article\",\"isPartOf\":{\"@id\":\"https:\\\/\\\/www.vivaeurovision.com\\\/index.php\\\/2018\\\/05\\\/16\\\/7631-ot-2018-eurovision\\\/\"},\"author\":{\"name\":\"Pedro Palomo\",\"@id\":\"https:\\\/\\\/www.vivaeurovision.com\\\/#\\\/schema\\\/person\\\/1d31fdaa3f5f7df556f73d164bd3c47a\"},\"headline\":\"Operaci\u00f3n Triunfo, posible m\u00e9todo de elecci\u00f3n para Eurovisi\u00f3n 2019\",\"datePublished\":\"2018-05-16T19:14:18+00:00\",\"mainEntityOfPage\":{\"@id\":\"https:\\\/\\\/www.vivaeurovision.com\\\/index.php\\\/2018\\\/05\\\/16\\\/7631-ot-2018-eurovision\\\/\"},\"wordCount\":242,\"commentCount\":0,\"publisher\":{\"@id\":\"https:\\\/\\\/www.vivaeurovision.com\\\/#organization\"},\"image\":{\"@id\":\"https:\\\/\\\/www.vivaeurovision.com\\\/index.php\\\/2018\\\/05\\\/16\\\/7631-ot-2018-eurovision\\\/#primaryimage\"},\"thumbnailUrl\":\"https:\\\/\\\/www.vivaeurovision.com\\\/wp-content\\\/uploads\\\/2018\\\/05\\\/A3A79F7F-7DB0-4217-BF4E-9E8AD7E8872A.jpeg\",\"keywords\":[\"ESC\",\"esc 2019\",\"Espa\u00f1a Eurovision\",\"espa\u00f1a eurovision 2019\",\"Eurovision\",\"eurovision 2019\",\"eurovision espa\u00f1a 2019\",\"eurovision song contest\",\"eurovision song contest festival\",\"eurovision spain 2019\",\"Festival de Eurovisi\u00f3n\",\"gestmusic\",\"Noticia\",\"Operacion triunfo\",\"operacion triunfo 2018\",\"ot 2018\",\"Pedro Palomo\",\"Pedro Palomo Eurovision\",\"Pedro Palomo Vivaeurovision\",\"RTVE\",\"Rtve EUROVISION\",\"spain eurovision\",\"spain eurovision 2019\",\"tve\",\"viva eurovision\",\"vivaeurovision\"],\"articleSection\":[\"Espa\u00f1a en Eurovisi\u00f3n\",\"eurovision\",\"eurovision 2019\",\"Inicio\",\"Noticia\",\"Noticias\",\"operacion triunfo\",\"Rinc\u00f3n VIVALAMUSICA\",\"Ultima Hora\"],\"inLanguage\":\"es\",\"potentialAction\":[{\"@type\":\"CommentAction\",\"name\":\"Comment\",\"target\":[\"https:\\\/\\\/www.vivaeurovision.com\\\/index.php\\\/2018\\\/05\\\/16\\\/7631-ot-2018-eurovision\\\/#respond\"]}]},{\"@type\":\"WebPage\",\"@id\":\"https:\\\/\\\/www.vivaeurovision.com\\\/index.php\\\/2018\\\/05\\\/16\\\/7631-ot-2018-eurovision\\\/\",\"url\":\"https:\\\/\\\/www.vivaeurovision.com\\\/index.php\\\/2018\\\/05\\\/16\\\/7631-ot-2018-eurovision\\\/\",\"name\":\"Operaci\u00f3n Triunfo, posible m\u00e9todo de elecci\u00f3n para Eurovisi\u00f3n 2019 - VIVAEUROVISION viva eurovision\",\"isPartOf\":{\"@id\":\"https:\\\/\\\/www.vivaeurovision.com\\\/#website\"},\"primaryImageOfPage\":{\"@id\":\"https:\\\/\\\/www.vivaeurovision.com\\\/index.php\\\/2018\\\/05\\\/16\\\/7631-ot-2018-eurovision\\\/#primaryimage\"},\"image\":{\"@id\":\"https:\\\/\\\/www.vivaeurovision.com\\\/index.php\\\/2018\\\/05\\\/16\\\/7631-ot-2018-eurovision\\\/#primaryimage\"},\"thumbnailUrl\":\"https:\\\/\\\/www.vivaeurovision.com\\\/wp-content\\\/uploads\\\/2018\\\/05\\\/A3A79F7F-7DB0-4217-BF4E-9E8AD7E8872A.jpeg\",\"datePublished\":\"2018-05-16T19:14:18+00:00\",\"description\":\"OT 2018, Ot 2018 eurovision, eurovision 2019, operacion triunfo 2018, espa\u00f1a eurovision 2019, vivaeurovision, viva eurovisi\u00f3n, Festival de Eurovisi\u00f3n\",\"breadcrumb\":{\"@id\":\"https:\\\/\\\/www.vivaeurovision.com\\\/index.php\\\/2018\\\/05\\\/16\\\/7631-ot-2018-eurovision\\\/#breadcrumb\"},\"inLanguage\":\"es\",\"potentialAction\":[{\"@type\":\"ReadAction\",\"target\":[\"https:\\\/\\\/www.vivaeurovision.com\\\/index.php\\\/2018\\\/05\\\/16\\\/7631-ot-2018-eurovision\\\/\"]}]},{\"@type\":\"ImageObject\",\"inLanguage\":\"es\",\"@id\":\"https:\\\/\\\/www.vivaeurovision.com\\\/index.php\\\/2018\\\/05\\\/16\\\/7631-ot-2018-eurovision\\\/#primaryimage\",\"url\":\"https:\\\/\\\/www.vivaeurovision.com\\\/wp-content\\\/uploads\\\/2018\\\/05\\\/A3A79F7F-7DB0-4217-BF4E-9E8AD7E8872A.jpeg\",\"contentUrl\":\"https:\\\/\\\/www.vivaeurovision.com\\\/wp-content\\\/uploads\\\/2018\\\/05\\\/A3A79F7F-7DB0-4217-BF4E-9E8AD7E8872A.jpeg\",\"width\":1181,\"height\":552,\"caption\":\"eurovision\"},{\"@type\":\"BreadcrumbList\",\"@id\":\"https:\\\/\\\/www.vivaeurovision.com\\\/index.php\\\/2018\\\/05\\\/16\\\/7631-ot-2018-eurovision\\\/#breadcrumb\",\"itemListElement\":[{\"@type\":\"ListItem\",\"position\":1,\"name\":\"Portada\",\"item\":\"https:\\\/\\\/www.vivaeurovision.com\\\/\"},{\"@type\":\"ListItem\",\"position\":2,\"name\":\"Operaci\u00f3n Triunfo, posible m\u00e9todo de elecci\u00f3n para Eurovisi\u00f3n 2019\"}]},{\"@type\":\"WebSite\",\"@id\":\"https:\\\/\\\/www.vivaeurovision.com\\\/#website\",\"url\":\"https:\\\/\\\/www.vivaeurovision.com\\\/\",\"name\":\"VIVAEUROVISION viva eurovision\",\"description\":\"Tu portal sobre el Festival de Eurovision, eurovision, eurovisi\u00f3n\",\"publisher\":{\"@id\":\"https:\\\/\\\/www.vivaeurovision.com\\\/#organization\"},\"potentialAction\":[{\"@type\":\"SearchAction\",\"target\":{\"@type\":\"EntryPoint\",\"urlTemplate\":\"https:\\\/\\\/www.vivaeurovision.com\\\/?s={search_term_string}\"},\"query-input\":{\"@type\":\"PropertyValueSpecification\",\"valueRequired\":true,\"valueName\":\"search_term_string\"}}],\"inLanguage\":\"es\"},{\"@type\":\"Organization\",\"@id\":\"https:\\\/\\\/www.vivaeurovision.com\\\/#organization\",\"name\":\"vivaeurovision\",\"url\":\"https:\\\/\\\/www.vivaeurovision.com\\\/\",\"logo\":{\"@type\":\"ImageObject\",\"inLanguage\":\"es\",\"@id\":\"https:\\\/\\\/www.vivaeurovision.com\\\/#\\\/schema\\\/logo\\\/image\\\/\",\"url\":\"https:\\\/\\\/www.vivaeurovision.com\\\/wp-content\\\/uploads\\\/2016\\\/01\\\/cropped-image-21-1.jpeg\",\"contentUrl\":\"https:\\\/\\\/www.vivaeurovision.com\\\/wp-content\\\/uploads\\\/2016\\\/01\\\/cropped-image-21-1.jpeg\",\"width\":669,\"height\":368,\"caption\":\"vivaeurovision\"},\"image\":{\"@id\":\"https:\\\/\\\/www.vivaeurovision.com\\\/#\\\/schema\\\/logo\\\/image\\\/\"}},{\"@type\":\"Person\",\"@id\":\"https:\\\/\\\/www.vivaeurovision.com\\\/#\\\/schema\\\/person\\\/1d31fdaa3f5f7df556f73d164bd3c47a\",\"name\":\"Pedro Palomo\",\"image\":{\"@type\":\"ImageObject\",\"inLanguage\":\"es\",\"@id\":\"https:\\\/\\\/secure.gravatar.com\\\/avatar\\\/4cf9a4877f5f71f44fb7cedbe1bac1bd28bd8ce7a217517d98d5b2117f9f5505?s=96&d=mm&r=g\",\"url\":\"https:\\\/\\\/secure.gravatar.com\\\/avatar\\\/4cf9a4877f5f71f44fb7cedbe1bac1bd28bd8ce7a217517d98d5b2117f9f5505?s=96&d=mm&r=g\",\"contentUrl\":\"https:\\\/\\\/secure.gravatar.com\\\/avatar\\\/4cf9a4877f5f71f44fb7cedbe1bac1bd28bd8ce7a217517d98d5b2117f9f5505?s=96&d=mm&r=g\",\"caption\":\"Pedro Palomo\"},\"sameAs\":[\"http:\\\/\\\/www.vivaeurovision.com\",\"@pedrobcn\",\"https:\\\/\\\/x.com\\\/@pedropalomobcn\"]}]}<\/script>\n<!-- \/ Yoast SEO plugin. -->","yoast_head_json":{"title":"Operaci\u00f3n Triunfo, posible m\u00e9todo de elecci\u00f3n para Eurovisi\u00f3n 2019 - VIVAEUROVISION viva eurovision","description":"OT 2018, Ot 2018 eurovision, eurovision 2019, operacion triunfo 2018, espa\u00f1a eurovision 2019, vivaeurovision, viva eurovisi\u00f3n, Festival de Eurovisi\u00f3n","robots":{"index":"index","follow":"follow","max-snippet":"max-snippet:-1","max-image-preview":"max-image-preview:large","max-video-preview":"max-video-preview:-1"},"canonical":"https:\/\/www.vivaeurovision.com\/index.php\/2018\/05\/16\/7631-ot-2018-eurovision\/","og_locale":"es_ES","og_type":"article","og_title":"Operaci\u00f3n Triunfo, posible m\u00e9todo de elecci\u00f3n para Eurovisi\u00f3n 2019 - VIVAEUROVISION viva eurovision","og_description":"OT 2018, Ot 2018 eurovision, eurovision 2019, operacion triunfo 2018, espa\u00f1a eurovision 2019, vivaeurovision, viva eurovisi\u00f3n, Festival de Eurovisi\u00f3n","og_url":"https:\/\/www.vivaeurovision.com\/index.php\/2018\/05\/16\/7631-ot-2018-eurovision\/","og_site_name":"VIVAEUROVISION viva eurovision","article_published_time":"2018-05-16T19:14:18+00:00","og_image":[{"width":1181,"height":552,"url":"https:\/\/www.vivaeurovision.com\/wp-content\/uploads\/2018\/05\/A3A79F7F-7DB0-4217-BF4E-9E8AD7E8872A.jpeg","type":"image\/jpeg"}],"author":"Pedro Palomo","twitter_card":"summary_large_image","twitter_creator":"@pedropalomobcn","twitter_misc":{"Escrito por":"Pedro Palomo","Tiempo de lectura":"1 minuto"},"schema":{"@context":"https:\/\/schema.org","@graph":[{"@type":"Article","@id":"https:\/\/www.vivaeurovision.com\/index.php\/2018\/05\/16\/7631-ot-2018-eurovision\/#article","isPartOf":{"@id":"https:\/\/www.vivaeurovision.com\/index.php\/2018\/05\/16\/7631-ot-2018-eurovision\/"},"author":{"name":"Pedro Palomo","@id":"https:\/\/www.vivaeurovision.com\/#\/schema\/person\/1d31fdaa3f5f7df556f73d164bd3c47a"},"headline":"Operaci\u00f3n Triunfo, posible m\u00e9todo de elecci\u00f3n para Eurovisi\u00f3n 2019","datePublished":"2018-05-16T19:14:18+00:00","mainEntityOfPage":{"@id":"https:\/\/www.vivaeurovision.com\/index.php\/2018\/05\/16\/7631-ot-2018-eurovision\/"},"wordCount":242,"commentCount":0,"publisher":{"@id":"https:\/\/www.vivaeurovision.com\/#organization"},"image":{"@id":"https:\/\/www.vivaeurovision.com\/index.php\/2018\/05\/16\/7631-ot-2018-eurovision\/#primaryimage"},"thumbnailUrl":"https:\/\/www.vivaeurovision.com\/wp-content\/uploads\/2018\/05\/A3A79F7F-7DB0-4217-BF4E-9E8AD7E8872A.jpeg","keywords":["ESC","esc 2019","Espa\u00f1a Eurovision","espa\u00f1a eurovision 2019","Eurovision","eurovision 2019","eurovision espa\u00f1a 2019","eurovision song contest","eurovision song contest festival","eurovision spain 2019","Festival de Eurovisi\u00f3n","gestmusic","Noticia","Operacion triunfo","operacion triunfo 2018","ot 2018","Pedro Palomo","Pedro Palomo Eurovision","Pedro Palomo Vivaeurovision","RTVE","Rtve EUROVISION","spain eurovision","spain eurovision 2019","tve","viva eurovision","vivaeurovision"],"articleSection":["Espa\u00f1a en Eurovisi\u00f3n","eurovision","eurovision 2019","Inicio","Noticia","Noticias","operacion triunfo","Rinc\u00f3n VIVALAMUSICA","Ultima Hora"],"inLanguage":"es","potentialAction":[{"@type":"CommentAction","name":"Comment","target":["https:\/\/www.vivaeurovision.com\/index.php\/2018\/05\/16\/7631-ot-2018-eurovision\/#respond"]}]},{"@type":"WebPage","@id":"https:\/\/www.vivaeurovision.com\/index.php\/2018\/05\/16\/7631-ot-2018-eurovision\/","url":"https:\/\/www.vivaeurovision.com\/index.php\/2018\/05\/16\/7631-ot-2018-eurovision\/","name":"Operaci\u00f3n Triunfo, posible m\u00e9todo de elecci\u00f3n para Eurovisi\u00f3n 2019 - VIVAEUROVISION viva eurovision","isPartOf":{"@id":"https:\/\/www.vivaeurovision.com\/#website"},"primaryImageOfPage":{"@id":"https:\/\/www.vivaeurovision.com\/index.php\/2018\/05\/16\/7631-ot-2018-eurovision\/#primaryimage"},"image":{"@id":"https:\/\/www.vivaeurovision.com\/index.php\/2018\/05\/16\/7631-ot-2018-eurovision\/#primaryimage"},"thumbnailUrl":"https:\/\/www.vivaeurovision.com\/wp-content\/uploads\/2018\/05\/A3A79F7F-7DB0-4217-BF4E-9E8AD7E8872A.jpeg","datePublished":"2018-05-16T19:14:18+00:00","description":"OT 2018, Ot 2018 eurovision, eurovision 2019, operacion triunfo 2018, espa\u00f1a eurovision 2019, vivaeurovision, viva eurovisi\u00f3n, Festival de Eurovisi\u00f3n","breadcrumb":{"@id":"https:\/\/www.vivaeurovision.com\/index.php\/2018\/05\/16\/7631-ot-2018-eurovision\/#breadcrumb"},"inLanguage":"es","potentialAction":[{"@type":"ReadAction","target":["https:\/\/www.vivaeurovision.com\/index.php\/2018\/05\/16\/7631-ot-2018-eurovision\/"]}]},{"@type":"ImageObject","inLanguage":"es","@id":"https:\/\/www.vivaeurovision.com\/index.php\/2018\/05\/16\/7631-ot-2018-eurovision\/#primaryimage","url":"https:\/\/www.vivaeurovision.com\/wp-content\/uploads\/2018\/05\/A3A79F7F-7DB0-4217-BF4E-9E8AD7E8872A.jpeg","contentUrl":"https:\/\/www.vivaeurovision.com\/wp-content\/uploads\/2018\/05\/A3A79F7F-7DB0-4217-BF4E-9E8AD7E8872A.jpeg","width":1181,"height":552,"caption":"eurovision"},{"@type":"BreadcrumbList","@id":"https:\/\/www.vivaeurovision.com\/index.php\/2018\/05\/16\/7631-ot-2018-eurovision\/#breadcrumb","itemListElement":[{"@type":"ListItem","position":1,"name":"Portada","item":"https:\/\/www.vivaeurovision.com\/"},{"@type":"ListItem","position":2,"name":"Operaci\u00f3n Triunfo, posible m\u00e9todo de elecci\u00f3n para Eurovisi\u00f3n 2019"}]},{"@type":"WebSite","@id":"https:\/\/www.vivaeurovision.com\/#website","url":"https:\/\/www.vivaeurovision.com\/","name":"VIVAEUROVISION viva eurovision","description":"Tu portal sobre el Festival de Eurovision, eurovision, eurovisi\u00f3n","publisher":{"@id":"https:\/\/www.vivaeurovision.com\/#organization"},"potentialAction":[{"@type":"SearchAction","target":{"@type":"EntryPoint","urlTemplate":"https:\/\/www.vivaeurovision.com\/?s={search_term_string}"},"query-input":{"@type":"PropertyValueSpecification","valueRequired":true,"valueName":"search_term_string"}}],"inLanguage":"es"},{"@type":"Organization","@id":"https:\/\/www.vivaeurovision.com\/#organization","name":"vivaeurovision","url":"https:\/\/www.vivaeurovision.com\/","logo":{"@type":"ImageObject","inLanguage":"es","@id":"https:\/\/www.vivaeurovision.com\/#\/schema\/logo\/image\/","url":"https:\/\/www.vivaeurovision.com\/wp-content\/uploads\/2016\/01\/cropped-image-21-1.jpeg","contentUrl":"https:\/\/www.vivaeurovision.com\/wp-content\/uploads\/2016\/01\/cropped-image-21-1.jpeg","width":669,"height":368,"caption":"vivaeurovision"},"image":{"@id":"https:\/\/www.vivaeurovision.com\/#\/schema\/logo\/image\/"}},{"@type":"Person","@id":"https:\/\/www.vivaeurovision.com\/#\/schema\/person\/1d31fdaa3f5f7df556f73d164bd3c47a","name":"Pedro Palomo","image":{"@type":"ImageObject","inLanguage":"es","@id":"https:\/\/secure.gravatar.com\/avatar\/4cf9a4877f5f71f44fb7cedbe1bac1bd28bd8ce7a217517d98d5b2117f9f5505?s=96&d=mm&r=g","url":"https:\/\/secure.gravatar.com\/avatar\/4cf9a4877f5f71f44fb7cedbe1bac1bd28bd8ce7a217517d98d5b2117f9f5505?s=96&d=mm&r=g","contentUrl":"https:\/\/secure.gravatar.com\/avatar\/4cf9a4877f5f71f44fb7cedbe1bac1bd28bd8ce7a217517d98d5b2117f9f5505?s=96&d=mm&r=g","caption":"Pedro Palomo"},"sameAs":["http:\/\/www.vivaeurovision.com","@pedrobcn","https:\/\/x.com\/@pedropalomobcn"]}]}},"_links":{"self":[{"href":"https:\/\/www.vivaeurovision.com\/index.php\/wp-json\/wp\/v2\/posts\/7631","targetHints":{"allow":["GET"]}}],"collection":[{"href":"https:\/\/www.vivaeurovision.com\/index.php\/wp-json\/wp\/v2\/posts"}],"about":[{"href":"https:\/\/www.vivaeurovision.com\/index.php\/wp-json\/wp\/v2\/types\/post"}],"author":[{"embeddable":true,"href":"https:\/\/www.vivaeurovision.com\/index.php\/wp-json\/wp\/v2\/users\/1"}],"replies":[{"embeddable":true,"href":"https:\/\/www.vivaeurovision.com\/index.php\/wp-json\/wp\/v2\/comments?post=7631"}],"version-history":[{"count":2,"href":"https:\/\/www.vivaeurovision.com\/index.php\/wp-json\/wp\/v2\/posts\/7631\/revisions"}],"predecessor-version":[{"id":7674,"href":"https:\/\/www.vivaeurovision.com\/index.php\/wp-json\/wp\/v2\/posts\/7631\/revisions\/7674"}],"wp:featuredmedia":[{"embeddable":true,"href":"https:\/\/www.vivaeurovision.com\/index.php\/wp-json\/wp\/v2\/media\/7673"}],"wp:attachment":[{"href":"https:\/\/www.vivaeurovision.com\/index.php\/wp-json\/wp\/v2\/media?parent=7631"}],"wp:term":[{"taxonomy":"category","embeddable":true,"href":"https:\/\/www.vivaeurovision.com\/index.php\/wp-json\/wp\/v2\/categories?post=7631"},{"taxonomy":"post_tag","embeddable":true,"href":"https:\/\/www.vivaeurovision.com\/index.php\/wp-json\/wp\/v2\/tags?post=7631"}],"curies":[{"name":"wp","href":"https:\/\/api.w.org\/{rel}","templated":true}]}}