{"id":7808,"date":"2018-06-30T13:01:30","date_gmt":"2018-06-30T13:01:30","guid":{"rendered":"http:\/\/www.vivaeurovision.com\/?p=7808"},"modified":"2018-06-30T13:03:43","modified_gmt":"2018-06-30T13:03:43","slug":"7808-loreen-pride-barcelona","status":"publish","type":"post","link":"https:\/\/www.vivaeurovision.com\/index.php\/2018\/06\/30\/7808-loreen-pride-barcelona\/","title":{"rendered":"Loreen desata la Euphoria en el Pride de Barcelona"},"content":{"rendered":"<h2>Loreen gran estrella en el Pride de Barcelona, ante miles de personas Euphoricas para la ocasi\u00f3n<\/h2>\n<p><img loading=\"lazy\" decoding=\"async\" class=\"alignnone size-medium wp-image-7846\" src=\"http:\/\/www.vivaeurovision.com\/wp-content\/uploads\/2018\/06\/D14C5C7B-CAD3-43C7-AF41-0AAFE9F538AC-300x183.jpeg\" alt=\"loreen pride\" width=\"300\" height=\"183\" srcset=\"https:\/\/www.vivaeurovision.com\/wp-content\/uploads\/2018\/06\/D14C5C7B-CAD3-43C7-AF41-0AAFE9F538AC-300x183.jpeg 300w, https:\/\/www.vivaeurovision.com\/wp-content\/uploads\/2018\/06\/D14C5C7B-CAD3-43C7-AF41-0AAFE9F538AC-700x426.jpeg 700w, https:\/\/www.vivaeurovision.com\/wp-content\/uploads\/2018\/06\/D14C5C7B-CAD3-43C7-AF41-0AAFE9F538AC.jpeg 1600w\" sizes=\"auto, (max-width: 300px) 100vw, 300px\" \/><\/p>\n<p>El Pride de Barcelona 2018, repleto de grandes estrellas nacionales e internacionales.<\/p>\n<p>En el gran escenario de Av Mar\u00eda Cristina Loreen interpret\u00f3 varios de sus \u00e9xitos como Statements, We Got The Power y su gran hit Euphoria que le llev\u00f3 a la victoria del Festival de Eurovisi\u00f3n 2012. m\u00e1s de 25.000 personas fueron testigos del gran espect\u00e1culo, el p\u00fablico cant\u00f3 Euphoria dejando claro que Loreen y su hit son grandes e imparables.<\/p>\n<p>Loreen con su nuevo look y nuevo disco a la venta RIDE, no dud\u00f3 en concedernos una entrevista donde muy contenta y cercana respond\u00ed\u00f3 a si volver\u00eda a intentar representar a Suecia en Eurovisi\u00f3n.<\/p>\n<p><strong>Aqui pod\u00e9is ver la entrevista y su actuaci\u00f3n.<\/strong><\/p>\n<p><iframe loading=\"lazy\" src=\"https:\/\/www.youtube.com\/embed\/xk23XpFJGJE\" width=\"560\" height=\"315\" frameborder=\"0\" allowfullscreen=\"allowfullscreen\"><\/iframe><\/p>\n<p><iframe loading=\"lazy\"  id=\"_ytid_17853\"  width=\"480\" height=\"270\"  data-origwidth=\"480\" data-origheight=\"270\" src=\"https:\/\/www.youtube.com\/embed\/Pfo-8z86x80?enablejsapi=1&#038;autoplay=0&#038;cc_load_policy=0&#038;cc_lang_pref=&#038;iv_load_policy=1&#038;loop=0&#038;rel=1&#038;fs=1&#038;playsinline=0&#038;autohide=2&#038;theme=dark&#038;color=red&#038;controls=1&#038;disablekb=0&#038;\" class=\"__youtube_prefs__  epyt-is-override  no-lazyload\" title=\"YouTube player\"  allow=\"fullscreen; accelerometer; autoplay; clipboard-write; encrypted-media; gyroscope; picture-in-picture; web-share\" referrerpolicy=\"strict-origin-when-cross-origin\" allowfullscreen data-no-lazy=\"1\" data-skipgform_ajax_framebjll=\"\"><\/iframe><\/p>\n<p><iframe loading=\"lazy\"  id=\"_ytid_63149\"  width=\"480\" height=\"270\"  data-origwidth=\"480\" data-origheight=\"270\" src=\"https:\/\/www.youtube.com\/embed\/LMxkU8jzhQc?enablejsapi=1&#038;autoplay=0&#038;cc_load_policy=0&#038;cc_lang_pref=&#038;iv_load_policy=1&#038;loop=0&#038;rel=1&#038;fs=1&#038;playsinline=0&#038;autohide=2&#038;theme=dark&#038;color=red&#038;controls=1&#038;disablekb=0&#038;\" class=\"__youtube_prefs__  epyt-is-override  no-lazyload\" title=\"YouTube player\"  allow=\"fullscreen; accelerometer; autoplay; clipboard-write; encrypted-media; gyroscope; picture-in-picture; web-share\" referrerpolicy=\"strict-origin-when-cross-origin\" allowfullscreen data-no-lazy=\"1\" data-skipgform_ajax_framebjll=\"\"><\/iframe><\/p>\n<p>Loreen siempre luchando por los derechos del colectivo LGBTI est\u00e1 en plena gira donde ha visitado diferentes Prides como el de Estocolmo y en esta ocasi\u00f3n el de Barcelona. Mostrando su apoyo y dando ejemplo de diversidad, tolerancia y respeto.<\/p>\n<p><img loading=\"lazy\" decoding=\"async\" class=\"alignnone size-medium wp-image-7824\" src=\"http:\/\/www.vivaeurovision.com\/wp-content\/uploads\/2018\/06\/CE1E9680-13EA-40F3-B284-0FCD1B1D5944-292x300.jpeg\" alt=\"vivaeurovision\" width=\"292\" height=\"300\" srcset=\"https:\/\/www.vivaeurovision.com\/wp-content\/uploads\/2018\/06\/CE1E9680-13EA-40F3-B284-0FCD1B1D5944-292x300.jpeg 292w, https:\/\/www.vivaeurovision.com\/wp-content\/uploads\/2018\/06\/CE1E9680-13EA-40F3-B284-0FCD1B1D5944.jpeg 401w\" sizes=\"auto, (max-width: 292px) 100vw, 292px\" \/><\/p>\n<p>Un a\u00f1o m\u00e1s vivaeurovision os informa del Pride Barcelona y este a\u00f1o como medio oficial colaborador.<\/p>\n<p><img loading=\"lazy\" decoding=\"async\" class=\"alignnone size-medium wp-image-311\" src=\"http:\/\/www.vivaeurovision.com\/wp-content\/uploads\/2016\/01\/image-21-300x165.jpeg\" alt=\"VIVAEUROVISION.COM\" width=\"300\" height=\"165\" srcset=\"https:\/\/www.vivaeurovision.com\/wp-content\/uploads\/2016\/01\/image-21-300x165.jpeg 300w, https:\/\/www.vivaeurovision.com\/wp-content\/uploads\/2016\/01\/image-21-555x305.jpeg 555w, https:\/\/www.vivaeurovision.com\/wp-content\/uploads\/2016\/01\/image-21.jpeg 669w\" sizes=\"auto, (max-width: 300px) 100vw, 300px\" \/><\/p>\n<p>Twitter\u00a0<strong> <a href=\"https:\/\/twitter.com\/viva_eurovision\" target=\"_blank\" rel=\"noopener noreferrer\">@viva_eurovision<\/a>\u00a0 <a href=\"https:\/\/www.facebook.com\/Vivaeurovisioncom-867806686671081\/?fref=nf\" target=\"_blank\" rel=\"noopener noreferrer\">FACEBOOK OFICIAL VIVA EUROVISION <\/a><\/strong>Instragram <strong>\u00a0<\/strong><a href=\"https:\/\/www.instagram.com\/vivaeurovision\/\" target=\"_blank\" rel=\"noopener noreferrer\"><strong>@vivaeurovision<\/strong><\/a><\/p>\n<p>Redactor: Pedro Palomo <a href=\"https:\/\/twitter.com\/pedropalomobcn?lang=es\"><strong>@pedropalomobcn<\/strong><\/a><strong>\u00a0<\/strong>Instagram <a href=\"https:\/\/www.instagram.com\/pedrobcn\/\" target=\"_blank\" rel=\"noopener noreferrer\"><strong>@pedrobcn<\/strong><\/a><\/p>\n","protected":false},"excerpt":{"rendered":"<p>Loreen gran estrella en el Pride de Barcelona, ante miles de personas Euphoricas para la ocasi\u00f3n El Pride de Barcelona 2018, repleto de grandes estrellas nacionales e internacionales. En el&#46;&#46;&#46;<\/p>\n","protected":false},"author":1,"featured_media":7846,"comment_status":"open","ping_status":"closed","sticky":false,"template":"","format":"standard","meta":{"_exactmetrics_skip_tracking":false,"_exactmetrics_sitenote_active":false,"_exactmetrics_sitenote_note":"","_exactmetrics_sitenote_category":0,"footnotes":""},"categories":[5,1195,4,1188,2,875,3],"tags":[3122,33,3158,17,3156,11,221,1476,706,1096,3155,164,219,1646,3157,3154,3120,3121,3118,3119,34,19,20,766,952,3117,3115,3116,23,22],"class_list":["post-7808","post","type-post","status-publish","format-standard","has-post-thumbnail","hentry","category-entrevistas","category-eurovision-2","category-eurovision","category-noticia-2","category-noticia","category-rincon-vivalamusica","category-ultima-hora","tag-all-my-loving","tag-entrevista","tag-entrevista-loreen","tag-esc","tag-euphoria","tag-eurovision","tag-eurovision-2012","tag-eurovision-song-contest","tag-eurovision-song-contest-festival","tag-festival-de-eurovision","tag-loree-pride-2018","tag-loreen","tag-loreen-euphoria","tag-loreen-eurovision","tag-loreen-interview","tag-loreen-pride","tag-loreen-pride-barcelona","tag-loreen-pride-barcelona-2018","tag-loreen-pride-bcn","tag-loreen-pride-bcn-2018","tag-noticia","tag-pedro-palomo","tag-pedro-palomo-eurovision","tag-pedro-palomo-vivaeurovision","tag-pride-barcelona","tag-pride-barcelona-2018","tag-pride-bcn","tag-pride-bcn-2018","tag-viva-eurovision","tag-vivaeurovision"],"yoast_head":"<!-- This site is optimized with the Yoast SEO plugin v27.5 - https:\/\/yoast.com\/product\/yoast-seo-wordpress\/ -->\n<title>Loreen desata la Euphoria en el Pride de Barcelona - VIVAEUROVISION viva eurovision<\/title>\n<meta name=\"description\" content=\"loreen pride, loreen, loreen pride barcelona, pride 2018, loreen eurovision, loreen euphoria, vivaeurovision, viva eurovision, eurovisi\u00f3n, pride barcelona\" \/>\n<meta name=\"robots\" content=\"index, follow, max-snippet:-1, max-image-preview:large, max-video-preview:-1\" \/>\n<link rel=\"canonical\" href=\"https:\/\/www.vivaeurovision.com\/index.php\/2018\/06\/30\/7808-loreen-pride-barcelona\/\" \/>\n<meta property=\"og:locale\" content=\"es_ES\" \/>\n<meta property=\"og:type\" content=\"article\" \/>\n<meta property=\"og:title\" content=\"Loreen desata la Euphoria en el Pride de Barcelona - VIVAEUROVISION viva eurovision\" \/>\n<meta property=\"og:description\" content=\"loreen pride, loreen, loreen pride barcelona, pride 2018, loreen eurovision, loreen euphoria, vivaeurovision, viva eurovision, eurovisi\u00f3n, pride barcelona\" \/>\n<meta property=\"og:url\" content=\"https:\/\/www.vivaeurovision.com\/index.php\/2018\/06\/30\/7808-loreen-pride-barcelona\/\" \/>\n<meta property=\"og:site_name\" content=\"VIVAEUROVISION viva eurovision\" \/>\n<meta property=\"article:published_time\" content=\"2018-06-30T13:01:30+00:00\" \/>\n<meta property=\"article:modified_time\" content=\"2018-06-30T13:03:43+00:00\" \/>\n<meta property=\"og:image\" content=\"https:\/\/www.vivaeurovision.com\/wp-content\/uploads\/2018\/06\/D14C5C7B-CAD3-43C7-AF41-0AAFE9F538AC.jpeg\" \/>\n\t<meta property=\"og:image:width\" content=\"1600\" \/>\n\t<meta property=\"og:image:height\" content=\"974\" \/>\n\t<meta property=\"og:image:type\" content=\"image\/jpeg\" \/>\n<meta name=\"author\" content=\"Pedro Palomo\" \/>\n<meta name=\"twitter:card\" content=\"summary_large_image\" \/>\n<meta name=\"twitter:creator\" content=\"@pedropalomobcn\" \/>\n<meta name=\"twitter:label1\" content=\"Escrito por\" \/>\n\t<meta name=\"twitter:data1\" content=\"Pedro Palomo\" \/>\n\t<meta name=\"twitter:label2\" content=\"Tiempo de lectura\" \/>\n\t<meta name=\"twitter:data2\" content=\"1 minuto\" \/>\n<script type=\"application\/ld+json\" class=\"yoast-schema-graph\">{\"@context\":\"https:\\\/\\\/schema.org\",\"@graph\":[{\"@type\":\"Article\",\"@id\":\"https:\\\/\\\/www.vivaeurovision.com\\\/index.php\\\/2018\\\/06\\\/30\\\/7808-loreen-pride-barcelona\\\/#article\",\"isPartOf\":{\"@id\":\"https:\\\/\\\/www.vivaeurovision.com\\\/index.php\\\/2018\\\/06\\\/30\\\/7808-loreen-pride-barcelona\\\/\"},\"author\":{\"name\":\"Pedro Palomo\",\"@id\":\"https:\\\/\\\/www.vivaeurovision.com\\\/#\\\/schema\\\/person\\\/1d31fdaa3f5f7df556f73d164bd3c47a\"},\"headline\":\"Loreen desata la Euphoria en el Pride de Barcelona\",\"datePublished\":\"2018-06-30T13:01:30+00:00\",\"dateModified\":\"2018-06-30T13:03:43+00:00\",\"mainEntityOfPage\":{\"@id\":\"https:\\\/\\\/www.vivaeurovision.com\\\/index.php\\\/2018\\\/06\\\/30\\\/7808-loreen-pride-barcelona\\\/\"},\"wordCount\":232,\"commentCount\":0,\"publisher\":{\"@id\":\"https:\\\/\\\/www.vivaeurovision.com\\\/#organization\"},\"image\":{\"@id\":\"https:\\\/\\\/www.vivaeurovision.com\\\/index.php\\\/2018\\\/06\\\/30\\\/7808-loreen-pride-barcelona\\\/#primaryimage\"},\"thumbnailUrl\":\"https:\\\/\\\/www.vivaeurovision.com\\\/wp-content\\\/uploads\\\/2018\\\/06\\\/D14C5C7B-CAD3-43C7-AF41-0AAFE9F538AC.jpeg\",\"keywords\":[\"all my loving\",\"Entrevista\",\"entrevista loreen\",\"ESC\",\"euphoria\",\"Eurovision\",\"eurovision 2012\",\"eurovision song contest\",\"eurovision song contest festival\",\"Festival de Eurovisi\u00f3n\",\"loree pride 2018\",\"Loreen\",\"Loreen Euphoria\",\"loreen eurovision\",\"loreen interview\",\"loreen pride\",\"loreen pride barcelona\",\"loreen pride barcelona 2018\",\"loreen pride bcn\",\"loreen pride bcn 2018\",\"Noticia\",\"Pedro Palomo\",\"Pedro Palomo Eurovision\",\"Pedro Palomo Vivaeurovision\",\"pride barcelona\",\"Pride Barcelona 2018\",\"pride bcn\",\"pride bcn 2018\",\"viva eurovision\",\"vivaeurovision\"],\"articleSection\":[\"Entrevistas\",\"eurovision\",\"Inicio\",\"Noticia\",\"Noticias\",\"Rinc\u00f3n VIVALAMUSICA\",\"Ultima Hora\"],\"inLanguage\":\"es\",\"potentialAction\":[{\"@type\":\"CommentAction\",\"name\":\"Comment\",\"target\":[\"https:\\\/\\\/www.vivaeurovision.com\\\/index.php\\\/2018\\\/06\\\/30\\\/7808-loreen-pride-barcelona\\\/#respond\"]}]},{\"@type\":\"WebPage\",\"@id\":\"https:\\\/\\\/www.vivaeurovision.com\\\/index.php\\\/2018\\\/06\\\/30\\\/7808-loreen-pride-barcelona\\\/\",\"url\":\"https:\\\/\\\/www.vivaeurovision.com\\\/index.php\\\/2018\\\/06\\\/30\\\/7808-loreen-pride-barcelona\\\/\",\"name\":\"Loreen desata la Euphoria en el Pride de Barcelona - VIVAEUROVISION viva eurovision\",\"isPartOf\":{\"@id\":\"https:\\\/\\\/www.vivaeurovision.com\\\/#website\"},\"primaryImageOfPage\":{\"@id\":\"https:\\\/\\\/www.vivaeurovision.com\\\/index.php\\\/2018\\\/06\\\/30\\\/7808-loreen-pride-barcelona\\\/#primaryimage\"},\"image\":{\"@id\":\"https:\\\/\\\/www.vivaeurovision.com\\\/index.php\\\/2018\\\/06\\\/30\\\/7808-loreen-pride-barcelona\\\/#primaryimage\"},\"thumbnailUrl\":\"https:\\\/\\\/www.vivaeurovision.com\\\/wp-content\\\/uploads\\\/2018\\\/06\\\/D14C5C7B-CAD3-43C7-AF41-0AAFE9F538AC.jpeg\",\"datePublished\":\"2018-06-30T13:01:30+00:00\",\"dateModified\":\"2018-06-30T13:03:43+00:00\",\"description\":\"loreen pride, loreen, loreen pride barcelona, pride 2018, loreen eurovision, loreen euphoria, vivaeurovision, viva eurovision, eurovisi\u00f3n, pride barcelona\",\"breadcrumb\":{\"@id\":\"https:\\\/\\\/www.vivaeurovision.com\\\/index.php\\\/2018\\\/06\\\/30\\\/7808-loreen-pride-barcelona\\\/#breadcrumb\"},\"inLanguage\":\"es\",\"potentialAction\":[{\"@type\":\"ReadAction\",\"target\":[\"https:\\\/\\\/www.vivaeurovision.com\\\/index.php\\\/2018\\\/06\\\/30\\\/7808-loreen-pride-barcelona\\\/\"]}]},{\"@type\":\"ImageObject\",\"inLanguage\":\"es\",\"@id\":\"https:\\\/\\\/www.vivaeurovision.com\\\/index.php\\\/2018\\\/06\\\/30\\\/7808-loreen-pride-barcelona\\\/#primaryimage\",\"url\":\"https:\\\/\\\/www.vivaeurovision.com\\\/wp-content\\\/uploads\\\/2018\\\/06\\\/D14C5C7B-CAD3-43C7-AF41-0AAFE9F538AC.jpeg\",\"contentUrl\":\"https:\\\/\\\/www.vivaeurovision.com\\\/wp-content\\\/uploads\\\/2018\\\/06\\\/D14C5C7B-CAD3-43C7-AF41-0AAFE9F538AC.jpeg\",\"width\":1600,\"height\":974,\"caption\":\"loreen pride\"},{\"@type\":\"BreadcrumbList\",\"@id\":\"https:\\\/\\\/www.vivaeurovision.com\\\/index.php\\\/2018\\\/06\\\/30\\\/7808-loreen-pride-barcelona\\\/#breadcrumb\",\"itemListElement\":[{\"@type\":\"ListItem\",\"position\":1,\"name\":\"Portada\",\"item\":\"https:\\\/\\\/www.vivaeurovision.com\\\/\"},{\"@type\":\"ListItem\",\"position\":2,\"name\":\"Loreen desata la Euphoria en el Pride de Barcelona\"}]},{\"@type\":\"WebSite\",\"@id\":\"https:\\\/\\\/www.vivaeurovision.com\\\/#website\",\"url\":\"https:\\\/\\\/www.vivaeurovision.com\\\/\",\"name\":\"VIVAEUROVISION viva eurovision\",\"description\":\"Tu portal sobre el Festival de Eurovision, eurovision, eurovisi\u00f3n\",\"publisher\":{\"@id\":\"https:\\\/\\\/www.vivaeurovision.com\\\/#organization\"},\"potentialAction\":[{\"@type\":\"SearchAction\",\"target\":{\"@type\":\"EntryPoint\",\"urlTemplate\":\"https:\\\/\\\/www.vivaeurovision.com\\\/?s={search_term_string}\"},\"query-input\":{\"@type\":\"PropertyValueSpecification\",\"valueRequired\":true,\"valueName\":\"search_term_string\"}}],\"inLanguage\":\"es\"},{\"@type\":\"Organization\",\"@id\":\"https:\\\/\\\/www.vivaeurovision.com\\\/#organization\",\"name\":\"vivaeurovision\",\"url\":\"https:\\\/\\\/www.vivaeurovision.com\\\/\",\"logo\":{\"@type\":\"ImageObject\",\"inLanguage\":\"es\",\"@id\":\"https:\\\/\\\/www.vivaeurovision.com\\\/#\\\/schema\\\/logo\\\/image\\\/\",\"url\":\"https:\\\/\\\/www.vivaeurovision.com\\\/wp-content\\\/uploads\\\/2016\\\/01\\\/cropped-image-21-1.jpeg\",\"contentUrl\":\"https:\\\/\\\/www.vivaeurovision.com\\\/wp-content\\\/uploads\\\/2016\\\/01\\\/cropped-image-21-1.jpeg\",\"width\":669,\"height\":368,\"caption\":\"vivaeurovision\"},\"image\":{\"@id\":\"https:\\\/\\\/www.vivaeurovision.com\\\/#\\\/schema\\\/logo\\\/image\\\/\"}},{\"@type\":\"Person\",\"@id\":\"https:\\\/\\\/www.vivaeurovision.com\\\/#\\\/schema\\\/person\\\/1d31fdaa3f5f7df556f73d164bd3c47a\",\"name\":\"Pedro Palomo\",\"image\":{\"@type\":\"ImageObject\",\"inLanguage\":\"es\",\"@id\":\"https:\\\/\\\/secure.gravatar.com\\\/avatar\\\/4cf9a4877f5f71f44fb7cedbe1bac1bd28bd8ce7a217517d98d5b2117f9f5505?s=96&d=mm&r=g\",\"url\":\"https:\\\/\\\/secure.gravatar.com\\\/avatar\\\/4cf9a4877f5f71f44fb7cedbe1bac1bd28bd8ce7a217517d98d5b2117f9f5505?s=96&d=mm&r=g\",\"contentUrl\":\"https:\\\/\\\/secure.gravatar.com\\\/avatar\\\/4cf9a4877f5f71f44fb7cedbe1bac1bd28bd8ce7a217517d98d5b2117f9f5505?s=96&d=mm&r=g\",\"caption\":\"Pedro Palomo\"},\"sameAs\":[\"http:\\\/\\\/www.vivaeurovision.com\",\"@pedrobcn\",\"https:\\\/\\\/x.com\\\/@pedropalomobcn\"]}]}<\/script>\n<!-- \/ Yoast SEO plugin. -->","yoast_head_json":{"title":"Loreen desata la Euphoria en el Pride de Barcelona - VIVAEUROVISION viva eurovision","description":"loreen pride, loreen, loreen pride barcelona, pride 2018, loreen eurovision, loreen euphoria, vivaeurovision, viva eurovision, eurovisi\u00f3n, pride barcelona","robots":{"index":"index","follow":"follow","max-snippet":"max-snippet:-1","max-image-preview":"max-image-preview:large","max-video-preview":"max-video-preview:-1"},"canonical":"https:\/\/www.vivaeurovision.com\/index.php\/2018\/06\/30\/7808-loreen-pride-barcelona\/","og_locale":"es_ES","og_type":"article","og_title":"Loreen desata la Euphoria en el Pride de Barcelona - VIVAEUROVISION viva eurovision","og_description":"loreen pride, loreen, loreen pride barcelona, pride 2018, loreen eurovision, loreen euphoria, vivaeurovision, viva eurovision, eurovisi\u00f3n, pride barcelona","og_url":"https:\/\/www.vivaeurovision.com\/index.php\/2018\/06\/30\/7808-loreen-pride-barcelona\/","og_site_name":"VIVAEUROVISION viva eurovision","article_published_time":"2018-06-30T13:01:30+00:00","article_modified_time":"2018-06-30T13:03:43+00:00","og_image":[{"width":1600,"height":974,"url":"https:\/\/www.vivaeurovision.com\/wp-content\/uploads\/2018\/06\/D14C5C7B-CAD3-43C7-AF41-0AAFE9F538AC.jpeg","type":"image\/jpeg"}],"author":"Pedro Palomo","twitter_card":"summary_large_image","twitter_creator":"@pedropalomobcn","twitter_misc":{"Escrito por":"Pedro Palomo","Tiempo de lectura":"1 minuto"},"schema":{"@context":"https:\/\/schema.org","@graph":[{"@type":"Article","@id":"https:\/\/www.vivaeurovision.com\/index.php\/2018\/06\/30\/7808-loreen-pride-barcelona\/#article","isPartOf":{"@id":"https:\/\/www.vivaeurovision.com\/index.php\/2018\/06\/30\/7808-loreen-pride-barcelona\/"},"author":{"name":"Pedro Palomo","@id":"https:\/\/www.vivaeurovision.com\/#\/schema\/person\/1d31fdaa3f5f7df556f73d164bd3c47a"},"headline":"Loreen desata la Euphoria en el Pride de Barcelona","datePublished":"2018-06-30T13:01:30+00:00","dateModified":"2018-06-30T13:03:43+00:00","mainEntityOfPage":{"@id":"https:\/\/www.vivaeurovision.com\/index.php\/2018\/06\/30\/7808-loreen-pride-barcelona\/"},"wordCount":232,"commentCount":0,"publisher":{"@id":"https:\/\/www.vivaeurovision.com\/#organization"},"image":{"@id":"https:\/\/www.vivaeurovision.com\/index.php\/2018\/06\/30\/7808-loreen-pride-barcelona\/#primaryimage"},"thumbnailUrl":"https:\/\/www.vivaeurovision.com\/wp-content\/uploads\/2018\/06\/D14C5C7B-CAD3-43C7-AF41-0AAFE9F538AC.jpeg","keywords":["all my loving","Entrevista","entrevista loreen","ESC","euphoria","Eurovision","eurovision 2012","eurovision song contest","eurovision song contest festival","Festival de Eurovisi\u00f3n","loree pride 2018","Loreen","Loreen Euphoria","loreen eurovision","loreen interview","loreen pride","loreen pride barcelona","loreen pride barcelona 2018","loreen pride bcn","loreen pride bcn 2018","Noticia","Pedro Palomo","Pedro Palomo Eurovision","Pedro Palomo Vivaeurovision","pride barcelona","Pride Barcelona 2018","pride bcn","pride bcn 2018","viva eurovision","vivaeurovision"],"articleSection":["Entrevistas","eurovision","Inicio","Noticia","Noticias","Rinc\u00f3n VIVALAMUSICA","Ultima Hora"],"inLanguage":"es","potentialAction":[{"@type":"CommentAction","name":"Comment","target":["https:\/\/www.vivaeurovision.com\/index.php\/2018\/06\/30\/7808-loreen-pride-barcelona\/#respond"]}]},{"@type":"WebPage","@id":"https:\/\/www.vivaeurovision.com\/index.php\/2018\/06\/30\/7808-loreen-pride-barcelona\/","url":"https:\/\/www.vivaeurovision.com\/index.php\/2018\/06\/30\/7808-loreen-pride-barcelona\/","name":"Loreen desata la Euphoria en el Pride de Barcelona - VIVAEUROVISION viva eurovision","isPartOf":{"@id":"https:\/\/www.vivaeurovision.com\/#website"},"primaryImageOfPage":{"@id":"https:\/\/www.vivaeurovision.com\/index.php\/2018\/06\/30\/7808-loreen-pride-barcelona\/#primaryimage"},"image":{"@id":"https:\/\/www.vivaeurovision.com\/index.php\/2018\/06\/30\/7808-loreen-pride-barcelona\/#primaryimage"},"thumbnailUrl":"https:\/\/www.vivaeurovision.com\/wp-content\/uploads\/2018\/06\/D14C5C7B-CAD3-43C7-AF41-0AAFE9F538AC.jpeg","datePublished":"2018-06-30T13:01:30+00:00","dateModified":"2018-06-30T13:03:43+00:00","description":"loreen pride, loreen, loreen pride barcelona, pride 2018, loreen eurovision, loreen euphoria, vivaeurovision, viva eurovision, eurovisi\u00f3n, pride barcelona","breadcrumb":{"@id":"https:\/\/www.vivaeurovision.com\/index.php\/2018\/06\/30\/7808-loreen-pride-barcelona\/#breadcrumb"},"inLanguage":"es","potentialAction":[{"@type":"ReadAction","target":["https:\/\/www.vivaeurovision.com\/index.php\/2018\/06\/30\/7808-loreen-pride-barcelona\/"]}]},{"@type":"ImageObject","inLanguage":"es","@id":"https:\/\/www.vivaeurovision.com\/index.php\/2018\/06\/30\/7808-loreen-pride-barcelona\/#primaryimage","url":"https:\/\/www.vivaeurovision.com\/wp-content\/uploads\/2018\/06\/D14C5C7B-CAD3-43C7-AF41-0AAFE9F538AC.jpeg","contentUrl":"https:\/\/www.vivaeurovision.com\/wp-content\/uploads\/2018\/06\/D14C5C7B-CAD3-43C7-AF41-0AAFE9F538AC.jpeg","width":1600,"height":974,"caption":"loreen pride"},{"@type":"BreadcrumbList","@id":"https:\/\/www.vivaeurovision.com\/index.php\/2018\/06\/30\/7808-loreen-pride-barcelona\/#breadcrumb","itemListElement":[{"@type":"ListItem","position":1,"name":"Portada","item":"https:\/\/www.vivaeurovision.com\/"},{"@type":"ListItem","position":2,"name":"Loreen desata la Euphoria en el Pride de Barcelona"}]},{"@type":"WebSite","@id":"https:\/\/www.vivaeurovision.com\/#website","url":"https:\/\/www.vivaeurovision.com\/","name":"VIVAEUROVISION viva eurovision","description":"Tu portal sobre el Festival de Eurovision, eurovision, eurovisi\u00f3n","publisher":{"@id":"https:\/\/www.vivaeurovision.com\/#organization"},"potentialAction":[{"@type":"SearchAction","target":{"@type":"EntryPoint","urlTemplate":"https:\/\/www.vivaeurovision.com\/?s={search_term_string}"},"query-input":{"@type":"PropertyValueSpecification","valueRequired":true,"valueName":"search_term_string"}}],"inLanguage":"es"},{"@type":"Organization","@id":"https:\/\/www.vivaeurovision.com\/#organization","name":"vivaeurovision","url":"https:\/\/www.vivaeurovision.com\/","logo":{"@type":"ImageObject","inLanguage":"es","@id":"https:\/\/www.vivaeurovision.com\/#\/schema\/logo\/image\/","url":"https:\/\/www.vivaeurovision.com\/wp-content\/uploads\/2016\/01\/cropped-image-21-1.jpeg","contentUrl":"https:\/\/www.vivaeurovision.com\/wp-content\/uploads\/2016\/01\/cropped-image-21-1.jpeg","width":669,"height":368,"caption":"vivaeurovision"},"image":{"@id":"https:\/\/www.vivaeurovision.com\/#\/schema\/logo\/image\/"}},{"@type":"Person","@id":"https:\/\/www.vivaeurovision.com\/#\/schema\/person\/1d31fdaa3f5f7df556f73d164bd3c47a","name":"Pedro Palomo","image":{"@type":"ImageObject","inLanguage":"es","@id":"https:\/\/secure.gravatar.com\/avatar\/4cf9a4877f5f71f44fb7cedbe1bac1bd28bd8ce7a217517d98d5b2117f9f5505?s=96&d=mm&r=g","url":"https:\/\/secure.gravatar.com\/avatar\/4cf9a4877f5f71f44fb7cedbe1bac1bd28bd8ce7a217517d98d5b2117f9f5505?s=96&d=mm&r=g","contentUrl":"https:\/\/secure.gravatar.com\/avatar\/4cf9a4877f5f71f44fb7cedbe1bac1bd28bd8ce7a217517d98d5b2117f9f5505?s=96&d=mm&r=g","caption":"Pedro Palomo"},"sameAs":["http:\/\/www.vivaeurovision.com","@pedrobcn","https:\/\/x.com\/@pedropalomobcn"]}]}},"_links":{"self":[{"href":"https:\/\/www.vivaeurovision.com\/index.php\/wp-json\/wp\/v2\/posts\/7808","targetHints":{"allow":["GET"]}}],"collection":[{"href":"https:\/\/www.vivaeurovision.com\/index.php\/wp-json\/wp\/v2\/posts"}],"about":[{"href":"https:\/\/www.vivaeurovision.com\/index.php\/wp-json\/wp\/v2\/types\/post"}],"author":[{"embeddable":true,"href":"https:\/\/www.vivaeurovision.com\/index.php\/wp-json\/wp\/v2\/users\/1"}],"replies":[{"embeddable":true,"href":"https:\/\/www.vivaeurovision.com\/index.php\/wp-json\/wp\/v2\/comments?post=7808"}],"version-history":[{"count":11,"href":"https:\/\/www.vivaeurovision.com\/index.php\/wp-json\/wp\/v2\/posts\/7808\/revisions"}],"predecessor-version":[{"id":7857,"href":"https:\/\/www.vivaeurovision.com\/index.php\/wp-json\/wp\/v2\/posts\/7808\/revisions\/7857"}],"wp:featuredmedia":[{"embeddable":true,"href":"https:\/\/www.vivaeurovision.com\/index.php\/wp-json\/wp\/v2\/media\/7846"}],"wp:attachment":[{"href":"https:\/\/www.vivaeurovision.com\/index.php\/wp-json\/wp\/v2\/media?parent=7808"}],"wp:term":[{"taxonomy":"category","embeddable":true,"href":"https:\/\/www.vivaeurovision.com\/index.php\/wp-json\/wp\/v2\/categories?post=7808"},{"taxonomy":"post_tag","embeddable":true,"href":"https:\/\/www.vivaeurovision.com\/index.php\/wp-json\/wp\/v2\/tags?post=7808"}],"curies":[{"name":"wp","href":"https:\/\/api.w.org\/{rel}","templated":true}]}}