{"id":7902,"date":"2018-08-13T17:18:23","date_gmt":"2018-08-13T17:18:23","guid":{"rendered":"http:\/\/www.vivaeurovision.com\/?p=7902"},"modified":"2018-08-13T17:20:51","modified_gmt":"2018-08-13T17:20:51","slug":"7902-eurovision-2019","status":"publish","type":"post","link":"https:\/\/www.vivaeurovision.com\/index.php\/2018\/08\/13\/7902-eurovision-2019\/","title":{"rendered":"Austria como sede de Eurovisi\u00f3n 2019 un rumor que cobra fuerza"},"content":{"rendered":"<h2>Austria como sede de Eurovisi\u00f3n 2019 un rumor que cobra fuerza<\/h2>\n<p><img loading=\"lazy\" decoding=\"async\" class=\"alignnone size-medium wp-image-7374\" src=\"http:\/\/www.vivaeurovision.com\/wp-content\/uploads\/2018\/04\/62078D6E-70D7-4D53-B599-0860D883C0C9-300x200.jpeg\" alt=\"eurovision\" width=\"300\" height=\"200\" srcset=\"https:\/\/www.vivaeurovision.com\/wp-content\/uploads\/2018\/04\/62078D6E-70D7-4D53-B599-0860D883C0C9-300x200.jpeg 300w, https:\/\/www.vivaeurovision.com\/wp-content\/uploads\/2018\/04\/62078D6E-70D7-4D53-B599-0860D883C0C9-700x466.jpeg 700w, https:\/\/www.vivaeurovision.com\/wp-content\/uploads\/2018\/04\/62078D6E-70D7-4D53-B599-0860D883C0C9.jpeg 1280w\" sizes=\"auto, (max-width: 300px) 100vw, 300px\" \/><\/p>\n<p>Los descuaerdos financieros entre la KAN y el gobierno israel\u00ed hacen peligrar que se celebre el Festival de Eurovisi\u00f3n 2019 en Israel tras la victoria de Netta Barzilai con la canci\u00f3n Toy en Eurovisi\u00f3n 2018.<\/p>\n<p>Segun varios medios locales israel\u00edes el ministro de finanzas de Israel insiste en que la KAN ha de hacerse cargo de los 12 millones de euros que se tendr\u00edan que haber depositado antes del 1 de agosto y la UER ha ampliado su fecha hasta el 14 de agosto de 2018. En una declaraciones del director de la KAN al portal YNET ha dejado claro que est\u00e1n trabajando sin recibir respuesta del gobierno.<\/p>\n<p>Algunos medios digitales se\u00f1alan con fuerza el rumor de hace unas semanas de Austria como sede del Festival de Eurovisi\u00f3n 2019, Tercer clasificado en Lisboa y repetir\u00eda como anfriti\u00f3n cuatro a\u00f1os despu\u00e9s tras la victoria de Conchita Wurts en 2014 que hizo que se celebrar\u00e1 en Viena 2015.<\/p>\n<p>En 1980 sucedi\u00f3 lo mismo cuando Israel ten\u00eda que organizar el Festival que finalmente se celebr\u00f3 en los Pa\u00edses Bajos.<\/p>\n<p>&nbsp;<\/p>\n<p>Fuente: YNET<\/p>\n<p><img loading=\"lazy\" decoding=\"async\" class=\"alignnone size-medium wp-image-311\" src=\"http:\/\/www.vivaeurovision.com\/wp-content\/uploads\/2016\/01\/image-21-300x165.jpeg\" alt=\"VIVAEUROVISION.COM\" width=\"300\" height=\"165\" srcset=\"https:\/\/www.vivaeurovision.com\/wp-content\/uploads\/2016\/01\/image-21-300x165.jpeg 300w, https:\/\/www.vivaeurovision.com\/wp-content\/uploads\/2016\/01\/image-21-555x305.jpeg 555w, https:\/\/www.vivaeurovision.com\/wp-content\/uploads\/2016\/01\/image-21.jpeg 669w\" sizes=\"auto, (max-width: 300px) 100vw, 300px\" \/><\/p>\n<p>Twitter\u00a0<strong> <a href=\"https:\/\/twitter.com\/viva_eurovision\" target=\"_blank\" rel=\"noopener noreferrer\">@viva_eurovision<\/a>\u00a0 <a href=\"https:\/\/www.facebook.com\/Vivaeurovisioncom-867806686671081\/?fref=nf\" target=\"_blank\" rel=\"noopener noreferrer\">FACEBOOK OFICIAL VIVA EUROVISION <\/a><\/strong>Instragram <strong>\u00a0<\/strong><a href=\"https:\/\/www.instagram.com\/vivaeurovision\/\" target=\"_blank\" rel=\"noopener noreferrer\"><strong>@vivaeurovision<\/strong><\/a><\/p>\n<p>Redactor: Pedro Palomo <a href=\"https:\/\/twitter.com\/pedropalomobcn?lang=es\"><strong>@pedropalomobcn<\/strong><\/a><strong>\u00a0<\/strong>Instagram <a href=\"https:\/\/www.instagram.com\/pedrobcn\/\" target=\"_blank\" rel=\"noopener noreferrer\"><strong>@pedrobcn<\/strong><\/a><\/p>\n","protected":false},"excerpt":{"rendered":"<p>Austria como sede de Eurovisi\u00f3n 2019 un rumor que cobra fuerza Los descuaerdos financieros entre la KAN y el gobierno israel\u00ed hacen peligrar que se celebre el Festival de Eurovisi\u00f3n&#46;&#46;&#46;<\/p>\n","protected":false},"author":1,"featured_media":7374,"comment_status":"open","ping_status":"closed","sticky":false,"template":"","format":"standard","meta":{"_exactmetrics_skip_tracking":false,"_exactmetrics_sitenote_active":false,"_exactmetrics_sitenote_note":"","_exactmetrics_sitenote_category":0,"footnotes":""},"categories":[1195,3086,4,1188,2,3],"tags":[17,3082,11,2870,3193,3097,1476,706,1096,34,19,20,766,23,22],"class_list":["post-7902","post","type-post","status-publish","format-standard","has-post-thumbnail","hentry","category-eurovision-2","category-eurovision-2019","category-eurovision","category-noticia-2","category-noticia","category-ultima-hora","tag-esc","tag-esc-2019","tag-eurovision","tag-eurovision-2019","tag-eurovision-austria-2019","tag-eurovision-israel-2019","tag-eurovision-song-contest","tag-eurovision-song-contest-festival","tag-festival-de-eurovision","tag-noticia","tag-pedro-palomo","tag-pedro-palomo-eurovision","tag-pedro-palomo-vivaeurovision","tag-viva-eurovision","tag-vivaeurovision"],"yoast_head":"<!-- This site is optimized with the Yoast SEO plugin v27.4 - https:\/\/yoast.com\/product\/yoast-seo-wordpress\/ -->\n<title>Austria como sede de Eurovisi\u00f3n 2019 un rumor que cobra fuerza - VIVAEUROVISION viva eurovision<\/title>\n<meta name=\"description\" content=\"eurovision, Eurovisi\u00f3n, eurovision 2019, eurovision israel 2019, Festival de Eurovisi\u00f3n, esc 2019, vivaeurovision, viva eurovisi\u00f3n\" \/>\n<meta name=\"robots\" content=\"index, follow, max-snippet:-1, max-image-preview:large, max-video-preview:-1\" \/>\n<link rel=\"canonical\" href=\"https:\/\/www.vivaeurovision.com\/index.php\/2018\/08\/13\/7902-eurovision-2019\/\" \/>\n<meta property=\"og:locale\" content=\"es_ES\" \/>\n<meta property=\"og:type\" content=\"article\" \/>\n<meta property=\"og:title\" content=\"Austria como sede de Eurovisi\u00f3n 2019 un rumor que cobra fuerza - VIVAEUROVISION viva eurovision\" \/>\n<meta property=\"og:description\" content=\"eurovision, Eurovisi\u00f3n, eurovision 2019, eurovision israel 2019, Festival de Eurovisi\u00f3n, esc 2019, vivaeurovision, viva eurovisi\u00f3n\" \/>\n<meta property=\"og:url\" content=\"https:\/\/www.vivaeurovision.com\/index.php\/2018\/08\/13\/7902-eurovision-2019\/\" \/>\n<meta property=\"og:site_name\" content=\"VIVAEUROVISION viva eurovision\" \/>\n<meta property=\"article:published_time\" content=\"2018-08-13T17:18:23+00:00\" \/>\n<meta property=\"article:modified_time\" content=\"2018-08-13T17:20:51+00:00\" \/>\n<meta property=\"og:image\" content=\"https:\/\/www.vivaeurovision.com\/wp-content\/uploads\/2018\/04\/62078D6E-70D7-4D53-B599-0860D883C0C9.jpeg\" \/>\n\t<meta property=\"og:image:width\" content=\"1280\" \/>\n\t<meta property=\"og:image:height\" content=\"853\" \/>\n\t<meta property=\"og:image:type\" content=\"image\/jpeg\" \/>\n<meta name=\"author\" content=\"Pedro Palomo\" \/>\n<meta name=\"twitter:card\" content=\"summary_large_image\" \/>\n<meta name=\"twitter:creator\" content=\"@pedropalomobcn\" \/>\n<meta name=\"twitter:label1\" content=\"Escrito por\" \/>\n\t<meta name=\"twitter:data1\" content=\"Pedro Palomo\" \/>\n\t<meta name=\"twitter:label2\" content=\"Tiempo de lectura\" \/>\n\t<meta name=\"twitter:data2\" content=\"1 minuto\" \/>\n<script type=\"application\/ld+json\" class=\"yoast-schema-graph\">{\"@context\":\"https:\\\/\\\/schema.org\",\"@graph\":[{\"@type\":\"Article\",\"@id\":\"https:\\\/\\\/www.vivaeurovision.com\\\/index.php\\\/2018\\\/08\\\/13\\\/7902-eurovision-2019\\\/#article\",\"isPartOf\":{\"@id\":\"https:\\\/\\\/www.vivaeurovision.com\\\/index.php\\\/2018\\\/08\\\/13\\\/7902-eurovision-2019\\\/\"},\"author\":{\"name\":\"Pedro Palomo\",\"@id\":\"https:\\\/\\\/www.vivaeurovision.com\\\/#\\\/schema\\\/person\\\/1d31fdaa3f5f7df556f73d164bd3c47a\"},\"headline\":\"Austria como sede de Eurovisi\u00f3n 2019 un rumor que cobra fuerza\",\"datePublished\":\"2018-08-13T17:18:23+00:00\",\"dateModified\":\"2018-08-13T17:20:51+00:00\",\"mainEntityOfPage\":{\"@id\":\"https:\\\/\\\/www.vivaeurovision.com\\\/index.php\\\/2018\\\/08\\\/13\\\/7902-eurovision-2019\\\/\"},\"wordCount\":220,\"commentCount\":0,\"publisher\":{\"@id\":\"https:\\\/\\\/www.vivaeurovision.com\\\/#organization\"},\"image\":{\"@id\":\"https:\\\/\\\/www.vivaeurovision.com\\\/index.php\\\/2018\\\/08\\\/13\\\/7902-eurovision-2019\\\/#primaryimage\"},\"thumbnailUrl\":\"https:\\\/\\\/www.vivaeurovision.com\\\/wp-content\\\/uploads\\\/2018\\\/04\\\/62078D6E-70D7-4D53-B599-0860D883C0C9.jpeg\",\"keywords\":[\"ESC\",\"esc 2019\",\"Eurovision\",\"eurovision 2019\",\"eurovision austria 2019\",\"eurovision israel 2019\",\"eurovision song contest\",\"eurovision song contest festival\",\"Festival de Eurovisi\u00f3n\",\"Noticia\",\"Pedro Palomo\",\"Pedro Palomo Eurovision\",\"Pedro Palomo Vivaeurovision\",\"viva eurovision\",\"vivaeurovision\"],\"articleSection\":[\"eurovision\",\"eurovision 2019\",\"Inicio\",\"Noticia\",\"Noticias\",\"Ultima Hora\"],\"inLanguage\":\"es\",\"potentialAction\":[{\"@type\":\"CommentAction\",\"name\":\"Comment\",\"target\":[\"https:\\\/\\\/www.vivaeurovision.com\\\/index.php\\\/2018\\\/08\\\/13\\\/7902-eurovision-2019\\\/#respond\"]}]},{\"@type\":\"WebPage\",\"@id\":\"https:\\\/\\\/www.vivaeurovision.com\\\/index.php\\\/2018\\\/08\\\/13\\\/7902-eurovision-2019\\\/\",\"url\":\"https:\\\/\\\/www.vivaeurovision.com\\\/index.php\\\/2018\\\/08\\\/13\\\/7902-eurovision-2019\\\/\",\"name\":\"Austria como sede de Eurovisi\u00f3n 2019 un rumor que cobra fuerza - VIVAEUROVISION viva eurovision\",\"isPartOf\":{\"@id\":\"https:\\\/\\\/www.vivaeurovision.com\\\/#website\"},\"primaryImageOfPage\":{\"@id\":\"https:\\\/\\\/www.vivaeurovision.com\\\/index.php\\\/2018\\\/08\\\/13\\\/7902-eurovision-2019\\\/#primaryimage\"},\"image\":{\"@id\":\"https:\\\/\\\/www.vivaeurovision.com\\\/index.php\\\/2018\\\/08\\\/13\\\/7902-eurovision-2019\\\/#primaryimage\"},\"thumbnailUrl\":\"https:\\\/\\\/www.vivaeurovision.com\\\/wp-content\\\/uploads\\\/2018\\\/04\\\/62078D6E-70D7-4D53-B599-0860D883C0C9.jpeg\",\"datePublished\":\"2018-08-13T17:18:23+00:00\",\"dateModified\":\"2018-08-13T17:20:51+00:00\",\"description\":\"eurovision, Eurovisi\u00f3n, eurovision 2019, eurovision israel 2019, Festival de Eurovisi\u00f3n, esc 2019, vivaeurovision, viva eurovisi\u00f3n\",\"breadcrumb\":{\"@id\":\"https:\\\/\\\/www.vivaeurovision.com\\\/index.php\\\/2018\\\/08\\\/13\\\/7902-eurovision-2019\\\/#breadcrumb\"},\"inLanguage\":\"es\",\"potentialAction\":[{\"@type\":\"ReadAction\",\"target\":[\"https:\\\/\\\/www.vivaeurovision.com\\\/index.php\\\/2018\\\/08\\\/13\\\/7902-eurovision-2019\\\/\"]}]},{\"@type\":\"ImageObject\",\"inLanguage\":\"es\",\"@id\":\"https:\\\/\\\/www.vivaeurovision.com\\\/index.php\\\/2018\\\/08\\\/13\\\/7902-eurovision-2019\\\/#primaryimage\",\"url\":\"https:\\\/\\\/www.vivaeurovision.com\\\/wp-content\\\/uploads\\\/2018\\\/04\\\/62078D6E-70D7-4D53-B599-0860D883C0C9.jpeg\",\"contentUrl\":\"https:\\\/\\\/www.vivaeurovision.com\\\/wp-content\\\/uploads\\\/2018\\\/04\\\/62078D6E-70D7-4D53-B599-0860D883C0C9.jpeg\",\"width\":1280,\"height\":853,\"caption\":\"eurovision\"},{\"@type\":\"BreadcrumbList\",\"@id\":\"https:\\\/\\\/www.vivaeurovision.com\\\/index.php\\\/2018\\\/08\\\/13\\\/7902-eurovision-2019\\\/#breadcrumb\",\"itemListElement\":[{\"@type\":\"ListItem\",\"position\":1,\"name\":\"Portada\",\"item\":\"https:\\\/\\\/www.vivaeurovision.com\\\/\"},{\"@type\":\"ListItem\",\"position\":2,\"name\":\"Austria como sede de Eurovisi\u00f3n 2019 un rumor que cobra fuerza\"}]},{\"@type\":\"WebSite\",\"@id\":\"https:\\\/\\\/www.vivaeurovision.com\\\/#website\",\"url\":\"https:\\\/\\\/www.vivaeurovision.com\\\/\",\"name\":\"VIVAEUROVISION viva eurovision\",\"description\":\"Tu portal sobre el Festival de Eurovision, eurovision, eurovisi\u00f3n\",\"publisher\":{\"@id\":\"https:\\\/\\\/www.vivaeurovision.com\\\/#organization\"},\"potentialAction\":[{\"@type\":\"SearchAction\",\"target\":{\"@type\":\"EntryPoint\",\"urlTemplate\":\"https:\\\/\\\/www.vivaeurovision.com\\\/?s={search_term_string}\"},\"query-input\":{\"@type\":\"PropertyValueSpecification\",\"valueRequired\":true,\"valueName\":\"search_term_string\"}}],\"inLanguage\":\"es\"},{\"@type\":\"Organization\",\"@id\":\"https:\\\/\\\/www.vivaeurovision.com\\\/#organization\",\"name\":\"vivaeurovision\",\"url\":\"https:\\\/\\\/www.vivaeurovision.com\\\/\",\"logo\":{\"@type\":\"ImageObject\",\"inLanguage\":\"es\",\"@id\":\"https:\\\/\\\/www.vivaeurovision.com\\\/#\\\/schema\\\/logo\\\/image\\\/\",\"url\":\"https:\\\/\\\/www.vivaeurovision.com\\\/wp-content\\\/uploads\\\/2016\\\/01\\\/cropped-image-21-1.jpeg\",\"contentUrl\":\"https:\\\/\\\/www.vivaeurovision.com\\\/wp-content\\\/uploads\\\/2016\\\/01\\\/cropped-image-21-1.jpeg\",\"width\":669,\"height\":368,\"caption\":\"vivaeurovision\"},\"image\":{\"@id\":\"https:\\\/\\\/www.vivaeurovision.com\\\/#\\\/schema\\\/logo\\\/image\\\/\"}},{\"@type\":\"Person\",\"@id\":\"https:\\\/\\\/www.vivaeurovision.com\\\/#\\\/schema\\\/person\\\/1d31fdaa3f5f7df556f73d164bd3c47a\",\"name\":\"Pedro Palomo\",\"image\":{\"@type\":\"ImageObject\",\"inLanguage\":\"es\",\"@id\":\"https:\\\/\\\/secure.gravatar.com\\\/avatar\\\/4cf9a4877f5f71f44fb7cedbe1bac1bd28bd8ce7a217517d98d5b2117f9f5505?s=96&d=mm&r=g\",\"url\":\"https:\\\/\\\/secure.gravatar.com\\\/avatar\\\/4cf9a4877f5f71f44fb7cedbe1bac1bd28bd8ce7a217517d98d5b2117f9f5505?s=96&d=mm&r=g\",\"contentUrl\":\"https:\\\/\\\/secure.gravatar.com\\\/avatar\\\/4cf9a4877f5f71f44fb7cedbe1bac1bd28bd8ce7a217517d98d5b2117f9f5505?s=96&d=mm&r=g\",\"caption\":\"Pedro Palomo\"},\"sameAs\":[\"http:\\\/\\\/www.vivaeurovision.com\",\"@pedrobcn\",\"https:\\\/\\\/x.com\\\/@pedropalomobcn\"]}]}<\/script>\n<!-- \/ Yoast SEO plugin. -->","yoast_head_json":{"title":"Austria como sede de Eurovisi\u00f3n 2019 un rumor que cobra fuerza - VIVAEUROVISION viva eurovision","description":"eurovision, Eurovisi\u00f3n, eurovision 2019, eurovision israel 2019, Festival de Eurovisi\u00f3n, esc 2019, vivaeurovision, viva eurovisi\u00f3n","robots":{"index":"index","follow":"follow","max-snippet":"max-snippet:-1","max-image-preview":"max-image-preview:large","max-video-preview":"max-video-preview:-1"},"canonical":"https:\/\/www.vivaeurovision.com\/index.php\/2018\/08\/13\/7902-eurovision-2019\/","og_locale":"es_ES","og_type":"article","og_title":"Austria como sede de Eurovisi\u00f3n 2019 un rumor que cobra fuerza - VIVAEUROVISION viva eurovision","og_description":"eurovision, Eurovisi\u00f3n, eurovision 2019, eurovision israel 2019, Festival de Eurovisi\u00f3n, esc 2019, vivaeurovision, viva eurovisi\u00f3n","og_url":"https:\/\/www.vivaeurovision.com\/index.php\/2018\/08\/13\/7902-eurovision-2019\/","og_site_name":"VIVAEUROVISION viva eurovision","article_published_time":"2018-08-13T17:18:23+00:00","article_modified_time":"2018-08-13T17:20:51+00:00","og_image":[{"width":1280,"height":853,"url":"https:\/\/www.vivaeurovision.com\/wp-content\/uploads\/2018\/04\/62078D6E-70D7-4D53-B599-0860D883C0C9.jpeg","type":"image\/jpeg"}],"author":"Pedro Palomo","twitter_card":"summary_large_image","twitter_creator":"@pedropalomobcn","twitter_misc":{"Escrito por":"Pedro Palomo","Tiempo de lectura":"1 minuto"},"schema":{"@context":"https:\/\/schema.org","@graph":[{"@type":"Article","@id":"https:\/\/www.vivaeurovision.com\/index.php\/2018\/08\/13\/7902-eurovision-2019\/#article","isPartOf":{"@id":"https:\/\/www.vivaeurovision.com\/index.php\/2018\/08\/13\/7902-eurovision-2019\/"},"author":{"name":"Pedro Palomo","@id":"https:\/\/www.vivaeurovision.com\/#\/schema\/person\/1d31fdaa3f5f7df556f73d164bd3c47a"},"headline":"Austria como sede de Eurovisi\u00f3n 2019 un rumor que cobra fuerza","datePublished":"2018-08-13T17:18:23+00:00","dateModified":"2018-08-13T17:20:51+00:00","mainEntityOfPage":{"@id":"https:\/\/www.vivaeurovision.com\/index.php\/2018\/08\/13\/7902-eurovision-2019\/"},"wordCount":220,"commentCount":0,"publisher":{"@id":"https:\/\/www.vivaeurovision.com\/#organization"},"image":{"@id":"https:\/\/www.vivaeurovision.com\/index.php\/2018\/08\/13\/7902-eurovision-2019\/#primaryimage"},"thumbnailUrl":"https:\/\/www.vivaeurovision.com\/wp-content\/uploads\/2018\/04\/62078D6E-70D7-4D53-B599-0860D883C0C9.jpeg","keywords":["ESC","esc 2019","Eurovision","eurovision 2019","eurovision austria 2019","eurovision israel 2019","eurovision song contest","eurovision song contest festival","Festival de Eurovisi\u00f3n","Noticia","Pedro Palomo","Pedro Palomo Eurovision","Pedro Palomo Vivaeurovision","viva eurovision","vivaeurovision"],"articleSection":["eurovision","eurovision 2019","Inicio","Noticia","Noticias","Ultima Hora"],"inLanguage":"es","potentialAction":[{"@type":"CommentAction","name":"Comment","target":["https:\/\/www.vivaeurovision.com\/index.php\/2018\/08\/13\/7902-eurovision-2019\/#respond"]}]},{"@type":"WebPage","@id":"https:\/\/www.vivaeurovision.com\/index.php\/2018\/08\/13\/7902-eurovision-2019\/","url":"https:\/\/www.vivaeurovision.com\/index.php\/2018\/08\/13\/7902-eurovision-2019\/","name":"Austria como sede de Eurovisi\u00f3n 2019 un rumor que cobra fuerza - VIVAEUROVISION viva eurovision","isPartOf":{"@id":"https:\/\/www.vivaeurovision.com\/#website"},"primaryImageOfPage":{"@id":"https:\/\/www.vivaeurovision.com\/index.php\/2018\/08\/13\/7902-eurovision-2019\/#primaryimage"},"image":{"@id":"https:\/\/www.vivaeurovision.com\/index.php\/2018\/08\/13\/7902-eurovision-2019\/#primaryimage"},"thumbnailUrl":"https:\/\/www.vivaeurovision.com\/wp-content\/uploads\/2018\/04\/62078D6E-70D7-4D53-B599-0860D883C0C9.jpeg","datePublished":"2018-08-13T17:18:23+00:00","dateModified":"2018-08-13T17:20:51+00:00","description":"eurovision, Eurovisi\u00f3n, eurovision 2019, eurovision israel 2019, Festival de Eurovisi\u00f3n, esc 2019, vivaeurovision, viva eurovisi\u00f3n","breadcrumb":{"@id":"https:\/\/www.vivaeurovision.com\/index.php\/2018\/08\/13\/7902-eurovision-2019\/#breadcrumb"},"inLanguage":"es","potentialAction":[{"@type":"ReadAction","target":["https:\/\/www.vivaeurovision.com\/index.php\/2018\/08\/13\/7902-eurovision-2019\/"]}]},{"@type":"ImageObject","inLanguage":"es","@id":"https:\/\/www.vivaeurovision.com\/index.php\/2018\/08\/13\/7902-eurovision-2019\/#primaryimage","url":"https:\/\/www.vivaeurovision.com\/wp-content\/uploads\/2018\/04\/62078D6E-70D7-4D53-B599-0860D883C0C9.jpeg","contentUrl":"https:\/\/www.vivaeurovision.com\/wp-content\/uploads\/2018\/04\/62078D6E-70D7-4D53-B599-0860D883C0C9.jpeg","width":1280,"height":853,"caption":"eurovision"},{"@type":"BreadcrumbList","@id":"https:\/\/www.vivaeurovision.com\/index.php\/2018\/08\/13\/7902-eurovision-2019\/#breadcrumb","itemListElement":[{"@type":"ListItem","position":1,"name":"Portada","item":"https:\/\/www.vivaeurovision.com\/"},{"@type":"ListItem","position":2,"name":"Austria como sede de Eurovisi\u00f3n 2019 un rumor que cobra fuerza"}]},{"@type":"WebSite","@id":"https:\/\/www.vivaeurovision.com\/#website","url":"https:\/\/www.vivaeurovision.com\/","name":"VIVAEUROVISION viva eurovision","description":"Tu portal sobre el Festival de Eurovision, eurovision, eurovisi\u00f3n","publisher":{"@id":"https:\/\/www.vivaeurovision.com\/#organization"},"potentialAction":[{"@type":"SearchAction","target":{"@type":"EntryPoint","urlTemplate":"https:\/\/www.vivaeurovision.com\/?s={search_term_string}"},"query-input":{"@type":"PropertyValueSpecification","valueRequired":true,"valueName":"search_term_string"}}],"inLanguage":"es"},{"@type":"Organization","@id":"https:\/\/www.vivaeurovision.com\/#organization","name":"vivaeurovision","url":"https:\/\/www.vivaeurovision.com\/","logo":{"@type":"ImageObject","inLanguage":"es","@id":"https:\/\/www.vivaeurovision.com\/#\/schema\/logo\/image\/","url":"https:\/\/www.vivaeurovision.com\/wp-content\/uploads\/2016\/01\/cropped-image-21-1.jpeg","contentUrl":"https:\/\/www.vivaeurovision.com\/wp-content\/uploads\/2016\/01\/cropped-image-21-1.jpeg","width":669,"height":368,"caption":"vivaeurovision"},"image":{"@id":"https:\/\/www.vivaeurovision.com\/#\/schema\/logo\/image\/"}},{"@type":"Person","@id":"https:\/\/www.vivaeurovision.com\/#\/schema\/person\/1d31fdaa3f5f7df556f73d164bd3c47a","name":"Pedro Palomo","image":{"@type":"ImageObject","inLanguage":"es","@id":"https:\/\/secure.gravatar.com\/avatar\/4cf9a4877f5f71f44fb7cedbe1bac1bd28bd8ce7a217517d98d5b2117f9f5505?s=96&d=mm&r=g","url":"https:\/\/secure.gravatar.com\/avatar\/4cf9a4877f5f71f44fb7cedbe1bac1bd28bd8ce7a217517d98d5b2117f9f5505?s=96&d=mm&r=g","contentUrl":"https:\/\/secure.gravatar.com\/avatar\/4cf9a4877f5f71f44fb7cedbe1bac1bd28bd8ce7a217517d98d5b2117f9f5505?s=96&d=mm&r=g","caption":"Pedro Palomo"},"sameAs":["http:\/\/www.vivaeurovision.com","@pedrobcn","https:\/\/x.com\/@pedropalomobcn"]}]}},"_links":{"self":[{"href":"https:\/\/www.vivaeurovision.com\/index.php\/wp-json\/wp\/v2\/posts\/7902","targetHints":{"allow":["GET"]}}],"collection":[{"href":"https:\/\/www.vivaeurovision.com\/index.php\/wp-json\/wp\/v2\/posts"}],"about":[{"href":"https:\/\/www.vivaeurovision.com\/index.php\/wp-json\/wp\/v2\/types\/post"}],"author":[{"embeddable":true,"href":"https:\/\/www.vivaeurovision.com\/index.php\/wp-json\/wp\/v2\/users\/1"}],"replies":[{"embeddable":true,"href":"https:\/\/www.vivaeurovision.com\/index.php\/wp-json\/wp\/v2\/comments?post=7902"}],"version-history":[{"count":3,"href":"https:\/\/www.vivaeurovision.com\/index.php\/wp-json\/wp\/v2\/posts\/7902\/revisions"}],"predecessor-version":[{"id":7929,"href":"https:\/\/www.vivaeurovision.com\/index.php\/wp-json\/wp\/v2\/posts\/7902\/revisions\/7929"}],"wp:featuredmedia":[{"embeddable":true,"href":"https:\/\/www.vivaeurovision.com\/index.php\/wp-json\/wp\/v2\/media\/7374"}],"wp:attachment":[{"href":"https:\/\/www.vivaeurovision.com\/index.php\/wp-json\/wp\/v2\/media?parent=7902"}],"wp:term":[{"taxonomy":"category","embeddable":true,"href":"https:\/\/www.vivaeurovision.com\/index.php\/wp-json\/wp\/v2\/categories?post=7902"},{"taxonomy":"post_tag","embeddable":true,"href":"https:\/\/www.vivaeurovision.com\/index.php\/wp-json\/wp\/v2\/tags?post=7902"}],"curies":[{"name":"wp","href":"https:\/\/api.w.org\/{rel}","templated":true}]}}