{"id":8200,"date":"2018-10-30T22:53:42","date_gmt":"2018-10-30T22:53:42","guid":{"rendered":"http:\/\/www.vivaeurovision.com\/?p=8200"},"modified":"2018-10-30T22:53:42","modified_gmt":"2018-10-30T22:53:42","slug":"8200-ot-2018","status":"publish","type":"post","link":"https:\/\/www.vivaeurovision.com\/index.php\/2018\/10\/30\/8200-ot-2018\/","title":{"rendered":"OT 2018: Gala 6"},"content":{"rendered":"<h2>OT <code><\/code>2018: Gala 6<\/h2>\n<p><img loading=\"lazy\" decoding=\"async\" class=\"alignnone size-medium wp-image-8241\" src=\"http:\/\/www.vivaeurovision.com\/wp-content\/uploads\/2018\/10\/DD505EF4-B2F0-4AF5-A74D-A49D9FEDFAD5-300x169.jpeg\" alt=\"ot 2018\" width=\"300\" height=\"169\" srcset=\"https:\/\/www.vivaeurovision.com\/wp-content\/uploads\/2018\/10\/DD505EF4-B2F0-4AF5-A74D-A49D9FEDFAD5-300x169.jpeg 300w, https:\/\/www.vivaeurovision.com\/wp-content\/uploads\/2018\/10\/DD505EF4-B2F0-4AF5-A74D-A49D9FEDFAD5-700x394.jpeg 700w\" sizes=\"auto, (max-width: 300px) 100vw, 300px\" \/><\/p>\n<p>Artista invitado Tom Walker y cuarto miembro del jurado Carlos Jean.<\/p>\n<p>Grupal:\u00a0\u00abVivir as\u00ed es morir de amor\u00bb (1978), de Camilo Sesto (versi\u00f3n La Casa Azul)<\/p>\n<p><em><strong>NOMINADOS<\/strong><\/em><\/p>\n<p><strong>Damion<\/strong>:\u00a0\u00abGod&#8217;s plan\u00bb (2018), de Drake (versi\u00f3n William Singe)<\/p>\n<p><strong>Marta<\/strong>:\u00a0\u00abLeave me alone\u00bb (1987), de Michael Jackson<\/p>\n<p><em><strong>TEMAS<\/strong> <strong>DE<\/strong> <strong>EXAMEN<\/strong><\/em><\/p>\n<p><strong>Miki<\/strong> y <strong>Natalia<\/strong>:\u00a0\u00abShallow\u00bb (2018), de Bradley Cooper y Lady Gaga<\/p>\n<p><strong>Famous<\/strong> y <strong>Mar\u00eda<\/strong>:\u00a0\u00ab1,2,3\u00bb (2018), de Sof\u00eda Reyes y Jason Derulo<\/p>\n<p><strong>Alba<\/strong>:\u00a0\u00abLa llorona\u00bb, de Chavela Vargas<\/p>\n<p><strong>Sabela<\/strong>:\u00a0\u00abSet fire to the rain\u00bb (2011), de Adele<\/p>\n<p><strong>Carlos<\/strong> y <strong>Marilia<\/strong>:\u00a0\u00abLucky\u00bb , de Jason Mraz y Ximena Sari\u00f1ana<\/p>\n<p><strong>Noelia<\/strong> y <strong>Julia<\/strong>:\u00a0\u00abT\u00fa y yo volvemos al amor\u00bb (1997), de M\u00f3nica Naranjo<\/p>\n<p>&nbsp;<\/p>\n<p><img loading=\"lazy\" decoding=\"async\" class=\"alignnone size-medium wp-image-311\" src=\"http:\/\/www.vivaeurovision.com\/wp-content\/uploads\/2016\/01\/image-21-300x165.jpeg\" alt=\"VIVAEUROVISION.COM\" width=\"300\" height=\"165\" srcset=\"https:\/\/www.vivaeurovision.com\/wp-content\/uploads\/2016\/01\/image-21-300x165.jpeg 300w, https:\/\/www.vivaeurovision.com\/wp-content\/uploads\/2016\/01\/image-21-555x305.jpeg 555w, https:\/\/www.vivaeurovision.com\/wp-content\/uploads\/2016\/01\/image-21.jpeg 669w\" sizes=\"auto, (max-width: 300px) 100vw, 300px\" \/><\/p>\n<p>Twitter\u00a0<strong> <a href=\"https:\/\/twitter.com\/viva_eurovision\" target=\"_blank\" rel=\"noopener noreferrer\">@viva_eurovision<\/a>\u00a0 <a href=\"https:\/\/www.facebook.com\/Vivaeurovisioncom-867806686671081\/?fref=nf\" target=\"_blank\" rel=\"noopener noreferrer\">FACEBOOK OFICIAL VIVA EUROVISION <\/a><\/strong>Instragram <strong>\u00a0<\/strong><a href=\"https:\/\/www.instagram.com\/vivaeurovision\/\" target=\"_blank\" rel=\"noopener noreferrer\"><strong>@vivaeurovision<\/strong><\/a><\/p>\n<p>Redactor: Pedro Palomo <a href=\"https:\/\/twitter.com\/pedropalomobcn?lang=es\"><strong>@pedropalomobcn<\/strong><\/a><strong>\u00a0<\/strong>Instagram <a href=\"https:\/\/www.instagram.com\/pedrobcn\/\" target=\"_blank\" rel=\"noopener noreferrer\"><strong>@pedrobcn<\/strong><\/a><\/p>\n","protected":false},"excerpt":{"rendered":"<p>OT 2018: Gala 6 Artista invitado Tom Walker y cuarto miembro del jurado Carlos Jean. Grupal:\u00a0\u00abVivir as\u00ed es morir de amor\u00bb (1978), de Camilo Sesto (versi\u00f3n La Casa Azul) NOMINADOS&#46;&#46;&#46;<\/p>\n","protected":false},"author":1,"featured_media":8241,"comment_status":"open","ping_status":"closed","sticky":false,"template":"","format":"standard","meta":{"_exactmetrics_skip_tracking":false,"_exactmetrics_sitenote_active":false,"_exactmetrics_sitenote_note":"","_exactmetrics_sitenote_category":0,"footnotes":""},"categories":[6,1195,3086,4,1188,2,2593,3],"tags":[3267,17,3082,11,2870,3264,3268,1476,706,1096,34,862,2645,3271,2644,3270,19,20,766,18,110,57,23,22],"class_list":["post-8200","post","type-post","status-publish","format-standard","has-post-thumbnail","hentry","category-espana-en-eurovision","category-eurovision-2","category-eurovision-2019","category-eurovision","category-noticia-2","category-noticia","category-operacion-triunfo","category-ultima-hora","tag-dare-to-dream","tag-esc","tag-esc-2019","tag-eurovision","tag-eurovision-2019","tag-eurovision-2019-dare-to-dream","tag-eurovision-dare-to-dream","tag-eurovision-song-contest","tag-eurovision-song-contest-festival","tag-festival-de-eurovision","tag-noticia","tag-operacion-triunfo","tag-operacion-triunfo-2018","tag-ot-18","tag-ot-2018","tag-ot-2018-gala-6","tag-pedro-palomo","tag-pedro-palomo-eurovision","tag-pedro-palomo-vivaeurovision","tag-rtve","tag-rtve-eurovision","tag-tve","tag-viva-eurovision","tag-vivaeurovision"],"yoast_head":"<!-- This site is optimized with the Yoast SEO plugin v27.5 - https:\/\/yoast.com\/product\/yoast-seo-wordpress\/ -->\n<title>OT 2018: Gala 6 - VIVAEUROVISION viva eurovision<\/title>\n<meta name=\"description\" content=\"ot 2018, operaci\u00f3n triunfo 2018, operaci\u00f3n triunfo, ot 2018 gala 6, eurovision, vivaeurovision, viva eurovisi\u00f3n, ot18gala6\" \/>\n<meta name=\"robots\" content=\"index, follow, max-snippet:-1, max-image-preview:large, max-video-preview:-1\" \/>\n<link rel=\"canonical\" href=\"https:\/\/www.vivaeurovision.com\/index.php\/2018\/10\/30\/8200-ot-2018\/\" \/>\n<meta property=\"og:locale\" content=\"es_ES\" \/>\n<meta property=\"og:type\" content=\"article\" \/>\n<meta property=\"og:title\" content=\"OT 2018: Gala 6 - VIVAEUROVISION viva eurovision\" \/>\n<meta property=\"og:description\" content=\"ot 2018, operaci\u00f3n triunfo 2018, operaci\u00f3n triunfo, ot 2018 gala 6, eurovision, vivaeurovision, viva eurovisi\u00f3n, ot18gala6\" \/>\n<meta property=\"og:url\" content=\"https:\/\/www.vivaeurovision.com\/index.php\/2018\/10\/30\/8200-ot-2018\/\" \/>\n<meta property=\"og:site_name\" content=\"VIVAEUROVISION viva eurovision\" \/>\n<meta property=\"article:published_time\" content=\"2018-10-30T22:53:42+00:00\" \/>\n<meta property=\"og:image\" content=\"https:\/\/www.vivaeurovision.com\/wp-content\/uploads\/2018\/10\/DD505EF4-B2F0-4AF5-A74D-A49D9FEDFAD5.jpeg\" \/>\n\t<meta property=\"og:image:width\" content=\"2592\" \/>\n\t<meta property=\"og:image:height\" content=\"1458\" \/>\n\t<meta property=\"og:image:type\" content=\"image\/jpeg\" \/>\n<meta name=\"author\" content=\"Pedro Palomo\" \/>\n<meta name=\"twitter:card\" content=\"summary_large_image\" \/>\n<meta name=\"twitter:creator\" content=\"@pedropalomobcn\" \/>\n<meta name=\"twitter:label1\" content=\"Escrito por\" \/>\n\t<meta name=\"twitter:data1\" content=\"Pedro Palomo\" \/>\n\t<meta name=\"twitter:label2\" content=\"Tiempo de lectura\" \/>\n\t<meta name=\"twitter:data2\" content=\"1 minuto\" \/>\n<script type=\"application\/ld+json\" class=\"yoast-schema-graph\">{\"@context\":\"https:\\\/\\\/schema.org\",\"@graph\":[{\"@type\":\"Article\",\"@id\":\"https:\\\/\\\/www.vivaeurovision.com\\\/index.php\\\/2018\\\/10\\\/30\\\/8200-ot-2018\\\/#article\",\"isPartOf\":{\"@id\":\"https:\\\/\\\/www.vivaeurovision.com\\\/index.php\\\/2018\\\/10\\\/30\\\/8200-ot-2018\\\/\"},\"author\":{\"name\":\"Pedro Palomo\",\"@id\":\"https:\\\/\\\/www.vivaeurovision.com\\\/#\\\/schema\\\/person\\\/1d31fdaa3f5f7df556f73d164bd3c47a\"},\"headline\":\"OT 2018: Gala 6\",\"datePublished\":\"2018-10-30T22:53:42+00:00\",\"mainEntityOfPage\":{\"@id\":\"https:\\\/\\\/www.vivaeurovision.com\\\/index.php\\\/2018\\\/10\\\/30\\\/8200-ot-2018\\\/\"},\"wordCount\":126,\"commentCount\":0,\"publisher\":{\"@id\":\"https:\\\/\\\/www.vivaeurovision.com\\\/#organization\"},\"image\":{\"@id\":\"https:\\\/\\\/www.vivaeurovision.com\\\/index.php\\\/2018\\\/10\\\/30\\\/8200-ot-2018\\\/#primaryimage\"},\"thumbnailUrl\":\"https:\\\/\\\/www.vivaeurovision.com\\\/wp-content\\\/uploads\\\/2018\\\/10\\\/DD505EF4-B2F0-4AF5-A74D-A49D9FEDFAD5.jpeg\",\"keywords\":[\"dare to dream\",\"ESC\",\"esc 2019\",\"Eurovision\",\"eurovision 2019\",\"eurovision 2019 dare to dream\",\"eurovision dare to dream\",\"eurovision song contest\",\"eurovision song contest festival\",\"Festival de Eurovisi\u00f3n\",\"Noticia\",\"Operacion triunfo\",\"operacion triunfo 2018\",\"ot 18\",\"ot 2018\",\"ot 2018 gala 6\",\"Pedro Palomo\",\"Pedro Palomo Eurovision\",\"Pedro Palomo Vivaeurovision\",\"RTVE\",\"Rtve EUROVISION\",\"tve\",\"viva eurovision\",\"vivaeurovision\"],\"articleSection\":[\"Espa\u00f1a en Eurovisi\u00f3n\",\"eurovision\",\"eurovision 2019\",\"Inicio\",\"Noticia\",\"Noticias\",\"operacion triunfo\",\"Ultima Hora\"],\"inLanguage\":\"es\",\"potentialAction\":[{\"@type\":\"CommentAction\",\"name\":\"Comment\",\"target\":[\"https:\\\/\\\/www.vivaeurovision.com\\\/index.php\\\/2018\\\/10\\\/30\\\/8200-ot-2018\\\/#respond\"]}]},{\"@type\":\"WebPage\",\"@id\":\"https:\\\/\\\/www.vivaeurovision.com\\\/index.php\\\/2018\\\/10\\\/30\\\/8200-ot-2018\\\/\",\"url\":\"https:\\\/\\\/www.vivaeurovision.com\\\/index.php\\\/2018\\\/10\\\/30\\\/8200-ot-2018\\\/\",\"name\":\"OT 2018: Gala 6 - VIVAEUROVISION viva eurovision\",\"isPartOf\":{\"@id\":\"https:\\\/\\\/www.vivaeurovision.com\\\/#website\"},\"primaryImageOfPage\":{\"@id\":\"https:\\\/\\\/www.vivaeurovision.com\\\/index.php\\\/2018\\\/10\\\/30\\\/8200-ot-2018\\\/#primaryimage\"},\"image\":{\"@id\":\"https:\\\/\\\/www.vivaeurovision.com\\\/index.php\\\/2018\\\/10\\\/30\\\/8200-ot-2018\\\/#primaryimage\"},\"thumbnailUrl\":\"https:\\\/\\\/www.vivaeurovision.com\\\/wp-content\\\/uploads\\\/2018\\\/10\\\/DD505EF4-B2F0-4AF5-A74D-A49D9FEDFAD5.jpeg\",\"datePublished\":\"2018-10-30T22:53:42+00:00\",\"description\":\"ot 2018, operaci\u00f3n triunfo 2018, operaci\u00f3n triunfo, ot 2018 gala 6, eurovision, vivaeurovision, viva eurovisi\u00f3n, ot18gala6\",\"breadcrumb\":{\"@id\":\"https:\\\/\\\/www.vivaeurovision.com\\\/index.php\\\/2018\\\/10\\\/30\\\/8200-ot-2018\\\/#breadcrumb\"},\"inLanguage\":\"es\",\"potentialAction\":[{\"@type\":\"ReadAction\",\"target\":[\"https:\\\/\\\/www.vivaeurovision.com\\\/index.php\\\/2018\\\/10\\\/30\\\/8200-ot-2018\\\/\"]}]},{\"@type\":\"ImageObject\",\"inLanguage\":\"es\",\"@id\":\"https:\\\/\\\/www.vivaeurovision.com\\\/index.php\\\/2018\\\/10\\\/30\\\/8200-ot-2018\\\/#primaryimage\",\"url\":\"https:\\\/\\\/www.vivaeurovision.com\\\/wp-content\\\/uploads\\\/2018\\\/10\\\/DD505EF4-B2F0-4AF5-A74D-A49D9FEDFAD5.jpeg\",\"contentUrl\":\"https:\\\/\\\/www.vivaeurovision.com\\\/wp-content\\\/uploads\\\/2018\\\/10\\\/DD505EF4-B2F0-4AF5-A74D-A49D9FEDFAD5.jpeg\",\"width\":2592,\"height\":1458,\"caption\":\"ot 2018\"},{\"@type\":\"BreadcrumbList\",\"@id\":\"https:\\\/\\\/www.vivaeurovision.com\\\/index.php\\\/2018\\\/10\\\/30\\\/8200-ot-2018\\\/#breadcrumb\",\"itemListElement\":[{\"@type\":\"ListItem\",\"position\":1,\"name\":\"Portada\",\"item\":\"https:\\\/\\\/www.vivaeurovision.com\\\/\"},{\"@type\":\"ListItem\",\"position\":2,\"name\":\"OT 2018: Gala 6\"}]},{\"@type\":\"WebSite\",\"@id\":\"https:\\\/\\\/www.vivaeurovision.com\\\/#website\",\"url\":\"https:\\\/\\\/www.vivaeurovision.com\\\/\",\"name\":\"VIVAEUROVISION viva eurovision\",\"description\":\"Tu portal sobre el Festival de Eurovision, eurovision, eurovisi\u00f3n\",\"publisher\":{\"@id\":\"https:\\\/\\\/www.vivaeurovision.com\\\/#organization\"},\"potentialAction\":[{\"@type\":\"SearchAction\",\"target\":{\"@type\":\"EntryPoint\",\"urlTemplate\":\"https:\\\/\\\/www.vivaeurovision.com\\\/?s={search_term_string}\"},\"query-input\":{\"@type\":\"PropertyValueSpecification\",\"valueRequired\":true,\"valueName\":\"search_term_string\"}}],\"inLanguage\":\"es\"},{\"@type\":\"Organization\",\"@id\":\"https:\\\/\\\/www.vivaeurovision.com\\\/#organization\",\"name\":\"vivaeurovision\",\"url\":\"https:\\\/\\\/www.vivaeurovision.com\\\/\",\"logo\":{\"@type\":\"ImageObject\",\"inLanguage\":\"es\",\"@id\":\"https:\\\/\\\/www.vivaeurovision.com\\\/#\\\/schema\\\/logo\\\/image\\\/\",\"url\":\"https:\\\/\\\/www.vivaeurovision.com\\\/wp-content\\\/uploads\\\/2016\\\/01\\\/cropped-image-21-1.jpeg\",\"contentUrl\":\"https:\\\/\\\/www.vivaeurovision.com\\\/wp-content\\\/uploads\\\/2016\\\/01\\\/cropped-image-21-1.jpeg\",\"width\":669,\"height\":368,\"caption\":\"vivaeurovision\"},\"image\":{\"@id\":\"https:\\\/\\\/www.vivaeurovision.com\\\/#\\\/schema\\\/logo\\\/image\\\/\"}},{\"@type\":\"Person\",\"@id\":\"https:\\\/\\\/www.vivaeurovision.com\\\/#\\\/schema\\\/person\\\/1d31fdaa3f5f7df556f73d164bd3c47a\",\"name\":\"Pedro Palomo\",\"image\":{\"@type\":\"ImageObject\",\"inLanguage\":\"es\",\"@id\":\"https:\\\/\\\/secure.gravatar.com\\\/avatar\\\/4cf9a4877f5f71f44fb7cedbe1bac1bd28bd8ce7a217517d98d5b2117f9f5505?s=96&d=mm&r=g\",\"url\":\"https:\\\/\\\/secure.gravatar.com\\\/avatar\\\/4cf9a4877f5f71f44fb7cedbe1bac1bd28bd8ce7a217517d98d5b2117f9f5505?s=96&d=mm&r=g\",\"contentUrl\":\"https:\\\/\\\/secure.gravatar.com\\\/avatar\\\/4cf9a4877f5f71f44fb7cedbe1bac1bd28bd8ce7a217517d98d5b2117f9f5505?s=96&d=mm&r=g\",\"caption\":\"Pedro Palomo\"},\"sameAs\":[\"http:\\\/\\\/www.vivaeurovision.com\",\"@pedrobcn\",\"https:\\\/\\\/x.com\\\/@pedropalomobcn\"]}]}<\/script>\n<!-- \/ Yoast SEO plugin. -->","yoast_head_json":{"title":"OT 2018: Gala 6 - VIVAEUROVISION viva eurovision","description":"ot 2018, operaci\u00f3n triunfo 2018, operaci\u00f3n triunfo, ot 2018 gala 6, eurovision, vivaeurovision, viva eurovisi\u00f3n, ot18gala6","robots":{"index":"index","follow":"follow","max-snippet":"max-snippet:-1","max-image-preview":"max-image-preview:large","max-video-preview":"max-video-preview:-1"},"canonical":"https:\/\/www.vivaeurovision.com\/index.php\/2018\/10\/30\/8200-ot-2018\/","og_locale":"es_ES","og_type":"article","og_title":"OT 2018: Gala 6 - VIVAEUROVISION viva eurovision","og_description":"ot 2018, operaci\u00f3n triunfo 2018, operaci\u00f3n triunfo, ot 2018 gala 6, eurovision, vivaeurovision, viva eurovisi\u00f3n, ot18gala6","og_url":"https:\/\/www.vivaeurovision.com\/index.php\/2018\/10\/30\/8200-ot-2018\/","og_site_name":"VIVAEUROVISION viva eurovision","article_published_time":"2018-10-30T22:53:42+00:00","og_image":[{"width":2592,"height":1458,"url":"https:\/\/www.vivaeurovision.com\/wp-content\/uploads\/2018\/10\/DD505EF4-B2F0-4AF5-A74D-A49D9FEDFAD5.jpeg","type":"image\/jpeg"}],"author":"Pedro Palomo","twitter_card":"summary_large_image","twitter_creator":"@pedropalomobcn","twitter_misc":{"Escrito por":"Pedro Palomo","Tiempo de lectura":"1 minuto"},"schema":{"@context":"https:\/\/schema.org","@graph":[{"@type":"Article","@id":"https:\/\/www.vivaeurovision.com\/index.php\/2018\/10\/30\/8200-ot-2018\/#article","isPartOf":{"@id":"https:\/\/www.vivaeurovision.com\/index.php\/2018\/10\/30\/8200-ot-2018\/"},"author":{"name":"Pedro Palomo","@id":"https:\/\/www.vivaeurovision.com\/#\/schema\/person\/1d31fdaa3f5f7df556f73d164bd3c47a"},"headline":"OT 2018: Gala 6","datePublished":"2018-10-30T22:53:42+00:00","mainEntityOfPage":{"@id":"https:\/\/www.vivaeurovision.com\/index.php\/2018\/10\/30\/8200-ot-2018\/"},"wordCount":126,"commentCount":0,"publisher":{"@id":"https:\/\/www.vivaeurovision.com\/#organization"},"image":{"@id":"https:\/\/www.vivaeurovision.com\/index.php\/2018\/10\/30\/8200-ot-2018\/#primaryimage"},"thumbnailUrl":"https:\/\/www.vivaeurovision.com\/wp-content\/uploads\/2018\/10\/DD505EF4-B2F0-4AF5-A74D-A49D9FEDFAD5.jpeg","keywords":["dare to dream","ESC","esc 2019","Eurovision","eurovision 2019","eurovision 2019 dare to dream","eurovision dare to dream","eurovision song contest","eurovision song contest festival","Festival de Eurovisi\u00f3n","Noticia","Operacion triunfo","operacion triunfo 2018","ot 18","ot 2018","ot 2018 gala 6","Pedro Palomo","Pedro Palomo Eurovision","Pedro Palomo Vivaeurovision","RTVE","Rtve EUROVISION","tve","viva eurovision","vivaeurovision"],"articleSection":["Espa\u00f1a en Eurovisi\u00f3n","eurovision","eurovision 2019","Inicio","Noticia","Noticias","operacion triunfo","Ultima Hora"],"inLanguage":"es","potentialAction":[{"@type":"CommentAction","name":"Comment","target":["https:\/\/www.vivaeurovision.com\/index.php\/2018\/10\/30\/8200-ot-2018\/#respond"]}]},{"@type":"WebPage","@id":"https:\/\/www.vivaeurovision.com\/index.php\/2018\/10\/30\/8200-ot-2018\/","url":"https:\/\/www.vivaeurovision.com\/index.php\/2018\/10\/30\/8200-ot-2018\/","name":"OT 2018: Gala 6 - VIVAEUROVISION viva eurovision","isPartOf":{"@id":"https:\/\/www.vivaeurovision.com\/#website"},"primaryImageOfPage":{"@id":"https:\/\/www.vivaeurovision.com\/index.php\/2018\/10\/30\/8200-ot-2018\/#primaryimage"},"image":{"@id":"https:\/\/www.vivaeurovision.com\/index.php\/2018\/10\/30\/8200-ot-2018\/#primaryimage"},"thumbnailUrl":"https:\/\/www.vivaeurovision.com\/wp-content\/uploads\/2018\/10\/DD505EF4-B2F0-4AF5-A74D-A49D9FEDFAD5.jpeg","datePublished":"2018-10-30T22:53:42+00:00","description":"ot 2018, operaci\u00f3n triunfo 2018, operaci\u00f3n triunfo, ot 2018 gala 6, eurovision, vivaeurovision, viva eurovisi\u00f3n, ot18gala6","breadcrumb":{"@id":"https:\/\/www.vivaeurovision.com\/index.php\/2018\/10\/30\/8200-ot-2018\/#breadcrumb"},"inLanguage":"es","potentialAction":[{"@type":"ReadAction","target":["https:\/\/www.vivaeurovision.com\/index.php\/2018\/10\/30\/8200-ot-2018\/"]}]},{"@type":"ImageObject","inLanguage":"es","@id":"https:\/\/www.vivaeurovision.com\/index.php\/2018\/10\/30\/8200-ot-2018\/#primaryimage","url":"https:\/\/www.vivaeurovision.com\/wp-content\/uploads\/2018\/10\/DD505EF4-B2F0-4AF5-A74D-A49D9FEDFAD5.jpeg","contentUrl":"https:\/\/www.vivaeurovision.com\/wp-content\/uploads\/2018\/10\/DD505EF4-B2F0-4AF5-A74D-A49D9FEDFAD5.jpeg","width":2592,"height":1458,"caption":"ot 2018"},{"@type":"BreadcrumbList","@id":"https:\/\/www.vivaeurovision.com\/index.php\/2018\/10\/30\/8200-ot-2018\/#breadcrumb","itemListElement":[{"@type":"ListItem","position":1,"name":"Portada","item":"https:\/\/www.vivaeurovision.com\/"},{"@type":"ListItem","position":2,"name":"OT 2018: Gala 6"}]},{"@type":"WebSite","@id":"https:\/\/www.vivaeurovision.com\/#website","url":"https:\/\/www.vivaeurovision.com\/","name":"VIVAEUROVISION viva eurovision","description":"Tu portal sobre el Festival de Eurovision, eurovision, eurovisi\u00f3n","publisher":{"@id":"https:\/\/www.vivaeurovision.com\/#organization"},"potentialAction":[{"@type":"SearchAction","target":{"@type":"EntryPoint","urlTemplate":"https:\/\/www.vivaeurovision.com\/?s={search_term_string}"},"query-input":{"@type":"PropertyValueSpecification","valueRequired":true,"valueName":"search_term_string"}}],"inLanguage":"es"},{"@type":"Organization","@id":"https:\/\/www.vivaeurovision.com\/#organization","name":"vivaeurovision","url":"https:\/\/www.vivaeurovision.com\/","logo":{"@type":"ImageObject","inLanguage":"es","@id":"https:\/\/www.vivaeurovision.com\/#\/schema\/logo\/image\/","url":"https:\/\/www.vivaeurovision.com\/wp-content\/uploads\/2016\/01\/cropped-image-21-1.jpeg","contentUrl":"https:\/\/www.vivaeurovision.com\/wp-content\/uploads\/2016\/01\/cropped-image-21-1.jpeg","width":669,"height":368,"caption":"vivaeurovision"},"image":{"@id":"https:\/\/www.vivaeurovision.com\/#\/schema\/logo\/image\/"}},{"@type":"Person","@id":"https:\/\/www.vivaeurovision.com\/#\/schema\/person\/1d31fdaa3f5f7df556f73d164bd3c47a","name":"Pedro Palomo","image":{"@type":"ImageObject","inLanguage":"es","@id":"https:\/\/secure.gravatar.com\/avatar\/4cf9a4877f5f71f44fb7cedbe1bac1bd28bd8ce7a217517d98d5b2117f9f5505?s=96&d=mm&r=g","url":"https:\/\/secure.gravatar.com\/avatar\/4cf9a4877f5f71f44fb7cedbe1bac1bd28bd8ce7a217517d98d5b2117f9f5505?s=96&d=mm&r=g","contentUrl":"https:\/\/secure.gravatar.com\/avatar\/4cf9a4877f5f71f44fb7cedbe1bac1bd28bd8ce7a217517d98d5b2117f9f5505?s=96&d=mm&r=g","caption":"Pedro Palomo"},"sameAs":["http:\/\/www.vivaeurovision.com","@pedrobcn","https:\/\/x.com\/@pedropalomobcn"]}]}},"_links":{"self":[{"href":"https:\/\/www.vivaeurovision.com\/index.php\/wp-json\/wp\/v2\/posts\/8200","targetHints":{"allow":["GET"]}}],"collection":[{"href":"https:\/\/www.vivaeurovision.com\/index.php\/wp-json\/wp\/v2\/posts"}],"about":[{"href":"https:\/\/www.vivaeurovision.com\/index.php\/wp-json\/wp\/v2\/types\/post"}],"author":[{"embeddable":true,"href":"https:\/\/www.vivaeurovision.com\/index.php\/wp-json\/wp\/v2\/users\/1"}],"replies":[{"embeddable":true,"href":"https:\/\/www.vivaeurovision.com\/index.php\/wp-json\/wp\/v2\/comments?post=8200"}],"version-history":[{"count":2,"href":"https:\/\/www.vivaeurovision.com\/index.php\/wp-json\/wp\/v2\/posts\/8200\/revisions"}],"predecessor-version":[{"id":8242,"href":"https:\/\/www.vivaeurovision.com\/index.php\/wp-json\/wp\/v2\/posts\/8200\/revisions\/8242"}],"wp:featuredmedia":[{"embeddable":true,"href":"https:\/\/www.vivaeurovision.com\/index.php\/wp-json\/wp\/v2\/media\/8241"}],"wp:attachment":[{"href":"https:\/\/www.vivaeurovision.com\/index.php\/wp-json\/wp\/v2\/media?parent=8200"}],"wp:term":[{"taxonomy":"category","embeddable":true,"href":"https:\/\/www.vivaeurovision.com\/index.php\/wp-json\/wp\/v2\/categories?post=8200"},{"taxonomy":"post_tag","embeddable":true,"href":"https:\/\/www.vivaeurovision.com\/index.php\/wp-json\/wp\/v2\/tags?post=8200"}],"curies":[{"name":"wp","href":"https:\/\/api.w.org\/{rel}","templated":true}]}}