{"id":822,"date":"2016-02-12T22:44:41","date_gmt":"2016-02-12T22:44:41","guid":{"rendered":"http:\/\/www.vivaeurovision.com\/?p=822"},"modified":"2016-02-12T23:56:36","modified_gmt":"2016-02-12T23:56:36","slug":"austria-representante","status":"publish","type":"post","link":"https:\/\/www.vivaeurovision.com\/index.php\/2016\/02\/12\/austria-representante\/","title":{"rendered":"ZO\u00cb REPRESENTANTE DE AUSTRIA EN EUROVISION 2016"},"content":{"rendered":"<p><img loading=\"lazy\" decoding=\"async\" class=\"alignnone size-full wp-image-84\" src=\"http:\/\/www.vivaeurovision.com\/wp-content\/uploads\/2016\/01\/image-1.png\" alt=\"image\" width=\"115\" height=\"49\" \/><\/p>\n<p><strong>ZO\u00cb REPRESENTANTE DE AUSTRIA EN EUROVISION 2016<\/strong><br \/>\n<iframe loading=\"lazy\" src=\"https:\/\/www.youtube.com\/embed\/ACprSbuhah8\" width=\"560\" height=\"315\" frameborder=\"0\" allowfullscreen=\"allowfullscreen\"><\/iframe><br \/>\nAUSTRIA\u00a0HA SELECCIONADO ESTA NOCHE A\u00a0SU REPRESENTANTE PARA EL PROXIMO FESTIVAL DE EUROVISION EN LA GALA <strong>WER SINGT F\u00dcR \u00d6STERREICH<\/strong><\/p>\n<p>La gala presentada por <strong>Alice Tumler y Andi Knoll<\/strong> desde los estudios de la ORF, ha contado con <strong>Conchita Wurts<\/strong> \u00abganadora del festival de eurovisi\u00f3n 2014\u00bb como parte del jurado profesional y adem\u00e1s ha cantado la canci\u00f3n \u00abThat&#8217;s What I Am\u00bb con la que se present\u00f3 en el a\u00f1o 2012 y qued\u00f3 en segundo lugar sin poder representar a Austria ese a\u00f1o, pero consiguiendo la fama que luego la llevo a representar a Austria en el a\u00f1o 2014 consiguiendo la\u00a0victoria.<\/p>\n<p>La selecci\u00f3n ha sido 50% jurado 50% televoto.<\/p>\n<p>El voto del jurado ha sido completado de la siguiente manera.<\/p>\n<p><img loading=\"lazy\" decoding=\"async\" class=\"alignnone size-medium wp-image-839\" src=\"http:\/\/www.vivaeurovision.com\/wp-content\/uploads\/2016\/02\/IMG_6079VOTOJURADO-300x168.jpg\" alt=\"vivaeurovision\" width=\"300\" height=\"168\" srcset=\"https:\/\/www.vivaeurovision.com\/wp-content\/uploads\/2016\/02\/IMG_6079VOTOJURADO-300x168.jpg 300w, https:\/\/www.vivaeurovision.com\/wp-content\/uploads\/2016\/02\/IMG_6079VOTOJURADO-768x429.jpg 768w, https:\/\/www.vivaeurovision.com\/wp-content\/uploads\/2016\/02\/IMG_6079VOTOJURADO-1024x572.jpg 1024w\" sizes=\"auto, (max-width: 300px) 100vw, 300px\" \/><\/p>\n<p>Bella Wagner, Elly y ZO\u00cb han sido las tres finalistas de la primera ronda de votaciones del publico y el duelo final ha sido entre dos finalistas, <strong>Elly y ZO\u00cb<\/strong><\/p>\n<p><img loading=\"lazy\" decoding=\"async\" class=\"alignnone size-medium wp-image-842\" src=\"http:\/\/www.vivaeurovision.com\/wp-content\/uploads\/2016\/02\/Captura10-copia-300x175.jpg\" alt=\"vivaeurovision\" width=\"300\" height=\"175\" srcset=\"https:\/\/www.vivaeurovision.com\/wp-content\/uploads\/2016\/02\/Captura10-copia-300x175.jpg 300w, https:\/\/www.vivaeurovision.com\/wp-content\/uploads\/2016\/02\/Captura10-copia.jpg 687w\" sizes=\"auto, (max-width: 300px) 100vw, 300px\" \/><\/p>\n<p>&nbsp;<\/p>\n<p>El computo total de votos de la audiencia y el jurado ha decidido que la representante de Austria en el Festival de Eurovisi\u00f3n 2016 sea <strong>ZO\u00cb <\/strong><\/p>\n<p>La cantante el pasado a\u00f1o qued\u00f3 en tercer puesto en la final nacional de Austria\u00a0y este a\u00f1o consigue su sue\u00f1o de representar a AUSTRIA en el FESTIVAL DE EUROVISION 2016<\/p>\n<p><img loading=\"lazy\" decoding=\"async\" class=\"alignnone size-medium wp-image-843\" src=\"http:\/\/www.vivaeurovision.com\/wp-content\/uploads\/2016\/02\/Captura3-copia-300x171.jpg\" alt=\"vivaeurovision\" width=\"300\" height=\"171\" srcset=\"https:\/\/www.vivaeurovision.com\/wp-content\/uploads\/2016\/02\/Captura3-copia-300x171.jpg 300w, https:\/\/www.vivaeurovision.com\/wp-content\/uploads\/2016\/02\/Captura3-copia.jpg 696w\" sizes=\"auto, (max-width: 300px) 100vw, 300px\" \/><img loading=\"lazy\" decoding=\"async\" class=\"alignnone size-medium wp-image-844\" src=\"http:\/\/www.vivaeurovision.com\/wp-content\/uploads\/2016\/02\/Captura1-copia-300x164.jpg\" alt=\"ZO\u00cb\" width=\"300\" height=\"164\" srcset=\"https:\/\/www.vivaeurovision.com\/wp-content\/uploads\/2016\/02\/Captura1-copia-300x164.jpg 300w, https:\/\/www.vivaeurovision.com\/wp-content\/uploads\/2016\/02\/Captura1-copia-555x305.jpg 555w, https:\/\/www.vivaeurovision.com\/wp-content\/uploads\/2016\/02\/Captura1-copia.jpg 721w\" sizes=\"auto, (max-width: 300px) 100vw, 300px\" \/><\/p>\n<p><img loading=\"lazy\" decoding=\"async\" class=\"alignnone size-medium wp-image-845\" src=\"http:\/\/www.vivaeurovision.com\/wp-content\/uploads\/2016\/02\/Captura-copia-300x169.jpg\" alt=\"ZO\u00cb\" width=\"300\" height=\"169\" srcset=\"https:\/\/www.vivaeurovision.com\/wp-content\/uploads\/2016\/02\/Captura-copia-300x169.jpg 300w, https:\/\/www.vivaeurovision.com\/wp-content\/uploads\/2016\/02\/Captura-copia.jpg 721w\" sizes=\"auto, (max-width: 300px) 100vw, 300px\" \/><\/p>\n<p>&nbsp;<\/p>\n<p>Un total de 10 artistas han competido hoy para representar a Austria en el Festival de Eurovisi\u00f3n 2016.<\/p>\n<p>AzRaH \u2013 \u201cThe one\u201d<\/p>\n<p>Bella Wagner \u2013 \u201cWeapons down\u201d<\/p>\n<p>C\u00e9line Roscheck &amp; Farina Miss \u2013 \u201cSky is the limit\u201d<\/p>\n<p>Elly \u2013 \u201cI\u2019ll be around (Bounce)\u201d<\/p>\n<p>Lia \u2013 \u201cRunaway\u201d<\/p>\n<p>LiZZA \u2013 \u201cPsycho\u201d<\/p>\n<p>Orry Jackson \u2013 \u201cPieces in a puzzle\u201dSankil<\/p>\n<p>Jones \u2013 \u201cOne more sound\u201dVincent<\/p>\n<p>Bueno \u2013 \u201cAll we need is that love\u201d<\/p>\n<h3><strong>ZO\u00cb \u2013 \u201cLoin d\u2019ici\u201d \u00abGANADORA\u00bb REPRESENTANTE DE AUSTRIA\u00a02016<br \/>\n<iframe loading=\"lazy\" src=\"https:\/\/www.youtube.com\/embed\/FJW9FnT6IRk\" width=\"560\" height=\"315\" frameborder=\"0\" allowfullscreen=\"allowfullscreen\"><\/iframe><\/strong><\/h3>\n<p>Twitter\u00a0 <strong><a href=\"https:\/\/twitter.com\/viva_eurovision\" target=\"_blank\">@<\/a><a href=\"https:\/\/twitter.com\/viva_eurovision\" target=\"_blank\">viva_eurovision<\/a>\u00a0 <a href=\"https:\/\/www.facebook.com\/Vivaeurovisioncom-867806686671081\/?fref=nf\" target=\"_blank\">FACEBOOK OFICIAL VIVA EUROVISION <\/a><\/strong>Instragram @vivaeurovision<\/p>\n<p>Fuente: ORF <a href=\"https:\/\/twitter.com\/Zoe__Music\" target=\"_blank\">@Zoe_Music<\/a><\/p>\n<p>Redactor: Pedro Palomo <a href=\"https:\/\/twitter.com\/pedropalomobcn?lang=es\"><strong>@pedropalomobcn<\/strong><\/a><strong>\u00a0<\/strong>Instagram <strong>@pedrobcn<\/strong><\/p>\n<p>.<\/p>\n<p>&nbsp;<\/p>\n<p>&nbsp;<\/p>\n","protected":false},"excerpt":{"rendered":"<p>ZO\u00cb REPRESENTANTE DE AUSTRIA EN EUROVISION 2016 AUSTRIA\u00a0HA SELECCIONADO ESTA NOCHE A\u00a0SU REPRESENTANTE PARA EL PROXIMO FESTIVAL DE EUROVISION EN LA GALA WER SINGT F\u00dcR \u00d6STERREICH La gala presentada por&#46;&#46;&#46;<\/p>\n","protected":false},"author":1,"featured_media":846,"comment_status":"open","ping_status":"open","sticky":false,"template":"","format":"standard","meta":{"_exactmetrics_skip_tracking":false,"_exactmetrics_sitenote_active":false,"_exactmetrics_sitenote_note":"","_exactmetrics_sitenote_category":0,"footnotes":""},"categories":[7,4,2,3],"tags":[51,50,49,159,280,17,30,13,11,12,160,158,34,19,20,104,161,22,47,48,52,281,282],"class_list":["post-822","post","type-post","status-publish","format-standard","has-post-thumbnail","hentry","category-eurovision-2016","category-eurovision","category-noticia","category-ultima-hora","tag-austria","tag-austria-2016","tag-austria-eurovision-2016","tag-come-together","tag-conchita-wurts","tag-esc","tag-esc-2016","tag-estocolmo","tag-eurovision","tag-eurovision-2016","tag-eurovision-2016-come-together","tag-eurovision-come-together","tag-noticia","tag-pedro-palomo","tag-pedro-palomo-eurovision","tag-stockholm-2016","tag-stockholm-2016-come-together","tag-vivaeurovision","tag-wer-singt-fur-osterreich","tag-wer-singt-fur-osterreich-2016","tag-zoe","tag-zoe-austria-2016","tag-zoe-eurovision-2016"],"yoast_head":"<!-- This site is optimized with the Yoast SEO plugin v27.5 - https:\/\/yoast.com\/product\/yoast-seo-wordpress\/ -->\n<title>ZO\u00cb REPRESENTANTE DE AUSTRIA EN EUROVISION 2016 - VIVAEUROVISION viva eurovision<\/title>\n<meta name=\"robots\" content=\"index, follow, max-snippet:-1, max-image-preview:large, max-video-preview:-1\" \/>\n<link rel=\"canonical\" href=\"https:\/\/www.vivaeurovision.com\/index.php\/2016\/02\/12\/austria-representante\/\" \/>\n<meta property=\"og:locale\" content=\"es_ES\" \/>\n<meta property=\"og:type\" content=\"article\" \/>\n<meta property=\"og:title\" content=\"ZO\u00cb REPRESENTANTE DE AUSTRIA EN EUROVISION 2016 - VIVAEUROVISION viva eurovision\" \/>\n<meta property=\"og:description\" content=\"ZO\u00cb REPRESENTANTE DE AUSTRIA EN EUROVISION 2016 AUSTRIA\u00a0HA SELECCIONADO ESTA NOCHE A\u00a0SU REPRESENTANTE PARA EL PROXIMO FESTIVAL DE EUROVISION EN LA GALA WER SINGT F\u00dcR \u00d6STERREICH La gala presentada por&#046;&#046;&#046;\" \/>\n<meta property=\"og:url\" content=\"https:\/\/www.vivaeurovision.com\/index.php\/2016\/02\/12\/austria-representante\/\" \/>\n<meta property=\"og:site_name\" content=\"VIVAEUROVISION viva eurovision\" \/>\n<meta property=\"article:published_time\" content=\"2016-02-12T22:44:41+00:00\" \/>\n<meta property=\"article:modified_time\" content=\"2016-02-12T23:56:36+00:00\" \/>\n<meta property=\"og:image\" content=\"https:\/\/www.vivaeurovision.com\/wp-content\/uploads\/2016\/02\/ZO\u00cb.jpg\" \/>\n\t<meta property=\"og:image:width\" content=\"669\" \/>\n\t<meta property=\"og:image:height\" content=\"386\" \/>\n\t<meta property=\"og:image:type\" content=\"image\/jpeg\" \/>\n<meta name=\"author\" content=\"Pedro Palomo\" \/>\n<meta name=\"twitter:card\" content=\"summary_large_image\" \/>\n<meta name=\"twitter:creator\" content=\"@pedropalomobcn\" \/>\n<meta name=\"twitter:label1\" content=\"Escrito por\" \/>\n\t<meta name=\"twitter:data1\" content=\"Pedro Palomo\" \/>\n\t<meta name=\"twitter:label2\" content=\"Tiempo de lectura\" \/>\n\t<meta name=\"twitter:data2\" content=\"2 minutos\" \/>\n<script type=\"application\/ld+json\" class=\"yoast-schema-graph\">{\"@context\":\"https:\\\/\\\/schema.org\",\"@graph\":[{\"@type\":\"Article\",\"@id\":\"https:\\\/\\\/www.vivaeurovision.com\\\/index.php\\\/2016\\\/02\\\/12\\\/austria-representante\\\/#article\",\"isPartOf\":{\"@id\":\"https:\\\/\\\/www.vivaeurovision.com\\\/index.php\\\/2016\\\/02\\\/12\\\/austria-representante\\\/\"},\"author\":{\"name\":\"Pedro Palomo\",\"@id\":\"https:\\\/\\\/www.vivaeurovision.com\\\/#\\\/schema\\\/person\\\/1d31fdaa3f5f7df556f73d164bd3c47a\"},\"headline\":\"ZO\u00cb REPRESENTANTE DE AUSTRIA EN EUROVISION 2016\",\"datePublished\":\"2016-02-12T22:44:41+00:00\",\"dateModified\":\"2016-02-12T23:56:36+00:00\",\"mainEntityOfPage\":{\"@id\":\"https:\\\/\\\/www.vivaeurovision.com\\\/index.php\\\/2016\\\/02\\\/12\\\/austria-representante\\\/\"},\"wordCount\":320,\"commentCount\":0,\"publisher\":{\"@id\":\"https:\\\/\\\/www.vivaeurovision.com\\\/#organization\"},\"image\":{\"@id\":\"https:\\\/\\\/www.vivaeurovision.com\\\/index.php\\\/2016\\\/02\\\/12\\\/austria-representante\\\/#primaryimage\"},\"thumbnailUrl\":\"https:\\\/\\\/www.vivaeurovision.com\\\/wp-content\\\/uploads\\\/2016\\\/02\\\/ZO\u00cb.jpg\",\"keywords\":[\"Austria\",\"Austria 2016\",\"AUSTRIA EUROVISION 2016\",\"COME TOGETHER\",\"conchita wurts\",\"ESC\",\"Esc 2016\",\"Estocolmo\",\"Eurovision\",\"Eurovisi\u00f3n 2016\",\"Eurovision 2016 come together\",\"Eurovision come together\",\"Noticia\",\"Pedro Palomo\",\"Pedro Palomo Eurovision\",\"stockholm 2016\",\"stockholm 2016 come together\",\"vivaeurovision\",\"Wer singt f\u00fcr \u00d6sterreich\",\"Wer singt f\u00fcr \u00d6sterreich 2016\",\"ZO\u00cb\",\"ZO\u00cb AUSTRIA 2016\",\"ZO\u00cb EUROVISION 2016\"],\"articleSection\":[\"Eurovisi\u00f3n 2016\",\"Inicio\",\"Noticias\",\"Ultima Hora\"],\"inLanguage\":\"es\",\"potentialAction\":[{\"@type\":\"CommentAction\",\"name\":\"Comment\",\"target\":[\"https:\\\/\\\/www.vivaeurovision.com\\\/index.php\\\/2016\\\/02\\\/12\\\/austria-representante\\\/#respond\"]}]},{\"@type\":\"WebPage\",\"@id\":\"https:\\\/\\\/www.vivaeurovision.com\\\/index.php\\\/2016\\\/02\\\/12\\\/austria-representante\\\/\",\"url\":\"https:\\\/\\\/www.vivaeurovision.com\\\/index.php\\\/2016\\\/02\\\/12\\\/austria-representante\\\/\",\"name\":\"ZO\u00cb REPRESENTANTE DE AUSTRIA EN EUROVISION 2016 - VIVAEUROVISION viva eurovision\",\"isPartOf\":{\"@id\":\"https:\\\/\\\/www.vivaeurovision.com\\\/#website\"},\"primaryImageOfPage\":{\"@id\":\"https:\\\/\\\/www.vivaeurovision.com\\\/index.php\\\/2016\\\/02\\\/12\\\/austria-representante\\\/#primaryimage\"},\"image\":{\"@id\":\"https:\\\/\\\/www.vivaeurovision.com\\\/index.php\\\/2016\\\/02\\\/12\\\/austria-representante\\\/#primaryimage\"},\"thumbnailUrl\":\"https:\\\/\\\/www.vivaeurovision.com\\\/wp-content\\\/uploads\\\/2016\\\/02\\\/ZO\u00cb.jpg\",\"datePublished\":\"2016-02-12T22:44:41+00:00\",\"dateModified\":\"2016-02-12T23:56:36+00:00\",\"breadcrumb\":{\"@id\":\"https:\\\/\\\/www.vivaeurovision.com\\\/index.php\\\/2016\\\/02\\\/12\\\/austria-representante\\\/#breadcrumb\"},\"inLanguage\":\"es\",\"potentialAction\":[{\"@type\":\"ReadAction\",\"target\":[\"https:\\\/\\\/www.vivaeurovision.com\\\/index.php\\\/2016\\\/02\\\/12\\\/austria-representante\\\/\"]}]},{\"@type\":\"ImageObject\",\"inLanguage\":\"es\",\"@id\":\"https:\\\/\\\/www.vivaeurovision.com\\\/index.php\\\/2016\\\/02\\\/12\\\/austria-representante\\\/#primaryimage\",\"url\":\"https:\\\/\\\/www.vivaeurovision.com\\\/wp-content\\\/uploads\\\/2016\\\/02\\\/ZO\u00cb.jpg\",\"contentUrl\":\"https:\\\/\\\/www.vivaeurovision.com\\\/wp-content\\\/uploads\\\/2016\\\/02\\\/ZO\u00cb.jpg\",\"width\":669,\"height\":386},{\"@type\":\"BreadcrumbList\",\"@id\":\"https:\\\/\\\/www.vivaeurovision.com\\\/index.php\\\/2016\\\/02\\\/12\\\/austria-representante\\\/#breadcrumb\",\"itemListElement\":[{\"@type\":\"ListItem\",\"position\":1,\"name\":\"Portada\",\"item\":\"https:\\\/\\\/www.vivaeurovision.com\\\/\"},{\"@type\":\"ListItem\",\"position\":2,\"name\":\"ZO\u00cb REPRESENTANTE DE AUSTRIA EN EUROVISION 2016\"}]},{\"@type\":\"WebSite\",\"@id\":\"https:\\\/\\\/www.vivaeurovision.com\\\/#website\",\"url\":\"https:\\\/\\\/www.vivaeurovision.com\\\/\",\"name\":\"VIVAEUROVISION viva eurovision\",\"description\":\"Tu portal sobre el Festival de Eurovision, eurovision, eurovisi\u00f3n\",\"publisher\":{\"@id\":\"https:\\\/\\\/www.vivaeurovision.com\\\/#organization\"},\"potentialAction\":[{\"@type\":\"SearchAction\",\"target\":{\"@type\":\"EntryPoint\",\"urlTemplate\":\"https:\\\/\\\/www.vivaeurovision.com\\\/?s={search_term_string}\"},\"query-input\":{\"@type\":\"PropertyValueSpecification\",\"valueRequired\":true,\"valueName\":\"search_term_string\"}}],\"inLanguage\":\"es\"},{\"@type\":\"Organization\",\"@id\":\"https:\\\/\\\/www.vivaeurovision.com\\\/#organization\",\"name\":\"vivaeurovision\",\"url\":\"https:\\\/\\\/www.vivaeurovision.com\\\/\",\"logo\":{\"@type\":\"ImageObject\",\"inLanguage\":\"es\",\"@id\":\"https:\\\/\\\/www.vivaeurovision.com\\\/#\\\/schema\\\/logo\\\/image\\\/\",\"url\":\"https:\\\/\\\/www.vivaeurovision.com\\\/wp-content\\\/uploads\\\/2016\\\/01\\\/cropped-image-21-1.jpeg\",\"contentUrl\":\"https:\\\/\\\/www.vivaeurovision.com\\\/wp-content\\\/uploads\\\/2016\\\/01\\\/cropped-image-21-1.jpeg\",\"width\":669,\"height\":368,\"caption\":\"vivaeurovision\"},\"image\":{\"@id\":\"https:\\\/\\\/www.vivaeurovision.com\\\/#\\\/schema\\\/logo\\\/image\\\/\"}},{\"@type\":\"Person\",\"@id\":\"https:\\\/\\\/www.vivaeurovision.com\\\/#\\\/schema\\\/person\\\/1d31fdaa3f5f7df556f73d164bd3c47a\",\"name\":\"Pedro Palomo\",\"image\":{\"@type\":\"ImageObject\",\"inLanguage\":\"es\",\"@id\":\"https:\\\/\\\/secure.gravatar.com\\\/avatar\\\/4cf9a4877f5f71f44fb7cedbe1bac1bd28bd8ce7a217517d98d5b2117f9f5505?s=96&d=mm&r=g\",\"url\":\"https:\\\/\\\/secure.gravatar.com\\\/avatar\\\/4cf9a4877f5f71f44fb7cedbe1bac1bd28bd8ce7a217517d98d5b2117f9f5505?s=96&d=mm&r=g\",\"contentUrl\":\"https:\\\/\\\/secure.gravatar.com\\\/avatar\\\/4cf9a4877f5f71f44fb7cedbe1bac1bd28bd8ce7a217517d98d5b2117f9f5505?s=96&d=mm&r=g\",\"caption\":\"Pedro Palomo\"},\"sameAs\":[\"http:\\\/\\\/www.vivaeurovision.com\",\"@pedrobcn\",\"https:\\\/\\\/x.com\\\/@pedropalomobcn\"]}]}<\/script>\n<!-- \/ Yoast SEO plugin. -->","yoast_head_json":{"title":"ZO\u00cb REPRESENTANTE DE AUSTRIA EN EUROVISION 2016 - VIVAEUROVISION viva eurovision","robots":{"index":"index","follow":"follow","max-snippet":"max-snippet:-1","max-image-preview":"max-image-preview:large","max-video-preview":"max-video-preview:-1"},"canonical":"https:\/\/www.vivaeurovision.com\/index.php\/2016\/02\/12\/austria-representante\/","og_locale":"es_ES","og_type":"article","og_title":"ZO\u00cb REPRESENTANTE DE AUSTRIA EN EUROVISION 2016 - VIVAEUROVISION viva eurovision","og_description":"ZO\u00cb REPRESENTANTE DE AUSTRIA EN EUROVISION 2016 AUSTRIA\u00a0HA SELECCIONADO ESTA NOCHE A\u00a0SU REPRESENTANTE PARA EL PROXIMO FESTIVAL DE EUROVISION EN LA GALA WER SINGT F\u00dcR \u00d6STERREICH La gala presentada por&#46;&#46;&#46;","og_url":"https:\/\/www.vivaeurovision.com\/index.php\/2016\/02\/12\/austria-representante\/","og_site_name":"VIVAEUROVISION viva eurovision","article_published_time":"2016-02-12T22:44:41+00:00","article_modified_time":"2016-02-12T23:56:36+00:00","og_image":[{"width":669,"height":386,"url":"https:\/\/www.vivaeurovision.com\/wp-content\/uploads\/2016\/02\/ZO\u00cb.jpg","type":"image\/jpeg"}],"author":"Pedro Palomo","twitter_card":"summary_large_image","twitter_creator":"@pedropalomobcn","twitter_misc":{"Escrito por":"Pedro Palomo","Tiempo de lectura":"2 minutos"},"schema":{"@context":"https:\/\/schema.org","@graph":[{"@type":"Article","@id":"https:\/\/www.vivaeurovision.com\/index.php\/2016\/02\/12\/austria-representante\/#article","isPartOf":{"@id":"https:\/\/www.vivaeurovision.com\/index.php\/2016\/02\/12\/austria-representante\/"},"author":{"name":"Pedro Palomo","@id":"https:\/\/www.vivaeurovision.com\/#\/schema\/person\/1d31fdaa3f5f7df556f73d164bd3c47a"},"headline":"ZO\u00cb REPRESENTANTE DE AUSTRIA EN EUROVISION 2016","datePublished":"2016-02-12T22:44:41+00:00","dateModified":"2016-02-12T23:56:36+00:00","mainEntityOfPage":{"@id":"https:\/\/www.vivaeurovision.com\/index.php\/2016\/02\/12\/austria-representante\/"},"wordCount":320,"commentCount":0,"publisher":{"@id":"https:\/\/www.vivaeurovision.com\/#organization"},"image":{"@id":"https:\/\/www.vivaeurovision.com\/index.php\/2016\/02\/12\/austria-representante\/#primaryimage"},"thumbnailUrl":"https:\/\/www.vivaeurovision.com\/wp-content\/uploads\/2016\/02\/ZO\u00cb.jpg","keywords":["Austria","Austria 2016","AUSTRIA EUROVISION 2016","COME TOGETHER","conchita wurts","ESC","Esc 2016","Estocolmo","Eurovision","Eurovisi\u00f3n 2016","Eurovision 2016 come together","Eurovision come together","Noticia","Pedro Palomo","Pedro Palomo Eurovision","stockholm 2016","stockholm 2016 come together","vivaeurovision","Wer singt f\u00fcr \u00d6sterreich","Wer singt f\u00fcr \u00d6sterreich 2016","ZO\u00cb","ZO\u00cb AUSTRIA 2016","ZO\u00cb EUROVISION 2016"],"articleSection":["Eurovisi\u00f3n 2016","Inicio","Noticias","Ultima Hora"],"inLanguage":"es","potentialAction":[{"@type":"CommentAction","name":"Comment","target":["https:\/\/www.vivaeurovision.com\/index.php\/2016\/02\/12\/austria-representante\/#respond"]}]},{"@type":"WebPage","@id":"https:\/\/www.vivaeurovision.com\/index.php\/2016\/02\/12\/austria-representante\/","url":"https:\/\/www.vivaeurovision.com\/index.php\/2016\/02\/12\/austria-representante\/","name":"ZO\u00cb REPRESENTANTE DE AUSTRIA EN EUROVISION 2016 - VIVAEUROVISION viva eurovision","isPartOf":{"@id":"https:\/\/www.vivaeurovision.com\/#website"},"primaryImageOfPage":{"@id":"https:\/\/www.vivaeurovision.com\/index.php\/2016\/02\/12\/austria-representante\/#primaryimage"},"image":{"@id":"https:\/\/www.vivaeurovision.com\/index.php\/2016\/02\/12\/austria-representante\/#primaryimage"},"thumbnailUrl":"https:\/\/www.vivaeurovision.com\/wp-content\/uploads\/2016\/02\/ZO\u00cb.jpg","datePublished":"2016-02-12T22:44:41+00:00","dateModified":"2016-02-12T23:56:36+00:00","breadcrumb":{"@id":"https:\/\/www.vivaeurovision.com\/index.php\/2016\/02\/12\/austria-representante\/#breadcrumb"},"inLanguage":"es","potentialAction":[{"@type":"ReadAction","target":["https:\/\/www.vivaeurovision.com\/index.php\/2016\/02\/12\/austria-representante\/"]}]},{"@type":"ImageObject","inLanguage":"es","@id":"https:\/\/www.vivaeurovision.com\/index.php\/2016\/02\/12\/austria-representante\/#primaryimage","url":"https:\/\/www.vivaeurovision.com\/wp-content\/uploads\/2016\/02\/ZO\u00cb.jpg","contentUrl":"https:\/\/www.vivaeurovision.com\/wp-content\/uploads\/2016\/02\/ZO\u00cb.jpg","width":669,"height":386},{"@type":"BreadcrumbList","@id":"https:\/\/www.vivaeurovision.com\/index.php\/2016\/02\/12\/austria-representante\/#breadcrumb","itemListElement":[{"@type":"ListItem","position":1,"name":"Portada","item":"https:\/\/www.vivaeurovision.com\/"},{"@type":"ListItem","position":2,"name":"ZO\u00cb REPRESENTANTE DE AUSTRIA EN EUROVISION 2016"}]},{"@type":"WebSite","@id":"https:\/\/www.vivaeurovision.com\/#website","url":"https:\/\/www.vivaeurovision.com\/","name":"VIVAEUROVISION viva eurovision","description":"Tu portal sobre el Festival de Eurovision, eurovision, eurovisi\u00f3n","publisher":{"@id":"https:\/\/www.vivaeurovision.com\/#organization"},"potentialAction":[{"@type":"SearchAction","target":{"@type":"EntryPoint","urlTemplate":"https:\/\/www.vivaeurovision.com\/?s={search_term_string}"},"query-input":{"@type":"PropertyValueSpecification","valueRequired":true,"valueName":"search_term_string"}}],"inLanguage":"es"},{"@type":"Organization","@id":"https:\/\/www.vivaeurovision.com\/#organization","name":"vivaeurovision","url":"https:\/\/www.vivaeurovision.com\/","logo":{"@type":"ImageObject","inLanguage":"es","@id":"https:\/\/www.vivaeurovision.com\/#\/schema\/logo\/image\/","url":"https:\/\/www.vivaeurovision.com\/wp-content\/uploads\/2016\/01\/cropped-image-21-1.jpeg","contentUrl":"https:\/\/www.vivaeurovision.com\/wp-content\/uploads\/2016\/01\/cropped-image-21-1.jpeg","width":669,"height":368,"caption":"vivaeurovision"},"image":{"@id":"https:\/\/www.vivaeurovision.com\/#\/schema\/logo\/image\/"}},{"@type":"Person","@id":"https:\/\/www.vivaeurovision.com\/#\/schema\/person\/1d31fdaa3f5f7df556f73d164bd3c47a","name":"Pedro Palomo","image":{"@type":"ImageObject","inLanguage":"es","@id":"https:\/\/secure.gravatar.com\/avatar\/4cf9a4877f5f71f44fb7cedbe1bac1bd28bd8ce7a217517d98d5b2117f9f5505?s=96&d=mm&r=g","url":"https:\/\/secure.gravatar.com\/avatar\/4cf9a4877f5f71f44fb7cedbe1bac1bd28bd8ce7a217517d98d5b2117f9f5505?s=96&d=mm&r=g","contentUrl":"https:\/\/secure.gravatar.com\/avatar\/4cf9a4877f5f71f44fb7cedbe1bac1bd28bd8ce7a217517d98d5b2117f9f5505?s=96&d=mm&r=g","caption":"Pedro Palomo"},"sameAs":["http:\/\/www.vivaeurovision.com","@pedrobcn","https:\/\/x.com\/@pedropalomobcn"]}]}},"_links":{"self":[{"href":"https:\/\/www.vivaeurovision.com\/index.php\/wp-json\/wp\/v2\/posts\/822","targetHints":{"allow":["GET"]}}],"collection":[{"href":"https:\/\/www.vivaeurovision.com\/index.php\/wp-json\/wp\/v2\/posts"}],"about":[{"href":"https:\/\/www.vivaeurovision.com\/index.php\/wp-json\/wp\/v2\/types\/post"}],"author":[{"embeddable":true,"href":"https:\/\/www.vivaeurovision.com\/index.php\/wp-json\/wp\/v2\/users\/1"}],"replies":[{"embeddable":true,"href":"https:\/\/www.vivaeurovision.com\/index.php\/wp-json\/wp\/v2\/comments?post=822"}],"version-history":[{"count":0,"href":"https:\/\/www.vivaeurovision.com\/index.php\/wp-json\/wp\/v2\/posts\/822\/revisions"}],"wp:featuredmedia":[{"embeddable":true,"href":"https:\/\/www.vivaeurovision.com\/index.php\/wp-json\/wp\/v2\/media\/846"}],"wp:attachment":[{"href":"https:\/\/www.vivaeurovision.com\/index.php\/wp-json\/wp\/v2\/media?parent=822"}],"wp:term":[{"taxonomy":"category","embeddable":true,"href":"https:\/\/www.vivaeurovision.com\/index.php\/wp-json\/wp\/v2\/categories?post=822"},{"taxonomy":"post_tag","embeddable":true,"href":"https:\/\/www.vivaeurovision.com\/index.php\/wp-json\/wp\/v2\/tags?post=822"}],"curies":[{"name":"wp","href":"https:\/\/api.w.org\/{rel}","templated":true}]}}