{"id":8225,"date":"2018-11-01T14:29:10","date_gmt":"2018-11-01T14:29:10","guid":{"rendered":"http:\/\/www.vivaeurovision.com\/?p=8225"},"modified":"2018-11-01T14:29:10","modified_gmt":"2018-11-01T14:29:10","slug":"8225-rebeca-carrusel","status":"publish","type":"post","link":"https:\/\/www.vivaeurovision.com\/index.php\/2018\/11\/01\/8225-rebeca-carrusel\/","title":{"rendered":"Rebeca estrena su nuevo y potente single Carrusel"},"content":{"rendered":"<h2>Rebeca estrena su nuevo y potente single Carrusel<\/h2>\n<p><img loading=\"lazy\" decoding=\"async\" class=\"alignnone size-medium wp-image-8257\" src=\"http:\/\/www.vivaeurovision.com\/wp-content\/uploads\/2018\/11\/8F41D2A7-1EA5-4420-9112-B5A2FD69D82B-300x300.jpeg\" alt=\"rebeca carrusel \" width=\"300\" height=\"300\" srcset=\"https:\/\/www.vivaeurovision.com\/wp-content\/uploads\/2018\/11\/8F41D2A7-1EA5-4420-9112-B5A2FD69D82B-300x300.jpeg 300w, https:\/\/www.vivaeurovision.com\/wp-content\/uploads\/2018\/11\/8F41D2A7-1EA5-4420-9112-B5A2FD69D82B-150x150.jpeg 150w, https:\/\/www.vivaeurovision.com\/wp-content\/uploads\/2018\/11\/8F41D2A7-1EA5-4420-9112-B5A2FD69D82B-700x700.jpeg 700w, https:\/\/www.vivaeurovision.com\/wp-content\/uploads\/2018\/11\/8F41D2A7-1EA5-4420-9112-B5A2FD69D82B-160x160.jpeg 160w, https:\/\/www.vivaeurovision.com\/wp-content\/uploads\/2018\/11\/8F41D2A7-1EA5-4420-9112-B5A2FD69D82B-320x320.jpeg 320w, https:\/\/www.vivaeurovision.com\/wp-content\/uploads\/2018\/11\/8F41D2A7-1EA5-4420-9112-B5A2FD69D82B.jpeg 1000w\" sizes=\"auto, (max-width: 300px) 100vw, 300px\" \/><\/p>\n<p>La cantante Rebeca cuenta con una gran trayectoria musical en este pa\u00eds, siendo una de las artistas pop que m\u00e1s ha trabajado desde los a\u00f1os 90, actualmente podemos verla en la gira de los 90 donde sigue haciendo bailar a miles de personas. Muchos \u00e9xitos a sus espaldas avalan la trayectoria musical de Rebeca.<\/p>\n<p>En esta ocasi\u00f3n la co-autora de I love mi vida \u2018Eurovisi\u00f3n 2007\u2019, lanza un single potente y pegadizo compuesto por William Luque y producido por Abel Arana que ha producido temas para Monica Naranjo, Marta S\u00e1nchez, Kylie Minogue entre otros muchos artistas, adem\u00e1s de llevar las riendas en la preselecci\u00f3n Destino Oslo en 2010. Junto Abel Arana tambi\u00e9n ha formado parte de esta producci\u00f3n Isaac Luque. Un tema con toques \u00cdtalo disco y que incluso en ocasiones puede recordarnos a producciones de Fangoria, Carrusel marca la nueva Rebeca que sin duda har\u00e1 bailar a todo el mundo con este tema que sin duda ser\u00e1 un \u00e9xito en todas las discotecas de este pa\u00eds.<\/p>\n<h3>YA POD\u00c9IS VER EL VIDEOCLIP DE CARRUSEL<\/h3>\n<p><iframe loading=\"lazy\"  id=\"_ytid_15718\"  width=\"480\" height=\"270\"  data-origwidth=\"480\" data-origheight=\"270\" src=\"https:\/\/www.youtube.com\/embed\/c-Vff2p6LfY?enablejsapi=1&#038;autoplay=0&#038;cc_load_policy=0&#038;cc_lang_pref=&#038;iv_load_policy=1&#038;loop=0&#038;rel=1&#038;fs=1&#038;playsinline=0&#038;autohide=2&#038;theme=dark&#038;color=red&#038;controls=1&#038;disablekb=0&#038;\" class=\"__youtube_prefs__  epyt-is-override  no-lazyload\" title=\"YouTube player\"  allow=\"fullscreen; accelerometer; autoplay; clipboard-write; encrypted-media; gyroscope; picture-in-picture; web-share\" referrerpolicy=\"strict-origin-when-cross-origin\" allowfullscreen data-no-lazy=\"1\" data-skipgform_ajax_framebjll=\"\"><\/iframe><\/p>\n<p>Como carta de presentaci\u00f3n un v\u00eddeoclip dirigido por Salva Must\u00e9 donde vemos a una Rebeca guapa, brillante y dispuesta a que todos giremos con ella en ese Carrusel.<\/p>\n<h3>El single est\u00e1 disponible en todas las plataformas digitales.<\/h3>\n<p>&nbsp;<\/p>\n<p><img loading=\"lazy\" decoding=\"async\" class=\"alignnone size-medium wp-image-8256\" src=\"http:\/\/www.vivaeurovision.com\/wp-content\/uploads\/2018\/11\/3DD35B17-771B-46D1-83AF-2241D64893CD-300x187.jpeg\" alt=\"rebeca carrusel\" width=\"300\" height=\"187\" srcset=\"https:\/\/www.vivaeurovision.com\/wp-content\/uploads\/2018\/11\/3DD35B17-771B-46D1-83AF-2241D64893CD-300x187.jpeg 300w, https:\/\/www.vivaeurovision.com\/wp-content\/uploads\/2018\/11\/3DD35B17-771B-46D1-83AF-2241D64893CD-700x437.jpeg 700w\" sizes=\"auto, (max-width: 300px) 100vw, 300px\" \/><\/p>\n<p><img loading=\"lazy\" decoding=\"async\" class=\"alignnone size-medium wp-image-311\" src=\"http:\/\/www.vivaeurovision.com\/wp-content\/uploads\/2016\/01\/image-21-300x165.jpeg\" alt=\"VIVAEUROVISION.COM\" width=\"300\" height=\"165\" srcset=\"https:\/\/www.vivaeurovision.com\/wp-content\/uploads\/2016\/01\/image-21-300x165.jpeg 300w, https:\/\/www.vivaeurovision.com\/wp-content\/uploads\/2016\/01\/image-21-555x305.jpeg 555w, https:\/\/www.vivaeurovision.com\/wp-content\/uploads\/2016\/01\/image-21.jpeg 669w\" sizes=\"auto, (max-width: 300px) 100vw, 300px\" \/><\/p>\n<p>Twitter\u00a0<strong> <a href=\"https:\/\/twitter.com\/viva_eurovision\" target=\"_blank\" rel=\"noopener noreferrer\">@viva_eurovision<\/a>\u00a0 <a href=\"https:\/\/www.facebook.com\/Vivaeurovisioncom-867806686671081\/?fref=nf\" target=\"_blank\" rel=\"noopener noreferrer\">FACEBOOK OFICIAL VIVA EUROVISION <\/a><\/strong>Instragram <strong>\u00a0<\/strong><a href=\"https:\/\/www.instagram.com\/vivaeurovision\/\" target=\"_blank\" rel=\"noopener noreferrer\"><strong>@vivaeurovision<\/strong><\/a><\/p>\n<p>Redactor: Pedro Palomo <a href=\"https:\/\/twitter.com\/pedropalomobcn?lang=es\"><strong>@pedropalomobcn<\/strong><\/a><strong>\u00a0<\/strong>Instagram <a href=\"https:\/\/www.instagram.com\/pedrobcn\/\" target=\"_blank\" rel=\"noopener noreferrer\"><strong>@pedrobcn<\/strong><\/a><\/p>\n","protected":false},"excerpt":{"rendered":"<p>Rebeca estrena su nuevo y potente single Carrusel La cantante Rebeca cuenta con una gran trayectoria musical en este pa\u00eds, siendo una de las artistas pop que m\u00e1s ha trabajado&#46;&#46;&#46;<\/p>\n","protected":false},"author":1,"featured_media":8256,"comment_status":"open","ping_status":"closed","sticky":false,"template":"","format":"standard","meta":{"_exactmetrics_skip_tracking":false,"_exactmetrics_sitenote_active":false,"_exactmetrics_sitenote_note":"","_exactmetrics_sitenote_category":0,"footnotes":""},"categories":[87,4,1188,2,875,3,25],"tags":[31,3275,3272,1096,3276,35,1291,34,19,20,766,3273,3274,3277,3278,23,22,273],"class_list":["post-8225","post","type-post","status-publish","format-standard","has-post-thumbnail","hentry","category-columnas","category-eurovision","category-noticia-2","category-noticia","category-rincon-vivalamusica","category-ultima-hora","category-webs-amigas","tag-abel-arana","tag-abel-arana-carrusel","tag-carrusel","tag-festival-de-eurovision","tag-isaac-luque","tag-la-columna-de-abel-arana","tag-music","tag-noticia","tag-pedro-palomo","tag-pedro-palomo-eurovision","tag-pedro-palomo-vivaeurovision","tag-rebeca-carrusel","tag-rebeca-eurovision-2007","tag-rebeca-music","tag-salva-muste","tag-viva-eurovision","tag-vivaeurovision","tag-william-luque"],"yoast_head":"<!-- This site is optimized with the Yoast SEO plugin v27.4 - https:\/\/yoast.com\/product\/yoast-seo-wordpress\/ -->\n<title>Rebeca estrena su nuevo y potente single Carrusel - VIVAEUROVISION viva eurovision<\/title>\n<meta name=\"description\" content=\"rebeca carrusel, abel arana, carrusel, rebeca, isaac luque, abel arana carrusel,\" \/>\n<meta name=\"robots\" content=\"index, follow, max-snippet:-1, max-image-preview:large, max-video-preview:-1\" \/>\n<link rel=\"canonical\" href=\"https:\/\/www.vivaeurovision.com\/index.php\/2018\/11\/01\/8225-rebeca-carrusel\/\" \/>\n<meta property=\"og:locale\" content=\"es_ES\" \/>\n<meta property=\"og:type\" content=\"article\" \/>\n<meta property=\"og:title\" content=\"Rebeca estrena su nuevo y potente single Carrusel - VIVAEUROVISION viva eurovision\" \/>\n<meta property=\"og:description\" content=\"rebeca carrusel, abel arana, carrusel, rebeca, isaac luque, abel arana carrusel,\" \/>\n<meta property=\"og:url\" content=\"https:\/\/www.vivaeurovision.com\/index.php\/2018\/11\/01\/8225-rebeca-carrusel\/\" \/>\n<meta property=\"og:site_name\" content=\"VIVAEUROVISION viva eurovision\" \/>\n<meta property=\"article:published_time\" content=\"2018-11-01T14:29:10+00:00\" \/>\n<meta property=\"og:image\" content=\"https:\/\/www.vivaeurovision.com\/wp-content\/uploads\/2018\/11\/3DD35B17-771B-46D1-83AF-2241D64893CD.jpeg\" \/>\n\t<meta property=\"og:image:width\" content=\"3025\" \/>\n\t<meta property=\"og:image:height\" content=\"1890\" \/>\n\t<meta property=\"og:image:type\" content=\"image\/jpeg\" \/>\n<meta name=\"author\" content=\"Pedro Palomo\" \/>\n<meta name=\"twitter:card\" content=\"summary_large_image\" \/>\n<meta name=\"twitter:creator\" content=\"@pedropalomobcn\" \/>\n<meta name=\"twitter:label1\" content=\"Escrito por\" \/>\n\t<meta name=\"twitter:data1\" content=\"Pedro Palomo\" \/>\n\t<meta name=\"twitter:label2\" content=\"Tiempo de lectura\" \/>\n\t<meta name=\"twitter:data2\" content=\"1 minuto\" \/>\n<script type=\"application\/ld+json\" class=\"yoast-schema-graph\">{\"@context\":\"https:\\\/\\\/schema.org\",\"@graph\":[{\"@type\":\"Article\",\"@id\":\"https:\\\/\\\/www.vivaeurovision.com\\\/index.php\\\/2018\\\/11\\\/01\\\/8225-rebeca-carrusel\\\/#article\",\"isPartOf\":{\"@id\":\"https:\\\/\\\/www.vivaeurovision.com\\\/index.php\\\/2018\\\/11\\\/01\\\/8225-rebeca-carrusel\\\/\"},\"author\":{\"name\":\"Pedro Palomo\",\"@id\":\"https:\\\/\\\/www.vivaeurovision.com\\\/#\\\/schema\\\/person\\\/1d31fdaa3f5f7df556f73d164bd3c47a\"},\"headline\":\"Rebeca estrena su nuevo y potente single Carrusel\",\"datePublished\":\"2018-11-01T14:29:10+00:00\",\"mainEntityOfPage\":{\"@id\":\"https:\\\/\\\/www.vivaeurovision.com\\\/index.php\\\/2018\\\/11\\\/01\\\/8225-rebeca-carrusel\\\/\"},\"wordCount\":259,\"commentCount\":0,\"publisher\":{\"@id\":\"https:\\\/\\\/www.vivaeurovision.com\\\/#organization\"},\"image\":{\"@id\":\"https:\\\/\\\/www.vivaeurovision.com\\\/index.php\\\/2018\\\/11\\\/01\\\/8225-rebeca-carrusel\\\/#primaryimage\"},\"thumbnailUrl\":\"https:\\\/\\\/www.vivaeurovision.com\\\/wp-content\\\/uploads\\\/2018\\\/11\\\/3DD35B17-771B-46D1-83AF-2241D64893CD.jpeg\",\"keywords\":[\"Abel Arana\",\"abel arana carrusel\",\"carrusel\",\"Festival de Eurovisi\u00f3n\",\"isaac Luque\",\"La columna de Abel Arana\",\"music\",\"Noticia\",\"Pedro Palomo\",\"Pedro Palomo Eurovision\",\"Pedro Palomo Vivaeurovision\",\"rebeca carrusel\",\"rebeca eurovision 2007\",\"rebeca music\",\"salva muste\",\"viva eurovision\",\"vivaeurovision\",\"william luque\"],\"articleSection\":[\"Columnas\",\"Inicio\",\"Noticia\",\"Noticias\",\"Rinc\u00f3n VIVALAMUSICA\",\"Ultima Hora\",\"Webs Amigas\"],\"inLanguage\":\"es\",\"potentialAction\":[{\"@type\":\"CommentAction\",\"name\":\"Comment\",\"target\":[\"https:\\\/\\\/www.vivaeurovision.com\\\/index.php\\\/2018\\\/11\\\/01\\\/8225-rebeca-carrusel\\\/#respond\"]}]},{\"@type\":\"WebPage\",\"@id\":\"https:\\\/\\\/www.vivaeurovision.com\\\/index.php\\\/2018\\\/11\\\/01\\\/8225-rebeca-carrusel\\\/\",\"url\":\"https:\\\/\\\/www.vivaeurovision.com\\\/index.php\\\/2018\\\/11\\\/01\\\/8225-rebeca-carrusel\\\/\",\"name\":\"Rebeca estrena su nuevo y potente single Carrusel - VIVAEUROVISION viva eurovision\",\"isPartOf\":{\"@id\":\"https:\\\/\\\/www.vivaeurovision.com\\\/#website\"},\"primaryImageOfPage\":{\"@id\":\"https:\\\/\\\/www.vivaeurovision.com\\\/index.php\\\/2018\\\/11\\\/01\\\/8225-rebeca-carrusel\\\/#primaryimage\"},\"image\":{\"@id\":\"https:\\\/\\\/www.vivaeurovision.com\\\/index.php\\\/2018\\\/11\\\/01\\\/8225-rebeca-carrusel\\\/#primaryimage\"},\"thumbnailUrl\":\"https:\\\/\\\/www.vivaeurovision.com\\\/wp-content\\\/uploads\\\/2018\\\/11\\\/3DD35B17-771B-46D1-83AF-2241D64893CD.jpeg\",\"datePublished\":\"2018-11-01T14:29:10+00:00\",\"description\":\"rebeca carrusel, abel arana, carrusel, rebeca, isaac luque, abel arana carrusel,\",\"breadcrumb\":{\"@id\":\"https:\\\/\\\/www.vivaeurovision.com\\\/index.php\\\/2018\\\/11\\\/01\\\/8225-rebeca-carrusel\\\/#breadcrumb\"},\"inLanguage\":\"es\",\"potentialAction\":[{\"@type\":\"ReadAction\",\"target\":[\"https:\\\/\\\/www.vivaeurovision.com\\\/index.php\\\/2018\\\/11\\\/01\\\/8225-rebeca-carrusel\\\/\"]}]},{\"@type\":\"ImageObject\",\"inLanguage\":\"es\",\"@id\":\"https:\\\/\\\/www.vivaeurovision.com\\\/index.php\\\/2018\\\/11\\\/01\\\/8225-rebeca-carrusel\\\/#primaryimage\",\"url\":\"https:\\\/\\\/www.vivaeurovision.com\\\/wp-content\\\/uploads\\\/2018\\\/11\\\/3DD35B17-771B-46D1-83AF-2241D64893CD.jpeg\",\"contentUrl\":\"https:\\\/\\\/www.vivaeurovision.com\\\/wp-content\\\/uploads\\\/2018\\\/11\\\/3DD35B17-771B-46D1-83AF-2241D64893CD.jpeg\",\"width\":3025,\"height\":1890,\"caption\":\"rebeca carrusel\"},{\"@type\":\"BreadcrumbList\",\"@id\":\"https:\\\/\\\/www.vivaeurovision.com\\\/index.php\\\/2018\\\/11\\\/01\\\/8225-rebeca-carrusel\\\/#breadcrumb\",\"itemListElement\":[{\"@type\":\"ListItem\",\"position\":1,\"name\":\"Portada\",\"item\":\"https:\\\/\\\/www.vivaeurovision.com\\\/\"},{\"@type\":\"ListItem\",\"position\":2,\"name\":\"Rebeca estrena su nuevo y potente single Carrusel\"}]},{\"@type\":\"WebSite\",\"@id\":\"https:\\\/\\\/www.vivaeurovision.com\\\/#website\",\"url\":\"https:\\\/\\\/www.vivaeurovision.com\\\/\",\"name\":\"VIVAEUROVISION viva eurovision\",\"description\":\"Tu portal sobre el Festival de Eurovision, eurovision, eurovisi\u00f3n\",\"publisher\":{\"@id\":\"https:\\\/\\\/www.vivaeurovision.com\\\/#organization\"},\"potentialAction\":[{\"@type\":\"SearchAction\",\"target\":{\"@type\":\"EntryPoint\",\"urlTemplate\":\"https:\\\/\\\/www.vivaeurovision.com\\\/?s={search_term_string}\"},\"query-input\":{\"@type\":\"PropertyValueSpecification\",\"valueRequired\":true,\"valueName\":\"search_term_string\"}}],\"inLanguage\":\"es\"},{\"@type\":\"Organization\",\"@id\":\"https:\\\/\\\/www.vivaeurovision.com\\\/#organization\",\"name\":\"vivaeurovision\",\"url\":\"https:\\\/\\\/www.vivaeurovision.com\\\/\",\"logo\":{\"@type\":\"ImageObject\",\"inLanguage\":\"es\",\"@id\":\"https:\\\/\\\/www.vivaeurovision.com\\\/#\\\/schema\\\/logo\\\/image\\\/\",\"url\":\"https:\\\/\\\/www.vivaeurovision.com\\\/wp-content\\\/uploads\\\/2016\\\/01\\\/cropped-image-21-1.jpeg\",\"contentUrl\":\"https:\\\/\\\/www.vivaeurovision.com\\\/wp-content\\\/uploads\\\/2016\\\/01\\\/cropped-image-21-1.jpeg\",\"width\":669,\"height\":368,\"caption\":\"vivaeurovision\"},\"image\":{\"@id\":\"https:\\\/\\\/www.vivaeurovision.com\\\/#\\\/schema\\\/logo\\\/image\\\/\"}},{\"@type\":\"Person\",\"@id\":\"https:\\\/\\\/www.vivaeurovision.com\\\/#\\\/schema\\\/person\\\/1d31fdaa3f5f7df556f73d164bd3c47a\",\"name\":\"Pedro Palomo\",\"image\":{\"@type\":\"ImageObject\",\"inLanguage\":\"es\",\"@id\":\"https:\\\/\\\/secure.gravatar.com\\\/avatar\\\/4cf9a4877f5f71f44fb7cedbe1bac1bd28bd8ce7a217517d98d5b2117f9f5505?s=96&d=mm&r=g\",\"url\":\"https:\\\/\\\/secure.gravatar.com\\\/avatar\\\/4cf9a4877f5f71f44fb7cedbe1bac1bd28bd8ce7a217517d98d5b2117f9f5505?s=96&d=mm&r=g\",\"contentUrl\":\"https:\\\/\\\/secure.gravatar.com\\\/avatar\\\/4cf9a4877f5f71f44fb7cedbe1bac1bd28bd8ce7a217517d98d5b2117f9f5505?s=96&d=mm&r=g\",\"caption\":\"Pedro Palomo\"},\"sameAs\":[\"http:\\\/\\\/www.vivaeurovision.com\",\"@pedrobcn\",\"https:\\\/\\\/x.com\\\/@pedropalomobcn\"]}]}<\/script>\n<!-- \/ Yoast SEO plugin. -->","yoast_head_json":{"title":"Rebeca estrena su nuevo y potente single Carrusel - VIVAEUROVISION viva eurovision","description":"rebeca carrusel, abel arana, carrusel, rebeca, isaac luque, abel arana carrusel,","robots":{"index":"index","follow":"follow","max-snippet":"max-snippet:-1","max-image-preview":"max-image-preview:large","max-video-preview":"max-video-preview:-1"},"canonical":"https:\/\/www.vivaeurovision.com\/index.php\/2018\/11\/01\/8225-rebeca-carrusel\/","og_locale":"es_ES","og_type":"article","og_title":"Rebeca estrena su nuevo y potente single Carrusel - VIVAEUROVISION viva eurovision","og_description":"rebeca carrusel, abel arana, carrusel, rebeca, isaac luque, abel arana carrusel,","og_url":"https:\/\/www.vivaeurovision.com\/index.php\/2018\/11\/01\/8225-rebeca-carrusel\/","og_site_name":"VIVAEUROVISION viva eurovision","article_published_time":"2018-11-01T14:29:10+00:00","og_image":[{"width":3025,"height":1890,"url":"https:\/\/www.vivaeurovision.com\/wp-content\/uploads\/2018\/11\/3DD35B17-771B-46D1-83AF-2241D64893CD.jpeg","type":"image\/jpeg"}],"author":"Pedro Palomo","twitter_card":"summary_large_image","twitter_creator":"@pedropalomobcn","twitter_misc":{"Escrito por":"Pedro Palomo","Tiempo de lectura":"1 minuto"},"schema":{"@context":"https:\/\/schema.org","@graph":[{"@type":"Article","@id":"https:\/\/www.vivaeurovision.com\/index.php\/2018\/11\/01\/8225-rebeca-carrusel\/#article","isPartOf":{"@id":"https:\/\/www.vivaeurovision.com\/index.php\/2018\/11\/01\/8225-rebeca-carrusel\/"},"author":{"name":"Pedro Palomo","@id":"https:\/\/www.vivaeurovision.com\/#\/schema\/person\/1d31fdaa3f5f7df556f73d164bd3c47a"},"headline":"Rebeca estrena su nuevo y potente single Carrusel","datePublished":"2018-11-01T14:29:10+00:00","mainEntityOfPage":{"@id":"https:\/\/www.vivaeurovision.com\/index.php\/2018\/11\/01\/8225-rebeca-carrusel\/"},"wordCount":259,"commentCount":0,"publisher":{"@id":"https:\/\/www.vivaeurovision.com\/#organization"},"image":{"@id":"https:\/\/www.vivaeurovision.com\/index.php\/2018\/11\/01\/8225-rebeca-carrusel\/#primaryimage"},"thumbnailUrl":"https:\/\/www.vivaeurovision.com\/wp-content\/uploads\/2018\/11\/3DD35B17-771B-46D1-83AF-2241D64893CD.jpeg","keywords":["Abel Arana","abel arana carrusel","carrusel","Festival de Eurovisi\u00f3n","isaac Luque","La columna de Abel Arana","music","Noticia","Pedro Palomo","Pedro Palomo Eurovision","Pedro Palomo Vivaeurovision","rebeca carrusel","rebeca eurovision 2007","rebeca music","salva muste","viva eurovision","vivaeurovision","william luque"],"articleSection":["Columnas","Inicio","Noticia","Noticias","Rinc\u00f3n VIVALAMUSICA","Ultima Hora","Webs Amigas"],"inLanguage":"es","potentialAction":[{"@type":"CommentAction","name":"Comment","target":["https:\/\/www.vivaeurovision.com\/index.php\/2018\/11\/01\/8225-rebeca-carrusel\/#respond"]}]},{"@type":"WebPage","@id":"https:\/\/www.vivaeurovision.com\/index.php\/2018\/11\/01\/8225-rebeca-carrusel\/","url":"https:\/\/www.vivaeurovision.com\/index.php\/2018\/11\/01\/8225-rebeca-carrusel\/","name":"Rebeca estrena su nuevo y potente single Carrusel - VIVAEUROVISION viva eurovision","isPartOf":{"@id":"https:\/\/www.vivaeurovision.com\/#website"},"primaryImageOfPage":{"@id":"https:\/\/www.vivaeurovision.com\/index.php\/2018\/11\/01\/8225-rebeca-carrusel\/#primaryimage"},"image":{"@id":"https:\/\/www.vivaeurovision.com\/index.php\/2018\/11\/01\/8225-rebeca-carrusel\/#primaryimage"},"thumbnailUrl":"https:\/\/www.vivaeurovision.com\/wp-content\/uploads\/2018\/11\/3DD35B17-771B-46D1-83AF-2241D64893CD.jpeg","datePublished":"2018-11-01T14:29:10+00:00","description":"rebeca carrusel, abel arana, carrusel, rebeca, isaac luque, abel arana carrusel,","breadcrumb":{"@id":"https:\/\/www.vivaeurovision.com\/index.php\/2018\/11\/01\/8225-rebeca-carrusel\/#breadcrumb"},"inLanguage":"es","potentialAction":[{"@type":"ReadAction","target":["https:\/\/www.vivaeurovision.com\/index.php\/2018\/11\/01\/8225-rebeca-carrusel\/"]}]},{"@type":"ImageObject","inLanguage":"es","@id":"https:\/\/www.vivaeurovision.com\/index.php\/2018\/11\/01\/8225-rebeca-carrusel\/#primaryimage","url":"https:\/\/www.vivaeurovision.com\/wp-content\/uploads\/2018\/11\/3DD35B17-771B-46D1-83AF-2241D64893CD.jpeg","contentUrl":"https:\/\/www.vivaeurovision.com\/wp-content\/uploads\/2018\/11\/3DD35B17-771B-46D1-83AF-2241D64893CD.jpeg","width":3025,"height":1890,"caption":"rebeca carrusel"},{"@type":"BreadcrumbList","@id":"https:\/\/www.vivaeurovision.com\/index.php\/2018\/11\/01\/8225-rebeca-carrusel\/#breadcrumb","itemListElement":[{"@type":"ListItem","position":1,"name":"Portada","item":"https:\/\/www.vivaeurovision.com\/"},{"@type":"ListItem","position":2,"name":"Rebeca estrena su nuevo y potente single Carrusel"}]},{"@type":"WebSite","@id":"https:\/\/www.vivaeurovision.com\/#website","url":"https:\/\/www.vivaeurovision.com\/","name":"VIVAEUROVISION viva eurovision","description":"Tu portal sobre el Festival de Eurovision, eurovision, eurovisi\u00f3n","publisher":{"@id":"https:\/\/www.vivaeurovision.com\/#organization"},"potentialAction":[{"@type":"SearchAction","target":{"@type":"EntryPoint","urlTemplate":"https:\/\/www.vivaeurovision.com\/?s={search_term_string}"},"query-input":{"@type":"PropertyValueSpecification","valueRequired":true,"valueName":"search_term_string"}}],"inLanguage":"es"},{"@type":"Organization","@id":"https:\/\/www.vivaeurovision.com\/#organization","name":"vivaeurovision","url":"https:\/\/www.vivaeurovision.com\/","logo":{"@type":"ImageObject","inLanguage":"es","@id":"https:\/\/www.vivaeurovision.com\/#\/schema\/logo\/image\/","url":"https:\/\/www.vivaeurovision.com\/wp-content\/uploads\/2016\/01\/cropped-image-21-1.jpeg","contentUrl":"https:\/\/www.vivaeurovision.com\/wp-content\/uploads\/2016\/01\/cropped-image-21-1.jpeg","width":669,"height":368,"caption":"vivaeurovision"},"image":{"@id":"https:\/\/www.vivaeurovision.com\/#\/schema\/logo\/image\/"}},{"@type":"Person","@id":"https:\/\/www.vivaeurovision.com\/#\/schema\/person\/1d31fdaa3f5f7df556f73d164bd3c47a","name":"Pedro Palomo","image":{"@type":"ImageObject","inLanguage":"es","@id":"https:\/\/secure.gravatar.com\/avatar\/4cf9a4877f5f71f44fb7cedbe1bac1bd28bd8ce7a217517d98d5b2117f9f5505?s=96&d=mm&r=g","url":"https:\/\/secure.gravatar.com\/avatar\/4cf9a4877f5f71f44fb7cedbe1bac1bd28bd8ce7a217517d98d5b2117f9f5505?s=96&d=mm&r=g","contentUrl":"https:\/\/secure.gravatar.com\/avatar\/4cf9a4877f5f71f44fb7cedbe1bac1bd28bd8ce7a217517d98d5b2117f9f5505?s=96&d=mm&r=g","caption":"Pedro Palomo"},"sameAs":["http:\/\/www.vivaeurovision.com","@pedrobcn","https:\/\/x.com\/@pedropalomobcn"]}]}},"_links":{"self":[{"href":"https:\/\/www.vivaeurovision.com\/index.php\/wp-json\/wp\/v2\/posts\/8225","targetHints":{"allow":["GET"]}}],"collection":[{"href":"https:\/\/www.vivaeurovision.com\/index.php\/wp-json\/wp\/v2\/posts"}],"about":[{"href":"https:\/\/www.vivaeurovision.com\/index.php\/wp-json\/wp\/v2\/types\/post"}],"author":[{"embeddable":true,"href":"https:\/\/www.vivaeurovision.com\/index.php\/wp-json\/wp\/v2\/users\/1"}],"replies":[{"embeddable":true,"href":"https:\/\/www.vivaeurovision.com\/index.php\/wp-json\/wp\/v2\/comments?post=8225"}],"version-history":[{"count":4,"href":"https:\/\/www.vivaeurovision.com\/index.php\/wp-json\/wp\/v2\/posts\/8225\/revisions"}],"predecessor-version":[{"id":8261,"href":"https:\/\/www.vivaeurovision.com\/index.php\/wp-json\/wp\/v2\/posts\/8225\/revisions\/8261"}],"wp:featuredmedia":[{"embeddable":true,"href":"https:\/\/www.vivaeurovision.com\/index.php\/wp-json\/wp\/v2\/media\/8256"}],"wp:attachment":[{"href":"https:\/\/www.vivaeurovision.com\/index.php\/wp-json\/wp\/v2\/media?parent=8225"}],"wp:term":[{"taxonomy":"category","embeddable":true,"href":"https:\/\/www.vivaeurovision.com\/index.php\/wp-json\/wp\/v2\/categories?post=8225"},{"taxonomy":"post_tag","embeddable":true,"href":"https:\/\/www.vivaeurovision.com\/index.php\/wp-json\/wp\/v2\/tags?post=8225"}],"curies":[{"name":"wp","href":"https:\/\/api.w.org\/{rel}","templated":true}]}}