{"id":8235,"date":"2018-11-06T22:50:20","date_gmt":"2018-11-06T22:50:20","guid":{"rendered":"http:\/\/www.vivaeurovision.com\/?p=8235"},"modified":"2018-11-06T22:50:20","modified_gmt":"2018-11-06T22:50:20","slug":"ot-2018-gala-7","status":"publish","type":"post","link":"https:\/\/www.vivaeurovision.com\/index.php\/2018\/11\/06\/ot-2018-gala-7\/","title":{"rendered":"OT 2018: Gala 7 Noelia o Marilia \u00bf Quien continuar\u00e1 en la academia ?"},"content":{"rendered":"<h2>OT 2018: Gala 7 Noelia o Marilia \u00bf Quien continuar\u00e1 en la academia ?<\/h2>\n<p><img loading=\"lazy\" decoding=\"async\" class=\"alignnone size-medium wp-image-8289\" src=\"http:\/\/www.vivaeurovision.com\/wp-content\/uploads\/2018\/11\/10458D10-978C-4D8D-A99A-00A9D4A7118D-300x140.jpeg\" alt=\"ot 2018\" width=\"300\" height=\"140\" srcset=\"https:\/\/www.vivaeurovision.com\/wp-content\/uploads\/2018\/11\/10458D10-978C-4D8D-A99A-00A9D4A7118D-300x140.jpeg 300w, https:\/\/www.vivaeurovision.com\/wp-content\/uploads\/2018\/11\/10458D10-978C-4D8D-A99A-00A9D4A7118D-700x327.jpeg 700w, https:\/\/www.vivaeurovision.com\/wp-content\/uploads\/2018\/11\/10458D10-978C-4D8D-A99A-00A9D4A7118D-520x245.jpeg 520w, https:\/\/www.vivaeurovision.com\/wp-content\/uploads\/2018\/11\/10458D10-978C-4D8D-A99A-00A9D4A7118D.jpeg 1181w\" sizes=\"auto, (max-width: 300px) 100vw, 300px\" \/><\/p>\n<p>La gala 7 de operaci\u00f3n triunfo 2018 cuenta con Eros Ramazzotti y el grupo CNCO como invitados, Brisa Fenoy compositora del \u00e9xito hit Lo Malo, ocupa en esta ocasi\u00f3n la cuarta plaza del jurado rotatorio.<\/p>\n<p><strong>Grupal<\/strong>:\u00a0\u00abDon&#8217;t stop me now\u00bb (1978), de Queen<\/p>\n<p><strong>NOMINADAS<\/strong><\/p>\n<p><strong>Marilia<\/strong>:\u00a0\u00abMar\u00eda se bebe las calles\u00bb (2003), de Pasi\u00f3n Vega<\/p>\n<p><strong>Noelia<\/strong>:\u00a0\u00abStone cold\u00bb (2015), de Demi Lovato<\/p>\n<p><strong>CANCIONES DE EXAMEN\u00a0<\/strong><\/p>\n<p><strong>Miki<\/strong> <strong>y<\/strong> <strong>Sabela<\/strong>:\u00a0\u00abNo olvidarme de olvidar\u00bb (2016), de Rosana y Carlos Rivera<\/p>\n<p><strong>Famous<\/strong>:\u00a0\u00abNobodybut you\u00bb (2017), de Cesar Sampson<\/p>\n<p><strong>Natalia<\/strong>:\u00a0\u00abFlames\u00bb (2018), de Sia<\/p>\n<p><strong>Mar\u00eda<\/strong>:\u00a0\u00abVoy en un coche\u00bb (1992), de Christina y los Subterr\u00e1neos<\/p>\n<p><strong>Julia<\/strong> <strong>y<\/strong> <strong>Marta<\/strong>:\u00a0\u00abLove on top\u00bb (2011), de Beyonc\u00e9<\/p>\n<p><strong>Alba<\/strong> <strong>y<\/strong> <strong>Carlos<\/strong>:\u00a0\u00abContam\u00edname\u00bb (1996), de Pedro Guerra<\/p>\n<p>&nbsp;<\/p>\n<p><img loading=\"lazy\" decoding=\"async\" class=\"alignnone size-medium wp-image-311\" src=\"http:\/\/www.vivaeurovision.com\/wp-content\/uploads\/2016\/01\/image-21-300x165.jpeg\" alt=\"VIVAEUROVISION.COM\" width=\"300\" height=\"165\" srcset=\"https:\/\/www.vivaeurovision.com\/wp-content\/uploads\/2016\/01\/image-21-300x165.jpeg 300w, https:\/\/www.vivaeurovision.com\/wp-content\/uploads\/2016\/01\/image-21-555x305.jpeg 555w, https:\/\/www.vivaeurovision.com\/wp-content\/uploads\/2016\/01\/image-21.jpeg 669w\" sizes=\"auto, (max-width: 300px) 100vw, 300px\" \/><\/p>\n<p>Twitter\u00a0<strong> <a href=\"https:\/\/twitter.com\/viva_eurovision\" target=\"_blank\" rel=\"noopener noreferrer\">@viva_eurovision<\/a>\u00a0 <a href=\"https:\/\/www.facebook.com\/Vivaeurovisioncom-867806686671081\/?fref=nf\" target=\"_blank\" rel=\"noopener noreferrer\">FACEBOOK OFICIAL VIVA EUROVISION <\/a><\/strong>Instragram <strong>\u00a0<\/strong><a href=\"https:\/\/www.instagram.com\/vivaeurovision\/\" target=\"_blank\" rel=\"noopener noreferrer\"><strong>@vivaeurovision<\/strong><\/a><\/p>\n<p>Redactor: Pedro Palomo <a href=\"https:\/\/twitter.com\/pedropalomobcn?lang=es\"><strong>@pedropalomobcn<\/strong><\/a><strong>\u00a0<\/strong>Instagram <a href=\"https:\/\/www.instagram.com\/pedrobcn\/\" target=\"_blank\" rel=\"noopener noreferrer\"><strong>@pedrobcn<\/strong><\/a><\/p>\n","protected":false},"excerpt":{"rendered":"<p>OT 2018: Gala 7 Noelia o Marilia \u00bf Quien continuar\u00e1 en la academia ? La gala 7 de operaci\u00f3n triunfo 2018 cuenta con Eros Ramazzotti y el grupo CNCO como&#46;&#46;&#46;<\/p>\n","protected":false},"author":1,"featured_media":8289,"comment_status":"open","ping_status":"closed","sticky":false,"template":"","format":"standard","meta":{"_exactmetrics_skip_tracking":false,"_exactmetrics_sitenote_active":false,"_exactmetrics_sitenote_note":"","_exactmetrics_sitenote_category":0,"footnotes":""},"categories":[6,1195,3086,4,1188,2,2593,3],"tags":[3267,17,3082,11,2870,3264,3213,3268,1476,706,3211,3212,3269,1096,2324,34,862,2645,2644,3245,3293,19,20,766,110,3266,3265,57,23,22],"class_list":["post-8235","post","type-post","status-publish","format-standard","has-post-thumbnail","hentry","category-espana-en-eurovision","category-eurovision-2","category-eurovision-2019","category-eurovision","category-noticia-2","category-noticia","category-operacion-triunfo","category-ultima-hora","tag-dare-to-dream","tag-esc","tag-esc-2019","tag-eurovision","tag-eurovision-2019","tag-eurovision-2019-dare-to-dream","tag-eurovision-2019-tel-aviv","tag-eurovision-dare-to-dream","tag-eurovision-song-contest","tag-eurovision-song-contest-festival","tag-eurovision-tel-aviv","tag-eurovision-tel-aviv-2019","tag-eurovision-tel-aviv-dare-to-dream","tag-festival-de-eurovision","tag-gestmusic","tag-noticia","tag-operacion-triunfo","tag-operacion-triunfo-2018","tag-ot-2018","tag-ot-2018-eurovision","tag-ot-2018-gala-7","tag-pedro-palomo","tag-pedro-palomo-eurovision","tag-pedro-palomo-vivaeurovision","tag-rtve-eurovision","tag-tel-aviv-2019-dare-to-dream","tag-tel-aviv-dare-to-dream","tag-tve","tag-viva-eurovision","tag-vivaeurovision"],"yoast_head":"<!-- This site is optimized with the Yoast SEO plugin v27.4 - https:\/\/yoast.com\/product\/yoast-seo-wordpress\/ -->\n<title>OT 2018: Gala 7 Noelia o Marilia \u00bf Quien continuar\u00e1 en la academia ? - VIVAEUROVISION viva eurovision<\/title>\n<meta name=\"description\" content=\"ot 2018, ot 2018 gala 7, operaci\u00f3n triunfo, operaci\u00f3n triunfo 2018, operaci\u00f3n triunfo gala 7, vivaeurovision, eurovision, viva eurovisi\u00f3n\" \/>\n<meta name=\"robots\" content=\"index, follow, max-snippet:-1, max-image-preview:large, max-video-preview:-1\" \/>\n<link rel=\"canonical\" href=\"https:\/\/www.vivaeurovision.com\/index.php\/2018\/11\/06\/ot-2018-gala-7\/\" \/>\n<meta property=\"og:locale\" content=\"es_ES\" \/>\n<meta property=\"og:type\" content=\"article\" \/>\n<meta property=\"og:title\" content=\"OT 2018: Gala 7 Noelia o Marilia \u00bf Quien continuar\u00e1 en la academia ? - VIVAEUROVISION viva eurovision\" \/>\n<meta property=\"og:description\" content=\"ot 2018, ot 2018 gala 7, operaci\u00f3n triunfo, operaci\u00f3n triunfo 2018, operaci\u00f3n triunfo gala 7, vivaeurovision, eurovision, viva eurovisi\u00f3n\" \/>\n<meta property=\"og:url\" content=\"https:\/\/www.vivaeurovision.com\/index.php\/2018\/11\/06\/ot-2018-gala-7\/\" \/>\n<meta property=\"og:site_name\" content=\"VIVAEUROVISION viva eurovision\" \/>\n<meta property=\"article:published_time\" content=\"2018-11-06T22:50:20+00:00\" \/>\n<meta property=\"og:image\" content=\"https:\/\/www.vivaeurovision.com\/wp-content\/uploads\/2018\/11\/10458D10-978C-4D8D-A99A-00A9D4A7118D.jpeg\" \/>\n\t<meta property=\"og:image:width\" content=\"1181\" \/>\n\t<meta property=\"og:image:height\" content=\"552\" \/>\n\t<meta property=\"og:image:type\" content=\"image\/jpeg\" \/>\n<meta name=\"author\" content=\"Pedro Palomo\" \/>\n<meta name=\"twitter:card\" content=\"summary_large_image\" \/>\n<meta name=\"twitter:creator\" content=\"@pedropalomobcn\" \/>\n<meta name=\"twitter:label1\" content=\"Escrito por\" \/>\n\t<meta name=\"twitter:data1\" content=\"Pedro Palomo\" \/>\n\t<meta name=\"twitter:label2\" content=\"Tiempo de lectura\" \/>\n\t<meta name=\"twitter:data2\" content=\"1 minuto\" \/>\n<script type=\"application\/ld+json\" class=\"yoast-schema-graph\">{\"@context\":\"https:\\\/\\\/schema.org\",\"@graph\":[{\"@type\":\"Article\",\"@id\":\"https:\\\/\\\/www.vivaeurovision.com\\\/index.php\\\/2018\\\/11\\\/06\\\/ot-2018-gala-7\\\/#article\",\"isPartOf\":{\"@id\":\"https:\\\/\\\/www.vivaeurovision.com\\\/index.php\\\/2018\\\/11\\\/06\\\/ot-2018-gala-7\\\/\"},\"author\":{\"name\":\"Pedro Palomo\",\"@id\":\"https:\\\/\\\/www.vivaeurovision.com\\\/#\\\/schema\\\/person\\\/1d31fdaa3f5f7df556f73d164bd3c47a\"},\"headline\":\"OT 2018: Gala 7 Noelia o Marilia \u00bf Quien continuar\u00e1 en la academia ?\",\"datePublished\":\"2018-11-06T22:50:20+00:00\",\"mainEntityOfPage\":{\"@id\":\"https:\\\/\\\/www.vivaeurovision.com\\\/index.php\\\/2018\\\/11\\\/06\\\/ot-2018-gala-7\\\/\"},\"wordCount\":150,\"commentCount\":0,\"publisher\":{\"@id\":\"https:\\\/\\\/www.vivaeurovision.com\\\/#organization\"},\"image\":{\"@id\":\"https:\\\/\\\/www.vivaeurovision.com\\\/index.php\\\/2018\\\/11\\\/06\\\/ot-2018-gala-7\\\/#primaryimage\"},\"thumbnailUrl\":\"https:\\\/\\\/www.vivaeurovision.com\\\/wp-content\\\/uploads\\\/2018\\\/11\\\/10458D10-978C-4D8D-A99A-00A9D4A7118D.jpeg\",\"keywords\":[\"dare to dream\",\"ESC\",\"esc 2019\",\"Eurovision\",\"eurovision 2019\",\"eurovision 2019 dare to dream\",\"eurovision 2019 tel aviv\",\"eurovision dare to dream\",\"eurovision song contest\",\"eurovision song contest festival\",\"eurovision tel aviv\",\"eurovision tel aviv 2019\",\"eurovision tel aviv dare to dream\",\"Festival de Eurovisi\u00f3n\",\"gestmusic\",\"Noticia\",\"Operacion triunfo\",\"operacion triunfo 2018\",\"ot 2018\",\"ot 2018 eurovision\",\"ot 2018 gala 7\",\"Pedro Palomo\",\"Pedro Palomo Eurovision\",\"Pedro Palomo Vivaeurovision\",\"Rtve EUROVISION\",\"tel aviv 2019 dare to dream\",\"tel aviv dare to dream\",\"tve\",\"viva eurovision\",\"vivaeurovision\"],\"articleSection\":[\"Espa\u00f1a en Eurovisi\u00f3n\",\"eurovision\",\"eurovision 2019\",\"Inicio\",\"Noticia\",\"Noticias\",\"operacion triunfo\",\"Ultima Hora\"],\"inLanguage\":\"es\",\"potentialAction\":[{\"@type\":\"CommentAction\",\"name\":\"Comment\",\"target\":[\"https:\\\/\\\/www.vivaeurovision.com\\\/index.php\\\/2018\\\/11\\\/06\\\/ot-2018-gala-7\\\/#respond\"]}]},{\"@type\":\"WebPage\",\"@id\":\"https:\\\/\\\/www.vivaeurovision.com\\\/index.php\\\/2018\\\/11\\\/06\\\/ot-2018-gala-7\\\/\",\"url\":\"https:\\\/\\\/www.vivaeurovision.com\\\/index.php\\\/2018\\\/11\\\/06\\\/ot-2018-gala-7\\\/\",\"name\":\"OT 2018: Gala 7 Noelia o Marilia \u00bf Quien continuar\u00e1 en la academia ? - VIVAEUROVISION viva eurovision\",\"isPartOf\":{\"@id\":\"https:\\\/\\\/www.vivaeurovision.com\\\/#website\"},\"primaryImageOfPage\":{\"@id\":\"https:\\\/\\\/www.vivaeurovision.com\\\/index.php\\\/2018\\\/11\\\/06\\\/ot-2018-gala-7\\\/#primaryimage\"},\"image\":{\"@id\":\"https:\\\/\\\/www.vivaeurovision.com\\\/index.php\\\/2018\\\/11\\\/06\\\/ot-2018-gala-7\\\/#primaryimage\"},\"thumbnailUrl\":\"https:\\\/\\\/www.vivaeurovision.com\\\/wp-content\\\/uploads\\\/2018\\\/11\\\/10458D10-978C-4D8D-A99A-00A9D4A7118D.jpeg\",\"datePublished\":\"2018-11-06T22:50:20+00:00\",\"description\":\"ot 2018, ot 2018 gala 7, operaci\u00f3n triunfo, operaci\u00f3n triunfo 2018, operaci\u00f3n triunfo gala 7, vivaeurovision, eurovision, viva eurovisi\u00f3n\",\"breadcrumb\":{\"@id\":\"https:\\\/\\\/www.vivaeurovision.com\\\/index.php\\\/2018\\\/11\\\/06\\\/ot-2018-gala-7\\\/#breadcrumb\"},\"inLanguage\":\"es\",\"potentialAction\":[{\"@type\":\"ReadAction\",\"target\":[\"https:\\\/\\\/www.vivaeurovision.com\\\/index.php\\\/2018\\\/11\\\/06\\\/ot-2018-gala-7\\\/\"]}]},{\"@type\":\"ImageObject\",\"inLanguage\":\"es\",\"@id\":\"https:\\\/\\\/www.vivaeurovision.com\\\/index.php\\\/2018\\\/11\\\/06\\\/ot-2018-gala-7\\\/#primaryimage\",\"url\":\"https:\\\/\\\/www.vivaeurovision.com\\\/wp-content\\\/uploads\\\/2018\\\/11\\\/10458D10-978C-4D8D-A99A-00A9D4A7118D.jpeg\",\"contentUrl\":\"https:\\\/\\\/www.vivaeurovision.com\\\/wp-content\\\/uploads\\\/2018\\\/11\\\/10458D10-978C-4D8D-A99A-00A9D4A7118D.jpeg\",\"width\":1181,\"height\":552,\"caption\":\"ot 2018\"},{\"@type\":\"BreadcrumbList\",\"@id\":\"https:\\\/\\\/www.vivaeurovision.com\\\/index.php\\\/2018\\\/11\\\/06\\\/ot-2018-gala-7\\\/#breadcrumb\",\"itemListElement\":[{\"@type\":\"ListItem\",\"position\":1,\"name\":\"Portada\",\"item\":\"https:\\\/\\\/www.vivaeurovision.com\\\/\"},{\"@type\":\"ListItem\",\"position\":2,\"name\":\"OT 2018: Gala 7 Noelia o Marilia \u00bf Quien continuar\u00e1 en la academia ?\"}]},{\"@type\":\"WebSite\",\"@id\":\"https:\\\/\\\/www.vivaeurovision.com\\\/#website\",\"url\":\"https:\\\/\\\/www.vivaeurovision.com\\\/\",\"name\":\"VIVAEUROVISION viva eurovision\",\"description\":\"Tu portal sobre el Festival de Eurovision, eurovision, eurovisi\u00f3n\",\"publisher\":{\"@id\":\"https:\\\/\\\/www.vivaeurovision.com\\\/#organization\"},\"potentialAction\":[{\"@type\":\"SearchAction\",\"target\":{\"@type\":\"EntryPoint\",\"urlTemplate\":\"https:\\\/\\\/www.vivaeurovision.com\\\/?s={search_term_string}\"},\"query-input\":{\"@type\":\"PropertyValueSpecification\",\"valueRequired\":true,\"valueName\":\"search_term_string\"}}],\"inLanguage\":\"es\"},{\"@type\":\"Organization\",\"@id\":\"https:\\\/\\\/www.vivaeurovision.com\\\/#organization\",\"name\":\"vivaeurovision\",\"url\":\"https:\\\/\\\/www.vivaeurovision.com\\\/\",\"logo\":{\"@type\":\"ImageObject\",\"inLanguage\":\"es\",\"@id\":\"https:\\\/\\\/www.vivaeurovision.com\\\/#\\\/schema\\\/logo\\\/image\\\/\",\"url\":\"https:\\\/\\\/www.vivaeurovision.com\\\/wp-content\\\/uploads\\\/2016\\\/01\\\/cropped-image-21-1.jpeg\",\"contentUrl\":\"https:\\\/\\\/www.vivaeurovision.com\\\/wp-content\\\/uploads\\\/2016\\\/01\\\/cropped-image-21-1.jpeg\",\"width\":669,\"height\":368,\"caption\":\"vivaeurovision\"},\"image\":{\"@id\":\"https:\\\/\\\/www.vivaeurovision.com\\\/#\\\/schema\\\/logo\\\/image\\\/\"}},{\"@type\":\"Person\",\"@id\":\"https:\\\/\\\/www.vivaeurovision.com\\\/#\\\/schema\\\/person\\\/1d31fdaa3f5f7df556f73d164bd3c47a\",\"name\":\"Pedro Palomo\",\"image\":{\"@type\":\"ImageObject\",\"inLanguage\":\"es\",\"@id\":\"https:\\\/\\\/secure.gravatar.com\\\/avatar\\\/4cf9a4877f5f71f44fb7cedbe1bac1bd28bd8ce7a217517d98d5b2117f9f5505?s=96&d=mm&r=g\",\"url\":\"https:\\\/\\\/secure.gravatar.com\\\/avatar\\\/4cf9a4877f5f71f44fb7cedbe1bac1bd28bd8ce7a217517d98d5b2117f9f5505?s=96&d=mm&r=g\",\"contentUrl\":\"https:\\\/\\\/secure.gravatar.com\\\/avatar\\\/4cf9a4877f5f71f44fb7cedbe1bac1bd28bd8ce7a217517d98d5b2117f9f5505?s=96&d=mm&r=g\",\"caption\":\"Pedro Palomo\"},\"sameAs\":[\"http:\\\/\\\/www.vivaeurovision.com\",\"@pedrobcn\",\"https:\\\/\\\/x.com\\\/@pedropalomobcn\"]}]}<\/script>\n<!-- \/ Yoast SEO plugin. -->","yoast_head_json":{"title":"OT 2018: Gala 7 Noelia o Marilia \u00bf Quien continuar\u00e1 en la academia ? - VIVAEUROVISION viva eurovision","description":"ot 2018, ot 2018 gala 7, operaci\u00f3n triunfo, operaci\u00f3n triunfo 2018, operaci\u00f3n triunfo gala 7, vivaeurovision, eurovision, viva eurovisi\u00f3n","robots":{"index":"index","follow":"follow","max-snippet":"max-snippet:-1","max-image-preview":"max-image-preview:large","max-video-preview":"max-video-preview:-1"},"canonical":"https:\/\/www.vivaeurovision.com\/index.php\/2018\/11\/06\/ot-2018-gala-7\/","og_locale":"es_ES","og_type":"article","og_title":"OT 2018: Gala 7 Noelia o Marilia \u00bf Quien continuar\u00e1 en la academia ? - VIVAEUROVISION viva eurovision","og_description":"ot 2018, ot 2018 gala 7, operaci\u00f3n triunfo, operaci\u00f3n triunfo 2018, operaci\u00f3n triunfo gala 7, vivaeurovision, eurovision, viva eurovisi\u00f3n","og_url":"https:\/\/www.vivaeurovision.com\/index.php\/2018\/11\/06\/ot-2018-gala-7\/","og_site_name":"VIVAEUROVISION viva eurovision","article_published_time":"2018-11-06T22:50:20+00:00","og_image":[{"width":1181,"height":552,"url":"https:\/\/www.vivaeurovision.com\/wp-content\/uploads\/2018\/11\/10458D10-978C-4D8D-A99A-00A9D4A7118D.jpeg","type":"image\/jpeg"}],"author":"Pedro Palomo","twitter_card":"summary_large_image","twitter_creator":"@pedropalomobcn","twitter_misc":{"Escrito por":"Pedro Palomo","Tiempo de lectura":"1 minuto"},"schema":{"@context":"https:\/\/schema.org","@graph":[{"@type":"Article","@id":"https:\/\/www.vivaeurovision.com\/index.php\/2018\/11\/06\/ot-2018-gala-7\/#article","isPartOf":{"@id":"https:\/\/www.vivaeurovision.com\/index.php\/2018\/11\/06\/ot-2018-gala-7\/"},"author":{"name":"Pedro Palomo","@id":"https:\/\/www.vivaeurovision.com\/#\/schema\/person\/1d31fdaa3f5f7df556f73d164bd3c47a"},"headline":"OT 2018: Gala 7 Noelia o Marilia \u00bf Quien continuar\u00e1 en la academia ?","datePublished":"2018-11-06T22:50:20+00:00","mainEntityOfPage":{"@id":"https:\/\/www.vivaeurovision.com\/index.php\/2018\/11\/06\/ot-2018-gala-7\/"},"wordCount":150,"commentCount":0,"publisher":{"@id":"https:\/\/www.vivaeurovision.com\/#organization"},"image":{"@id":"https:\/\/www.vivaeurovision.com\/index.php\/2018\/11\/06\/ot-2018-gala-7\/#primaryimage"},"thumbnailUrl":"https:\/\/www.vivaeurovision.com\/wp-content\/uploads\/2018\/11\/10458D10-978C-4D8D-A99A-00A9D4A7118D.jpeg","keywords":["dare to dream","ESC","esc 2019","Eurovision","eurovision 2019","eurovision 2019 dare to dream","eurovision 2019 tel aviv","eurovision dare to dream","eurovision song contest","eurovision song contest festival","eurovision tel aviv","eurovision tel aviv 2019","eurovision tel aviv dare to dream","Festival de Eurovisi\u00f3n","gestmusic","Noticia","Operacion triunfo","operacion triunfo 2018","ot 2018","ot 2018 eurovision","ot 2018 gala 7","Pedro Palomo","Pedro Palomo Eurovision","Pedro Palomo Vivaeurovision","Rtve EUROVISION","tel aviv 2019 dare to dream","tel aviv dare to dream","tve","viva eurovision","vivaeurovision"],"articleSection":["Espa\u00f1a en Eurovisi\u00f3n","eurovision","eurovision 2019","Inicio","Noticia","Noticias","operacion triunfo","Ultima Hora"],"inLanguage":"es","potentialAction":[{"@type":"CommentAction","name":"Comment","target":["https:\/\/www.vivaeurovision.com\/index.php\/2018\/11\/06\/ot-2018-gala-7\/#respond"]}]},{"@type":"WebPage","@id":"https:\/\/www.vivaeurovision.com\/index.php\/2018\/11\/06\/ot-2018-gala-7\/","url":"https:\/\/www.vivaeurovision.com\/index.php\/2018\/11\/06\/ot-2018-gala-7\/","name":"OT 2018: Gala 7 Noelia o Marilia \u00bf Quien continuar\u00e1 en la academia ? - VIVAEUROVISION viva eurovision","isPartOf":{"@id":"https:\/\/www.vivaeurovision.com\/#website"},"primaryImageOfPage":{"@id":"https:\/\/www.vivaeurovision.com\/index.php\/2018\/11\/06\/ot-2018-gala-7\/#primaryimage"},"image":{"@id":"https:\/\/www.vivaeurovision.com\/index.php\/2018\/11\/06\/ot-2018-gala-7\/#primaryimage"},"thumbnailUrl":"https:\/\/www.vivaeurovision.com\/wp-content\/uploads\/2018\/11\/10458D10-978C-4D8D-A99A-00A9D4A7118D.jpeg","datePublished":"2018-11-06T22:50:20+00:00","description":"ot 2018, ot 2018 gala 7, operaci\u00f3n triunfo, operaci\u00f3n triunfo 2018, operaci\u00f3n triunfo gala 7, vivaeurovision, eurovision, viva eurovisi\u00f3n","breadcrumb":{"@id":"https:\/\/www.vivaeurovision.com\/index.php\/2018\/11\/06\/ot-2018-gala-7\/#breadcrumb"},"inLanguage":"es","potentialAction":[{"@type":"ReadAction","target":["https:\/\/www.vivaeurovision.com\/index.php\/2018\/11\/06\/ot-2018-gala-7\/"]}]},{"@type":"ImageObject","inLanguage":"es","@id":"https:\/\/www.vivaeurovision.com\/index.php\/2018\/11\/06\/ot-2018-gala-7\/#primaryimage","url":"https:\/\/www.vivaeurovision.com\/wp-content\/uploads\/2018\/11\/10458D10-978C-4D8D-A99A-00A9D4A7118D.jpeg","contentUrl":"https:\/\/www.vivaeurovision.com\/wp-content\/uploads\/2018\/11\/10458D10-978C-4D8D-A99A-00A9D4A7118D.jpeg","width":1181,"height":552,"caption":"ot 2018"},{"@type":"BreadcrumbList","@id":"https:\/\/www.vivaeurovision.com\/index.php\/2018\/11\/06\/ot-2018-gala-7\/#breadcrumb","itemListElement":[{"@type":"ListItem","position":1,"name":"Portada","item":"https:\/\/www.vivaeurovision.com\/"},{"@type":"ListItem","position":2,"name":"OT 2018: Gala 7 Noelia o Marilia \u00bf Quien continuar\u00e1 en la academia ?"}]},{"@type":"WebSite","@id":"https:\/\/www.vivaeurovision.com\/#website","url":"https:\/\/www.vivaeurovision.com\/","name":"VIVAEUROVISION viva eurovision","description":"Tu portal sobre el Festival de Eurovision, eurovision, eurovisi\u00f3n","publisher":{"@id":"https:\/\/www.vivaeurovision.com\/#organization"},"potentialAction":[{"@type":"SearchAction","target":{"@type":"EntryPoint","urlTemplate":"https:\/\/www.vivaeurovision.com\/?s={search_term_string}"},"query-input":{"@type":"PropertyValueSpecification","valueRequired":true,"valueName":"search_term_string"}}],"inLanguage":"es"},{"@type":"Organization","@id":"https:\/\/www.vivaeurovision.com\/#organization","name":"vivaeurovision","url":"https:\/\/www.vivaeurovision.com\/","logo":{"@type":"ImageObject","inLanguage":"es","@id":"https:\/\/www.vivaeurovision.com\/#\/schema\/logo\/image\/","url":"https:\/\/www.vivaeurovision.com\/wp-content\/uploads\/2016\/01\/cropped-image-21-1.jpeg","contentUrl":"https:\/\/www.vivaeurovision.com\/wp-content\/uploads\/2016\/01\/cropped-image-21-1.jpeg","width":669,"height":368,"caption":"vivaeurovision"},"image":{"@id":"https:\/\/www.vivaeurovision.com\/#\/schema\/logo\/image\/"}},{"@type":"Person","@id":"https:\/\/www.vivaeurovision.com\/#\/schema\/person\/1d31fdaa3f5f7df556f73d164bd3c47a","name":"Pedro Palomo","image":{"@type":"ImageObject","inLanguage":"es","@id":"https:\/\/secure.gravatar.com\/avatar\/4cf9a4877f5f71f44fb7cedbe1bac1bd28bd8ce7a217517d98d5b2117f9f5505?s=96&d=mm&r=g","url":"https:\/\/secure.gravatar.com\/avatar\/4cf9a4877f5f71f44fb7cedbe1bac1bd28bd8ce7a217517d98d5b2117f9f5505?s=96&d=mm&r=g","contentUrl":"https:\/\/secure.gravatar.com\/avatar\/4cf9a4877f5f71f44fb7cedbe1bac1bd28bd8ce7a217517d98d5b2117f9f5505?s=96&d=mm&r=g","caption":"Pedro Palomo"},"sameAs":["http:\/\/www.vivaeurovision.com","@pedrobcn","https:\/\/x.com\/@pedropalomobcn"]}]}},"_links":{"self":[{"href":"https:\/\/www.vivaeurovision.com\/index.php\/wp-json\/wp\/v2\/posts\/8235","targetHints":{"allow":["GET"]}}],"collection":[{"href":"https:\/\/www.vivaeurovision.com\/index.php\/wp-json\/wp\/v2\/posts"}],"about":[{"href":"https:\/\/www.vivaeurovision.com\/index.php\/wp-json\/wp\/v2\/types\/post"}],"author":[{"embeddable":true,"href":"https:\/\/www.vivaeurovision.com\/index.php\/wp-json\/wp\/v2\/users\/1"}],"replies":[{"embeddable":true,"href":"https:\/\/www.vivaeurovision.com\/index.php\/wp-json\/wp\/v2\/comments?post=8235"}],"version-history":[{"count":3,"href":"https:\/\/www.vivaeurovision.com\/index.php\/wp-json\/wp\/v2\/posts\/8235\/revisions"}],"predecessor-version":[{"id":8291,"href":"https:\/\/www.vivaeurovision.com\/index.php\/wp-json\/wp\/v2\/posts\/8235\/revisions\/8291"}],"wp:featuredmedia":[{"embeddable":true,"href":"https:\/\/www.vivaeurovision.com\/index.php\/wp-json\/wp\/v2\/media\/8289"}],"wp:attachment":[{"href":"https:\/\/www.vivaeurovision.com\/index.php\/wp-json\/wp\/v2\/media?parent=8235"}],"wp:term":[{"taxonomy":"category","embeddable":true,"href":"https:\/\/www.vivaeurovision.com\/index.php\/wp-json\/wp\/v2\/categories?post=8235"},{"taxonomy":"post_tag","embeddable":true,"href":"https:\/\/www.vivaeurovision.com\/index.php\/wp-json\/wp\/v2\/tags?post=8235"}],"curies":[{"name":"wp","href":"https:\/\/api.w.org\/{rel}","templated":true}]}}