{"id":8237,"date":"2018-11-07T13:38:24","date_gmt":"2018-11-07T13:38:24","guid":{"rendered":"http:\/\/www.vivaeurovision.com\/?p=8237"},"modified":"2018-11-07T13:38:24","modified_gmt":"2018-11-07T13:38:24","slug":"8237-eurovision-2019","status":"publish","type":"post","link":"https:\/\/www.vivaeurovision.com\/index.php\/2018\/11\/07\/8237-eurovision-2019\/","title":{"rendered":"Eurovision 2019: Un total de 42 pa\u00edses competir\u00e1n por la victoria del certamen en Tel Aviv"},"content":{"rendered":"<h2 data-offset-key=\"6dv9l-0-0\">Eurovision 2019: Un total de 42 pa\u00edses competir\u00e1n por la victoria del certamen en Tel Aviv<\/h2>\n<div data-offset-key=\"6dv9l-0-0\"><img loading=\"lazy\" decoding=\"async\" class=\"alignnone size-medium wp-image-8306\" src=\"http:\/\/www.vivaeurovision.com\/wp-content\/uploads\/2018\/11\/F423DDEA-74EF-4A09-8924-1FB654857470-300x162.png\" alt=\"eurovision 2019\" width=\"300\" height=\"162\" srcset=\"https:\/\/www.vivaeurovision.com\/wp-content\/uploads\/2018\/11\/F423DDEA-74EF-4A09-8924-1FB654857470-300x162.png 300w, https:\/\/www.vivaeurovision.com\/wp-content\/uploads\/2018\/11\/F423DDEA-74EF-4A09-8924-1FB654857470-700x377.png 700w, https:\/\/www.vivaeurovision.com\/wp-content\/uploads\/2018\/11\/F423DDEA-74EF-4A09-8924-1FB654857470.png 1252w\" sizes=\"auto, (max-width: 300px) 100vw, 300px\" \/><\/div>\n<div data-offset-key=\"6dv9l-0-0\">Imagen: eurovision.tv<\/div>\n<div data-offset-key=\"6dv9l-0-0\"><\/div>\n<div data-offset-key=\"6dv9l-0-0\">La 64 edici\u00f3n del Festival de Eurovisi\u00f3n tendr\u00e1 un total de 42 pa\u00edses participantes, tras la baja de Bulgaria en Tel Aviv habr\u00e1 un pa\u00eds menos sin igualar el n\u00famero de participantes de Lisboa 2018.<\/div>\n<div data-offset-key=\"6dv9l-0-0\">Bajo el eslogan Dare To Dream los 42 pa\u00edses participantes se atrever\u00e1n a so\u00f1ar para ganar el Festival de Eurovisi\u00f3n 2019, que se celebra los d\u00edas 14,16 y 18 de mayo en el centro de exposiciones de Tel Aviv.<\/div>\n<div data-offset-key=\"6dv9l-0-0\"><\/div>\n<div data-offset-key=\"6dv9l-0-0\"><strong>Pa\u00edses finalistas \u2018BIG FIVE\u2019 y pa\u00eds anfitri\u00f3n\u00a0<\/strong><\/div>\n<div data-offset-key=\"6dv9l-0-0\">Alemania<\/div>\n<div data-offset-key=\"6dv9l-0-0\">Espa\u00f1a<\/div>\n<div data-offset-key=\"6dv9l-0-0\">Francia<\/div>\n<div data-offset-key=\"6dv9l-0-0\">Reino\u00a0Unido<\/div>\n<div data-offset-key=\"6dv9l-0-0\">Italia<\/div>\n<div data-offset-key=\"6dv9l-0-0\">Isarael<\/div>\n<div data-offset-key=\"6dv9l-0-0\"><\/div>\n<div data-offset-key=\"6dv9l-0-0\"><strong>Pa\u00edses semifinalistas\u00a0<\/strong><\/div>\n<div class=\"public-DraftStyleDefault-block public-DraftStyleDefault-ltr\" data-offset-key=\"6dv9l-0-0\"><span data-offset-key=\"6dv9l-0-0\">Albania\u00a0<\/span><\/div>\n<div class=\"public-DraftStyleDefault-block public-DraftStyleDefault-ltr\" data-offset-key=\"6dv9l-0-0\"><span data-offset-key=\"ete16-0-0\">Armenia\u00a0<\/span><\/div>\n<div class=\"public-DraftStyleDefault-block public-DraftStyleDefault-ltr\" data-offset-key=\"6dv9l-0-0\"><span data-offset-key=\"6ksqr-0-0\">Australia\u00a0<\/span><\/div>\n<div class=\"public-DraftStyleDefault-block public-DraftStyleDefault-ltr\" data-offset-key=\"6dv9l-0-0\"><span data-offset-key=\"f5ttu-0-0\">Austria\u00a0<\/span><\/div>\n<div class=\"public-DraftStyleDefault-block public-DraftStyleDefault-ltr\" data-offset-key=\"6dv9l-0-0\"><span data-offset-key=\"2b060-0-0\">Azerbaijan\u00a0<\/span><\/div>\n<div class=\"public-DraftStyleDefault-block public-DraftStyleDefault-ltr\" data-offset-key=\"6dv9l-0-0\"><span data-offset-key=\"6e45k-0-0\">Bielorrusa \u00a0<\/span><\/div>\n<div class=\"public-DraftStyleDefault-block public-DraftStyleDefault-ltr\" data-offset-key=\"6dv9l-0-0\"><span data-offset-key=\"6uddp-0-0\">Belgica\u00a0<\/span><\/div>\n<div class=\"public-DraftStyleDefault-block public-DraftStyleDefault-ltr\" data-offset-key=\"6dv9l-0-0\"><span data-offset-key=\"8uot-0-0\">Croacia\u00a0<\/span><\/div>\n<div class=\"public-DraftStyleDefault-block public-DraftStyleDefault-ltr\" data-offset-key=\"6dv9l-0-0\"><span data-offset-key=\"v3tf-0-0\">Chipre \u00a0<\/span><\/div>\n<div class=\"public-DraftStyleDefault-block public-DraftStyleDefault-ltr\" data-offset-key=\"6dv9l-0-0\"><span data-offset-key=\"a1kqi-0-0\">Rep\u00fablica Checa\u00a0<\/span><\/div>\n<div class=\"public-DraftStyleDefault-block public-DraftStyleDefault-ltr\" data-offset-key=\"6dv9l-0-0\"><span data-offset-key=\"36cst-0-0\">Dinamarca\u00a0<\/span><\/div>\n<div class=\"public-DraftStyleDefault-block public-DraftStyleDefault-ltr\" data-offset-key=\"6dv9l-0-0\"><span data-offset-key=\"ag1m3-0-0\">Estonia\u00a0<\/span><\/div>\n<div class=\"public-DraftStyleDefault-block public-DraftStyleDefault-ltr\" data-offset-key=\"6dv9l-0-0\"><span data-offset-key=\"d055i-0-0\">Finlandia\u00a0<\/span><\/div>\n<div class=\"public-DraftStyleDefault-block public-DraftStyleDefault-ltr\" data-offset-key=\"6dv9l-0-0\"><span data-offset-key=\"5snd2-0-0\">ARY Macedonia\u00a0<\/span><\/div>\n<div class=\"public-DraftStyleDefault-block public-DraftStyleDefault-ltr\" data-offset-key=\"6dv9l-0-0\"><span data-offset-key=\"43k84-0-0\">Georgia<\/span><\/div>\n<div class=\"public-DraftStyleDefault-block public-DraftStyleDefault-ltr\" data-offset-key=\"6dv9l-0-0\"><span data-offset-key=\"2ik25-0-0\">Grecia\u00a0<\/span><\/div>\n<div class=\"public-DraftStyleDefault-block public-DraftStyleDefault-ltr\" data-offset-key=\"6dv9l-0-0\"><span data-offset-key=\"atpir-0-0\">Hungr\u00eda \u00a0<\/span><\/div>\n<div class=\"public-DraftStyleDefault-block public-DraftStyleDefault-ltr\" data-offset-key=\"6dv9l-0-0\"><span data-offset-key=\"dnml6-0-0\">Islandia\u00a0<\/span><\/div>\n<div class=\"public-DraftStyleDefault-block public-DraftStyleDefault-ltr\" data-offset-key=\"6dv9l-0-0\"><span data-offset-key=\"9n99t-0-0\">Irlanda\u00a0<\/span><\/div>\n<div class=\"public-DraftStyleDefault-block public-DraftStyleDefault-ltr\" data-offset-key=\"6dv9l-0-0\"><span data-offset-key=\"fqr8l-0-0\">Letonia\u00a0<\/span><\/div>\n<div class=\"public-DraftStyleDefault-block public-DraftStyleDefault-ltr\" data-offset-key=\"6dv9l-0-0\"><span data-offset-key=\"fv0bf-0-0\">Lituania\u00a0<\/span><\/div>\n<div class=\"public-DraftStyleDefault-block public-DraftStyleDefault-ltr\" data-offset-key=\"6dv9l-0-0\"><span data-offset-key=\"7rhg9-0-0\">Malta\u00a0<\/span><\/div>\n<div class=\"public-DraftStyleDefault-block public-DraftStyleDefault-ltr\" data-offset-key=\"6dv9l-0-0\"><span data-offset-key=\"4lu62-0-0\">Moldavia\u00a0<\/span><\/div>\n<div class=\"public-DraftStyleDefault-block public-DraftStyleDefault-ltr\" data-offset-key=\"6dv9l-0-0\"><span data-offset-key=\"e3qig-0-0\">Montenegro\u00a0<\/span><\/div>\n<div class=\"public-DraftStyleDefault-block public-DraftStyleDefault-ltr\" data-offset-key=\"6dv9l-0-0\"><span data-offset-key=\"ak04q-0-0\">Pa\u00edses Bajos\u00a0<\/span><\/div>\n<div class=\"public-DraftStyleDefault-block public-DraftStyleDefault-ltr\" data-offset-key=\"6dv9l-0-0\"><span data-offset-key=\"7994p-0-0\">Noruega\u00a0<\/span><\/div>\n<div class=\"public-DraftStyleDefault-block public-DraftStyleDefault-ltr\" data-offset-key=\"6dv9l-0-0\"><span data-offset-key=\"f77ib-0-0\">Polonia\u00a0<\/span><\/div>\n<div class=\"public-DraftStyleDefault-block public-DraftStyleDefault-ltr\" data-offset-key=\"6dv9l-0-0\"><span data-offset-key=\"cjt8r-0-0\">Portugal\u00a0<\/span><\/div>\n<div class=\"public-DraftStyleDefault-block public-DraftStyleDefault-ltr\" data-offset-key=\"6dv9l-0-0\"><span data-offset-key=\"8s7pn-0-0\">Rumania\u00a0<\/span><\/div>\n<div class=\"public-DraftStyleDefault-block public-DraftStyleDefault-ltr\" data-offset-key=\"6dv9l-0-0\"><span data-offset-key=\"4gm5f-0-0\">Rusia<\/span><\/div>\n<div class=\"public-DraftStyleDefault-block public-DraftStyleDefault-ltr\" data-offset-key=\"6dv9l-0-0\"><span data-offset-key=\"8beg5-0-0\">San Marino\u00a0<\/span><\/div>\n<div class=\"public-DraftStyleDefault-block public-DraftStyleDefault-ltr\" data-offset-key=\"6dv9l-0-0\"><span data-offset-key=\"efse4-0-0\">Serbia\u00a0<\/span><\/div>\n<div class=\"public-DraftStyleDefault-block public-DraftStyleDefault-ltr\" data-offset-key=\"6dv9l-0-0\"><span data-offset-key=\"e1q4h-0-0\">Eslovenia\u00a0<\/span><\/div>\n<div class=\"public-DraftStyleDefault-block public-DraftStyleDefault-ltr\" data-offset-key=\"6dv9l-0-0\"><span data-offset-key=\"d5rt9-0-0\">Suecia\u00a0<\/span><\/div>\n<div class=\"public-DraftStyleDefault-block public-DraftStyleDefault-ltr\" data-offset-key=\"6dv9l-0-0\"><span data-offset-key=\"al59b-0-0\">Suiza\u00a0<\/span><\/div>\n<div class=\"public-DraftStyleDefault-block public-DraftStyleDefault-ltr\" data-offset-key=\"6dv9l-0-0\"><span data-offset-key=\"fqpn6-0-0\">Ucrania \u00a0<\/span><\/div>\n<div class=\"public-DraftStyleDefault-block public-DraftStyleDefault-ltr\" data-offset-key=\"6dv9l-0-0\"><span data-offset-key=\"audhb-0-0\">\u00a0\u00a0<\/span><\/div>\n<p>&nbsp;<\/p>\n<p><img loading=\"lazy\" decoding=\"async\" class=\"alignnone size-medium wp-image-311\" src=\"http:\/\/www.vivaeurovision.com\/wp-content\/uploads\/2016\/01\/image-21-300x165.jpeg\" alt=\"VIVAEUROVISION.COM\" width=\"300\" height=\"165\" srcset=\"https:\/\/www.vivaeurovision.com\/wp-content\/uploads\/2016\/01\/image-21-300x165.jpeg 300w, https:\/\/www.vivaeurovision.com\/wp-content\/uploads\/2016\/01\/image-21-555x305.jpeg 555w, https:\/\/www.vivaeurovision.com\/wp-content\/uploads\/2016\/01\/image-21.jpeg 669w\" sizes=\"auto, (max-width: 300px) 100vw, 300px\" \/><\/p>\n<p>Twitter\u00a0<strong> <a href=\"https:\/\/twitter.com\/viva_eurovision\" target=\"_blank\" rel=\"noopener noreferrer\">@viva_eurovision<\/a>\u00a0 <a href=\"https:\/\/www.facebook.com\/Vivaeurovisioncom-867806686671081\/?fref=nf\" target=\"_blank\" rel=\"noopener noreferrer\">FACEBOOK OFICIAL VIVA EUROVISION <\/a><\/strong>Instragram <strong>\u00a0<\/strong><a href=\"https:\/\/www.instagram.com\/vivaeurovision\/\" target=\"_blank\" rel=\"noopener noreferrer\"><strong>@vivaeurovision<\/strong><\/a><\/p>\n<p>Redactor: Pedro Palomo <a href=\"https:\/\/twitter.com\/pedropalomobcn?lang=es\"><strong>@pedropalomobcn<\/strong><\/a><strong>\u00a0<\/strong>Instagram <a href=\"https:\/\/www.instagram.com\/pedrobcn\/\" target=\"_blank\" rel=\"noopener noreferrer\"><strong>@pedrobcn<\/strong><\/a><\/p>\n","protected":false},"excerpt":{"rendered":"<p>Eurovision 2019: Un total de 42 pa\u00edses competir\u00e1n por la victoria del certamen en Tel Aviv Imagen: eurovision.tv La 64 edici\u00f3n del Festival de Eurovisi\u00f3n tendr\u00e1 un total de 42&#46;&#46;&#46;<\/p>\n","protected":false},"author":1,"featured_media":8306,"comment_status":"open","ping_status":"closed","sticky":false,"template":"","format":"standard","meta":{"_exactmetrics_skip_tracking":false,"_exactmetrics_sitenote_active":false,"_exactmetrics_sitenote_note":"","_exactmetrics_sitenote_category":0,"footnotes":""},"categories":[1195,3086,4,1188,2,3],"tags":[3267,17,3082,11,2870,3264,3268,1476,706,3211,3212,3269,1096,34,19,20,766,3214,3266,3265,23,22],"class_list":["post-8237","post","type-post","status-publish","format-standard","has-post-thumbnail","hentry","category-eurovision-2","category-eurovision-2019","category-eurovision","category-noticia-2","category-noticia","category-ultima-hora","tag-dare-to-dream","tag-esc","tag-esc-2019","tag-eurovision","tag-eurovision-2019","tag-eurovision-2019-dare-to-dream","tag-eurovision-dare-to-dream","tag-eurovision-song-contest","tag-eurovision-song-contest-festival","tag-eurovision-tel-aviv","tag-eurovision-tel-aviv-2019","tag-eurovision-tel-aviv-dare-to-dream","tag-festival-de-eurovision","tag-noticia","tag-pedro-palomo","tag-pedro-palomo-eurovision","tag-pedro-palomo-vivaeurovision","tag-tel-aviv","tag-tel-aviv-2019-dare-to-dream","tag-tel-aviv-dare-to-dream","tag-viva-eurovision","tag-vivaeurovision"],"yoast_head":"<!-- This site is optimized with the Yoast SEO plugin v27.4 - https:\/\/yoast.com\/product\/yoast-seo-wordpress\/ -->\n<title>Eurovision 2019: Un total de 42 pa\u00edses competir\u00e1n por la victoria del certamen en Tel Aviv - VIVAEUROVISION viva eurovision<\/title>\n<meta name=\"description\" content=\"eurovision 2019, eurovision, dare to dream, vivaeurovision, festival de eurovision, viva eurovisi\u00f3n, eurovision tel aviv, esc 2019\" \/>\n<meta name=\"robots\" content=\"index, follow, max-snippet:-1, max-image-preview:large, max-video-preview:-1\" \/>\n<link rel=\"canonical\" href=\"https:\/\/www.vivaeurovision.com\/index.php\/2018\/11\/07\/8237-eurovision-2019\/\" \/>\n<meta property=\"og:locale\" content=\"es_ES\" \/>\n<meta property=\"og:type\" content=\"article\" \/>\n<meta property=\"og:title\" content=\"Eurovision 2019: Un total de 42 pa\u00edses competir\u00e1n por la victoria del certamen en Tel Aviv - VIVAEUROVISION viva eurovision\" \/>\n<meta property=\"og:description\" content=\"eurovision 2019, eurovision, dare to dream, vivaeurovision, festival de eurovision, viva eurovisi\u00f3n, eurovision tel aviv, esc 2019\" \/>\n<meta property=\"og:url\" content=\"https:\/\/www.vivaeurovision.com\/index.php\/2018\/11\/07\/8237-eurovision-2019\/\" \/>\n<meta property=\"og:site_name\" content=\"VIVAEUROVISION viva eurovision\" \/>\n<meta property=\"article:published_time\" content=\"2018-11-07T13:38:24+00:00\" \/>\n<meta property=\"og:image\" content=\"https:\/\/www.vivaeurovision.com\/wp-content\/uploads\/2018\/11\/F423DDEA-74EF-4A09-8924-1FB654857470.png\" \/>\n\t<meta property=\"og:image:width\" content=\"1252\" \/>\n\t<meta property=\"og:image:height\" content=\"675\" \/>\n\t<meta property=\"og:image:type\" content=\"image\/png\" \/>\n<meta name=\"author\" content=\"Pedro Palomo\" \/>\n<meta name=\"twitter:card\" content=\"summary_large_image\" \/>\n<meta name=\"twitter:creator\" content=\"@pedropalomobcn\" \/>\n<meta name=\"twitter:label1\" content=\"Escrito por\" \/>\n\t<meta name=\"twitter:data1\" content=\"Pedro Palomo\" \/>\n\t<meta name=\"twitter:label2\" content=\"Tiempo de lectura\" \/>\n\t<meta name=\"twitter:data2\" content=\"1 minuto\" \/>\n<script type=\"application\/ld+json\" class=\"yoast-schema-graph\">{\"@context\":\"https:\\\/\\\/schema.org\",\"@graph\":[{\"@type\":\"Article\",\"@id\":\"https:\\\/\\\/www.vivaeurovision.com\\\/index.php\\\/2018\\\/11\\\/07\\\/8237-eurovision-2019\\\/#article\",\"isPartOf\":{\"@id\":\"https:\\\/\\\/www.vivaeurovision.com\\\/index.php\\\/2018\\\/11\\\/07\\\/8237-eurovision-2019\\\/\"},\"author\":{\"name\":\"Pedro Palomo\",\"@id\":\"https:\\\/\\\/www.vivaeurovision.com\\\/#\\\/schema\\\/person\\\/1d31fdaa3f5f7df556f73d164bd3c47a\"},\"headline\":\"Eurovision 2019: Un total de 42 pa\u00edses competir\u00e1n por la victoria del certamen en Tel Aviv\",\"datePublished\":\"2018-11-07T13:38:24+00:00\",\"mainEntityOfPage\":{\"@id\":\"https:\\\/\\\/www.vivaeurovision.com\\\/index.php\\\/2018\\\/11\\\/07\\\/8237-eurovision-2019\\\/\"},\"wordCount\":192,\"commentCount\":0,\"publisher\":{\"@id\":\"https:\\\/\\\/www.vivaeurovision.com\\\/#organization\"},\"image\":{\"@id\":\"https:\\\/\\\/www.vivaeurovision.com\\\/index.php\\\/2018\\\/11\\\/07\\\/8237-eurovision-2019\\\/#primaryimage\"},\"thumbnailUrl\":\"https:\\\/\\\/www.vivaeurovision.com\\\/wp-content\\\/uploads\\\/2018\\\/11\\\/F423DDEA-74EF-4A09-8924-1FB654857470.png\",\"keywords\":[\"dare to dream\",\"ESC\",\"esc 2019\",\"Eurovision\",\"eurovision 2019\",\"eurovision 2019 dare to dream\",\"eurovision dare to dream\",\"eurovision song contest\",\"eurovision song contest festival\",\"eurovision tel aviv\",\"eurovision tel aviv 2019\",\"eurovision tel aviv dare to dream\",\"Festival de Eurovisi\u00f3n\",\"Noticia\",\"Pedro Palomo\",\"Pedro Palomo Eurovision\",\"Pedro Palomo Vivaeurovision\",\"Tel Aviv\",\"tel aviv 2019 dare to dream\",\"tel aviv dare to dream\",\"viva eurovision\",\"vivaeurovision\"],\"articleSection\":[\"eurovision\",\"eurovision 2019\",\"Inicio\",\"Noticia\",\"Noticias\",\"Ultima Hora\"],\"inLanguage\":\"es\",\"potentialAction\":[{\"@type\":\"CommentAction\",\"name\":\"Comment\",\"target\":[\"https:\\\/\\\/www.vivaeurovision.com\\\/index.php\\\/2018\\\/11\\\/07\\\/8237-eurovision-2019\\\/#respond\"]}]},{\"@type\":\"WebPage\",\"@id\":\"https:\\\/\\\/www.vivaeurovision.com\\\/index.php\\\/2018\\\/11\\\/07\\\/8237-eurovision-2019\\\/\",\"url\":\"https:\\\/\\\/www.vivaeurovision.com\\\/index.php\\\/2018\\\/11\\\/07\\\/8237-eurovision-2019\\\/\",\"name\":\"Eurovision 2019: Un total de 42 pa\u00edses competir\u00e1n por la victoria del certamen en Tel Aviv - VIVAEUROVISION viva eurovision\",\"isPartOf\":{\"@id\":\"https:\\\/\\\/www.vivaeurovision.com\\\/#website\"},\"primaryImageOfPage\":{\"@id\":\"https:\\\/\\\/www.vivaeurovision.com\\\/index.php\\\/2018\\\/11\\\/07\\\/8237-eurovision-2019\\\/#primaryimage\"},\"image\":{\"@id\":\"https:\\\/\\\/www.vivaeurovision.com\\\/index.php\\\/2018\\\/11\\\/07\\\/8237-eurovision-2019\\\/#primaryimage\"},\"thumbnailUrl\":\"https:\\\/\\\/www.vivaeurovision.com\\\/wp-content\\\/uploads\\\/2018\\\/11\\\/F423DDEA-74EF-4A09-8924-1FB654857470.png\",\"datePublished\":\"2018-11-07T13:38:24+00:00\",\"description\":\"eurovision 2019, eurovision, dare to dream, vivaeurovision, festival de eurovision, viva eurovisi\u00f3n, eurovision tel aviv, esc 2019\",\"breadcrumb\":{\"@id\":\"https:\\\/\\\/www.vivaeurovision.com\\\/index.php\\\/2018\\\/11\\\/07\\\/8237-eurovision-2019\\\/#breadcrumb\"},\"inLanguage\":\"es\",\"potentialAction\":[{\"@type\":\"ReadAction\",\"target\":[\"https:\\\/\\\/www.vivaeurovision.com\\\/index.php\\\/2018\\\/11\\\/07\\\/8237-eurovision-2019\\\/\"]}]},{\"@type\":\"ImageObject\",\"inLanguage\":\"es\",\"@id\":\"https:\\\/\\\/www.vivaeurovision.com\\\/index.php\\\/2018\\\/11\\\/07\\\/8237-eurovision-2019\\\/#primaryimage\",\"url\":\"https:\\\/\\\/www.vivaeurovision.com\\\/wp-content\\\/uploads\\\/2018\\\/11\\\/F423DDEA-74EF-4A09-8924-1FB654857470.png\",\"contentUrl\":\"https:\\\/\\\/www.vivaeurovision.com\\\/wp-content\\\/uploads\\\/2018\\\/11\\\/F423DDEA-74EF-4A09-8924-1FB654857470.png\",\"width\":1252,\"height\":675,\"caption\":\"eurovision 2019\"},{\"@type\":\"BreadcrumbList\",\"@id\":\"https:\\\/\\\/www.vivaeurovision.com\\\/index.php\\\/2018\\\/11\\\/07\\\/8237-eurovision-2019\\\/#breadcrumb\",\"itemListElement\":[{\"@type\":\"ListItem\",\"position\":1,\"name\":\"Portada\",\"item\":\"https:\\\/\\\/www.vivaeurovision.com\\\/\"},{\"@type\":\"ListItem\",\"position\":2,\"name\":\"Eurovision 2019: Un total de 42 pa\u00edses competir\u00e1n por la victoria del certamen en Tel Aviv\"}]},{\"@type\":\"WebSite\",\"@id\":\"https:\\\/\\\/www.vivaeurovision.com\\\/#website\",\"url\":\"https:\\\/\\\/www.vivaeurovision.com\\\/\",\"name\":\"VIVAEUROVISION viva eurovision\",\"description\":\"Tu portal sobre el Festival de Eurovision, eurovision, eurovisi\u00f3n\",\"publisher\":{\"@id\":\"https:\\\/\\\/www.vivaeurovision.com\\\/#organization\"},\"potentialAction\":[{\"@type\":\"SearchAction\",\"target\":{\"@type\":\"EntryPoint\",\"urlTemplate\":\"https:\\\/\\\/www.vivaeurovision.com\\\/?s={search_term_string}\"},\"query-input\":{\"@type\":\"PropertyValueSpecification\",\"valueRequired\":true,\"valueName\":\"search_term_string\"}}],\"inLanguage\":\"es\"},{\"@type\":\"Organization\",\"@id\":\"https:\\\/\\\/www.vivaeurovision.com\\\/#organization\",\"name\":\"vivaeurovision\",\"url\":\"https:\\\/\\\/www.vivaeurovision.com\\\/\",\"logo\":{\"@type\":\"ImageObject\",\"inLanguage\":\"es\",\"@id\":\"https:\\\/\\\/www.vivaeurovision.com\\\/#\\\/schema\\\/logo\\\/image\\\/\",\"url\":\"https:\\\/\\\/www.vivaeurovision.com\\\/wp-content\\\/uploads\\\/2016\\\/01\\\/cropped-image-21-1.jpeg\",\"contentUrl\":\"https:\\\/\\\/www.vivaeurovision.com\\\/wp-content\\\/uploads\\\/2016\\\/01\\\/cropped-image-21-1.jpeg\",\"width\":669,\"height\":368,\"caption\":\"vivaeurovision\"},\"image\":{\"@id\":\"https:\\\/\\\/www.vivaeurovision.com\\\/#\\\/schema\\\/logo\\\/image\\\/\"}},{\"@type\":\"Person\",\"@id\":\"https:\\\/\\\/www.vivaeurovision.com\\\/#\\\/schema\\\/person\\\/1d31fdaa3f5f7df556f73d164bd3c47a\",\"name\":\"Pedro Palomo\",\"image\":{\"@type\":\"ImageObject\",\"inLanguage\":\"es\",\"@id\":\"https:\\\/\\\/secure.gravatar.com\\\/avatar\\\/4cf9a4877f5f71f44fb7cedbe1bac1bd28bd8ce7a217517d98d5b2117f9f5505?s=96&d=mm&r=g\",\"url\":\"https:\\\/\\\/secure.gravatar.com\\\/avatar\\\/4cf9a4877f5f71f44fb7cedbe1bac1bd28bd8ce7a217517d98d5b2117f9f5505?s=96&d=mm&r=g\",\"contentUrl\":\"https:\\\/\\\/secure.gravatar.com\\\/avatar\\\/4cf9a4877f5f71f44fb7cedbe1bac1bd28bd8ce7a217517d98d5b2117f9f5505?s=96&d=mm&r=g\",\"caption\":\"Pedro Palomo\"},\"sameAs\":[\"http:\\\/\\\/www.vivaeurovision.com\",\"@pedrobcn\",\"https:\\\/\\\/x.com\\\/@pedropalomobcn\"]}]}<\/script>\n<!-- \/ Yoast SEO plugin. -->","yoast_head_json":{"title":"Eurovision 2019: Un total de 42 pa\u00edses competir\u00e1n por la victoria del certamen en Tel Aviv - VIVAEUROVISION viva eurovision","description":"eurovision 2019, eurovision, dare to dream, vivaeurovision, festival de eurovision, viva eurovisi\u00f3n, eurovision tel aviv, esc 2019","robots":{"index":"index","follow":"follow","max-snippet":"max-snippet:-1","max-image-preview":"max-image-preview:large","max-video-preview":"max-video-preview:-1"},"canonical":"https:\/\/www.vivaeurovision.com\/index.php\/2018\/11\/07\/8237-eurovision-2019\/","og_locale":"es_ES","og_type":"article","og_title":"Eurovision 2019: Un total de 42 pa\u00edses competir\u00e1n por la victoria del certamen en Tel Aviv - VIVAEUROVISION viva eurovision","og_description":"eurovision 2019, eurovision, dare to dream, vivaeurovision, festival de eurovision, viva eurovisi\u00f3n, eurovision tel aviv, esc 2019","og_url":"https:\/\/www.vivaeurovision.com\/index.php\/2018\/11\/07\/8237-eurovision-2019\/","og_site_name":"VIVAEUROVISION viva eurovision","article_published_time":"2018-11-07T13:38:24+00:00","og_image":[{"width":1252,"height":675,"url":"https:\/\/www.vivaeurovision.com\/wp-content\/uploads\/2018\/11\/F423DDEA-74EF-4A09-8924-1FB654857470.png","type":"image\/png"}],"author":"Pedro Palomo","twitter_card":"summary_large_image","twitter_creator":"@pedropalomobcn","twitter_misc":{"Escrito por":"Pedro Palomo","Tiempo de lectura":"1 minuto"},"schema":{"@context":"https:\/\/schema.org","@graph":[{"@type":"Article","@id":"https:\/\/www.vivaeurovision.com\/index.php\/2018\/11\/07\/8237-eurovision-2019\/#article","isPartOf":{"@id":"https:\/\/www.vivaeurovision.com\/index.php\/2018\/11\/07\/8237-eurovision-2019\/"},"author":{"name":"Pedro Palomo","@id":"https:\/\/www.vivaeurovision.com\/#\/schema\/person\/1d31fdaa3f5f7df556f73d164bd3c47a"},"headline":"Eurovision 2019: Un total de 42 pa\u00edses competir\u00e1n por la victoria del certamen en Tel Aviv","datePublished":"2018-11-07T13:38:24+00:00","mainEntityOfPage":{"@id":"https:\/\/www.vivaeurovision.com\/index.php\/2018\/11\/07\/8237-eurovision-2019\/"},"wordCount":192,"commentCount":0,"publisher":{"@id":"https:\/\/www.vivaeurovision.com\/#organization"},"image":{"@id":"https:\/\/www.vivaeurovision.com\/index.php\/2018\/11\/07\/8237-eurovision-2019\/#primaryimage"},"thumbnailUrl":"https:\/\/www.vivaeurovision.com\/wp-content\/uploads\/2018\/11\/F423DDEA-74EF-4A09-8924-1FB654857470.png","keywords":["dare to dream","ESC","esc 2019","Eurovision","eurovision 2019","eurovision 2019 dare to dream","eurovision dare to dream","eurovision song contest","eurovision song contest festival","eurovision tel aviv","eurovision tel aviv 2019","eurovision tel aviv dare to dream","Festival de Eurovisi\u00f3n","Noticia","Pedro Palomo","Pedro Palomo Eurovision","Pedro Palomo Vivaeurovision","Tel Aviv","tel aviv 2019 dare to dream","tel aviv dare to dream","viva eurovision","vivaeurovision"],"articleSection":["eurovision","eurovision 2019","Inicio","Noticia","Noticias","Ultima Hora"],"inLanguage":"es","potentialAction":[{"@type":"CommentAction","name":"Comment","target":["https:\/\/www.vivaeurovision.com\/index.php\/2018\/11\/07\/8237-eurovision-2019\/#respond"]}]},{"@type":"WebPage","@id":"https:\/\/www.vivaeurovision.com\/index.php\/2018\/11\/07\/8237-eurovision-2019\/","url":"https:\/\/www.vivaeurovision.com\/index.php\/2018\/11\/07\/8237-eurovision-2019\/","name":"Eurovision 2019: Un total de 42 pa\u00edses competir\u00e1n por la victoria del certamen en Tel Aviv - VIVAEUROVISION viva eurovision","isPartOf":{"@id":"https:\/\/www.vivaeurovision.com\/#website"},"primaryImageOfPage":{"@id":"https:\/\/www.vivaeurovision.com\/index.php\/2018\/11\/07\/8237-eurovision-2019\/#primaryimage"},"image":{"@id":"https:\/\/www.vivaeurovision.com\/index.php\/2018\/11\/07\/8237-eurovision-2019\/#primaryimage"},"thumbnailUrl":"https:\/\/www.vivaeurovision.com\/wp-content\/uploads\/2018\/11\/F423DDEA-74EF-4A09-8924-1FB654857470.png","datePublished":"2018-11-07T13:38:24+00:00","description":"eurovision 2019, eurovision, dare to dream, vivaeurovision, festival de eurovision, viva eurovisi\u00f3n, eurovision tel aviv, esc 2019","breadcrumb":{"@id":"https:\/\/www.vivaeurovision.com\/index.php\/2018\/11\/07\/8237-eurovision-2019\/#breadcrumb"},"inLanguage":"es","potentialAction":[{"@type":"ReadAction","target":["https:\/\/www.vivaeurovision.com\/index.php\/2018\/11\/07\/8237-eurovision-2019\/"]}]},{"@type":"ImageObject","inLanguage":"es","@id":"https:\/\/www.vivaeurovision.com\/index.php\/2018\/11\/07\/8237-eurovision-2019\/#primaryimage","url":"https:\/\/www.vivaeurovision.com\/wp-content\/uploads\/2018\/11\/F423DDEA-74EF-4A09-8924-1FB654857470.png","contentUrl":"https:\/\/www.vivaeurovision.com\/wp-content\/uploads\/2018\/11\/F423DDEA-74EF-4A09-8924-1FB654857470.png","width":1252,"height":675,"caption":"eurovision 2019"},{"@type":"BreadcrumbList","@id":"https:\/\/www.vivaeurovision.com\/index.php\/2018\/11\/07\/8237-eurovision-2019\/#breadcrumb","itemListElement":[{"@type":"ListItem","position":1,"name":"Portada","item":"https:\/\/www.vivaeurovision.com\/"},{"@type":"ListItem","position":2,"name":"Eurovision 2019: Un total de 42 pa\u00edses competir\u00e1n por la victoria del certamen en Tel Aviv"}]},{"@type":"WebSite","@id":"https:\/\/www.vivaeurovision.com\/#website","url":"https:\/\/www.vivaeurovision.com\/","name":"VIVAEUROVISION viva eurovision","description":"Tu portal sobre el Festival de Eurovision, eurovision, eurovisi\u00f3n","publisher":{"@id":"https:\/\/www.vivaeurovision.com\/#organization"},"potentialAction":[{"@type":"SearchAction","target":{"@type":"EntryPoint","urlTemplate":"https:\/\/www.vivaeurovision.com\/?s={search_term_string}"},"query-input":{"@type":"PropertyValueSpecification","valueRequired":true,"valueName":"search_term_string"}}],"inLanguage":"es"},{"@type":"Organization","@id":"https:\/\/www.vivaeurovision.com\/#organization","name":"vivaeurovision","url":"https:\/\/www.vivaeurovision.com\/","logo":{"@type":"ImageObject","inLanguage":"es","@id":"https:\/\/www.vivaeurovision.com\/#\/schema\/logo\/image\/","url":"https:\/\/www.vivaeurovision.com\/wp-content\/uploads\/2016\/01\/cropped-image-21-1.jpeg","contentUrl":"https:\/\/www.vivaeurovision.com\/wp-content\/uploads\/2016\/01\/cropped-image-21-1.jpeg","width":669,"height":368,"caption":"vivaeurovision"},"image":{"@id":"https:\/\/www.vivaeurovision.com\/#\/schema\/logo\/image\/"}},{"@type":"Person","@id":"https:\/\/www.vivaeurovision.com\/#\/schema\/person\/1d31fdaa3f5f7df556f73d164bd3c47a","name":"Pedro Palomo","image":{"@type":"ImageObject","inLanguage":"es","@id":"https:\/\/secure.gravatar.com\/avatar\/4cf9a4877f5f71f44fb7cedbe1bac1bd28bd8ce7a217517d98d5b2117f9f5505?s=96&d=mm&r=g","url":"https:\/\/secure.gravatar.com\/avatar\/4cf9a4877f5f71f44fb7cedbe1bac1bd28bd8ce7a217517d98d5b2117f9f5505?s=96&d=mm&r=g","contentUrl":"https:\/\/secure.gravatar.com\/avatar\/4cf9a4877f5f71f44fb7cedbe1bac1bd28bd8ce7a217517d98d5b2117f9f5505?s=96&d=mm&r=g","caption":"Pedro Palomo"},"sameAs":["http:\/\/www.vivaeurovision.com","@pedrobcn","https:\/\/x.com\/@pedropalomobcn"]}]}},"_links":{"self":[{"href":"https:\/\/www.vivaeurovision.com\/index.php\/wp-json\/wp\/v2\/posts\/8237","targetHints":{"allow":["GET"]}}],"collection":[{"href":"https:\/\/www.vivaeurovision.com\/index.php\/wp-json\/wp\/v2\/posts"}],"about":[{"href":"https:\/\/www.vivaeurovision.com\/index.php\/wp-json\/wp\/v2\/types\/post"}],"author":[{"embeddable":true,"href":"https:\/\/www.vivaeurovision.com\/index.php\/wp-json\/wp\/v2\/users\/1"}],"replies":[{"embeddable":true,"href":"https:\/\/www.vivaeurovision.com\/index.php\/wp-json\/wp\/v2\/comments?post=8237"}],"version-history":[{"count":10,"href":"https:\/\/www.vivaeurovision.com\/index.php\/wp-json\/wp\/v2\/posts\/8237\/revisions"}],"predecessor-version":[{"id":8309,"href":"https:\/\/www.vivaeurovision.com\/index.php\/wp-json\/wp\/v2\/posts\/8237\/revisions\/8309"}],"wp:featuredmedia":[{"embeddable":true,"href":"https:\/\/www.vivaeurovision.com\/index.php\/wp-json\/wp\/v2\/media\/8306"}],"wp:attachment":[{"href":"https:\/\/www.vivaeurovision.com\/index.php\/wp-json\/wp\/v2\/media?parent=8237"}],"wp:term":[{"taxonomy":"category","embeddable":true,"href":"https:\/\/www.vivaeurovision.com\/index.php\/wp-json\/wp\/v2\/categories?post=8237"},{"taxonomy":"post_tag","embeddable":true,"href":"https:\/\/www.vivaeurovision.com\/index.php\/wp-json\/wp\/v2\/tags?post=8237"}],"curies":[{"name":"wp","href":"https:\/\/api.w.org\/{rel}","templated":true}]}}