{"id":8382,"date":"2018-11-23T00:13:04","date_gmt":"2018-11-23T00:13:04","guid":{"rendered":"http:\/\/www.vivaeurovision.com\/?p=8382"},"modified":"2018-11-23T00:25:32","modified_gmt":"2018-11-23T00:25:32","slug":"8382-camilo-sesto-sinfonico","status":"publish","type":"post","link":"https:\/\/www.vivaeurovision.com\/index.php\/2018\/11\/23\/8382-camilo-sesto-sinfonico\/","title":{"rendered":"Pastora Soler, Ruth Lorenzo, Marta S\u00e1nchez y Monica Naranjo. Grandes voces en Camilo Sesto \u2018Sinf\u00f3nico\u2019"},"content":{"rendered":"<h2>Pastora\u00a0Soler, Ruth Lorenzo, Marta S\u00e1nchez y Monica Naranjo. Grandes voces en Camilo Sesto \u2018Sinf\u00f3nico\u2019<\/h2>\n<p><img loading=\"lazy\" decoding=\"async\" class=\"alignnone size-medium wp-image-8429\" src=\"http:\/\/www.vivaeurovision.com\/wp-content\/uploads\/2018\/11\/2EA25CD1-8BD1-4DC8-A403-3795797C9E42-300x169.jpeg\" alt=\"Camilo Sesto sinf\u00f3nico \" width=\"300\" height=\"169\" srcset=\"https:\/\/www.vivaeurovision.com\/wp-content\/uploads\/2018\/11\/2EA25CD1-8BD1-4DC8-A403-3795797C9E42-300x169.jpeg 300w, https:\/\/www.vivaeurovision.com\/wp-content\/uploads\/2018\/11\/2EA25CD1-8BD1-4DC8-A403-3795797C9E42-700x394.jpeg 700w\" sizes=\"auto, (max-width: 300px) 100vw, 300px\" \/><\/p>\n<p>Camilo Sesto uno de los artistas m\u00e1s reconocidos de nacional e internacionalmente desde los a\u00f1os 60 siendo una de las grandes voces masculinas de Espa\u00f1a, acaba de lanzar un disco recopilarlo con sus grandes \u00e9xitos bajo la direcci\u00f3n de Pepe Herrero creando un disco sinf\u00f3nico.<\/p>\n<p>Para la ocasi\u00f3n acompa\u00f1ado de cuatro de las voces femeninas m\u00e1s grandes del panorama musical espa\u00f1ol.<\/p>\n<p>Pastora Soler \u2018representante de Espa\u00f1a en eurovision 2012\u2019, Ruth Lorenzo \u2018representante de Espa\u00f1a en eurovision 2014\u2019 ambas dejando a Espa\u00f1a en un d\u00e9cimo puesto en el certamen musical. Junto a ellas tambi\u00e9n est\u00e1n Monica Naranjo, una de las cantantes favoritas para representar a Espa\u00f1a en el Festival y que fue jurado en Mira Quien Va a Eurovisi\u00f3n en el a\u00f1o 2014 y en Operaci\u00f3n Triunfo 2017 adem\u00e1s Monica Naranjo interpret\u00f3 el tema Vivir as\u00ed es morir de amor en el 60 aniversario de TVE, Marta S\u00e1nchez estuvo a punto de representar a Espa\u00f1a en el a\u00f1o 2015 todos los rumores apuntaban a ella como representa de Espa\u00f1a en Viena.<\/p>\n<p>Cuatro voces femeninas y de las m\u00e1s importantes de Espa\u00f1a juntas en el disco de un gran veterano.<\/p>\n<p>Desde hoy 23 de noviembre de 2019 el disco est\u00e1 a la venta.<\/p>\n<p>Camilo Sesto y Pastora Soler-Quererte a ti<\/p>\n<p><iframe loading=\"lazy\"  id=\"_ytid_18204\"  width=\"480\" height=\"360\"  data-origwidth=\"480\" data-origheight=\"360\" src=\"https:\/\/www.youtube.com\/embed\/1pBrfeC0Rek?enablejsapi=1&#038;autoplay=0&#038;cc_load_policy=0&#038;cc_lang_pref=&#038;iv_load_policy=1&#038;loop=0&#038;rel=1&#038;fs=1&#038;playsinline=0&#038;autohide=2&#038;theme=dark&#038;color=red&#038;controls=1&#038;disablekb=0&#038;\" class=\"__youtube_prefs__  epyt-is-override  no-lazyload\" title=\"YouTube player\"  allow=\"fullscreen; accelerometer; autoplay; clipboard-write; encrypted-media; gyroscope; picture-in-picture; web-share\" referrerpolicy=\"strict-origin-when-cross-origin\" allowfullscreen data-no-lazy=\"1\" data-skipgform_ajax_framebjll=\"\"><\/iframe><\/p>\n<p>Camilo Sesto y Ruth Lorenzo-Amor Amar<\/p>\n<p><iframe loading=\"lazy\"  id=\"_ytid_27700\"  width=\"480\" height=\"360\"  data-origwidth=\"480\" data-origheight=\"360\" src=\"https:\/\/www.youtube.com\/embed\/yWOiMGpDYqU?enablejsapi=1&#038;autoplay=0&#038;cc_load_policy=0&#038;cc_lang_pref=&#038;iv_load_policy=1&#038;loop=0&#038;rel=1&#038;fs=1&#038;playsinline=0&#038;autohide=2&#038;theme=dark&#038;color=red&#038;controls=1&#038;disablekb=0&#038;\" class=\"__youtube_prefs__  epyt-is-override  no-lazyload\" title=\"YouTube player\"  allow=\"fullscreen; accelerometer; autoplay; clipboard-write; encrypted-media; gyroscope; picture-in-picture; web-share\" referrerpolicy=\"strict-origin-when-cross-origin\" allowfullscreen data-no-lazy=\"1\" data-skipgform_ajax_framebjll=\"\"><\/iframe><\/p>\n<p>Camilo Sesto y Marta S\u00e1nchez-Perd\u00f3name<\/p>\n<p><iframe loading=\"lazy\"  id=\"_ytid_22581\"  width=\"480\" height=\"270\"  data-origwidth=\"480\" data-origheight=\"270\" src=\"https:\/\/www.youtube.com\/embed\/L3YFWJodLyc?enablejsapi=1&#038;autoplay=0&#038;cc_load_policy=0&#038;cc_lang_pref=&#038;iv_load_policy=1&#038;loop=0&#038;rel=1&#038;fs=1&#038;playsinline=0&#038;autohide=2&#038;theme=dark&#038;color=red&#038;controls=1&#038;disablekb=0&#038;\" class=\"__youtube_prefs__  epyt-is-override  no-lazyload\" title=\"YouTube player\"  allow=\"fullscreen; accelerometer; autoplay; clipboard-write; encrypted-media; gyroscope; picture-in-picture; web-share\" referrerpolicy=\"strict-origin-when-cross-origin\" allowfullscreen data-no-lazy=\"1\" data-skipgform_ajax_framebjll=\"\"><\/iframe><\/p>\n<p>Monica Naranjo-Vivir as\u00ed es morir de amor<\/p>\n<p><iframe loading=\"lazy\"  id=\"_ytid_66561\"  width=\"480\" height=\"270\"  data-origwidth=\"480\" data-origheight=\"270\" src=\"https:\/\/www.youtube.com\/embed\/zN-5dQl1sNs?enablejsapi=1&#038;autoplay=0&#038;cc_load_policy=0&#038;cc_lang_pref=&#038;iv_load_policy=1&#038;loop=0&#038;rel=1&#038;fs=1&#038;playsinline=0&#038;autohide=2&#038;theme=dark&#038;color=red&#038;controls=1&#038;disablekb=0&#038;\" class=\"__youtube_prefs__  epyt-is-override  no-lazyload\" title=\"YouTube player\"  allow=\"fullscreen; accelerometer; autoplay; clipboard-write; encrypted-media; gyroscope; picture-in-picture; web-share\" referrerpolicy=\"strict-origin-when-cross-origin\" allowfullscreen data-no-lazy=\"1\" data-skipgform_ajax_framebjll=\"\"><\/iframe><\/p>\n<p>&nbsp;<\/p>\n<p><img loading=\"lazy\" decoding=\"async\" class=\"alignnone size-medium wp-image-311\" src=\"http:\/\/www.vivaeurovision.com\/wp-content\/uploads\/2016\/01\/image-21-300x165.jpeg\" alt=\"VIVAEUROVISION.COM\" width=\"300\" height=\"165\" srcset=\"https:\/\/www.vivaeurovision.com\/wp-content\/uploads\/2016\/01\/image-21-300x165.jpeg 300w, https:\/\/www.vivaeurovision.com\/wp-content\/uploads\/2016\/01\/image-21-555x305.jpeg 555w, https:\/\/www.vivaeurovision.com\/wp-content\/uploads\/2016\/01\/image-21.jpeg 669w\" sizes=\"auto, (max-width: 300px) 100vw, 300px\" \/><\/p>\n<p>Twitter\u00a0<strong> <a href=\"https:\/\/twitter.com\/viva_eurovision\" target=\"_blank\" rel=\"noopener noreferrer\">@viva_eurovision<\/a>\u00a0 <a href=\"https:\/\/www.facebook.com\/Vivaeurovisioncom-867806686671081\/?fref=nf\" target=\"_blank\" rel=\"noopener noreferrer\">FACEBOOK OFICIAL VIVA EUROVISION <\/a><\/strong>Instragram <strong>\u00a0<\/strong><a href=\"https:\/\/www.instagram.com\/vivaeurovision\/\" target=\"_blank\" rel=\"noopener noreferrer\"><strong>@vivaeurovision<\/strong><\/a><\/p>\n<p>Redactor: Pedro Palomo <a href=\"https:\/\/twitter.com\/pedropalomobcn?lang=es\"><strong>@pedropalomobcn<\/strong><\/a><strong>\u00a0<\/strong>Instagram <a href=\"https:\/\/www.instagram.com\/pedrobcn\/\" target=\"_blank\" rel=\"noopener noreferrer\"><strong>@pedrobcn<\/strong><\/a><\/p>\n","protected":false},"excerpt":{"rendered":"<p>Pastora\u00a0Soler, Ruth Lorenzo, Marta S\u00e1nchez y Monica Naranjo. Grandes voces en Camilo Sesto \u2018Sinf\u00f3nico\u2019 Camilo Sesto uno de los artistas m\u00e1s reconocidos de nacional e internacionalmente desde los a\u00f1os 60&#46;&#46;&#46;<\/p>\n","protected":false},"author":1,"featured_media":8429,"comment_status":"open","ping_status":"closed","sticky":false,"template":"","format":"standard","meta":{"_exactmetrics_skip_tracking":false,"_exactmetrics_sitenote_active":false,"_exactmetrics_sitenote_note":"","_exactmetrics_sitenote_category":0,"footnotes":""},"categories":[87,6,1195,4,1188,2,875,3],"tags":[3328,3332,3333,3330,3331,3329,11,906,2320,1291,1228,34,73,19,20,766,187,23,22],"class_list":["post-8382","post","type-post","status-publish","format-standard","has-post-thumbnail","hentry","category-columnas","category-espana-en-eurovision","category-eurovision-2","category-eurovision","category-noticia-2","category-noticia","category-rincon-vivalamusica","category-ultima-hora","tag-camilo-sesto","tag-camilo-sesto-marta-sanchez","tag-camilo-sesto-monica-naranjo","tag-camilo-sesto-pastora-soler","tag-camilo-sesto-ruth-lorenzo","tag-camilo-sesto-sinfonico","tag-eurovision","tag-marta-sanchez","tag-monica-naranjo","tag-music","tag-musica","tag-noticia","tag-pastora-soler","tag-pedro-palomo","tag-pedro-palomo-eurovision","tag-pedro-palomo-vivaeurovision","tag-ruth-lorenzo","tag-viva-eurovision","tag-vivaeurovision"],"yoast_head":"<!-- This site is optimized with the Yoast SEO plugin v27.5 - https:\/\/yoast.com\/product\/yoast-seo-wordpress\/ -->\n<title>Pastora Soler, Ruth Lorenzo, Marta S\u00e1nchez y Monica Naranjo. Grandes voces en Camilo Sesto \u2018Sinf\u00f3nico\u2019 - VIVAEUROVISION viva eurovision<\/title>\n<meta name=\"description\" content=\"camilo sesto, camilo sesto sinf\u00f3nico, camilo sesto Monica Naranjo, camilo sesto ruth lorenzo, camilo sesto Marta sanchez, camilo sesto pastora soler\" \/>\n<meta name=\"robots\" content=\"index, follow, max-snippet:-1, max-image-preview:large, max-video-preview:-1\" \/>\n<link rel=\"canonical\" href=\"https:\/\/www.vivaeurovision.com\/index.php\/2018\/11\/23\/8382-camilo-sesto-sinfonico\/\" \/>\n<meta property=\"og:locale\" content=\"es_ES\" \/>\n<meta property=\"og:type\" content=\"article\" \/>\n<meta property=\"og:title\" content=\"Pastora Soler, Ruth Lorenzo, Marta S\u00e1nchez y Monica Naranjo. Grandes voces en Camilo Sesto \u2018Sinf\u00f3nico\u2019 - VIVAEUROVISION viva eurovision\" \/>\n<meta property=\"og:description\" content=\"camilo sesto, camilo sesto sinf\u00f3nico, camilo sesto Monica Naranjo, camilo sesto ruth lorenzo, camilo sesto Marta sanchez, camilo sesto pastora soler\" \/>\n<meta property=\"og:url\" content=\"https:\/\/www.vivaeurovision.com\/index.php\/2018\/11\/23\/8382-camilo-sesto-sinfonico\/\" \/>\n<meta property=\"og:site_name\" content=\"VIVAEUROVISION viva eurovision\" \/>\n<meta property=\"article:published_time\" content=\"2018-11-23T00:13:04+00:00\" \/>\n<meta property=\"article:modified_time\" content=\"2018-11-23T00:25:32+00:00\" \/>\n<meta property=\"og:image\" content=\"https:\/\/www.vivaeurovision.com\/wp-content\/uploads\/2018\/11\/2EA25CD1-8BD1-4DC8-A403-3795797C9E42.jpeg\" \/>\n\t<meta property=\"og:image:width\" content=\"3217\" \/>\n\t<meta property=\"og:image:height\" content=\"1810\" \/>\n\t<meta property=\"og:image:type\" content=\"image\/jpeg\" \/>\n<meta name=\"author\" content=\"Pedro Palomo\" \/>\n<meta name=\"twitter:card\" content=\"summary_large_image\" \/>\n<meta name=\"twitter:creator\" content=\"@pedropalomobcn\" \/>\n<meta name=\"twitter:label1\" content=\"Escrito por\" \/>\n\t<meta name=\"twitter:data1\" content=\"Pedro Palomo\" \/>\n\t<meta name=\"twitter:label2\" content=\"Tiempo de lectura\" \/>\n\t<meta name=\"twitter:data2\" content=\"1 minuto\" \/>\n<script type=\"application\/ld+json\" class=\"yoast-schema-graph\">{\"@context\":\"https:\\\/\\\/schema.org\",\"@graph\":[{\"@type\":\"Article\",\"@id\":\"https:\\\/\\\/www.vivaeurovision.com\\\/index.php\\\/2018\\\/11\\\/23\\\/8382-camilo-sesto-sinfonico\\\/#article\",\"isPartOf\":{\"@id\":\"https:\\\/\\\/www.vivaeurovision.com\\\/index.php\\\/2018\\\/11\\\/23\\\/8382-camilo-sesto-sinfonico\\\/\"},\"author\":{\"name\":\"Pedro Palomo\",\"@id\":\"https:\\\/\\\/www.vivaeurovision.com\\\/#\\\/schema\\\/person\\\/1d31fdaa3f5f7df556f73d164bd3c47a\"},\"headline\":\"Pastora Soler, Ruth Lorenzo, Marta S\u00e1nchez y Monica Naranjo. Grandes voces en Camilo Sesto \u2018Sinf\u00f3nico\u2019\",\"datePublished\":\"2018-11-23T00:13:04+00:00\",\"dateModified\":\"2018-11-23T00:25:32+00:00\",\"mainEntityOfPage\":{\"@id\":\"https:\\\/\\\/www.vivaeurovision.com\\\/index.php\\\/2018\\\/11\\\/23\\\/8382-camilo-sesto-sinfonico\\\/\"},\"wordCount\":315,\"commentCount\":0,\"publisher\":{\"@id\":\"https:\\\/\\\/www.vivaeurovision.com\\\/#organization\"},\"image\":{\"@id\":\"https:\\\/\\\/www.vivaeurovision.com\\\/index.php\\\/2018\\\/11\\\/23\\\/8382-camilo-sesto-sinfonico\\\/#primaryimage\"},\"thumbnailUrl\":\"https:\\\/\\\/www.vivaeurovision.com\\\/wp-content\\\/uploads\\\/2018\\\/11\\\/2EA25CD1-8BD1-4DC8-A403-3795797C9E42.jpeg\",\"keywords\":[\"camilo sesto\",\"camilo sesto marta sanchez\",\"camilo sesto monica naranjo\",\"camilo sesto pastora soler\",\"camilo sesto ruth lorenzo\",\"camilo sesto sinf\u00f3nico\",\"Eurovision\",\"MARTA SANCHEZ\",\"monica naranjo\",\"music\",\"m\u00fasica\",\"Noticia\",\"Pastora Soler\",\"Pedro Palomo\",\"Pedro Palomo Eurovision\",\"Pedro Palomo Vivaeurovision\",\"Ruth Lorenzo\",\"viva eurovision\",\"vivaeurovision\"],\"articleSection\":[\"Columnas\",\"Espa\u00f1a en Eurovisi\u00f3n\",\"eurovision\",\"Inicio\",\"Noticia\",\"Noticias\",\"Rinc\u00f3n VIVALAMUSICA\",\"Ultima Hora\"],\"inLanguage\":\"es\",\"potentialAction\":[{\"@type\":\"CommentAction\",\"name\":\"Comment\",\"target\":[\"https:\\\/\\\/www.vivaeurovision.com\\\/index.php\\\/2018\\\/11\\\/23\\\/8382-camilo-sesto-sinfonico\\\/#respond\"]}]},{\"@type\":\"WebPage\",\"@id\":\"https:\\\/\\\/www.vivaeurovision.com\\\/index.php\\\/2018\\\/11\\\/23\\\/8382-camilo-sesto-sinfonico\\\/\",\"url\":\"https:\\\/\\\/www.vivaeurovision.com\\\/index.php\\\/2018\\\/11\\\/23\\\/8382-camilo-sesto-sinfonico\\\/\",\"name\":\"Pastora Soler, Ruth Lorenzo, Marta S\u00e1nchez y Monica Naranjo. Grandes voces en Camilo Sesto \u2018Sinf\u00f3nico\u2019 - VIVAEUROVISION viva eurovision\",\"isPartOf\":{\"@id\":\"https:\\\/\\\/www.vivaeurovision.com\\\/#website\"},\"primaryImageOfPage\":{\"@id\":\"https:\\\/\\\/www.vivaeurovision.com\\\/index.php\\\/2018\\\/11\\\/23\\\/8382-camilo-sesto-sinfonico\\\/#primaryimage\"},\"image\":{\"@id\":\"https:\\\/\\\/www.vivaeurovision.com\\\/index.php\\\/2018\\\/11\\\/23\\\/8382-camilo-sesto-sinfonico\\\/#primaryimage\"},\"thumbnailUrl\":\"https:\\\/\\\/www.vivaeurovision.com\\\/wp-content\\\/uploads\\\/2018\\\/11\\\/2EA25CD1-8BD1-4DC8-A403-3795797C9E42.jpeg\",\"datePublished\":\"2018-11-23T00:13:04+00:00\",\"dateModified\":\"2018-11-23T00:25:32+00:00\",\"description\":\"camilo sesto, camilo sesto sinf\u00f3nico, camilo sesto Monica Naranjo, camilo sesto ruth lorenzo, camilo sesto Marta sanchez, camilo sesto pastora soler\",\"breadcrumb\":{\"@id\":\"https:\\\/\\\/www.vivaeurovision.com\\\/index.php\\\/2018\\\/11\\\/23\\\/8382-camilo-sesto-sinfonico\\\/#breadcrumb\"},\"inLanguage\":\"es\",\"potentialAction\":[{\"@type\":\"ReadAction\",\"target\":[\"https:\\\/\\\/www.vivaeurovision.com\\\/index.php\\\/2018\\\/11\\\/23\\\/8382-camilo-sesto-sinfonico\\\/\"]}]},{\"@type\":\"ImageObject\",\"inLanguage\":\"es\",\"@id\":\"https:\\\/\\\/www.vivaeurovision.com\\\/index.php\\\/2018\\\/11\\\/23\\\/8382-camilo-sesto-sinfonico\\\/#primaryimage\",\"url\":\"https:\\\/\\\/www.vivaeurovision.com\\\/wp-content\\\/uploads\\\/2018\\\/11\\\/2EA25CD1-8BD1-4DC8-A403-3795797C9E42.jpeg\",\"contentUrl\":\"https:\\\/\\\/www.vivaeurovision.com\\\/wp-content\\\/uploads\\\/2018\\\/11\\\/2EA25CD1-8BD1-4DC8-A403-3795797C9E42.jpeg\",\"width\":3217,\"height\":1810,\"caption\":\"Camilo Sesto sinf\u00f3nico\"},{\"@type\":\"BreadcrumbList\",\"@id\":\"https:\\\/\\\/www.vivaeurovision.com\\\/index.php\\\/2018\\\/11\\\/23\\\/8382-camilo-sesto-sinfonico\\\/#breadcrumb\",\"itemListElement\":[{\"@type\":\"ListItem\",\"position\":1,\"name\":\"Portada\",\"item\":\"https:\\\/\\\/www.vivaeurovision.com\\\/\"},{\"@type\":\"ListItem\",\"position\":2,\"name\":\"Pastora Soler, Ruth Lorenzo, Marta S\u00e1nchez y Monica Naranjo. Grandes voces en Camilo Sesto \u2018Sinf\u00f3nico\u2019\"}]},{\"@type\":\"WebSite\",\"@id\":\"https:\\\/\\\/www.vivaeurovision.com\\\/#website\",\"url\":\"https:\\\/\\\/www.vivaeurovision.com\\\/\",\"name\":\"VIVAEUROVISION viva eurovision\",\"description\":\"Tu portal sobre el Festival de Eurovision, eurovision, eurovisi\u00f3n\",\"publisher\":{\"@id\":\"https:\\\/\\\/www.vivaeurovision.com\\\/#organization\"},\"potentialAction\":[{\"@type\":\"SearchAction\",\"target\":{\"@type\":\"EntryPoint\",\"urlTemplate\":\"https:\\\/\\\/www.vivaeurovision.com\\\/?s={search_term_string}\"},\"query-input\":{\"@type\":\"PropertyValueSpecification\",\"valueRequired\":true,\"valueName\":\"search_term_string\"}}],\"inLanguage\":\"es\"},{\"@type\":\"Organization\",\"@id\":\"https:\\\/\\\/www.vivaeurovision.com\\\/#organization\",\"name\":\"vivaeurovision\",\"url\":\"https:\\\/\\\/www.vivaeurovision.com\\\/\",\"logo\":{\"@type\":\"ImageObject\",\"inLanguage\":\"es\",\"@id\":\"https:\\\/\\\/www.vivaeurovision.com\\\/#\\\/schema\\\/logo\\\/image\\\/\",\"url\":\"https:\\\/\\\/www.vivaeurovision.com\\\/wp-content\\\/uploads\\\/2016\\\/01\\\/cropped-image-21-1.jpeg\",\"contentUrl\":\"https:\\\/\\\/www.vivaeurovision.com\\\/wp-content\\\/uploads\\\/2016\\\/01\\\/cropped-image-21-1.jpeg\",\"width\":669,\"height\":368,\"caption\":\"vivaeurovision\"},\"image\":{\"@id\":\"https:\\\/\\\/www.vivaeurovision.com\\\/#\\\/schema\\\/logo\\\/image\\\/\"}},{\"@type\":\"Person\",\"@id\":\"https:\\\/\\\/www.vivaeurovision.com\\\/#\\\/schema\\\/person\\\/1d31fdaa3f5f7df556f73d164bd3c47a\",\"name\":\"Pedro Palomo\",\"image\":{\"@type\":\"ImageObject\",\"inLanguage\":\"es\",\"@id\":\"https:\\\/\\\/secure.gravatar.com\\\/avatar\\\/4cf9a4877f5f71f44fb7cedbe1bac1bd28bd8ce7a217517d98d5b2117f9f5505?s=96&d=mm&r=g\",\"url\":\"https:\\\/\\\/secure.gravatar.com\\\/avatar\\\/4cf9a4877f5f71f44fb7cedbe1bac1bd28bd8ce7a217517d98d5b2117f9f5505?s=96&d=mm&r=g\",\"contentUrl\":\"https:\\\/\\\/secure.gravatar.com\\\/avatar\\\/4cf9a4877f5f71f44fb7cedbe1bac1bd28bd8ce7a217517d98d5b2117f9f5505?s=96&d=mm&r=g\",\"caption\":\"Pedro Palomo\"},\"sameAs\":[\"http:\\\/\\\/www.vivaeurovision.com\",\"@pedrobcn\",\"https:\\\/\\\/x.com\\\/@pedropalomobcn\"]}]}<\/script>\n<!-- \/ Yoast SEO plugin. -->","yoast_head_json":{"title":"Pastora Soler, Ruth Lorenzo, Marta S\u00e1nchez y Monica Naranjo. Grandes voces en Camilo Sesto \u2018Sinf\u00f3nico\u2019 - VIVAEUROVISION viva eurovision","description":"camilo sesto, camilo sesto sinf\u00f3nico, camilo sesto Monica Naranjo, camilo sesto ruth lorenzo, camilo sesto Marta sanchez, camilo sesto pastora soler","robots":{"index":"index","follow":"follow","max-snippet":"max-snippet:-1","max-image-preview":"max-image-preview:large","max-video-preview":"max-video-preview:-1"},"canonical":"https:\/\/www.vivaeurovision.com\/index.php\/2018\/11\/23\/8382-camilo-sesto-sinfonico\/","og_locale":"es_ES","og_type":"article","og_title":"Pastora Soler, Ruth Lorenzo, Marta S\u00e1nchez y Monica Naranjo. Grandes voces en Camilo Sesto \u2018Sinf\u00f3nico\u2019 - VIVAEUROVISION viva eurovision","og_description":"camilo sesto, camilo sesto sinf\u00f3nico, camilo sesto Monica Naranjo, camilo sesto ruth lorenzo, camilo sesto Marta sanchez, camilo sesto pastora soler","og_url":"https:\/\/www.vivaeurovision.com\/index.php\/2018\/11\/23\/8382-camilo-sesto-sinfonico\/","og_site_name":"VIVAEUROVISION viva eurovision","article_published_time":"2018-11-23T00:13:04+00:00","article_modified_time":"2018-11-23T00:25:32+00:00","og_image":[{"width":3217,"height":1810,"url":"https:\/\/www.vivaeurovision.com\/wp-content\/uploads\/2018\/11\/2EA25CD1-8BD1-4DC8-A403-3795797C9E42.jpeg","type":"image\/jpeg"}],"author":"Pedro Palomo","twitter_card":"summary_large_image","twitter_creator":"@pedropalomobcn","twitter_misc":{"Escrito por":"Pedro Palomo","Tiempo de lectura":"1 minuto"},"schema":{"@context":"https:\/\/schema.org","@graph":[{"@type":"Article","@id":"https:\/\/www.vivaeurovision.com\/index.php\/2018\/11\/23\/8382-camilo-sesto-sinfonico\/#article","isPartOf":{"@id":"https:\/\/www.vivaeurovision.com\/index.php\/2018\/11\/23\/8382-camilo-sesto-sinfonico\/"},"author":{"name":"Pedro Palomo","@id":"https:\/\/www.vivaeurovision.com\/#\/schema\/person\/1d31fdaa3f5f7df556f73d164bd3c47a"},"headline":"Pastora Soler, Ruth Lorenzo, Marta S\u00e1nchez y Monica Naranjo. Grandes voces en Camilo Sesto \u2018Sinf\u00f3nico\u2019","datePublished":"2018-11-23T00:13:04+00:00","dateModified":"2018-11-23T00:25:32+00:00","mainEntityOfPage":{"@id":"https:\/\/www.vivaeurovision.com\/index.php\/2018\/11\/23\/8382-camilo-sesto-sinfonico\/"},"wordCount":315,"commentCount":0,"publisher":{"@id":"https:\/\/www.vivaeurovision.com\/#organization"},"image":{"@id":"https:\/\/www.vivaeurovision.com\/index.php\/2018\/11\/23\/8382-camilo-sesto-sinfonico\/#primaryimage"},"thumbnailUrl":"https:\/\/www.vivaeurovision.com\/wp-content\/uploads\/2018\/11\/2EA25CD1-8BD1-4DC8-A403-3795797C9E42.jpeg","keywords":["camilo sesto","camilo sesto marta sanchez","camilo sesto monica naranjo","camilo sesto pastora soler","camilo sesto ruth lorenzo","camilo sesto sinf\u00f3nico","Eurovision","MARTA SANCHEZ","monica naranjo","music","m\u00fasica","Noticia","Pastora Soler","Pedro Palomo","Pedro Palomo Eurovision","Pedro Palomo Vivaeurovision","Ruth Lorenzo","viva eurovision","vivaeurovision"],"articleSection":["Columnas","Espa\u00f1a en Eurovisi\u00f3n","eurovision","Inicio","Noticia","Noticias","Rinc\u00f3n VIVALAMUSICA","Ultima Hora"],"inLanguage":"es","potentialAction":[{"@type":"CommentAction","name":"Comment","target":["https:\/\/www.vivaeurovision.com\/index.php\/2018\/11\/23\/8382-camilo-sesto-sinfonico\/#respond"]}]},{"@type":"WebPage","@id":"https:\/\/www.vivaeurovision.com\/index.php\/2018\/11\/23\/8382-camilo-sesto-sinfonico\/","url":"https:\/\/www.vivaeurovision.com\/index.php\/2018\/11\/23\/8382-camilo-sesto-sinfonico\/","name":"Pastora Soler, Ruth Lorenzo, Marta S\u00e1nchez y Monica Naranjo. Grandes voces en Camilo Sesto \u2018Sinf\u00f3nico\u2019 - VIVAEUROVISION viva eurovision","isPartOf":{"@id":"https:\/\/www.vivaeurovision.com\/#website"},"primaryImageOfPage":{"@id":"https:\/\/www.vivaeurovision.com\/index.php\/2018\/11\/23\/8382-camilo-sesto-sinfonico\/#primaryimage"},"image":{"@id":"https:\/\/www.vivaeurovision.com\/index.php\/2018\/11\/23\/8382-camilo-sesto-sinfonico\/#primaryimage"},"thumbnailUrl":"https:\/\/www.vivaeurovision.com\/wp-content\/uploads\/2018\/11\/2EA25CD1-8BD1-4DC8-A403-3795797C9E42.jpeg","datePublished":"2018-11-23T00:13:04+00:00","dateModified":"2018-11-23T00:25:32+00:00","description":"camilo sesto, camilo sesto sinf\u00f3nico, camilo sesto Monica Naranjo, camilo sesto ruth lorenzo, camilo sesto Marta sanchez, camilo sesto pastora soler","breadcrumb":{"@id":"https:\/\/www.vivaeurovision.com\/index.php\/2018\/11\/23\/8382-camilo-sesto-sinfonico\/#breadcrumb"},"inLanguage":"es","potentialAction":[{"@type":"ReadAction","target":["https:\/\/www.vivaeurovision.com\/index.php\/2018\/11\/23\/8382-camilo-sesto-sinfonico\/"]}]},{"@type":"ImageObject","inLanguage":"es","@id":"https:\/\/www.vivaeurovision.com\/index.php\/2018\/11\/23\/8382-camilo-sesto-sinfonico\/#primaryimage","url":"https:\/\/www.vivaeurovision.com\/wp-content\/uploads\/2018\/11\/2EA25CD1-8BD1-4DC8-A403-3795797C9E42.jpeg","contentUrl":"https:\/\/www.vivaeurovision.com\/wp-content\/uploads\/2018\/11\/2EA25CD1-8BD1-4DC8-A403-3795797C9E42.jpeg","width":3217,"height":1810,"caption":"Camilo Sesto sinf\u00f3nico"},{"@type":"BreadcrumbList","@id":"https:\/\/www.vivaeurovision.com\/index.php\/2018\/11\/23\/8382-camilo-sesto-sinfonico\/#breadcrumb","itemListElement":[{"@type":"ListItem","position":1,"name":"Portada","item":"https:\/\/www.vivaeurovision.com\/"},{"@type":"ListItem","position":2,"name":"Pastora Soler, Ruth Lorenzo, Marta S\u00e1nchez y Monica Naranjo. Grandes voces en Camilo Sesto \u2018Sinf\u00f3nico\u2019"}]},{"@type":"WebSite","@id":"https:\/\/www.vivaeurovision.com\/#website","url":"https:\/\/www.vivaeurovision.com\/","name":"VIVAEUROVISION viva eurovision","description":"Tu portal sobre el Festival de Eurovision, eurovision, eurovisi\u00f3n","publisher":{"@id":"https:\/\/www.vivaeurovision.com\/#organization"},"potentialAction":[{"@type":"SearchAction","target":{"@type":"EntryPoint","urlTemplate":"https:\/\/www.vivaeurovision.com\/?s={search_term_string}"},"query-input":{"@type":"PropertyValueSpecification","valueRequired":true,"valueName":"search_term_string"}}],"inLanguage":"es"},{"@type":"Organization","@id":"https:\/\/www.vivaeurovision.com\/#organization","name":"vivaeurovision","url":"https:\/\/www.vivaeurovision.com\/","logo":{"@type":"ImageObject","inLanguage":"es","@id":"https:\/\/www.vivaeurovision.com\/#\/schema\/logo\/image\/","url":"https:\/\/www.vivaeurovision.com\/wp-content\/uploads\/2016\/01\/cropped-image-21-1.jpeg","contentUrl":"https:\/\/www.vivaeurovision.com\/wp-content\/uploads\/2016\/01\/cropped-image-21-1.jpeg","width":669,"height":368,"caption":"vivaeurovision"},"image":{"@id":"https:\/\/www.vivaeurovision.com\/#\/schema\/logo\/image\/"}},{"@type":"Person","@id":"https:\/\/www.vivaeurovision.com\/#\/schema\/person\/1d31fdaa3f5f7df556f73d164bd3c47a","name":"Pedro Palomo","image":{"@type":"ImageObject","inLanguage":"es","@id":"https:\/\/secure.gravatar.com\/avatar\/4cf9a4877f5f71f44fb7cedbe1bac1bd28bd8ce7a217517d98d5b2117f9f5505?s=96&d=mm&r=g","url":"https:\/\/secure.gravatar.com\/avatar\/4cf9a4877f5f71f44fb7cedbe1bac1bd28bd8ce7a217517d98d5b2117f9f5505?s=96&d=mm&r=g","contentUrl":"https:\/\/secure.gravatar.com\/avatar\/4cf9a4877f5f71f44fb7cedbe1bac1bd28bd8ce7a217517d98d5b2117f9f5505?s=96&d=mm&r=g","caption":"Pedro Palomo"},"sameAs":["http:\/\/www.vivaeurovision.com","@pedrobcn","https:\/\/x.com\/@pedropalomobcn"]}]}},"_links":{"self":[{"href":"https:\/\/www.vivaeurovision.com\/index.php\/wp-json\/wp\/v2\/posts\/8382","targetHints":{"allow":["GET"]}}],"collection":[{"href":"https:\/\/www.vivaeurovision.com\/index.php\/wp-json\/wp\/v2\/posts"}],"about":[{"href":"https:\/\/www.vivaeurovision.com\/index.php\/wp-json\/wp\/v2\/types\/post"}],"author":[{"embeddable":true,"href":"https:\/\/www.vivaeurovision.com\/index.php\/wp-json\/wp\/v2\/users\/1"}],"replies":[{"embeddable":true,"href":"https:\/\/www.vivaeurovision.com\/index.php\/wp-json\/wp\/v2\/comments?post=8382"}],"version-history":[{"count":5,"href":"https:\/\/www.vivaeurovision.com\/index.php\/wp-json\/wp\/v2\/posts\/8382\/revisions"}],"predecessor-version":[{"id":8436,"href":"https:\/\/www.vivaeurovision.com\/index.php\/wp-json\/wp\/v2\/posts\/8382\/revisions\/8436"}],"wp:featuredmedia":[{"embeddable":true,"href":"https:\/\/www.vivaeurovision.com\/index.php\/wp-json\/wp\/v2\/media\/8429"}],"wp:attachment":[{"href":"https:\/\/www.vivaeurovision.com\/index.php\/wp-json\/wp\/v2\/media?parent=8382"}],"wp:term":[{"taxonomy":"category","embeddable":true,"href":"https:\/\/www.vivaeurovision.com\/index.php\/wp-json\/wp\/v2\/categories?post=8382"},{"taxonomy":"post_tag","embeddable":true,"href":"https:\/\/www.vivaeurovision.com\/index.php\/wp-json\/wp\/v2\/tags?post=8382"}],"curies":[{"name":"wp","href":"https:\/\/api.w.org\/{rel}","templated":true}]}}