{"id":8556,"date":"2018-12-18T23:08:51","date_gmt":"2018-12-18T23:08:51","guid":{"rendered":"http:\/\/www.vivaeurovision.com\/?p=8556"},"modified":"2018-12-18T23:08:54","modified_gmt":"2018-12-18T23:08:54","slug":"australia-decides","status":"publish","type":"post","link":"https:\/\/www.vivaeurovision.com\/index.php\/2018\/12\/18\/australia-decides\/","title":{"rendered":"Australia anuncia tres artistas m\u00e1s para su preselecci\u00f3n \u2018Australia Decides\u2019"},"content":{"rendered":"<h2>Australia anuncia tres artistas m\u00e1s para su preselecci\u00f3n \u2018Australia Decides\u2019<\/h2>\n<p><img loading=\"lazy\" decoding=\"async\" class=\"alignnone size-full wp-image-8612\" src=\"http:\/\/www.vivaeurovision.com\/wp-content\/uploads\/2018\/12\/4FCBE251-79EA-4B09-AE78-FD5C3F35C7EF.jpeg\" alt=\"astralia eurovision 2019\" width=\"704\" height=\"396\" \/><\/p>\n<p>Imagen: SBS<\/p>\n<p>Eurovision &#8211; Australia Decides, \u00a0SBS y \u00a0Blink TV han anunciando otros tres de los artistas que competiran por representar Australia en Eurovision 2019.<\/p>\n<p>La conocida drag queen <strong>Courtney Act<\/strong> con su canci\u00f3n \u00abFight for Love\u00bb lanzada hoy, la carism\u00e1tica estrella pop <strong>Aydan<\/strong>, y un nuevo descubrimiento, la cantante y compositora <strong>Leea<\/strong> <strong>Nanos<\/strong>, de 16 a\u00f1os. quien ha sido seleccionada como comod\u00edn despu\u00e9s de la valoraci\u00f3n de un jurado interno.<\/p>\n<p>Se unen a los artistas previamente anunciados, la galardonada int\u00e9rprete solista Kate Miller-Heidke, la muy apreciada banda de pop indie Sheppard.<\/p>\n<p><iframe loading=\"lazy\"  id=\"_ytid_82474\"  width=\"480\" height=\"270\"  data-origwidth=\"480\" data-origheight=\"270\" src=\"https:\/\/www.youtube.com\/embed\/DWZpOF9OZLs?enablejsapi=1&#038;autoplay=0&#038;cc_load_policy=0&#038;cc_lang_pref=&#038;iv_load_policy=1&#038;loop=0&#038;rel=1&#038;fs=1&#038;playsinline=0&#038;autohide=2&#038;theme=dark&#038;color=red&#038;controls=1&#038;disablekb=0&#038;\" class=\"__youtube_prefs__  epyt-is-override  no-lazyload\" title=\"YouTube player\"  allow=\"fullscreen; accelerometer; autoplay; clipboard-write; encrypted-media; gyroscope; picture-in-picture; web-share\" referrerpolicy=\"strict-origin-when-cross-origin\" allowfullscreen data-no-lazy=\"1\" data-skipgform_ajax_framebjll=\"\"><\/iframe><\/p>\n<p><img loading=\"lazy\" decoding=\"async\" class=\"alignnone size-medium wp-image-311\" src=\"http:\/\/www.vivaeurovision.com\/wp-content\/uploads\/2016\/01\/image-21-300x165.jpeg\" alt=\"VIVAEUROVISION.COM\" width=\"300\" height=\"165\" srcset=\"https:\/\/www.vivaeurovision.com\/wp-content\/uploads\/2016\/01\/image-21-300x165.jpeg 300w, https:\/\/www.vivaeurovision.com\/wp-content\/uploads\/2016\/01\/image-21-555x305.jpeg 555w, https:\/\/www.vivaeurovision.com\/wp-content\/uploads\/2016\/01\/image-21.jpeg 669w\" sizes=\"auto, (max-width: 300px) 100vw, 300px\" \/><\/p>\n<p>Twitter\u00a0<strong> <a href=\"https:\/\/twitter.com\/viva_eurovision\" target=\"_blank\" rel=\"noopener noreferrer\">@viva_eurovision<\/a>\u00a0 <a href=\"https:\/\/www.facebook.com\/Vivaeurovisioncom-867806686671081\/?fref=nf\" target=\"_blank\" rel=\"noopener noreferrer\">FACEBOOK OFICIAL VIVA EUROVISION <\/a><\/strong>Instragram <strong>\u00a0<\/strong><a href=\"https:\/\/www.instagram.com\/vivaeurovision\/\" target=\"_blank\" rel=\"noopener noreferrer\"><strong>@vivaeurovision<\/strong><\/a><\/p>\n<p>Redactor: Pedro Palomo <a href=\"https:\/\/twitter.com\/pedropalomobcn?lang=es\"><strong>@pedropalomobcn<\/strong><\/a><strong>\u00a0<\/strong>Instagram <a href=\"https:\/\/www.instagram.com\/pedrobcn\/\" target=\"_blank\" rel=\"noopener noreferrer\"><strong>@pedrobcn<\/strong><\/a><\/p>\n","protected":false},"excerpt":{"rendered":"<p>Astralia Decides <\/p>\n","protected":false},"author":1,"featured_media":8612,"comment_status":"open","ping_status":"closed","sticky":false,"template":"","format":"standard","meta":{"_exactmetrics_skip_tracking":false,"_exactmetrics_sitenote_active":false,"_exactmetrics_sitenote_note":"","_exactmetrics_sitenote_category":0,"footnotes":""},"categories":[1195,3086,4,1188,2,3],"tags":[3378,3248,3249,3267,11,3264,706,3211,3212,19,20,766,3266,23,22],"class_list":["post-8556","post","type-post","status-publish","format-standard","has-post-thumbnail","hentry","category-eurovision-2","category-eurovision-2019","category-eurovision","category-noticia-2","category-noticia","category-ultima-hora","tag-astralia-eurovision-2019","tag-australia-decides","tag-australia-decides-2019","tag-dare-to-dream","tag-eurovision","tag-eurovision-2019-dare-to-dream","tag-eurovision-song-contest-festival","tag-eurovision-tel-aviv","tag-eurovision-tel-aviv-2019","tag-pedro-palomo","tag-pedro-palomo-eurovision","tag-pedro-palomo-vivaeurovision","tag-tel-aviv-2019-dare-to-dream","tag-viva-eurovision","tag-vivaeurovision"],"yoast_head":"<!-- This site is optimized with the Yoast SEO plugin v27.5 - https:\/\/yoast.com\/product\/yoast-seo-wordpress\/ -->\n<title>Australia anuncia tres artistas m\u00e1s para su preselecci\u00f3n \u2018Australia Decides\u2019 - VIVAEUROVISION viva eurovision<\/title>\n<meta name=\"description\" content=\"australia decides, eurovision, viva eurovision, vivaeurovision, Eurovision 2019, Australia eurovision 2019, sbs, esc 2019, dare to dream\" \/>\n<meta name=\"robots\" content=\"index, follow, max-snippet:-1, max-image-preview:large, max-video-preview:-1\" \/>\n<link rel=\"canonical\" href=\"https:\/\/www.vivaeurovision.com\/index.php\/2018\/12\/18\/australia-decides\/\" \/>\n<meta property=\"og:locale\" content=\"es_ES\" \/>\n<meta property=\"og:type\" content=\"article\" \/>\n<meta property=\"og:title\" content=\"Australia anuncia tres artistas m\u00e1s para su preselecci\u00f3n \u2018Australia Decides\u2019 - VIVAEUROVISION viva eurovision\" \/>\n<meta property=\"og:description\" content=\"australia decides, eurovision, viva eurovision, vivaeurovision, Eurovision 2019, Australia eurovision 2019, sbs, esc 2019, dare to dream\" \/>\n<meta property=\"og:url\" content=\"https:\/\/www.vivaeurovision.com\/index.php\/2018\/12\/18\/australia-decides\/\" \/>\n<meta property=\"og:site_name\" content=\"VIVAEUROVISION viva eurovision\" \/>\n<meta property=\"article:published_time\" content=\"2018-12-18T23:08:51+00:00\" \/>\n<meta property=\"article:modified_time\" content=\"2018-12-18T23:08:54+00:00\" \/>\n<meta property=\"og:image\" content=\"https:\/\/www.vivaeurovision.com\/wp-content\/uploads\/2018\/12\/4FCBE251-79EA-4B09-AE78-FD5C3F35C7EF.jpeg\" \/>\n\t<meta property=\"og:image:width\" content=\"704\" \/>\n\t<meta property=\"og:image:height\" content=\"396\" \/>\n\t<meta property=\"og:image:type\" content=\"image\/jpeg\" \/>\n<meta name=\"author\" content=\"Pedro Palomo\" \/>\n<meta name=\"twitter:card\" content=\"summary_large_image\" \/>\n<meta name=\"twitter:creator\" content=\"@pedropalomobcn\" \/>\n<meta name=\"twitter:label1\" content=\"Escrito por\" \/>\n\t<meta name=\"twitter:data1\" content=\"Pedro Palomo\" \/>\n\t<meta name=\"twitter:label2\" content=\"Tiempo de lectura\" \/>\n\t<meta name=\"twitter:data2\" content=\"1 minuto\" \/>\n<script type=\"application\/ld+json\" class=\"yoast-schema-graph\">{\"@context\":\"https:\\\/\\\/schema.org\",\"@graph\":[{\"@type\":\"Article\",\"@id\":\"https:\\\/\\\/www.vivaeurovision.com\\\/index.php\\\/2018\\\/12\\\/18\\\/australia-decides\\\/#article\",\"isPartOf\":{\"@id\":\"https:\\\/\\\/www.vivaeurovision.com\\\/index.php\\\/2018\\\/12\\\/18\\\/australia-decides\\\/\"},\"author\":{\"name\":\"Pedro Palomo\",\"@id\":\"https:\\\/\\\/www.vivaeurovision.com\\\/#\\\/schema\\\/person\\\/1d31fdaa3f5f7df556f73d164bd3c47a\"},\"headline\":\"Australia anuncia tres artistas m\u00e1s para su preselecci\u00f3n \u2018Australia Decides\u2019\",\"datePublished\":\"2018-12-18T23:08:51+00:00\",\"dateModified\":\"2018-12-18T23:08:54+00:00\",\"mainEntityOfPage\":{\"@id\":\"https:\\\/\\\/www.vivaeurovision.com\\\/index.php\\\/2018\\\/12\\\/18\\\/australia-decides\\\/\"},\"wordCount\":141,\"commentCount\":0,\"publisher\":{\"@id\":\"https:\\\/\\\/www.vivaeurovision.com\\\/#organization\"},\"image\":{\"@id\":\"https:\\\/\\\/www.vivaeurovision.com\\\/index.php\\\/2018\\\/12\\\/18\\\/australia-decides\\\/#primaryimage\"},\"thumbnailUrl\":\"https:\\\/\\\/www.vivaeurovision.com\\\/wp-content\\\/uploads\\\/2018\\\/12\\\/4FCBE251-79EA-4B09-AE78-FD5C3F35C7EF.jpeg\",\"keywords\":[\"astralia eurovision 2019\",\"australia decides\",\"australia decides 2019\",\"dare to dream\",\"Eurovision\",\"eurovision 2019 dare to dream\",\"eurovision song contest festival\",\"eurovision tel aviv\",\"eurovision tel aviv 2019\",\"Pedro Palomo\",\"Pedro Palomo Eurovision\",\"Pedro Palomo Vivaeurovision\",\"tel aviv 2019 dare to dream\",\"viva eurovision\",\"vivaeurovision\"],\"articleSection\":[\"eurovision\",\"eurovision 2019\",\"Inicio\",\"Noticia\",\"Noticias\",\"Ultima Hora\"],\"inLanguage\":\"es\",\"potentialAction\":[{\"@type\":\"CommentAction\",\"name\":\"Comment\",\"target\":[\"https:\\\/\\\/www.vivaeurovision.com\\\/index.php\\\/2018\\\/12\\\/18\\\/australia-decides\\\/#respond\"]}]},{\"@type\":\"WebPage\",\"@id\":\"https:\\\/\\\/www.vivaeurovision.com\\\/index.php\\\/2018\\\/12\\\/18\\\/australia-decides\\\/\",\"url\":\"https:\\\/\\\/www.vivaeurovision.com\\\/index.php\\\/2018\\\/12\\\/18\\\/australia-decides\\\/\",\"name\":\"Australia anuncia tres artistas m\u00e1s para su preselecci\u00f3n \u2018Australia Decides\u2019 - VIVAEUROVISION viva eurovision\",\"isPartOf\":{\"@id\":\"https:\\\/\\\/www.vivaeurovision.com\\\/#website\"},\"primaryImageOfPage\":{\"@id\":\"https:\\\/\\\/www.vivaeurovision.com\\\/index.php\\\/2018\\\/12\\\/18\\\/australia-decides\\\/#primaryimage\"},\"image\":{\"@id\":\"https:\\\/\\\/www.vivaeurovision.com\\\/index.php\\\/2018\\\/12\\\/18\\\/australia-decides\\\/#primaryimage\"},\"thumbnailUrl\":\"https:\\\/\\\/www.vivaeurovision.com\\\/wp-content\\\/uploads\\\/2018\\\/12\\\/4FCBE251-79EA-4B09-AE78-FD5C3F35C7EF.jpeg\",\"datePublished\":\"2018-12-18T23:08:51+00:00\",\"dateModified\":\"2018-12-18T23:08:54+00:00\",\"description\":\"australia decides, eurovision, viva eurovision, vivaeurovision, Eurovision 2019, Australia eurovision 2019, sbs, esc 2019, dare to dream\",\"breadcrumb\":{\"@id\":\"https:\\\/\\\/www.vivaeurovision.com\\\/index.php\\\/2018\\\/12\\\/18\\\/australia-decides\\\/#breadcrumb\"},\"inLanguage\":\"es\",\"potentialAction\":[{\"@type\":\"ReadAction\",\"target\":[\"https:\\\/\\\/www.vivaeurovision.com\\\/index.php\\\/2018\\\/12\\\/18\\\/australia-decides\\\/\"]}]},{\"@type\":\"ImageObject\",\"inLanguage\":\"es\",\"@id\":\"https:\\\/\\\/www.vivaeurovision.com\\\/index.php\\\/2018\\\/12\\\/18\\\/australia-decides\\\/#primaryimage\",\"url\":\"https:\\\/\\\/www.vivaeurovision.com\\\/wp-content\\\/uploads\\\/2018\\\/12\\\/4FCBE251-79EA-4B09-AE78-FD5C3F35C7EF.jpeg\",\"contentUrl\":\"https:\\\/\\\/www.vivaeurovision.com\\\/wp-content\\\/uploads\\\/2018\\\/12\\\/4FCBE251-79EA-4B09-AE78-FD5C3F35C7EF.jpeg\",\"width\":704,\"height\":396,\"caption\":\"astralia eurovision 2019\"},{\"@type\":\"BreadcrumbList\",\"@id\":\"https:\\\/\\\/www.vivaeurovision.com\\\/index.php\\\/2018\\\/12\\\/18\\\/australia-decides\\\/#breadcrumb\",\"itemListElement\":[{\"@type\":\"ListItem\",\"position\":1,\"name\":\"Portada\",\"item\":\"https:\\\/\\\/www.vivaeurovision.com\\\/\"},{\"@type\":\"ListItem\",\"position\":2,\"name\":\"Australia anuncia tres artistas m\u00e1s para su preselecci\u00f3n \u2018Australia Decides\u2019\"}]},{\"@type\":\"WebSite\",\"@id\":\"https:\\\/\\\/www.vivaeurovision.com\\\/#website\",\"url\":\"https:\\\/\\\/www.vivaeurovision.com\\\/\",\"name\":\"VIVAEUROVISION viva eurovision\",\"description\":\"Tu portal sobre el Festival de Eurovision, eurovision, eurovisi\u00f3n\",\"publisher\":{\"@id\":\"https:\\\/\\\/www.vivaeurovision.com\\\/#organization\"},\"potentialAction\":[{\"@type\":\"SearchAction\",\"target\":{\"@type\":\"EntryPoint\",\"urlTemplate\":\"https:\\\/\\\/www.vivaeurovision.com\\\/?s={search_term_string}\"},\"query-input\":{\"@type\":\"PropertyValueSpecification\",\"valueRequired\":true,\"valueName\":\"search_term_string\"}}],\"inLanguage\":\"es\"},{\"@type\":\"Organization\",\"@id\":\"https:\\\/\\\/www.vivaeurovision.com\\\/#organization\",\"name\":\"vivaeurovision\",\"url\":\"https:\\\/\\\/www.vivaeurovision.com\\\/\",\"logo\":{\"@type\":\"ImageObject\",\"inLanguage\":\"es\",\"@id\":\"https:\\\/\\\/www.vivaeurovision.com\\\/#\\\/schema\\\/logo\\\/image\\\/\",\"url\":\"https:\\\/\\\/www.vivaeurovision.com\\\/wp-content\\\/uploads\\\/2016\\\/01\\\/cropped-image-21-1.jpeg\",\"contentUrl\":\"https:\\\/\\\/www.vivaeurovision.com\\\/wp-content\\\/uploads\\\/2016\\\/01\\\/cropped-image-21-1.jpeg\",\"width\":669,\"height\":368,\"caption\":\"vivaeurovision\"},\"image\":{\"@id\":\"https:\\\/\\\/www.vivaeurovision.com\\\/#\\\/schema\\\/logo\\\/image\\\/\"}},{\"@type\":\"Person\",\"@id\":\"https:\\\/\\\/www.vivaeurovision.com\\\/#\\\/schema\\\/person\\\/1d31fdaa3f5f7df556f73d164bd3c47a\",\"name\":\"Pedro Palomo\",\"image\":{\"@type\":\"ImageObject\",\"inLanguage\":\"es\",\"@id\":\"https:\\\/\\\/secure.gravatar.com\\\/avatar\\\/4cf9a4877f5f71f44fb7cedbe1bac1bd28bd8ce7a217517d98d5b2117f9f5505?s=96&d=mm&r=g\",\"url\":\"https:\\\/\\\/secure.gravatar.com\\\/avatar\\\/4cf9a4877f5f71f44fb7cedbe1bac1bd28bd8ce7a217517d98d5b2117f9f5505?s=96&d=mm&r=g\",\"contentUrl\":\"https:\\\/\\\/secure.gravatar.com\\\/avatar\\\/4cf9a4877f5f71f44fb7cedbe1bac1bd28bd8ce7a217517d98d5b2117f9f5505?s=96&d=mm&r=g\",\"caption\":\"Pedro Palomo\"},\"sameAs\":[\"http:\\\/\\\/www.vivaeurovision.com\",\"@pedrobcn\",\"https:\\\/\\\/x.com\\\/@pedropalomobcn\"]}]}<\/script>\n<!-- \/ Yoast SEO plugin. -->","yoast_head_json":{"title":"Australia anuncia tres artistas m\u00e1s para su preselecci\u00f3n \u2018Australia Decides\u2019 - VIVAEUROVISION viva eurovision","description":"australia decides, eurovision, viva eurovision, vivaeurovision, Eurovision 2019, Australia eurovision 2019, sbs, esc 2019, dare to dream","robots":{"index":"index","follow":"follow","max-snippet":"max-snippet:-1","max-image-preview":"max-image-preview:large","max-video-preview":"max-video-preview:-1"},"canonical":"https:\/\/www.vivaeurovision.com\/index.php\/2018\/12\/18\/australia-decides\/","og_locale":"es_ES","og_type":"article","og_title":"Australia anuncia tres artistas m\u00e1s para su preselecci\u00f3n \u2018Australia Decides\u2019 - VIVAEUROVISION viva eurovision","og_description":"australia decides, eurovision, viva eurovision, vivaeurovision, Eurovision 2019, Australia eurovision 2019, sbs, esc 2019, dare to dream","og_url":"https:\/\/www.vivaeurovision.com\/index.php\/2018\/12\/18\/australia-decides\/","og_site_name":"VIVAEUROVISION viva eurovision","article_published_time":"2018-12-18T23:08:51+00:00","article_modified_time":"2018-12-18T23:08:54+00:00","og_image":[{"width":704,"height":396,"url":"https:\/\/www.vivaeurovision.com\/wp-content\/uploads\/2018\/12\/4FCBE251-79EA-4B09-AE78-FD5C3F35C7EF.jpeg","type":"image\/jpeg"}],"author":"Pedro Palomo","twitter_card":"summary_large_image","twitter_creator":"@pedropalomobcn","twitter_misc":{"Escrito por":"Pedro Palomo","Tiempo de lectura":"1 minuto"},"schema":{"@context":"https:\/\/schema.org","@graph":[{"@type":"Article","@id":"https:\/\/www.vivaeurovision.com\/index.php\/2018\/12\/18\/australia-decides\/#article","isPartOf":{"@id":"https:\/\/www.vivaeurovision.com\/index.php\/2018\/12\/18\/australia-decides\/"},"author":{"name":"Pedro Palomo","@id":"https:\/\/www.vivaeurovision.com\/#\/schema\/person\/1d31fdaa3f5f7df556f73d164bd3c47a"},"headline":"Australia anuncia tres artistas m\u00e1s para su preselecci\u00f3n \u2018Australia Decides\u2019","datePublished":"2018-12-18T23:08:51+00:00","dateModified":"2018-12-18T23:08:54+00:00","mainEntityOfPage":{"@id":"https:\/\/www.vivaeurovision.com\/index.php\/2018\/12\/18\/australia-decides\/"},"wordCount":141,"commentCount":0,"publisher":{"@id":"https:\/\/www.vivaeurovision.com\/#organization"},"image":{"@id":"https:\/\/www.vivaeurovision.com\/index.php\/2018\/12\/18\/australia-decides\/#primaryimage"},"thumbnailUrl":"https:\/\/www.vivaeurovision.com\/wp-content\/uploads\/2018\/12\/4FCBE251-79EA-4B09-AE78-FD5C3F35C7EF.jpeg","keywords":["astralia eurovision 2019","australia decides","australia decides 2019","dare to dream","Eurovision","eurovision 2019 dare to dream","eurovision song contest festival","eurovision tel aviv","eurovision tel aviv 2019","Pedro Palomo","Pedro Palomo Eurovision","Pedro Palomo Vivaeurovision","tel aviv 2019 dare to dream","viva eurovision","vivaeurovision"],"articleSection":["eurovision","eurovision 2019","Inicio","Noticia","Noticias","Ultima Hora"],"inLanguage":"es","potentialAction":[{"@type":"CommentAction","name":"Comment","target":["https:\/\/www.vivaeurovision.com\/index.php\/2018\/12\/18\/australia-decides\/#respond"]}]},{"@type":"WebPage","@id":"https:\/\/www.vivaeurovision.com\/index.php\/2018\/12\/18\/australia-decides\/","url":"https:\/\/www.vivaeurovision.com\/index.php\/2018\/12\/18\/australia-decides\/","name":"Australia anuncia tres artistas m\u00e1s para su preselecci\u00f3n \u2018Australia Decides\u2019 - VIVAEUROVISION viva eurovision","isPartOf":{"@id":"https:\/\/www.vivaeurovision.com\/#website"},"primaryImageOfPage":{"@id":"https:\/\/www.vivaeurovision.com\/index.php\/2018\/12\/18\/australia-decides\/#primaryimage"},"image":{"@id":"https:\/\/www.vivaeurovision.com\/index.php\/2018\/12\/18\/australia-decides\/#primaryimage"},"thumbnailUrl":"https:\/\/www.vivaeurovision.com\/wp-content\/uploads\/2018\/12\/4FCBE251-79EA-4B09-AE78-FD5C3F35C7EF.jpeg","datePublished":"2018-12-18T23:08:51+00:00","dateModified":"2018-12-18T23:08:54+00:00","description":"australia decides, eurovision, viva eurovision, vivaeurovision, Eurovision 2019, Australia eurovision 2019, sbs, esc 2019, dare to dream","breadcrumb":{"@id":"https:\/\/www.vivaeurovision.com\/index.php\/2018\/12\/18\/australia-decides\/#breadcrumb"},"inLanguage":"es","potentialAction":[{"@type":"ReadAction","target":["https:\/\/www.vivaeurovision.com\/index.php\/2018\/12\/18\/australia-decides\/"]}]},{"@type":"ImageObject","inLanguage":"es","@id":"https:\/\/www.vivaeurovision.com\/index.php\/2018\/12\/18\/australia-decides\/#primaryimage","url":"https:\/\/www.vivaeurovision.com\/wp-content\/uploads\/2018\/12\/4FCBE251-79EA-4B09-AE78-FD5C3F35C7EF.jpeg","contentUrl":"https:\/\/www.vivaeurovision.com\/wp-content\/uploads\/2018\/12\/4FCBE251-79EA-4B09-AE78-FD5C3F35C7EF.jpeg","width":704,"height":396,"caption":"astralia eurovision 2019"},{"@type":"BreadcrumbList","@id":"https:\/\/www.vivaeurovision.com\/index.php\/2018\/12\/18\/australia-decides\/#breadcrumb","itemListElement":[{"@type":"ListItem","position":1,"name":"Portada","item":"https:\/\/www.vivaeurovision.com\/"},{"@type":"ListItem","position":2,"name":"Australia anuncia tres artistas m\u00e1s para su preselecci\u00f3n \u2018Australia Decides\u2019"}]},{"@type":"WebSite","@id":"https:\/\/www.vivaeurovision.com\/#website","url":"https:\/\/www.vivaeurovision.com\/","name":"VIVAEUROVISION viva eurovision","description":"Tu portal sobre el Festival de Eurovision, eurovision, eurovisi\u00f3n","publisher":{"@id":"https:\/\/www.vivaeurovision.com\/#organization"},"potentialAction":[{"@type":"SearchAction","target":{"@type":"EntryPoint","urlTemplate":"https:\/\/www.vivaeurovision.com\/?s={search_term_string}"},"query-input":{"@type":"PropertyValueSpecification","valueRequired":true,"valueName":"search_term_string"}}],"inLanguage":"es"},{"@type":"Organization","@id":"https:\/\/www.vivaeurovision.com\/#organization","name":"vivaeurovision","url":"https:\/\/www.vivaeurovision.com\/","logo":{"@type":"ImageObject","inLanguage":"es","@id":"https:\/\/www.vivaeurovision.com\/#\/schema\/logo\/image\/","url":"https:\/\/www.vivaeurovision.com\/wp-content\/uploads\/2016\/01\/cropped-image-21-1.jpeg","contentUrl":"https:\/\/www.vivaeurovision.com\/wp-content\/uploads\/2016\/01\/cropped-image-21-1.jpeg","width":669,"height":368,"caption":"vivaeurovision"},"image":{"@id":"https:\/\/www.vivaeurovision.com\/#\/schema\/logo\/image\/"}},{"@type":"Person","@id":"https:\/\/www.vivaeurovision.com\/#\/schema\/person\/1d31fdaa3f5f7df556f73d164bd3c47a","name":"Pedro Palomo","image":{"@type":"ImageObject","inLanguage":"es","@id":"https:\/\/secure.gravatar.com\/avatar\/4cf9a4877f5f71f44fb7cedbe1bac1bd28bd8ce7a217517d98d5b2117f9f5505?s=96&d=mm&r=g","url":"https:\/\/secure.gravatar.com\/avatar\/4cf9a4877f5f71f44fb7cedbe1bac1bd28bd8ce7a217517d98d5b2117f9f5505?s=96&d=mm&r=g","contentUrl":"https:\/\/secure.gravatar.com\/avatar\/4cf9a4877f5f71f44fb7cedbe1bac1bd28bd8ce7a217517d98d5b2117f9f5505?s=96&d=mm&r=g","caption":"Pedro Palomo"},"sameAs":["http:\/\/www.vivaeurovision.com","@pedrobcn","https:\/\/x.com\/@pedropalomobcn"]}]}},"_links":{"self":[{"href":"https:\/\/www.vivaeurovision.com\/index.php\/wp-json\/wp\/v2\/posts\/8556","targetHints":{"allow":["GET"]}}],"collection":[{"href":"https:\/\/www.vivaeurovision.com\/index.php\/wp-json\/wp\/v2\/posts"}],"about":[{"href":"https:\/\/www.vivaeurovision.com\/index.php\/wp-json\/wp\/v2\/types\/post"}],"author":[{"embeddable":true,"href":"https:\/\/www.vivaeurovision.com\/index.php\/wp-json\/wp\/v2\/users\/1"}],"replies":[{"embeddable":true,"href":"https:\/\/www.vivaeurovision.com\/index.php\/wp-json\/wp\/v2\/comments?post=8556"}],"version-history":[{"count":3,"href":"https:\/\/www.vivaeurovision.com\/index.php\/wp-json\/wp\/v2\/posts\/8556\/revisions"}],"predecessor-version":[{"id":8614,"href":"https:\/\/www.vivaeurovision.com\/index.php\/wp-json\/wp\/v2\/posts\/8556\/revisions\/8614"}],"wp:featuredmedia":[{"embeddable":true,"href":"https:\/\/www.vivaeurovision.com\/index.php\/wp-json\/wp\/v2\/media\/8612"}],"wp:attachment":[{"href":"https:\/\/www.vivaeurovision.com\/index.php\/wp-json\/wp\/v2\/media?parent=8556"}],"wp:term":[{"taxonomy":"category","embeddable":true,"href":"https:\/\/www.vivaeurovision.com\/index.php\/wp-json\/wp\/v2\/categories?post=8556"},{"taxonomy":"post_tag","embeddable":true,"href":"https:\/\/www.vivaeurovision.com\/index.php\/wp-json\/wp\/v2\/tags?post=8556"}],"curies":[{"name":"wp","href":"https:\/\/api.w.org\/{rel}","templated":true}]}}