{"id":889,"date":"2016-02-14T03:55:35","date_gmt":"2016-02-14T03:55:35","guid":{"rendered":"http:\/\/www.vivaeurovision.com\/?p=889"},"modified":"2016-03-07T20:10:05","modified_gmt":"2016-03-07T20:10:05","slug":"barei-triunfa-en-ucrania","status":"publish","type":"post","link":"https:\/\/www.vivaeurovision.com\/index.php\/2016\/02\/14\/barei-triunfa-en-ucrania\/","title":{"rendered":"BAREI TRIUNFA EN UCRANIA"},"content":{"rendered":"<p><img loading=\"lazy\" decoding=\"async\" class=\"alignnone size-medium wp-image-806\" src=\"http:\/\/www.vivaeurovision.com\/wp-content\/uploads\/2016\/02\/Sin-t\u00edtulo-2-1-300x174.jpg\" alt=\"barei\" width=\"300\" height=\"174\" srcset=\"https:\/\/www.vivaeurovision.com\/wp-content\/uploads\/2016\/02\/Sin-t\u00edtulo-2-1-300x174.jpg 300w, https:\/\/www.vivaeurovision.com\/wp-content\/uploads\/2016\/02\/Sin-t\u00edtulo-2-1.jpg 689w\" sizes=\"auto, (max-width: 300px) 100vw, 300px\" \/><\/p>\n<h3><strong>BAREI TRIUNFA EN UCRANIA<\/strong><\/h3>\n<p>Nuestra representante Barei, como ya informamos y como ella misma confirm\u00f3, ha sido invitada a la segunda semifinal de Ucrania, donde ha mostrado\u00a0su gran cercan\u00eda y\u00a0simpat\u00eda durante toda su estancia haciendo promoci\u00f3n por varios medios ucranianos.<\/p>\n<p>Tras\u00a0declarar estar muy satisfecha con\u00a0los ensayos en el escenario de la preselecci\u00f3n de Ucrania, lleg\u00f3 el momento de estar en directo frente al publico ucraniano y toda la\u00a0audiencia.<\/p>\n<p>Su actuaci\u00f3n ha sido impecable, donde\u00a0ha cantado\u00a0SAY YAY! con mucha seguridad y fuerza, peque\u00f1os cambios en el tema y su\u00a0baile que tanto le caracteriza y del cual quiere hacer participe a todos los seguidores para\u00a0formar parte de su videoclip.<\/p>\n<p>En escena con el pelo suelto y un\u00a0vestido claro, junto con sus zapatillas de\u00a0tac\u00f3n deportivas.<\/p>\n<p><img loading=\"lazy\" decoding=\"async\" class=\"alignnone size-medium wp-image-891\" src=\"http:\/\/www.vivaeurovision.com\/wp-content\/uploads\/2016\/02\/Capturaucrania2-300x186.jpg\" alt=\"\" width=\"300\" height=\"186\" srcset=\"https:\/\/www.vivaeurovision.com\/wp-content\/uploads\/2016\/02\/Capturaucrania2-300x186.jpg 300w, https:\/\/www.vivaeurovision.com\/wp-content\/uploads\/2016\/02\/Capturaucrania2-768x477.jpg 768w, https:\/\/www.vivaeurovision.com\/wp-content\/uploads\/2016\/02\/Capturaucrania2.jpg 976w\" sizes=\"auto, (max-width: 300px) 100vw, 300px\" \/> <img loading=\"lazy\" decoding=\"async\" class=\"alignnone size-medium wp-image-892\" src=\"http:\/\/www.vivaeurovision.com\/wp-content\/uploads\/2016\/02\/Capturaucrania3-300x235.jpg\" alt=\"vivaeurovision\" width=\"300\" height=\"235\" srcset=\"https:\/\/www.vivaeurovision.com\/wp-content\/uploads\/2016\/02\/Capturaucrania3-300x235.jpg 300w, https:\/\/www.vivaeurovision.com\/wp-content\/uploads\/2016\/02\/Capturaucrania3-768x602.jpg 768w, https:\/\/www.vivaeurovision.com\/wp-content\/uploads\/2016\/02\/Capturaucrania3.jpg 811w\" sizes=\"auto, (max-width: 300px) 100vw, 300px\" \/><\/p>\n<p>Barei ha \u00a0hecho que todo el p\u00fablico baile y disfrute como ella lo hace en el escenario. Aplaudida y aclamada por el p\u00fablico incluso por el propio jurado como <strong>Ruslana<\/strong> representante Ucrania y ganadora del Festival de Eurovisi\u00f3n en el a\u00f1o 2004, que cruza los dedos para que tenga mucha suerte y la cara de <strong>Ruslana<\/strong> transmit\u00eda una gran satisfacci\u00f3n ante la actuaci\u00f3n de <strong>Barei<\/strong>.<\/p>\n<p>Tambi\u00e9n el actor Andrey Danilko cuyo personaje Verka Serduchka \u00bb Festival de Eurovisi\u00f3n 2007&#8243; quedando en segundo lugar, se fundi\u00f3 en un gran abrazo con Barei tras la actuaci\u00f3n, ya que ella ha hecho un bonito gesto en la presentaci\u00f3n imitando a Verka Serduchka.<\/p>\n<p><img loading=\"lazy\" decoding=\"async\" class=\"alignnone wp-image-893 size-medium\" title=\"barei\" src=\"http:\/\/www.vivaeurovision.com\/wp-content\/uploads\/2016\/02\/Capturaucrania-300x173.jpg\" alt=\"barei\" width=\"300\" height=\"173\" srcset=\"https:\/\/www.vivaeurovision.com\/wp-content\/uploads\/2016\/02\/Capturaucrania-300x173.jpg 300w, https:\/\/www.vivaeurovision.com\/wp-content\/uploads\/2016\/02\/Capturaucrania-768x442.jpg 768w, https:\/\/www.vivaeurovision.com\/wp-content\/uploads\/2016\/02\/Capturaucrania-1024x589.jpg 1024w, https:\/\/www.vivaeurovision.com\/wp-content\/uploads\/2016\/02\/Capturaucrania.jpg 1098w\" sizes=\"auto, (max-width: 300px) 100vw, 300px\" \/><\/p>\n<p>Ha sido un gran actuaci\u00f3n y plataforma de promoci\u00f3n para nuestra representante ya que ha podido mostrar su canci\u00f3n SAY YAY! ante millones de ucranianos.<\/p>\n<p><strong>AQUI PODEIS DISFRUTAR DE LA ACTUACION DE BAREI CON LA CANCION SAY YAY! EN EL ESCENARIO DE LA PRESELECCION DE UCRANIA<\/strong><br \/>\n<iframe loading=\"lazy\" src=\"https:\/\/www.youtube.com\/embed\/wIYu0VrtqVU\" width=\"560\" height=\"315\" frameborder=\"0\" allowfullscreen=\"allowfullscreen\"><\/iframe><\/p>\n<p><img loading=\"lazy\" decoding=\"async\" class=\"alignnone size-medium wp-image-311\" src=\"http:\/\/www.vivaeurovision.com\/wp-content\/uploads\/2016\/01\/image-21-300x165.jpeg\" alt=\"VIVAEUROVISION.COM\" width=\"300\" height=\"165\" srcset=\"https:\/\/www.vivaeurovision.com\/wp-content\/uploads\/2016\/01\/image-21-300x165.jpeg 300w, https:\/\/www.vivaeurovision.com\/wp-content\/uploads\/2016\/01\/image-21-555x305.jpeg 555w, https:\/\/www.vivaeurovision.com\/wp-content\/uploads\/2016\/01\/image-21.jpeg 669w\" sizes=\"auto, (max-width: 300px) 100vw, 300px\" \/><\/p>\n<p>Twitter\u00a0<strong> <a href=\"https:\/\/twitter.com\/viva_eurovision\" target=\"_blank\">@viva_eurovision<\/a>\u00a0 <a href=\"https:\/\/www.facebook.com\/Vivaeurovisioncom-867806686671081\/?fref=nf\" target=\"_blank\">FACEBOOK OFICIAL VIVA EUROVISION <\/a><\/strong>Instragram <strong>@vivaeurovision<\/strong><\/p>\n<p>Artista: Barei <strong><a href=\"http:\/\/www.bareimusic.com\/welcome\/\" target=\"_blank\">www.bareimusic.com<\/a> <\/strong>Twitter <strong><a href=\"https:\/\/twitter.com\/BAREI_MUSIC?lang=es\" target=\"_blank\">@BAREI_MUSIC<\/a><\/strong>\u00a0Instragram <strong>@bareimusic<\/strong><\/p>\n<p><strong><a href=\"https:\/\/www.facebook.com\/bareioficial\/?fref=ts\" target=\"_blank\">FACEBOOK OFICIAL BAREI<\/a><\/strong><\/p>\n<p>Im\u00e1genes: NTU y STB<\/p>\n<p>Redactor: Pedro Palomo <a href=\"https:\/\/twitter.com\/pedropalomobcn?lang=es\"><strong>@pedropalomobcn<\/strong><\/a><strong>\u00a0<\/strong>Instagram <strong>@pedrobcn<\/strong><\/p>\n","protected":false},"excerpt":{"rendered":"<p>BAREI TRIUNFA EN UCRANIA Nuestra representante Barei, como ya informamos y como ella misma confirm\u00f3, ha sido invitada a la segunda semifinal de Ucrania, donde ha mostrado\u00a0su gran cercan\u00eda y\u00a0simpat\u00eda&#46;&#46;&#46;<\/p>\n","protected":false},"author":1,"featured_media":895,"comment_status":"open","ping_status":"open","sticky":false,"template":"","format":"standard","meta":{"_exactmetrics_skip_tracking":false,"_exactmetrics_sitenote_active":false,"_exactmetrics_sitenote_note":"","_exactmetrics_sitenote_category":0,"footnotes":""},"categories":[6,7,4,2,3],"tags":[71,198,295,303,159,17,30,15,13,14,108,11,12,160,158,138,34,304,19,20,18,110,302,16,161,23,22],"class_list":["post-889","post","type-post","status-publish","format-standard","has-post-thumbnail","hentry","category-espana-en-eurovision","category-eurovision-2016","category-eurovision","category-noticia","category-ultima-hora","tag-barei","tag-barei-say-yay","tag-barei-ucrania","tag-barei-ukraine","tag-come-together","tag-esc","tag-esc-2016","tag-espana-eurovision-2016","tag-estocolmo","tag-estocolmo-2016","tag-eurobarei","tag-eurovision","tag-eurovision-2016","tag-eurovision-2016-come-together","tag-eurovision-come-together","tag-eurovision-spain-2016","tag-noticia","tag-ntu-ukraine-eurovision","tag-pedro-palomo","tag-pedro-palomo-eurovision","tag-rtve","tag-rtve-eurovision","tag-say-yay-eurovision-2016","tag-spain-2016","tag-stockholm-2016-come-together","tag-viva-eurovision","tag-vivaeurovision"],"yoast_head":"<!-- This site is optimized with the Yoast SEO plugin v27.4 - https:\/\/yoast.com\/product\/yoast-seo-wordpress\/ -->\n<title>BAREI TRIUNFA EN UCRANIA - VIVAEUROVISION viva eurovision<\/title>\n<meta name=\"description\" content=\"Barei Eurovision\" \/>\n<meta name=\"robots\" content=\"index, follow, max-snippet:-1, max-image-preview:large, max-video-preview:-1\" \/>\n<link rel=\"canonical\" href=\"https:\/\/www.vivaeurovision.com\/index.php\/2016\/02\/14\/barei-triunfa-en-ucrania\/\" \/>\n<meta property=\"og:locale\" content=\"es_ES\" \/>\n<meta property=\"og:type\" content=\"article\" \/>\n<meta property=\"og:title\" content=\"BAREI TRIUNFA EN UCRANIA - VIVAEUROVISION viva eurovision\" \/>\n<meta property=\"og:description\" content=\"Barei Eurovision\" \/>\n<meta property=\"og:url\" content=\"https:\/\/www.vivaeurovision.com\/index.php\/2016\/02\/14\/barei-triunfa-en-ucrania\/\" \/>\n<meta property=\"og:site_name\" content=\"VIVAEUROVISION viva eurovision\" \/>\n<meta property=\"article:published_time\" content=\"2016-02-14T03:55:35+00:00\" \/>\n<meta property=\"article:modified_time\" content=\"2016-03-07T20:10:05+00:00\" \/>\n<meta property=\"og:image\" content=\"https:\/\/www.vivaeurovision.com\/wp-content\/uploads\/2016\/02\/BAREIUCRANIA.jpg\" \/>\n\t<meta property=\"og:image:width\" content=\"696\" \/>\n\t<meta property=\"og:image:height\" content=\"396\" \/>\n\t<meta property=\"og:image:type\" content=\"image\/jpeg\" \/>\n<meta name=\"author\" content=\"Pedro Palomo\" \/>\n<meta name=\"twitter:card\" content=\"summary_large_image\" \/>\n<meta name=\"twitter:creator\" content=\"@pedropalomobcn\" \/>\n<meta name=\"twitter:label1\" content=\"Escrito por\" \/>\n\t<meta name=\"twitter:data1\" content=\"Pedro Palomo\" \/>\n\t<meta name=\"twitter:label2\" content=\"Tiempo de lectura\" \/>\n\t<meta name=\"twitter:data2\" content=\"2 minutos\" \/>\n<script type=\"application\/ld+json\" class=\"yoast-schema-graph\">{\"@context\":\"https:\\\/\\\/schema.org\",\"@graph\":[{\"@type\":\"Article\",\"@id\":\"https:\\\/\\\/www.vivaeurovision.com\\\/index.php\\\/2016\\\/02\\\/14\\\/barei-triunfa-en-ucrania\\\/#article\",\"isPartOf\":{\"@id\":\"https:\\\/\\\/www.vivaeurovision.com\\\/index.php\\\/2016\\\/02\\\/14\\\/barei-triunfa-en-ucrania\\\/\"},\"author\":{\"name\":\"Pedro Palomo\",\"@id\":\"https:\\\/\\\/www.vivaeurovision.com\\\/#\\\/schema\\\/person\\\/1d31fdaa3f5f7df556f73d164bd3c47a\"},\"headline\":\"BAREI TRIUNFA EN UCRANIA\",\"datePublished\":\"2016-02-14T03:55:35+00:00\",\"dateModified\":\"2016-03-07T20:10:05+00:00\",\"mainEntityOfPage\":{\"@id\":\"https:\\\/\\\/www.vivaeurovision.com\\\/index.php\\\/2016\\\/02\\\/14\\\/barei-triunfa-en-ucrania\\\/\"},\"wordCount\":343,\"commentCount\":0,\"publisher\":{\"@id\":\"https:\\\/\\\/www.vivaeurovision.com\\\/#organization\"},\"image\":{\"@id\":\"https:\\\/\\\/www.vivaeurovision.com\\\/index.php\\\/2016\\\/02\\\/14\\\/barei-triunfa-en-ucrania\\\/#primaryimage\"},\"thumbnailUrl\":\"https:\\\/\\\/www.vivaeurovision.com\\\/wp-content\\\/uploads\\\/2016\\\/02\\\/BAREIUCRANIA.jpg\",\"keywords\":[\"Barei\",\"Barei SAY YAY!\",\"Barei Ucrania\",\"barei ukraine\",\"COME TOGETHER\",\"ESC\",\"Esc 2016\",\"Espa\u00f1a Eurovision 2016\",\"Estocolmo\",\"Estocolmo 2016\",\"eurobarei\",\"Eurovision\",\"Eurovisi\u00f3n 2016\",\"Eurovision 2016 come together\",\"Eurovision come together\",\"eurovision spain 2016\",\"Noticia\",\"ntu ukraine eurovision\",\"Pedro Palomo\",\"Pedro Palomo Eurovision\",\"RTVE\",\"Rtve EUROVISION\",\"say yay! eurovision 2016\",\"Spain 2016\",\"stockholm 2016 come together\",\"viva eurovision\",\"vivaeurovision\"],\"articleSection\":[\"Espa\u00f1a en Eurovisi\u00f3n\",\"Eurovisi\u00f3n 2016\",\"Inicio\",\"Noticias\",\"Ultima Hora\"],\"inLanguage\":\"es\",\"potentialAction\":[{\"@type\":\"CommentAction\",\"name\":\"Comment\",\"target\":[\"https:\\\/\\\/www.vivaeurovision.com\\\/index.php\\\/2016\\\/02\\\/14\\\/barei-triunfa-en-ucrania\\\/#respond\"]}]},{\"@type\":\"WebPage\",\"@id\":\"https:\\\/\\\/www.vivaeurovision.com\\\/index.php\\\/2016\\\/02\\\/14\\\/barei-triunfa-en-ucrania\\\/\",\"url\":\"https:\\\/\\\/www.vivaeurovision.com\\\/index.php\\\/2016\\\/02\\\/14\\\/barei-triunfa-en-ucrania\\\/\",\"name\":\"BAREI TRIUNFA EN UCRANIA - VIVAEUROVISION viva eurovision\",\"isPartOf\":{\"@id\":\"https:\\\/\\\/www.vivaeurovision.com\\\/#website\"},\"primaryImageOfPage\":{\"@id\":\"https:\\\/\\\/www.vivaeurovision.com\\\/index.php\\\/2016\\\/02\\\/14\\\/barei-triunfa-en-ucrania\\\/#primaryimage\"},\"image\":{\"@id\":\"https:\\\/\\\/www.vivaeurovision.com\\\/index.php\\\/2016\\\/02\\\/14\\\/barei-triunfa-en-ucrania\\\/#primaryimage\"},\"thumbnailUrl\":\"https:\\\/\\\/www.vivaeurovision.com\\\/wp-content\\\/uploads\\\/2016\\\/02\\\/BAREIUCRANIA.jpg\",\"datePublished\":\"2016-02-14T03:55:35+00:00\",\"dateModified\":\"2016-03-07T20:10:05+00:00\",\"description\":\"Barei Eurovision\",\"breadcrumb\":{\"@id\":\"https:\\\/\\\/www.vivaeurovision.com\\\/index.php\\\/2016\\\/02\\\/14\\\/barei-triunfa-en-ucrania\\\/#breadcrumb\"},\"inLanguage\":\"es\",\"potentialAction\":[{\"@type\":\"ReadAction\",\"target\":[\"https:\\\/\\\/www.vivaeurovision.com\\\/index.php\\\/2016\\\/02\\\/14\\\/barei-triunfa-en-ucrania\\\/\"]}]},{\"@type\":\"ImageObject\",\"inLanguage\":\"es\",\"@id\":\"https:\\\/\\\/www.vivaeurovision.com\\\/index.php\\\/2016\\\/02\\\/14\\\/barei-triunfa-en-ucrania\\\/#primaryimage\",\"url\":\"https:\\\/\\\/www.vivaeurovision.com\\\/wp-content\\\/uploads\\\/2016\\\/02\\\/BAREIUCRANIA.jpg\",\"contentUrl\":\"https:\\\/\\\/www.vivaeurovision.com\\\/wp-content\\\/uploads\\\/2016\\\/02\\\/BAREIUCRANIA.jpg\",\"width\":696,\"height\":396},{\"@type\":\"BreadcrumbList\",\"@id\":\"https:\\\/\\\/www.vivaeurovision.com\\\/index.php\\\/2016\\\/02\\\/14\\\/barei-triunfa-en-ucrania\\\/#breadcrumb\",\"itemListElement\":[{\"@type\":\"ListItem\",\"position\":1,\"name\":\"Portada\",\"item\":\"https:\\\/\\\/www.vivaeurovision.com\\\/\"},{\"@type\":\"ListItem\",\"position\":2,\"name\":\"BAREI TRIUNFA EN UCRANIA\"}]},{\"@type\":\"WebSite\",\"@id\":\"https:\\\/\\\/www.vivaeurovision.com\\\/#website\",\"url\":\"https:\\\/\\\/www.vivaeurovision.com\\\/\",\"name\":\"VIVAEUROVISION viva eurovision\",\"description\":\"Tu portal sobre el Festival de Eurovision, eurovision, eurovisi\u00f3n\",\"publisher\":{\"@id\":\"https:\\\/\\\/www.vivaeurovision.com\\\/#organization\"},\"potentialAction\":[{\"@type\":\"SearchAction\",\"target\":{\"@type\":\"EntryPoint\",\"urlTemplate\":\"https:\\\/\\\/www.vivaeurovision.com\\\/?s={search_term_string}\"},\"query-input\":{\"@type\":\"PropertyValueSpecification\",\"valueRequired\":true,\"valueName\":\"search_term_string\"}}],\"inLanguage\":\"es\"},{\"@type\":\"Organization\",\"@id\":\"https:\\\/\\\/www.vivaeurovision.com\\\/#organization\",\"name\":\"vivaeurovision\",\"url\":\"https:\\\/\\\/www.vivaeurovision.com\\\/\",\"logo\":{\"@type\":\"ImageObject\",\"inLanguage\":\"es\",\"@id\":\"https:\\\/\\\/www.vivaeurovision.com\\\/#\\\/schema\\\/logo\\\/image\\\/\",\"url\":\"https:\\\/\\\/www.vivaeurovision.com\\\/wp-content\\\/uploads\\\/2016\\\/01\\\/cropped-image-21-1.jpeg\",\"contentUrl\":\"https:\\\/\\\/www.vivaeurovision.com\\\/wp-content\\\/uploads\\\/2016\\\/01\\\/cropped-image-21-1.jpeg\",\"width\":669,\"height\":368,\"caption\":\"vivaeurovision\"},\"image\":{\"@id\":\"https:\\\/\\\/www.vivaeurovision.com\\\/#\\\/schema\\\/logo\\\/image\\\/\"}},{\"@type\":\"Person\",\"@id\":\"https:\\\/\\\/www.vivaeurovision.com\\\/#\\\/schema\\\/person\\\/1d31fdaa3f5f7df556f73d164bd3c47a\",\"name\":\"Pedro Palomo\",\"image\":{\"@type\":\"ImageObject\",\"inLanguage\":\"es\",\"@id\":\"https:\\\/\\\/secure.gravatar.com\\\/avatar\\\/4cf9a4877f5f71f44fb7cedbe1bac1bd28bd8ce7a217517d98d5b2117f9f5505?s=96&d=mm&r=g\",\"url\":\"https:\\\/\\\/secure.gravatar.com\\\/avatar\\\/4cf9a4877f5f71f44fb7cedbe1bac1bd28bd8ce7a217517d98d5b2117f9f5505?s=96&d=mm&r=g\",\"contentUrl\":\"https:\\\/\\\/secure.gravatar.com\\\/avatar\\\/4cf9a4877f5f71f44fb7cedbe1bac1bd28bd8ce7a217517d98d5b2117f9f5505?s=96&d=mm&r=g\",\"caption\":\"Pedro Palomo\"},\"sameAs\":[\"http:\\\/\\\/www.vivaeurovision.com\",\"@pedrobcn\",\"https:\\\/\\\/x.com\\\/@pedropalomobcn\"]}]}<\/script>\n<!-- \/ Yoast SEO plugin. -->","yoast_head_json":{"title":"BAREI TRIUNFA EN UCRANIA - VIVAEUROVISION viva eurovision","description":"Barei Eurovision","robots":{"index":"index","follow":"follow","max-snippet":"max-snippet:-1","max-image-preview":"max-image-preview:large","max-video-preview":"max-video-preview:-1"},"canonical":"https:\/\/www.vivaeurovision.com\/index.php\/2016\/02\/14\/barei-triunfa-en-ucrania\/","og_locale":"es_ES","og_type":"article","og_title":"BAREI TRIUNFA EN UCRANIA - VIVAEUROVISION viva eurovision","og_description":"Barei Eurovision","og_url":"https:\/\/www.vivaeurovision.com\/index.php\/2016\/02\/14\/barei-triunfa-en-ucrania\/","og_site_name":"VIVAEUROVISION viva eurovision","article_published_time":"2016-02-14T03:55:35+00:00","article_modified_time":"2016-03-07T20:10:05+00:00","og_image":[{"width":696,"height":396,"url":"https:\/\/www.vivaeurovision.com\/wp-content\/uploads\/2016\/02\/BAREIUCRANIA.jpg","type":"image\/jpeg"}],"author":"Pedro Palomo","twitter_card":"summary_large_image","twitter_creator":"@pedropalomobcn","twitter_misc":{"Escrito por":"Pedro Palomo","Tiempo de lectura":"2 minutos"},"schema":{"@context":"https:\/\/schema.org","@graph":[{"@type":"Article","@id":"https:\/\/www.vivaeurovision.com\/index.php\/2016\/02\/14\/barei-triunfa-en-ucrania\/#article","isPartOf":{"@id":"https:\/\/www.vivaeurovision.com\/index.php\/2016\/02\/14\/barei-triunfa-en-ucrania\/"},"author":{"name":"Pedro Palomo","@id":"https:\/\/www.vivaeurovision.com\/#\/schema\/person\/1d31fdaa3f5f7df556f73d164bd3c47a"},"headline":"BAREI TRIUNFA EN UCRANIA","datePublished":"2016-02-14T03:55:35+00:00","dateModified":"2016-03-07T20:10:05+00:00","mainEntityOfPage":{"@id":"https:\/\/www.vivaeurovision.com\/index.php\/2016\/02\/14\/barei-triunfa-en-ucrania\/"},"wordCount":343,"commentCount":0,"publisher":{"@id":"https:\/\/www.vivaeurovision.com\/#organization"},"image":{"@id":"https:\/\/www.vivaeurovision.com\/index.php\/2016\/02\/14\/barei-triunfa-en-ucrania\/#primaryimage"},"thumbnailUrl":"https:\/\/www.vivaeurovision.com\/wp-content\/uploads\/2016\/02\/BAREIUCRANIA.jpg","keywords":["Barei","Barei SAY YAY!","Barei Ucrania","barei ukraine","COME TOGETHER","ESC","Esc 2016","Espa\u00f1a Eurovision 2016","Estocolmo","Estocolmo 2016","eurobarei","Eurovision","Eurovisi\u00f3n 2016","Eurovision 2016 come together","Eurovision come together","eurovision spain 2016","Noticia","ntu ukraine eurovision","Pedro Palomo","Pedro Palomo Eurovision","RTVE","Rtve EUROVISION","say yay! eurovision 2016","Spain 2016","stockholm 2016 come together","viva eurovision","vivaeurovision"],"articleSection":["Espa\u00f1a en Eurovisi\u00f3n","Eurovisi\u00f3n 2016","Inicio","Noticias","Ultima Hora"],"inLanguage":"es","potentialAction":[{"@type":"CommentAction","name":"Comment","target":["https:\/\/www.vivaeurovision.com\/index.php\/2016\/02\/14\/barei-triunfa-en-ucrania\/#respond"]}]},{"@type":"WebPage","@id":"https:\/\/www.vivaeurovision.com\/index.php\/2016\/02\/14\/barei-triunfa-en-ucrania\/","url":"https:\/\/www.vivaeurovision.com\/index.php\/2016\/02\/14\/barei-triunfa-en-ucrania\/","name":"BAREI TRIUNFA EN UCRANIA - VIVAEUROVISION viva eurovision","isPartOf":{"@id":"https:\/\/www.vivaeurovision.com\/#website"},"primaryImageOfPage":{"@id":"https:\/\/www.vivaeurovision.com\/index.php\/2016\/02\/14\/barei-triunfa-en-ucrania\/#primaryimage"},"image":{"@id":"https:\/\/www.vivaeurovision.com\/index.php\/2016\/02\/14\/barei-triunfa-en-ucrania\/#primaryimage"},"thumbnailUrl":"https:\/\/www.vivaeurovision.com\/wp-content\/uploads\/2016\/02\/BAREIUCRANIA.jpg","datePublished":"2016-02-14T03:55:35+00:00","dateModified":"2016-03-07T20:10:05+00:00","description":"Barei Eurovision","breadcrumb":{"@id":"https:\/\/www.vivaeurovision.com\/index.php\/2016\/02\/14\/barei-triunfa-en-ucrania\/#breadcrumb"},"inLanguage":"es","potentialAction":[{"@type":"ReadAction","target":["https:\/\/www.vivaeurovision.com\/index.php\/2016\/02\/14\/barei-triunfa-en-ucrania\/"]}]},{"@type":"ImageObject","inLanguage":"es","@id":"https:\/\/www.vivaeurovision.com\/index.php\/2016\/02\/14\/barei-triunfa-en-ucrania\/#primaryimage","url":"https:\/\/www.vivaeurovision.com\/wp-content\/uploads\/2016\/02\/BAREIUCRANIA.jpg","contentUrl":"https:\/\/www.vivaeurovision.com\/wp-content\/uploads\/2016\/02\/BAREIUCRANIA.jpg","width":696,"height":396},{"@type":"BreadcrumbList","@id":"https:\/\/www.vivaeurovision.com\/index.php\/2016\/02\/14\/barei-triunfa-en-ucrania\/#breadcrumb","itemListElement":[{"@type":"ListItem","position":1,"name":"Portada","item":"https:\/\/www.vivaeurovision.com\/"},{"@type":"ListItem","position":2,"name":"BAREI TRIUNFA EN UCRANIA"}]},{"@type":"WebSite","@id":"https:\/\/www.vivaeurovision.com\/#website","url":"https:\/\/www.vivaeurovision.com\/","name":"VIVAEUROVISION viva eurovision","description":"Tu portal sobre el Festival de Eurovision, eurovision, eurovisi\u00f3n","publisher":{"@id":"https:\/\/www.vivaeurovision.com\/#organization"},"potentialAction":[{"@type":"SearchAction","target":{"@type":"EntryPoint","urlTemplate":"https:\/\/www.vivaeurovision.com\/?s={search_term_string}"},"query-input":{"@type":"PropertyValueSpecification","valueRequired":true,"valueName":"search_term_string"}}],"inLanguage":"es"},{"@type":"Organization","@id":"https:\/\/www.vivaeurovision.com\/#organization","name":"vivaeurovision","url":"https:\/\/www.vivaeurovision.com\/","logo":{"@type":"ImageObject","inLanguage":"es","@id":"https:\/\/www.vivaeurovision.com\/#\/schema\/logo\/image\/","url":"https:\/\/www.vivaeurovision.com\/wp-content\/uploads\/2016\/01\/cropped-image-21-1.jpeg","contentUrl":"https:\/\/www.vivaeurovision.com\/wp-content\/uploads\/2016\/01\/cropped-image-21-1.jpeg","width":669,"height":368,"caption":"vivaeurovision"},"image":{"@id":"https:\/\/www.vivaeurovision.com\/#\/schema\/logo\/image\/"}},{"@type":"Person","@id":"https:\/\/www.vivaeurovision.com\/#\/schema\/person\/1d31fdaa3f5f7df556f73d164bd3c47a","name":"Pedro Palomo","image":{"@type":"ImageObject","inLanguage":"es","@id":"https:\/\/secure.gravatar.com\/avatar\/4cf9a4877f5f71f44fb7cedbe1bac1bd28bd8ce7a217517d98d5b2117f9f5505?s=96&d=mm&r=g","url":"https:\/\/secure.gravatar.com\/avatar\/4cf9a4877f5f71f44fb7cedbe1bac1bd28bd8ce7a217517d98d5b2117f9f5505?s=96&d=mm&r=g","contentUrl":"https:\/\/secure.gravatar.com\/avatar\/4cf9a4877f5f71f44fb7cedbe1bac1bd28bd8ce7a217517d98d5b2117f9f5505?s=96&d=mm&r=g","caption":"Pedro Palomo"},"sameAs":["http:\/\/www.vivaeurovision.com","@pedrobcn","https:\/\/x.com\/@pedropalomobcn"]}]}},"_links":{"self":[{"href":"https:\/\/www.vivaeurovision.com\/index.php\/wp-json\/wp\/v2\/posts\/889","targetHints":{"allow":["GET"]}}],"collection":[{"href":"https:\/\/www.vivaeurovision.com\/index.php\/wp-json\/wp\/v2\/posts"}],"about":[{"href":"https:\/\/www.vivaeurovision.com\/index.php\/wp-json\/wp\/v2\/types\/post"}],"author":[{"embeddable":true,"href":"https:\/\/www.vivaeurovision.com\/index.php\/wp-json\/wp\/v2\/users\/1"}],"replies":[{"embeddable":true,"href":"https:\/\/www.vivaeurovision.com\/index.php\/wp-json\/wp\/v2\/comments?post=889"}],"version-history":[{"count":0,"href":"https:\/\/www.vivaeurovision.com\/index.php\/wp-json\/wp\/v2\/posts\/889\/revisions"}],"wp:featuredmedia":[{"embeddable":true,"href":"https:\/\/www.vivaeurovision.com\/index.php\/wp-json\/wp\/v2\/media\/895"}],"wp:attachment":[{"href":"https:\/\/www.vivaeurovision.com\/index.php\/wp-json\/wp\/v2\/media?parent=889"}],"wp:term":[{"taxonomy":"category","embeddable":true,"href":"https:\/\/www.vivaeurovision.com\/index.php\/wp-json\/wp\/v2\/categories?post=889"},{"taxonomy":"post_tag","embeddable":true,"href":"https:\/\/www.vivaeurovision.com\/index.php\/wp-json\/wp\/v2\/tags?post=889"}],"curies":[{"name":"wp","href":"https:\/\/api.w.org\/{rel}","templated":true}]}}