{"id":976,"date":"2016-02-20T13:42:35","date_gmt":"2016-02-20T13:42:35","guid":{"rendered":"http:\/\/www.vivaeurovision.com\/?p=976"},"modified":"2016-02-20T13:42:35","modified_gmt":"2016-02-20T13:42:35","slug":"976-bosnia-eurovision","status":"publish","type":"post","link":"https:\/\/www.vivaeurovision.com\/index.php\/2016\/02\/20\/976-bosnia-eurovision\/","title":{"rendered":"BOSNIA EUROVISION 2016: ESCUCHA LJUBAV JE"},"content":{"rendered":"<p><strong>BOSNIA EUROVISION 2016<\/strong><\/p>\n<div id=\"attachment_979\" style=\"width: 310px\" class=\"wp-caption alignnone\"><img loading=\"lazy\" decoding=\"async\" aria-describedby=\"caption-attachment-979\" class=\"size-medium wp-image-979\" src=\"http:\/\/www.vivaeurovision.com\/wp-content\/uploads\/2016\/02\/ES__10_of_14_-2_Ana_Rucner__Fuad_Backovi___Deen__Dalal_Midhat_Talaki____Jasmin_Fazli___Jala-300x200.jpg\" alt=\"IMAGEN Dalal Midhat Talaki\u0107 and Fuad Backovi\u0107-Deen \uf1f9BHRT1\" width=\"300\" height=\"200\" srcset=\"https:\/\/www.vivaeurovision.com\/wp-content\/uploads\/2016\/02\/ES__10_of_14_-2_Ana_Rucner__Fuad_Backovi___Deen__Dalal_Midhat_Talaki____Jasmin_Fazli___Jala-300x200.jpg 300w, https:\/\/www.vivaeurovision.com\/wp-content\/uploads\/2016\/02\/ES__10_of_14_-2_Ana_Rucner__Fuad_Backovi___Deen__Dalal_Midhat_Talaki____Jasmin_Fazli___Jala-768x512.jpg 768w, https:\/\/www.vivaeurovision.com\/wp-content\/uploads\/2016\/02\/ES__10_of_14_-2_Ana_Rucner__Fuad_Backovi___Deen__Dalal_Midhat_Talaki____Jasmin_Fazli___Jala-1024x683.jpg 1024w, https:\/\/www.vivaeurovision.com\/wp-content\/uploads\/2016\/02\/ES__10_of_14_-2_Ana_Rucner__Fuad_Backovi___Deen__Dalal_Midhat_Talaki____Jasmin_Fazli___Jala.jpg 1199w\" sizes=\"auto, (max-width: 300px) 100vw, 300px\" \/><p id=\"caption-attachment-979\" class=\"wp-caption-text\">IMAGEN Dalal Midhat Talaki\u0107 and Fuad Backovi\u0107-Deen \uf1f9BHRT1<\/p><\/div>\n<p>La BHRT \u00abtelevisi\u00f3n publica de Bosnia\u00bb\u00a0ha presentado la canci\u00f3n <strong>Ljubav je<\/strong>, que ser\u00e1 interpretada en el\u00a0pr\u00f3ximo Festival de Eurovisi\u00f3n por <strong>\u00a0Deen, Dalal Midhat<\/strong> junto con\u00a0<strong>Ana Ructer<\/strong> al violonchelo y <strong>Jala<\/strong> en la parte del rap final.<\/p>\n<p>La canci\u00f3n ha sido presentada en un programa especial desde el ayuntamiento de Sarajevo.<\/p>\n<p>Deen ya represento a Bosnia en el a\u00f1o 2004 y regresa 12 a\u00f1os despu\u00e9s con un gran cambio tanto de imagen como a nivel vocal y musical.<\/p>\n<p>La canci\u00f3n compuesta por los tres interpretes y la colaboraci\u00f3n de Jala en el rap, es una balada con un sonido balc\u00e1nico, donde el violonchelo sus voces y el rap hacen una gran fusi\u00f3n en <strong>Ljubav je<\/strong>.<br \/>\n<strong><span style=\"color: #ff0000;\">ESCUCHA LJUBAV JE- BOSNIA EUROVISION 2016<\/span><\/strong><br \/>\n<iframe loading=\"lazy\" src=\"https:\/\/www.youtube.com\/embed\/MFmLfeMzgrc\" width=\"560\" height=\"315\" frameborder=\"0\" allowfullscreen=\"allowfullscreen\"><\/iframe><br \/>\n&nbsp;<\/p>\n<p><img loading=\"lazy\" decoding=\"async\" class=\"alignnone size-medium wp-image-311\" src=\"http:\/\/www.vivaeurovision.com\/wp-content\/uploads\/2016\/01\/image-21-300x165.jpeg\" alt=\"VIVAEUROVISION.COM\" width=\"300\" height=\"165\" srcset=\"https:\/\/www.vivaeurovision.com\/wp-content\/uploads\/2016\/01\/image-21-300x165.jpeg 300w, https:\/\/www.vivaeurovision.com\/wp-content\/uploads\/2016\/01\/image-21-555x305.jpeg 555w, https:\/\/www.vivaeurovision.com\/wp-content\/uploads\/2016\/01\/image-21.jpeg 669w\" sizes=\"auto, (max-width: 300px) 100vw, 300px\" \/><\/p>\n<p>Twitter\u00a0<strong> <a href=\"https:\/\/twitter.com\/viva_eurovision\" target=\"_blank\">@viva_eurovision<\/a>\u00a0 <a href=\"https:\/\/www.facebook.com\/Vivaeurovisioncom-867806686671081\/?fref=nf\" target=\"_blank\">FACEBOOK OFICIAL VIVA EUROVISION <\/a><\/strong>Instragram <strong>@vivaeurovision<\/strong><\/p>\n<p>Fuente e Imagenes: RHRT y Eurovision tv<\/p>\n<p>Redactor: Pedro Palomo <a href=\"https:\/\/twitter.com\/pedropalomobcn?lang=es\"><strong>@pedropalomobcn<\/strong><\/a><strong>\u00a0<\/strong>Instagram <strong>@pedrobcn<\/strong><\/p>\n","protected":false},"excerpt":{"rendered":"<p>BOSNIA EUROVISION 2016 La BHRT \u00abtelevisi\u00f3n publica de Bosnia\u00bb\u00a0ha presentado la canci\u00f3n Ljubav je, que ser\u00e1 interpretada en el\u00a0pr\u00f3ximo Festival de Eurovisi\u00f3n por \u00a0Deen, Dalal Midhat junto con\u00a0Ana Ructer al&#46;&#46;&#46;<\/p>\n","protected":false},"author":1,"featured_media":980,"comment_status":"open","ping_status":"open","sticky":false,"template":"","format":"standard","meta":{"_exactmetrics_skip_tracking":false,"_exactmetrics_sitenote_active":false,"_exactmetrics_sitenote_note":"","_exactmetrics_sitenote_category":0,"footnotes":""},"categories":[7,4,2,3],"tags":[126,125,339,17,30,13,14,11,12,160,158,340,104,161,22],"class_list":["post-976","post","type-post","status-publish","format-standard","has-post-thumbnail","hentry","category-eurovision-2016","category-eurovision","category-noticia","category-ultima-hora","tag-bosnia","tag-bosnia-eurovision-2016","tag-deen-dalal-midhat","tag-esc","tag-esc-2016","tag-estocolmo","tag-estocolmo-2016","tag-eurovision","tag-eurovision-2016","tag-eurovision-2016-come-together","tag-eurovision-come-together","tag-ljubav-je-eurovision","tag-stockholm-2016","tag-stockholm-2016-come-together","tag-vivaeurovision"],"yoast_head":"<!-- This site is optimized with the Yoast SEO plugin v27.5 - https:\/\/yoast.com\/product\/yoast-seo-wordpress\/ -->\n<title>BOSNIA EUROVISION 2016: ESCUCHA LJUBAV JE - VIVAEUROVISION viva eurovision<\/title>\n<meta name=\"robots\" content=\"index, follow, max-snippet:-1, max-image-preview:large, max-video-preview:-1\" \/>\n<link rel=\"canonical\" href=\"https:\/\/www.vivaeurovision.com\/index.php\/2016\/02\/20\/976-bosnia-eurovision\/\" \/>\n<meta property=\"og:locale\" content=\"es_ES\" \/>\n<meta property=\"og:type\" content=\"article\" \/>\n<meta property=\"og:title\" content=\"BOSNIA EUROVISION 2016: ESCUCHA LJUBAV JE - VIVAEUROVISION viva eurovision\" \/>\n<meta property=\"og:description\" content=\"BOSNIA EUROVISION 2016 La BHRT \u00abtelevisi\u00f3n publica de Bosnia\u00bb\u00a0ha presentado la canci\u00f3n Ljubav je, que ser\u00e1 interpretada en el\u00a0pr\u00f3ximo Festival de Eurovisi\u00f3n por \u00a0Deen, Dalal Midhat junto con\u00a0Ana Ructer al&#046;&#046;&#046;\" \/>\n<meta property=\"og:url\" content=\"https:\/\/www.vivaeurovision.com\/index.php\/2016\/02\/20\/976-bosnia-eurovision\/\" \/>\n<meta property=\"og:site_name\" content=\"VIVAEUROVISION viva eurovision\" \/>\n<meta property=\"article:published_time\" content=\"2016-02-20T13:42:35+00:00\" \/>\n<meta property=\"og:image\" content=\"https:\/\/www.vivaeurovision.com\/wp-content\/uploads\/2016\/02\/ES__13_of_14__Ana_Rucner__Fuad_Backovi___Deen__Dalal_Midhat_Talaki____Jasmin_Fazli___Jala-copia.jpg\" \/>\n\t<meta property=\"og:image:width\" content=\"1199\" \/>\n\t<meta property=\"og:image:height\" content=\"800\" \/>\n\t<meta property=\"og:image:type\" content=\"image\/jpeg\" \/>\n<meta name=\"author\" content=\"Pedro Palomo\" \/>\n<meta name=\"twitter:card\" content=\"summary_large_image\" \/>\n<meta name=\"twitter:creator\" content=\"@pedropalomobcn\" \/>\n<meta name=\"twitter:label1\" content=\"Escrito por\" \/>\n\t<meta name=\"twitter:data1\" content=\"Pedro Palomo\" \/>\n\t<meta name=\"twitter:label2\" content=\"Tiempo de lectura\" \/>\n\t<meta name=\"twitter:data2\" content=\"1 minuto\" \/>\n<script type=\"application\/ld+json\" class=\"yoast-schema-graph\">{\"@context\":\"https:\\\/\\\/schema.org\",\"@graph\":[{\"@type\":\"Article\",\"@id\":\"https:\\\/\\\/www.vivaeurovision.com\\\/index.php\\\/2016\\\/02\\\/20\\\/976-bosnia-eurovision\\\/#article\",\"isPartOf\":{\"@id\":\"https:\\\/\\\/www.vivaeurovision.com\\\/index.php\\\/2016\\\/02\\\/20\\\/976-bosnia-eurovision\\\/\"},\"author\":{\"name\":\"Pedro Palomo\",\"@id\":\"https:\\\/\\\/www.vivaeurovision.com\\\/#\\\/schema\\\/person\\\/1d31fdaa3f5f7df556f73d164bd3c47a\"},\"headline\":\"BOSNIA EUROVISION 2016: ESCUCHA LJUBAV JE\",\"datePublished\":\"2016-02-20T13:42:35+00:00\",\"mainEntityOfPage\":{\"@id\":\"https:\\\/\\\/www.vivaeurovision.com\\\/index.php\\\/2016\\\/02\\\/20\\\/976-bosnia-eurovision\\\/\"},\"wordCount\":178,\"commentCount\":0,\"publisher\":{\"@id\":\"https:\\\/\\\/www.vivaeurovision.com\\\/#organization\"},\"image\":{\"@id\":\"https:\\\/\\\/www.vivaeurovision.com\\\/index.php\\\/2016\\\/02\\\/20\\\/976-bosnia-eurovision\\\/#primaryimage\"},\"thumbnailUrl\":\"https:\\\/\\\/www.vivaeurovision.com\\\/wp-content\\\/uploads\\\/2016\\\/02\\\/ES__13_of_14__Ana_Rucner__Fuad_Backovi___Deen__Dalal_Midhat_Talaki____Jasmin_Fazli___Jala-copia.jpg\",\"keywords\":[\"Bosnia\",\"Bosnia eurovision 2016\",\"Deen Dalal Midhat\",\"ESC\",\"Esc 2016\",\"Estocolmo\",\"Estocolmo 2016\",\"Eurovision\",\"Eurovisi\u00f3n 2016\",\"Eurovision 2016 come together\",\"Eurovision come together\",\"ljubav je eurovision\",\"stockholm 2016\",\"stockholm 2016 come together\",\"vivaeurovision\"],\"articleSection\":[\"Eurovisi\u00f3n 2016\",\"Inicio\",\"Noticias\",\"Ultima Hora\"],\"inLanguage\":\"es\",\"potentialAction\":[{\"@type\":\"CommentAction\",\"name\":\"Comment\",\"target\":[\"https:\\\/\\\/www.vivaeurovision.com\\\/index.php\\\/2016\\\/02\\\/20\\\/976-bosnia-eurovision\\\/#respond\"]}]},{\"@type\":\"WebPage\",\"@id\":\"https:\\\/\\\/www.vivaeurovision.com\\\/index.php\\\/2016\\\/02\\\/20\\\/976-bosnia-eurovision\\\/\",\"url\":\"https:\\\/\\\/www.vivaeurovision.com\\\/index.php\\\/2016\\\/02\\\/20\\\/976-bosnia-eurovision\\\/\",\"name\":\"BOSNIA EUROVISION 2016: ESCUCHA LJUBAV JE - VIVAEUROVISION viva eurovision\",\"isPartOf\":{\"@id\":\"https:\\\/\\\/www.vivaeurovision.com\\\/#website\"},\"primaryImageOfPage\":{\"@id\":\"https:\\\/\\\/www.vivaeurovision.com\\\/index.php\\\/2016\\\/02\\\/20\\\/976-bosnia-eurovision\\\/#primaryimage\"},\"image\":{\"@id\":\"https:\\\/\\\/www.vivaeurovision.com\\\/index.php\\\/2016\\\/02\\\/20\\\/976-bosnia-eurovision\\\/#primaryimage\"},\"thumbnailUrl\":\"https:\\\/\\\/www.vivaeurovision.com\\\/wp-content\\\/uploads\\\/2016\\\/02\\\/ES__13_of_14__Ana_Rucner__Fuad_Backovi___Deen__Dalal_Midhat_Talaki____Jasmin_Fazli___Jala-copia.jpg\",\"datePublished\":\"2016-02-20T13:42:35+00:00\",\"breadcrumb\":{\"@id\":\"https:\\\/\\\/www.vivaeurovision.com\\\/index.php\\\/2016\\\/02\\\/20\\\/976-bosnia-eurovision\\\/#breadcrumb\"},\"inLanguage\":\"es\",\"potentialAction\":[{\"@type\":\"ReadAction\",\"target\":[\"https:\\\/\\\/www.vivaeurovision.com\\\/index.php\\\/2016\\\/02\\\/20\\\/976-bosnia-eurovision\\\/\"]}]},{\"@type\":\"ImageObject\",\"inLanguage\":\"es\",\"@id\":\"https:\\\/\\\/www.vivaeurovision.com\\\/index.php\\\/2016\\\/02\\\/20\\\/976-bosnia-eurovision\\\/#primaryimage\",\"url\":\"https:\\\/\\\/www.vivaeurovision.com\\\/wp-content\\\/uploads\\\/2016\\\/02\\\/ES__13_of_14__Ana_Rucner__Fuad_Backovi___Deen__Dalal_Midhat_Talaki____Jasmin_Fazli___Jala-copia.jpg\",\"contentUrl\":\"https:\\\/\\\/www.vivaeurovision.com\\\/wp-content\\\/uploads\\\/2016\\\/02\\\/ES__13_of_14__Ana_Rucner__Fuad_Backovi___Deen__Dalal_Midhat_Talaki____Jasmin_Fazli___Jala-copia.jpg\",\"width\":1199,\"height\":800},{\"@type\":\"BreadcrumbList\",\"@id\":\"https:\\\/\\\/www.vivaeurovision.com\\\/index.php\\\/2016\\\/02\\\/20\\\/976-bosnia-eurovision\\\/#breadcrumb\",\"itemListElement\":[{\"@type\":\"ListItem\",\"position\":1,\"name\":\"Portada\",\"item\":\"https:\\\/\\\/www.vivaeurovision.com\\\/\"},{\"@type\":\"ListItem\",\"position\":2,\"name\":\"BOSNIA EUROVISION 2016: ESCUCHA LJUBAV JE\"}]},{\"@type\":\"WebSite\",\"@id\":\"https:\\\/\\\/www.vivaeurovision.com\\\/#website\",\"url\":\"https:\\\/\\\/www.vivaeurovision.com\\\/\",\"name\":\"VIVAEUROVISION viva eurovision\",\"description\":\"Tu portal sobre el Festival de Eurovision, eurovision, eurovisi\u00f3n\",\"publisher\":{\"@id\":\"https:\\\/\\\/www.vivaeurovision.com\\\/#organization\"},\"potentialAction\":[{\"@type\":\"SearchAction\",\"target\":{\"@type\":\"EntryPoint\",\"urlTemplate\":\"https:\\\/\\\/www.vivaeurovision.com\\\/?s={search_term_string}\"},\"query-input\":{\"@type\":\"PropertyValueSpecification\",\"valueRequired\":true,\"valueName\":\"search_term_string\"}}],\"inLanguage\":\"es\"},{\"@type\":\"Organization\",\"@id\":\"https:\\\/\\\/www.vivaeurovision.com\\\/#organization\",\"name\":\"vivaeurovision\",\"url\":\"https:\\\/\\\/www.vivaeurovision.com\\\/\",\"logo\":{\"@type\":\"ImageObject\",\"inLanguage\":\"es\",\"@id\":\"https:\\\/\\\/www.vivaeurovision.com\\\/#\\\/schema\\\/logo\\\/image\\\/\",\"url\":\"https:\\\/\\\/www.vivaeurovision.com\\\/wp-content\\\/uploads\\\/2016\\\/01\\\/cropped-image-21-1.jpeg\",\"contentUrl\":\"https:\\\/\\\/www.vivaeurovision.com\\\/wp-content\\\/uploads\\\/2016\\\/01\\\/cropped-image-21-1.jpeg\",\"width\":669,\"height\":368,\"caption\":\"vivaeurovision\"},\"image\":{\"@id\":\"https:\\\/\\\/www.vivaeurovision.com\\\/#\\\/schema\\\/logo\\\/image\\\/\"}},{\"@type\":\"Person\",\"@id\":\"https:\\\/\\\/www.vivaeurovision.com\\\/#\\\/schema\\\/person\\\/1d31fdaa3f5f7df556f73d164bd3c47a\",\"name\":\"Pedro Palomo\",\"image\":{\"@type\":\"ImageObject\",\"inLanguage\":\"es\",\"@id\":\"https:\\\/\\\/secure.gravatar.com\\\/avatar\\\/4cf9a4877f5f71f44fb7cedbe1bac1bd28bd8ce7a217517d98d5b2117f9f5505?s=96&d=mm&r=g\",\"url\":\"https:\\\/\\\/secure.gravatar.com\\\/avatar\\\/4cf9a4877f5f71f44fb7cedbe1bac1bd28bd8ce7a217517d98d5b2117f9f5505?s=96&d=mm&r=g\",\"contentUrl\":\"https:\\\/\\\/secure.gravatar.com\\\/avatar\\\/4cf9a4877f5f71f44fb7cedbe1bac1bd28bd8ce7a217517d98d5b2117f9f5505?s=96&d=mm&r=g\",\"caption\":\"Pedro Palomo\"},\"sameAs\":[\"http:\\\/\\\/www.vivaeurovision.com\",\"@pedrobcn\",\"https:\\\/\\\/x.com\\\/@pedropalomobcn\"]}]}<\/script>\n<!-- \/ Yoast SEO plugin. -->","yoast_head_json":{"title":"BOSNIA EUROVISION 2016: ESCUCHA LJUBAV JE - VIVAEUROVISION viva eurovision","robots":{"index":"index","follow":"follow","max-snippet":"max-snippet:-1","max-image-preview":"max-image-preview:large","max-video-preview":"max-video-preview:-1"},"canonical":"https:\/\/www.vivaeurovision.com\/index.php\/2016\/02\/20\/976-bosnia-eurovision\/","og_locale":"es_ES","og_type":"article","og_title":"BOSNIA EUROVISION 2016: ESCUCHA LJUBAV JE - VIVAEUROVISION viva eurovision","og_description":"BOSNIA EUROVISION 2016 La BHRT \u00abtelevisi\u00f3n publica de Bosnia\u00bb\u00a0ha presentado la canci\u00f3n Ljubav je, que ser\u00e1 interpretada en el\u00a0pr\u00f3ximo Festival de Eurovisi\u00f3n por \u00a0Deen, Dalal Midhat junto con\u00a0Ana Ructer al&#46;&#46;&#46;","og_url":"https:\/\/www.vivaeurovision.com\/index.php\/2016\/02\/20\/976-bosnia-eurovision\/","og_site_name":"VIVAEUROVISION viva eurovision","article_published_time":"2016-02-20T13:42:35+00:00","og_image":[{"width":1199,"height":800,"url":"https:\/\/www.vivaeurovision.com\/wp-content\/uploads\/2016\/02\/ES__13_of_14__Ana_Rucner__Fuad_Backovi___Deen__Dalal_Midhat_Talaki____Jasmin_Fazli___Jala-copia.jpg","type":"image\/jpeg"}],"author":"Pedro Palomo","twitter_card":"summary_large_image","twitter_creator":"@pedropalomobcn","twitter_misc":{"Escrito por":"Pedro Palomo","Tiempo de lectura":"1 minuto"},"schema":{"@context":"https:\/\/schema.org","@graph":[{"@type":"Article","@id":"https:\/\/www.vivaeurovision.com\/index.php\/2016\/02\/20\/976-bosnia-eurovision\/#article","isPartOf":{"@id":"https:\/\/www.vivaeurovision.com\/index.php\/2016\/02\/20\/976-bosnia-eurovision\/"},"author":{"name":"Pedro Palomo","@id":"https:\/\/www.vivaeurovision.com\/#\/schema\/person\/1d31fdaa3f5f7df556f73d164bd3c47a"},"headline":"BOSNIA EUROVISION 2016: ESCUCHA LJUBAV JE","datePublished":"2016-02-20T13:42:35+00:00","mainEntityOfPage":{"@id":"https:\/\/www.vivaeurovision.com\/index.php\/2016\/02\/20\/976-bosnia-eurovision\/"},"wordCount":178,"commentCount":0,"publisher":{"@id":"https:\/\/www.vivaeurovision.com\/#organization"},"image":{"@id":"https:\/\/www.vivaeurovision.com\/index.php\/2016\/02\/20\/976-bosnia-eurovision\/#primaryimage"},"thumbnailUrl":"https:\/\/www.vivaeurovision.com\/wp-content\/uploads\/2016\/02\/ES__13_of_14__Ana_Rucner__Fuad_Backovi___Deen__Dalal_Midhat_Talaki____Jasmin_Fazli___Jala-copia.jpg","keywords":["Bosnia","Bosnia eurovision 2016","Deen Dalal Midhat","ESC","Esc 2016","Estocolmo","Estocolmo 2016","Eurovision","Eurovisi\u00f3n 2016","Eurovision 2016 come together","Eurovision come together","ljubav je eurovision","stockholm 2016","stockholm 2016 come together","vivaeurovision"],"articleSection":["Eurovisi\u00f3n 2016","Inicio","Noticias","Ultima Hora"],"inLanguage":"es","potentialAction":[{"@type":"CommentAction","name":"Comment","target":["https:\/\/www.vivaeurovision.com\/index.php\/2016\/02\/20\/976-bosnia-eurovision\/#respond"]}]},{"@type":"WebPage","@id":"https:\/\/www.vivaeurovision.com\/index.php\/2016\/02\/20\/976-bosnia-eurovision\/","url":"https:\/\/www.vivaeurovision.com\/index.php\/2016\/02\/20\/976-bosnia-eurovision\/","name":"BOSNIA EUROVISION 2016: ESCUCHA LJUBAV JE - VIVAEUROVISION viva eurovision","isPartOf":{"@id":"https:\/\/www.vivaeurovision.com\/#website"},"primaryImageOfPage":{"@id":"https:\/\/www.vivaeurovision.com\/index.php\/2016\/02\/20\/976-bosnia-eurovision\/#primaryimage"},"image":{"@id":"https:\/\/www.vivaeurovision.com\/index.php\/2016\/02\/20\/976-bosnia-eurovision\/#primaryimage"},"thumbnailUrl":"https:\/\/www.vivaeurovision.com\/wp-content\/uploads\/2016\/02\/ES__13_of_14__Ana_Rucner__Fuad_Backovi___Deen__Dalal_Midhat_Talaki____Jasmin_Fazli___Jala-copia.jpg","datePublished":"2016-02-20T13:42:35+00:00","breadcrumb":{"@id":"https:\/\/www.vivaeurovision.com\/index.php\/2016\/02\/20\/976-bosnia-eurovision\/#breadcrumb"},"inLanguage":"es","potentialAction":[{"@type":"ReadAction","target":["https:\/\/www.vivaeurovision.com\/index.php\/2016\/02\/20\/976-bosnia-eurovision\/"]}]},{"@type":"ImageObject","inLanguage":"es","@id":"https:\/\/www.vivaeurovision.com\/index.php\/2016\/02\/20\/976-bosnia-eurovision\/#primaryimage","url":"https:\/\/www.vivaeurovision.com\/wp-content\/uploads\/2016\/02\/ES__13_of_14__Ana_Rucner__Fuad_Backovi___Deen__Dalal_Midhat_Talaki____Jasmin_Fazli___Jala-copia.jpg","contentUrl":"https:\/\/www.vivaeurovision.com\/wp-content\/uploads\/2016\/02\/ES__13_of_14__Ana_Rucner__Fuad_Backovi___Deen__Dalal_Midhat_Talaki____Jasmin_Fazli___Jala-copia.jpg","width":1199,"height":800},{"@type":"BreadcrumbList","@id":"https:\/\/www.vivaeurovision.com\/index.php\/2016\/02\/20\/976-bosnia-eurovision\/#breadcrumb","itemListElement":[{"@type":"ListItem","position":1,"name":"Portada","item":"https:\/\/www.vivaeurovision.com\/"},{"@type":"ListItem","position":2,"name":"BOSNIA EUROVISION 2016: ESCUCHA LJUBAV JE"}]},{"@type":"WebSite","@id":"https:\/\/www.vivaeurovision.com\/#website","url":"https:\/\/www.vivaeurovision.com\/","name":"VIVAEUROVISION viva eurovision","description":"Tu portal sobre el Festival de Eurovision, eurovision, eurovisi\u00f3n","publisher":{"@id":"https:\/\/www.vivaeurovision.com\/#organization"},"potentialAction":[{"@type":"SearchAction","target":{"@type":"EntryPoint","urlTemplate":"https:\/\/www.vivaeurovision.com\/?s={search_term_string}"},"query-input":{"@type":"PropertyValueSpecification","valueRequired":true,"valueName":"search_term_string"}}],"inLanguage":"es"},{"@type":"Organization","@id":"https:\/\/www.vivaeurovision.com\/#organization","name":"vivaeurovision","url":"https:\/\/www.vivaeurovision.com\/","logo":{"@type":"ImageObject","inLanguage":"es","@id":"https:\/\/www.vivaeurovision.com\/#\/schema\/logo\/image\/","url":"https:\/\/www.vivaeurovision.com\/wp-content\/uploads\/2016\/01\/cropped-image-21-1.jpeg","contentUrl":"https:\/\/www.vivaeurovision.com\/wp-content\/uploads\/2016\/01\/cropped-image-21-1.jpeg","width":669,"height":368,"caption":"vivaeurovision"},"image":{"@id":"https:\/\/www.vivaeurovision.com\/#\/schema\/logo\/image\/"}},{"@type":"Person","@id":"https:\/\/www.vivaeurovision.com\/#\/schema\/person\/1d31fdaa3f5f7df556f73d164bd3c47a","name":"Pedro Palomo","image":{"@type":"ImageObject","inLanguage":"es","@id":"https:\/\/secure.gravatar.com\/avatar\/4cf9a4877f5f71f44fb7cedbe1bac1bd28bd8ce7a217517d98d5b2117f9f5505?s=96&d=mm&r=g","url":"https:\/\/secure.gravatar.com\/avatar\/4cf9a4877f5f71f44fb7cedbe1bac1bd28bd8ce7a217517d98d5b2117f9f5505?s=96&d=mm&r=g","contentUrl":"https:\/\/secure.gravatar.com\/avatar\/4cf9a4877f5f71f44fb7cedbe1bac1bd28bd8ce7a217517d98d5b2117f9f5505?s=96&d=mm&r=g","caption":"Pedro Palomo"},"sameAs":["http:\/\/www.vivaeurovision.com","@pedrobcn","https:\/\/x.com\/@pedropalomobcn"]}]}},"_links":{"self":[{"href":"https:\/\/www.vivaeurovision.com\/index.php\/wp-json\/wp\/v2\/posts\/976","targetHints":{"allow":["GET"]}}],"collection":[{"href":"https:\/\/www.vivaeurovision.com\/index.php\/wp-json\/wp\/v2\/posts"}],"about":[{"href":"https:\/\/www.vivaeurovision.com\/index.php\/wp-json\/wp\/v2\/types\/post"}],"author":[{"embeddable":true,"href":"https:\/\/www.vivaeurovision.com\/index.php\/wp-json\/wp\/v2\/users\/1"}],"replies":[{"embeddable":true,"href":"https:\/\/www.vivaeurovision.com\/index.php\/wp-json\/wp\/v2\/comments?post=976"}],"version-history":[{"count":0,"href":"https:\/\/www.vivaeurovision.com\/index.php\/wp-json\/wp\/v2\/posts\/976\/revisions"}],"wp:featuredmedia":[{"embeddable":true,"href":"https:\/\/www.vivaeurovision.com\/index.php\/wp-json\/wp\/v2\/media\/980"}],"wp:attachment":[{"href":"https:\/\/www.vivaeurovision.com\/index.php\/wp-json\/wp\/v2\/media?parent=976"}],"wp:term":[{"taxonomy":"category","embeddable":true,"href":"https:\/\/www.vivaeurovision.com\/index.php\/wp-json\/wp\/v2\/categories?post=976"},{"taxonomy":"post_tag","embeddable":true,"href":"https:\/\/www.vivaeurovision.com\/index.php\/wp-json\/wp\/v2\/tags?post=976"}],"curies":[{"name":"wp","href":"https:\/\/api.w.org\/{rel}","templated":true}]}}