{"id":9979,"date":"2019-09-18T13:23:15","date_gmt":"2019-09-18T13:23:15","guid":{"rendered":"http:\/\/www.vivaeurovision.com\/?p=9979"},"modified":"2019-09-18T13:23:17","modified_gmt":"2019-09-18T13:23:17","slug":"espana-eurovision-2020","status":"publish","type":"post","link":"https:\/\/www.vivaeurovision.com\/index.php\/2019\/09\/18\/espana-eurovision-2020\/","title":{"rendered":"RTVE Apuesta por un artista consagrado para representar a Espa\u00f1a en Eurovision 2020"},"content":{"rendered":"<h2>RTVE Apuesta por un artista consagrado para representar a Espa\u00f1a en Eurovision 2020<\/h2>\n<p><img loading=\"lazy\" decoding=\"async\" class=\"alignnone size-medium wp-image-10001\" src=\"http:\/\/www.vivaeurovision.com\/wp-content\/uploads\/2019\/09\/F3B57FBA-455F-4B0F-91C2-39A92B24A936-300x169.jpeg\" alt=\"eurovision 2020 rtve\" width=\"300\" height=\"169\" srcset=\"https:\/\/www.vivaeurovision.com\/wp-content\/uploads\/2019\/09\/F3B57FBA-455F-4B0F-91C2-39A92B24A936-300x169.jpeg 300w, https:\/\/www.vivaeurovision.com\/wp-content\/uploads\/2019\/09\/F3B57FBA-455F-4B0F-91C2-39A92B24A936-700x394.jpeg 700w\" sizes=\"auto, (max-width: 300px) 100vw, 300px\" \/><\/p>\n<p>Imagenes: Pastora Soler, El Sue\u00f1o de Morfeo, Eduner.<\/p>\n<p>Dejando atr\u00e1s los \u00faltimos m\u00e9todos de elecci\u00f3n, RTVE apuesta de nuevo por un artista consagrado e intentar mejorar los resultados de los \u00faltimos a\u00f1os.<\/p>\n<p class=\"s3\"><span class=\"s2\"><span class=\"bumpedFont15\">R<\/span><\/span><span class=\"s2\"><span class=\"bumpedFont15\">TVE participa<\/span><\/span><span class=\"s2\"><span class=\"bumpedFont15\">r<\/span><\/span><span class=\"s2\"><span class=\"bumpedFont15\">\u00e1<\/span><\/span> <span class=\"s2\"><span class=\"bumpedFont15\">en Eurovisi\u00f3n 2020<\/span><\/span> <span class=\"s2\"><span class=\"bumpedFont15\">con <\/span><\/span><span class=\"s2\"><span class=\"bumpedFont15\">un artista<\/span><\/span> <span class=\"s2\"><span class=\"bumpedFont15\">elegido <\/span><\/span><span class=\"s2\"><span class=\"bumpedFont15\">por designaci\u00f3n directa<\/span><\/span><\/p>\n<div class=\"s6\"><span class=\"s4\">\u2022 <\/span><span class=\"s5\"><span class=\"bumpedFont15\">E<\/span><\/span><span class=\"s5\"><span class=\"bumpedFont15\">l certamen<\/span><\/span><span class=\"s5\"><span class=\"bumpedFont15\"> se celebrar\u00e1 <\/span><\/span><span class=\"s5\"><span class=\"bumpedFont15\">en R<\/span><\/span><span class=\"s5\"><span class=\"bumpedFont15\">\u00f3<\/span><\/span><span class=\"s5\"><span class=\"bumpedFont15\">terdam (Holanda) del 12 al 16 <\/span><\/span><span class=\"s5\"><span class=\"bumpedFont15\">de mayo <\/span><\/span><\/div>\n<p class=\"s7\">\u00a0<\/p>\n<p class=\"s7\"><span class=\"s8\"><span class=\"bumpedFont15\">RTVE ha confirmado<\/span><\/span><span class=\"s8\"><span class=\"bumpedFont15\"> a la UER<\/span><\/span><span class=\"s8\"><span class=\"bumpedFont15\"> su participaci\u00f3n en el <\/span><\/span><span class=\"s8\"><span class=\"bumpedFont15\">65\u00ba <\/span><\/span><span class=\"s8\"><span class=\"bumpedFont15\">Festival de Eurovisi\u00f3n <\/span><\/span><span class=\"s8\"><span class=\"bumpedFont15\">el pr\u00f3ximo mes de mayo <\/span><\/span><span class=\"s8\"><span class=\"bumpedFont15\">en R<\/span><\/span><span class=\"s8\"><span class=\"bumpedFont15\">\u00f3<\/span><\/span><span class=\"s8\"><span class=\"bumpedFont15\">terdam<\/span><\/span><span class=\"s8\"><span class=\"bumpedFont15\">. <\/span><\/span><span class=\"s8\"><span class=\"bumpedFont15\">L<\/span><\/span><span class=\"s8\"><span class=\"bumpedFont15\">a<\/span><\/span><span class=\"s8\"><span class=\"bumpedFont15\"> radio televisi\u00f3n p\u00fablica<\/span><\/span><span class=\"s8\"><span class=\"bumpedFont15\"> ap<\/span><\/span><span class=\"s8\"><span class=\"bumpedFont15\">ostar\u00e1<\/span><\/span> <span class=\"s8\"><span class=\"bumpedFont15\">en esta edici\u00f3n <\/span><\/span><span class=\"s8\"><span class=\"bumpedFont15\">por la elecci\u00f3n directa de un artista<\/span><\/span><span class=\"s8\"><span class=\"bumpedFont15\"> respaldado por <\/span><\/span><span class=\"s8\"><span class=\"bumpedFont15\">una c<\/span><\/span><span class=\"s8\"><span class=\"bumpedFont15\">arrera <\/span><\/span><span class=\"s8\"><span class=\"bumpedFont15\">musical<\/span><\/span><span class=\"s8\"><span class=\"bumpedFont15\">,<\/span><\/span><span class=\"s8\"><span class=\"bumpedFont15\"> t<\/span><\/span><span class=\"s8\"><span class=\"bumpedFont15\">ras utilizar en los <\/span><\/span><span class=\"s8\"><span class=\"bumpedFont15\">dos <\/span><\/span><span class=\"s8\"><span class=\"bumpedFont15\">\u00faltimos a\u00f1os OT <\/span><\/span><span class=\"s8\"><span class=\"bumpedFont15\">como plataforma <\/span><\/span><span class=\"s8\"><span class=\"bumpedFont15\">de selecci\u00f3n<\/span><\/span><span class=\"s8\"><span class=\"bumpedFont15\">.<\/span><\/span> <span class=\"s8\"><span class=\"bumpedFont15\">Ya se est\u00e1 trabajando en la elecci\u00f3n de<\/span><\/span><span class=\"s8\"><span class=\"bumpedFont15\">l representante<\/span><\/span><span class=\"s8\"><span class=\"bumpedFont15\"> y de la canci\u00f3n.<\/span><\/span><\/p>\n<p class=\"s7\">\u00a0<\/p>\n<p class=\"s7\"><span class=\"s8\"><span class=\"bumpedFont15\">La elecci\u00f3n interna <\/span><\/span><span class=\"s8\"><span class=\"bumpedFont15\">del candidato a Eurovisi\u00f3n <\/span><\/span><span class=\"s8\"><span class=\"bumpedFont15\">e<\/span><\/span><span class=\"s8\"><span class=\"bumpedFont15\">s<\/span><\/span> <span class=\"s8\"><span class=\"bumpedFont15\">uno de los sistemas habituales de las televis<\/span><\/span><span class=\"s8\"><span class=\"bumpedFont15\">iones que forman parte de la UER<\/span><\/span><span class=\"s8\"><span class=\"bumpedFont15\"> y RTVE <\/span><\/span><span class=\"s8\"><span class=\"bumpedFont15\">ya <\/span><\/span><span class=\"s8\"><span class=\"bumpedFont15\">lo <\/span><\/span><span class=\"s8\"><span class=\"bumpedFont15\">ha llevado <\/span><\/span><span class=\"s8\"><span class=\"bumpedFont15\">a cabo en numerosas ocasiones <\/span><\/span><span class=\"s8\"><span class=\"bumpedFont15\">a lo largo de su historia,<\/span><\/span><span class=\"s8\"><span class=\"bumpedFont15\"> las m\u00e1s<\/span><\/span> <span class=\"s8\"><span class=\"bumpedFont15\">recientes<\/span><\/span><span class=\"s8\"><span class=\"bumpedFont15\"> con<\/span><\/span><span class=\"s8\"><span class=\"bumpedFont15\"> Pastora Soler (2012), El sue\u00f1o de Morfeo (2013) <\/span><\/span><span class=\"s8\"><span class=\"bumpedFont15\">y<\/span><\/span><span class=\"s8\"><span class=\"bumpedFont15\"> Edurne (2015).<\/span><\/span><\/p>\n<p class=\"s3\"><span class=\"s8\"><span class=\"bumpedFont15\">La 65\u00aa edici\u00f3n <\/span><\/span><span class=\"s8\"><span class=\"bumpedFont15\">de Eurovisi\u00f3n<\/span><\/span> <span class=\"s10\"><span class=\"bumpedFont15\">se<\/span><\/span> <span class=\"s8\"><span class=\"bumpedFont15\">celebrar\u00e1<\/span><\/span> <span class=\"s8\"><span class=\"bumpedFont15\">los d\u00edas\u00a0<\/span><\/span><span class=\"s8\"><span class=\"bumpedFont15\">12, 14 y 16<\/span><\/span><span class=\"s10\"><span class=\"bumpedFont15\">de mayo<\/span><\/span><span class=\"s8\"><span class=\"bumpedFont15\">\u00a0en<\/span><\/span><span class=\"s8\"><span class=\"bumpedFont15\"> el Ahoy Arena de<\/span><\/span> <span class=\"s8\"><span class=\"bumpedFont15\">R<\/span><\/span><span class=\"s8\"><span class=\"bumpedFont15\">\u00f3<\/span><\/span><span class=\"s8\"><span class=\"bumpedFont15\">terdam, con capacidad para <\/span><\/span><span class=\"s8\"><span class=\"bumpedFont15\">m\u00e1s de <\/span><\/span><span class=\"s8\"><span class=\"bumpedFont15\">16<\/span><\/span><span class=\"s8\"><span class=\"bumpedFont15\">.000 espectad<\/span><\/span><span class=\"s8\"><span class=\"bumpedFont15\">ores, y que ya alberg\u00f3 Eurovisi\u00f3n Junior en 2007.<\/span><\/span> <span class=\"s8\"><span class=\"bumpedFont15\">Ser\u00e1 la primera vez que R\u00f3terdam acoja el certamen y la quinta que se celebra en los Pa\u00edses Bajos (<\/span><\/span><span class=\"s10\"><span class=\"bumpedFont15\">Hilversum 1958, \u00c1msterdam 1970 y La Haya en 1976 y 1980<\/span><\/span><span class=\"s8\"><span class=\"bumpedFont15\">).<\/span><\/span><\/p>\n<p>Fuente: RTVE<\/p>\n<p><img loading=\"lazy\" decoding=\"async\" class=\"alignnone size-medium wp-image-311\" src=\"http:\/\/www.vivaeurovision.com\/wp-content\/uploads\/2016\/01\/image-21-300x165.jpeg\" alt=\"VIVAEUROVISION.COM\" width=\"300\" height=\"165\" srcset=\"https:\/\/www.vivaeurovision.com\/wp-content\/uploads\/2016\/01\/image-21-300x165.jpeg 300w, https:\/\/www.vivaeurovision.com\/wp-content\/uploads\/2016\/01\/image-21-555x305.jpeg 555w, https:\/\/www.vivaeurovision.com\/wp-content\/uploads\/2016\/01\/image-21.jpeg 669w\" sizes=\"auto, (max-width: 300px) 100vw, 300px\" \/><\/p>\n<p>Youtube<\/p>\n<p><a href=\"https:\/\/www.youtube.com\/user\/gurrumi\" target=\"_blank\" rel=\"noopener noreferrer\">Pedro Palomo<\/a><\/p>\n<p>Twitter\u00a0<strong> <a href=\"https:\/\/twitter.com\/viva_eurovision\" target=\"_blank\" rel=\"noopener noreferrer\">@viva_eurovision<\/a>\u00a0 <a href=\"https:\/\/www.facebook.com\/Vivaeurovisioncom-867806686671081\/?fref=nf\" target=\"_blank\" rel=\"noopener noreferrer\">FACEBOOK OFICIAL VIVA EUROVISION <\/a><\/strong>Instragram <strong>\u00a0<\/strong><a href=\"https:\/\/www.instagram.com\/vivaeurovision\/\" target=\"_blank\" rel=\"noopener noreferrer\"><strong>@vivaeurovision<\/strong><\/a><\/p>\n<p>Redactor: Pedro Palomo <a href=\"https:\/\/twitter.com\/pedropalomobcn?lang=es\"><strong>@pedropalomobcn<\/strong><\/a><strong>\u00a0<\/strong>Instagram <a href=\"https:\/\/www.instagram.com\/pedrobcn\/\" target=\"_blank\" rel=\"noopener noreferrer\"><strong>@pedrobcn<\/strong><\/a><\/p>\n\n","protected":false},"excerpt":{"rendered":"<p>RTVE Apuesta por un artista consagrado para representar a Espa\u00f1a en Eurovision 2020 Imagenes: Pastora Soler, El Sue\u00f1o de Morfeo, Eduner. Dejando atr\u00e1s los \u00faltimos m\u00e9todos de elecci\u00f3n, RTVE apuesta&#46;&#46;&#46;<\/p>\n","protected":false},"author":1,"featured_media":10001,"comment_status":"open","ping_status":"closed","sticky":false,"template":"","format":"standard","meta":{"_exactmetrics_skip_tracking":false,"_exactmetrics_sitenote_active":false,"_exactmetrics_sitenote_note":"","_exactmetrics_sitenote_category":0,"footnotes":""},"categories":[6,1195,3781,4,1188,2,875,3],"tags":[893,3674,3671,3837,3838,3801,3802,19,20,766,3815,18,110,3839,1027,3791,23,22],"class_list":["post-9979","post","type-post","status-publish","format-standard","has-post-thumbnail","hentry","category-espana-en-eurovision","category-eurovision-2","category-eurovision-2020","category-eurovision","category-noticia-2","category-noticia","category-rincon-vivalamusica","category-ultima-hora","tag-espana-eurovision","tag-espana-eurovision-2020","tag-eurovision-2020","tag-eurovision-2020-rtve","tag-eurovision-2020-spain","tag-eurovision-rotterdam","tag-eurovision-rotterdam-2020","tag-pedro-palomo","tag-pedro-palomo-eurovision","tag-pedro-palomo-vivaeurovision","tag-rotterdam-eurovision-2020","tag-rtve","tag-rtve-eurovision","tag-spain-eurovision-2020","tag-the-netherlands-eurovision","tag-the-netherlands-eurovision-2020","tag-viva-eurovision","tag-vivaeurovision"],"yoast_head":"<!-- This site is optimized with the Yoast SEO plugin v27.4 - https:\/\/yoast.com\/product\/yoast-seo-wordpress\/ -->\n<title>RTVE Apuesta por un artista consagrado para representar a Espa\u00f1a en Eurovision 2020 - VIVAEUROVISION viva eurovision<\/title>\n<meta name=\"description\" content=\"eurovision 2020 rtve, eurovision 2020 spain, espa\u00f1a eurovision 2020, eurovision 2020, vivaeurovision, viva eurovision, rtve, RTVE eurovision\" \/>\n<meta name=\"robots\" content=\"index, follow, max-snippet:-1, max-image-preview:large, max-video-preview:-1\" \/>\n<link rel=\"canonical\" href=\"https:\/\/www.vivaeurovision.com\/index.php\/2019\/09\/18\/espana-eurovision-2020\/\" \/>\n<meta property=\"og:locale\" content=\"es_ES\" \/>\n<meta property=\"og:type\" content=\"article\" \/>\n<meta property=\"og:title\" content=\"RTVE Apuesta por un artista consagrado para representar a Espa\u00f1a en Eurovision 2020 - VIVAEUROVISION viva eurovision\" \/>\n<meta property=\"og:description\" content=\"eurovision 2020 rtve, eurovision 2020 spain, espa\u00f1a eurovision 2020, eurovision 2020, vivaeurovision, viva eurovision, rtve, RTVE eurovision\" \/>\n<meta property=\"og:url\" content=\"https:\/\/www.vivaeurovision.com\/index.php\/2019\/09\/18\/espana-eurovision-2020\/\" \/>\n<meta property=\"og:site_name\" content=\"VIVAEUROVISION viva eurovision\" \/>\n<meta property=\"article:published_time\" content=\"2019-09-18T13:23:15+00:00\" \/>\n<meta property=\"article:modified_time\" content=\"2019-09-18T13:23:17+00:00\" \/>\n<meta property=\"og:image\" content=\"https:\/\/www.vivaeurovision.com\/wp-content\/uploads\/2019\/09\/F3B57FBA-455F-4B0F-91C2-39A92B24A936.jpeg\" \/>\n\t<meta property=\"og:image:width\" content=\"2592\" \/>\n\t<meta property=\"og:image:height\" content=\"1458\" \/>\n\t<meta property=\"og:image:type\" content=\"image\/jpeg\" \/>\n<meta name=\"author\" content=\"Pedro Palomo\" \/>\n<meta name=\"twitter:card\" content=\"summary_large_image\" \/>\n<meta name=\"twitter:creator\" content=\"@pedropalomobcn\" \/>\n<meta name=\"twitter:label1\" content=\"Escrito por\" \/>\n\t<meta name=\"twitter:data1\" content=\"Pedro Palomo\" \/>\n\t<meta name=\"twitter:label2\" content=\"Tiempo de lectura\" \/>\n\t<meta name=\"twitter:data2\" content=\"1 minuto\" \/>\n<script type=\"application\/ld+json\" class=\"yoast-schema-graph\">{\"@context\":\"https:\\\/\\\/schema.org\",\"@graph\":[{\"@type\":\"Article\",\"@id\":\"https:\\\/\\\/www.vivaeurovision.com\\\/index.php\\\/2019\\\/09\\\/18\\\/espana-eurovision-2020\\\/#article\",\"isPartOf\":{\"@id\":\"https:\\\/\\\/www.vivaeurovision.com\\\/index.php\\\/2019\\\/09\\\/18\\\/espana-eurovision-2020\\\/\"},\"author\":{\"name\":\"Pedro Palomo\",\"@id\":\"https:\\\/\\\/www.vivaeurovision.com\\\/#\\\/schema\\\/person\\\/1d31fdaa3f5f7df556f73d164bd3c47a\"},\"headline\":\"RTVE Apuesta por un artista consagrado para representar a Espa\u00f1a en Eurovision 2020\",\"datePublished\":\"2019-09-18T13:23:15+00:00\",\"dateModified\":\"2019-09-18T13:23:17+00:00\",\"mainEntityOfPage\":{\"@id\":\"https:\\\/\\\/www.vivaeurovision.com\\\/index.php\\\/2019\\\/09\\\/18\\\/espana-eurovision-2020\\\/\"},\"wordCount\":315,\"commentCount\":0,\"publisher\":{\"@id\":\"https:\\\/\\\/www.vivaeurovision.com\\\/#organization\"},\"image\":{\"@id\":\"https:\\\/\\\/www.vivaeurovision.com\\\/index.php\\\/2019\\\/09\\\/18\\\/espana-eurovision-2020\\\/#primaryimage\"},\"thumbnailUrl\":\"https:\\\/\\\/www.vivaeurovision.com\\\/wp-content\\\/uploads\\\/2019\\\/09\\\/F3B57FBA-455F-4B0F-91C2-39A92B24A936.jpeg\",\"keywords\":[\"Espa\u00f1a Eurovision\",\"espa\u00f1a eurovision 2020\",\"eurovision 2020\",\"eurovision 2020 rtve\",\"eurovision 2020 spain\",\"eurovision rotterdam\",\"eurovision rotterdam 2020\",\"Pedro Palomo\",\"Pedro Palomo Eurovision\",\"Pedro Palomo Vivaeurovision\",\"rotterdam eurovision 2020\",\"RTVE\",\"Rtve EUROVISION\",\"spain eurovision 2020\",\"THE NETHERLANDS EUROVISION\",\"the netherlands eurovision 2020\",\"viva eurovision\",\"vivaeurovision\"],\"articleSection\":[\"Espa\u00f1a en Eurovisi\u00f3n\",\"eurovision\",\"eurovision 2020\",\"Inicio\",\"Noticia\",\"Noticias\",\"Rinc\u00f3n VIVALAMUSICA\",\"Ultima Hora\"],\"inLanguage\":\"es\",\"potentialAction\":[{\"@type\":\"CommentAction\",\"name\":\"Comment\",\"target\":[\"https:\\\/\\\/www.vivaeurovision.com\\\/index.php\\\/2019\\\/09\\\/18\\\/espana-eurovision-2020\\\/#respond\"]}]},{\"@type\":\"WebPage\",\"@id\":\"https:\\\/\\\/www.vivaeurovision.com\\\/index.php\\\/2019\\\/09\\\/18\\\/espana-eurovision-2020\\\/\",\"url\":\"https:\\\/\\\/www.vivaeurovision.com\\\/index.php\\\/2019\\\/09\\\/18\\\/espana-eurovision-2020\\\/\",\"name\":\"RTVE Apuesta por un artista consagrado para representar a Espa\u00f1a en Eurovision 2020 - VIVAEUROVISION viva eurovision\",\"isPartOf\":{\"@id\":\"https:\\\/\\\/www.vivaeurovision.com\\\/#website\"},\"primaryImageOfPage\":{\"@id\":\"https:\\\/\\\/www.vivaeurovision.com\\\/index.php\\\/2019\\\/09\\\/18\\\/espana-eurovision-2020\\\/#primaryimage\"},\"image\":{\"@id\":\"https:\\\/\\\/www.vivaeurovision.com\\\/index.php\\\/2019\\\/09\\\/18\\\/espana-eurovision-2020\\\/#primaryimage\"},\"thumbnailUrl\":\"https:\\\/\\\/www.vivaeurovision.com\\\/wp-content\\\/uploads\\\/2019\\\/09\\\/F3B57FBA-455F-4B0F-91C2-39A92B24A936.jpeg\",\"datePublished\":\"2019-09-18T13:23:15+00:00\",\"dateModified\":\"2019-09-18T13:23:17+00:00\",\"description\":\"eurovision 2020 rtve, eurovision 2020 spain, espa\u00f1a eurovision 2020, eurovision 2020, vivaeurovision, viva eurovision, rtve, RTVE eurovision\",\"breadcrumb\":{\"@id\":\"https:\\\/\\\/www.vivaeurovision.com\\\/index.php\\\/2019\\\/09\\\/18\\\/espana-eurovision-2020\\\/#breadcrumb\"},\"inLanguage\":\"es\",\"potentialAction\":[{\"@type\":\"ReadAction\",\"target\":[\"https:\\\/\\\/www.vivaeurovision.com\\\/index.php\\\/2019\\\/09\\\/18\\\/espana-eurovision-2020\\\/\"]}]},{\"@type\":\"ImageObject\",\"inLanguage\":\"es\",\"@id\":\"https:\\\/\\\/www.vivaeurovision.com\\\/index.php\\\/2019\\\/09\\\/18\\\/espana-eurovision-2020\\\/#primaryimage\",\"url\":\"https:\\\/\\\/www.vivaeurovision.com\\\/wp-content\\\/uploads\\\/2019\\\/09\\\/F3B57FBA-455F-4B0F-91C2-39A92B24A936.jpeg\",\"contentUrl\":\"https:\\\/\\\/www.vivaeurovision.com\\\/wp-content\\\/uploads\\\/2019\\\/09\\\/F3B57FBA-455F-4B0F-91C2-39A92B24A936.jpeg\",\"width\":2592,\"height\":1458,\"caption\":\"eurovision 2020 rtve\"},{\"@type\":\"BreadcrumbList\",\"@id\":\"https:\\\/\\\/www.vivaeurovision.com\\\/index.php\\\/2019\\\/09\\\/18\\\/espana-eurovision-2020\\\/#breadcrumb\",\"itemListElement\":[{\"@type\":\"ListItem\",\"position\":1,\"name\":\"Portada\",\"item\":\"https:\\\/\\\/www.vivaeurovision.com\\\/\"},{\"@type\":\"ListItem\",\"position\":2,\"name\":\"RTVE Apuesta por un artista consagrado para representar a Espa\u00f1a en Eurovision 2020\"}]},{\"@type\":\"WebSite\",\"@id\":\"https:\\\/\\\/www.vivaeurovision.com\\\/#website\",\"url\":\"https:\\\/\\\/www.vivaeurovision.com\\\/\",\"name\":\"VIVAEUROVISION viva eurovision\",\"description\":\"Tu portal sobre el Festival de Eurovision, eurovision, eurovisi\u00f3n\",\"publisher\":{\"@id\":\"https:\\\/\\\/www.vivaeurovision.com\\\/#organization\"},\"potentialAction\":[{\"@type\":\"SearchAction\",\"target\":{\"@type\":\"EntryPoint\",\"urlTemplate\":\"https:\\\/\\\/www.vivaeurovision.com\\\/?s={search_term_string}\"},\"query-input\":{\"@type\":\"PropertyValueSpecification\",\"valueRequired\":true,\"valueName\":\"search_term_string\"}}],\"inLanguage\":\"es\"},{\"@type\":\"Organization\",\"@id\":\"https:\\\/\\\/www.vivaeurovision.com\\\/#organization\",\"name\":\"vivaeurovision\",\"url\":\"https:\\\/\\\/www.vivaeurovision.com\\\/\",\"logo\":{\"@type\":\"ImageObject\",\"inLanguage\":\"es\",\"@id\":\"https:\\\/\\\/www.vivaeurovision.com\\\/#\\\/schema\\\/logo\\\/image\\\/\",\"url\":\"https:\\\/\\\/www.vivaeurovision.com\\\/wp-content\\\/uploads\\\/2016\\\/01\\\/cropped-image-21-1.jpeg\",\"contentUrl\":\"https:\\\/\\\/www.vivaeurovision.com\\\/wp-content\\\/uploads\\\/2016\\\/01\\\/cropped-image-21-1.jpeg\",\"width\":669,\"height\":368,\"caption\":\"vivaeurovision\"},\"image\":{\"@id\":\"https:\\\/\\\/www.vivaeurovision.com\\\/#\\\/schema\\\/logo\\\/image\\\/\"}},{\"@type\":\"Person\",\"@id\":\"https:\\\/\\\/www.vivaeurovision.com\\\/#\\\/schema\\\/person\\\/1d31fdaa3f5f7df556f73d164bd3c47a\",\"name\":\"Pedro Palomo\",\"image\":{\"@type\":\"ImageObject\",\"inLanguage\":\"es\",\"@id\":\"https:\\\/\\\/secure.gravatar.com\\\/avatar\\\/4cf9a4877f5f71f44fb7cedbe1bac1bd28bd8ce7a217517d98d5b2117f9f5505?s=96&d=mm&r=g\",\"url\":\"https:\\\/\\\/secure.gravatar.com\\\/avatar\\\/4cf9a4877f5f71f44fb7cedbe1bac1bd28bd8ce7a217517d98d5b2117f9f5505?s=96&d=mm&r=g\",\"contentUrl\":\"https:\\\/\\\/secure.gravatar.com\\\/avatar\\\/4cf9a4877f5f71f44fb7cedbe1bac1bd28bd8ce7a217517d98d5b2117f9f5505?s=96&d=mm&r=g\",\"caption\":\"Pedro Palomo\"},\"sameAs\":[\"http:\\\/\\\/www.vivaeurovision.com\",\"@pedrobcn\",\"https:\\\/\\\/x.com\\\/@pedropalomobcn\"]}]}<\/script>\n<!-- \/ Yoast SEO plugin. -->","yoast_head_json":{"title":"RTVE Apuesta por un artista consagrado para representar a Espa\u00f1a en Eurovision 2020 - VIVAEUROVISION viva eurovision","description":"eurovision 2020 rtve, eurovision 2020 spain, espa\u00f1a eurovision 2020, eurovision 2020, vivaeurovision, viva eurovision, rtve, RTVE eurovision","robots":{"index":"index","follow":"follow","max-snippet":"max-snippet:-1","max-image-preview":"max-image-preview:large","max-video-preview":"max-video-preview:-1"},"canonical":"https:\/\/www.vivaeurovision.com\/index.php\/2019\/09\/18\/espana-eurovision-2020\/","og_locale":"es_ES","og_type":"article","og_title":"RTVE Apuesta por un artista consagrado para representar a Espa\u00f1a en Eurovision 2020 - VIVAEUROVISION viva eurovision","og_description":"eurovision 2020 rtve, eurovision 2020 spain, espa\u00f1a eurovision 2020, eurovision 2020, vivaeurovision, viva eurovision, rtve, RTVE eurovision","og_url":"https:\/\/www.vivaeurovision.com\/index.php\/2019\/09\/18\/espana-eurovision-2020\/","og_site_name":"VIVAEUROVISION viva eurovision","article_published_time":"2019-09-18T13:23:15+00:00","article_modified_time":"2019-09-18T13:23:17+00:00","og_image":[{"width":2592,"height":1458,"url":"https:\/\/www.vivaeurovision.com\/wp-content\/uploads\/2019\/09\/F3B57FBA-455F-4B0F-91C2-39A92B24A936.jpeg","type":"image\/jpeg"}],"author":"Pedro Palomo","twitter_card":"summary_large_image","twitter_creator":"@pedropalomobcn","twitter_misc":{"Escrito por":"Pedro Palomo","Tiempo de lectura":"1 minuto"},"schema":{"@context":"https:\/\/schema.org","@graph":[{"@type":"Article","@id":"https:\/\/www.vivaeurovision.com\/index.php\/2019\/09\/18\/espana-eurovision-2020\/#article","isPartOf":{"@id":"https:\/\/www.vivaeurovision.com\/index.php\/2019\/09\/18\/espana-eurovision-2020\/"},"author":{"name":"Pedro Palomo","@id":"https:\/\/www.vivaeurovision.com\/#\/schema\/person\/1d31fdaa3f5f7df556f73d164bd3c47a"},"headline":"RTVE Apuesta por un artista consagrado para representar a Espa\u00f1a en Eurovision 2020","datePublished":"2019-09-18T13:23:15+00:00","dateModified":"2019-09-18T13:23:17+00:00","mainEntityOfPage":{"@id":"https:\/\/www.vivaeurovision.com\/index.php\/2019\/09\/18\/espana-eurovision-2020\/"},"wordCount":315,"commentCount":0,"publisher":{"@id":"https:\/\/www.vivaeurovision.com\/#organization"},"image":{"@id":"https:\/\/www.vivaeurovision.com\/index.php\/2019\/09\/18\/espana-eurovision-2020\/#primaryimage"},"thumbnailUrl":"https:\/\/www.vivaeurovision.com\/wp-content\/uploads\/2019\/09\/F3B57FBA-455F-4B0F-91C2-39A92B24A936.jpeg","keywords":["Espa\u00f1a Eurovision","espa\u00f1a eurovision 2020","eurovision 2020","eurovision 2020 rtve","eurovision 2020 spain","eurovision rotterdam","eurovision rotterdam 2020","Pedro Palomo","Pedro Palomo Eurovision","Pedro Palomo Vivaeurovision","rotterdam eurovision 2020","RTVE","Rtve EUROVISION","spain eurovision 2020","THE NETHERLANDS EUROVISION","the netherlands eurovision 2020","viva eurovision","vivaeurovision"],"articleSection":["Espa\u00f1a en Eurovisi\u00f3n","eurovision","eurovision 2020","Inicio","Noticia","Noticias","Rinc\u00f3n VIVALAMUSICA","Ultima Hora"],"inLanguage":"es","potentialAction":[{"@type":"CommentAction","name":"Comment","target":["https:\/\/www.vivaeurovision.com\/index.php\/2019\/09\/18\/espana-eurovision-2020\/#respond"]}]},{"@type":"WebPage","@id":"https:\/\/www.vivaeurovision.com\/index.php\/2019\/09\/18\/espana-eurovision-2020\/","url":"https:\/\/www.vivaeurovision.com\/index.php\/2019\/09\/18\/espana-eurovision-2020\/","name":"RTVE Apuesta por un artista consagrado para representar a Espa\u00f1a en Eurovision 2020 - VIVAEUROVISION viva eurovision","isPartOf":{"@id":"https:\/\/www.vivaeurovision.com\/#website"},"primaryImageOfPage":{"@id":"https:\/\/www.vivaeurovision.com\/index.php\/2019\/09\/18\/espana-eurovision-2020\/#primaryimage"},"image":{"@id":"https:\/\/www.vivaeurovision.com\/index.php\/2019\/09\/18\/espana-eurovision-2020\/#primaryimage"},"thumbnailUrl":"https:\/\/www.vivaeurovision.com\/wp-content\/uploads\/2019\/09\/F3B57FBA-455F-4B0F-91C2-39A92B24A936.jpeg","datePublished":"2019-09-18T13:23:15+00:00","dateModified":"2019-09-18T13:23:17+00:00","description":"eurovision 2020 rtve, eurovision 2020 spain, espa\u00f1a eurovision 2020, eurovision 2020, vivaeurovision, viva eurovision, rtve, RTVE eurovision","breadcrumb":{"@id":"https:\/\/www.vivaeurovision.com\/index.php\/2019\/09\/18\/espana-eurovision-2020\/#breadcrumb"},"inLanguage":"es","potentialAction":[{"@type":"ReadAction","target":["https:\/\/www.vivaeurovision.com\/index.php\/2019\/09\/18\/espana-eurovision-2020\/"]}]},{"@type":"ImageObject","inLanguage":"es","@id":"https:\/\/www.vivaeurovision.com\/index.php\/2019\/09\/18\/espana-eurovision-2020\/#primaryimage","url":"https:\/\/www.vivaeurovision.com\/wp-content\/uploads\/2019\/09\/F3B57FBA-455F-4B0F-91C2-39A92B24A936.jpeg","contentUrl":"https:\/\/www.vivaeurovision.com\/wp-content\/uploads\/2019\/09\/F3B57FBA-455F-4B0F-91C2-39A92B24A936.jpeg","width":2592,"height":1458,"caption":"eurovision 2020 rtve"},{"@type":"BreadcrumbList","@id":"https:\/\/www.vivaeurovision.com\/index.php\/2019\/09\/18\/espana-eurovision-2020\/#breadcrumb","itemListElement":[{"@type":"ListItem","position":1,"name":"Portada","item":"https:\/\/www.vivaeurovision.com\/"},{"@type":"ListItem","position":2,"name":"RTVE Apuesta por un artista consagrado para representar a Espa\u00f1a en Eurovision 2020"}]},{"@type":"WebSite","@id":"https:\/\/www.vivaeurovision.com\/#website","url":"https:\/\/www.vivaeurovision.com\/","name":"VIVAEUROVISION viva eurovision","description":"Tu portal sobre el Festival de Eurovision, eurovision, eurovisi\u00f3n","publisher":{"@id":"https:\/\/www.vivaeurovision.com\/#organization"},"potentialAction":[{"@type":"SearchAction","target":{"@type":"EntryPoint","urlTemplate":"https:\/\/www.vivaeurovision.com\/?s={search_term_string}"},"query-input":{"@type":"PropertyValueSpecification","valueRequired":true,"valueName":"search_term_string"}}],"inLanguage":"es"},{"@type":"Organization","@id":"https:\/\/www.vivaeurovision.com\/#organization","name":"vivaeurovision","url":"https:\/\/www.vivaeurovision.com\/","logo":{"@type":"ImageObject","inLanguage":"es","@id":"https:\/\/www.vivaeurovision.com\/#\/schema\/logo\/image\/","url":"https:\/\/www.vivaeurovision.com\/wp-content\/uploads\/2016\/01\/cropped-image-21-1.jpeg","contentUrl":"https:\/\/www.vivaeurovision.com\/wp-content\/uploads\/2016\/01\/cropped-image-21-1.jpeg","width":669,"height":368,"caption":"vivaeurovision"},"image":{"@id":"https:\/\/www.vivaeurovision.com\/#\/schema\/logo\/image\/"}},{"@type":"Person","@id":"https:\/\/www.vivaeurovision.com\/#\/schema\/person\/1d31fdaa3f5f7df556f73d164bd3c47a","name":"Pedro Palomo","image":{"@type":"ImageObject","inLanguage":"es","@id":"https:\/\/secure.gravatar.com\/avatar\/4cf9a4877f5f71f44fb7cedbe1bac1bd28bd8ce7a217517d98d5b2117f9f5505?s=96&d=mm&r=g","url":"https:\/\/secure.gravatar.com\/avatar\/4cf9a4877f5f71f44fb7cedbe1bac1bd28bd8ce7a217517d98d5b2117f9f5505?s=96&d=mm&r=g","contentUrl":"https:\/\/secure.gravatar.com\/avatar\/4cf9a4877f5f71f44fb7cedbe1bac1bd28bd8ce7a217517d98d5b2117f9f5505?s=96&d=mm&r=g","caption":"Pedro Palomo"},"sameAs":["http:\/\/www.vivaeurovision.com","@pedrobcn","https:\/\/x.com\/@pedropalomobcn"]}]}},"_links":{"self":[{"href":"https:\/\/www.vivaeurovision.com\/index.php\/wp-json\/wp\/v2\/posts\/9979","targetHints":{"allow":["GET"]}}],"collection":[{"href":"https:\/\/www.vivaeurovision.com\/index.php\/wp-json\/wp\/v2\/posts"}],"about":[{"href":"https:\/\/www.vivaeurovision.com\/index.php\/wp-json\/wp\/v2\/types\/post"}],"author":[{"embeddable":true,"href":"https:\/\/www.vivaeurovision.com\/index.php\/wp-json\/wp\/v2\/users\/1"}],"replies":[{"embeddable":true,"href":"https:\/\/www.vivaeurovision.com\/index.php\/wp-json\/wp\/v2\/comments?post=9979"}],"version-history":[{"count":3,"href":"https:\/\/www.vivaeurovision.com\/index.php\/wp-json\/wp\/v2\/posts\/9979\/revisions"}],"predecessor-version":[{"id":10003,"href":"https:\/\/www.vivaeurovision.com\/index.php\/wp-json\/wp\/v2\/posts\/9979\/revisions\/10003"}],"wp:featuredmedia":[{"embeddable":true,"href":"https:\/\/www.vivaeurovision.com\/index.php\/wp-json\/wp\/v2\/media\/10001"}],"wp:attachment":[{"href":"https:\/\/www.vivaeurovision.com\/index.php\/wp-json\/wp\/v2\/media?parent=9979"}],"wp:term":[{"taxonomy":"category","embeddable":true,"href":"https:\/\/www.vivaeurovision.com\/index.php\/wp-json\/wp\/v2\/categories?post=9979"},{"taxonomy":"post_tag","embeddable":true,"href":"https:\/\/www.vivaeurovision.com\/index.php\/wp-json\/wp\/v2\/tags?post=9979"}],"curies":[{"name":"wp","href":"https:\/\/api.w.org\/{rel}","templated":true}]}}